{"id":113923,"date":"2024-01-24T19:00:15","date_gmt":"2024-01-24T22:00:15","guid":{"rendered":"https:\/\/redenoticiaz.com.br\/litoralsp\/?p=113923"},"modified":"2024-01-24T20:07:57","modified_gmt":"2024-01-24T23:07:57","slug":"mega-assalto-tem-17-presos-e-tres-mortos","status":"publish","type":"post","link":"https:\/\/redenoticiaz.com.br\/litoralsp\/2024\/01\/24\/mega-assalto-tem-17-presos-e-tres-mortos","title":{"rendered":"Mega-assalto tem 17 presos e tr\u00eas mortos"},"content":{"rendered":"<p>Tr\u00eas homens morreram baleados e 17 foram presos ontem, durante uma a\u00e7\u00e3o conjunta entre as pol\u00edcias militar e civil na via anchieta.<\/p>\n<p>As equipes de seguran\u00e7a atuaram na recupera\u00e7\u00e3o de um caminh\u00e3o carregado com uma carga de cigarros avaliada em mais de r$ 7 milh\u00f5es.<\/p>\n<p>Ainda de acordo com as informa\u00e7\u00f5es, a PM rodovi\u00e1ria recebeu uma den\u00fancia do sequestro da carga e encontrou o ve\u00edculo na altura do km 47, em cubat\u00e3o.<\/p>\n<p>Sendo assim, ao menos 20 criminosos retiravam as caixas com os produtos. J\u00e1 o motorista do caminh\u00e3o havia sido retirado do ve\u00edculo e colocado em outro, onde foi mantido ref\u00e9m at\u00e9 chegar em itariri e depois liberado.<\/p>\n<p>Por fim, o delegado fabiano barbeiro, da divis\u00e3o especializada de investiga\u00e7\u00f5es criminais (DEIC) de santos, informou que os policiais seguem nas buscas pela quadrilha que levou o motorista at\u00e9 o vale do ribeira.<\/p>\n<p><strong>Leia mais<\/strong><\/p>\n<p><a href=\"https:\/\/redenoticiaz.com.br\/litoralsp\/2024\/01\/24\/video-video-de-ze-paredao-fazendo-sexo-com-atual-de-oh-polemico-vaza-na-web\">V\u00cdDEO \u2013 V\u00eddeo de Z\u00e9 Pared\u00e3o fazendo sexo com atual de \u201cOh Pol\u00eamico\u201d vaza na web<\/a><\/p>\n<p><a href=\"https:\/\/redenoticiaz.com.br\/litoralsp\/2024\/01\/23\/guaruja-faz-acao-para-alertar-turistas-sobre-tempestades-e-raios\">Guaruj\u00e1 faz a\u00e7\u00e3o para alertar turistas sobre tempestades e raios<\/a><\/p>\n","protected":false},"excerpt":{"rendered":"<p>Tr\u00eas homens morreram baleados e 17 foram presos ontem, durante uma a\u00e7\u00e3o conjunta entre as pol\u00edcias militar e civil na via anchieta. As equipes de seguran\u00e7a atuaram na recupera\u00e7\u00e3o de um caminh\u00e3o carregado com uma carga de cigarros avaliada em mais de r$ 7 milh\u00f5es. Ainda de acordo com as informa\u00e7\u00f5es, a PM rodovi\u00e1ria recebeu &hellip;<\/p>\n","protected":false},"author":12,"featured_media":113924,"comment_status":"open","ping_status":"closed","sticky":false,"template":"","format":"standard","meta":{"footnotes":""},"categories":[186,10],"tags":[32721,986,65],"class_list":["post-113923","post","type-post","status-publish","format-standard","has-post-thumbnail","hentry","category-cubatao","category-policia","tag-mega-assalto","tag-santos","tag-sao-paulo"],"yoast_head":"<!-- This site is optimized with the Yoast SEO plugin v27.5 - https:\/\/yoast.com\/product\/yoast-seo-wordpress\/ -->\n<title>Mega-assalto tem 17 presos e tr\u00eas mortos - Litoral SP<\/title>\n<meta name=\"description\" content=\"Tr\u00eas homens morreram baleados e 17 foram presos ontem, durante uma a\u00e7\u00e3o conjunta entre as pol\u00edcias militar e civil na via anchieta.\" \/>\n<meta name=\"robots\" content=\"index, follow, max-snippet:-1, max-image-preview:large, max-video-preview:-1\" \/>\n<link rel=\"canonical\" href=\"https:\/\/redenoticiaz.com.br\/litoralsp\/2024\/01\/24\/mega-assalto-tem-17-presos-e-tres-mortos\" \/>\n<meta property=\"og:locale\" content=\"pt_BR\" \/>\n<meta property=\"og:type\" content=\"article\" \/>\n<meta property=\"og:title\" content=\"Mega-assalto tem 17 presos e tr\u00eas mortos - Litoral SP\" \/>\n<meta property=\"og:description\" content=\"Tr\u00eas homens morreram baleados e 17 foram presos ontem, durante uma a\u00e7\u00e3o conjunta entre as pol\u00edcias militar e civil na via anchieta.\" \/>\n<meta property=\"og:url\" content=\"https:\/\/redenoticiaz.com.br\/litoralsp\/2024\/01\/24\/mega-assalto-tem-17-presos-e-tres-mortos\" \/>\n<meta property=\"og:site_name\" content=\"Litoral SP\" \/>\n<meta property=\"article:published_time\" content=\"2024-01-24T22:00:15+00:00\" \/>\n<meta property=\"article:modified_time\" content=\"2024-01-24T23:07:57+00:00\" \/>\n<meta property=\"og:image\" content=\"https:\/\/redenoticiaz.com.br\/litoralsp\/wp-content\/uploads\/sites\/3\/2024\/01\/ddd.jpg\" \/>\n\t<meta property=\"og:image:width\" content=\"549\" \/>\n\t<meta property=\"og:image:height\" content=\"374\" \/>\n\t<meta property=\"og:image:type\" content=\"image\/jpeg\" \/>\n<meta name=\"author\" content=\"Gustavo Silva\" \/>\n<meta name=\"twitter:card\" content=\"summary_large_image\" \/>\n<meta name=\"twitter:label1\" content=\"Escrito por\" \/>\n\t<meta name=\"twitter:data1\" content=\"Gustavo Silva\" \/>\n\t<meta name=\"twitter:label2\" content=\"Est. tempo de leitura\" \/>\n\t<meta name=\"twitter:data2\" content=\"2 minutos\" \/>\n<script type=\"application\/ld+json\" class=\"yoast-schema-graph\">{\"@context\":\"https:\\\/\\\/schema.org\",\"@graph\":[{\"@type\":\"Article\",\"@id\":\"https:\\\/\\\/redenoticiaz.com.br\\\/litoralsp\\\/2024\\\/01\\\/24\\\/mega-assalto-tem-17-presos-e-tres-mortos#article\",\"isPartOf\":{\"@id\":\"https:\\\/\\\/redenoticiaz.com.br\\\/litoralsp\\\/2024\\\/01\\\/24\\\/mega-assalto-tem-17-presos-e-tres-mortos\"},\"author\":{\"name\":\"Gustavo Silva\",\"@id\":\"https:\\\/\\\/redenoticiaz.com.br\\\/litoralsp\\\/#\\\/schema\\\/person\\\/16057b37a3c0ee6b096d7f887c566e2e\"},\"headline\":\"Mega-assalto tem 17 presos e tr\u00eas mortos\",\"datePublished\":\"2024-01-24T22:00:15+00:00\",\"dateModified\":\"2024-01-24T23:07:57+00:00\",\"mainEntityOfPage\":{\"@id\":\"https:\\\/\\\/redenoticiaz.com.br\\\/litoralsp\\\/2024\\\/01\\\/24\\\/mega-assalto-tem-17-presos-e-tres-mortos\"},\"wordCount\":194,\"commentCount\":0,\"publisher\":{\"@id\":\"https:\\\/\\\/redenoticiaz.com.br\\\/litoralsp\\\/#organization\"},\"image\":{\"@id\":\"https:\\\/\\\/redenoticiaz.com.br\\\/litoralsp\\\/2024\\\/01\\\/24\\\/mega-assalto-tem-17-presos-e-tres-mortos#primaryimage\"},\"thumbnailUrl\":\"https:\\\/\\\/redenoticiaz.com.br\\\/litoralsp\\\/wp-content\\\/uploads\\\/sites\\\/3\\\/2024\\\/01\\\/ddd.jpg\",\"keywords\":[\"MEGA-ASSALTO\",\"Santos\",\"S\u00e3o Paulo\"],\"articleSection\":[\"Cubat\u00e3o\",\"Pol\u00edcia\"],\"inLanguage\":\"pt-BR\",\"potentialAction\":[{\"@type\":\"CommentAction\",\"name\":\"Comment\",\"target\":[\"https:\\\/\\\/redenoticiaz.com.br\\\/litoralsp\\\/2024\\\/01\\\/24\\\/mega-assalto-tem-17-presos-e-tres-mortos#respond\"]}]},{\"@type\":\"WebPage\",\"@id\":\"https:\\\/\\\/redenoticiaz.com.br\\\/litoralsp\\\/2024\\\/01\\\/24\\\/mega-assalto-tem-17-presos-e-tres-mortos\",\"url\":\"https:\\\/\\\/redenoticiaz.com.br\\\/litoralsp\\\/2024\\\/01\\\/24\\\/mega-assalto-tem-17-presos-e-tres-mortos\",\"name\":\"Mega-assalto tem 17 presos e tr\u00eas mortos - Litoral SP\",\"isPartOf\":{\"@id\":\"https:\\\/\\\/redenoticiaz.com.br\\\/litoralsp\\\/#website\"},\"primaryImageOfPage\":{\"@id\":\"https:\\\/\\\/redenoticiaz.com.br\\\/litoralsp\\\/2024\\\/01\\\/24\\\/mega-assalto-tem-17-presos-e-tres-mortos#primaryimage\"},\"image\":{\"@id\":\"https:\\\/\\\/redenoticiaz.com.br\\\/litoralsp\\\/2024\\\/01\\\/24\\\/mega-assalto-tem-17-presos-e-tres-mortos#primaryimage\"},\"thumbnailUrl\":\"https:\\\/\\\/redenoticiaz.com.br\\\/litoralsp\\\/wp-content\\\/uploads\\\/sites\\\/3\\\/2024\\\/01\\\/ddd.jpg\",\"datePublished\":\"2024-01-24T22:00:15+00:00\",\"dateModified\":\"2024-01-24T23:07:57+00:00\",\"description\":\"Tr\u00eas homens morreram baleados e 17 foram presos ontem, durante uma a\u00e7\u00e3o conjunta entre as pol\u00edcias militar e civil na via anchieta.\",\"inLanguage\":\"pt-BR\",\"potentialAction\":[{\"@type\":\"ReadAction\",\"target\":[\"https:\\\/\\\/redenoticiaz.com.br\\\/litoralsp\\\/2024\\\/01\\\/24\\\/mega-assalto-tem-17-presos-e-tres-mortos\"]}]},{\"@type\":\"ImageObject\",\"inLanguage\":\"pt-BR\",\"@id\":\"https:\\\/\\\/redenoticiaz.com.br\\\/litoralsp\\\/2024\\\/01\\\/24\\\/mega-assalto-tem-17-presos-e-tres-mortos#primaryimage\",\"url\":\"https:\\\/\\\/redenoticiaz.com.br\\\/litoralsp\\\/wp-content\\\/uploads\\\/sites\\\/3\\\/2024\\\/01\\\/ddd.jpg\",\"contentUrl\":\"https:\\\/\\\/redenoticiaz.com.br\\\/litoralsp\\\/wp-content\\\/uploads\\\/sites\\\/3\\\/2024\\\/01\\\/ddd.jpg\",\"width\":549,\"height\":374},{\"@type\":\"WebSite\",\"@id\":\"https:\\\/\\\/redenoticiaz.com.br\\\/litoralsp\\\/#website\",\"url\":\"https:\\\/\\\/redenoticiaz.com.br\\\/litoralsp\\\/\",\"name\":\"Litoral SP\",\"description\":\"Rede NoticiaZ\",\"publisher\":{\"@id\":\"https:\\\/\\\/redenoticiaz.com.br\\\/litoralsp\\\/#organization\"},\"potentialAction\":[{\"@type\":\"SearchAction\",\"target\":{\"@type\":\"EntryPoint\",\"urlTemplate\":\"https:\\\/\\\/redenoticiaz.com.br\\\/litoralsp\\\/?s={search_term_string}\"},\"query-input\":{\"@type\":\"PropertyValueSpecification\",\"valueRequired\":true,\"valueName\":\"search_term_string\"}}],\"inLanguage\":\"pt-BR\"},{\"@type\":\"Organization\",\"@id\":\"https:\\\/\\\/redenoticiaz.com.br\\\/litoralsp\\\/#organization\",\"name\":\"Litoral SP\",\"url\":\"https:\\\/\\\/redenoticiaz.com.br\\\/litoralsp\\\/\",\"logo\":{\"@type\":\"ImageObject\",\"inLanguage\":\"pt-BR\",\"@id\":\"https:\\\/\\\/redenoticiaz.com.br\\\/litoralsp\\\/#\\\/schema\\\/logo\\\/image\\\/\",\"url\":\"https:\\\/\\\/redenoticiaz.com.br\\\/litoralsp\\\/wp-content\\\/uploads\\\/sites\\\/3\\\/2020\\\/11\\\/logo.jpg\",\"contentUrl\":\"https:\\\/\\\/redenoticiaz.com.br\\\/litoralsp\\\/wp-content\\\/uploads\\\/sites\\\/3\\\/2020\\\/11\\\/logo.jpg\",\"width\":400,\"height\":250,\"caption\":\"Litoral SP\"},\"image\":{\"@id\":\"https:\\\/\\\/redenoticiaz.com.br\\\/litoralsp\\\/#\\\/schema\\\/logo\\\/image\\\/\"}},{\"@type\":\"Person\",\"@id\":\"https:\\\/\\\/redenoticiaz.com.br\\\/litoralsp\\\/#\\\/schema\\\/person\\\/16057b37a3c0ee6b096d7f887c566e2e\",\"name\":\"Gustavo Silva\",\"image\":{\"@type\":\"ImageObject\",\"inLanguage\":\"pt-BR\",\"@id\":\"https:\\\/\\\/secure.gravatar.com\\\/avatar\\\/3ee4e82f93b26de0a7cf4ea5eb7893da637ed6bb0c9170c58065944c56e28a33?s=96&d=mm&r=g\",\"url\":\"https:\\\/\\\/secure.gravatar.com\\\/avatar\\\/3ee4e82f93b26de0a7cf4ea5eb7893da637ed6bb0c9170c58065944c56e28a33?s=96&d=mm&r=g\",\"contentUrl\":\"https:\\\/\\\/secure.gravatar.com\\\/avatar\\\/3ee4e82f93b26de0a7cf4ea5eb7893da637ed6bb0c9170c58065944c56e28a33?s=96&d=mm&r=g\",\"caption\":\"Gustavo Silva\"},\"url\":\"https:\\\/\\\/redenoticiaz.com.br\\\/litoralsp\\\/author\\\/gustavosilva\"}]}<\/script>\n<!-- \/ Yoast SEO plugin. -->","yoast_head_json":{"title":"Mega-assalto tem 17 presos e tr\u00eas mortos - Litoral SP","description":"Tr\u00eas homens morreram baleados e 17 foram presos ontem, durante uma a\u00e7\u00e3o conjunta entre as pol\u00edcias militar e civil na via anchieta.","robots":{"index":"index","follow":"follow","max-snippet":"max-snippet:-1","max-image-preview":"max-image-preview:large","max-video-preview":"max-video-preview:-1"},"canonical":"https:\/\/redenoticiaz.com.br\/litoralsp\/2024\/01\/24\/mega-assalto-tem-17-presos-e-tres-mortos","og_locale":"pt_BR","og_type":"article","og_title":"Mega-assalto tem 17 presos e tr\u00eas mortos - Litoral SP","og_description":"Tr\u00eas homens morreram baleados e 17 foram presos ontem, durante uma a\u00e7\u00e3o conjunta entre as pol\u00edcias militar e civil na via anchieta.","og_url":"https:\/\/redenoticiaz.com.br\/litoralsp\/2024\/01\/24\/mega-assalto-tem-17-presos-e-tres-mortos","og_site_name":"Litoral SP","article_published_time":"2024-01-24T22:00:15+00:00","article_modified_time":"2024-01-24T23:07:57+00:00","og_image":[{"width":549,"height":374,"url":"https:\/\/redenoticiaz.com.br\/litoralsp\/wp-content\/uploads\/sites\/3\/2024\/01\/ddd.jpg","type":"image\/jpeg"}],"author":"Gustavo Silva","twitter_card":"summary_large_image","twitter_misc":{"Escrito por":"Gustavo Silva","Est. tempo de leitura":"2 minutos"},"schema":{"@context":"https:\/\/schema.org","@graph":[{"@type":"Article","@id":"https:\/\/redenoticiaz.com.br\/litoralsp\/2024\/01\/24\/mega-assalto-tem-17-presos-e-tres-mortos#article","isPartOf":{"@id":"https:\/\/redenoticiaz.com.br\/litoralsp\/2024\/01\/24\/mega-assalto-tem-17-presos-e-tres-mortos"},"author":{"name":"Gustavo Silva","@id":"https:\/\/redenoticiaz.com.br\/litoralsp\/#\/schema\/person\/16057b37a3c0ee6b096d7f887c566e2e"},"headline":"Mega-assalto tem 17 presos e tr\u00eas mortos","datePublished":"2024-01-24T22:00:15+00:00","dateModified":"2024-01-24T23:07:57+00:00","mainEntityOfPage":{"@id":"https:\/\/redenoticiaz.com.br\/litoralsp\/2024\/01\/24\/mega-assalto-tem-17-presos-e-tres-mortos"},"wordCount":194,"commentCount":0,"publisher":{"@id":"https:\/\/redenoticiaz.com.br\/litoralsp\/#organization"},"image":{"@id":"https:\/\/redenoticiaz.com.br\/litoralsp\/2024\/01\/24\/mega-assalto-tem-17-presos-e-tres-mortos#primaryimage"},"thumbnailUrl":"https:\/\/redenoticiaz.com.br\/litoralsp\/wp-content\/uploads\/sites\/3\/2024\/01\/ddd.jpg","keywords":["MEGA-ASSALTO","Santos","S\u00e3o Paulo"],"articleSection":["Cubat\u00e3o","Pol\u00edcia"],"inLanguage":"pt-BR","potentialAction":[{"@type":"CommentAction","name":"Comment","target":["https:\/\/redenoticiaz.com.br\/litoralsp\/2024\/01\/24\/mega-assalto-tem-17-presos-e-tres-mortos#respond"]}]},{"@type":"WebPage","@id":"https:\/\/redenoticiaz.com.br\/litoralsp\/2024\/01\/24\/mega-assalto-tem-17-presos-e-tres-mortos","url":"https:\/\/redenoticiaz.com.br\/litoralsp\/2024\/01\/24\/mega-assalto-tem-17-presos-e-tres-mortos","name":"Mega-assalto tem 17 presos e tr\u00eas mortos - Litoral SP","isPartOf":{"@id":"https:\/\/redenoticiaz.com.br\/litoralsp\/#website"},"primaryImageOfPage":{"@id":"https:\/\/redenoticiaz.com.br\/litoralsp\/2024\/01\/24\/mega-assalto-tem-17-presos-e-tres-mortos#primaryimage"},"image":{"@id":"https:\/\/redenoticiaz.com.br\/litoralsp\/2024\/01\/24\/mega-assalto-tem-17-presos-e-tres-mortos#primaryimage"},"thumbnailUrl":"https:\/\/redenoticiaz.com.br\/litoralsp\/wp-content\/uploads\/sites\/3\/2024\/01\/ddd.jpg","datePublished":"2024-01-24T22:00:15+00:00","dateModified":"2024-01-24T23:07:57+00:00","description":"Tr\u00eas homens morreram baleados e 17 foram presos ontem, durante uma a\u00e7\u00e3o conjunta entre as pol\u00edcias militar e civil na via anchieta.","inLanguage":"pt-BR","potentialAction":[{"@type":"ReadAction","target":["https:\/\/redenoticiaz.com.br\/litoralsp\/2024\/01\/24\/mega-assalto-tem-17-presos-e-tres-mortos"]}]},{"@type":"ImageObject","inLanguage":"pt-BR","@id":"https:\/\/redenoticiaz.com.br\/litoralsp\/2024\/01\/24\/mega-assalto-tem-17-presos-e-tres-mortos#primaryimage","url":"https:\/\/redenoticiaz.com.br\/litoralsp\/wp-content\/uploads\/sites\/3\/2024\/01\/ddd.jpg","contentUrl":"https:\/\/redenoticiaz.com.br\/litoralsp\/wp-content\/uploads\/sites\/3\/2024\/01\/ddd.jpg","width":549,"height":374},{"@type":"WebSite","@id":"https:\/\/redenoticiaz.com.br\/litoralsp\/#website","url":"https:\/\/redenoticiaz.com.br\/litoralsp\/","name":"Litoral SP","description":"Rede NoticiaZ","publisher":{"@id":"https:\/\/redenoticiaz.com.br\/litoralsp\/#organization"},"potentialAction":[{"@type":"SearchAction","target":{"@type":"EntryPoint","urlTemplate":"https:\/\/redenoticiaz.com.br\/litoralsp\/?s={search_term_string}"},"query-input":{"@type":"PropertyValueSpecification","valueRequired":true,"valueName":"search_term_string"}}],"inLanguage":"pt-BR"},{"@type":"Organization","@id":"https:\/\/redenoticiaz.com.br\/litoralsp\/#organization","name":"Litoral SP","url":"https:\/\/redenoticiaz.com.br\/litoralsp\/","logo":{"@type":"ImageObject","inLanguage":"pt-BR","@id":"https:\/\/redenoticiaz.com.br\/litoralsp\/#\/schema\/logo\/image\/","url":"https:\/\/redenoticiaz.com.br\/litoralsp\/wp-content\/uploads\/sites\/3\/2020\/11\/logo.jpg","contentUrl":"https:\/\/redenoticiaz.com.br\/litoralsp\/wp-content\/uploads\/sites\/3\/2020\/11\/logo.jpg","width":400,"height":250,"caption":"Litoral SP"},"image":{"@id":"https:\/\/redenoticiaz.com.br\/litoralsp\/#\/schema\/logo\/image\/"}},{"@type":"Person","@id":"https:\/\/redenoticiaz.com.br\/litoralsp\/#\/schema\/person\/16057b37a3c0ee6b096d7f887c566e2e","name":"Gustavo Silva","image":{"@type":"ImageObject","inLanguage":"pt-BR","@id":"https:\/\/secure.gravatar.com\/avatar\/3ee4e82f93b26de0a7cf4ea5eb7893da637ed6bb0c9170c58065944c56e28a33?s=96&d=mm&r=g","url":"https:\/\/secure.gravatar.com\/avatar\/3ee4e82f93b26de0a7cf4ea5eb7893da637ed6bb0c9170c58065944c56e28a33?s=96&d=mm&r=g","contentUrl":"https:\/\/secure.gravatar.com\/avatar\/3ee4e82f93b26de0a7cf4ea5eb7893da637ed6bb0c9170c58065944c56e28a33?s=96&d=mm&r=g","caption":"Gustavo Silva"},"url":"https:\/\/redenoticiaz.com.br\/litoralsp\/author\/gustavosilva"}]}},"_links":{"self":[{"href":"https:\/\/redenoticiaz.com.br\/litoralsp\/wp-json\/wp\/v2\/posts\/113923","targetHints":{"allow":["GET"]}}],"collection":[{"href":"https:\/\/redenoticiaz.com.br\/litoralsp\/wp-json\/wp\/v2\/posts"}],"about":[{"href":"https:\/\/redenoticiaz.com.br\/litoralsp\/wp-json\/wp\/v2\/types\/post"}],"author":[{"embeddable":true,"href":"https:\/\/redenoticiaz.com.br\/litoralsp\/wp-json\/wp\/v2\/users\/12"}],"replies":[{"embeddable":true,"href":"https:\/\/redenoticiaz.com.br\/litoralsp\/wp-json\/wp\/v2\/comments?post=113923"}],"version-history":[{"count":1,"href":"https:\/\/redenoticiaz.com.br\/litoralsp\/wp-json\/wp\/v2\/posts\/113923\/revisions"}],"predecessor-version":[{"id":113925,"href":"https:\/\/redenoticiaz.com.br\/litoralsp\/wp-json\/wp\/v2\/posts\/113923\/revisions\/113925"}],"wp:featuredmedia":[{"embeddable":true,"href":"https:\/\/redenoticiaz.com.br\/litoralsp\/wp-json\/wp\/v2\/media\/113924"}],"wp:attachment":[{"href":"https:\/\/redenoticiaz.com.br\/litoralsp\/wp-json\/wp\/v2\/media?parent=113923"}],"wp:term":[{"taxonomy":"category","embeddable":true,"href":"https:\/\/redenoticiaz.com.br\/litoralsp\/wp-json\/wp\/v2\/categories?post=113923"},{"taxonomy":"post_tag","embeddable":true,"href":"https:\/\/redenoticiaz.com.br\/litoralsp\/wp-json\/wp\/v2\/tags?post=113923"}],"curies":[{"name":"wp","href":"https:\/\/api.w.org\/{rel}","templated":true}]}}