{"id":113941,"date":"2024-01-25T12:09:08","date_gmt":"2024-01-25T15:09:08","guid":{"rendered":"https:\/\/redenoticiaz.com.br\/litoralsp\/2024\/01\/25\/video-aviao-cai-apos-forte-chuva"},"modified":"2024-01-25T12:09:44","modified_gmt":"2024-01-25T15:09:44","slug":"video-aviao-cai-apos-forte-chuva","status":"publish","type":"post","link":"https:\/\/redenoticiaz.com.br\/litoralsp\/2024\/01\/25\/video-aviao-cai-apos-forte-chuva","title":{"rendered":"V\u00cdDEO \u2013 Avi\u00e3o cai ap\u00f3s forte chuva"},"content":{"rendered":"<p>Um avi\u00e3o de pequeno porte caiu ap\u00f3s forte chuva no bairro Pedreira, em Rio Grande da Serra informou o Corpo de Bombeiros.<\/p>\n<p>De acordo com as informa\u00e7\u00f5es, viaturas foram encaminhadas at\u00e9 o local e equipes da Defesa Civil tamb\u00e9m trbalham no local.<\/p>\n\n<p>Ainda de acordo com as informa\u00e7\u00f5es, a Prefeitura de Ribeir\u00e3o Pires informou por nota que equipes de seguran\u00e7a do munic\u00edpio, Corpo de Bombeiros, SAMU e PM est\u00e3o mobilizados no local para o atendimento da ocorr\u00eancia.<\/p>\n<p><strong>Leia mais<\/strong><\/p>\n<p><a href=\"https:\/\/redenoticiaz.com.br\/blog\/2024\/01\/24\/video-video-de-ze-paredao-fazendo-sexo-com-atual-de-oh-polemico-vaza-na-web\">V\u00cdDEO \u2013 V\u00eddeo de Z\u00e9 Pared\u00e3o fazendo sexo com atual de \u201cOh Pol\u00eamico\u201d vaza na web<\/a><\/p>\n<p><a href=\"https:\/\/redenoticiaz.com.br\/blog\/2024\/01\/23\/video-piso-cede-durante-entrevista-do-governador-tarcisio-de-freitas\">V\u00cdDEO \u2013 Piso cede durante entrevista do governador Tarc\u00edsio de Freitas<\/a><\/p>\n","protected":false},"excerpt":{"rendered":"<p>Um avi\u00e3o de pequeno porte caiu ap\u00f3s forte chuva no bairro Pedreira, em Rio Grande da Serra informou o Corpo de Bombeiros. De acordo com as informa\u00e7\u00f5es, viaturas foram encaminhadas at\u00e9 o local e equipes da Defesa Civil tamb\u00e9m trbalham no local. Ainda de acordo com as informa\u00e7\u00f5es, a Prefeitura de Ribeir\u00e3o Pires informou por &hellip;<\/p>\n","protected":false},"author":12,"featured_media":113943,"comment_status":"open","ping_status":"closed","sticky":false,"template":"","format":"standard","meta":{"footnotes":""},"categories":[10],"tags":[8488,8510],"class_list":["post-113941","post","type-post","status-publish","format-standard","has-post-thumbnail","hentry","category-policia","tag-aviao","tag-chuva"],"yoast_head":"<!-- This site is optimized with the Yoast SEO plugin v27.4 - https:\/\/yoast.com\/product\/yoast-seo-wordpress\/ -->\n<title>V\u00cdDEO \u2013 Avi\u00e3o cai ap\u00f3s forte chuva - Litoral SP<\/title>\n<meta name=\"description\" content=\"Um avi\u00e3o de pequeno porte caiu ap\u00f3s forte chuva no bairro Pedreira, em Rio Grande da Serra informou o Corpo de Bombeiros.\" \/>\n<meta name=\"robots\" content=\"index, follow, max-snippet:-1, max-image-preview:large, max-video-preview:-1\" \/>\n<link rel=\"canonical\" href=\"https:\/\/redenoticiaz.com.br\/litoralsp\/2024\/01\/25\/video-aviao-cai-apos-forte-chuva\" \/>\n<meta property=\"og:locale\" content=\"pt_BR\" \/>\n<meta property=\"og:type\" content=\"article\" \/>\n<meta property=\"og:title\" content=\"V\u00cdDEO \u2013 Avi\u00e3o cai ap\u00f3s forte chuva - Litoral SP\" \/>\n<meta property=\"og:description\" content=\"Um avi\u00e3o de pequeno porte caiu ap\u00f3s forte chuva no bairro Pedreira, em Rio Grande da Serra informou o Corpo de Bombeiros.\" \/>\n<meta property=\"og:url\" content=\"https:\/\/redenoticiaz.com.br\/litoralsp\/2024\/01\/25\/video-aviao-cai-apos-forte-chuva\" \/>\n<meta property=\"og:site_name\" content=\"Litoral SP\" \/>\n<meta property=\"article:published_time\" content=\"2024-01-25T15:09:08+00:00\" \/>\n<meta property=\"article:modified_time\" content=\"2024-01-25T15:09:44+00:00\" \/>\n<meta property=\"og:image\" content=\"https:\/\/redenoticiaz.com.br\/litoralsp\/wp-content\/uploads\/sites\/3\/2024\/01\/0f3d8775-5b39-4c89-8662-6958b959e1f5.jpeg?v=1706194987\" \/>\n\t<meta property=\"og:image:width\" content=\"608\" \/>\n\t<meta property=\"og:image:height\" content=\"1080\" \/>\n\t<meta property=\"og:image:type\" content=\"image\/jpeg\" \/>\n<meta name=\"author\" content=\"Gustavo Silva\" \/>\n<meta name=\"twitter:card\" content=\"summary_large_image\" \/>\n<meta name=\"twitter:label1\" content=\"Escrito por\" \/>\n\t<meta name=\"twitter:data1\" content=\"Gustavo Silva\" \/>\n\t<meta name=\"twitter:label2\" content=\"Est. tempo de leitura\" \/>\n\t<meta name=\"twitter:data2\" content=\"1 minuto\" \/>\n<script type=\"application\/ld+json\" class=\"yoast-schema-graph\">{\"@context\":\"https:\\\/\\\/schema.org\",\"@graph\":[{\"@type\":\"Article\",\"@id\":\"https:\\\/\\\/redenoticiaz.com.br\\\/litoralsp\\\/2024\\\/01\\\/25\\\/video-aviao-cai-apos-forte-chuva#article\",\"isPartOf\":{\"@id\":\"https:\\\/\\\/redenoticiaz.com.br\\\/litoralsp\\\/2024\\\/01\\\/25\\\/video-aviao-cai-apos-forte-chuva\"},\"author\":{\"name\":\"Gustavo Silva\",\"@id\":\"https:\\\/\\\/redenoticiaz.com.br\\\/litoralsp\\\/#\\\/schema\\\/person\\\/16057b37a3c0ee6b096d7f887c566e2e\"},\"headline\":\"V\u00cdDEO \u2013 Avi\u00e3o cai ap\u00f3s forte chuva\",\"datePublished\":\"2024-01-25T15:09:08+00:00\",\"dateModified\":\"2024-01-25T15:09:44+00:00\",\"mainEntityOfPage\":{\"@id\":\"https:\\\/\\\/redenoticiaz.com.br\\\/litoralsp\\\/2024\\\/01\\\/25\\\/video-aviao-cai-apos-forte-chuva\"},\"wordCount\":133,\"commentCount\":0,\"publisher\":{\"@id\":\"https:\\\/\\\/redenoticiaz.com.br\\\/litoralsp\\\/#organization\"},\"image\":{\"@id\":\"https:\\\/\\\/redenoticiaz.com.br\\\/litoralsp\\\/2024\\\/01\\\/25\\\/video-aviao-cai-apos-forte-chuva#primaryimage\"},\"thumbnailUrl\":\"https:\\\/\\\/redenoticiaz.com.br\\\/litoralsp\\\/wp-content\\\/uploads\\\/sites\\\/3\\\/2024\\\/01\\\/0f3d8775-5b39-4c89-8662-6958b959e1f5.jpeg?v=1706194987\",\"keywords\":[\"AVI\u00c3O\",\"CHUVA\"],\"articleSection\":[\"Pol\u00edcia\"],\"inLanguage\":\"pt-BR\",\"potentialAction\":[{\"@type\":\"CommentAction\",\"name\":\"Comment\",\"target\":[\"https:\\\/\\\/redenoticiaz.com.br\\\/litoralsp\\\/2024\\\/01\\\/25\\\/video-aviao-cai-apos-forte-chuva#respond\"]}]},{\"@type\":\"WebPage\",\"@id\":\"https:\\\/\\\/redenoticiaz.com.br\\\/litoralsp\\\/2024\\\/01\\\/25\\\/video-aviao-cai-apos-forte-chuva\",\"url\":\"https:\\\/\\\/redenoticiaz.com.br\\\/litoralsp\\\/2024\\\/01\\\/25\\\/video-aviao-cai-apos-forte-chuva\",\"name\":\"V\u00cdDEO \u2013 Avi\u00e3o cai ap\u00f3s forte chuva - Litoral SP\",\"isPartOf\":{\"@id\":\"https:\\\/\\\/redenoticiaz.com.br\\\/litoralsp\\\/#website\"},\"primaryImageOfPage\":{\"@id\":\"https:\\\/\\\/redenoticiaz.com.br\\\/litoralsp\\\/2024\\\/01\\\/25\\\/video-aviao-cai-apos-forte-chuva#primaryimage\"},\"image\":{\"@id\":\"https:\\\/\\\/redenoticiaz.com.br\\\/litoralsp\\\/2024\\\/01\\\/25\\\/video-aviao-cai-apos-forte-chuva#primaryimage\"},\"thumbnailUrl\":\"https:\\\/\\\/redenoticiaz.com.br\\\/litoralsp\\\/wp-content\\\/uploads\\\/sites\\\/3\\\/2024\\\/01\\\/0f3d8775-5b39-4c89-8662-6958b959e1f5.jpeg?v=1706194987\",\"datePublished\":\"2024-01-25T15:09:08+00:00\",\"dateModified\":\"2024-01-25T15:09:44+00:00\",\"description\":\"Um avi\u00e3o de pequeno porte caiu ap\u00f3s forte chuva no bairro Pedreira, em Rio Grande da Serra informou o Corpo de Bombeiros.\",\"inLanguage\":\"pt-BR\",\"potentialAction\":[{\"@type\":\"ReadAction\",\"target\":[\"https:\\\/\\\/redenoticiaz.com.br\\\/litoralsp\\\/2024\\\/01\\\/25\\\/video-aviao-cai-apos-forte-chuva\"]}]},{\"@type\":\"ImageObject\",\"inLanguage\":\"pt-BR\",\"@id\":\"https:\\\/\\\/redenoticiaz.com.br\\\/litoralsp\\\/2024\\\/01\\\/25\\\/video-aviao-cai-apos-forte-chuva#primaryimage\",\"url\":\"https:\\\/\\\/redenoticiaz.com.br\\\/litoralsp\\\/wp-content\\\/uploads\\\/sites\\\/3\\\/2024\\\/01\\\/0f3d8775-5b39-4c89-8662-6958b959e1f5.jpeg?v=1706194987\",\"contentUrl\":\"https:\\\/\\\/redenoticiaz.com.br\\\/litoralsp\\\/wp-content\\\/uploads\\\/sites\\\/3\\\/2024\\\/01\\\/0f3d8775-5b39-4c89-8662-6958b959e1f5.jpeg?v=1706194987\",\"width\":608,\"height\":1080},{\"@type\":\"WebSite\",\"@id\":\"https:\\\/\\\/redenoticiaz.com.br\\\/litoralsp\\\/#website\",\"url\":\"https:\\\/\\\/redenoticiaz.com.br\\\/litoralsp\\\/\",\"name\":\"Litoral SP\",\"description\":\"Rede NoticiaZ\",\"publisher\":{\"@id\":\"https:\\\/\\\/redenoticiaz.com.br\\\/litoralsp\\\/#organization\"},\"potentialAction\":[{\"@type\":\"SearchAction\",\"target\":{\"@type\":\"EntryPoint\",\"urlTemplate\":\"https:\\\/\\\/redenoticiaz.com.br\\\/litoralsp\\\/?s={search_term_string}\"},\"query-input\":{\"@type\":\"PropertyValueSpecification\",\"valueRequired\":true,\"valueName\":\"search_term_string\"}}],\"inLanguage\":\"pt-BR\"},{\"@type\":\"Organization\",\"@id\":\"https:\\\/\\\/redenoticiaz.com.br\\\/litoralsp\\\/#organization\",\"name\":\"Litoral SP\",\"url\":\"https:\\\/\\\/redenoticiaz.com.br\\\/litoralsp\\\/\",\"logo\":{\"@type\":\"ImageObject\",\"inLanguage\":\"pt-BR\",\"@id\":\"https:\\\/\\\/redenoticiaz.com.br\\\/litoralsp\\\/#\\\/schema\\\/logo\\\/image\\\/\",\"url\":\"https:\\\/\\\/redenoticiaz.com.br\\\/litoralsp\\\/wp-content\\\/uploads\\\/sites\\\/3\\\/2020\\\/11\\\/logo.jpg\",\"contentUrl\":\"https:\\\/\\\/redenoticiaz.com.br\\\/litoralsp\\\/wp-content\\\/uploads\\\/sites\\\/3\\\/2020\\\/11\\\/logo.jpg\",\"width\":400,\"height\":250,\"caption\":\"Litoral SP\"},\"image\":{\"@id\":\"https:\\\/\\\/redenoticiaz.com.br\\\/litoralsp\\\/#\\\/schema\\\/logo\\\/image\\\/\"}},{\"@type\":\"Person\",\"@id\":\"https:\\\/\\\/redenoticiaz.com.br\\\/litoralsp\\\/#\\\/schema\\\/person\\\/16057b37a3c0ee6b096d7f887c566e2e\",\"name\":\"Gustavo Silva\",\"image\":{\"@type\":\"ImageObject\",\"inLanguage\":\"pt-BR\",\"@id\":\"https:\\\/\\\/secure.gravatar.com\\\/avatar\\\/3ee4e82f93b26de0a7cf4ea5eb7893da637ed6bb0c9170c58065944c56e28a33?s=96&d=mm&r=g\",\"url\":\"https:\\\/\\\/secure.gravatar.com\\\/avatar\\\/3ee4e82f93b26de0a7cf4ea5eb7893da637ed6bb0c9170c58065944c56e28a33?s=96&d=mm&r=g\",\"contentUrl\":\"https:\\\/\\\/secure.gravatar.com\\\/avatar\\\/3ee4e82f93b26de0a7cf4ea5eb7893da637ed6bb0c9170c58065944c56e28a33?s=96&d=mm&r=g\",\"caption\":\"Gustavo Silva\"},\"url\":\"https:\\\/\\\/redenoticiaz.com.br\\\/litoralsp\\\/author\\\/gustavosilva\"}]}<\/script>\n<!-- \/ Yoast SEO plugin. -->","yoast_head_json":{"title":"V\u00cdDEO \u2013 Avi\u00e3o cai ap\u00f3s forte chuva - Litoral SP","description":"Um avi\u00e3o de pequeno porte caiu ap\u00f3s forte chuva no bairro Pedreira, em Rio Grande da Serra informou o Corpo de Bombeiros.","robots":{"index":"index","follow":"follow","max-snippet":"max-snippet:-1","max-image-preview":"max-image-preview:large","max-video-preview":"max-video-preview:-1"},"canonical":"https:\/\/redenoticiaz.com.br\/litoralsp\/2024\/01\/25\/video-aviao-cai-apos-forte-chuva","og_locale":"pt_BR","og_type":"article","og_title":"V\u00cdDEO \u2013 Avi\u00e3o cai ap\u00f3s forte chuva - Litoral SP","og_description":"Um avi\u00e3o de pequeno porte caiu ap\u00f3s forte chuva no bairro Pedreira, em Rio Grande da Serra informou o Corpo de Bombeiros.","og_url":"https:\/\/redenoticiaz.com.br\/litoralsp\/2024\/01\/25\/video-aviao-cai-apos-forte-chuva","og_site_name":"Litoral SP","article_published_time":"2024-01-25T15:09:08+00:00","article_modified_time":"2024-01-25T15:09:44+00:00","og_image":[{"width":608,"height":1080,"url":"https:\/\/redenoticiaz.com.br\/litoralsp\/wp-content\/uploads\/sites\/3\/2024\/01\/0f3d8775-5b39-4c89-8662-6958b959e1f5.jpeg?v=1706194987","type":"image\/jpeg"}],"author":"Gustavo Silva","twitter_card":"summary_large_image","twitter_misc":{"Escrito por":"Gustavo Silva","Est. tempo de leitura":"1 minuto"},"schema":{"@context":"https:\/\/schema.org","@graph":[{"@type":"Article","@id":"https:\/\/redenoticiaz.com.br\/litoralsp\/2024\/01\/25\/video-aviao-cai-apos-forte-chuva#article","isPartOf":{"@id":"https:\/\/redenoticiaz.com.br\/litoralsp\/2024\/01\/25\/video-aviao-cai-apos-forte-chuva"},"author":{"name":"Gustavo Silva","@id":"https:\/\/redenoticiaz.com.br\/litoralsp\/#\/schema\/person\/16057b37a3c0ee6b096d7f887c566e2e"},"headline":"V\u00cdDEO \u2013 Avi\u00e3o cai ap\u00f3s forte chuva","datePublished":"2024-01-25T15:09:08+00:00","dateModified":"2024-01-25T15:09:44+00:00","mainEntityOfPage":{"@id":"https:\/\/redenoticiaz.com.br\/litoralsp\/2024\/01\/25\/video-aviao-cai-apos-forte-chuva"},"wordCount":133,"commentCount":0,"publisher":{"@id":"https:\/\/redenoticiaz.com.br\/litoralsp\/#organization"},"image":{"@id":"https:\/\/redenoticiaz.com.br\/litoralsp\/2024\/01\/25\/video-aviao-cai-apos-forte-chuva#primaryimage"},"thumbnailUrl":"https:\/\/redenoticiaz.com.br\/litoralsp\/wp-content\/uploads\/sites\/3\/2024\/01\/0f3d8775-5b39-4c89-8662-6958b959e1f5.jpeg?v=1706194987","keywords":["AVI\u00c3O","CHUVA"],"articleSection":["Pol\u00edcia"],"inLanguage":"pt-BR","potentialAction":[{"@type":"CommentAction","name":"Comment","target":["https:\/\/redenoticiaz.com.br\/litoralsp\/2024\/01\/25\/video-aviao-cai-apos-forte-chuva#respond"]}]},{"@type":"WebPage","@id":"https:\/\/redenoticiaz.com.br\/litoralsp\/2024\/01\/25\/video-aviao-cai-apos-forte-chuva","url":"https:\/\/redenoticiaz.com.br\/litoralsp\/2024\/01\/25\/video-aviao-cai-apos-forte-chuva","name":"V\u00cdDEO \u2013 Avi\u00e3o cai ap\u00f3s forte chuva - Litoral SP","isPartOf":{"@id":"https:\/\/redenoticiaz.com.br\/litoralsp\/#website"},"primaryImageOfPage":{"@id":"https:\/\/redenoticiaz.com.br\/litoralsp\/2024\/01\/25\/video-aviao-cai-apos-forte-chuva#primaryimage"},"image":{"@id":"https:\/\/redenoticiaz.com.br\/litoralsp\/2024\/01\/25\/video-aviao-cai-apos-forte-chuva#primaryimage"},"thumbnailUrl":"https:\/\/redenoticiaz.com.br\/litoralsp\/wp-content\/uploads\/sites\/3\/2024\/01\/0f3d8775-5b39-4c89-8662-6958b959e1f5.jpeg?v=1706194987","datePublished":"2024-01-25T15:09:08+00:00","dateModified":"2024-01-25T15:09:44+00:00","description":"Um avi\u00e3o de pequeno porte caiu ap\u00f3s forte chuva no bairro Pedreira, em Rio Grande da Serra informou o Corpo de Bombeiros.","inLanguage":"pt-BR","potentialAction":[{"@type":"ReadAction","target":["https:\/\/redenoticiaz.com.br\/litoralsp\/2024\/01\/25\/video-aviao-cai-apos-forte-chuva"]}]},{"@type":"ImageObject","inLanguage":"pt-BR","@id":"https:\/\/redenoticiaz.com.br\/litoralsp\/2024\/01\/25\/video-aviao-cai-apos-forte-chuva#primaryimage","url":"https:\/\/redenoticiaz.com.br\/litoralsp\/wp-content\/uploads\/sites\/3\/2024\/01\/0f3d8775-5b39-4c89-8662-6958b959e1f5.jpeg?v=1706194987","contentUrl":"https:\/\/redenoticiaz.com.br\/litoralsp\/wp-content\/uploads\/sites\/3\/2024\/01\/0f3d8775-5b39-4c89-8662-6958b959e1f5.jpeg?v=1706194987","width":608,"height":1080},{"@type":"WebSite","@id":"https:\/\/redenoticiaz.com.br\/litoralsp\/#website","url":"https:\/\/redenoticiaz.com.br\/litoralsp\/","name":"Litoral SP","description":"Rede NoticiaZ","publisher":{"@id":"https:\/\/redenoticiaz.com.br\/litoralsp\/#organization"},"potentialAction":[{"@type":"SearchAction","target":{"@type":"EntryPoint","urlTemplate":"https:\/\/redenoticiaz.com.br\/litoralsp\/?s={search_term_string}"},"query-input":{"@type":"PropertyValueSpecification","valueRequired":true,"valueName":"search_term_string"}}],"inLanguage":"pt-BR"},{"@type":"Organization","@id":"https:\/\/redenoticiaz.com.br\/litoralsp\/#organization","name":"Litoral SP","url":"https:\/\/redenoticiaz.com.br\/litoralsp\/","logo":{"@type":"ImageObject","inLanguage":"pt-BR","@id":"https:\/\/redenoticiaz.com.br\/litoralsp\/#\/schema\/logo\/image\/","url":"https:\/\/redenoticiaz.com.br\/litoralsp\/wp-content\/uploads\/sites\/3\/2020\/11\/logo.jpg","contentUrl":"https:\/\/redenoticiaz.com.br\/litoralsp\/wp-content\/uploads\/sites\/3\/2020\/11\/logo.jpg","width":400,"height":250,"caption":"Litoral SP"},"image":{"@id":"https:\/\/redenoticiaz.com.br\/litoralsp\/#\/schema\/logo\/image\/"}},{"@type":"Person","@id":"https:\/\/redenoticiaz.com.br\/litoralsp\/#\/schema\/person\/16057b37a3c0ee6b096d7f887c566e2e","name":"Gustavo Silva","image":{"@type":"ImageObject","inLanguage":"pt-BR","@id":"https:\/\/secure.gravatar.com\/avatar\/3ee4e82f93b26de0a7cf4ea5eb7893da637ed6bb0c9170c58065944c56e28a33?s=96&d=mm&r=g","url":"https:\/\/secure.gravatar.com\/avatar\/3ee4e82f93b26de0a7cf4ea5eb7893da637ed6bb0c9170c58065944c56e28a33?s=96&d=mm&r=g","contentUrl":"https:\/\/secure.gravatar.com\/avatar\/3ee4e82f93b26de0a7cf4ea5eb7893da637ed6bb0c9170c58065944c56e28a33?s=96&d=mm&r=g","caption":"Gustavo Silva"},"url":"https:\/\/redenoticiaz.com.br\/litoralsp\/author\/gustavosilva"}]}},"_links":{"self":[{"href":"https:\/\/redenoticiaz.com.br\/litoralsp\/wp-json\/wp\/v2\/posts\/113941","targetHints":{"allow":["GET"]}}],"collection":[{"href":"https:\/\/redenoticiaz.com.br\/litoralsp\/wp-json\/wp\/v2\/posts"}],"about":[{"href":"https:\/\/redenoticiaz.com.br\/litoralsp\/wp-json\/wp\/v2\/types\/post"}],"author":[{"embeddable":true,"href":"https:\/\/redenoticiaz.com.br\/litoralsp\/wp-json\/wp\/v2\/users\/12"}],"replies":[{"embeddable":true,"href":"https:\/\/redenoticiaz.com.br\/litoralsp\/wp-json\/wp\/v2\/comments?post=113941"}],"version-history":[{"count":1,"href":"https:\/\/redenoticiaz.com.br\/litoralsp\/wp-json\/wp\/v2\/posts\/113941\/revisions"}],"predecessor-version":[{"id":113944,"href":"https:\/\/redenoticiaz.com.br\/litoralsp\/wp-json\/wp\/v2\/posts\/113941\/revisions\/113944"}],"wp:featuredmedia":[{"embeddable":true,"href":"https:\/\/redenoticiaz.com.br\/litoralsp\/wp-json\/wp\/v2\/media\/113943"}],"wp:attachment":[{"href":"https:\/\/redenoticiaz.com.br\/litoralsp\/wp-json\/wp\/v2\/media?parent=113941"}],"wp:term":[{"taxonomy":"category","embeddable":true,"href":"https:\/\/redenoticiaz.com.br\/litoralsp\/wp-json\/wp\/v2\/categories?post=113941"},{"taxonomy":"post_tag","embeddable":true,"href":"https:\/\/redenoticiaz.com.br\/litoralsp\/wp-json\/wp\/v2\/tags?post=113941"}],"curies":[{"name":"wp","href":"https:\/\/api.w.org\/{rel}","templated":true}]}}