{"id":113954,"date":"2024-01-25T18:00:44","date_gmt":"2024-01-25T21:00:44","guid":{"rendered":"https:\/\/redenoticiaz.com.br\/litoralsp\/?p=113954"},"modified":"2024-01-25T16:01:23","modified_gmt":"2024-01-25T19:01:23","slug":"construtora-inicia-reparos-internos-em-terreno-ao-lado-de-solapamento-de-calcada-no-gonzaga","status":"publish","type":"post","link":"https:\/\/redenoticiaz.com.br\/litoralsp\/2024\/01\/25\/construtora-inicia-reparos-internos-em-terreno-ao-lado-de-solapamento-de-calcada-no-gonzaga","title":{"rendered":"Construtora inicia reparos internos em terreno ao lado de solapamento de cal\u00e7ada no Gonzaga"},"content":{"rendered":"<p>A construtora do empreendimento imobili\u00e1rio que est\u00e1 sendo erguido na altura do n\u00famero 7 da Rua Carlos Afonseca iniciou, na manh\u00e3 desta quinta-feira (25), as obras para refazer os danos internos no terreno causados pelas fortes chuvas de quarta-feira (24).<\/p>\n<p>Na via, ao lado da constru\u00e7\u00e3o, houve o solapamento da cal\u00e7ada, o que levou o Departamento de Controle do Uso e Ocupa\u00e7\u00e3o do Solo e Seguran\u00e7a de Edifica\u00e7\u00f5es (Deconte) da Prefeitura a embargar a constru\u00e7\u00e3o por precau\u00e7\u00e3o em rela\u00e7\u00e3o \u00e0 seguran\u00e7a dos trabalhadores, pedestres e im\u00f3veis no entorno. O embargo permite somente interven\u00e7\u00f5es essenciais para o restabelecimento da seguran\u00e7a do local. A causa do acidente est\u00e1 sendo investigada.<\/p>\n<p>Na noite de quarta, representantes da Secretaria de Infraestrutura e Edifica\u00e7\u00f5es foram imediatamente ao local do ocorrido, onde os respons\u00e1veis pela obra se dispuseram a adotar as medidas de necess\u00e1rias.<\/p>\n<p><strong>Leia mais<\/strong><\/p>\n<p><a href=\"https:\/\/redenoticiaz.com.br\/litoralsp\/2024\/01\/24\/video-forte-chuva-atinge-cidade-de-santos-e-causa-alagamentos\">V\u00cdDEO \u2013 Forte chuva atinge cidade de Santos e causa alagamentos<\/a><\/p>\n<p><a href=\"https:\/\/redenoticiaz.com.br\/litoralsp\/2024\/01\/20\/bares-e-restaurantes-estimam-aumento-de-faturamento-no-carnaval\">Bares e restaurantes estimam aumento de faturamento no carnaval<\/a><\/p>\n","protected":false},"excerpt":{"rendered":"<p>A construtora do empreendimento imobili\u00e1rio que est\u00e1 sendo erguido na altura do n\u00famero 7 da Rua Carlos Afonseca iniciou, na manh\u00e3 desta quinta-feira (25), as obras para refazer os danos internos no terreno causados pelas fortes chuvas de quarta-feira (24). Na via, ao lado da constru\u00e7\u00e3o, houve o solapamento da cal\u00e7ada, o que levou o &hellip;<\/p>\n","protected":false},"author":12,"featured_media":113955,"comment_status":"open","ping_status":"closed","sticky":false,"template":"","format":"standard","meta":{"footnotes":""},"categories":[10,180],"tags":[8510,9470,986],"class_list":["post-113954","post","type-post","status-publish","format-standard","has-post-thumbnail","hentry","category-policia","category-santos","tag-chuva","tag-gonzaga","tag-santos"],"yoast_head":"<!-- This site is optimized with the Yoast SEO plugin v27.5 - https:\/\/yoast.com\/product\/yoast-seo-wordpress\/ -->\n<title>Construtora inicia reparos internos em terreno ao lado de solapamento de cal\u00e7ada no Gonzaga - Litoral SP<\/title>\n<meta name=\"description\" content=\"A construtora do empreendimento imobili\u00e1rio que est\u00e1 sendo erguido na altura do n\u00famero 7 da Rua Carlos Afonseca iniciou, na manh\u00e3 desta quinta-feira (25), as obras para refazer os danos internos no terreno causados pelas fortes chuvas de quarta-feira (24).\" \/>\n<meta name=\"robots\" content=\"index, follow, max-snippet:-1, max-image-preview:large, max-video-preview:-1\" \/>\n<link rel=\"canonical\" href=\"https:\/\/redenoticiaz.com.br\/litoralsp\/2024\/01\/25\/construtora-inicia-reparos-internos-em-terreno-ao-lado-de-solapamento-de-calcada-no-gonzaga\" \/>\n<meta property=\"og:locale\" content=\"pt_BR\" \/>\n<meta property=\"og:type\" content=\"article\" \/>\n<meta property=\"og:title\" content=\"Construtora inicia reparos internos em terreno ao lado de solapamento de cal\u00e7ada no Gonzaga - Litoral SP\" \/>\n<meta property=\"og:description\" content=\"A construtora do empreendimento imobili\u00e1rio que est\u00e1 sendo erguido na altura do n\u00famero 7 da Rua Carlos Afonseca iniciou, na manh\u00e3 desta quinta-feira (25), as obras para refazer os danos internos no terreno causados pelas fortes chuvas de quarta-feira (24).\" \/>\n<meta property=\"og:url\" content=\"https:\/\/redenoticiaz.com.br\/litoralsp\/2024\/01\/25\/construtora-inicia-reparos-internos-em-terreno-ao-lado-de-solapamento-de-calcada-no-gonzaga\" \/>\n<meta property=\"og:site_name\" content=\"Litoral SP\" \/>\n<meta property=\"article:published_time\" content=\"2024-01-25T21:00:44+00:00\" \/>\n<meta property=\"og:image\" content=\"https:\/\/redenoticiaz.com.br\/litoralsp\/wp-content\/uploads\/sites\/3\/2024\/01\/trabalhos_construtora.jpg\" \/>\n\t<meta property=\"og:image:width\" content=\"1400\" \/>\n\t<meta property=\"og:image:height\" content=\"1050\" \/>\n\t<meta property=\"og:image:type\" content=\"image\/jpeg\" \/>\n<meta name=\"author\" content=\"Gustavo Silva\" \/>\n<meta name=\"twitter:card\" content=\"summary_large_image\" \/>\n<meta name=\"twitter:label1\" content=\"Escrito por\" \/>\n\t<meta name=\"twitter:data1\" content=\"Gustavo Silva\" \/>\n\t<meta name=\"twitter:label2\" content=\"Est. tempo de leitura\" \/>\n\t<meta name=\"twitter:data2\" content=\"2 minutos\" \/>\n<script type=\"application\/ld+json\" class=\"yoast-schema-graph\">{\"@context\":\"https:\\\/\\\/schema.org\",\"@graph\":[{\"@type\":\"Article\",\"@id\":\"https:\\\/\\\/redenoticiaz.com.br\\\/litoralsp\\\/2024\\\/01\\\/25\\\/construtora-inicia-reparos-internos-em-terreno-ao-lado-de-solapamento-de-calcada-no-gonzaga#article\",\"isPartOf\":{\"@id\":\"https:\\\/\\\/redenoticiaz.com.br\\\/litoralsp\\\/2024\\\/01\\\/25\\\/construtora-inicia-reparos-internos-em-terreno-ao-lado-de-solapamento-de-calcada-no-gonzaga\"},\"author\":{\"name\":\"Gustavo Silva\",\"@id\":\"https:\\\/\\\/redenoticiaz.com.br\\\/litoralsp\\\/#\\\/schema\\\/person\\\/16057b37a3c0ee6b096d7f887c566e2e\"},\"headline\":\"Construtora inicia reparos internos em terreno ao lado de solapamento de cal\u00e7ada no Gonzaga\",\"datePublished\":\"2024-01-25T21:00:44+00:00\",\"mainEntityOfPage\":{\"@id\":\"https:\\\/\\\/redenoticiaz.com.br\\\/litoralsp\\\/2024\\\/01\\\/25\\\/construtora-inicia-reparos-internos-em-terreno-ao-lado-de-solapamento-de-calcada-no-gonzaga\"},\"wordCount\":188,\"commentCount\":0,\"publisher\":{\"@id\":\"https:\\\/\\\/redenoticiaz.com.br\\\/litoralsp\\\/#organization\"},\"image\":{\"@id\":\"https:\\\/\\\/redenoticiaz.com.br\\\/litoralsp\\\/2024\\\/01\\\/25\\\/construtora-inicia-reparos-internos-em-terreno-ao-lado-de-solapamento-de-calcada-no-gonzaga#primaryimage\"},\"thumbnailUrl\":\"https:\\\/\\\/redenoticiaz.com.br\\\/litoralsp\\\/wp-content\\\/uploads\\\/sites\\\/3\\\/2024\\\/01\\\/trabalhos_construtora.jpg\",\"keywords\":[\"CHUVA\",\"GONZAGA\",\"Santos\"],\"articleSection\":[\"Pol\u00edcia\",\"Santos\"],\"inLanguage\":\"pt-BR\",\"potentialAction\":[{\"@type\":\"CommentAction\",\"name\":\"Comment\",\"target\":[\"https:\\\/\\\/redenoticiaz.com.br\\\/litoralsp\\\/2024\\\/01\\\/25\\\/construtora-inicia-reparos-internos-em-terreno-ao-lado-de-solapamento-de-calcada-no-gonzaga#respond\"]}]},{\"@type\":\"WebPage\",\"@id\":\"https:\\\/\\\/redenoticiaz.com.br\\\/litoralsp\\\/2024\\\/01\\\/25\\\/construtora-inicia-reparos-internos-em-terreno-ao-lado-de-solapamento-de-calcada-no-gonzaga\",\"url\":\"https:\\\/\\\/redenoticiaz.com.br\\\/litoralsp\\\/2024\\\/01\\\/25\\\/construtora-inicia-reparos-internos-em-terreno-ao-lado-de-solapamento-de-calcada-no-gonzaga\",\"name\":\"Construtora inicia reparos internos em terreno ao lado de solapamento de cal\u00e7ada no Gonzaga - Litoral SP\",\"isPartOf\":{\"@id\":\"https:\\\/\\\/redenoticiaz.com.br\\\/litoralsp\\\/#website\"},\"primaryImageOfPage\":{\"@id\":\"https:\\\/\\\/redenoticiaz.com.br\\\/litoralsp\\\/2024\\\/01\\\/25\\\/construtora-inicia-reparos-internos-em-terreno-ao-lado-de-solapamento-de-calcada-no-gonzaga#primaryimage\"},\"image\":{\"@id\":\"https:\\\/\\\/redenoticiaz.com.br\\\/litoralsp\\\/2024\\\/01\\\/25\\\/construtora-inicia-reparos-internos-em-terreno-ao-lado-de-solapamento-de-calcada-no-gonzaga#primaryimage\"},\"thumbnailUrl\":\"https:\\\/\\\/redenoticiaz.com.br\\\/litoralsp\\\/wp-content\\\/uploads\\\/sites\\\/3\\\/2024\\\/01\\\/trabalhos_construtora.jpg\",\"datePublished\":\"2024-01-25T21:00:44+00:00\",\"description\":\"A construtora do empreendimento imobili\u00e1rio que est\u00e1 sendo erguido na altura do n\u00famero 7 da Rua Carlos Afonseca iniciou, na manh\u00e3 desta quinta-feira (25), as obras para refazer os danos internos no terreno causados pelas fortes chuvas de quarta-feira (24).\",\"inLanguage\":\"pt-BR\",\"potentialAction\":[{\"@type\":\"ReadAction\",\"target\":[\"https:\\\/\\\/redenoticiaz.com.br\\\/litoralsp\\\/2024\\\/01\\\/25\\\/construtora-inicia-reparos-internos-em-terreno-ao-lado-de-solapamento-de-calcada-no-gonzaga\"]}]},{\"@type\":\"ImageObject\",\"inLanguage\":\"pt-BR\",\"@id\":\"https:\\\/\\\/redenoticiaz.com.br\\\/litoralsp\\\/2024\\\/01\\\/25\\\/construtora-inicia-reparos-internos-em-terreno-ao-lado-de-solapamento-de-calcada-no-gonzaga#primaryimage\",\"url\":\"https:\\\/\\\/redenoticiaz.com.br\\\/litoralsp\\\/wp-content\\\/uploads\\\/sites\\\/3\\\/2024\\\/01\\\/trabalhos_construtora.jpg\",\"contentUrl\":\"https:\\\/\\\/redenoticiaz.com.br\\\/litoralsp\\\/wp-content\\\/uploads\\\/sites\\\/3\\\/2024\\\/01\\\/trabalhos_construtora.jpg\",\"width\":1400,\"height\":1050},{\"@type\":\"WebSite\",\"@id\":\"https:\\\/\\\/redenoticiaz.com.br\\\/litoralsp\\\/#website\",\"url\":\"https:\\\/\\\/redenoticiaz.com.br\\\/litoralsp\\\/\",\"name\":\"Litoral SP\",\"description\":\"Rede NoticiaZ\",\"publisher\":{\"@id\":\"https:\\\/\\\/redenoticiaz.com.br\\\/litoralsp\\\/#organization\"},\"potentialAction\":[{\"@type\":\"SearchAction\",\"target\":{\"@type\":\"EntryPoint\",\"urlTemplate\":\"https:\\\/\\\/redenoticiaz.com.br\\\/litoralsp\\\/?s={search_term_string}\"},\"query-input\":{\"@type\":\"PropertyValueSpecification\",\"valueRequired\":true,\"valueName\":\"search_term_string\"}}],\"inLanguage\":\"pt-BR\"},{\"@type\":\"Organization\",\"@id\":\"https:\\\/\\\/redenoticiaz.com.br\\\/litoralsp\\\/#organization\",\"name\":\"Litoral SP\",\"url\":\"https:\\\/\\\/redenoticiaz.com.br\\\/litoralsp\\\/\",\"logo\":{\"@type\":\"ImageObject\",\"inLanguage\":\"pt-BR\",\"@id\":\"https:\\\/\\\/redenoticiaz.com.br\\\/litoralsp\\\/#\\\/schema\\\/logo\\\/image\\\/\",\"url\":\"https:\\\/\\\/redenoticiaz.com.br\\\/litoralsp\\\/wp-content\\\/uploads\\\/sites\\\/3\\\/2020\\\/11\\\/logo.jpg\",\"contentUrl\":\"https:\\\/\\\/redenoticiaz.com.br\\\/litoralsp\\\/wp-content\\\/uploads\\\/sites\\\/3\\\/2020\\\/11\\\/logo.jpg\",\"width\":400,\"height\":250,\"caption\":\"Litoral SP\"},\"image\":{\"@id\":\"https:\\\/\\\/redenoticiaz.com.br\\\/litoralsp\\\/#\\\/schema\\\/logo\\\/image\\\/\"}},{\"@type\":\"Person\",\"@id\":\"https:\\\/\\\/redenoticiaz.com.br\\\/litoralsp\\\/#\\\/schema\\\/person\\\/16057b37a3c0ee6b096d7f887c566e2e\",\"name\":\"Gustavo Silva\",\"image\":{\"@type\":\"ImageObject\",\"inLanguage\":\"pt-BR\",\"@id\":\"https:\\\/\\\/secure.gravatar.com\\\/avatar\\\/3ee4e82f93b26de0a7cf4ea5eb7893da637ed6bb0c9170c58065944c56e28a33?s=96&d=mm&r=g\",\"url\":\"https:\\\/\\\/secure.gravatar.com\\\/avatar\\\/3ee4e82f93b26de0a7cf4ea5eb7893da637ed6bb0c9170c58065944c56e28a33?s=96&d=mm&r=g\",\"contentUrl\":\"https:\\\/\\\/secure.gravatar.com\\\/avatar\\\/3ee4e82f93b26de0a7cf4ea5eb7893da637ed6bb0c9170c58065944c56e28a33?s=96&d=mm&r=g\",\"caption\":\"Gustavo Silva\"},\"url\":\"https:\\\/\\\/redenoticiaz.com.br\\\/litoralsp\\\/author\\\/gustavosilva\"}]}<\/script>\n<!-- \/ Yoast SEO plugin. -->","yoast_head_json":{"title":"Construtora inicia reparos internos em terreno ao lado de solapamento de cal\u00e7ada no Gonzaga - Litoral SP","description":"A construtora do empreendimento imobili\u00e1rio que est\u00e1 sendo erguido na altura do n\u00famero 7 da Rua Carlos Afonseca iniciou, na manh\u00e3 desta quinta-feira (25), as obras para refazer os danos internos no terreno causados pelas fortes chuvas de quarta-feira (24).","robots":{"index":"index","follow":"follow","max-snippet":"max-snippet:-1","max-image-preview":"max-image-preview:large","max-video-preview":"max-video-preview:-1"},"canonical":"https:\/\/redenoticiaz.com.br\/litoralsp\/2024\/01\/25\/construtora-inicia-reparos-internos-em-terreno-ao-lado-de-solapamento-de-calcada-no-gonzaga","og_locale":"pt_BR","og_type":"article","og_title":"Construtora inicia reparos internos em terreno ao lado de solapamento de cal\u00e7ada no Gonzaga - Litoral SP","og_description":"A construtora do empreendimento imobili\u00e1rio que est\u00e1 sendo erguido na altura do n\u00famero 7 da Rua Carlos Afonseca iniciou, na manh\u00e3 desta quinta-feira (25), as obras para refazer os danos internos no terreno causados pelas fortes chuvas de quarta-feira (24).","og_url":"https:\/\/redenoticiaz.com.br\/litoralsp\/2024\/01\/25\/construtora-inicia-reparos-internos-em-terreno-ao-lado-de-solapamento-de-calcada-no-gonzaga","og_site_name":"Litoral SP","article_published_time":"2024-01-25T21:00:44+00:00","og_image":[{"width":1400,"height":1050,"url":"https:\/\/redenoticiaz.com.br\/litoralsp\/wp-content\/uploads\/sites\/3\/2024\/01\/trabalhos_construtora.jpg","type":"image\/jpeg"}],"author":"Gustavo Silva","twitter_card":"summary_large_image","twitter_misc":{"Escrito por":"Gustavo Silva","Est. tempo de leitura":"2 minutos"},"schema":{"@context":"https:\/\/schema.org","@graph":[{"@type":"Article","@id":"https:\/\/redenoticiaz.com.br\/litoralsp\/2024\/01\/25\/construtora-inicia-reparos-internos-em-terreno-ao-lado-de-solapamento-de-calcada-no-gonzaga#article","isPartOf":{"@id":"https:\/\/redenoticiaz.com.br\/litoralsp\/2024\/01\/25\/construtora-inicia-reparos-internos-em-terreno-ao-lado-de-solapamento-de-calcada-no-gonzaga"},"author":{"name":"Gustavo Silva","@id":"https:\/\/redenoticiaz.com.br\/litoralsp\/#\/schema\/person\/16057b37a3c0ee6b096d7f887c566e2e"},"headline":"Construtora inicia reparos internos em terreno ao lado de solapamento de cal\u00e7ada no Gonzaga","datePublished":"2024-01-25T21:00:44+00:00","mainEntityOfPage":{"@id":"https:\/\/redenoticiaz.com.br\/litoralsp\/2024\/01\/25\/construtora-inicia-reparos-internos-em-terreno-ao-lado-de-solapamento-de-calcada-no-gonzaga"},"wordCount":188,"commentCount":0,"publisher":{"@id":"https:\/\/redenoticiaz.com.br\/litoralsp\/#organization"},"image":{"@id":"https:\/\/redenoticiaz.com.br\/litoralsp\/2024\/01\/25\/construtora-inicia-reparos-internos-em-terreno-ao-lado-de-solapamento-de-calcada-no-gonzaga#primaryimage"},"thumbnailUrl":"https:\/\/redenoticiaz.com.br\/litoralsp\/wp-content\/uploads\/sites\/3\/2024\/01\/trabalhos_construtora.jpg","keywords":["CHUVA","GONZAGA","Santos"],"articleSection":["Pol\u00edcia","Santos"],"inLanguage":"pt-BR","potentialAction":[{"@type":"CommentAction","name":"Comment","target":["https:\/\/redenoticiaz.com.br\/litoralsp\/2024\/01\/25\/construtora-inicia-reparos-internos-em-terreno-ao-lado-de-solapamento-de-calcada-no-gonzaga#respond"]}]},{"@type":"WebPage","@id":"https:\/\/redenoticiaz.com.br\/litoralsp\/2024\/01\/25\/construtora-inicia-reparos-internos-em-terreno-ao-lado-de-solapamento-de-calcada-no-gonzaga","url":"https:\/\/redenoticiaz.com.br\/litoralsp\/2024\/01\/25\/construtora-inicia-reparos-internos-em-terreno-ao-lado-de-solapamento-de-calcada-no-gonzaga","name":"Construtora inicia reparos internos em terreno ao lado de solapamento de cal\u00e7ada no Gonzaga - Litoral SP","isPartOf":{"@id":"https:\/\/redenoticiaz.com.br\/litoralsp\/#website"},"primaryImageOfPage":{"@id":"https:\/\/redenoticiaz.com.br\/litoralsp\/2024\/01\/25\/construtora-inicia-reparos-internos-em-terreno-ao-lado-de-solapamento-de-calcada-no-gonzaga#primaryimage"},"image":{"@id":"https:\/\/redenoticiaz.com.br\/litoralsp\/2024\/01\/25\/construtora-inicia-reparos-internos-em-terreno-ao-lado-de-solapamento-de-calcada-no-gonzaga#primaryimage"},"thumbnailUrl":"https:\/\/redenoticiaz.com.br\/litoralsp\/wp-content\/uploads\/sites\/3\/2024\/01\/trabalhos_construtora.jpg","datePublished":"2024-01-25T21:00:44+00:00","description":"A construtora do empreendimento imobili\u00e1rio que est\u00e1 sendo erguido na altura do n\u00famero 7 da Rua Carlos Afonseca iniciou, na manh\u00e3 desta quinta-feira (25), as obras para refazer os danos internos no terreno causados pelas fortes chuvas de quarta-feira (24).","inLanguage":"pt-BR","potentialAction":[{"@type":"ReadAction","target":["https:\/\/redenoticiaz.com.br\/litoralsp\/2024\/01\/25\/construtora-inicia-reparos-internos-em-terreno-ao-lado-de-solapamento-de-calcada-no-gonzaga"]}]},{"@type":"ImageObject","inLanguage":"pt-BR","@id":"https:\/\/redenoticiaz.com.br\/litoralsp\/2024\/01\/25\/construtora-inicia-reparos-internos-em-terreno-ao-lado-de-solapamento-de-calcada-no-gonzaga#primaryimage","url":"https:\/\/redenoticiaz.com.br\/litoralsp\/wp-content\/uploads\/sites\/3\/2024\/01\/trabalhos_construtora.jpg","contentUrl":"https:\/\/redenoticiaz.com.br\/litoralsp\/wp-content\/uploads\/sites\/3\/2024\/01\/trabalhos_construtora.jpg","width":1400,"height":1050},{"@type":"WebSite","@id":"https:\/\/redenoticiaz.com.br\/litoralsp\/#website","url":"https:\/\/redenoticiaz.com.br\/litoralsp\/","name":"Litoral SP","description":"Rede NoticiaZ","publisher":{"@id":"https:\/\/redenoticiaz.com.br\/litoralsp\/#organization"},"potentialAction":[{"@type":"SearchAction","target":{"@type":"EntryPoint","urlTemplate":"https:\/\/redenoticiaz.com.br\/litoralsp\/?s={search_term_string}"},"query-input":{"@type":"PropertyValueSpecification","valueRequired":true,"valueName":"search_term_string"}}],"inLanguage":"pt-BR"},{"@type":"Organization","@id":"https:\/\/redenoticiaz.com.br\/litoralsp\/#organization","name":"Litoral SP","url":"https:\/\/redenoticiaz.com.br\/litoralsp\/","logo":{"@type":"ImageObject","inLanguage":"pt-BR","@id":"https:\/\/redenoticiaz.com.br\/litoralsp\/#\/schema\/logo\/image\/","url":"https:\/\/redenoticiaz.com.br\/litoralsp\/wp-content\/uploads\/sites\/3\/2020\/11\/logo.jpg","contentUrl":"https:\/\/redenoticiaz.com.br\/litoralsp\/wp-content\/uploads\/sites\/3\/2020\/11\/logo.jpg","width":400,"height":250,"caption":"Litoral SP"},"image":{"@id":"https:\/\/redenoticiaz.com.br\/litoralsp\/#\/schema\/logo\/image\/"}},{"@type":"Person","@id":"https:\/\/redenoticiaz.com.br\/litoralsp\/#\/schema\/person\/16057b37a3c0ee6b096d7f887c566e2e","name":"Gustavo Silva","image":{"@type":"ImageObject","inLanguage":"pt-BR","@id":"https:\/\/secure.gravatar.com\/avatar\/3ee4e82f93b26de0a7cf4ea5eb7893da637ed6bb0c9170c58065944c56e28a33?s=96&d=mm&r=g","url":"https:\/\/secure.gravatar.com\/avatar\/3ee4e82f93b26de0a7cf4ea5eb7893da637ed6bb0c9170c58065944c56e28a33?s=96&d=mm&r=g","contentUrl":"https:\/\/secure.gravatar.com\/avatar\/3ee4e82f93b26de0a7cf4ea5eb7893da637ed6bb0c9170c58065944c56e28a33?s=96&d=mm&r=g","caption":"Gustavo Silva"},"url":"https:\/\/redenoticiaz.com.br\/litoralsp\/author\/gustavosilva"}]}},"_links":{"self":[{"href":"https:\/\/redenoticiaz.com.br\/litoralsp\/wp-json\/wp\/v2\/posts\/113954","targetHints":{"allow":["GET"]}}],"collection":[{"href":"https:\/\/redenoticiaz.com.br\/litoralsp\/wp-json\/wp\/v2\/posts"}],"about":[{"href":"https:\/\/redenoticiaz.com.br\/litoralsp\/wp-json\/wp\/v2\/types\/post"}],"author":[{"embeddable":true,"href":"https:\/\/redenoticiaz.com.br\/litoralsp\/wp-json\/wp\/v2\/users\/12"}],"replies":[{"embeddable":true,"href":"https:\/\/redenoticiaz.com.br\/litoralsp\/wp-json\/wp\/v2\/comments?post=113954"}],"version-history":[{"count":1,"href":"https:\/\/redenoticiaz.com.br\/litoralsp\/wp-json\/wp\/v2\/posts\/113954\/revisions"}],"predecessor-version":[{"id":113956,"href":"https:\/\/redenoticiaz.com.br\/litoralsp\/wp-json\/wp\/v2\/posts\/113954\/revisions\/113956"}],"wp:featuredmedia":[{"embeddable":true,"href":"https:\/\/redenoticiaz.com.br\/litoralsp\/wp-json\/wp\/v2\/media\/113955"}],"wp:attachment":[{"href":"https:\/\/redenoticiaz.com.br\/litoralsp\/wp-json\/wp\/v2\/media?parent=113954"}],"wp:term":[{"taxonomy":"category","embeddable":true,"href":"https:\/\/redenoticiaz.com.br\/litoralsp\/wp-json\/wp\/v2\/categories?post=113954"},{"taxonomy":"post_tag","embeddable":true,"href":"https:\/\/redenoticiaz.com.br\/litoralsp\/wp-json\/wp\/v2\/tags?post=113954"}],"curies":[{"name":"wp","href":"https:\/\/api.w.org\/{rel}","templated":true}]}}