{"id":113970,"date":"2024-01-25T20:38:25","date_gmt":"2024-01-25T23:38:25","guid":{"rendered":"https:\/\/redenoticiaz.com.br\/litoralsp\/?p=113970"},"modified":"2024-01-25T20:38:25","modified_gmt":"2024-01-25T23:38:25","slug":"video-chuva-em-santos-causa-deslizamentos-e-deixa-familias-desalojadas","status":"publish","type":"post","link":"https:\/\/redenoticiaz.com.br\/litoralsp\/2024\/01\/25\/video-chuva-em-santos-causa-deslizamentos-e-deixa-familias-desalojadas","title":{"rendered":"V\u00cdDEO &#8211; Chuva em Santos causa deslizamentos e deixa fam\u00edlias desalojadas"},"content":{"rendered":"<div id=\"chunk-acvne\">\n<div class=\"mc-column content-text active-extra-styles \" data-block-type=\"unstyled\" data-block-weight=\"39\" data-block-id=\"2\">\n<p data-track-category=\"Link no Texto\" data-track-links=\"\">Chuva em Santos causa deslizamentos e deixa fam\u00edlias desalojadas nesta quinta-feira (25) e o tempo deve permanecer chuvoso no final de semana.<\/p>\n<p data-track-category=\"Link no Texto\" data-track-links=\"\">De acordo com as informa\u00e7\u00f5es, fam\u00edlias ficaram desalojadas em diversas cidades do litoral, como Mongagu\u00e1 e Peru\u00edbe, no litoral de S\u00e3o Paulo. A Defesa Civil trabalha nas cidades para auxiliar os moradores.<\/p>\n<\/div>\n<\/div>\n<div class=\"wall protected-content\">\n<div id=\"chunk-aka2p\">\n<p>As chuvas dos \u00faltimos tr\u00eas dias em Santos representam quase 90% da m\u00e9dia hist\u00f3rica para todo o m\u00eas. Segundo a Defesa Civil do Munic\u00edpio, o acumulado das \u00faltimas 72 horas (at\u00e9 18h50) atingiu 293,8mm.<\/p>\n<div class=\"wp-playlist wp-video-playlist wp-playlist-light\">\n\t\t<video controls=\"controls\" preload=\"none\" width=\"640\"\n\t\t height=\"1152\"\t><\/video>\n\t<div class=\"wp-playlist-next\"><\/div>\n\t<div class=\"wp-playlist-prev\"><\/div>\n\t<noscript>\n\t<ol>\n\t\t<li><a href='https:\/\/redenoticiaz.com.br\/litoralsp\/wp-content\/uploads\/sites\/3\/2024\/01\/WhatsApp-Video-2024-01-25-at-17.25.22-1.mp4'>WhatsApp Video 2024-01-25 at 17.25.22 (1)<\/a><\/li><li><a href='https:\/\/redenoticiaz.com.br\/litoralsp\/wp-content\/uploads\/sites\/3\/2024\/01\/WhatsApp-Video-2024-01-25-at-17.25.22.mp4'>WhatsApp Video 2024-01-25 at 17.25.22<\/a><\/li>\t<\/ol>\n\t<\/noscript>\n\t<script type=\"application\/json\" class=\"wp-playlist-script\">{\"type\":\"video\",\"tracklist\":true,\"tracknumbers\":true,\"images\":true,\"artists\":true,\"tracks\":[{\"src\":\"https:\/\/redenoticiaz.com.br\/litoralsp\/wp-content\/uploads\/sites\/3\/2024\/01\/WhatsApp-Video-2024-01-25-at-17.25.22-1.mp4\",\"type\":\"video\/mp4\",\"title\":\"WhatsApp Video 2024-01-25 at 17.25.22 (1)\",\"caption\":\"\",\"description\":\"\",\"meta\":{\"length_formatted\":\"0:11\"},\"dimensions\":{\"original\":{\"width\":480,\"height\":848},\"resized\":{\"width\":640,\"height\":1131}},\"image\":{\"src\":\"https:\/\/redenoticiaz.com.br\/litoralsp\/wp-includes\/images\/media\/video.svg\",\"width\":48,\"height\":64},\"thumb\":{\"src\":\"https:\/\/redenoticiaz.com.br\/litoralsp\/wp-includes\/images\/media\/video.svg\",\"width\":48,\"height\":64}},{\"src\":\"https:\/\/redenoticiaz.com.br\/litoralsp\/wp-content\/uploads\/sites\/3\/2024\/01\/WhatsApp-Video-2024-01-25-at-17.25.22.mp4\",\"type\":\"video\/mp4\",\"title\":\"WhatsApp Video 2024-01-25 at 17.25.22\",\"caption\":\"\",\"description\":\"\",\"meta\":{\"length_formatted\":\"0:18\"},\"dimensions\":{\"original\":{\"width\":480,\"height\":864},\"resized\":{\"width\":640,\"height\":1152}},\"image\":{\"src\":\"https:\/\/redenoticiaz.com.br\/litoralsp\/wp-includes\/images\/media\/video.svg\",\"width\":48,\"height\":64},\"thumb\":{\"src\":\"https:\/\/redenoticiaz.com.br\/litoralsp\/wp-includes\/images\/media\/video.svg\",\"width\":48,\"height\":64}}]}<\/script>\n<\/div>\n\t\n<p>O acumulado do m\u00eas est\u00e1 em 511,6mm. At\u00e9 agora, a Cidade j\u00e1 tem o janeiro mais chuvoso desde 2010. Os morros est\u00e3o em estado de aten\u00e7\u00e3o.<\/p>\n<p><strong>Leia mais<\/strong><\/p>\n<p><a href=\"https:\/\/redenoticiaz.com.br\/litoralsp\/2024\/01\/25\/operacao-degredo-para-combater-trafico-de-drogas-e-realizada-em-santos\">Opera\u00e7\u00e3o \u201cDegredo\u201d para combater tr\u00e1fico de drogas \u00e9 realizada em Santos<\/a><\/p>\n<p><a href=\"https:\/\/redenoticiaz.com.br\/litoralsp\/2024\/01\/24\/video-forte-chuva-atinge-cidade-de-santos-e-causa-alagamentos\">V\u00cdDEO \u2013 Forte chuva atinge cidade de Santos e causa alagamentos<\/a><\/p>\n<\/div>\n<\/div>\n","protected":false},"excerpt":{"rendered":"<p>Chuva em Santos causa deslizamentos e deixa fam\u00edlias desalojadas nesta quinta-feira (25) e o tempo deve permanecer chuvoso no final de semana. De acordo com as informa\u00e7\u00f5es, fam\u00edlias ficaram desalojadas em diversas cidades do litoral, como Mongagu\u00e1 e Peru\u00edbe, no litoral de S\u00e3o Paulo. A Defesa Civil trabalha nas cidades para auxiliar os moradores. As &hellip;<\/p>\n","protected":false},"author":12,"featured_media":113971,"comment_status":"open","ping_status":"closed","sticky":false,"template":"","format":"standard","meta":{"footnotes":""},"categories":[10,180],"tags":[8510,1151,986],"class_list":["post-113970","post","type-post","status-publish","format-standard","has-post-thumbnail","hentry","category-policia","category-santos","tag-chuva","tag-defesa-civil","tag-santos"],"yoast_head":"<!-- This site is optimized with the Yoast SEO plugin v27.5 - https:\/\/yoast.com\/product\/yoast-seo-wordpress\/ -->\n<title>V\u00cdDEO &#8211; Chuva em Santos causa deslizamentos e deixa fam\u00edlias desalojadas - Litoral SP<\/title>\n<meta name=\"description\" content=\"Chuva em Santos causa deslizamentos e deixa fam\u00edlias desalojadas nesta quinta-feira (25) e o tempo deve permanecer chuvoso no final de semana.\" \/>\n<meta name=\"robots\" content=\"index, follow, max-snippet:-1, max-image-preview:large, max-video-preview:-1\" \/>\n<link rel=\"canonical\" href=\"https:\/\/redenoticiaz.com.br\/litoralsp\/2024\/01\/25\/video-chuva-em-santos-causa-deslizamentos-e-deixa-familias-desalojadas\" \/>\n<meta property=\"og:locale\" content=\"pt_BR\" \/>\n<meta property=\"og:type\" content=\"article\" \/>\n<meta property=\"og:title\" content=\"V\u00cdDEO &#8211; Chuva em Santos causa deslizamentos e deixa fam\u00edlias desalojadas - Litoral SP\" \/>\n<meta property=\"og:description\" content=\"Chuva em Santos causa deslizamentos e deixa fam\u00edlias desalojadas nesta quinta-feira (25) e o tempo deve permanecer chuvoso no final de semana.\" \/>\n<meta property=\"og:url\" content=\"https:\/\/redenoticiaz.com.br\/litoralsp\/2024\/01\/25\/video-chuva-em-santos-causa-deslizamentos-e-deixa-familias-desalojadas\" \/>\n<meta property=\"og:site_name\" content=\"Litoral SP\" \/>\n<meta property=\"article:published_time\" content=\"2024-01-25T23:38:25+00:00\" \/>\n<meta property=\"og:image\" content=\"https:\/\/redenoticiaz.com.br\/litoralsp\/wp-content\/uploads\/sites\/3\/2024\/01\/francisco_arrais_25997.jpg\" \/>\n\t<meta property=\"og:image:width\" content=\"1400\" \/>\n\t<meta property=\"og:image:height\" content=\"933\" \/>\n\t<meta property=\"og:image:type\" content=\"image\/jpeg\" \/>\n<meta name=\"author\" content=\"Gustavo Silva\" \/>\n<meta name=\"twitter:card\" content=\"summary_large_image\" \/>\n<meta name=\"twitter:label1\" content=\"Escrito por\" \/>\n\t<meta name=\"twitter:data1\" content=\"Gustavo Silva\" \/>\n\t<meta name=\"twitter:label2\" content=\"Est. tempo de leitura\" \/>\n\t<meta name=\"twitter:data2\" content=\"1 minuto\" \/>\n<script type=\"application\/ld+json\" class=\"yoast-schema-graph\">{\"@context\":\"https:\\\/\\\/schema.org\",\"@graph\":[{\"@type\":\"Article\",\"@id\":\"https:\\\/\\\/redenoticiaz.com.br\\\/litoralsp\\\/2024\\\/01\\\/25\\\/video-chuva-em-santos-causa-deslizamentos-e-deixa-familias-desalojadas#article\",\"isPartOf\":{\"@id\":\"https:\\\/\\\/redenoticiaz.com.br\\\/litoralsp\\\/2024\\\/01\\\/25\\\/video-chuva-em-santos-causa-deslizamentos-e-deixa-familias-desalojadas\"},\"author\":{\"name\":\"Gustavo Silva\",\"@id\":\"https:\\\/\\\/redenoticiaz.com.br\\\/litoralsp\\\/#\\\/schema\\\/person\\\/16057b37a3c0ee6b096d7f887c566e2e\"},\"headline\":\"V\u00cdDEO &#8211; Chuva em Santos causa deslizamentos e deixa fam\u00edlias desalojadas\",\"datePublished\":\"2024-01-25T23:38:25+00:00\",\"mainEntityOfPage\":{\"@id\":\"https:\\\/\\\/redenoticiaz.com.br\\\/litoralsp\\\/2024\\\/01\\\/25\\\/video-chuva-em-santos-causa-deslizamentos-e-deixa-familias-desalojadas\"},\"wordCount\":164,\"commentCount\":0,\"publisher\":{\"@id\":\"https:\\\/\\\/redenoticiaz.com.br\\\/litoralsp\\\/#organization\"},\"image\":{\"@id\":\"https:\\\/\\\/redenoticiaz.com.br\\\/litoralsp\\\/2024\\\/01\\\/25\\\/video-chuva-em-santos-causa-deslizamentos-e-deixa-familias-desalojadas#primaryimage\"},\"thumbnailUrl\":\"https:\\\/\\\/redenoticiaz.com.br\\\/litoralsp\\\/wp-content\\\/uploads\\\/sites\\\/3\\\/2024\\\/01\\\/francisco_arrais_25997.jpg\",\"keywords\":[\"CHUVA\",\"DEFESA CIVIL\",\"Santos\"],\"articleSection\":[\"Pol\u00edcia\",\"Santos\"],\"inLanguage\":\"pt-BR\",\"potentialAction\":[{\"@type\":\"CommentAction\",\"name\":\"Comment\",\"target\":[\"https:\\\/\\\/redenoticiaz.com.br\\\/litoralsp\\\/2024\\\/01\\\/25\\\/video-chuva-em-santos-causa-deslizamentos-e-deixa-familias-desalojadas#respond\"]}]},{\"@type\":\"WebPage\",\"@id\":\"https:\\\/\\\/redenoticiaz.com.br\\\/litoralsp\\\/2024\\\/01\\\/25\\\/video-chuva-em-santos-causa-deslizamentos-e-deixa-familias-desalojadas\",\"url\":\"https:\\\/\\\/redenoticiaz.com.br\\\/litoralsp\\\/2024\\\/01\\\/25\\\/video-chuva-em-santos-causa-deslizamentos-e-deixa-familias-desalojadas\",\"name\":\"V\u00cdDEO &#8211; Chuva em Santos causa deslizamentos e deixa fam\u00edlias desalojadas - Litoral SP\",\"isPartOf\":{\"@id\":\"https:\\\/\\\/redenoticiaz.com.br\\\/litoralsp\\\/#website\"},\"primaryImageOfPage\":{\"@id\":\"https:\\\/\\\/redenoticiaz.com.br\\\/litoralsp\\\/2024\\\/01\\\/25\\\/video-chuva-em-santos-causa-deslizamentos-e-deixa-familias-desalojadas#primaryimage\"},\"image\":{\"@id\":\"https:\\\/\\\/redenoticiaz.com.br\\\/litoralsp\\\/2024\\\/01\\\/25\\\/video-chuva-em-santos-causa-deslizamentos-e-deixa-familias-desalojadas#primaryimage\"},\"thumbnailUrl\":\"https:\\\/\\\/redenoticiaz.com.br\\\/litoralsp\\\/wp-content\\\/uploads\\\/sites\\\/3\\\/2024\\\/01\\\/francisco_arrais_25997.jpg\",\"datePublished\":\"2024-01-25T23:38:25+00:00\",\"description\":\"Chuva em Santos causa deslizamentos e deixa fam\u00edlias desalojadas nesta quinta-feira (25) e o tempo deve permanecer chuvoso no final de semana.\",\"inLanguage\":\"pt-BR\",\"potentialAction\":[{\"@type\":\"ReadAction\",\"target\":[\"https:\\\/\\\/redenoticiaz.com.br\\\/litoralsp\\\/2024\\\/01\\\/25\\\/video-chuva-em-santos-causa-deslizamentos-e-deixa-familias-desalojadas\"]}]},{\"@type\":\"ImageObject\",\"inLanguage\":\"pt-BR\",\"@id\":\"https:\\\/\\\/redenoticiaz.com.br\\\/litoralsp\\\/2024\\\/01\\\/25\\\/video-chuva-em-santos-causa-deslizamentos-e-deixa-familias-desalojadas#primaryimage\",\"url\":\"https:\\\/\\\/redenoticiaz.com.br\\\/litoralsp\\\/wp-content\\\/uploads\\\/sites\\\/3\\\/2024\\\/01\\\/francisco_arrais_25997.jpg\",\"contentUrl\":\"https:\\\/\\\/redenoticiaz.com.br\\\/litoralsp\\\/wp-content\\\/uploads\\\/sites\\\/3\\\/2024\\\/01\\\/francisco_arrais_25997.jpg\",\"width\":1400,\"height\":933},{\"@type\":\"WebSite\",\"@id\":\"https:\\\/\\\/redenoticiaz.com.br\\\/litoralsp\\\/#website\",\"url\":\"https:\\\/\\\/redenoticiaz.com.br\\\/litoralsp\\\/\",\"name\":\"Litoral SP\",\"description\":\"Rede NoticiaZ\",\"publisher\":{\"@id\":\"https:\\\/\\\/redenoticiaz.com.br\\\/litoralsp\\\/#organization\"},\"potentialAction\":[{\"@type\":\"SearchAction\",\"target\":{\"@type\":\"EntryPoint\",\"urlTemplate\":\"https:\\\/\\\/redenoticiaz.com.br\\\/litoralsp\\\/?s={search_term_string}\"},\"query-input\":{\"@type\":\"PropertyValueSpecification\",\"valueRequired\":true,\"valueName\":\"search_term_string\"}}],\"inLanguage\":\"pt-BR\"},{\"@type\":\"Organization\",\"@id\":\"https:\\\/\\\/redenoticiaz.com.br\\\/litoralsp\\\/#organization\",\"name\":\"Litoral SP\",\"url\":\"https:\\\/\\\/redenoticiaz.com.br\\\/litoralsp\\\/\",\"logo\":{\"@type\":\"ImageObject\",\"inLanguage\":\"pt-BR\",\"@id\":\"https:\\\/\\\/redenoticiaz.com.br\\\/litoralsp\\\/#\\\/schema\\\/logo\\\/image\\\/\",\"url\":\"https:\\\/\\\/redenoticiaz.com.br\\\/litoralsp\\\/wp-content\\\/uploads\\\/sites\\\/3\\\/2020\\\/11\\\/logo.jpg\",\"contentUrl\":\"https:\\\/\\\/redenoticiaz.com.br\\\/litoralsp\\\/wp-content\\\/uploads\\\/sites\\\/3\\\/2020\\\/11\\\/logo.jpg\",\"width\":400,\"height\":250,\"caption\":\"Litoral SP\"},\"image\":{\"@id\":\"https:\\\/\\\/redenoticiaz.com.br\\\/litoralsp\\\/#\\\/schema\\\/logo\\\/image\\\/\"}},{\"@type\":\"Person\",\"@id\":\"https:\\\/\\\/redenoticiaz.com.br\\\/litoralsp\\\/#\\\/schema\\\/person\\\/16057b37a3c0ee6b096d7f887c566e2e\",\"name\":\"Gustavo Silva\",\"image\":{\"@type\":\"ImageObject\",\"inLanguage\":\"pt-BR\",\"@id\":\"https:\\\/\\\/secure.gravatar.com\\\/avatar\\\/3ee4e82f93b26de0a7cf4ea5eb7893da637ed6bb0c9170c58065944c56e28a33?s=96&d=mm&r=g\",\"url\":\"https:\\\/\\\/secure.gravatar.com\\\/avatar\\\/3ee4e82f93b26de0a7cf4ea5eb7893da637ed6bb0c9170c58065944c56e28a33?s=96&d=mm&r=g\",\"contentUrl\":\"https:\\\/\\\/secure.gravatar.com\\\/avatar\\\/3ee4e82f93b26de0a7cf4ea5eb7893da637ed6bb0c9170c58065944c56e28a33?s=96&d=mm&r=g\",\"caption\":\"Gustavo Silva\"},\"url\":\"https:\\\/\\\/redenoticiaz.com.br\\\/litoralsp\\\/author\\\/gustavosilva\"}]}<\/script>\n<!-- \/ Yoast SEO plugin. -->","yoast_head_json":{"title":"V\u00cdDEO &#8211; Chuva em Santos causa deslizamentos e deixa fam\u00edlias desalojadas - Litoral SP","description":"Chuva em Santos causa deslizamentos e deixa fam\u00edlias desalojadas nesta quinta-feira (25) e o tempo deve permanecer chuvoso no final de semana.","robots":{"index":"index","follow":"follow","max-snippet":"max-snippet:-1","max-image-preview":"max-image-preview:large","max-video-preview":"max-video-preview:-1"},"canonical":"https:\/\/redenoticiaz.com.br\/litoralsp\/2024\/01\/25\/video-chuva-em-santos-causa-deslizamentos-e-deixa-familias-desalojadas","og_locale":"pt_BR","og_type":"article","og_title":"V\u00cdDEO &#8211; Chuva em Santos causa deslizamentos e deixa fam\u00edlias desalojadas - Litoral SP","og_description":"Chuva em Santos causa deslizamentos e deixa fam\u00edlias desalojadas nesta quinta-feira (25) e o tempo deve permanecer chuvoso no final de semana.","og_url":"https:\/\/redenoticiaz.com.br\/litoralsp\/2024\/01\/25\/video-chuva-em-santos-causa-deslizamentos-e-deixa-familias-desalojadas","og_site_name":"Litoral SP","article_published_time":"2024-01-25T23:38:25+00:00","og_image":[{"width":1400,"height":933,"url":"https:\/\/redenoticiaz.com.br\/litoralsp\/wp-content\/uploads\/sites\/3\/2024\/01\/francisco_arrais_25997.jpg","type":"image\/jpeg"}],"author":"Gustavo Silva","twitter_card":"summary_large_image","twitter_misc":{"Escrito por":"Gustavo Silva","Est. tempo de leitura":"1 minuto"},"schema":{"@context":"https:\/\/schema.org","@graph":[{"@type":"Article","@id":"https:\/\/redenoticiaz.com.br\/litoralsp\/2024\/01\/25\/video-chuva-em-santos-causa-deslizamentos-e-deixa-familias-desalojadas#article","isPartOf":{"@id":"https:\/\/redenoticiaz.com.br\/litoralsp\/2024\/01\/25\/video-chuva-em-santos-causa-deslizamentos-e-deixa-familias-desalojadas"},"author":{"name":"Gustavo Silva","@id":"https:\/\/redenoticiaz.com.br\/litoralsp\/#\/schema\/person\/16057b37a3c0ee6b096d7f887c566e2e"},"headline":"V\u00cdDEO &#8211; Chuva em Santos causa deslizamentos e deixa fam\u00edlias desalojadas","datePublished":"2024-01-25T23:38:25+00:00","mainEntityOfPage":{"@id":"https:\/\/redenoticiaz.com.br\/litoralsp\/2024\/01\/25\/video-chuva-em-santos-causa-deslizamentos-e-deixa-familias-desalojadas"},"wordCount":164,"commentCount":0,"publisher":{"@id":"https:\/\/redenoticiaz.com.br\/litoralsp\/#organization"},"image":{"@id":"https:\/\/redenoticiaz.com.br\/litoralsp\/2024\/01\/25\/video-chuva-em-santos-causa-deslizamentos-e-deixa-familias-desalojadas#primaryimage"},"thumbnailUrl":"https:\/\/redenoticiaz.com.br\/litoralsp\/wp-content\/uploads\/sites\/3\/2024\/01\/francisco_arrais_25997.jpg","keywords":["CHUVA","DEFESA CIVIL","Santos"],"articleSection":["Pol\u00edcia","Santos"],"inLanguage":"pt-BR","potentialAction":[{"@type":"CommentAction","name":"Comment","target":["https:\/\/redenoticiaz.com.br\/litoralsp\/2024\/01\/25\/video-chuva-em-santos-causa-deslizamentos-e-deixa-familias-desalojadas#respond"]}]},{"@type":"WebPage","@id":"https:\/\/redenoticiaz.com.br\/litoralsp\/2024\/01\/25\/video-chuva-em-santos-causa-deslizamentos-e-deixa-familias-desalojadas","url":"https:\/\/redenoticiaz.com.br\/litoralsp\/2024\/01\/25\/video-chuva-em-santos-causa-deslizamentos-e-deixa-familias-desalojadas","name":"V\u00cdDEO &#8211; Chuva em Santos causa deslizamentos e deixa fam\u00edlias desalojadas - Litoral SP","isPartOf":{"@id":"https:\/\/redenoticiaz.com.br\/litoralsp\/#website"},"primaryImageOfPage":{"@id":"https:\/\/redenoticiaz.com.br\/litoralsp\/2024\/01\/25\/video-chuva-em-santos-causa-deslizamentos-e-deixa-familias-desalojadas#primaryimage"},"image":{"@id":"https:\/\/redenoticiaz.com.br\/litoralsp\/2024\/01\/25\/video-chuva-em-santos-causa-deslizamentos-e-deixa-familias-desalojadas#primaryimage"},"thumbnailUrl":"https:\/\/redenoticiaz.com.br\/litoralsp\/wp-content\/uploads\/sites\/3\/2024\/01\/francisco_arrais_25997.jpg","datePublished":"2024-01-25T23:38:25+00:00","description":"Chuva em Santos causa deslizamentos e deixa fam\u00edlias desalojadas nesta quinta-feira (25) e o tempo deve permanecer chuvoso no final de semana.","inLanguage":"pt-BR","potentialAction":[{"@type":"ReadAction","target":["https:\/\/redenoticiaz.com.br\/litoralsp\/2024\/01\/25\/video-chuva-em-santos-causa-deslizamentos-e-deixa-familias-desalojadas"]}]},{"@type":"ImageObject","inLanguage":"pt-BR","@id":"https:\/\/redenoticiaz.com.br\/litoralsp\/2024\/01\/25\/video-chuva-em-santos-causa-deslizamentos-e-deixa-familias-desalojadas#primaryimage","url":"https:\/\/redenoticiaz.com.br\/litoralsp\/wp-content\/uploads\/sites\/3\/2024\/01\/francisco_arrais_25997.jpg","contentUrl":"https:\/\/redenoticiaz.com.br\/litoralsp\/wp-content\/uploads\/sites\/3\/2024\/01\/francisco_arrais_25997.jpg","width":1400,"height":933},{"@type":"WebSite","@id":"https:\/\/redenoticiaz.com.br\/litoralsp\/#website","url":"https:\/\/redenoticiaz.com.br\/litoralsp\/","name":"Litoral SP","description":"Rede NoticiaZ","publisher":{"@id":"https:\/\/redenoticiaz.com.br\/litoralsp\/#organization"},"potentialAction":[{"@type":"SearchAction","target":{"@type":"EntryPoint","urlTemplate":"https:\/\/redenoticiaz.com.br\/litoralsp\/?s={search_term_string}"},"query-input":{"@type":"PropertyValueSpecification","valueRequired":true,"valueName":"search_term_string"}}],"inLanguage":"pt-BR"},{"@type":"Organization","@id":"https:\/\/redenoticiaz.com.br\/litoralsp\/#organization","name":"Litoral SP","url":"https:\/\/redenoticiaz.com.br\/litoralsp\/","logo":{"@type":"ImageObject","inLanguage":"pt-BR","@id":"https:\/\/redenoticiaz.com.br\/litoralsp\/#\/schema\/logo\/image\/","url":"https:\/\/redenoticiaz.com.br\/litoralsp\/wp-content\/uploads\/sites\/3\/2020\/11\/logo.jpg","contentUrl":"https:\/\/redenoticiaz.com.br\/litoralsp\/wp-content\/uploads\/sites\/3\/2020\/11\/logo.jpg","width":400,"height":250,"caption":"Litoral SP"},"image":{"@id":"https:\/\/redenoticiaz.com.br\/litoralsp\/#\/schema\/logo\/image\/"}},{"@type":"Person","@id":"https:\/\/redenoticiaz.com.br\/litoralsp\/#\/schema\/person\/16057b37a3c0ee6b096d7f887c566e2e","name":"Gustavo Silva","image":{"@type":"ImageObject","inLanguage":"pt-BR","@id":"https:\/\/secure.gravatar.com\/avatar\/3ee4e82f93b26de0a7cf4ea5eb7893da637ed6bb0c9170c58065944c56e28a33?s=96&d=mm&r=g","url":"https:\/\/secure.gravatar.com\/avatar\/3ee4e82f93b26de0a7cf4ea5eb7893da637ed6bb0c9170c58065944c56e28a33?s=96&d=mm&r=g","contentUrl":"https:\/\/secure.gravatar.com\/avatar\/3ee4e82f93b26de0a7cf4ea5eb7893da637ed6bb0c9170c58065944c56e28a33?s=96&d=mm&r=g","caption":"Gustavo Silva"},"url":"https:\/\/redenoticiaz.com.br\/litoralsp\/author\/gustavosilva"}]}},"_links":{"self":[{"href":"https:\/\/redenoticiaz.com.br\/litoralsp\/wp-json\/wp\/v2\/posts\/113970","targetHints":{"allow":["GET"]}}],"collection":[{"href":"https:\/\/redenoticiaz.com.br\/litoralsp\/wp-json\/wp\/v2\/posts"}],"about":[{"href":"https:\/\/redenoticiaz.com.br\/litoralsp\/wp-json\/wp\/v2\/types\/post"}],"author":[{"embeddable":true,"href":"https:\/\/redenoticiaz.com.br\/litoralsp\/wp-json\/wp\/v2\/users\/12"}],"replies":[{"embeddable":true,"href":"https:\/\/redenoticiaz.com.br\/litoralsp\/wp-json\/wp\/v2\/comments?post=113970"}],"version-history":[{"count":1,"href":"https:\/\/redenoticiaz.com.br\/litoralsp\/wp-json\/wp\/v2\/posts\/113970\/revisions"}],"predecessor-version":[{"id":113974,"href":"https:\/\/redenoticiaz.com.br\/litoralsp\/wp-json\/wp\/v2\/posts\/113970\/revisions\/113974"}],"wp:featuredmedia":[{"embeddable":true,"href":"https:\/\/redenoticiaz.com.br\/litoralsp\/wp-json\/wp\/v2\/media\/113971"}],"wp:attachment":[{"href":"https:\/\/redenoticiaz.com.br\/litoralsp\/wp-json\/wp\/v2\/media?parent=113970"}],"wp:term":[{"taxonomy":"category","embeddable":true,"href":"https:\/\/redenoticiaz.com.br\/litoralsp\/wp-json\/wp\/v2\/categories?post=113970"},{"taxonomy":"post_tag","embeddable":true,"href":"https:\/\/redenoticiaz.com.br\/litoralsp\/wp-json\/wp\/v2\/tags?post=113970"}],"curies":[{"name":"wp","href":"https:\/\/api.w.org\/{rel}","templated":true}]}}