{"id":114099,"date":"2024-02-03T16:00:56","date_gmt":"2024-02-03T19:00:56","guid":{"rendered":"https:\/\/redenoticiaz.com.br\/litoralsp\/?p=114099"},"modified":"2024-01-31T21:05:12","modified_gmt":"2024-02-01T00:05:12","slug":"estimativa-de-publico-na-abertura-dos-jogos-de-paris-cai-para-300-mil","status":"publish","type":"post","link":"https:\/\/redenoticiaz.com.br\/litoralsp\/2024\/02\/03\/estimativa-de-publico-na-abertura-dos-jogos-de-paris-cai-para-300-mil","title":{"rendered":"Estimativa de p\u00fablico na abertura dos Jogos de Paris cai para 300 mil"},"content":{"rendered":"<p>O n\u00famero estimado de pessoas que participar\u00e3o da cerim\u00f4nia de abertura das Olimp\u00edadas deste ano foi revisto e caiu para cerca de 300 mil, disse o ministro do Interior da Fran\u00e7a, G\u00e9rald Darmanin, nesta semama.<\/p>\n<p>A cerim\u00f4nia de abertura ser\u00e1 um desfile de seis quil\u00f4metros ao longo do Rio Sena em 26 de julho, em meio a preocupa\u00e7\u00f5es com a seguran\u00e7a, j\u00e1 que a Fran\u00e7a est\u00e1 em alerta m\u00e1ximo de terrorismo.<\/p>\n<p>&#8220;A ideia \u00e9 que haja 100 mil pessoas nos cais inferiores [com ingressos pagos] e mais de 220 mil pessoas nos cais superiores [com ingressos gratuitos]&#8221;, afirmou Darmanin ao canal de TV franc\u00eas France 2. &#8220;E ent\u00e3o h\u00e1 todos aqueles que moram l\u00e1 e que poder\u00e3o alugar, fazer celebra\u00e7\u00f5es ao longo do Sena.&#8221;<\/p>\n<p>A \u00faltima vez que Darmanin fez uma estimativa do n\u00famero de participantes foi em maio de 2023, quando ele disse que eram esperadas at\u00e9 600 mil pessoas na cerim\u00f4nia de abertura.<\/p>\n<p>Leia mais<\/p>\n<p><a href=\"https:\/\/redenoticiaz.com.br\/blog\/2022\/07\/30\/comite-organizador-apresenta-calendario-oficial-da-olimpiada-de-paris\">Jundia\u00ed se prepara para receber a 11\u00aa Olimp\u00edada Brasileira de Agropecu\u00e1ria<\/a><\/p>\n<p><a href=\"https:\/\/redenoticiaz.com.br\/blog\/2023\/07\/26\/cob-anuncia-aumento-do-premio-para-medalhistas-na-olimpiada-de-paris\">COB anuncia aumento do pr\u00eamio para medalhistas na Olimp\u00edada de Paris<\/a><\/p>\n","protected":false},"excerpt":{"rendered":"<p>O n\u00famero estimado de pessoas que participar\u00e3o da cerim\u00f4nia de abertura das Olimp\u00edadas deste ano foi revisto e caiu para cerca de 300 mil, disse o ministro do Interior da Fran\u00e7a, G\u00e9rald Darmanin, nesta semama. A cerim\u00f4nia de abertura ser\u00e1 um desfile de seis quil\u00f4metros ao longo do Rio Sena em 26 de julho, em &hellip;<\/p>\n","protected":false},"author":12,"featured_media":114100,"comment_status":"open","ping_status":"closed","sticky":false,"template":"","format":"standard","meta":{"footnotes":""},"categories":[35,28092,31033],"tags":[16150,56753],"class_list":["post-114099","post","type-post","status-publish","format-standard","has-post-thumbnail","hentry","category-esporte","category-olimpiadas","category-paralimpiadas","tag-olimpiadas","tag-paris"],"yoast_head":"<!-- This site is optimized with the Yoast SEO plugin v27.5 - https:\/\/yoast.com\/product\/yoast-seo-wordpress\/ -->\n<title>Estimativa de p\u00fablico na abertura dos Jogos de Paris cai para 300 mil - Litoral SP<\/title>\n<meta name=\"description\" content=\"O n\u00famero estimado de pessoas que participar\u00e3o da cerim\u00f4nia de abertura das Olimp\u00edadas deste ano foi revisto e caiu para cerca de 300 mil, disse o ministro do Interior da Fran\u00e7a, G\u00e9rald Darmanin, nesta semama.\" \/>\n<meta name=\"robots\" content=\"index, follow, max-snippet:-1, max-image-preview:large, max-video-preview:-1\" \/>\n<link rel=\"canonical\" href=\"https:\/\/redenoticiaz.com.br\/litoralsp\/2024\/02\/03\/estimativa-de-publico-na-abertura-dos-jogos-de-paris-cai-para-300-mil\" \/>\n<meta property=\"og:locale\" content=\"pt_BR\" \/>\n<meta property=\"og:type\" content=\"article\" \/>\n<meta property=\"og:title\" content=\"Estimativa de p\u00fablico na abertura dos Jogos de Paris cai para 300 mil - Litoral SP\" \/>\n<meta property=\"og:description\" content=\"O n\u00famero estimado de pessoas que participar\u00e3o da cerim\u00f4nia de abertura das Olimp\u00edadas deste ano foi revisto e caiu para cerca de 300 mil, disse o ministro do Interior da Fran\u00e7a, G\u00e9rald Darmanin, nesta semama.\" \/>\n<meta property=\"og:url\" content=\"https:\/\/redenoticiaz.com.br\/litoralsp\/2024\/02\/03\/estimativa-de-publico-na-abertura-dos-jogos-de-paris-cai-para-300-mil\" \/>\n<meta property=\"og:site_name\" content=\"Litoral SP\" \/>\n<meta property=\"article:published_time\" content=\"2024-02-03T19:00:56+00:00\" \/>\n<meta property=\"og:image\" content=\"https:\/\/redenoticiaz.com.br\/litoralsp\/wp-content\/uploads\/sites\/3\/2024\/01\/paris_2024_olimpiada_museu.jpg?v=1706745848\" \/>\n\t<meta property=\"og:image:width\" content=\"1170\" \/>\n\t<meta property=\"og:image:height\" content=\"700\" \/>\n\t<meta property=\"og:image:type\" content=\"image\/jpeg\" \/>\n<meta name=\"author\" content=\"Gustavo Silva\" \/>\n<meta name=\"twitter:card\" content=\"summary_large_image\" \/>\n<meta name=\"twitter:label1\" content=\"Escrito por\" \/>\n\t<meta name=\"twitter:data1\" content=\"Gustavo Silva\" \/>\n\t<meta name=\"twitter:label2\" content=\"Est. tempo de leitura\" \/>\n\t<meta name=\"twitter:data2\" content=\"2 minutos\" \/>\n<script type=\"application\/ld+json\" class=\"yoast-schema-graph\">{\"@context\":\"https:\\\/\\\/schema.org\",\"@graph\":[{\"@type\":\"Article\",\"@id\":\"https:\\\/\\\/redenoticiaz.com.br\\\/litoralsp\\\/2024\\\/02\\\/03\\\/estimativa-de-publico-na-abertura-dos-jogos-de-paris-cai-para-300-mil#article\",\"isPartOf\":{\"@id\":\"https:\\\/\\\/redenoticiaz.com.br\\\/litoralsp\\\/2024\\\/02\\\/03\\\/estimativa-de-publico-na-abertura-dos-jogos-de-paris-cai-para-300-mil\"},\"author\":{\"name\":\"Gustavo Silva\",\"@id\":\"https:\\\/\\\/redenoticiaz.com.br\\\/litoralsp\\\/#\\\/schema\\\/person\\\/16057b37a3c0ee6b096d7f887c566e2e\"},\"headline\":\"Estimativa de p\u00fablico na abertura dos Jogos de Paris cai para 300 mil\",\"datePublished\":\"2024-02-03T19:00:56+00:00\",\"mainEntityOfPage\":{\"@id\":\"https:\\\/\\\/redenoticiaz.com.br\\\/litoralsp\\\/2024\\\/02\\\/03\\\/estimativa-de-publico-na-abertura-dos-jogos-de-paris-cai-para-300-mil\"},\"wordCount\":205,\"commentCount\":0,\"publisher\":{\"@id\":\"https:\\\/\\\/redenoticiaz.com.br\\\/litoralsp\\\/#organization\"},\"image\":{\"@id\":\"https:\\\/\\\/redenoticiaz.com.br\\\/litoralsp\\\/2024\\\/02\\\/03\\\/estimativa-de-publico-na-abertura-dos-jogos-de-paris-cai-para-300-mil#primaryimage\"},\"thumbnailUrl\":\"https:\\\/\\\/redenoticiaz.com.br\\\/litoralsp\\\/wp-content\\\/uploads\\\/sites\\\/3\\\/2024\\\/01\\\/paris_2024_olimpiada_museu.jpg?v=1706745848\",\"keywords\":[\"OLIMP\u00cdADAS\",\"PARIS\"],\"articleSection\":[\"Esporte\",\"Olimp\u00edadas\",\"Paralimp\u00edadas\"],\"inLanguage\":\"pt-BR\",\"potentialAction\":[{\"@type\":\"CommentAction\",\"name\":\"Comment\",\"target\":[\"https:\\\/\\\/redenoticiaz.com.br\\\/litoralsp\\\/2024\\\/02\\\/03\\\/estimativa-de-publico-na-abertura-dos-jogos-de-paris-cai-para-300-mil#respond\"]}]},{\"@type\":\"WebPage\",\"@id\":\"https:\\\/\\\/redenoticiaz.com.br\\\/litoralsp\\\/2024\\\/02\\\/03\\\/estimativa-de-publico-na-abertura-dos-jogos-de-paris-cai-para-300-mil\",\"url\":\"https:\\\/\\\/redenoticiaz.com.br\\\/litoralsp\\\/2024\\\/02\\\/03\\\/estimativa-de-publico-na-abertura-dos-jogos-de-paris-cai-para-300-mil\",\"name\":\"Estimativa de p\u00fablico na abertura dos Jogos de Paris cai para 300 mil - Litoral SP\",\"isPartOf\":{\"@id\":\"https:\\\/\\\/redenoticiaz.com.br\\\/litoralsp\\\/#website\"},\"primaryImageOfPage\":{\"@id\":\"https:\\\/\\\/redenoticiaz.com.br\\\/litoralsp\\\/2024\\\/02\\\/03\\\/estimativa-de-publico-na-abertura-dos-jogos-de-paris-cai-para-300-mil#primaryimage\"},\"image\":{\"@id\":\"https:\\\/\\\/redenoticiaz.com.br\\\/litoralsp\\\/2024\\\/02\\\/03\\\/estimativa-de-publico-na-abertura-dos-jogos-de-paris-cai-para-300-mil#primaryimage\"},\"thumbnailUrl\":\"https:\\\/\\\/redenoticiaz.com.br\\\/litoralsp\\\/wp-content\\\/uploads\\\/sites\\\/3\\\/2024\\\/01\\\/paris_2024_olimpiada_museu.jpg?v=1706745848\",\"datePublished\":\"2024-02-03T19:00:56+00:00\",\"description\":\"O n\u00famero estimado de pessoas que participar\u00e3o da cerim\u00f4nia de abertura das Olimp\u00edadas deste ano foi revisto e caiu para cerca de 300 mil, disse o ministro do Interior da Fran\u00e7a, G\u00e9rald Darmanin, nesta semama.\",\"inLanguage\":\"pt-BR\",\"potentialAction\":[{\"@type\":\"ReadAction\",\"target\":[\"https:\\\/\\\/redenoticiaz.com.br\\\/litoralsp\\\/2024\\\/02\\\/03\\\/estimativa-de-publico-na-abertura-dos-jogos-de-paris-cai-para-300-mil\"]}]},{\"@type\":\"ImageObject\",\"inLanguage\":\"pt-BR\",\"@id\":\"https:\\\/\\\/redenoticiaz.com.br\\\/litoralsp\\\/2024\\\/02\\\/03\\\/estimativa-de-publico-na-abertura-dos-jogos-de-paris-cai-para-300-mil#primaryimage\",\"url\":\"https:\\\/\\\/redenoticiaz.com.br\\\/litoralsp\\\/wp-content\\\/uploads\\\/sites\\\/3\\\/2024\\\/01\\\/paris_2024_olimpiada_museu.jpg?v=1706745848\",\"contentUrl\":\"https:\\\/\\\/redenoticiaz.com.br\\\/litoralsp\\\/wp-content\\\/uploads\\\/sites\\\/3\\\/2024\\\/01\\\/paris_2024_olimpiada_museu.jpg?v=1706745848\",\"width\":1170,\"height\":700},{\"@type\":\"WebSite\",\"@id\":\"https:\\\/\\\/redenoticiaz.com.br\\\/litoralsp\\\/#website\",\"url\":\"https:\\\/\\\/redenoticiaz.com.br\\\/litoralsp\\\/\",\"name\":\"Litoral SP\",\"description\":\"Rede NoticiaZ\",\"publisher\":{\"@id\":\"https:\\\/\\\/redenoticiaz.com.br\\\/litoralsp\\\/#organization\"},\"potentialAction\":[{\"@type\":\"SearchAction\",\"target\":{\"@type\":\"EntryPoint\",\"urlTemplate\":\"https:\\\/\\\/redenoticiaz.com.br\\\/litoralsp\\\/?s={search_term_string}\"},\"query-input\":{\"@type\":\"PropertyValueSpecification\",\"valueRequired\":true,\"valueName\":\"search_term_string\"}}],\"inLanguage\":\"pt-BR\"},{\"@type\":\"Organization\",\"@id\":\"https:\\\/\\\/redenoticiaz.com.br\\\/litoralsp\\\/#organization\",\"name\":\"Litoral SP\",\"url\":\"https:\\\/\\\/redenoticiaz.com.br\\\/litoralsp\\\/\",\"logo\":{\"@type\":\"ImageObject\",\"inLanguage\":\"pt-BR\",\"@id\":\"https:\\\/\\\/redenoticiaz.com.br\\\/litoralsp\\\/#\\\/schema\\\/logo\\\/image\\\/\",\"url\":\"https:\\\/\\\/redenoticiaz.com.br\\\/litoralsp\\\/wp-content\\\/uploads\\\/sites\\\/3\\\/2020\\\/11\\\/logo.jpg\",\"contentUrl\":\"https:\\\/\\\/redenoticiaz.com.br\\\/litoralsp\\\/wp-content\\\/uploads\\\/sites\\\/3\\\/2020\\\/11\\\/logo.jpg\",\"width\":400,\"height\":250,\"caption\":\"Litoral SP\"},\"image\":{\"@id\":\"https:\\\/\\\/redenoticiaz.com.br\\\/litoralsp\\\/#\\\/schema\\\/logo\\\/image\\\/\"}},{\"@type\":\"Person\",\"@id\":\"https:\\\/\\\/redenoticiaz.com.br\\\/litoralsp\\\/#\\\/schema\\\/person\\\/16057b37a3c0ee6b096d7f887c566e2e\",\"name\":\"Gustavo Silva\",\"image\":{\"@type\":\"ImageObject\",\"inLanguage\":\"pt-BR\",\"@id\":\"https:\\\/\\\/secure.gravatar.com\\\/avatar\\\/3ee4e82f93b26de0a7cf4ea5eb7893da637ed6bb0c9170c58065944c56e28a33?s=96&d=mm&r=g\",\"url\":\"https:\\\/\\\/secure.gravatar.com\\\/avatar\\\/3ee4e82f93b26de0a7cf4ea5eb7893da637ed6bb0c9170c58065944c56e28a33?s=96&d=mm&r=g\",\"contentUrl\":\"https:\\\/\\\/secure.gravatar.com\\\/avatar\\\/3ee4e82f93b26de0a7cf4ea5eb7893da637ed6bb0c9170c58065944c56e28a33?s=96&d=mm&r=g\",\"caption\":\"Gustavo Silva\"},\"url\":\"https:\\\/\\\/redenoticiaz.com.br\\\/litoralsp\\\/author\\\/gustavosilva\"}]}<\/script>\n<!-- \/ Yoast SEO plugin. -->","yoast_head_json":{"title":"Estimativa de p\u00fablico na abertura dos Jogos de Paris cai para 300 mil - Litoral SP","description":"O n\u00famero estimado de pessoas que participar\u00e3o da cerim\u00f4nia de abertura das Olimp\u00edadas deste ano foi revisto e caiu para cerca de 300 mil, disse o ministro do Interior da Fran\u00e7a, G\u00e9rald Darmanin, nesta semama.","robots":{"index":"index","follow":"follow","max-snippet":"max-snippet:-1","max-image-preview":"max-image-preview:large","max-video-preview":"max-video-preview:-1"},"canonical":"https:\/\/redenoticiaz.com.br\/litoralsp\/2024\/02\/03\/estimativa-de-publico-na-abertura-dos-jogos-de-paris-cai-para-300-mil","og_locale":"pt_BR","og_type":"article","og_title":"Estimativa de p\u00fablico na abertura dos Jogos de Paris cai para 300 mil - Litoral SP","og_description":"O n\u00famero estimado de pessoas que participar\u00e3o da cerim\u00f4nia de abertura das Olimp\u00edadas deste ano foi revisto e caiu para cerca de 300 mil, disse o ministro do Interior da Fran\u00e7a, G\u00e9rald Darmanin, nesta semama.","og_url":"https:\/\/redenoticiaz.com.br\/litoralsp\/2024\/02\/03\/estimativa-de-publico-na-abertura-dos-jogos-de-paris-cai-para-300-mil","og_site_name":"Litoral SP","article_published_time":"2024-02-03T19:00:56+00:00","og_image":[{"width":1170,"height":700,"url":"https:\/\/redenoticiaz.com.br\/litoralsp\/wp-content\/uploads\/sites\/3\/2024\/01\/paris_2024_olimpiada_museu.jpg?v=1706745848","type":"image\/jpeg"}],"author":"Gustavo Silva","twitter_card":"summary_large_image","twitter_misc":{"Escrito por":"Gustavo Silva","Est. tempo de leitura":"2 minutos"},"schema":{"@context":"https:\/\/schema.org","@graph":[{"@type":"Article","@id":"https:\/\/redenoticiaz.com.br\/litoralsp\/2024\/02\/03\/estimativa-de-publico-na-abertura-dos-jogos-de-paris-cai-para-300-mil#article","isPartOf":{"@id":"https:\/\/redenoticiaz.com.br\/litoralsp\/2024\/02\/03\/estimativa-de-publico-na-abertura-dos-jogos-de-paris-cai-para-300-mil"},"author":{"name":"Gustavo Silva","@id":"https:\/\/redenoticiaz.com.br\/litoralsp\/#\/schema\/person\/16057b37a3c0ee6b096d7f887c566e2e"},"headline":"Estimativa de p\u00fablico na abertura dos Jogos de Paris cai para 300 mil","datePublished":"2024-02-03T19:00:56+00:00","mainEntityOfPage":{"@id":"https:\/\/redenoticiaz.com.br\/litoralsp\/2024\/02\/03\/estimativa-de-publico-na-abertura-dos-jogos-de-paris-cai-para-300-mil"},"wordCount":205,"commentCount":0,"publisher":{"@id":"https:\/\/redenoticiaz.com.br\/litoralsp\/#organization"},"image":{"@id":"https:\/\/redenoticiaz.com.br\/litoralsp\/2024\/02\/03\/estimativa-de-publico-na-abertura-dos-jogos-de-paris-cai-para-300-mil#primaryimage"},"thumbnailUrl":"https:\/\/redenoticiaz.com.br\/litoralsp\/wp-content\/uploads\/sites\/3\/2024\/01\/paris_2024_olimpiada_museu.jpg?v=1706745848","keywords":["OLIMP\u00cdADAS","PARIS"],"articleSection":["Esporte","Olimp\u00edadas","Paralimp\u00edadas"],"inLanguage":"pt-BR","potentialAction":[{"@type":"CommentAction","name":"Comment","target":["https:\/\/redenoticiaz.com.br\/litoralsp\/2024\/02\/03\/estimativa-de-publico-na-abertura-dos-jogos-de-paris-cai-para-300-mil#respond"]}]},{"@type":"WebPage","@id":"https:\/\/redenoticiaz.com.br\/litoralsp\/2024\/02\/03\/estimativa-de-publico-na-abertura-dos-jogos-de-paris-cai-para-300-mil","url":"https:\/\/redenoticiaz.com.br\/litoralsp\/2024\/02\/03\/estimativa-de-publico-na-abertura-dos-jogos-de-paris-cai-para-300-mil","name":"Estimativa de p\u00fablico na abertura dos Jogos de Paris cai para 300 mil - Litoral SP","isPartOf":{"@id":"https:\/\/redenoticiaz.com.br\/litoralsp\/#website"},"primaryImageOfPage":{"@id":"https:\/\/redenoticiaz.com.br\/litoralsp\/2024\/02\/03\/estimativa-de-publico-na-abertura-dos-jogos-de-paris-cai-para-300-mil#primaryimage"},"image":{"@id":"https:\/\/redenoticiaz.com.br\/litoralsp\/2024\/02\/03\/estimativa-de-publico-na-abertura-dos-jogos-de-paris-cai-para-300-mil#primaryimage"},"thumbnailUrl":"https:\/\/redenoticiaz.com.br\/litoralsp\/wp-content\/uploads\/sites\/3\/2024\/01\/paris_2024_olimpiada_museu.jpg?v=1706745848","datePublished":"2024-02-03T19:00:56+00:00","description":"O n\u00famero estimado de pessoas que participar\u00e3o da cerim\u00f4nia de abertura das Olimp\u00edadas deste ano foi revisto e caiu para cerca de 300 mil, disse o ministro do Interior da Fran\u00e7a, G\u00e9rald Darmanin, nesta semama.","inLanguage":"pt-BR","potentialAction":[{"@type":"ReadAction","target":["https:\/\/redenoticiaz.com.br\/litoralsp\/2024\/02\/03\/estimativa-de-publico-na-abertura-dos-jogos-de-paris-cai-para-300-mil"]}]},{"@type":"ImageObject","inLanguage":"pt-BR","@id":"https:\/\/redenoticiaz.com.br\/litoralsp\/2024\/02\/03\/estimativa-de-publico-na-abertura-dos-jogos-de-paris-cai-para-300-mil#primaryimage","url":"https:\/\/redenoticiaz.com.br\/litoralsp\/wp-content\/uploads\/sites\/3\/2024\/01\/paris_2024_olimpiada_museu.jpg?v=1706745848","contentUrl":"https:\/\/redenoticiaz.com.br\/litoralsp\/wp-content\/uploads\/sites\/3\/2024\/01\/paris_2024_olimpiada_museu.jpg?v=1706745848","width":1170,"height":700},{"@type":"WebSite","@id":"https:\/\/redenoticiaz.com.br\/litoralsp\/#website","url":"https:\/\/redenoticiaz.com.br\/litoralsp\/","name":"Litoral SP","description":"Rede NoticiaZ","publisher":{"@id":"https:\/\/redenoticiaz.com.br\/litoralsp\/#organization"},"potentialAction":[{"@type":"SearchAction","target":{"@type":"EntryPoint","urlTemplate":"https:\/\/redenoticiaz.com.br\/litoralsp\/?s={search_term_string}"},"query-input":{"@type":"PropertyValueSpecification","valueRequired":true,"valueName":"search_term_string"}}],"inLanguage":"pt-BR"},{"@type":"Organization","@id":"https:\/\/redenoticiaz.com.br\/litoralsp\/#organization","name":"Litoral SP","url":"https:\/\/redenoticiaz.com.br\/litoralsp\/","logo":{"@type":"ImageObject","inLanguage":"pt-BR","@id":"https:\/\/redenoticiaz.com.br\/litoralsp\/#\/schema\/logo\/image\/","url":"https:\/\/redenoticiaz.com.br\/litoralsp\/wp-content\/uploads\/sites\/3\/2020\/11\/logo.jpg","contentUrl":"https:\/\/redenoticiaz.com.br\/litoralsp\/wp-content\/uploads\/sites\/3\/2020\/11\/logo.jpg","width":400,"height":250,"caption":"Litoral SP"},"image":{"@id":"https:\/\/redenoticiaz.com.br\/litoralsp\/#\/schema\/logo\/image\/"}},{"@type":"Person","@id":"https:\/\/redenoticiaz.com.br\/litoralsp\/#\/schema\/person\/16057b37a3c0ee6b096d7f887c566e2e","name":"Gustavo Silva","image":{"@type":"ImageObject","inLanguage":"pt-BR","@id":"https:\/\/secure.gravatar.com\/avatar\/3ee4e82f93b26de0a7cf4ea5eb7893da637ed6bb0c9170c58065944c56e28a33?s=96&d=mm&r=g","url":"https:\/\/secure.gravatar.com\/avatar\/3ee4e82f93b26de0a7cf4ea5eb7893da637ed6bb0c9170c58065944c56e28a33?s=96&d=mm&r=g","contentUrl":"https:\/\/secure.gravatar.com\/avatar\/3ee4e82f93b26de0a7cf4ea5eb7893da637ed6bb0c9170c58065944c56e28a33?s=96&d=mm&r=g","caption":"Gustavo Silva"},"url":"https:\/\/redenoticiaz.com.br\/litoralsp\/author\/gustavosilva"}]}},"_links":{"self":[{"href":"https:\/\/redenoticiaz.com.br\/litoralsp\/wp-json\/wp\/v2\/posts\/114099","targetHints":{"allow":["GET"]}}],"collection":[{"href":"https:\/\/redenoticiaz.com.br\/litoralsp\/wp-json\/wp\/v2\/posts"}],"about":[{"href":"https:\/\/redenoticiaz.com.br\/litoralsp\/wp-json\/wp\/v2\/types\/post"}],"author":[{"embeddable":true,"href":"https:\/\/redenoticiaz.com.br\/litoralsp\/wp-json\/wp\/v2\/users\/12"}],"replies":[{"embeddable":true,"href":"https:\/\/redenoticiaz.com.br\/litoralsp\/wp-json\/wp\/v2\/comments?post=114099"}],"version-history":[{"count":1,"href":"https:\/\/redenoticiaz.com.br\/litoralsp\/wp-json\/wp\/v2\/posts\/114099\/revisions"}],"predecessor-version":[{"id":114157,"href":"https:\/\/redenoticiaz.com.br\/litoralsp\/wp-json\/wp\/v2\/posts\/114099\/revisions\/114157"}],"wp:featuredmedia":[{"embeddable":true,"href":"https:\/\/redenoticiaz.com.br\/litoralsp\/wp-json\/wp\/v2\/media\/114100"}],"wp:attachment":[{"href":"https:\/\/redenoticiaz.com.br\/litoralsp\/wp-json\/wp\/v2\/media?parent=114099"}],"wp:term":[{"taxonomy":"category","embeddable":true,"href":"https:\/\/redenoticiaz.com.br\/litoralsp\/wp-json\/wp\/v2\/categories?post=114099"},{"taxonomy":"post_tag","embeddable":true,"href":"https:\/\/redenoticiaz.com.br\/litoralsp\/wp-json\/wp\/v2\/tags?post=114099"}],"curies":[{"name":"wp","href":"https:\/\/api.w.org\/{rel}","templated":true}]}}