{"id":114174,"date":"2024-02-04T17:08:48","date_gmt":"2024-02-04T20:08:48","guid":{"rendered":"https:\/\/redenoticiaz.com.br\/litoralsp\/?p=114174"},"modified":"2024-02-04T17:08:48","modified_gmt":"2024-02-04T20:08:48","slug":"sheila-carvalho-desfila-no-carnaval-em-santos","status":"publish","type":"post","link":"https:\/\/redenoticiaz.com.br\/litoralsp\/2024\/02\/04\/sheila-carvalho-desfila-no-carnaval-em-santos","title":{"rendered":"Sheila Carvalho desfila no carnaval em Santos"},"content":{"rendered":"<div id=\"chunk-6v670\">\n<div class=\"mc-column content-text active-extra-styles \" data-block-type=\"unstyled\" data-block-weight=\"64\" data-block-id=\"2\">\n<p data-track-category=\"Link no Texto\" data-track-links=\"\">A dan\u00e7arina Sheila Carvalho desfilou no carnaval em Santos na madrugada deste domingo (4) na na passarela do samba Dr\u00e1uzio da Cruz.<\/p>\n<p data-track-category=\"Link no Texto\" data-track-links=\"\">De acordo com as informa\u00e7\u00f5es, Sheila \u00e9 madrinha de bateria da Escola de Samba Uni\u00e3o Imperial e est\u00e1 no posto h\u00e1 8 anos.<\/p>\n<p data-track-category=\"Link no Texto\" data-track-links=\"\">Ainda de acordo com as informa\u00e7\u00f5es. Carvalho afirmou antes de cruzar a avenida em 50 minutos de desfile \u00e9 fichinha, tendo em vista que est\u00e1 acostumada a passar horas em cima de trio el\u00e9trico.<\/p>\n<p data-track-category=\"Link no Texto\" data-track-links=\"\">Sendo assim,\u00a0Sheila Carvalho surpreende e deixa f\u00e3s de boca aberta com fantasia ousada em carnaval antecipado.<\/p>\n<p data-track-category=\"Link no Texto\" data-track-links=\"\"><img loading=\"lazy\" decoding=\"async\" class=\"aligncenter wp-image-114176 size-large\" src=\"https:\/\/redenoticiaz.com.br\/litoralsp\/wp-content\/uploads\/sites\/3\/2024\/02\/sheila-carvalho-foi-madrinha-de-bateria-da-uniao-imperial.-juliana-bernardino-1024x768.jpg\" alt=\"\" width=\"1024\" height=\"768\" srcset=\"https:\/\/redenoticiaz.com.br\/litoralsp\/wp-content\/uploads\/sites\/3\/2024\/02\/sheila-carvalho-foi-madrinha-de-bateria-da-uniao-imperial.-juliana-bernardino-1024x768.jpg 1024w, https:\/\/redenoticiaz.com.br\/litoralsp\/wp-content\/uploads\/sites\/3\/2024\/02\/sheila-carvalho-foi-madrinha-de-bateria-da-uniao-imperial.-juliana-bernardino-300x225.jpg 300w, https:\/\/redenoticiaz.com.br\/litoralsp\/wp-content\/uploads\/sites\/3\/2024\/02\/sheila-carvalho-foi-madrinha-de-bateria-da-uniao-imperial.-juliana-bernardino-768x576.jpg 768w, https:\/\/redenoticiaz.com.br\/litoralsp\/wp-content\/uploads\/sites\/3\/2024\/02\/sheila-carvalho-foi-madrinha-de-bateria-da-uniao-imperial.-juliana-bernardino-1536x1152.jpg 1536w, https:\/\/redenoticiaz.com.br\/litoralsp\/wp-content\/uploads\/sites\/3\/2024\/02\/sheila-carvalho-foi-madrinha-de-bateria-da-uniao-imperial.-juliana-bernardino.jpg 1440w\" sizes=\"auto, (max-width: 1024px) 100vw, 1024px\" \/><\/p>\n<p data-track-category=\"Link no Texto\" data-track-links=\"\">Leia mais<\/p>\n<p data-track-category=\"Link no Texto\" data-track-links=\"\"><a href=\"https:\/\/redenoticiaz.com.br\/litoralsp\/2024\/02\/04\/ano-novo-sorriso-novo-entenda-se-o-implante-e-indicado-para-voce\">Ano novo, sorriso novo: entenda se o implante \u00e9 indicado para voc\u00ea<\/a><\/p>\n<p data-track-category=\"Link no Texto\" data-track-links=\"\"><a href=\"https:\/\/redenoticiaz.com.br\/litoralsp\/2024\/02\/04\/video-veja-imagens-da-camera-corporal-de-pm-baleado-e-morto\">V\u00cdDEO: Veja imagens da c\u00e2mera corporal de PM baleado e morto<\/a><\/p>\n<\/div>\n<\/div>\n","protected":false},"excerpt":{"rendered":"<p>A dan\u00e7arina Sheila Carvalho desfilou no carnaval em Santos na madrugada deste domingo (4) na na passarela do samba Dr\u00e1uzio da Cruz. De acordo com as informa\u00e7\u00f5es, Sheila \u00e9 madrinha de bateria da Escola de Samba Uni\u00e3o Imperial e est\u00e1 no posto h\u00e1 8 anos. Ainda de acordo com as informa\u00e7\u00f5es. Carvalho afirmou antes de &hellip;<\/p>\n","protected":false},"author":12,"featured_media":114175,"comment_status":"open","ping_status":"closed","sticky":false,"template":"","format":"standard","meta":{"footnotes":""},"categories":[60954,170,180],"tags":[67796,986,67954],"class_list":["post-114174","post","type-post","status-publish","format-standard","has-post-thumbnail","hentry","category-celebridades","category-entretenimento","category-santos","tag-e-o-tchan","tag-santos","tag-sheila"],"yoast_head":"<!-- This site is optimized with the Yoast SEO plugin v27.5 - https:\/\/yoast.com\/product\/yoast-seo-wordpress\/ -->\n<title>Sheila Carvalho desfila no carnaval em Santos - Litoral SP<\/title>\n<meta name=\"description\" content=\"A dan\u00e7arina Sheila Carvalho desfilou no carnaval em Santos na madrugada deste domingo (4) na na passarela do samba Dr\u00e1uzio da Cruz.\" \/>\n<meta name=\"robots\" content=\"index, follow, max-snippet:-1, max-image-preview:large, max-video-preview:-1\" \/>\n<link rel=\"canonical\" href=\"https:\/\/redenoticiaz.com.br\/litoralsp\/2024\/02\/04\/sheila-carvalho-desfila-no-carnaval-em-santos\" \/>\n<meta property=\"og:locale\" content=\"pt_BR\" \/>\n<meta property=\"og:type\" content=\"article\" \/>\n<meta property=\"og:title\" content=\"Sheila Carvalho desfila no carnaval em Santos - Litoral SP\" \/>\n<meta property=\"og:description\" content=\"A dan\u00e7arina Sheila Carvalho desfilou no carnaval em Santos na madrugada deste domingo (4) na na passarela do samba Dr\u00e1uzio da Cruz.\" \/>\n<meta property=\"og:url\" content=\"https:\/\/redenoticiaz.com.br\/litoralsp\/2024\/02\/04\/sheila-carvalho-desfila-no-carnaval-em-santos\" \/>\n<meta property=\"og:site_name\" content=\"Litoral SP\" \/>\n<meta property=\"article:published_time\" content=\"2024-02-04T20:08:48+00:00\" \/>\n<meta property=\"og:image\" content=\"https:\/\/redenoticiaz.com.br\/litoralsp\/wp-content\/uploads\/sites\/3\/2024\/02\/90f3e793-4cd2-47d3-b19c-ee8e6d531e8f.jpg\" \/>\n\t<meta property=\"og:image:width\" content=\"984\" \/>\n\t<meta property=\"og:image:height\" content=\"656\" \/>\n\t<meta property=\"og:image:type\" content=\"image\/jpeg\" \/>\n<meta name=\"author\" content=\"Gustavo Silva\" \/>\n<meta name=\"twitter:card\" content=\"summary_large_image\" \/>\n<meta name=\"twitter:label1\" content=\"Escrito por\" \/>\n\t<meta name=\"twitter:data1\" content=\"Gustavo Silva\" \/>\n\t<meta name=\"twitter:label2\" content=\"Est. tempo de leitura\" \/>\n\t<meta name=\"twitter:data2\" content=\"1 minuto\" \/>\n<script type=\"application\/ld+json\" class=\"yoast-schema-graph\">{\"@context\":\"https:\\\/\\\/schema.org\",\"@graph\":[{\"@type\":\"Article\",\"@id\":\"https:\\\/\\\/redenoticiaz.com.br\\\/litoralsp\\\/2024\\\/02\\\/04\\\/sheila-carvalho-desfila-no-carnaval-em-santos#article\",\"isPartOf\":{\"@id\":\"https:\\\/\\\/redenoticiaz.com.br\\\/litoralsp\\\/2024\\\/02\\\/04\\\/sheila-carvalho-desfila-no-carnaval-em-santos\"},\"author\":{\"name\":\"Gustavo Silva\",\"@id\":\"https:\\\/\\\/redenoticiaz.com.br\\\/litoralsp\\\/#\\\/schema\\\/person\\\/16057b37a3c0ee6b096d7f887c566e2e\"},\"headline\":\"Sheila Carvalho desfila no carnaval em Santos\",\"datePublished\":\"2024-02-04T20:08:48+00:00\",\"mainEntityOfPage\":{\"@id\":\"https:\\\/\\\/redenoticiaz.com.br\\\/litoralsp\\\/2024\\\/02\\\/04\\\/sheila-carvalho-desfila-no-carnaval-em-santos\"},\"wordCount\":131,\"commentCount\":0,\"publisher\":{\"@id\":\"https:\\\/\\\/redenoticiaz.com.br\\\/litoralsp\\\/#organization\"},\"image\":{\"@id\":\"https:\\\/\\\/redenoticiaz.com.br\\\/litoralsp\\\/2024\\\/02\\\/04\\\/sheila-carvalho-desfila-no-carnaval-em-santos#primaryimage\"},\"thumbnailUrl\":\"https:\\\/\\\/redenoticiaz.com.br\\\/litoralsp\\\/wp-content\\\/uploads\\\/sites\\\/3\\\/2024\\\/02\\\/90f3e793-4cd2-47d3-b19c-ee8e6d531e8f.jpg\",\"keywords\":[\"\u00e8 o Tchan\",\"Santos\",\"sheila\"],\"articleSection\":[\"Celebridades\",\"Entretenimento\",\"Santos\"],\"inLanguage\":\"pt-BR\",\"potentialAction\":[{\"@type\":\"CommentAction\",\"name\":\"Comment\",\"target\":[\"https:\\\/\\\/redenoticiaz.com.br\\\/litoralsp\\\/2024\\\/02\\\/04\\\/sheila-carvalho-desfila-no-carnaval-em-santos#respond\"]}]},{\"@type\":\"WebPage\",\"@id\":\"https:\\\/\\\/redenoticiaz.com.br\\\/litoralsp\\\/2024\\\/02\\\/04\\\/sheila-carvalho-desfila-no-carnaval-em-santos\",\"url\":\"https:\\\/\\\/redenoticiaz.com.br\\\/litoralsp\\\/2024\\\/02\\\/04\\\/sheila-carvalho-desfila-no-carnaval-em-santos\",\"name\":\"Sheila Carvalho desfila no carnaval em Santos - Litoral SP\",\"isPartOf\":{\"@id\":\"https:\\\/\\\/redenoticiaz.com.br\\\/litoralsp\\\/#website\"},\"primaryImageOfPage\":{\"@id\":\"https:\\\/\\\/redenoticiaz.com.br\\\/litoralsp\\\/2024\\\/02\\\/04\\\/sheila-carvalho-desfila-no-carnaval-em-santos#primaryimage\"},\"image\":{\"@id\":\"https:\\\/\\\/redenoticiaz.com.br\\\/litoralsp\\\/2024\\\/02\\\/04\\\/sheila-carvalho-desfila-no-carnaval-em-santos#primaryimage\"},\"thumbnailUrl\":\"https:\\\/\\\/redenoticiaz.com.br\\\/litoralsp\\\/wp-content\\\/uploads\\\/sites\\\/3\\\/2024\\\/02\\\/90f3e793-4cd2-47d3-b19c-ee8e6d531e8f.jpg\",\"datePublished\":\"2024-02-04T20:08:48+00:00\",\"description\":\"A dan\u00e7arina Sheila Carvalho desfilou no carnaval em Santos na madrugada deste domingo (4) na na passarela do samba Dr\u00e1uzio da Cruz.\",\"inLanguage\":\"pt-BR\",\"potentialAction\":[{\"@type\":\"ReadAction\",\"target\":[\"https:\\\/\\\/redenoticiaz.com.br\\\/litoralsp\\\/2024\\\/02\\\/04\\\/sheila-carvalho-desfila-no-carnaval-em-santos\"]}]},{\"@type\":\"ImageObject\",\"inLanguage\":\"pt-BR\",\"@id\":\"https:\\\/\\\/redenoticiaz.com.br\\\/litoralsp\\\/2024\\\/02\\\/04\\\/sheila-carvalho-desfila-no-carnaval-em-santos#primaryimage\",\"url\":\"https:\\\/\\\/redenoticiaz.com.br\\\/litoralsp\\\/wp-content\\\/uploads\\\/sites\\\/3\\\/2024\\\/02\\\/90f3e793-4cd2-47d3-b19c-ee8e6d531e8f.jpg\",\"contentUrl\":\"https:\\\/\\\/redenoticiaz.com.br\\\/litoralsp\\\/wp-content\\\/uploads\\\/sites\\\/3\\\/2024\\\/02\\\/90f3e793-4cd2-47d3-b19c-ee8e6d531e8f.jpg\",\"width\":984,\"height\":656},{\"@type\":\"WebSite\",\"@id\":\"https:\\\/\\\/redenoticiaz.com.br\\\/litoralsp\\\/#website\",\"url\":\"https:\\\/\\\/redenoticiaz.com.br\\\/litoralsp\\\/\",\"name\":\"Litoral SP\",\"description\":\"Rede NoticiaZ\",\"publisher\":{\"@id\":\"https:\\\/\\\/redenoticiaz.com.br\\\/litoralsp\\\/#organization\"},\"potentialAction\":[{\"@type\":\"SearchAction\",\"target\":{\"@type\":\"EntryPoint\",\"urlTemplate\":\"https:\\\/\\\/redenoticiaz.com.br\\\/litoralsp\\\/?s={search_term_string}\"},\"query-input\":{\"@type\":\"PropertyValueSpecification\",\"valueRequired\":true,\"valueName\":\"search_term_string\"}}],\"inLanguage\":\"pt-BR\"},{\"@type\":\"Organization\",\"@id\":\"https:\\\/\\\/redenoticiaz.com.br\\\/litoralsp\\\/#organization\",\"name\":\"Litoral SP\",\"url\":\"https:\\\/\\\/redenoticiaz.com.br\\\/litoralsp\\\/\",\"logo\":{\"@type\":\"ImageObject\",\"inLanguage\":\"pt-BR\",\"@id\":\"https:\\\/\\\/redenoticiaz.com.br\\\/litoralsp\\\/#\\\/schema\\\/logo\\\/image\\\/\",\"url\":\"https:\\\/\\\/redenoticiaz.com.br\\\/litoralsp\\\/wp-content\\\/uploads\\\/sites\\\/3\\\/2020\\\/11\\\/logo.jpg\",\"contentUrl\":\"https:\\\/\\\/redenoticiaz.com.br\\\/litoralsp\\\/wp-content\\\/uploads\\\/sites\\\/3\\\/2020\\\/11\\\/logo.jpg\",\"width\":400,\"height\":250,\"caption\":\"Litoral SP\"},\"image\":{\"@id\":\"https:\\\/\\\/redenoticiaz.com.br\\\/litoralsp\\\/#\\\/schema\\\/logo\\\/image\\\/\"}},{\"@type\":\"Person\",\"@id\":\"https:\\\/\\\/redenoticiaz.com.br\\\/litoralsp\\\/#\\\/schema\\\/person\\\/16057b37a3c0ee6b096d7f887c566e2e\",\"name\":\"Gustavo Silva\",\"image\":{\"@type\":\"ImageObject\",\"inLanguage\":\"pt-BR\",\"@id\":\"https:\\\/\\\/secure.gravatar.com\\\/avatar\\\/3ee4e82f93b26de0a7cf4ea5eb7893da637ed6bb0c9170c58065944c56e28a33?s=96&d=mm&r=g\",\"url\":\"https:\\\/\\\/secure.gravatar.com\\\/avatar\\\/3ee4e82f93b26de0a7cf4ea5eb7893da637ed6bb0c9170c58065944c56e28a33?s=96&d=mm&r=g\",\"contentUrl\":\"https:\\\/\\\/secure.gravatar.com\\\/avatar\\\/3ee4e82f93b26de0a7cf4ea5eb7893da637ed6bb0c9170c58065944c56e28a33?s=96&d=mm&r=g\",\"caption\":\"Gustavo Silva\"},\"url\":\"https:\\\/\\\/redenoticiaz.com.br\\\/litoralsp\\\/author\\\/gustavosilva\"}]}<\/script>\n<!-- \/ Yoast SEO plugin. -->","yoast_head_json":{"title":"Sheila Carvalho desfila no carnaval em Santos - Litoral SP","description":"A dan\u00e7arina Sheila Carvalho desfilou no carnaval em Santos na madrugada deste domingo (4) na na passarela do samba Dr\u00e1uzio da Cruz.","robots":{"index":"index","follow":"follow","max-snippet":"max-snippet:-1","max-image-preview":"max-image-preview:large","max-video-preview":"max-video-preview:-1"},"canonical":"https:\/\/redenoticiaz.com.br\/litoralsp\/2024\/02\/04\/sheila-carvalho-desfila-no-carnaval-em-santos","og_locale":"pt_BR","og_type":"article","og_title":"Sheila Carvalho desfila no carnaval em Santos - Litoral SP","og_description":"A dan\u00e7arina Sheila Carvalho desfilou no carnaval em Santos na madrugada deste domingo (4) na na passarela do samba Dr\u00e1uzio da Cruz.","og_url":"https:\/\/redenoticiaz.com.br\/litoralsp\/2024\/02\/04\/sheila-carvalho-desfila-no-carnaval-em-santos","og_site_name":"Litoral SP","article_published_time":"2024-02-04T20:08:48+00:00","og_image":[{"width":984,"height":656,"url":"https:\/\/redenoticiaz.com.br\/litoralsp\/wp-content\/uploads\/sites\/3\/2024\/02\/90f3e793-4cd2-47d3-b19c-ee8e6d531e8f.jpg","type":"image\/jpeg"}],"author":"Gustavo Silva","twitter_card":"summary_large_image","twitter_misc":{"Escrito por":"Gustavo Silva","Est. tempo de leitura":"1 minuto"},"schema":{"@context":"https:\/\/schema.org","@graph":[{"@type":"Article","@id":"https:\/\/redenoticiaz.com.br\/litoralsp\/2024\/02\/04\/sheila-carvalho-desfila-no-carnaval-em-santos#article","isPartOf":{"@id":"https:\/\/redenoticiaz.com.br\/litoralsp\/2024\/02\/04\/sheila-carvalho-desfila-no-carnaval-em-santos"},"author":{"name":"Gustavo Silva","@id":"https:\/\/redenoticiaz.com.br\/litoralsp\/#\/schema\/person\/16057b37a3c0ee6b096d7f887c566e2e"},"headline":"Sheila Carvalho desfila no carnaval em Santos","datePublished":"2024-02-04T20:08:48+00:00","mainEntityOfPage":{"@id":"https:\/\/redenoticiaz.com.br\/litoralsp\/2024\/02\/04\/sheila-carvalho-desfila-no-carnaval-em-santos"},"wordCount":131,"commentCount":0,"publisher":{"@id":"https:\/\/redenoticiaz.com.br\/litoralsp\/#organization"},"image":{"@id":"https:\/\/redenoticiaz.com.br\/litoralsp\/2024\/02\/04\/sheila-carvalho-desfila-no-carnaval-em-santos#primaryimage"},"thumbnailUrl":"https:\/\/redenoticiaz.com.br\/litoralsp\/wp-content\/uploads\/sites\/3\/2024\/02\/90f3e793-4cd2-47d3-b19c-ee8e6d531e8f.jpg","keywords":["\u00e8 o Tchan","Santos","sheila"],"articleSection":["Celebridades","Entretenimento","Santos"],"inLanguage":"pt-BR","potentialAction":[{"@type":"CommentAction","name":"Comment","target":["https:\/\/redenoticiaz.com.br\/litoralsp\/2024\/02\/04\/sheila-carvalho-desfila-no-carnaval-em-santos#respond"]}]},{"@type":"WebPage","@id":"https:\/\/redenoticiaz.com.br\/litoralsp\/2024\/02\/04\/sheila-carvalho-desfila-no-carnaval-em-santos","url":"https:\/\/redenoticiaz.com.br\/litoralsp\/2024\/02\/04\/sheila-carvalho-desfila-no-carnaval-em-santos","name":"Sheila Carvalho desfila no carnaval em Santos - Litoral SP","isPartOf":{"@id":"https:\/\/redenoticiaz.com.br\/litoralsp\/#website"},"primaryImageOfPage":{"@id":"https:\/\/redenoticiaz.com.br\/litoralsp\/2024\/02\/04\/sheila-carvalho-desfila-no-carnaval-em-santos#primaryimage"},"image":{"@id":"https:\/\/redenoticiaz.com.br\/litoralsp\/2024\/02\/04\/sheila-carvalho-desfila-no-carnaval-em-santos#primaryimage"},"thumbnailUrl":"https:\/\/redenoticiaz.com.br\/litoralsp\/wp-content\/uploads\/sites\/3\/2024\/02\/90f3e793-4cd2-47d3-b19c-ee8e6d531e8f.jpg","datePublished":"2024-02-04T20:08:48+00:00","description":"A dan\u00e7arina Sheila Carvalho desfilou no carnaval em Santos na madrugada deste domingo (4) na na passarela do samba Dr\u00e1uzio da Cruz.","inLanguage":"pt-BR","potentialAction":[{"@type":"ReadAction","target":["https:\/\/redenoticiaz.com.br\/litoralsp\/2024\/02\/04\/sheila-carvalho-desfila-no-carnaval-em-santos"]}]},{"@type":"ImageObject","inLanguage":"pt-BR","@id":"https:\/\/redenoticiaz.com.br\/litoralsp\/2024\/02\/04\/sheila-carvalho-desfila-no-carnaval-em-santos#primaryimage","url":"https:\/\/redenoticiaz.com.br\/litoralsp\/wp-content\/uploads\/sites\/3\/2024\/02\/90f3e793-4cd2-47d3-b19c-ee8e6d531e8f.jpg","contentUrl":"https:\/\/redenoticiaz.com.br\/litoralsp\/wp-content\/uploads\/sites\/3\/2024\/02\/90f3e793-4cd2-47d3-b19c-ee8e6d531e8f.jpg","width":984,"height":656},{"@type":"WebSite","@id":"https:\/\/redenoticiaz.com.br\/litoralsp\/#website","url":"https:\/\/redenoticiaz.com.br\/litoralsp\/","name":"Litoral SP","description":"Rede NoticiaZ","publisher":{"@id":"https:\/\/redenoticiaz.com.br\/litoralsp\/#organization"},"potentialAction":[{"@type":"SearchAction","target":{"@type":"EntryPoint","urlTemplate":"https:\/\/redenoticiaz.com.br\/litoralsp\/?s={search_term_string}"},"query-input":{"@type":"PropertyValueSpecification","valueRequired":true,"valueName":"search_term_string"}}],"inLanguage":"pt-BR"},{"@type":"Organization","@id":"https:\/\/redenoticiaz.com.br\/litoralsp\/#organization","name":"Litoral SP","url":"https:\/\/redenoticiaz.com.br\/litoralsp\/","logo":{"@type":"ImageObject","inLanguage":"pt-BR","@id":"https:\/\/redenoticiaz.com.br\/litoralsp\/#\/schema\/logo\/image\/","url":"https:\/\/redenoticiaz.com.br\/litoralsp\/wp-content\/uploads\/sites\/3\/2020\/11\/logo.jpg","contentUrl":"https:\/\/redenoticiaz.com.br\/litoralsp\/wp-content\/uploads\/sites\/3\/2020\/11\/logo.jpg","width":400,"height":250,"caption":"Litoral SP"},"image":{"@id":"https:\/\/redenoticiaz.com.br\/litoralsp\/#\/schema\/logo\/image\/"}},{"@type":"Person","@id":"https:\/\/redenoticiaz.com.br\/litoralsp\/#\/schema\/person\/16057b37a3c0ee6b096d7f887c566e2e","name":"Gustavo Silva","image":{"@type":"ImageObject","inLanguage":"pt-BR","@id":"https:\/\/secure.gravatar.com\/avatar\/3ee4e82f93b26de0a7cf4ea5eb7893da637ed6bb0c9170c58065944c56e28a33?s=96&d=mm&r=g","url":"https:\/\/secure.gravatar.com\/avatar\/3ee4e82f93b26de0a7cf4ea5eb7893da637ed6bb0c9170c58065944c56e28a33?s=96&d=mm&r=g","contentUrl":"https:\/\/secure.gravatar.com\/avatar\/3ee4e82f93b26de0a7cf4ea5eb7893da637ed6bb0c9170c58065944c56e28a33?s=96&d=mm&r=g","caption":"Gustavo Silva"},"url":"https:\/\/redenoticiaz.com.br\/litoralsp\/author\/gustavosilva"}]}},"_links":{"self":[{"href":"https:\/\/redenoticiaz.com.br\/litoralsp\/wp-json\/wp\/v2\/posts\/114174","targetHints":{"allow":["GET"]}}],"collection":[{"href":"https:\/\/redenoticiaz.com.br\/litoralsp\/wp-json\/wp\/v2\/posts"}],"about":[{"href":"https:\/\/redenoticiaz.com.br\/litoralsp\/wp-json\/wp\/v2\/types\/post"}],"author":[{"embeddable":true,"href":"https:\/\/redenoticiaz.com.br\/litoralsp\/wp-json\/wp\/v2\/users\/12"}],"replies":[{"embeddable":true,"href":"https:\/\/redenoticiaz.com.br\/litoralsp\/wp-json\/wp\/v2\/comments?post=114174"}],"version-history":[{"count":1,"href":"https:\/\/redenoticiaz.com.br\/litoralsp\/wp-json\/wp\/v2\/posts\/114174\/revisions"}],"predecessor-version":[{"id":114177,"href":"https:\/\/redenoticiaz.com.br\/litoralsp\/wp-json\/wp\/v2\/posts\/114174\/revisions\/114177"}],"wp:featuredmedia":[{"embeddable":true,"href":"https:\/\/redenoticiaz.com.br\/litoralsp\/wp-json\/wp\/v2\/media\/114175"}],"wp:attachment":[{"href":"https:\/\/redenoticiaz.com.br\/litoralsp\/wp-json\/wp\/v2\/media?parent=114174"}],"wp:term":[{"taxonomy":"category","embeddable":true,"href":"https:\/\/redenoticiaz.com.br\/litoralsp\/wp-json\/wp\/v2\/categories?post=114174"},{"taxonomy":"post_tag","embeddable":true,"href":"https:\/\/redenoticiaz.com.br\/litoralsp\/wp-json\/wp\/v2\/tags?post=114174"}],"curies":[{"name":"wp","href":"https:\/\/api.w.org\/{rel}","templated":true}]}}