{"id":114191,"date":"2024-02-05T19:30:04","date_gmt":"2024-02-05T22:30:04","guid":{"rendered":"https:\/\/redenoticiaz.com.br\/litoralsp\/?p=114191"},"modified":"2024-02-05T18:14:43","modified_gmt":"2024-02-05T21:14:43","slug":"agentes-da-gcm-em-formacao-participam-de-treinamento-de-brigada-de-incendio","status":"publish","type":"post","link":"https:\/\/redenoticiaz.com.br\/litoralsp\/2024\/02\/05\/agentes-da-gcm-em-formacao-participam-de-treinamento-de-brigada-de-incendio","title":{"rendered":"Agentes da GCM em forma\u00e7\u00e3o participam de treinamento de Brigada de Inc\u00eandio"},"content":{"rendered":"<p data-raofz=\"17\">Os novos 35 agentes em curso de forma\u00e7\u00e3o para integrarem a Guarda Civil Municipal de Guaruj\u00e1 participaram de um treinamento de Brigada de Inc\u00eandio com o objetivo de saberem agir corretamente em situa\u00e7\u00f5es de inc\u00eandio e oferecerem seguran\u00e7a nesse tipo de ocorr\u00eancia. O curso aconteceu na \u00faltima sexta-feira (2).<\/p>\n<p data-raofz=\"17\">A visita aconteceu na empresa Work Fire, que oferece esse tipo de treinamento, e os alunos foram capacitados com o instrutor Ribeiro, com apoio do sargento Amorim, do Corpo de Bombeiros.<\/p>\n<p data-raofz=\"17\">Os alunos foram preparados para atendimento pr\u00e9-hospitalar: ressuscita\u00e7\u00e3o cardiopulmonar, engasgamento e ataque epil\u00e9tico, al\u00e9m de capacitados para uso de extintores e suas classifica\u00e7\u00f5es, combate a focos de inc\u00eandio em ambiente confinado com fuma\u00e7a e combate a inc\u00eandio de grande propor\u00e7\u00e3o com uso de mangueiras e hidrante.<\/p>\n<p data-raofz=\"17\">Nesta segunda-feira (5), os alunos participaram de palestra \u2018A Evolu\u00e7\u00e3o da Guarda Civil no Brasil\u2019, ministrada pelo GCM Eliel Miranda, que atua na cidade de Paul\u00ednia-SP e tamb\u00e9m como vereador Santa Barbara do Oeste (SP). Ele \u00e9 formado em Direito e Pedagogia, tendo p\u00f3s-gradua\u00e7\u00e3o em Pol\u00edcia Comunit\u00e1ria, Seguran\u00e7a P\u00fablica e Sociedade, Seguran\u00e7a P\u00fablica e Direitos Humanos, al\u00e9m de Direitos Humanos em Coimbra (Portugal).<\/p>\n<p data-raofz=\"17\">Miranda atua ainda como palestrante na \u00e1rea de Seguran\u00e7a P\u00fablica e professor universit\u00e1rio. J\u00e1 exerceu os cargos de secret\u00e1rio de Seguran\u00e7a, Tr\u00e2nsito e Defesa Civil em Santa B\u00e1rbara d\u2019Oeste e corregedor da Guarda Municipal nessa mesma cidade.<\/p>\n<p data-raofz=\"17\">Leia mais<\/p>\n<p data-raofz=\"17\"><a href=\"https:\/\/redenoticiaz.com.br\/litoralsp\/2024\/02\/02\/lula-anuncia-construcao-do-tunel-entre-santos-e-guaruja\">Lula anuncia constru\u00e7\u00e3o do T\u00fanel entre Santos e Guaruj\u00e1<\/a><\/p>\n<p style=\"text-align: left\" data-raofz=\"17\"><a href=\"https:\/\/redenoticiaz.com.br\/litoralsp\/2024\/02\/05\/rei-charles-iii-e-diagnosticado-com-cancer\">Governo lan\u00e7a campanha para combate a viola\u00e7\u00e3o de direitos no carnaval<\/a><\/p>\n","protected":false},"excerpt":{"rendered":"<p>Os novos 35 agentes em curso de forma\u00e7\u00e3o para integrarem a Guarda Civil Municipal de Guaruj\u00e1 participaram de um treinamento de Brigada de Inc\u00eandio com o objetivo de saberem agir corretamente em situa\u00e7\u00f5es de inc\u00eandio e oferecerem seguran\u00e7a nesse tipo de ocorr\u00eancia. O curso aconteceu na \u00faltima sexta-feira (2). A visita aconteceu na empresa Work &hellip;<\/p>\n","protected":false},"author":12,"featured_media":114192,"comment_status":"open","ping_status":"closed","sticky":false,"template":"","format":"standard","meta":{"footnotes":""},"categories":[187,10],"tags":[32820,4244,6426],"class_list":["post-114191","post","type-post","status-publish","format-standard","has-post-thumbnail","hentry","category-guaruja","category-policia","tag-bombeiros","tag-gcm","tag-guaruja-2"],"yoast_head":"<!-- This site is optimized with the Yoast SEO plugin v27.4 - https:\/\/yoast.com\/product\/yoast-seo-wordpress\/ -->\n<title>Agentes da GCM em forma\u00e7\u00e3o participam de treinamento de Brigada de Inc\u00eandio - Litoral SP<\/title>\n<meta name=\"description\" content=\"A visita aconteceu na empresa Work Fire, que oferece esse tipo de treinamento, e os alunos foram capacitados com o instrutor Ribeiro, com apoio do sargento Amorim, do Corpo de Bombeiros.\" \/>\n<meta name=\"robots\" content=\"index, follow, max-snippet:-1, max-image-preview:large, max-video-preview:-1\" \/>\n<link rel=\"canonical\" href=\"https:\/\/redenoticiaz.com.br\/litoralsp\/2024\/02\/05\/agentes-da-gcm-em-formacao-participam-de-treinamento-de-brigada-de-incendio\" \/>\n<meta property=\"og:locale\" content=\"pt_BR\" \/>\n<meta property=\"og:type\" content=\"article\" \/>\n<meta property=\"og:title\" content=\"Agentes da GCM em forma\u00e7\u00e3o participam de treinamento de Brigada de Inc\u00eandio - Litoral SP\" \/>\n<meta property=\"og:description\" content=\"A visita aconteceu na empresa Work Fire, que oferece esse tipo de treinamento, e os alunos foram capacitados com o instrutor Ribeiro, com apoio do sargento Amorim, do Corpo de Bombeiros.\" \/>\n<meta property=\"og:url\" content=\"https:\/\/redenoticiaz.com.br\/litoralsp\/2024\/02\/05\/agentes-da-gcm-em-formacao-participam-de-treinamento-de-brigada-de-incendio\" \/>\n<meta property=\"og:site_name\" content=\"Litoral SP\" \/>\n<meta property=\"article:published_time\" content=\"2024-02-05T22:30:04+00:00\" \/>\n<meta property=\"og:image\" content=\"https:\/\/redenoticiaz.com.br\/litoralsp\/wp-content\/uploads\/sites\/3\/2024\/02\/brigada-1024x768-1.jpeg\" \/>\n\t<meta property=\"og:image:width\" content=\"1024\" \/>\n\t<meta property=\"og:image:height\" content=\"768\" \/>\n\t<meta property=\"og:image:type\" content=\"image\/jpeg\" \/>\n<meta name=\"author\" content=\"Gustavo Silva\" \/>\n<meta name=\"twitter:card\" content=\"summary_large_image\" \/>\n<meta name=\"twitter:label1\" content=\"Escrito por\" \/>\n\t<meta name=\"twitter:data1\" content=\"Gustavo Silva\" \/>\n\t<meta name=\"twitter:label2\" content=\"Est. tempo de leitura\" \/>\n\t<meta name=\"twitter:data2\" content=\"2 minutos\" \/>\n<script type=\"application\/ld+json\" class=\"yoast-schema-graph\">{\"@context\":\"https:\\\/\\\/schema.org\",\"@graph\":[{\"@type\":\"Article\",\"@id\":\"https:\\\/\\\/redenoticiaz.com.br\\\/litoralsp\\\/2024\\\/02\\\/05\\\/agentes-da-gcm-em-formacao-participam-de-treinamento-de-brigada-de-incendio#article\",\"isPartOf\":{\"@id\":\"https:\\\/\\\/redenoticiaz.com.br\\\/litoralsp\\\/2024\\\/02\\\/05\\\/agentes-da-gcm-em-formacao-participam-de-treinamento-de-brigada-de-incendio\"},\"author\":{\"name\":\"Gustavo Silva\",\"@id\":\"https:\\\/\\\/redenoticiaz.com.br\\\/litoralsp\\\/#\\\/schema\\\/person\\\/16057b37a3c0ee6b096d7f887c566e2e\"},\"headline\":\"Agentes da GCM em forma\u00e7\u00e3o participam de treinamento de Brigada de Inc\u00eandio\",\"datePublished\":\"2024-02-05T22:30:04+00:00\",\"mainEntityOfPage\":{\"@id\":\"https:\\\/\\\/redenoticiaz.com.br\\\/litoralsp\\\/2024\\\/02\\\/05\\\/agentes-da-gcm-em-formacao-participam-de-treinamento-de-brigada-de-incendio\"},\"wordCount\":297,\"commentCount\":0,\"publisher\":{\"@id\":\"https:\\\/\\\/redenoticiaz.com.br\\\/litoralsp\\\/#organization\"},\"image\":{\"@id\":\"https:\\\/\\\/redenoticiaz.com.br\\\/litoralsp\\\/2024\\\/02\\\/05\\\/agentes-da-gcm-em-formacao-participam-de-treinamento-de-brigada-de-incendio#primaryimage\"},\"thumbnailUrl\":\"https:\\\/\\\/redenoticiaz.com.br\\\/litoralsp\\\/wp-content\\\/uploads\\\/sites\\\/3\\\/2024\\\/02\\\/brigada-1024x768-1.jpeg\",\"keywords\":[\"Bombeiros\",\"GCM\",\"Guaruj\u00e1\"],\"articleSection\":[\"Guaruj\u00e1\",\"Pol\u00edcia\"],\"inLanguage\":\"pt-BR\",\"potentialAction\":[{\"@type\":\"CommentAction\",\"name\":\"Comment\",\"target\":[\"https:\\\/\\\/redenoticiaz.com.br\\\/litoralsp\\\/2024\\\/02\\\/05\\\/agentes-da-gcm-em-formacao-participam-de-treinamento-de-brigada-de-incendio#respond\"]}]},{\"@type\":\"WebPage\",\"@id\":\"https:\\\/\\\/redenoticiaz.com.br\\\/litoralsp\\\/2024\\\/02\\\/05\\\/agentes-da-gcm-em-formacao-participam-de-treinamento-de-brigada-de-incendio\",\"url\":\"https:\\\/\\\/redenoticiaz.com.br\\\/litoralsp\\\/2024\\\/02\\\/05\\\/agentes-da-gcm-em-formacao-participam-de-treinamento-de-brigada-de-incendio\",\"name\":\"Agentes da GCM em forma\u00e7\u00e3o participam de treinamento de Brigada de Inc\u00eandio - Litoral SP\",\"isPartOf\":{\"@id\":\"https:\\\/\\\/redenoticiaz.com.br\\\/litoralsp\\\/#website\"},\"primaryImageOfPage\":{\"@id\":\"https:\\\/\\\/redenoticiaz.com.br\\\/litoralsp\\\/2024\\\/02\\\/05\\\/agentes-da-gcm-em-formacao-participam-de-treinamento-de-brigada-de-incendio#primaryimage\"},\"image\":{\"@id\":\"https:\\\/\\\/redenoticiaz.com.br\\\/litoralsp\\\/2024\\\/02\\\/05\\\/agentes-da-gcm-em-formacao-participam-de-treinamento-de-brigada-de-incendio#primaryimage\"},\"thumbnailUrl\":\"https:\\\/\\\/redenoticiaz.com.br\\\/litoralsp\\\/wp-content\\\/uploads\\\/sites\\\/3\\\/2024\\\/02\\\/brigada-1024x768-1.jpeg\",\"datePublished\":\"2024-02-05T22:30:04+00:00\",\"description\":\"A visita aconteceu na empresa Work Fire, que oferece esse tipo de treinamento, e os alunos foram capacitados com o instrutor Ribeiro, com apoio do sargento Amorim, do Corpo de Bombeiros.\",\"inLanguage\":\"pt-BR\",\"potentialAction\":[{\"@type\":\"ReadAction\",\"target\":[\"https:\\\/\\\/redenoticiaz.com.br\\\/litoralsp\\\/2024\\\/02\\\/05\\\/agentes-da-gcm-em-formacao-participam-de-treinamento-de-brigada-de-incendio\"]}]},{\"@type\":\"ImageObject\",\"inLanguage\":\"pt-BR\",\"@id\":\"https:\\\/\\\/redenoticiaz.com.br\\\/litoralsp\\\/2024\\\/02\\\/05\\\/agentes-da-gcm-em-formacao-participam-de-treinamento-de-brigada-de-incendio#primaryimage\",\"url\":\"https:\\\/\\\/redenoticiaz.com.br\\\/litoralsp\\\/wp-content\\\/uploads\\\/sites\\\/3\\\/2024\\\/02\\\/brigada-1024x768-1.jpeg\",\"contentUrl\":\"https:\\\/\\\/redenoticiaz.com.br\\\/litoralsp\\\/wp-content\\\/uploads\\\/sites\\\/3\\\/2024\\\/02\\\/brigada-1024x768-1.jpeg\",\"width\":1024,\"height\":768},{\"@type\":\"WebSite\",\"@id\":\"https:\\\/\\\/redenoticiaz.com.br\\\/litoralsp\\\/#website\",\"url\":\"https:\\\/\\\/redenoticiaz.com.br\\\/litoralsp\\\/\",\"name\":\"Litoral SP\",\"description\":\"Rede NoticiaZ\",\"publisher\":{\"@id\":\"https:\\\/\\\/redenoticiaz.com.br\\\/litoralsp\\\/#organization\"},\"potentialAction\":[{\"@type\":\"SearchAction\",\"target\":{\"@type\":\"EntryPoint\",\"urlTemplate\":\"https:\\\/\\\/redenoticiaz.com.br\\\/litoralsp\\\/?s={search_term_string}\"},\"query-input\":{\"@type\":\"PropertyValueSpecification\",\"valueRequired\":true,\"valueName\":\"search_term_string\"}}],\"inLanguage\":\"pt-BR\"},{\"@type\":\"Organization\",\"@id\":\"https:\\\/\\\/redenoticiaz.com.br\\\/litoralsp\\\/#organization\",\"name\":\"Litoral SP\",\"url\":\"https:\\\/\\\/redenoticiaz.com.br\\\/litoralsp\\\/\",\"logo\":{\"@type\":\"ImageObject\",\"inLanguage\":\"pt-BR\",\"@id\":\"https:\\\/\\\/redenoticiaz.com.br\\\/litoralsp\\\/#\\\/schema\\\/logo\\\/image\\\/\",\"url\":\"https:\\\/\\\/redenoticiaz.com.br\\\/litoralsp\\\/wp-content\\\/uploads\\\/sites\\\/3\\\/2020\\\/11\\\/logo.jpg\",\"contentUrl\":\"https:\\\/\\\/redenoticiaz.com.br\\\/litoralsp\\\/wp-content\\\/uploads\\\/sites\\\/3\\\/2020\\\/11\\\/logo.jpg\",\"width\":400,\"height\":250,\"caption\":\"Litoral SP\"},\"image\":{\"@id\":\"https:\\\/\\\/redenoticiaz.com.br\\\/litoralsp\\\/#\\\/schema\\\/logo\\\/image\\\/\"}},{\"@type\":\"Person\",\"@id\":\"https:\\\/\\\/redenoticiaz.com.br\\\/litoralsp\\\/#\\\/schema\\\/person\\\/16057b37a3c0ee6b096d7f887c566e2e\",\"name\":\"Gustavo Silva\",\"image\":{\"@type\":\"ImageObject\",\"inLanguage\":\"pt-BR\",\"@id\":\"https:\\\/\\\/secure.gravatar.com\\\/avatar\\\/3ee4e82f93b26de0a7cf4ea5eb7893da637ed6bb0c9170c58065944c56e28a33?s=96&d=mm&r=g\",\"url\":\"https:\\\/\\\/secure.gravatar.com\\\/avatar\\\/3ee4e82f93b26de0a7cf4ea5eb7893da637ed6bb0c9170c58065944c56e28a33?s=96&d=mm&r=g\",\"contentUrl\":\"https:\\\/\\\/secure.gravatar.com\\\/avatar\\\/3ee4e82f93b26de0a7cf4ea5eb7893da637ed6bb0c9170c58065944c56e28a33?s=96&d=mm&r=g\",\"caption\":\"Gustavo Silva\"},\"url\":\"https:\\\/\\\/redenoticiaz.com.br\\\/litoralsp\\\/author\\\/gustavosilva\"}]}<\/script>\n<!-- \/ Yoast SEO plugin. -->","yoast_head_json":{"title":"Agentes da GCM em forma\u00e7\u00e3o participam de treinamento de Brigada de Inc\u00eandio - Litoral SP","description":"A visita aconteceu na empresa Work Fire, que oferece esse tipo de treinamento, e os alunos foram capacitados com o instrutor Ribeiro, com apoio do sargento Amorim, do Corpo de Bombeiros.","robots":{"index":"index","follow":"follow","max-snippet":"max-snippet:-1","max-image-preview":"max-image-preview:large","max-video-preview":"max-video-preview:-1"},"canonical":"https:\/\/redenoticiaz.com.br\/litoralsp\/2024\/02\/05\/agentes-da-gcm-em-formacao-participam-de-treinamento-de-brigada-de-incendio","og_locale":"pt_BR","og_type":"article","og_title":"Agentes da GCM em forma\u00e7\u00e3o participam de treinamento de Brigada de Inc\u00eandio - Litoral SP","og_description":"A visita aconteceu na empresa Work Fire, que oferece esse tipo de treinamento, e os alunos foram capacitados com o instrutor Ribeiro, com apoio do sargento Amorim, do Corpo de Bombeiros.","og_url":"https:\/\/redenoticiaz.com.br\/litoralsp\/2024\/02\/05\/agentes-da-gcm-em-formacao-participam-de-treinamento-de-brigada-de-incendio","og_site_name":"Litoral SP","article_published_time":"2024-02-05T22:30:04+00:00","og_image":[{"width":1024,"height":768,"url":"https:\/\/redenoticiaz.com.br\/litoralsp\/wp-content\/uploads\/sites\/3\/2024\/02\/brigada-1024x768-1.jpeg","type":"image\/jpeg"}],"author":"Gustavo Silva","twitter_card":"summary_large_image","twitter_misc":{"Escrito por":"Gustavo Silva","Est. tempo de leitura":"2 minutos"},"schema":{"@context":"https:\/\/schema.org","@graph":[{"@type":"Article","@id":"https:\/\/redenoticiaz.com.br\/litoralsp\/2024\/02\/05\/agentes-da-gcm-em-formacao-participam-de-treinamento-de-brigada-de-incendio#article","isPartOf":{"@id":"https:\/\/redenoticiaz.com.br\/litoralsp\/2024\/02\/05\/agentes-da-gcm-em-formacao-participam-de-treinamento-de-brigada-de-incendio"},"author":{"name":"Gustavo Silva","@id":"https:\/\/redenoticiaz.com.br\/litoralsp\/#\/schema\/person\/16057b37a3c0ee6b096d7f887c566e2e"},"headline":"Agentes da GCM em forma\u00e7\u00e3o participam de treinamento de Brigada de Inc\u00eandio","datePublished":"2024-02-05T22:30:04+00:00","mainEntityOfPage":{"@id":"https:\/\/redenoticiaz.com.br\/litoralsp\/2024\/02\/05\/agentes-da-gcm-em-formacao-participam-de-treinamento-de-brigada-de-incendio"},"wordCount":297,"commentCount":0,"publisher":{"@id":"https:\/\/redenoticiaz.com.br\/litoralsp\/#organization"},"image":{"@id":"https:\/\/redenoticiaz.com.br\/litoralsp\/2024\/02\/05\/agentes-da-gcm-em-formacao-participam-de-treinamento-de-brigada-de-incendio#primaryimage"},"thumbnailUrl":"https:\/\/redenoticiaz.com.br\/litoralsp\/wp-content\/uploads\/sites\/3\/2024\/02\/brigada-1024x768-1.jpeg","keywords":["Bombeiros","GCM","Guaruj\u00e1"],"articleSection":["Guaruj\u00e1","Pol\u00edcia"],"inLanguage":"pt-BR","potentialAction":[{"@type":"CommentAction","name":"Comment","target":["https:\/\/redenoticiaz.com.br\/litoralsp\/2024\/02\/05\/agentes-da-gcm-em-formacao-participam-de-treinamento-de-brigada-de-incendio#respond"]}]},{"@type":"WebPage","@id":"https:\/\/redenoticiaz.com.br\/litoralsp\/2024\/02\/05\/agentes-da-gcm-em-formacao-participam-de-treinamento-de-brigada-de-incendio","url":"https:\/\/redenoticiaz.com.br\/litoralsp\/2024\/02\/05\/agentes-da-gcm-em-formacao-participam-de-treinamento-de-brigada-de-incendio","name":"Agentes da GCM em forma\u00e7\u00e3o participam de treinamento de Brigada de Inc\u00eandio - Litoral SP","isPartOf":{"@id":"https:\/\/redenoticiaz.com.br\/litoralsp\/#website"},"primaryImageOfPage":{"@id":"https:\/\/redenoticiaz.com.br\/litoralsp\/2024\/02\/05\/agentes-da-gcm-em-formacao-participam-de-treinamento-de-brigada-de-incendio#primaryimage"},"image":{"@id":"https:\/\/redenoticiaz.com.br\/litoralsp\/2024\/02\/05\/agentes-da-gcm-em-formacao-participam-de-treinamento-de-brigada-de-incendio#primaryimage"},"thumbnailUrl":"https:\/\/redenoticiaz.com.br\/litoralsp\/wp-content\/uploads\/sites\/3\/2024\/02\/brigada-1024x768-1.jpeg","datePublished":"2024-02-05T22:30:04+00:00","description":"A visita aconteceu na empresa Work Fire, que oferece esse tipo de treinamento, e os alunos foram capacitados com o instrutor Ribeiro, com apoio do sargento Amorim, do Corpo de Bombeiros.","inLanguage":"pt-BR","potentialAction":[{"@type":"ReadAction","target":["https:\/\/redenoticiaz.com.br\/litoralsp\/2024\/02\/05\/agentes-da-gcm-em-formacao-participam-de-treinamento-de-brigada-de-incendio"]}]},{"@type":"ImageObject","inLanguage":"pt-BR","@id":"https:\/\/redenoticiaz.com.br\/litoralsp\/2024\/02\/05\/agentes-da-gcm-em-formacao-participam-de-treinamento-de-brigada-de-incendio#primaryimage","url":"https:\/\/redenoticiaz.com.br\/litoralsp\/wp-content\/uploads\/sites\/3\/2024\/02\/brigada-1024x768-1.jpeg","contentUrl":"https:\/\/redenoticiaz.com.br\/litoralsp\/wp-content\/uploads\/sites\/3\/2024\/02\/brigada-1024x768-1.jpeg","width":1024,"height":768},{"@type":"WebSite","@id":"https:\/\/redenoticiaz.com.br\/litoralsp\/#website","url":"https:\/\/redenoticiaz.com.br\/litoralsp\/","name":"Litoral SP","description":"Rede NoticiaZ","publisher":{"@id":"https:\/\/redenoticiaz.com.br\/litoralsp\/#organization"},"potentialAction":[{"@type":"SearchAction","target":{"@type":"EntryPoint","urlTemplate":"https:\/\/redenoticiaz.com.br\/litoralsp\/?s={search_term_string}"},"query-input":{"@type":"PropertyValueSpecification","valueRequired":true,"valueName":"search_term_string"}}],"inLanguage":"pt-BR"},{"@type":"Organization","@id":"https:\/\/redenoticiaz.com.br\/litoralsp\/#organization","name":"Litoral SP","url":"https:\/\/redenoticiaz.com.br\/litoralsp\/","logo":{"@type":"ImageObject","inLanguage":"pt-BR","@id":"https:\/\/redenoticiaz.com.br\/litoralsp\/#\/schema\/logo\/image\/","url":"https:\/\/redenoticiaz.com.br\/litoralsp\/wp-content\/uploads\/sites\/3\/2020\/11\/logo.jpg","contentUrl":"https:\/\/redenoticiaz.com.br\/litoralsp\/wp-content\/uploads\/sites\/3\/2020\/11\/logo.jpg","width":400,"height":250,"caption":"Litoral SP"},"image":{"@id":"https:\/\/redenoticiaz.com.br\/litoralsp\/#\/schema\/logo\/image\/"}},{"@type":"Person","@id":"https:\/\/redenoticiaz.com.br\/litoralsp\/#\/schema\/person\/16057b37a3c0ee6b096d7f887c566e2e","name":"Gustavo Silva","image":{"@type":"ImageObject","inLanguage":"pt-BR","@id":"https:\/\/secure.gravatar.com\/avatar\/3ee4e82f93b26de0a7cf4ea5eb7893da637ed6bb0c9170c58065944c56e28a33?s=96&d=mm&r=g","url":"https:\/\/secure.gravatar.com\/avatar\/3ee4e82f93b26de0a7cf4ea5eb7893da637ed6bb0c9170c58065944c56e28a33?s=96&d=mm&r=g","contentUrl":"https:\/\/secure.gravatar.com\/avatar\/3ee4e82f93b26de0a7cf4ea5eb7893da637ed6bb0c9170c58065944c56e28a33?s=96&d=mm&r=g","caption":"Gustavo Silva"},"url":"https:\/\/redenoticiaz.com.br\/litoralsp\/author\/gustavosilva"}]}},"_links":{"self":[{"href":"https:\/\/redenoticiaz.com.br\/litoralsp\/wp-json\/wp\/v2\/posts\/114191","targetHints":{"allow":["GET"]}}],"collection":[{"href":"https:\/\/redenoticiaz.com.br\/litoralsp\/wp-json\/wp\/v2\/posts"}],"about":[{"href":"https:\/\/redenoticiaz.com.br\/litoralsp\/wp-json\/wp\/v2\/types\/post"}],"author":[{"embeddable":true,"href":"https:\/\/redenoticiaz.com.br\/litoralsp\/wp-json\/wp\/v2\/users\/12"}],"replies":[{"embeddable":true,"href":"https:\/\/redenoticiaz.com.br\/litoralsp\/wp-json\/wp\/v2\/comments?post=114191"}],"version-history":[{"count":1,"href":"https:\/\/redenoticiaz.com.br\/litoralsp\/wp-json\/wp\/v2\/posts\/114191\/revisions"}],"predecessor-version":[{"id":114193,"href":"https:\/\/redenoticiaz.com.br\/litoralsp\/wp-json\/wp\/v2\/posts\/114191\/revisions\/114193"}],"wp:featuredmedia":[{"embeddable":true,"href":"https:\/\/redenoticiaz.com.br\/litoralsp\/wp-json\/wp\/v2\/media\/114192"}],"wp:attachment":[{"href":"https:\/\/redenoticiaz.com.br\/litoralsp\/wp-json\/wp\/v2\/media?parent=114191"}],"wp:term":[{"taxonomy":"category","embeddable":true,"href":"https:\/\/redenoticiaz.com.br\/litoralsp\/wp-json\/wp\/v2\/categories?post=114191"},{"taxonomy":"post_tag","embeddable":true,"href":"https:\/\/redenoticiaz.com.br\/litoralsp\/wp-json\/wp\/v2\/tags?post=114191"}],"curies":[{"name":"wp","href":"https:\/\/api.w.org\/{rel}","templated":true}]}}