{"id":114205,"date":"2024-02-06T18:30:05","date_gmt":"2024-02-06T21:30:05","guid":{"rendered":"https:\/\/redenoticiaz.com.br\/litoralsp\/?p=114205"},"modified":"2024-02-06T17:04:29","modified_gmt":"2024-02-06T20:04:29","slug":"operacao-na-orla-de-santos-apreende-116-patinetes-eletricos","status":"publish","type":"post","link":"https:\/\/redenoticiaz.com.br\/litoralsp\/2024\/02\/06\/operacao-na-orla-de-santos-apreende-116-patinetes-eletricos","title":{"rendered":"Opera\u00e7\u00e3o na orla de Santos apreende 116 patinetes el\u00e9tricos"},"content":{"rendered":"<p>A opera\u00e7\u00e3o de fiscaliza\u00e7\u00e3o sobre patinetes el\u00e9tricos realizada pela Companhia de Engenharia de Tr\u00e1fego (CET-Santos), no \u00faltimo final de semana, na orla, resultou na apreens\u00e3o de 116 desses ve\u00edculos.<\/p>\n<p>No\u00a0s\u00e1bado\u00a0(4), foram 52 remo\u00e7\u00f5es e domingo\u00a0mais 64, sendo todos eles levados para o p\u00e1tio municipal. A a\u00e7\u00e3o contou com o apoio da Guarda Civil Municipal.<\/p>\n<p>A opera\u00e7\u00e3o foi desencadeada ap\u00f3s per\u00edodo de orienta\u00e7\u00e3o aos usu\u00e1rios quanto \u00e0 utiliza\u00e7\u00e3o desse tipo de ve\u00edculo, visando coibir abusos. Com respaldo da Lei Municipal 4.221, de\u00a028 de junho\u00a0de 2023, as apreens\u00f5es se deram por estacionamento indevido em calcadas (100 remo\u00e7\u00f5es), uso para transporte de passageiros (15) e para transporte de carga (1).<\/p>\n<p>Os patinetes poder\u00e3o ser retirados do p\u00e1tio apenas pelo propriet\u00e1rio ou representante legal (\u00e9 preciso apresentar nota fiscal que ateste a compra do bem). Para tanto, \u00e9 necess\u00e1rio comparecer ao guich\u00ea da CET-Santos no Poupatempo (Rua Jo\u00e3o Pessoa, 246 &#8211; Centro), agendando dia e\u00a0<a href=\"http:\/\/www.poupatempo.sp.gov.br.\/\">hor\u00e1rio pela internet<\/a>. No local, apresentar documento de identifica\u00e7\u00e3o (RG, CNH ou registro profissional de classe), nota fiscal do equipamento e comprovante de apreens\u00e3o.<\/p>\n<p>No local, vai retirar o boleto para pagamento da multa &#8211;\u00a0 comprovante de recolhimento dever\u00e1 ser apresentado no ato da retirada do ve\u00edculo do p\u00e1tio. A multa a ser recolhida varia (valor de R$ 44,19 por estacionamento irregular; R$ 88,38 por circula\u00e7\u00e3o indevida). Tamb\u00e9m dever\u00e1 ser paga a taxa de remo\u00e7\u00e3o (valor atual de R$ 59,40) e as despesas com estadia no p\u00e1tio s\u00e3o de R$ 5,94\/dia. No caso de ve\u00edculos alugados, a responsabilidade pela retirada caber\u00e1 \u00e0 empresa locadora por representante com procura\u00e7\u00e3o legal e contrato social.<\/p>\n<p>Leia mais<\/p>\n<p><a href=\"https:\/\/redenoticiaz.com.br\/litoralsp\/2024\/02\/06\/denuncias-de-abuso-sexual-infantil-na-internet-crescem-77-em-2023\">Den\u00fancias de abuso sexual infantil na internet crescem 77% em 2023<\/a><\/p>\n<p><a href=\"https:\/\/redenoticiaz.com.br\/litoralsp\/2024\/02\/04\/sheila-carvalho-desfila-no-carnaval-em-santos\">Sheila Carvalho desfila no carnaval em Santos<\/a><\/p>\n","protected":false},"excerpt":{"rendered":"<p>A opera\u00e7\u00e3o de fiscaliza\u00e7\u00e3o sobre patinetes el\u00e9tricos realizada pela Companhia de Engenharia de Tr\u00e1fego (CET-Santos), no \u00faltimo final de semana, na orla, resultou na apreens\u00e3o de 116 desses ve\u00edculos. No\u00a0s\u00e1bado\u00a0(4), foram 52 remo\u00e7\u00f5es e domingo\u00a0mais 64, sendo todos eles levados para o p\u00e1tio municipal. A a\u00e7\u00e3o contou com o apoio da Guarda Civil Municipal. A &hellip;<\/p>\n","protected":false},"author":12,"featured_media":114206,"comment_status":"open","ping_status":"closed","sticky":false,"template":"","format":"standard","meta":{"footnotes":""},"categories":[10,180],"tags":[11,12692,67953,986],"class_list":["post-114205","post","type-post","status-publish","format-standard","has-post-thumbnail","hentry","category-policia","category-santos","tag-operacao","tag-orla","tag-patinete","tag-santos"],"yoast_head":"<!-- This site is optimized with the Yoast SEO plugin v27.5 - https:\/\/yoast.com\/product\/yoast-seo-wordpress\/ -->\n<title>Opera\u00e7\u00e3o na orla de Santos apreende 116 patinetes el\u00e9tricos - Litoral SP<\/title>\n<meta name=\"description\" content=\"A opera\u00e7\u00e3o de fiscaliza\u00e7\u00e3o sobre patinetes el\u00e9tricos realizada pela Companhia de Engenharia de Tr\u00e1fego (CET-Santos), no \u00faltimo final de semana, na orla, resultou na apreens\u00e3o de 116 desses ve\u00edculos.\" \/>\n<meta name=\"robots\" content=\"index, follow, max-snippet:-1, max-image-preview:large, max-video-preview:-1\" \/>\n<link rel=\"canonical\" href=\"https:\/\/redenoticiaz.com.br\/litoralsp\/2024\/02\/06\/operacao-na-orla-de-santos-apreende-116-patinetes-eletricos\" \/>\n<meta property=\"og:locale\" content=\"pt_BR\" \/>\n<meta property=\"og:type\" content=\"article\" \/>\n<meta property=\"og:title\" content=\"Opera\u00e7\u00e3o na orla de Santos apreende 116 patinetes el\u00e9tricos - Litoral SP\" \/>\n<meta property=\"og:description\" content=\"A opera\u00e7\u00e3o de fiscaliza\u00e7\u00e3o sobre patinetes el\u00e9tricos realizada pela Companhia de Engenharia de Tr\u00e1fego (CET-Santos), no \u00faltimo final de semana, na orla, resultou na apreens\u00e3o de 116 desses ve\u00edculos.\" \/>\n<meta property=\"og:url\" content=\"https:\/\/redenoticiaz.com.br\/litoralsp\/2024\/02\/06\/operacao-na-orla-de-santos-apreende-116-patinetes-eletricos\" \/>\n<meta property=\"og:site_name\" content=\"Litoral SP\" \/>\n<meta property=\"article:published_time\" content=\"2024-02-06T21:30:05+00:00\" \/>\n<meta property=\"og:image\" content=\"https:\/\/redenoticiaz.com.br\/litoralsp\/wp-content\/uploads\/sites\/3\/2024\/02\/patuins.jpg\" \/>\n\t<meta property=\"og:image:width\" content=\"1400\" \/>\n\t<meta property=\"og:image:height\" content=\"630\" \/>\n\t<meta property=\"og:image:type\" content=\"image\/jpeg\" \/>\n<meta name=\"author\" content=\"Gustavo Silva\" \/>\n<meta name=\"twitter:card\" content=\"summary_large_image\" \/>\n<meta name=\"twitter:label1\" content=\"Escrito por\" \/>\n\t<meta name=\"twitter:data1\" content=\"Gustavo Silva\" \/>\n\t<meta name=\"twitter:label2\" content=\"Est. tempo de leitura\" \/>\n\t<meta name=\"twitter:data2\" content=\"2 minutos\" \/>\n<script type=\"application\/ld+json\" class=\"yoast-schema-graph\">{\"@context\":\"https:\\\/\\\/schema.org\",\"@graph\":[{\"@type\":\"Article\",\"@id\":\"https:\\\/\\\/redenoticiaz.com.br\\\/litoralsp\\\/2024\\\/02\\\/06\\\/operacao-na-orla-de-santos-apreende-116-patinetes-eletricos#article\",\"isPartOf\":{\"@id\":\"https:\\\/\\\/redenoticiaz.com.br\\\/litoralsp\\\/2024\\\/02\\\/06\\\/operacao-na-orla-de-santos-apreende-116-patinetes-eletricos\"},\"author\":{\"name\":\"Gustavo Silva\",\"@id\":\"https:\\\/\\\/redenoticiaz.com.br\\\/litoralsp\\\/#\\\/schema\\\/person\\\/16057b37a3c0ee6b096d7f887c566e2e\"},\"headline\":\"Opera\u00e7\u00e3o na orla de Santos apreende 116 patinetes el\u00e9tricos\",\"datePublished\":\"2024-02-06T21:30:05+00:00\",\"mainEntityOfPage\":{\"@id\":\"https:\\\/\\\/redenoticiaz.com.br\\\/litoralsp\\\/2024\\\/02\\\/06\\\/operacao-na-orla-de-santos-apreende-116-patinetes-eletricos\"},\"wordCount\":315,\"commentCount\":0,\"publisher\":{\"@id\":\"https:\\\/\\\/redenoticiaz.com.br\\\/litoralsp\\\/#organization\"},\"image\":{\"@id\":\"https:\\\/\\\/redenoticiaz.com.br\\\/litoralsp\\\/2024\\\/02\\\/06\\\/operacao-na-orla-de-santos-apreende-116-patinetes-eletricos#primaryimage\"},\"thumbnailUrl\":\"https:\\\/\\\/redenoticiaz.com.br\\\/litoralsp\\\/wp-content\\\/uploads\\\/sites\\\/3\\\/2024\\\/02\\\/patuins.jpg\",\"keywords\":[\"opera\u00e7\u00e3o\",\"ORLA\",\"patinete\",\"Santos\"],\"articleSection\":[\"Pol\u00edcia\",\"Santos\"],\"inLanguage\":\"pt-BR\",\"potentialAction\":[{\"@type\":\"CommentAction\",\"name\":\"Comment\",\"target\":[\"https:\\\/\\\/redenoticiaz.com.br\\\/litoralsp\\\/2024\\\/02\\\/06\\\/operacao-na-orla-de-santos-apreende-116-patinetes-eletricos#respond\"]}]},{\"@type\":\"WebPage\",\"@id\":\"https:\\\/\\\/redenoticiaz.com.br\\\/litoralsp\\\/2024\\\/02\\\/06\\\/operacao-na-orla-de-santos-apreende-116-patinetes-eletricos\",\"url\":\"https:\\\/\\\/redenoticiaz.com.br\\\/litoralsp\\\/2024\\\/02\\\/06\\\/operacao-na-orla-de-santos-apreende-116-patinetes-eletricos\",\"name\":\"Opera\u00e7\u00e3o na orla de Santos apreende 116 patinetes el\u00e9tricos - Litoral SP\",\"isPartOf\":{\"@id\":\"https:\\\/\\\/redenoticiaz.com.br\\\/litoralsp\\\/#website\"},\"primaryImageOfPage\":{\"@id\":\"https:\\\/\\\/redenoticiaz.com.br\\\/litoralsp\\\/2024\\\/02\\\/06\\\/operacao-na-orla-de-santos-apreende-116-patinetes-eletricos#primaryimage\"},\"image\":{\"@id\":\"https:\\\/\\\/redenoticiaz.com.br\\\/litoralsp\\\/2024\\\/02\\\/06\\\/operacao-na-orla-de-santos-apreende-116-patinetes-eletricos#primaryimage\"},\"thumbnailUrl\":\"https:\\\/\\\/redenoticiaz.com.br\\\/litoralsp\\\/wp-content\\\/uploads\\\/sites\\\/3\\\/2024\\\/02\\\/patuins.jpg\",\"datePublished\":\"2024-02-06T21:30:05+00:00\",\"description\":\"A opera\u00e7\u00e3o de fiscaliza\u00e7\u00e3o sobre patinetes el\u00e9tricos realizada pela Companhia de Engenharia de Tr\u00e1fego (CET-Santos), no \u00faltimo final de semana, na orla, resultou na apreens\u00e3o de 116 desses ve\u00edculos.\",\"inLanguage\":\"pt-BR\",\"potentialAction\":[{\"@type\":\"ReadAction\",\"target\":[\"https:\\\/\\\/redenoticiaz.com.br\\\/litoralsp\\\/2024\\\/02\\\/06\\\/operacao-na-orla-de-santos-apreende-116-patinetes-eletricos\"]}]},{\"@type\":\"ImageObject\",\"inLanguage\":\"pt-BR\",\"@id\":\"https:\\\/\\\/redenoticiaz.com.br\\\/litoralsp\\\/2024\\\/02\\\/06\\\/operacao-na-orla-de-santos-apreende-116-patinetes-eletricos#primaryimage\",\"url\":\"https:\\\/\\\/redenoticiaz.com.br\\\/litoralsp\\\/wp-content\\\/uploads\\\/sites\\\/3\\\/2024\\\/02\\\/patuins.jpg\",\"contentUrl\":\"https:\\\/\\\/redenoticiaz.com.br\\\/litoralsp\\\/wp-content\\\/uploads\\\/sites\\\/3\\\/2024\\\/02\\\/patuins.jpg\",\"width\":1400,\"height\":630},{\"@type\":\"WebSite\",\"@id\":\"https:\\\/\\\/redenoticiaz.com.br\\\/litoralsp\\\/#website\",\"url\":\"https:\\\/\\\/redenoticiaz.com.br\\\/litoralsp\\\/\",\"name\":\"Litoral SP\",\"description\":\"Rede NoticiaZ\",\"publisher\":{\"@id\":\"https:\\\/\\\/redenoticiaz.com.br\\\/litoralsp\\\/#organization\"},\"potentialAction\":[{\"@type\":\"SearchAction\",\"target\":{\"@type\":\"EntryPoint\",\"urlTemplate\":\"https:\\\/\\\/redenoticiaz.com.br\\\/litoralsp\\\/?s={search_term_string}\"},\"query-input\":{\"@type\":\"PropertyValueSpecification\",\"valueRequired\":true,\"valueName\":\"search_term_string\"}}],\"inLanguage\":\"pt-BR\"},{\"@type\":\"Organization\",\"@id\":\"https:\\\/\\\/redenoticiaz.com.br\\\/litoralsp\\\/#organization\",\"name\":\"Litoral SP\",\"url\":\"https:\\\/\\\/redenoticiaz.com.br\\\/litoralsp\\\/\",\"logo\":{\"@type\":\"ImageObject\",\"inLanguage\":\"pt-BR\",\"@id\":\"https:\\\/\\\/redenoticiaz.com.br\\\/litoralsp\\\/#\\\/schema\\\/logo\\\/image\\\/\",\"url\":\"https:\\\/\\\/redenoticiaz.com.br\\\/litoralsp\\\/wp-content\\\/uploads\\\/sites\\\/3\\\/2020\\\/11\\\/logo.jpg\",\"contentUrl\":\"https:\\\/\\\/redenoticiaz.com.br\\\/litoralsp\\\/wp-content\\\/uploads\\\/sites\\\/3\\\/2020\\\/11\\\/logo.jpg\",\"width\":400,\"height\":250,\"caption\":\"Litoral SP\"},\"image\":{\"@id\":\"https:\\\/\\\/redenoticiaz.com.br\\\/litoralsp\\\/#\\\/schema\\\/logo\\\/image\\\/\"}},{\"@type\":\"Person\",\"@id\":\"https:\\\/\\\/redenoticiaz.com.br\\\/litoralsp\\\/#\\\/schema\\\/person\\\/16057b37a3c0ee6b096d7f887c566e2e\",\"name\":\"Gustavo Silva\",\"image\":{\"@type\":\"ImageObject\",\"inLanguage\":\"pt-BR\",\"@id\":\"https:\\\/\\\/secure.gravatar.com\\\/avatar\\\/3ee4e82f93b26de0a7cf4ea5eb7893da637ed6bb0c9170c58065944c56e28a33?s=96&d=mm&r=g\",\"url\":\"https:\\\/\\\/secure.gravatar.com\\\/avatar\\\/3ee4e82f93b26de0a7cf4ea5eb7893da637ed6bb0c9170c58065944c56e28a33?s=96&d=mm&r=g\",\"contentUrl\":\"https:\\\/\\\/secure.gravatar.com\\\/avatar\\\/3ee4e82f93b26de0a7cf4ea5eb7893da637ed6bb0c9170c58065944c56e28a33?s=96&d=mm&r=g\",\"caption\":\"Gustavo Silva\"},\"url\":\"https:\\\/\\\/redenoticiaz.com.br\\\/litoralsp\\\/author\\\/gustavosilva\"}]}<\/script>\n<!-- \/ Yoast SEO plugin. -->","yoast_head_json":{"title":"Opera\u00e7\u00e3o na orla de Santos apreende 116 patinetes el\u00e9tricos - Litoral SP","description":"A opera\u00e7\u00e3o de fiscaliza\u00e7\u00e3o sobre patinetes el\u00e9tricos realizada pela Companhia de Engenharia de Tr\u00e1fego (CET-Santos), no \u00faltimo final de semana, na orla, resultou na apreens\u00e3o de 116 desses ve\u00edculos.","robots":{"index":"index","follow":"follow","max-snippet":"max-snippet:-1","max-image-preview":"max-image-preview:large","max-video-preview":"max-video-preview:-1"},"canonical":"https:\/\/redenoticiaz.com.br\/litoralsp\/2024\/02\/06\/operacao-na-orla-de-santos-apreende-116-patinetes-eletricos","og_locale":"pt_BR","og_type":"article","og_title":"Opera\u00e7\u00e3o na orla de Santos apreende 116 patinetes el\u00e9tricos - Litoral SP","og_description":"A opera\u00e7\u00e3o de fiscaliza\u00e7\u00e3o sobre patinetes el\u00e9tricos realizada pela Companhia de Engenharia de Tr\u00e1fego (CET-Santos), no \u00faltimo final de semana, na orla, resultou na apreens\u00e3o de 116 desses ve\u00edculos.","og_url":"https:\/\/redenoticiaz.com.br\/litoralsp\/2024\/02\/06\/operacao-na-orla-de-santos-apreende-116-patinetes-eletricos","og_site_name":"Litoral SP","article_published_time":"2024-02-06T21:30:05+00:00","og_image":[{"width":1400,"height":630,"url":"https:\/\/redenoticiaz.com.br\/litoralsp\/wp-content\/uploads\/sites\/3\/2024\/02\/patuins.jpg","type":"image\/jpeg"}],"author":"Gustavo Silva","twitter_card":"summary_large_image","twitter_misc":{"Escrito por":"Gustavo Silva","Est. tempo de leitura":"2 minutos"},"schema":{"@context":"https:\/\/schema.org","@graph":[{"@type":"Article","@id":"https:\/\/redenoticiaz.com.br\/litoralsp\/2024\/02\/06\/operacao-na-orla-de-santos-apreende-116-patinetes-eletricos#article","isPartOf":{"@id":"https:\/\/redenoticiaz.com.br\/litoralsp\/2024\/02\/06\/operacao-na-orla-de-santos-apreende-116-patinetes-eletricos"},"author":{"name":"Gustavo Silva","@id":"https:\/\/redenoticiaz.com.br\/litoralsp\/#\/schema\/person\/16057b37a3c0ee6b096d7f887c566e2e"},"headline":"Opera\u00e7\u00e3o na orla de Santos apreende 116 patinetes el\u00e9tricos","datePublished":"2024-02-06T21:30:05+00:00","mainEntityOfPage":{"@id":"https:\/\/redenoticiaz.com.br\/litoralsp\/2024\/02\/06\/operacao-na-orla-de-santos-apreende-116-patinetes-eletricos"},"wordCount":315,"commentCount":0,"publisher":{"@id":"https:\/\/redenoticiaz.com.br\/litoralsp\/#organization"},"image":{"@id":"https:\/\/redenoticiaz.com.br\/litoralsp\/2024\/02\/06\/operacao-na-orla-de-santos-apreende-116-patinetes-eletricos#primaryimage"},"thumbnailUrl":"https:\/\/redenoticiaz.com.br\/litoralsp\/wp-content\/uploads\/sites\/3\/2024\/02\/patuins.jpg","keywords":["opera\u00e7\u00e3o","ORLA","patinete","Santos"],"articleSection":["Pol\u00edcia","Santos"],"inLanguage":"pt-BR","potentialAction":[{"@type":"CommentAction","name":"Comment","target":["https:\/\/redenoticiaz.com.br\/litoralsp\/2024\/02\/06\/operacao-na-orla-de-santos-apreende-116-patinetes-eletricos#respond"]}]},{"@type":"WebPage","@id":"https:\/\/redenoticiaz.com.br\/litoralsp\/2024\/02\/06\/operacao-na-orla-de-santos-apreende-116-patinetes-eletricos","url":"https:\/\/redenoticiaz.com.br\/litoralsp\/2024\/02\/06\/operacao-na-orla-de-santos-apreende-116-patinetes-eletricos","name":"Opera\u00e7\u00e3o na orla de Santos apreende 116 patinetes el\u00e9tricos - Litoral SP","isPartOf":{"@id":"https:\/\/redenoticiaz.com.br\/litoralsp\/#website"},"primaryImageOfPage":{"@id":"https:\/\/redenoticiaz.com.br\/litoralsp\/2024\/02\/06\/operacao-na-orla-de-santos-apreende-116-patinetes-eletricos#primaryimage"},"image":{"@id":"https:\/\/redenoticiaz.com.br\/litoralsp\/2024\/02\/06\/operacao-na-orla-de-santos-apreende-116-patinetes-eletricos#primaryimage"},"thumbnailUrl":"https:\/\/redenoticiaz.com.br\/litoralsp\/wp-content\/uploads\/sites\/3\/2024\/02\/patuins.jpg","datePublished":"2024-02-06T21:30:05+00:00","description":"A opera\u00e7\u00e3o de fiscaliza\u00e7\u00e3o sobre patinetes el\u00e9tricos realizada pela Companhia de Engenharia de Tr\u00e1fego (CET-Santos), no \u00faltimo final de semana, na orla, resultou na apreens\u00e3o de 116 desses ve\u00edculos.","inLanguage":"pt-BR","potentialAction":[{"@type":"ReadAction","target":["https:\/\/redenoticiaz.com.br\/litoralsp\/2024\/02\/06\/operacao-na-orla-de-santos-apreende-116-patinetes-eletricos"]}]},{"@type":"ImageObject","inLanguage":"pt-BR","@id":"https:\/\/redenoticiaz.com.br\/litoralsp\/2024\/02\/06\/operacao-na-orla-de-santos-apreende-116-patinetes-eletricos#primaryimage","url":"https:\/\/redenoticiaz.com.br\/litoralsp\/wp-content\/uploads\/sites\/3\/2024\/02\/patuins.jpg","contentUrl":"https:\/\/redenoticiaz.com.br\/litoralsp\/wp-content\/uploads\/sites\/3\/2024\/02\/patuins.jpg","width":1400,"height":630},{"@type":"WebSite","@id":"https:\/\/redenoticiaz.com.br\/litoralsp\/#website","url":"https:\/\/redenoticiaz.com.br\/litoralsp\/","name":"Litoral SP","description":"Rede NoticiaZ","publisher":{"@id":"https:\/\/redenoticiaz.com.br\/litoralsp\/#organization"},"potentialAction":[{"@type":"SearchAction","target":{"@type":"EntryPoint","urlTemplate":"https:\/\/redenoticiaz.com.br\/litoralsp\/?s={search_term_string}"},"query-input":{"@type":"PropertyValueSpecification","valueRequired":true,"valueName":"search_term_string"}}],"inLanguage":"pt-BR"},{"@type":"Organization","@id":"https:\/\/redenoticiaz.com.br\/litoralsp\/#organization","name":"Litoral SP","url":"https:\/\/redenoticiaz.com.br\/litoralsp\/","logo":{"@type":"ImageObject","inLanguage":"pt-BR","@id":"https:\/\/redenoticiaz.com.br\/litoralsp\/#\/schema\/logo\/image\/","url":"https:\/\/redenoticiaz.com.br\/litoralsp\/wp-content\/uploads\/sites\/3\/2020\/11\/logo.jpg","contentUrl":"https:\/\/redenoticiaz.com.br\/litoralsp\/wp-content\/uploads\/sites\/3\/2020\/11\/logo.jpg","width":400,"height":250,"caption":"Litoral SP"},"image":{"@id":"https:\/\/redenoticiaz.com.br\/litoralsp\/#\/schema\/logo\/image\/"}},{"@type":"Person","@id":"https:\/\/redenoticiaz.com.br\/litoralsp\/#\/schema\/person\/16057b37a3c0ee6b096d7f887c566e2e","name":"Gustavo Silva","image":{"@type":"ImageObject","inLanguage":"pt-BR","@id":"https:\/\/secure.gravatar.com\/avatar\/3ee4e82f93b26de0a7cf4ea5eb7893da637ed6bb0c9170c58065944c56e28a33?s=96&d=mm&r=g","url":"https:\/\/secure.gravatar.com\/avatar\/3ee4e82f93b26de0a7cf4ea5eb7893da637ed6bb0c9170c58065944c56e28a33?s=96&d=mm&r=g","contentUrl":"https:\/\/secure.gravatar.com\/avatar\/3ee4e82f93b26de0a7cf4ea5eb7893da637ed6bb0c9170c58065944c56e28a33?s=96&d=mm&r=g","caption":"Gustavo Silva"},"url":"https:\/\/redenoticiaz.com.br\/litoralsp\/author\/gustavosilva"}]}},"_links":{"self":[{"href":"https:\/\/redenoticiaz.com.br\/litoralsp\/wp-json\/wp\/v2\/posts\/114205","targetHints":{"allow":["GET"]}}],"collection":[{"href":"https:\/\/redenoticiaz.com.br\/litoralsp\/wp-json\/wp\/v2\/posts"}],"about":[{"href":"https:\/\/redenoticiaz.com.br\/litoralsp\/wp-json\/wp\/v2\/types\/post"}],"author":[{"embeddable":true,"href":"https:\/\/redenoticiaz.com.br\/litoralsp\/wp-json\/wp\/v2\/users\/12"}],"replies":[{"embeddable":true,"href":"https:\/\/redenoticiaz.com.br\/litoralsp\/wp-json\/wp\/v2\/comments?post=114205"}],"version-history":[{"count":1,"href":"https:\/\/redenoticiaz.com.br\/litoralsp\/wp-json\/wp\/v2\/posts\/114205\/revisions"}],"predecessor-version":[{"id":114207,"href":"https:\/\/redenoticiaz.com.br\/litoralsp\/wp-json\/wp\/v2\/posts\/114205\/revisions\/114207"}],"wp:featuredmedia":[{"embeddable":true,"href":"https:\/\/redenoticiaz.com.br\/litoralsp\/wp-json\/wp\/v2\/media\/114206"}],"wp:attachment":[{"href":"https:\/\/redenoticiaz.com.br\/litoralsp\/wp-json\/wp\/v2\/media?parent=114205"}],"wp:term":[{"taxonomy":"category","embeddable":true,"href":"https:\/\/redenoticiaz.com.br\/litoralsp\/wp-json\/wp\/v2\/categories?post=114205"},{"taxonomy":"post_tag","embeddable":true,"href":"https:\/\/redenoticiaz.com.br\/litoralsp\/wp-json\/wp\/v2\/tags?post=114205"}],"curies":[{"name":"wp","href":"https:\/\/api.w.org\/{rel}","templated":true}]}}