{"id":114360,"date":"2024-02-13T11:22:58","date_gmt":"2024-02-13T14:22:58","guid":{"rendered":"https:\/\/redenoticiaz.com.br\/litoralsp\/2024\/02\/13\/video-explosao-de-tubo-de-gas-inclinacao-do-trio-e-choro-de-ivete-marcam-a-noite-de-carnaval"},"modified":"2024-02-13T11:27:30","modified_gmt":"2024-02-13T14:27:30","slug":"video-explosao-de-tubo-de-gas-inclinacao-do-trio-e-choro-de-ivete-marcam-a-noite-de-carnaval","status":"publish","type":"post","link":"https:\/\/redenoticiaz.com.br\/litoralsp\/2024\/02\/13\/video-explosao-de-tubo-de-gas-inclinacao-do-trio-e-choro-de-ivete-marcam-a-noite-de-carnaval","title":{"rendered":"V\u00cdDEO \u2013 Explos\u00e3o de tubo de g\u00e1s, inclina\u00e7\u00e3o do trio e choro de Ivete marcam a noite de carnaval"},"content":{"rendered":"<p>O desfile de Ivete Sangalo em Salvador, no Carnaval de segunda-feira (12), foi marcado por problemas no trio el\u00e9trico da cantora. Durante a apresenta\u00e7\u00e3o, um tubo de g\u00e1s carb\u00f4nico explodiu, deixando duas pessoas feridas. Ivete interrompeu o desfile para garantir a seguran\u00e7a dos foli\u00f5es.<\/p>\n<p>Anteriormente, houve uma inclina\u00e7\u00e3o no trio e reclama\u00e7\u00e3o sobre o uso de spray de pimenta. Com as falhas, a cantora chegou a chorar, desabafando sobre a possibilidade de n\u00e3o desfilar mais no bloco Coruja.<\/p>\n<div style=\"width: 848px;\" class=\"wp-video\"><video class=\"wp-video-shortcode\" id=\"video-114360-1\" width=\"848\" height=\"478\" preload=\"metadata\" controls=\"controls\"><source type=\"video\/mp4\" src=\"https:\/\/redenoticiaz.com.br\/litoralsp\/wp-content\/uploads\/sites\/3\/2024\/02\/Video-do-WhatsApp-de-2024-02-13-as-11.09.48_1d4115c7.mp4?_=1\" \/><a href=\"https:\/\/redenoticiaz.com.br\/litoralsp\/wp-content\/uploads\/sites\/3\/2024\/02\/Video-do-WhatsApp-de-2024-02-13-as-11.09.48_1d4115c7.mp4\">https:\/\/redenoticiaz.com.br\/litoralsp\/wp-content\/uploads\/sites\/3\/2024\/02\/Video-do-WhatsApp-de-2024-02-13-as-11.09.48_1d4115c7.mp4<\/a><\/video><\/div>\n<p>O desfile foi retomado ap\u00f3s resolu\u00e7\u00e3o das quest\u00f5es t\u00e9cnicas, com a presen\u00e7a de convidados famosos, mas momentos de tens\u00e3o persistiram, com a artista acalmando a multid\u00e3o.<\/p>\n<p>&nbsp;<\/p>\n<p>LEIA MAIS<\/p>\n<p><a href=\"https:\/\/redenoticiaz.com.br\/blog\/2024\/02\/13\/escola-de-samba-gera-polemica-apos-retratar-policiais-como-demonios-em-desfile\" target=\"_blank\" rel=\"noopener\">Escola de samba gera pol\u00eamica ap\u00f3s retratar policiais como \u201cdem\u00f4nios\u201d em desfile<\/a><\/p>\n<p><a href=\"https:\/\/redenoticiaz.com.br\/blog\/2024\/02\/12\/video-incendio-na-continental-em-varzea-paulista-mobiliza-equipes-de-emergencia\">V\u00cdDEO \u2013 Inc\u00eandio na Continental em V\u00e1rzea Paulista mobiliza equipes de emerg\u00eancia<\/a><\/p>\n","protected":false},"excerpt":{"rendered":"<p>O desfile de Ivete Sangalo em Salvador, no Carnaval de segunda-feira (12), foi marcado por problemas no trio el\u00e9trico da cantora. Durante a apresenta\u00e7\u00e3o, um tubo de g\u00e1s carb\u00f4nico explodiu, deixando duas pessoas feridas. Ivete interrompeu o desfile para garantir a seguran\u00e7a dos foli\u00f5es. Anteriormente, houve uma inclina\u00e7\u00e3o no trio e reclama\u00e7\u00e3o sobre o uso &hellip;<\/p>\n","protected":false},"author":30,"featured_media":114362,"comment_status":"open","ping_status":"closed","sticky":false,"template":"","format":"standard","meta":{"footnotes":""},"categories":[2001],"tags":[10252,51889,67982],"class_list":["post-114360","post","type-post","status-publish","format-standard","has-post-thumbnail","hentry","category-cultura-e-musica","tag-carnaval","tag-gas","tag-ivete"],"yoast_head":"<!-- This site is optimized with the Yoast SEO plugin v27.5 - https:\/\/yoast.com\/product\/yoast-seo-wordpress\/ -->\n<title>V\u00cdDEO \u2013 Explos\u00e3o de tubo de g\u00e1s, inclina\u00e7\u00e3o do trio e choro de Ivete marcam a noite de carnaval - Litoral SP<\/title>\n<meta name=\"description\" content=\"O desfile de Ivete Sangalo em Salvador, no Carnaval de segunda-feira, foi marcado por problemas no trio el\u00e9trico da cantora.\" \/>\n<meta name=\"robots\" content=\"index, follow, max-snippet:-1, max-image-preview:large, max-video-preview:-1\" \/>\n<link rel=\"canonical\" href=\"https:\/\/redenoticiaz.com.br\/litoralsp\/2024\/02\/13\/video-explosao-de-tubo-de-gas-inclinacao-do-trio-e-choro-de-ivete-marcam-a-noite-de-carnaval\" \/>\n<meta property=\"og:locale\" content=\"pt_BR\" \/>\n<meta property=\"og:type\" content=\"article\" \/>\n<meta property=\"og:title\" content=\"V\u00cdDEO \u2013 Explos\u00e3o de tubo de g\u00e1s, inclina\u00e7\u00e3o do trio e choro de Ivete marcam a noite de carnaval - Litoral SP\" \/>\n<meta property=\"og:description\" content=\"O desfile de Ivete Sangalo em Salvador, no Carnaval de segunda-feira, foi marcado por problemas no trio el\u00e9trico da cantora.\" \/>\n<meta property=\"og:url\" content=\"https:\/\/redenoticiaz.com.br\/litoralsp\/2024\/02\/13\/video-explosao-de-tubo-de-gas-inclinacao-do-trio-e-choro-de-ivete-marcam-a-noite-de-carnaval\" \/>\n<meta property=\"og:site_name\" content=\"Litoral SP\" \/>\n<meta property=\"article:published_time\" content=\"2024-02-13T14:22:58+00:00\" \/>\n<meta property=\"article:modified_time\" content=\"2024-02-13T14:27:30+00:00\" \/>\n<meta property=\"og:image\" content=\"https:\/\/redenoticiaz.com.br\/litoralsp\/wp-content\/uploads\/sites\/3\/2024\/02\/Captura-de-tela-2024-02-13-110408.jpg?v=1707833125\" \/>\n\t<meta property=\"og:image:width\" content=\"206\" \/>\n\t<meta property=\"og:image:height\" content=\"230\" \/>\n\t<meta property=\"og:image:type\" content=\"image\/jpeg\" \/>\n<meta name=\"author\" content=\"Carina Reifonas\" \/>\n<meta name=\"twitter:card\" content=\"summary_large_image\" \/>\n<meta name=\"twitter:label1\" content=\"Escrito por\" \/>\n\t<meta name=\"twitter:data1\" content=\"Carina Reifonas\" \/>\n\t<meta name=\"twitter:label2\" content=\"Est. tempo de leitura\" \/>\n\t<meta name=\"twitter:data2\" content=\"1 minuto\" \/>\n<script type=\"application\/ld+json\" class=\"yoast-schema-graph\">{\"@context\":\"https:\\\/\\\/schema.org\",\"@graph\":[{\"@type\":\"Article\",\"@id\":\"https:\\\/\\\/redenoticiaz.com.br\\\/litoralsp\\\/2024\\\/02\\\/13\\\/video-explosao-de-tubo-de-gas-inclinacao-do-trio-e-choro-de-ivete-marcam-a-noite-de-carnaval#article\",\"isPartOf\":{\"@id\":\"https:\\\/\\\/redenoticiaz.com.br\\\/litoralsp\\\/2024\\\/02\\\/13\\\/video-explosao-de-tubo-de-gas-inclinacao-do-trio-e-choro-de-ivete-marcam-a-noite-de-carnaval\"},\"author\":{\"name\":\"Carina Reifonas\",\"@id\":\"https:\\\/\\\/redenoticiaz.com.br\\\/litoralsp\\\/#\\\/schema\\\/person\\\/1f84d6e94e6a62d2d81199d7503e9e90\"},\"headline\":\"V\u00cdDEO \u2013 Explos\u00e3o de tubo de g\u00e1s, inclina\u00e7\u00e3o do trio e choro de Ivete marcam a noite de carnaval\",\"datePublished\":\"2024-02-13T14:22:58+00:00\",\"dateModified\":\"2024-02-13T14:27:30+00:00\",\"mainEntityOfPage\":{\"@id\":\"https:\\\/\\\/redenoticiaz.com.br\\\/litoralsp\\\/2024\\\/02\\\/13\\\/video-explosao-de-tubo-de-gas-inclinacao-do-trio-e-choro-de-ivete-marcam-a-noite-de-carnaval\"},\"wordCount\":194,\"commentCount\":0,\"publisher\":{\"@id\":\"https:\\\/\\\/redenoticiaz.com.br\\\/litoralsp\\\/#organization\"},\"image\":{\"@id\":\"https:\\\/\\\/redenoticiaz.com.br\\\/litoralsp\\\/2024\\\/02\\\/13\\\/video-explosao-de-tubo-de-gas-inclinacao-do-trio-e-choro-de-ivete-marcam-a-noite-de-carnaval#primaryimage\"},\"thumbnailUrl\":\"https:\\\/\\\/redenoticiaz.com.br\\\/litoralsp\\\/wp-content\\\/uploads\\\/sites\\\/3\\\/2024\\\/02\\\/Captura-de-tela-2024-02-13-110408.jpg?v=1707833125\",\"keywords\":[\"CARNAVAL\",\"G\u00c1S\",\"Ivete\"],\"articleSection\":[\"Cultura e M\u00fasica\"],\"inLanguage\":\"pt-BR\",\"potentialAction\":[{\"@type\":\"CommentAction\",\"name\":\"Comment\",\"target\":[\"https:\\\/\\\/redenoticiaz.com.br\\\/litoralsp\\\/2024\\\/02\\\/13\\\/video-explosao-de-tubo-de-gas-inclinacao-do-trio-e-choro-de-ivete-marcam-a-noite-de-carnaval#respond\"]}]},{\"@type\":\"WebPage\",\"@id\":\"https:\\\/\\\/redenoticiaz.com.br\\\/litoralsp\\\/2024\\\/02\\\/13\\\/video-explosao-de-tubo-de-gas-inclinacao-do-trio-e-choro-de-ivete-marcam-a-noite-de-carnaval\",\"url\":\"https:\\\/\\\/redenoticiaz.com.br\\\/litoralsp\\\/2024\\\/02\\\/13\\\/video-explosao-de-tubo-de-gas-inclinacao-do-trio-e-choro-de-ivete-marcam-a-noite-de-carnaval\",\"name\":\"V\u00cdDEO \u2013 Explos\u00e3o de tubo de g\u00e1s, inclina\u00e7\u00e3o do trio e choro de Ivete marcam a noite de carnaval - Litoral SP\",\"isPartOf\":{\"@id\":\"https:\\\/\\\/redenoticiaz.com.br\\\/litoralsp\\\/#website\"},\"primaryImageOfPage\":{\"@id\":\"https:\\\/\\\/redenoticiaz.com.br\\\/litoralsp\\\/2024\\\/02\\\/13\\\/video-explosao-de-tubo-de-gas-inclinacao-do-trio-e-choro-de-ivete-marcam-a-noite-de-carnaval#primaryimage\"},\"image\":{\"@id\":\"https:\\\/\\\/redenoticiaz.com.br\\\/litoralsp\\\/2024\\\/02\\\/13\\\/video-explosao-de-tubo-de-gas-inclinacao-do-trio-e-choro-de-ivete-marcam-a-noite-de-carnaval#primaryimage\"},\"thumbnailUrl\":\"https:\\\/\\\/redenoticiaz.com.br\\\/litoralsp\\\/wp-content\\\/uploads\\\/sites\\\/3\\\/2024\\\/02\\\/Captura-de-tela-2024-02-13-110408.jpg?v=1707833125\",\"datePublished\":\"2024-02-13T14:22:58+00:00\",\"dateModified\":\"2024-02-13T14:27:30+00:00\",\"description\":\"O desfile de Ivete Sangalo em Salvador, no Carnaval de segunda-feira, foi marcado por problemas no trio el\u00e9trico da cantora.\",\"inLanguage\":\"pt-BR\",\"potentialAction\":[{\"@type\":\"ReadAction\",\"target\":[\"https:\\\/\\\/redenoticiaz.com.br\\\/litoralsp\\\/2024\\\/02\\\/13\\\/video-explosao-de-tubo-de-gas-inclinacao-do-trio-e-choro-de-ivete-marcam-a-noite-de-carnaval\"]}]},{\"@type\":\"ImageObject\",\"inLanguage\":\"pt-BR\",\"@id\":\"https:\\\/\\\/redenoticiaz.com.br\\\/litoralsp\\\/2024\\\/02\\\/13\\\/video-explosao-de-tubo-de-gas-inclinacao-do-trio-e-choro-de-ivete-marcam-a-noite-de-carnaval#primaryimage\",\"url\":\"https:\\\/\\\/redenoticiaz.com.br\\\/litoralsp\\\/wp-content\\\/uploads\\\/sites\\\/3\\\/2024\\\/02\\\/Captura-de-tela-2024-02-13-110408.jpg?v=1707833125\",\"contentUrl\":\"https:\\\/\\\/redenoticiaz.com.br\\\/litoralsp\\\/wp-content\\\/uploads\\\/sites\\\/3\\\/2024\\\/02\\\/Captura-de-tela-2024-02-13-110408.jpg?v=1707833125\",\"width\":206,\"height\":230},{\"@type\":\"WebSite\",\"@id\":\"https:\\\/\\\/redenoticiaz.com.br\\\/litoralsp\\\/#website\",\"url\":\"https:\\\/\\\/redenoticiaz.com.br\\\/litoralsp\\\/\",\"name\":\"Litoral SP\",\"description\":\"Rede NoticiaZ\",\"publisher\":{\"@id\":\"https:\\\/\\\/redenoticiaz.com.br\\\/litoralsp\\\/#organization\"},\"potentialAction\":[{\"@type\":\"SearchAction\",\"target\":{\"@type\":\"EntryPoint\",\"urlTemplate\":\"https:\\\/\\\/redenoticiaz.com.br\\\/litoralsp\\\/?s={search_term_string}\"},\"query-input\":{\"@type\":\"PropertyValueSpecification\",\"valueRequired\":true,\"valueName\":\"search_term_string\"}}],\"inLanguage\":\"pt-BR\"},{\"@type\":\"Organization\",\"@id\":\"https:\\\/\\\/redenoticiaz.com.br\\\/litoralsp\\\/#organization\",\"name\":\"Litoral SP\",\"url\":\"https:\\\/\\\/redenoticiaz.com.br\\\/litoralsp\\\/\",\"logo\":{\"@type\":\"ImageObject\",\"inLanguage\":\"pt-BR\",\"@id\":\"https:\\\/\\\/redenoticiaz.com.br\\\/litoralsp\\\/#\\\/schema\\\/logo\\\/image\\\/\",\"url\":\"https:\\\/\\\/redenoticiaz.com.br\\\/litoralsp\\\/wp-content\\\/uploads\\\/sites\\\/3\\\/2020\\\/11\\\/logo.jpg\",\"contentUrl\":\"https:\\\/\\\/redenoticiaz.com.br\\\/litoralsp\\\/wp-content\\\/uploads\\\/sites\\\/3\\\/2020\\\/11\\\/logo.jpg\",\"width\":400,\"height\":250,\"caption\":\"Litoral SP\"},\"image\":{\"@id\":\"https:\\\/\\\/redenoticiaz.com.br\\\/litoralsp\\\/#\\\/schema\\\/logo\\\/image\\\/\"}},{\"@type\":\"Person\",\"@id\":\"https:\\\/\\\/redenoticiaz.com.br\\\/litoralsp\\\/#\\\/schema\\\/person\\\/1f84d6e94e6a62d2d81199d7503e9e90\",\"name\":\"Carina Reifonas\",\"image\":{\"@type\":\"ImageObject\",\"inLanguage\":\"pt-BR\",\"@id\":\"https:\\\/\\\/secure.gravatar.com\\\/avatar\\\/04c59859b23696cf867715880f81d5c037e60109730bdb4e6670ec2a2245bc97?s=96&d=mm&r=g\",\"url\":\"https:\\\/\\\/secure.gravatar.com\\\/avatar\\\/04c59859b23696cf867715880f81d5c037e60109730bdb4e6670ec2a2245bc97?s=96&d=mm&r=g\",\"contentUrl\":\"https:\\\/\\\/secure.gravatar.com\\\/avatar\\\/04c59859b23696cf867715880f81d5c037e60109730bdb4e6670ec2a2245bc97?s=96&d=mm&r=g\",\"caption\":\"Carina Reifonas\"},\"url\":\"https:\\\/\\\/redenoticiaz.com.br\\\/litoralsp\\\/author\\\/carinareifonas\"}]}<\/script>\n<!-- \/ Yoast SEO plugin. -->","yoast_head_json":{"title":"V\u00cdDEO \u2013 Explos\u00e3o de tubo de g\u00e1s, inclina\u00e7\u00e3o do trio e choro de Ivete marcam a noite de carnaval - Litoral SP","description":"O desfile de Ivete Sangalo em Salvador, no Carnaval de segunda-feira, foi marcado por problemas no trio el\u00e9trico da cantora.","robots":{"index":"index","follow":"follow","max-snippet":"max-snippet:-1","max-image-preview":"max-image-preview:large","max-video-preview":"max-video-preview:-1"},"canonical":"https:\/\/redenoticiaz.com.br\/litoralsp\/2024\/02\/13\/video-explosao-de-tubo-de-gas-inclinacao-do-trio-e-choro-de-ivete-marcam-a-noite-de-carnaval","og_locale":"pt_BR","og_type":"article","og_title":"V\u00cdDEO \u2013 Explos\u00e3o de tubo de g\u00e1s, inclina\u00e7\u00e3o do trio e choro de Ivete marcam a noite de carnaval - Litoral SP","og_description":"O desfile de Ivete Sangalo em Salvador, no Carnaval de segunda-feira, foi marcado por problemas no trio el\u00e9trico da cantora.","og_url":"https:\/\/redenoticiaz.com.br\/litoralsp\/2024\/02\/13\/video-explosao-de-tubo-de-gas-inclinacao-do-trio-e-choro-de-ivete-marcam-a-noite-de-carnaval","og_site_name":"Litoral SP","article_published_time":"2024-02-13T14:22:58+00:00","article_modified_time":"2024-02-13T14:27:30+00:00","og_image":[{"width":206,"height":230,"url":"https:\/\/redenoticiaz.com.br\/litoralsp\/wp-content\/uploads\/sites\/3\/2024\/02\/Captura-de-tela-2024-02-13-110408.jpg?v=1707833125","type":"image\/jpeg"}],"author":"Carina Reifonas","twitter_card":"summary_large_image","twitter_misc":{"Escrito por":"Carina Reifonas","Est. tempo de leitura":"1 minuto"},"schema":{"@context":"https:\/\/schema.org","@graph":[{"@type":"Article","@id":"https:\/\/redenoticiaz.com.br\/litoralsp\/2024\/02\/13\/video-explosao-de-tubo-de-gas-inclinacao-do-trio-e-choro-de-ivete-marcam-a-noite-de-carnaval#article","isPartOf":{"@id":"https:\/\/redenoticiaz.com.br\/litoralsp\/2024\/02\/13\/video-explosao-de-tubo-de-gas-inclinacao-do-trio-e-choro-de-ivete-marcam-a-noite-de-carnaval"},"author":{"name":"Carina Reifonas","@id":"https:\/\/redenoticiaz.com.br\/litoralsp\/#\/schema\/person\/1f84d6e94e6a62d2d81199d7503e9e90"},"headline":"V\u00cdDEO \u2013 Explos\u00e3o de tubo de g\u00e1s, inclina\u00e7\u00e3o do trio e choro de Ivete marcam a noite de carnaval","datePublished":"2024-02-13T14:22:58+00:00","dateModified":"2024-02-13T14:27:30+00:00","mainEntityOfPage":{"@id":"https:\/\/redenoticiaz.com.br\/litoralsp\/2024\/02\/13\/video-explosao-de-tubo-de-gas-inclinacao-do-trio-e-choro-de-ivete-marcam-a-noite-de-carnaval"},"wordCount":194,"commentCount":0,"publisher":{"@id":"https:\/\/redenoticiaz.com.br\/litoralsp\/#organization"},"image":{"@id":"https:\/\/redenoticiaz.com.br\/litoralsp\/2024\/02\/13\/video-explosao-de-tubo-de-gas-inclinacao-do-trio-e-choro-de-ivete-marcam-a-noite-de-carnaval#primaryimage"},"thumbnailUrl":"https:\/\/redenoticiaz.com.br\/litoralsp\/wp-content\/uploads\/sites\/3\/2024\/02\/Captura-de-tela-2024-02-13-110408.jpg?v=1707833125","keywords":["CARNAVAL","G\u00c1S","Ivete"],"articleSection":["Cultura e M\u00fasica"],"inLanguage":"pt-BR","potentialAction":[{"@type":"CommentAction","name":"Comment","target":["https:\/\/redenoticiaz.com.br\/litoralsp\/2024\/02\/13\/video-explosao-de-tubo-de-gas-inclinacao-do-trio-e-choro-de-ivete-marcam-a-noite-de-carnaval#respond"]}]},{"@type":"WebPage","@id":"https:\/\/redenoticiaz.com.br\/litoralsp\/2024\/02\/13\/video-explosao-de-tubo-de-gas-inclinacao-do-trio-e-choro-de-ivete-marcam-a-noite-de-carnaval","url":"https:\/\/redenoticiaz.com.br\/litoralsp\/2024\/02\/13\/video-explosao-de-tubo-de-gas-inclinacao-do-trio-e-choro-de-ivete-marcam-a-noite-de-carnaval","name":"V\u00cdDEO \u2013 Explos\u00e3o de tubo de g\u00e1s, inclina\u00e7\u00e3o do trio e choro de Ivete marcam a noite de carnaval - Litoral SP","isPartOf":{"@id":"https:\/\/redenoticiaz.com.br\/litoralsp\/#website"},"primaryImageOfPage":{"@id":"https:\/\/redenoticiaz.com.br\/litoralsp\/2024\/02\/13\/video-explosao-de-tubo-de-gas-inclinacao-do-trio-e-choro-de-ivete-marcam-a-noite-de-carnaval#primaryimage"},"image":{"@id":"https:\/\/redenoticiaz.com.br\/litoralsp\/2024\/02\/13\/video-explosao-de-tubo-de-gas-inclinacao-do-trio-e-choro-de-ivete-marcam-a-noite-de-carnaval#primaryimage"},"thumbnailUrl":"https:\/\/redenoticiaz.com.br\/litoralsp\/wp-content\/uploads\/sites\/3\/2024\/02\/Captura-de-tela-2024-02-13-110408.jpg?v=1707833125","datePublished":"2024-02-13T14:22:58+00:00","dateModified":"2024-02-13T14:27:30+00:00","description":"O desfile de Ivete Sangalo em Salvador, no Carnaval de segunda-feira, foi marcado por problemas no trio el\u00e9trico da cantora.","inLanguage":"pt-BR","potentialAction":[{"@type":"ReadAction","target":["https:\/\/redenoticiaz.com.br\/litoralsp\/2024\/02\/13\/video-explosao-de-tubo-de-gas-inclinacao-do-trio-e-choro-de-ivete-marcam-a-noite-de-carnaval"]}]},{"@type":"ImageObject","inLanguage":"pt-BR","@id":"https:\/\/redenoticiaz.com.br\/litoralsp\/2024\/02\/13\/video-explosao-de-tubo-de-gas-inclinacao-do-trio-e-choro-de-ivete-marcam-a-noite-de-carnaval#primaryimage","url":"https:\/\/redenoticiaz.com.br\/litoralsp\/wp-content\/uploads\/sites\/3\/2024\/02\/Captura-de-tela-2024-02-13-110408.jpg?v=1707833125","contentUrl":"https:\/\/redenoticiaz.com.br\/litoralsp\/wp-content\/uploads\/sites\/3\/2024\/02\/Captura-de-tela-2024-02-13-110408.jpg?v=1707833125","width":206,"height":230},{"@type":"WebSite","@id":"https:\/\/redenoticiaz.com.br\/litoralsp\/#website","url":"https:\/\/redenoticiaz.com.br\/litoralsp\/","name":"Litoral SP","description":"Rede NoticiaZ","publisher":{"@id":"https:\/\/redenoticiaz.com.br\/litoralsp\/#organization"},"potentialAction":[{"@type":"SearchAction","target":{"@type":"EntryPoint","urlTemplate":"https:\/\/redenoticiaz.com.br\/litoralsp\/?s={search_term_string}"},"query-input":{"@type":"PropertyValueSpecification","valueRequired":true,"valueName":"search_term_string"}}],"inLanguage":"pt-BR"},{"@type":"Organization","@id":"https:\/\/redenoticiaz.com.br\/litoralsp\/#organization","name":"Litoral SP","url":"https:\/\/redenoticiaz.com.br\/litoralsp\/","logo":{"@type":"ImageObject","inLanguage":"pt-BR","@id":"https:\/\/redenoticiaz.com.br\/litoralsp\/#\/schema\/logo\/image\/","url":"https:\/\/redenoticiaz.com.br\/litoralsp\/wp-content\/uploads\/sites\/3\/2020\/11\/logo.jpg","contentUrl":"https:\/\/redenoticiaz.com.br\/litoralsp\/wp-content\/uploads\/sites\/3\/2020\/11\/logo.jpg","width":400,"height":250,"caption":"Litoral SP"},"image":{"@id":"https:\/\/redenoticiaz.com.br\/litoralsp\/#\/schema\/logo\/image\/"}},{"@type":"Person","@id":"https:\/\/redenoticiaz.com.br\/litoralsp\/#\/schema\/person\/1f84d6e94e6a62d2d81199d7503e9e90","name":"Carina Reifonas","image":{"@type":"ImageObject","inLanguage":"pt-BR","@id":"https:\/\/secure.gravatar.com\/avatar\/04c59859b23696cf867715880f81d5c037e60109730bdb4e6670ec2a2245bc97?s=96&d=mm&r=g","url":"https:\/\/secure.gravatar.com\/avatar\/04c59859b23696cf867715880f81d5c037e60109730bdb4e6670ec2a2245bc97?s=96&d=mm&r=g","contentUrl":"https:\/\/secure.gravatar.com\/avatar\/04c59859b23696cf867715880f81d5c037e60109730bdb4e6670ec2a2245bc97?s=96&d=mm&r=g","caption":"Carina Reifonas"},"url":"https:\/\/redenoticiaz.com.br\/litoralsp\/author\/carinareifonas"}]}},"_links":{"self":[{"href":"https:\/\/redenoticiaz.com.br\/litoralsp\/wp-json\/wp\/v2\/posts\/114360","targetHints":{"allow":["GET"]}}],"collection":[{"href":"https:\/\/redenoticiaz.com.br\/litoralsp\/wp-json\/wp\/v2\/posts"}],"about":[{"href":"https:\/\/redenoticiaz.com.br\/litoralsp\/wp-json\/wp\/v2\/types\/post"}],"author":[{"embeddable":true,"href":"https:\/\/redenoticiaz.com.br\/litoralsp\/wp-json\/wp\/v2\/users\/30"}],"replies":[{"embeddable":true,"href":"https:\/\/redenoticiaz.com.br\/litoralsp\/wp-json\/wp\/v2\/comments?post=114360"}],"version-history":[{"count":2,"href":"https:\/\/redenoticiaz.com.br\/litoralsp\/wp-json\/wp\/v2\/posts\/114360\/revisions"}],"predecessor-version":[{"id":114366,"href":"https:\/\/redenoticiaz.com.br\/litoralsp\/wp-json\/wp\/v2\/posts\/114360\/revisions\/114366"}],"wp:featuredmedia":[{"embeddable":true,"href":"https:\/\/redenoticiaz.com.br\/litoralsp\/wp-json\/wp\/v2\/media\/114362"}],"wp:attachment":[{"href":"https:\/\/redenoticiaz.com.br\/litoralsp\/wp-json\/wp\/v2\/media?parent=114360"}],"wp:term":[{"taxonomy":"category","embeddable":true,"href":"https:\/\/redenoticiaz.com.br\/litoralsp\/wp-json\/wp\/v2\/categories?post=114360"},{"taxonomy":"post_tag","embeddable":true,"href":"https:\/\/redenoticiaz.com.br\/litoralsp\/wp-json\/wp\/v2\/tags?post=114360"}],"curies":[{"name":"wp","href":"https:\/\/api.w.org\/{rel}","templated":true}]}}