{"id":114391,"date":"2024-02-17T11:00:25","date_gmt":"2024-02-17T14:00:25","guid":{"rendered":"https:\/\/redenoticiaz.com.br\/litoralsp\/?p=114391"},"modified":"2024-02-17T12:51:16","modified_gmt":"2024-02-17T15:51:16","slug":"buenos-aires-recebera-a-final-da-edicao-2024-da-copa-libertadores","status":"publish","type":"post","link":"https:\/\/redenoticiaz.com.br\/litoralsp\/2024\/02\/17\/buenos-aires-recebera-a-final-da-edicao-2024-da-copa-libertadores","title":{"rendered":"Buenos Aires receber\u00e1 a final da edi\u00e7\u00e3o 2024 da Copa Libertadores"},"content":{"rendered":"<p>A cidade de Buenos Aires, na Argentina, ser\u00e1 a sede da final da edi\u00e7\u00e3o 2024 da Copa Libertadores da Am\u00e9rica, anunciou a AFA (Federa\u00e7\u00e3o Argentina de Futebol), nesta ter\u00e7a-feira (13), por meio de suas contas em redes sociais.<img decoding=\"async\" src=\"https:\/\/agenciabrasil.ebc.com.br\/ebc.png?id=1580925&amp;o=node\" \/><img decoding=\"async\" src=\"https:\/\/agenciabrasil.ebc.com.br\/ebc.gif?id=1580925&amp;o=node\" \/><\/p>\n<p>\u201c\u00c9 oficial: Buenos Aires ser\u00e1 sede da final da Copa Libertadores 2024. Que alegria os receber em nosso pa\u00eds Conmebol\u201d, declarou a AFA.<\/p>\n<div class=\"twitter-tweet twitter-tweet-rendered\"><iframe id=\"twitter-widget-0\" class=\"\" title=\"X Post\" src=\"https:\/\/platform.twitter.com\/embed\/Tweet.html?creatorScreenName=agenciabrasil&amp;dnt=false&amp;embedId=twitter-widget-0&amp;features=eyJ0ZndfdGltZWxpbmVfbGlzdCI6eyJidWNrZXQiOltdLCJ2ZXJzaW9uIjpudWxsfSwidGZ3X2ZvbGxvd2VyX2NvdW50X3N1bnNldCI6eyJidWNrZXQiOnRydWUsInZlcnNpb24iOm51bGx9LCJ0ZndfdHdlZXRfZWRpdF9iYWNrZW5kIjp7ImJ1Y2tldCI6Im9uIiwidmVyc2lvbiI6bnVsbH0sInRmd19yZWZzcmNfc2Vzc2lvbiI6eyJidWNrZXQiOiJvbiIsInZlcnNpb24iOm51bGx9LCJ0ZndfZm9zbnJfc29mdF9pbnRlcnZlbnRpb25zX2VuYWJsZWQiOnsiYnVja2V0Ijoib24iLCJ2ZXJzaW9uIjpudWxsfSwidGZ3X21peGVkX21lZGlhXzE1ODk3Ijp7ImJ1Y2tldCI6InRyZWF0bWVudCIsInZlcnNpb24iOm51bGx9LCJ0ZndfZXhwZXJpbWVudHNfY29va2llX2V4cGlyYXRpb24iOnsiYnVja2V0IjoxMjA5NjAwLCJ2ZXJzaW9uIjpudWxsfSwidGZ3X3Nob3dfYmlyZHdhdGNoX3Bpdm90c19lbmFibGVkIjp7ImJ1Y2tldCI6Im9uIiwidmVyc2lvbiI6bnVsbH0sInRmd19kdXBsaWNhdGVfc2NyaWJlc190b19zZXR0aW5ncyI6eyJidWNrZXQiOiJvbiIsInZlcnNpb24iOm51bGx9LCJ0ZndfdXNlX3Byb2ZpbGVfaW1hZ2Vfc2hhcGVfZW5hYmxlZCI6eyJidWNrZXQiOiJvbiIsInZlcnNpb24iOm51bGx9LCJ0ZndfdmlkZW9faGxzX2R5bmFtaWNfbWFuaWZlc3RzXzE1MDgyIjp7ImJ1Y2tldCI6InRydWVfYml0cmF0ZSIsInZlcnNpb24iOm51bGx9LCJ0ZndfbGVnYWN5X3RpbWVsaW5lX3N1bnNldCI6eyJidWNrZXQiOnRydWUsInZlcnNpb24iOm51bGx9LCJ0ZndfdHdlZXRfZWRpdF9mcm9udGVuZCI6eyJidWNrZXQiOiJvbiIsInZlcnNpb24iOm51bGx9fQ%3D%3D&amp;frame=false&amp;hideCard=false&amp;hideThread=false&amp;id=1757428496844923087&amp;lang=pt&amp;origin=https%3A%2F%2Fagenciabrasil.ebc.com.br%2Fesportes%2Fnoticia%2F2024-02%2Fbuenos-aires-recebera-final-da-edicao-2024-da-copa-libertadores&amp;sessionId=9a955860cfdeda9754957daa05e9a8d188e37dc7&amp;siteScreenName=agenciabrasil&amp;theme=light&amp;widgetsVersion=2615f7e52b7e0%3A1702314776716&amp;width=550px\" frameborder=\"0\" scrolling=\"no\" allowfullscreen=\"allowfullscreen\"><\/iframe><\/div>\n<p>Esta ser\u00e1 a primeira oportunidade na qual a Argentina receber\u00e1 uma final com sede \u00fanica da principal competi\u00e7\u00e3o de clubes da Am\u00e9rica do Sul, ap\u00f3s as decis\u00f5es realizadas em Lima (Peru), no Rio de Janeiro (Brasil), em Montevid\u00e9u (Uruguai) e em Guaiaquil (Equador).<\/p>\n<p>Leia mais<\/p>\n<p><a href=\"https:\/\/redenoticiaz.com.br\/blog\/2021\/01\/30\/palmeiras-e-bicampeao-da-copa-libertadores\">S\u00e3o Paulo \u201czera\u201d t\u00edtulos com conquista da Supercopa<\/a><\/p>\n<p><a href=\"https:\/\/redenoticiaz.com.br\/blog\/2024\/01\/31\/jundiaiense-e-convocado-para-a-selecao-italiana-de-futsal-e-mira-a-copa-do-mundo\">Jundiaiense \u00e9 convocado para a sele\u00e7\u00e3o italiana de futsal e mira a Copa do Mundo<\/a><\/p>\n","protected":false},"excerpt":{"rendered":"<p>A cidade de Buenos Aires, na Argentina, ser\u00e1 a sede da final da edi\u00e7\u00e3o 2024 da Copa Libertadores da Am\u00e9rica, anunciou a AFA (Federa\u00e7\u00e3o Argentina de Futebol), nesta ter\u00e7a-feira (13), por meio de suas contas em redes sociais. \u201c\u00c9 oficial: Buenos Aires ser\u00e1 sede da final da Copa Libertadores 2024. Que alegria os receber em &hellip;<\/p>\n","protected":false},"author":12,"featured_media":114392,"comment_status":"open","ping_status":"closed","sticky":false,"template":"","format":"standard","meta":{"footnotes":""},"categories":[35],"tags":[58838,1219,10554],"class_list":["post-114391","post","type-post","status-publish","format-standard","has-post-thumbnail","hentry","category-esporte","tag-copa","tag-futebol","tag-libertadores"],"yoast_head":"<!-- This site is optimized with the Yoast SEO plugin v27.4 - https:\/\/yoast.com\/product\/yoast-seo-wordpress\/ -->\n<title>Buenos Aires receber\u00e1 a final da edi\u00e7\u00e3o 2024 da Copa Libertadores - Litoral SP<\/title>\n<meta name=\"description\" content=\"A cidade de Buenos Aires, na Argentina, ser\u00e1 a sede da final da edi\u00e7\u00e3o 2024 da Copa Libertadores da Am\u00e9rica, anunciou a AFA.\" \/>\n<meta name=\"robots\" content=\"index, follow, max-snippet:-1, max-image-preview:large, max-video-preview:-1\" \/>\n<link rel=\"canonical\" href=\"https:\/\/redenoticiaz.com.br\/litoralsp\/2024\/02\/17\/buenos-aires-recebera-a-final-da-edicao-2024-da-copa-libertadores\" \/>\n<meta property=\"og:locale\" content=\"pt_BR\" \/>\n<meta property=\"og:type\" content=\"article\" \/>\n<meta property=\"og:title\" content=\"Buenos Aires receber\u00e1 a final da edi\u00e7\u00e3o 2024 da Copa Libertadores - Litoral SP\" \/>\n<meta property=\"og:description\" content=\"A cidade de Buenos Aires, na Argentina, ser\u00e1 a sede da final da edi\u00e7\u00e3o 2024 da Copa Libertadores da Am\u00e9rica, anunciou a AFA.\" \/>\n<meta property=\"og:url\" content=\"https:\/\/redenoticiaz.com.br\/litoralsp\/2024\/02\/17\/buenos-aires-recebera-a-final-da-edicao-2024-da-copa-libertadores\" \/>\n<meta property=\"og:site_name\" content=\"Litoral SP\" \/>\n<meta property=\"article:published_time\" content=\"2024-02-17T14:00:25+00:00\" \/>\n<meta property=\"article:modified_time\" content=\"2024-02-17T15:51:16+00:00\" \/>\n<meta property=\"og:image\" content=\"https:\/\/redenoticiaz.com.br\/litoralsp\/wp-content\/uploads\/sites\/3\/2024\/02\/taca_libertadores_2022.jpg?v=1707868365\" \/>\n\t<meta property=\"og:image:width\" content=\"1170\" \/>\n\t<meta property=\"og:image:height\" content=\"700\" \/>\n\t<meta property=\"og:image:type\" content=\"image\/jpeg\" \/>\n<meta name=\"author\" content=\"Gustavo Silva\" \/>\n<meta name=\"twitter:card\" content=\"summary_large_image\" \/>\n<meta name=\"twitter:label1\" content=\"Escrito por\" \/>\n\t<meta name=\"twitter:data1\" content=\"Gustavo Silva\" \/>\n\t<meta name=\"twitter:label2\" content=\"Est. tempo de leitura\" \/>\n\t<meta name=\"twitter:data2\" content=\"2 minutos\" \/>\n<script type=\"application\/ld+json\" class=\"yoast-schema-graph\">{\"@context\":\"https:\\\/\\\/schema.org\",\"@graph\":[{\"@type\":\"Article\",\"@id\":\"https:\\\/\\\/redenoticiaz.com.br\\\/litoralsp\\\/2024\\\/02\\\/17\\\/buenos-aires-recebera-a-final-da-edicao-2024-da-copa-libertadores#article\",\"isPartOf\":{\"@id\":\"https:\\\/\\\/redenoticiaz.com.br\\\/litoralsp\\\/2024\\\/02\\\/17\\\/buenos-aires-recebera-a-final-da-edicao-2024-da-copa-libertadores\"},\"author\":{\"name\":\"Gustavo Silva\",\"@id\":\"https:\\\/\\\/redenoticiaz.com.br\\\/litoralsp\\\/#\\\/schema\\\/person\\\/16057b37a3c0ee6b096d7f887c566e2e\"},\"headline\":\"Buenos Aires receber\u00e1 a final da edi\u00e7\u00e3o 2024 da Copa Libertadores\",\"datePublished\":\"2024-02-17T14:00:25+00:00\",\"dateModified\":\"2024-02-17T15:51:16+00:00\",\"mainEntityOfPage\":{\"@id\":\"https:\\\/\\\/redenoticiaz.com.br\\\/litoralsp\\\/2024\\\/02\\\/17\\\/buenos-aires-recebera-a-final-da-edicao-2024-da-copa-libertadores\"},\"wordCount\":148,\"commentCount\":0,\"publisher\":{\"@id\":\"https:\\\/\\\/redenoticiaz.com.br\\\/litoralsp\\\/#organization\"},\"image\":{\"@id\":\"https:\\\/\\\/redenoticiaz.com.br\\\/litoralsp\\\/2024\\\/02\\\/17\\\/buenos-aires-recebera-a-final-da-edicao-2024-da-copa-libertadores#primaryimage\"},\"thumbnailUrl\":\"https:\\\/\\\/redenoticiaz.com.br\\\/litoralsp\\\/wp-content\\\/uploads\\\/sites\\\/3\\\/2024\\\/02\\\/taca_libertadores_2022.jpg?v=1707868365\",\"keywords\":[\"Copa\",\"FUTEBOL\",\"LIBERTADORES\"],\"articleSection\":[\"Esporte\"],\"inLanguage\":\"pt-BR\",\"potentialAction\":[{\"@type\":\"CommentAction\",\"name\":\"Comment\",\"target\":[\"https:\\\/\\\/redenoticiaz.com.br\\\/litoralsp\\\/2024\\\/02\\\/17\\\/buenos-aires-recebera-a-final-da-edicao-2024-da-copa-libertadores#respond\"]}]},{\"@type\":\"WebPage\",\"@id\":\"https:\\\/\\\/redenoticiaz.com.br\\\/litoralsp\\\/2024\\\/02\\\/17\\\/buenos-aires-recebera-a-final-da-edicao-2024-da-copa-libertadores\",\"url\":\"https:\\\/\\\/redenoticiaz.com.br\\\/litoralsp\\\/2024\\\/02\\\/17\\\/buenos-aires-recebera-a-final-da-edicao-2024-da-copa-libertadores\",\"name\":\"Buenos Aires receber\u00e1 a final da edi\u00e7\u00e3o 2024 da Copa Libertadores - Litoral SP\",\"isPartOf\":{\"@id\":\"https:\\\/\\\/redenoticiaz.com.br\\\/litoralsp\\\/#website\"},\"primaryImageOfPage\":{\"@id\":\"https:\\\/\\\/redenoticiaz.com.br\\\/litoralsp\\\/2024\\\/02\\\/17\\\/buenos-aires-recebera-a-final-da-edicao-2024-da-copa-libertadores#primaryimage\"},\"image\":{\"@id\":\"https:\\\/\\\/redenoticiaz.com.br\\\/litoralsp\\\/2024\\\/02\\\/17\\\/buenos-aires-recebera-a-final-da-edicao-2024-da-copa-libertadores#primaryimage\"},\"thumbnailUrl\":\"https:\\\/\\\/redenoticiaz.com.br\\\/litoralsp\\\/wp-content\\\/uploads\\\/sites\\\/3\\\/2024\\\/02\\\/taca_libertadores_2022.jpg?v=1707868365\",\"datePublished\":\"2024-02-17T14:00:25+00:00\",\"dateModified\":\"2024-02-17T15:51:16+00:00\",\"description\":\"A cidade de Buenos Aires, na Argentina, ser\u00e1 a sede da final da edi\u00e7\u00e3o 2024 da Copa Libertadores da Am\u00e9rica, anunciou a AFA.\",\"inLanguage\":\"pt-BR\",\"potentialAction\":[{\"@type\":\"ReadAction\",\"target\":[\"https:\\\/\\\/redenoticiaz.com.br\\\/litoralsp\\\/2024\\\/02\\\/17\\\/buenos-aires-recebera-a-final-da-edicao-2024-da-copa-libertadores\"]}]},{\"@type\":\"ImageObject\",\"inLanguage\":\"pt-BR\",\"@id\":\"https:\\\/\\\/redenoticiaz.com.br\\\/litoralsp\\\/2024\\\/02\\\/17\\\/buenos-aires-recebera-a-final-da-edicao-2024-da-copa-libertadores#primaryimage\",\"url\":\"https:\\\/\\\/redenoticiaz.com.br\\\/litoralsp\\\/wp-content\\\/uploads\\\/sites\\\/3\\\/2024\\\/02\\\/taca_libertadores_2022.jpg?v=1707868365\",\"contentUrl\":\"https:\\\/\\\/redenoticiaz.com.br\\\/litoralsp\\\/wp-content\\\/uploads\\\/sites\\\/3\\\/2024\\\/02\\\/taca_libertadores_2022.jpg?v=1707868365\",\"width\":1170,\"height\":700},{\"@type\":\"WebSite\",\"@id\":\"https:\\\/\\\/redenoticiaz.com.br\\\/litoralsp\\\/#website\",\"url\":\"https:\\\/\\\/redenoticiaz.com.br\\\/litoralsp\\\/\",\"name\":\"Litoral SP\",\"description\":\"Rede NoticiaZ\",\"publisher\":{\"@id\":\"https:\\\/\\\/redenoticiaz.com.br\\\/litoralsp\\\/#organization\"},\"potentialAction\":[{\"@type\":\"SearchAction\",\"target\":{\"@type\":\"EntryPoint\",\"urlTemplate\":\"https:\\\/\\\/redenoticiaz.com.br\\\/litoralsp\\\/?s={search_term_string}\"},\"query-input\":{\"@type\":\"PropertyValueSpecification\",\"valueRequired\":true,\"valueName\":\"search_term_string\"}}],\"inLanguage\":\"pt-BR\"},{\"@type\":\"Organization\",\"@id\":\"https:\\\/\\\/redenoticiaz.com.br\\\/litoralsp\\\/#organization\",\"name\":\"Litoral SP\",\"url\":\"https:\\\/\\\/redenoticiaz.com.br\\\/litoralsp\\\/\",\"logo\":{\"@type\":\"ImageObject\",\"inLanguage\":\"pt-BR\",\"@id\":\"https:\\\/\\\/redenoticiaz.com.br\\\/litoralsp\\\/#\\\/schema\\\/logo\\\/image\\\/\",\"url\":\"https:\\\/\\\/redenoticiaz.com.br\\\/litoralsp\\\/wp-content\\\/uploads\\\/sites\\\/3\\\/2020\\\/11\\\/logo.jpg\",\"contentUrl\":\"https:\\\/\\\/redenoticiaz.com.br\\\/litoralsp\\\/wp-content\\\/uploads\\\/sites\\\/3\\\/2020\\\/11\\\/logo.jpg\",\"width\":400,\"height\":250,\"caption\":\"Litoral SP\"},\"image\":{\"@id\":\"https:\\\/\\\/redenoticiaz.com.br\\\/litoralsp\\\/#\\\/schema\\\/logo\\\/image\\\/\"}},{\"@type\":\"Person\",\"@id\":\"https:\\\/\\\/redenoticiaz.com.br\\\/litoralsp\\\/#\\\/schema\\\/person\\\/16057b37a3c0ee6b096d7f887c566e2e\",\"name\":\"Gustavo Silva\",\"image\":{\"@type\":\"ImageObject\",\"inLanguage\":\"pt-BR\",\"@id\":\"https:\\\/\\\/secure.gravatar.com\\\/avatar\\\/3ee4e82f93b26de0a7cf4ea5eb7893da637ed6bb0c9170c58065944c56e28a33?s=96&d=mm&r=g\",\"url\":\"https:\\\/\\\/secure.gravatar.com\\\/avatar\\\/3ee4e82f93b26de0a7cf4ea5eb7893da637ed6bb0c9170c58065944c56e28a33?s=96&d=mm&r=g\",\"contentUrl\":\"https:\\\/\\\/secure.gravatar.com\\\/avatar\\\/3ee4e82f93b26de0a7cf4ea5eb7893da637ed6bb0c9170c58065944c56e28a33?s=96&d=mm&r=g\",\"caption\":\"Gustavo Silva\"},\"url\":\"https:\\\/\\\/redenoticiaz.com.br\\\/litoralsp\\\/author\\\/gustavosilva\"}]}<\/script>\n<!-- \/ Yoast SEO plugin. -->","yoast_head_json":{"title":"Buenos Aires receber\u00e1 a final da edi\u00e7\u00e3o 2024 da Copa Libertadores - Litoral SP","description":"A cidade de Buenos Aires, na Argentina, ser\u00e1 a sede da final da edi\u00e7\u00e3o 2024 da Copa Libertadores da Am\u00e9rica, anunciou a AFA.","robots":{"index":"index","follow":"follow","max-snippet":"max-snippet:-1","max-image-preview":"max-image-preview:large","max-video-preview":"max-video-preview:-1"},"canonical":"https:\/\/redenoticiaz.com.br\/litoralsp\/2024\/02\/17\/buenos-aires-recebera-a-final-da-edicao-2024-da-copa-libertadores","og_locale":"pt_BR","og_type":"article","og_title":"Buenos Aires receber\u00e1 a final da edi\u00e7\u00e3o 2024 da Copa Libertadores - Litoral SP","og_description":"A cidade de Buenos Aires, na Argentina, ser\u00e1 a sede da final da edi\u00e7\u00e3o 2024 da Copa Libertadores da Am\u00e9rica, anunciou a AFA.","og_url":"https:\/\/redenoticiaz.com.br\/litoralsp\/2024\/02\/17\/buenos-aires-recebera-a-final-da-edicao-2024-da-copa-libertadores","og_site_name":"Litoral SP","article_published_time":"2024-02-17T14:00:25+00:00","article_modified_time":"2024-02-17T15:51:16+00:00","og_image":[{"width":1170,"height":700,"url":"https:\/\/redenoticiaz.com.br\/litoralsp\/wp-content\/uploads\/sites\/3\/2024\/02\/taca_libertadores_2022.jpg?v=1707868365","type":"image\/jpeg"}],"author":"Gustavo Silva","twitter_card":"summary_large_image","twitter_misc":{"Escrito por":"Gustavo Silva","Est. tempo de leitura":"2 minutos"},"schema":{"@context":"https:\/\/schema.org","@graph":[{"@type":"Article","@id":"https:\/\/redenoticiaz.com.br\/litoralsp\/2024\/02\/17\/buenos-aires-recebera-a-final-da-edicao-2024-da-copa-libertadores#article","isPartOf":{"@id":"https:\/\/redenoticiaz.com.br\/litoralsp\/2024\/02\/17\/buenos-aires-recebera-a-final-da-edicao-2024-da-copa-libertadores"},"author":{"name":"Gustavo Silva","@id":"https:\/\/redenoticiaz.com.br\/litoralsp\/#\/schema\/person\/16057b37a3c0ee6b096d7f887c566e2e"},"headline":"Buenos Aires receber\u00e1 a final da edi\u00e7\u00e3o 2024 da Copa Libertadores","datePublished":"2024-02-17T14:00:25+00:00","dateModified":"2024-02-17T15:51:16+00:00","mainEntityOfPage":{"@id":"https:\/\/redenoticiaz.com.br\/litoralsp\/2024\/02\/17\/buenos-aires-recebera-a-final-da-edicao-2024-da-copa-libertadores"},"wordCount":148,"commentCount":0,"publisher":{"@id":"https:\/\/redenoticiaz.com.br\/litoralsp\/#organization"},"image":{"@id":"https:\/\/redenoticiaz.com.br\/litoralsp\/2024\/02\/17\/buenos-aires-recebera-a-final-da-edicao-2024-da-copa-libertadores#primaryimage"},"thumbnailUrl":"https:\/\/redenoticiaz.com.br\/litoralsp\/wp-content\/uploads\/sites\/3\/2024\/02\/taca_libertadores_2022.jpg?v=1707868365","keywords":["Copa","FUTEBOL","LIBERTADORES"],"articleSection":["Esporte"],"inLanguage":"pt-BR","potentialAction":[{"@type":"CommentAction","name":"Comment","target":["https:\/\/redenoticiaz.com.br\/litoralsp\/2024\/02\/17\/buenos-aires-recebera-a-final-da-edicao-2024-da-copa-libertadores#respond"]}]},{"@type":"WebPage","@id":"https:\/\/redenoticiaz.com.br\/litoralsp\/2024\/02\/17\/buenos-aires-recebera-a-final-da-edicao-2024-da-copa-libertadores","url":"https:\/\/redenoticiaz.com.br\/litoralsp\/2024\/02\/17\/buenos-aires-recebera-a-final-da-edicao-2024-da-copa-libertadores","name":"Buenos Aires receber\u00e1 a final da edi\u00e7\u00e3o 2024 da Copa Libertadores - Litoral SP","isPartOf":{"@id":"https:\/\/redenoticiaz.com.br\/litoralsp\/#website"},"primaryImageOfPage":{"@id":"https:\/\/redenoticiaz.com.br\/litoralsp\/2024\/02\/17\/buenos-aires-recebera-a-final-da-edicao-2024-da-copa-libertadores#primaryimage"},"image":{"@id":"https:\/\/redenoticiaz.com.br\/litoralsp\/2024\/02\/17\/buenos-aires-recebera-a-final-da-edicao-2024-da-copa-libertadores#primaryimage"},"thumbnailUrl":"https:\/\/redenoticiaz.com.br\/litoralsp\/wp-content\/uploads\/sites\/3\/2024\/02\/taca_libertadores_2022.jpg?v=1707868365","datePublished":"2024-02-17T14:00:25+00:00","dateModified":"2024-02-17T15:51:16+00:00","description":"A cidade de Buenos Aires, na Argentina, ser\u00e1 a sede da final da edi\u00e7\u00e3o 2024 da Copa Libertadores da Am\u00e9rica, anunciou a AFA.","inLanguage":"pt-BR","potentialAction":[{"@type":"ReadAction","target":["https:\/\/redenoticiaz.com.br\/litoralsp\/2024\/02\/17\/buenos-aires-recebera-a-final-da-edicao-2024-da-copa-libertadores"]}]},{"@type":"ImageObject","inLanguage":"pt-BR","@id":"https:\/\/redenoticiaz.com.br\/litoralsp\/2024\/02\/17\/buenos-aires-recebera-a-final-da-edicao-2024-da-copa-libertadores#primaryimage","url":"https:\/\/redenoticiaz.com.br\/litoralsp\/wp-content\/uploads\/sites\/3\/2024\/02\/taca_libertadores_2022.jpg?v=1707868365","contentUrl":"https:\/\/redenoticiaz.com.br\/litoralsp\/wp-content\/uploads\/sites\/3\/2024\/02\/taca_libertadores_2022.jpg?v=1707868365","width":1170,"height":700},{"@type":"WebSite","@id":"https:\/\/redenoticiaz.com.br\/litoralsp\/#website","url":"https:\/\/redenoticiaz.com.br\/litoralsp\/","name":"Litoral SP","description":"Rede NoticiaZ","publisher":{"@id":"https:\/\/redenoticiaz.com.br\/litoralsp\/#organization"},"potentialAction":[{"@type":"SearchAction","target":{"@type":"EntryPoint","urlTemplate":"https:\/\/redenoticiaz.com.br\/litoralsp\/?s={search_term_string}"},"query-input":{"@type":"PropertyValueSpecification","valueRequired":true,"valueName":"search_term_string"}}],"inLanguage":"pt-BR"},{"@type":"Organization","@id":"https:\/\/redenoticiaz.com.br\/litoralsp\/#organization","name":"Litoral SP","url":"https:\/\/redenoticiaz.com.br\/litoralsp\/","logo":{"@type":"ImageObject","inLanguage":"pt-BR","@id":"https:\/\/redenoticiaz.com.br\/litoralsp\/#\/schema\/logo\/image\/","url":"https:\/\/redenoticiaz.com.br\/litoralsp\/wp-content\/uploads\/sites\/3\/2020\/11\/logo.jpg","contentUrl":"https:\/\/redenoticiaz.com.br\/litoralsp\/wp-content\/uploads\/sites\/3\/2020\/11\/logo.jpg","width":400,"height":250,"caption":"Litoral SP"},"image":{"@id":"https:\/\/redenoticiaz.com.br\/litoralsp\/#\/schema\/logo\/image\/"}},{"@type":"Person","@id":"https:\/\/redenoticiaz.com.br\/litoralsp\/#\/schema\/person\/16057b37a3c0ee6b096d7f887c566e2e","name":"Gustavo Silva","image":{"@type":"ImageObject","inLanguage":"pt-BR","@id":"https:\/\/secure.gravatar.com\/avatar\/3ee4e82f93b26de0a7cf4ea5eb7893da637ed6bb0c9170c58065944c56e28a33?s=96&d=mm&r=g","url":"https:\/\/secure.gravatar.com\/avatar\/3ee4e82f93b26de0a7cf4ea5eb7893da637ed6bb0c9170c58065944c56e28a33?s=96&d=mm&r=g","contentUrl":"https:\/\/secure.gravatar.com\/avatar\/3ee4e82f93b26de0a7cf4ea5eb7893da637ed6bb0c9170c58065944c56e28a33?s=96&d=mm&r=g","caption":"Gustavo Silva"},"url":"https:\/\/redenoticiaz.com.br\/litoralsp\/author\/gustavosilva"}]}},"_links":{"self":[{"href":"https:\/\/redenoticiaz.com.br\/litoralsp\/wp-json\/wp\/v2\/posts\/114391","targetHints":{"allow":["GET"]}}],"collection":[{"href":"https:\/\/redenoticiaz.com.br\/litoralsp\/wp-json\/wp\/v2\/posts"}],"about":[{"href":"https:\/\/redenoticiaz.com.br\/litoralsp\/wp-json\/wp\/v2\/types\/post"}],"author":[{"embeddable":true,"href":"https:\/\/redenoticiaz.com.br\/litoralsp\/wp-json\/wp\/v2\/users\/12"}],"replies":[{"embeddable":true,"href":"https:\/\/redenoticiaz.com.br\/litoralsp\/wp-json\/wp\/v2\/comments?post=114391"}],"version-history":[{"count":2,"href":"https:\/\/redenoticiaz.com.br\/litoralsp\/wp-json\/wp\/v2\/posts\/114391\/revisions"}],"predecessor-version":[{"id":114470,"href":"https:\/\/redenoticiaz.com.br\/litoralsp\/wp-json\/wp\/v2\/posts\/114391\/revisions\/114470"}],"wp:featuredmedia":[{"embeddable":true,"href":"https:\/\/redenoticiaz.com.br\/litoralsp\/wp-json\/wp\/v2\/media\/114392"}],"wp:attachment":[{"href":"https:\/\/redenoticiaz.com.br\/litoralsp\/wp-json\/wp\/v2\/media?parent=114391"}],"wp:term":[{"taxonomy":"category","embeddable":true,"href":"https:\/\/redenoticiaz.com.br\/litoralsp\/wp-json\/wp\/v2\/categories?post=114391"},{"taxonomy":"post_tag","embeddable":true,"href":"https:\/\/redenoticiaz.com.br\/litoralsp\/wp-json\/wp\/v2\/tags?post=114391"}],"curies":[{"name":"wp","href":"https:\/\/api.w.org\/{rel}","templated":true}]}}