{"id":1145,"date":"2020-12-11T13:36:43","date_gmt":"2020-12-11T16:36:43","guid":{"rendered":"https:\/\/redenoticiaz.com.br\/litoralsp\/2020\/12\/11\/quer-uma-pele-perfeita-siga-as-dicas-para-deixa-la-iluminada\/"},"modified":"2020-12-11T13:47:11","modified_gmt":"2020-12-11T16:47:11","slug":"quer-uma-pele-perfeita-siga-as-dicas-para-deixa-la-iluminada","status":"publish","type":"post","link":"https:\/\/redenoticiaz.com.br\/litoralsp\/2020\/12\/11\/quer-uma-pele-perfeita-siga-as-dicas-para-deixa-la-iluminada","title":{"rendered":"Quer uma pele perfeita? Siga as dicas para deix\u00e1-la iluminada"},"content":{"rendered":"<p>Quando se fala em cuidados e tratamentos do rosto da pele logo a pessoa associa ao uso de cremes, m\u00e1scaras, t\u00f4nicos, sabonetes especiais e entre outros. Al\u00e9m da busca pela beleza, os m\u00e9todos tamb\u00e9m ajudam na preven\u00e7\u00e3o contra linhas de express\u00e3o e deixam a pele mais radiante. Mas voc\u00ea sabia que massagear a regi\u00e3o tamb\u00e9m ajuda a iluminar a pele?<\/p>\n<p>Os movimentos executados ajudam a desinchar, tirar as toxinas da pele e fazer a renova\u00e7\u00e3o celular. quem d\u00e1 mais detalhes sobre este procedimento \u00e9 a dermatologista especialista em est\u00e9tica, Dra. N\u00e1dia Bavoso.<\/p>\n<p>\u201c\u00c9 claro que n\u00e3o \u00e9 s\u00f3 fazer uma drenagem facial que j\u00e1 vai ficar com a pele \u00f3tima. \u00c9 preciso um cuidado di\u00e1rio com\u00a0 produtos espec\u00edficos, sempre recomendados por um Dermatologista, de acordo com cada tipo de pele e objetivo. Mas ao massagear a regi\u00e3o com frequ\u00eancia, a pele do rosto e pesco\u00e7o respondem melhor ainda aos tratamentos\u201d, explica.<\/p>\n<p>Al\u00e9m da drenagem mais conhecida feita em consult\u00f3rios, a profissional tamb\u00e9m indica fazer algumas massagens em casa, que ajudam a manter o tratamento e estimulam ainda mais a luminosidade na pele. Ent\u00e3o j\u00e1 separa seus produtos de skincare e coloque essas dicas em pr\u00e1tica:<\/p>\n<p>Para mais detalhes sobre drenagem facial, ilumina\u00e7\u00e3o da pele e outros procedimentos, acesse o canal da Dra. N\u00e1dia Bavoso neste <a href=\"https:\/\/www.youtube.com\/watch?v=GkG5yUpb1H4&amp;ab_channel=DopplerSa%C3%BAdeMarketing\">link<\/a>.<\/p>\n<p>Leia tamb\u00e9m<\/p>\n<p><a href=\"https:\/\/redenoticiaz.com.br\/blog\/2020\/11\/27\/conheca-os-beneficios-da-terapia-holistica\/\">Conhe\u00e7a os benef\u00edcios da terapia hol\u00edstica<\/a><\/p>\n","protected":false},"excerpt":{"rendered":"<p>Quando se fala em cuidados e tratamentos do rosto da pele logo a pessoa associa ao uso de cremes, m\u00e1scaras, t\u00f4nicos, sabonetes especiais e entre outros. Al\u00e9m da busca pela beleza, os m\u00e9todos tamb\u00e9m ajudam na preven\u00e7\u00e3o contra linhas de express\u00e3o e deixam a pele mais radiante. Mas voc\u00ea sabia que massagear a regi\u00e3o tamb\u00e9m &hellip;<\/p>\n","protected":false},"author":6,"featured_media":1146,"comment_status":"open","ping_status":"closed","sticky":false,"template":"","format":"standard","meta":{"footnotes":""},"categories":[1],"tags":[4093,4094,4095],"class_list":["post-1145","post","type-post","status-publish","format-standard","has-post-thumbnail","hentry","category-sem","tag-dicas","tag-iluminacao-da-pele","tag-saude-bem-estar"],"yoast_head":"<!-- This site is optimized with the Yoast SEO plugin v27.4 - https:\/\/yoast.com\/product\/yoast-seo-wordpress\/ -->\n<title>Quer uma pele perfeita? Siga as dicas para deix\u00e1-la iluminada - Litoral SP<\/title>\n<meta name=\"description\" content=\"Quando se fala em cuidados e tratamentos do rosto da pele logo a pessoa associa ao uso de cremes, m\u00e1scaras\" \/>\n<meta name=\"robots\" content=\"index, follow, max-snippet:-1, max-image-preview:large, max-video-preview:-1\" \/>\n<link rel=\"canonical\" href=\"https:\/\/redenoticiaz.com.br\/litoralsp\/2020\/12\/11\/quer-uma-pele-perfeita-siga-as-dicas-para-deixa-la-iluminada\" \/>\n<meta property=\"og:locale\" content=\"pt_BR\" \/>\n<meta property=\"og:type\" content=\"article\" \/>\n<meta property=\"og:title\" content=\"Quer uma pele perfeita? Siga as dicas para deix\u00e1-la iluminada - Litoral SP\" \/>\n<meta property=\"og:description\" content=\"Quando se fala em cuidados e tratamentos do rosto da pele logo a pessoa associa ao uso de cremes, m\u00e1scaras\" \/>\n<meta property=\"og:url\" content=\"https:\/\/redenoticiaz.com.br\/litoralsp\/2020\/12\/11\/quer-uma-pele-perfeita-siga-as-dicas-para-deixa-la-iluminada\" \/>\n<meta property=\"og:site_name\" content=\"Litoral SP\" \/>\n<meta property=\"article:published_time\" content=\"2020-12-11T16:36:43+00:00\" \/>\n<meta property=\"article:modified_time\" content=\"2020-12-11T16:47:11+00:00\" \/>\n<meta property=\"og:image\" content=\"https:\/\/redenoticiaz.com.br\/litoralsp\/wp-content\/uploads\/sites\/3\/2020\/12\/franquias-de-estetica-e-beleza.jpeg\" \/>\n\t<meta property=\"og:image:width\" content=\"700\" \/>\n\t<meta property=\"og:image:height\" content=\"400\" \/>\n\t<meta property=\"og:image:type\" content=\"image\/jpeg\" \/>\n<meta name=\"author\" content=\"Leonardo Francisco\" \/>\n<meta name=\"twitter:card\" content=\"summary_large_image\" \/>\n<meta name=\"twitter:label1\" content=\"Escrito por\" \/>\n\t<meta name=\"twitter:data1\" content=\"Leonardo Francisco\" \/>\n\t<meta name=\"twitter:label2\" content=\"Est. tempo de leitura\" \/>\n\t<meta name=\"twitter:data2\" content=\"1 minuto\" \/>\n<script type=\"application\/ld+json\" class=\"yoast-schema-graph\">{\"@context\":\"https:\\\/\\\/schema.org\",\"@graph\":[{\"@type\":\"Article\",\"@id\":\"https:\\\/\\\/redenoticiaz.com.br\\\/litoralsp\\\/2020\\\/12\\\/11\\\/quer-uma-pele-perfeita-siga-as-dicas-para-deixa-la-iluminada#article\",\"isPartOf\":{\"@id\":\"https:\\\/\\\/redenoticiaz.com.br\\\/litoralsp\\\/2020\\\/12\\\/11\\\/quer-uma-pele-perfeita-siga-as-dicas-para-deixa-la-iluminada\"},\"author\":{\"name\":\"Leonardo Francisco\",\"@id\":\"https:\\\/\\\/redenoticiaz.com.br\\\/litoralsp\\\/#\\\/schema\\\/person\\\/0f0b8a5bdafefe82841e07ae8d81ecb3\"},\"headline\":\"Quer uma pele perfeita? Siga as dicas para deix\u00e1-la iluminada\",\"datePublished\":\"2020-12-11T16:36:43+00:00\",\"dateModified\":\"2020-12-11T16:47:11+00:00\",\"mainEntityOfPage\":{\"@id\":\"https:\\\/\\\/redenoticiaz.com.br\\\/litoralsp\\\/2020\\\/12\\\/11\\\/quer-uma-pele-perfeita-siga-as-dicas-para-deixa-la-iluminada\"},\"wordCount\":260,\"commentCount\":0,\"publisher\":{\"@id\":\"https:\\\/\\\/redenoticiaz.com.br\\\/litoralsp\\\/#organization\"},\"image\":{\"@id\":\"https:\\\/\\\/redenoticiaz.com.br\\\/litoralsp\\\/2020\\\/12\\\/11\\\/quer-uma-pele-perfeita-siga-as-dicas-para-deixa-la-iluminada#primaryimage\"},\"thumbnailUrl\":\"https:\\\/\\\/redenoticiaz.com.br\\\/litoralsp\\\/wp-content\\\/uploads\\\/sites\\\/3\\\/2020\\\/12\\\/franquias-de-estetica-e-beleza.jpeg\",\"keywords\":[\"DICAS\",\"ILUMINA\u00c7\u00c3O DA PELE\",\"SA\u00daDE &amp; BEM ESTAR\"],\"articleSection\":[\"sem\"],\"inLanguage\":\"pt-BR\",\"potentialAction\":[{\"@type\":\"CommentAction\",\"name\":\"Comment\",\"target\":[\"https:\\\/\\\/redenoticiaz.com.br\\\/litoralsp\\\/2020\\\/12\\\/11\\\/quer-uma-pele-perfeita-siga-as-dicas-para-deixa-la-iluminada#respond\"]}]},{\"@type\":\"WebPage\",\"@id\":\"https:\\\/\\\/redenoticiaz.com.br\\\/litoralsp\\\/2020\\\/12\\\/11\\\/quer-uma-pele-perfeita-siga-as-dicas-para-deixa-la-iluminada\",\"url\":\"https:\\\/\\\/redenoticiaz.com.br\\\/litoralsp\\\/2020\\\/12\\\/11\\\/quer-uma-pele-perfeita-siga-as-dicas-para-deixa-la-iluminada\",\"name\":\"Quer uma pele perfeita? Siga as dicas para deix\u00e1-la iluminada - Litoral SP\",\"isPartOf\":{\"@id\":\"https:\\\/\\\/redenoticiaz.com.br\\\/litoralsp\\\/#website\"},\"primaryImageOfPage\":{\"@id\":\"https:\\\/\\\/redenoticiaz.com.br\\\/litoralsp\\\/2020\\\/12\\\/11\\\/quer-uma-pele-perfeita-siga-as-dicas-para-deixa-la-iluminada#primaryimage\"},\"image\":{\"@id\":\"https:\\\/\\\/redenoticiaz.com.br\\\/litoralsp\\\/2020\\\/12\\\/11\\\/quer-uma-pele-perfeita-siga-as-dicas-para-deixa-la-iluminada#primaryimage\"},\"thumbnailUrl\":\"https:\\\/\\\/redenoticiaz.com.br\\\/litoralsp\\\/wp-content\\\/uploads\\\/sites\\\/3\\\/2020\\\/12\\\/franquias-de-estetica-e-beleza.jpeg\",\"datePublished\":\"2020-12-11T16:36:43+00:00\",\"dateModified\":\"2020-12-11T16:47:11+00:00\",\"description\":\"Quando se fala em cuidados e tratamentos do rosto da pele logo a pessoa associa ao uso de cremes, m\u00e1scaras\",\"inLanguage\":\"pt-BR\",\"potentialAction\":[{\"@type\":\"ReadAction\",\"target\":[\"https:\\\/\\\/redenoticiaz.com.br\\\/litoralsp\\\/2020\\\/12\\\/11\\\/quer-uma-pele-perfeita-siga-as-dicas-para-deixa-la-iluminada\"]}]},{\"@type\":\"ImageObject\",\"inLanguage\":\"pt-BR\",\"@id\":\"https:\\\/\\\/redenoticiaz.com.br\\\/litoralsp\\\/2020\\\/12\\\/11\\\/quer-uma-pele-perfeita-siga-as-dicas-para-deixa-la-iluminada#primaryimage\",\"url\":\"https:\\\/\\\/redenoticiaz.com.br\\\/litoralsp\\\/wp-content\\\/uploads\\\/sites\\\/3\\\/2020\\\/12\\\/franquias-de-estetica-e-beleza.jpeg\",\"contentUrl\":\"https:\\\/\\\/redenoticiaz.com.br\\\/litoralsp\\\/wp-content\\\/uploads\\\/sites\\\/3\\\/2020\\\/12\\\/franquias-de-estetica-e-beleza.jpeg\",\"width\":700,\"height\":400,\"caption\":\"Setor de Cosm\u00e9ticos foi o que mais contratou no segundo semestre (Foto: Divulga\u00e7\u00e3o)\"},{\"@type\":\"WebSite\",\"@id\":\"https:\\\/\\\/redenoticiaz.com.br\\\/litoralsp\\\/#website\",\"url\":\"https:\\\/\\\/redenoticiaz.com.br\\\/litoralsp\\\/\",\"name\":\"Litoral SP\",\"description\":\"Rede NoticiaZ\",\"publisher\":{\"@id\":\"https:\\\/\\\/redenoticiaz.com.br\\\/litoralsp\\\/#organization\"},\"potentialAction\":[{\"@type\":\"SearchAction\",\"target\":{\"@type\":\"EntryPoint\",\"urlTemplate\":\"https:\\\/\\\/redenoticiaz.com.br\\\/litoralsp\\\/?s={search_term_string}\"},\"query-input\":{\"@type\":\"PropertyValueSpecification\",\"valueRequired\":true,\"valueName\":\"search_term_string\"}}],\"inLanguage\":\"pt-BR\"},{\"@type\":\"Organization\",\"@id\":\"https:\\\/\\\/redenoticiaz.com.br\\\/litoralsp\\\/#organization\",\"name\":\"Litoral SP\",\"url\":\"https:\\\/\\\/redenoticiaz.com.br\\\/litoralsp\\\/\",\"logo\":{\"@type\":\"ImageObject\",\"inLanguage\":\"pt-BR\",\"@id\":\"https:\\\/\\\/redenoticiaz.com.br\\\/litoralsp\\\/#\\\/schema\\\/logo\\\/image\\\/\",\"url\":\"https:\\\/\\\/redenoticiaz.com.br\\\/litoralsp\\\/wp-content\\\/uploads\\\/sites\\\/3\\\/2020\\\/11\\\/logo.jpg\",\"contentUrl\":\"https:\\\/\\\/redenoticiaz.com.br\\\/litoralsp\\\/wp-content\\\/uploads\\\/sites\\\/3\\\/2020\\\/11\\\/logo.jpg\",\"width\":400,\"height\":250,\"caption\":\"Litoral SP\"},\"image\":{\"@id\":\"https:\\\/\\\/redenoticiaz.com.br\\\/litoralsp\\\/#\\\/schema\\\/logo\\\/image\\\/\"}},{\"@type\":\"Person\",\"@id\":\"https:\\\/\\\/redenoticiaz.com.br\\\/litoralsp\\\/#\\\/schema\\\/person\\\/0f0b8a5bdafefe82841e07ae8d81ecb3\",\"name\":\"Leonardo Francisco\",\"image\":{\"@type\":\"ImageObject\",\"inLanguage\":\"pt-BR\",\"@id\":\"https:\\\/\\\/secure.gravatar.com\\\/avatar\\\/a7358cb406a99b682ec6df1e77e31ae82e63601f6784e8a3df411d72b37864da?s=96&d=mm&r=g\",\"url\":\"https:\\\/\\\/secure.gravatar.com\\\/avatar\\\/a7358cb406a99b682ec6df1e77e31ae82e63601f6784e8a3df411d72b37864da?s=96&d=mm&r=g\",\"contentUrl\":\"https:\\\/\\\/secure.gravatar.com\\\/avatar\\\/a7358cb406a99b682ec6df1e77e31ae82e63601f6784e8a3df411d72b37864da?s=96&d=mm&r=g\",\"caption\":\"Leonardo Francisco\"},\"url\":\"https:\\\/\\\/redenoticiaz.com.br\\\/litoralsp\\\/author\\\/leonardo-francisco\"}]}<\/script>\n<!-- \/ Yoast SEO plugin. -->","yoast_head_json":{"title":"Quer uma pele perfeita? Siga as dicas para deix\u00e1-la iluminada - Litoral SP","description":"Quando se fala em cuidados e tratamentos do rosto da pele logo a pessoa associa ao uso de cremes, m\u00e1scaras","robots":{"index":"index","follow":"follow","max-snippet":"max-snippet:-1","max-image-preview":"max-image-preview:large","max-video-preview":"max-video-preview:-1"},"canonical":"https:\/\/redenoticiaz.com.br\/litoralsp\/2020\/12\/11\/quer-uma-pele-perfeita-siga-as-dicas-para-deixa-la-iluminada","og_locale":"pt_BR","og_type":"article","og_title":"Quer uma pele perfeita? Siga as dicas para deix\u00e1-la iluminada - Litoral SP","og_description":"Quando se fala em cuidados e tratamentos do rosto da pele logo a pessoa associa ao uso de cremes, m\u00e1scaras","og_url":"https:\/\/redenoticiaz.com.br\/litoralsp\/2020\/12\/11\/quer-uma-pele-perfeita-siga-as-dicas-para-deixa-la-iluminada","og_site_name":"Litoral SP","article_published_time":"2020-12-11T16:36:43+00:00","article_modified_time":"2020-12-11T16:47:11+00:00","og_image":[{"width":700,"height":400,"url":"https:\/\/redenoticiaz.com.br\/litoralsp\/wp-content\/uploads\/sites\/3\/2020\/12\/franquias-de-estetica-e-beleza.jpeg","type":"image\/jpeg"}],"author":"Leonardo Francisco","twitter_card":"summary_large_image","twitter_misc":{"Escrito por":"Leonardo Francisco","Est. tempo de leitura":"1 minuto"},"schema":{"@context":"https:\/\/schema.org","@graph":[{"@type":"Article","@id":"https:\/\/redenoticiaz.com.br\/litoralsp\/2020\/12\/11\/quer-uma-pele-perfeita-siga-as-dicas-para-deixa-la-iluminada#article","isPartOf":{"@id":"https:\/\/redenoticiaz.com.br\/litoralsp\/2020\/12\/11\/quer-uma-pele-perfeita-siga-as-dicas-para-deixa-la-iluminada"},"author":{"name":"Leonardo Francisco","@id":"https:\/\/redenoticiaz.com.br\/litoralsp\/#\/schema\/person\/0f0b8a5bdafefe82841e07ae8d81ecb3"},"headline":"Quer uma pele perfeita? Siga as dicas para deix\u00e1-la iluminada","datePublished":"2020-12-11T16:36:43+00:00","dateModified":"2020-12-11T16:47:11+00:00","mainEntityOfPage":{"@id":"https:\/\/redenoticiaz.com.br\/litoralsp\/2020\/12\/11\/quer-uma-pele-perfeita-siga-as-dicas-para-deixa-la-iluminada"},"wordCount":260,"commentCount":0,"publisher":{"@id":"https:\/\/redenoticiaz.com.br\/litoralsp\/#organization"},"image":{"@id":"https:\/\/redenoticiaz.com.br\/litoralsp\/2020\/12\/11\/quer-uma-pele-perfeita-siga-as-dicas-para-deixa-la-iluminada#primaryimage"},"thumbnailUrl":"https:\/\/redenoticiaz.com.br\/litoralsp\/wp-content\/uploads\/sites\/3\/2020\/12\/franquias-de-estetica-e-beleza.jpeg","keywords":["DICAS","ILUMINA\u00c7\u00c3O DA PELE","SA\u00daDE &amp; BEM ESTAR"],"articleSection":["sem"],"inLanguage":"pt-BR","potentialAction":[{"@type":"CommentAction","name":"Comment","target":["https:\/\/redenoticiaz.com.br\/litoralsp\/2020\/12\/11\/quer-uma-pele-perfeita-siga-as-dicas-para-deixa-la-iluminada#respond"]}]},{"@type":"WebPage","@id":"https:\/\/redenoticiaz.com.br\/litoralsp\/2020\/12\/11\/quer-uma-pele-perfeita-siga-as-dicas-para-deixa-la-iluminada","url":"https:\/\/redenoticiaz.com.br\/litoralsp\/2020\/12\/11\/quer-uma-pele-perfeita-siga-as-dicas-para-deixa-la-iluminada","name":"Quer uma pele perfeita? Siga as dicas para deix\u00e1-la iluminada - Litoral SP","isPartOf":{"@id":"https:\/\/redenoticiaz.com.br\/litoralsp\/#website"},"primaryImageOfPage":{"@id":"https:\/\/redenoticiaz.com.br\/litoralsp\/2020\/12\/11\/quer-uma-pele-perfeita-siga-as-dicas-para-deixa-la-iluminada#primaryimage"},"image":{"@id":"https:\/\/redenoticiaz.com.br\/litoralsp\/2020\/12\/11\/quer-uma-pele-perfeita-siga-as-dicas-para-deixa-la-iluminada#primaryimage"},"thumbnailUrl":"https:\/\/redenoticiaz.com.br\/litoralsp\/wp-content\/uploads\/sites\/3\/2020\/12\/franquias-de-estetica-e-beleza.jpeg","datePublished":"2020-12-11T16:36:43+00:00","dateModified":"2020-12-11T16:47:11+00:00","description":"Quando se fala em cuidados e tratamentos do rosto da pele logo a pessoa associa ao uso de cremes, m\u00e1scaras","inLanguage":"pt-BR","potentialAction":[{"@type":"ReadAction","target":["https:\/\/redenoticiaz.com.br\/litoralsp\/2020\/12\/11\/quer-uma-pele-perfeita-siga-as-dicas-para-deixa-la-iluminada"]}]},{"@type":"ImageObject","inLanguage":"pt-BR","@id":"https:\/\/redenoticiaz.com.br\/litoralsp\/2020\/12\/11\/quer-uma-pele-perfeita-siga-as-dicas-para-deixa-la-iluminada#primaryimage","url":"https:\/\/redenoticiaz.com.br\/litoralsp\/wp-content\/uploads\/sites\/3\/2020\/12\/franquias-de-estetica-e-beleza.jpeg","contentUrl":"https:\/\/redenoticiaz.com.br\/litoralsp\/wp-content\/uploads\/sites\/3\/2020\/12\/franquias-de-estetica-e-beleza.jpeg","width":700,"height":400,"caption":"Setor de Cosm\u00e9ticos foi o que mais contratou no segundo semestre (Foto: Divulga\u00e7\u00e3o)"},{"@type":"WebSite","@id":"https:\/\/redenoticiaz.com.br\/litoralsp\/#website","url":"https:\/\/redenoticiaz.com.br\/litoralsp\/","name":"Litoral SP","description":"Rede NoticiaZ","publisher":{"@id":"https:\/\/redenoticiaz.com.br\/litoralsp\/#organization"},"potentialAction":[{"@type":"SearchAction","target":{"@type":"EntryPoint","urlTemplate":"https:\/\/redenoticiaz.com.br\/litoralsp\/?s={search_term_string}"},"query-input":{"@type":"PropertyValueSpecification","valueRequired":true,"valueName":"search_term_string"}}],"inLanguage":"pt-BR"},{"@type":"Organization","@id":"https:\/\/redenoticiaz.com.br\/litoralsp\/#organization","name":"Litoral SP","url":"https:\/\/redenoticiaz.com.br\/litoralsp\/","logo":{"@type":"ImageObject","inLanguage":"pt-BR","@id":"https:\/\/redenoticiaz.com.br\/litoralsp\/#\/schema\/logo\/image\/","url":"https:\/\/redenoticiaz.com.br\/litoralsp\/wp-content\/uploads\/sites\/3\/2020\/11\/logo.jpg","contentUrl":"https:\/\/redenoticiaz.com.br\/litoralsp\/wp-content\/uploads\/sites\/3\/2020\/11\/logo.jpg","width":400,"height":250,"caption":"Litoral SP"},"image":{"@id":"https:\/\/redenoticiaz.com.br\/litoralsp\/#\/schema\/logo\/image\/"}},{"@type":"Person","@id":"https:\/\/redenoticiaz.com.br\/litoralsp\/#\/schema\/person\/0f0b8a5bdafefe82841e07ae8d81ecb3","name":"Leonardo Francisco","image":{"@type":"ImageObject","inLanguage":"pt-BR","@id":"https:\/\/secure.gravatar.com\/avatar\/a7358cb406a99b682ec6df1e77e31ae82e63601f6784e8a3df411d72b37864da?s=96&d=mm&r=g","url":"https:\/\/secure.gravatar.com\/avatar\/a7358cb406a99b682ec6df1e77e31ae82e63601f6784e8a3df411d72b37864da?s=96&d=mm&r=g","contentUrl":"https:\/\/secure.gravatar.com\/avatar\/a7358cb406a99b682ec6df1e77e31ae82e63601f6784e8a3df411d72b37864da?s=96&d=mm&r=g","caption":"Leonardo Francisco"},"url":"https:\/\/redenoticiaz.com.br\/litoralsp\/author\/leonardo-francisco"}]}},"_links":{"self":[{"href":"https:\/\/redenoticiaz.com.br\/litoralsp\/wp-json\/wp\/v2\/posts\/1145","targetHints":{"allow":["GET"]}}],"collection":[{"href":"https:\/\/redenoticiaz.com.br\/litoralsp\/wp-json\/wp\/v2\/posts"}],"about":[{"href":"https:\/\/redenoticiaz.com.br\/litoralsp\/wp-json\/wp\/v2\/types\/post"}],"author":[{"embeddable":true,"href":"https:\/\/redenoticiaz.com.br\/litoralsp\/wp-json\/wp\/v2\/users\/6"}],"replies":[{"embeddable":true,"href":"https:\/\/redenoticiaz.com.br\/litoralsp\/wp-json\/wp\/v2\/comments?post=1145"}],"version-history":[{"count":1,"href":"https:\/\/redenoticiaz.com.br\/litoralsp\/wp-json\/wp\/v2\/posts\/1145\/revisions"}],"predecessor-version":[{"id":1147,"href":"https:\/\/redenoticiaz.com.br\/litoralsp\/wp-json\/wp\/v2\/posts\/1145\/revisions\/1147"}],"wp:featuredmedia":[{"embeddable":true,"href":"https:\/\/redenoticiaz.com.br\/litoralsp\/wp-json\/wp\/v2\/media\/1146"}],"wp:attachment":[{"href":"https:\/\/redenoticiaz.com.br\/litoralsp\/wp-json\/wp\/v2\/media?parent=1145"}],"wp:term":[{"taxonomy":"category","embeddable":true,"href":"https:\/\/redenoticiaz.com.br\/litoralsp\/wp-json\/wp\/v2\/categories?post=1145"},{"taxonomy":"post_tag","embeddable":true,"href":"https:\/\/redenoticiaz.com.br\/litoralsp\/wp-json\/wp\/v2\/tags?post=1145"}],"curies":[{"name":"wp","href":"https:\/\/api.w.org\/{rel}","templated":true}]}}