{"id":114560,"date":"2024-02-21T15:17:41","date_gmt":"2024-02-21T18:17:41","guid":{"rendered":"https:\/\/redenoticiaz.com.br\/litoralsp\/2024\/02\/21\/stf-condena-15-reus-por-atos-antidemocraticos"},"modified":"2024-02-21T15:17:41","modified_gmt":"2024-02-21T18:17:41","slug":"stf-condena-15-reus-por-atos-antidemocraticos","status":"publish","type":"post","link":"https:\/\/redenoticiaz.com.br\/litoralsp\/2024\/02\/21\/stf-condena-15-reus-por-atos-antidemocraticos","title":{"rendered":"STF condena 15 r\u00e9us por atos antidemocr\u00e1ticos"},"content":{"rendered":"<p>O STF condenou 15 r\u00e9us pelos atos golpistas de 8 de janeiro, seguindo o voto do relator, ministro Alexandre de Moraes. A maioria dos ministros votou a favor, enquanto Lu\u00eds Roberto Barroso, Andr\u00e9 Mendon\u00e7a e Nunes Marques foram contra.<\/p>\n<p>Os r\u00e9us, denunciados pela Procuradoria-Geral da Rep\u00fablica, enfrentam acusa\u00e7\u00f5es que incluem aboli\u00e7\u00e3o violenta do Estado democr\u00e1tico de direito, golpe de Estado, dano qualificado, deteriora\u00e7\u00e3o de patrim\u00f4nio tombado e associa\u00e7\u00e3o criminosa armada.<\/p>\n<p>Com essa decis\u00e3o, o STF j\u00e1 condenou 86 r\u00e9us, com penas de at\u00e9 17 anos de pris\u00e3o. Aqueles acusados por crimes menos graves est\u00e3o negociando acordos com a PGR para cumprir servi\u00e7o comunit\u00e1rio e pagar multas.<\/p>\n<p>LEIA MAIS<\/p>\n<p><a href=\"https:\/\/redenoticiaz.com.br\/blog\/2024\/02\/21\/tse-multa-deputada-zambelli-em-r-30-mil-por-fake-news-sobre-e-titulo\">TSE multa deputada Zambelli em R$ 30 mil por fake news sobre e-T\u00edtulo<\/a><\/p>\n<p><a href=\"https:\/\/redenoticiaz.com.br\/blog\/2024\/02\/20\/cantora-de-forro-e-marido-morrem-afogados\">Cantora de forr\u00f3 e marido morrem afogados<\/a><\/p>\n<p>&nbsp;<\/p>\n","protected":false},"excerpt":{"rendered":"<p>O STF condenou 15 r\u00e9us pelos atos golpistas de 8 de janeiro, seguindo o voto do relator, ministro Alexandre de Moraes. A maioria dos ministros votou a favor, enquanto Lu\u00eds Roberto Barroso, Andr\u00e9 Mendon\u00e7a e Nunes Marques foram contra. Os r\u00e9us, denunciados pela Procuradoria-Geral da Rep\u00fablica, enfrentam acusa\u00e7\u00f5es que incluem aboli\u00e7\u00e3o violenta do Estado democr\u00e1tico &hellip;<\/p>\n","protected":false},"author":30,"featured_media":114561,"comment_status":"open","ping_status":"closed","sticky":false,"template":"","format":"standard","meta":{"footnotes":""},"categories":[10,15],"tags":[67146,68011,28],"class_list":["post-114560","post","type-post","status-publish","format-standard","has-post-thumbnail","hentry","category-policia","category-politica","tag-atos-golpistas","tag-reus","tag-stf"],"yoast_head":"<!-- This site is optimized with the Yoast SEO plugin v27.5 - https:\/\/yoast.com\/product\/yoast-seo-wordpress\/ -->\n<title>STF condena 15 r\u00e9us por atos antidemocr\u00e1ticos - Litoral SP<\/title>\n<meta name=\"robots\" content=\"index, follow, max-snippet:-1, max-image-preview:large, max-video-preview:-1\" \/>\n<link rel=\"canonical\" href=\"https:\/\/redenoticiaz.com.br\/litoralsp\/2024\/02\/21\/stf-condena-15-reus-por-atos-antidemocraticos\" \/>\n<meta property=\"og:locale\" content=\"pt_BR\" \/>\n<meta property=\"og:type\" content=\"article\" \/>\n<meta property=\"og:title\" content=\"STF condena 15 r\u00e9us por atos antidemocr\u00e1ticos - Litoral SP\" \/>\n<meta property=\"og:description\" content=\"O STF condenou 15 r\u00e9us pelos atos golpistas de 8 de janeiro, seguindo o voto do relator, ministro Alexandre de Moraes. A maioria dos ministros votou a favor, enquanto Lu\u00eds Roberto Barroso, Andr\u00e9 Mendon\u00e7a e Nunes Marques foram contra. Os r\u00e9us, denunciados pela Procuradoria-Geral da Rep\u00fablica, enfrentam acusa\u00e7\u00f5es que incluem aboli\u00e7\u00e3o violenta do Estado democr\u00e1tico &hellip;\" \/>\n<meta property=\"og:url\" content=\"https:\/\/redenoticiaz.com.br\/litoralsp\/2024\/02\/21\/stf-condena-15-reus-por-atos-antidemocraticos\" \/>\n<meta property=\"og:site_name\" content=\"Litoral SP\" \/>\n<meta property=\"article:published_time\" content=\"2024-02-21T18:17:41+00:00\" \/>\n<meta name=\"author\" content=\"Carina Reifonas\" \/>\n<meta name=\"twitter:card\" content=\"summary_large_image\" \/>\n<meta name=\"twitter:label1\" content=\"Escrito por\" \/>\n\t<meta name=\"twitter:data1\" content=\"Carina Reifonas\" \/>\n\t<meta name=\"twitter:label2\" content=\"Est. tempo de leitura\" \/>\n\t<meta name=\"twitter:data2\" content=\"1 minuto\" \/>\n<script type=\"application\/ld+json\" class=\"yoast-schema-graph\">{\"@context\":\"https:\\\/\\\/schema.org\",\"@graph\":[{\"@type\":\"Article\",\"@id\":\"https:\\\/\\\/redenoticiaz.com.br\\\/litoralsp\\\/2024\\\/02\\\/21\\\/stf-condena-15-reus-por-atos-antidemocraticos#article\",\"isPartOf\":{\"@id\":\"https:\\\/\\\/redenoticiaz.com.br\\\/litoralsp\\\/2024\\\/02\\\/21\\\/stf-condena-15-reus-por-atos-antidemocraticos\"},\"author\":{\"name\":\"Carina Reifonas\",\"@id\":\"https:\\\/\\\/redenoticiaz.com.br\\\/litoralsp\\\/#\\\/schema\\\/person\\\/1f84d6e94e6a62d2d81199d7503e9e90\"},\"headline\":\"STF condena 15 r\u00e9us por atos antidemocr\u00e1ticos\",\"datePublished\":\"2024-02-21T18:17:41+00:00\",\"mainEntityOfPage\":{\"@id\":\"https:\\\/\\\/redenoticiaz.com.br\\\/litoralsp\\\/2024\\\/02\\\/21\\\/stf-condena-15-reus-por-atos-antidemocraticos\"},\"wordCount\":150,\"commentCount\":0,\"publisher\":{\"@id\":\"https:\\\/\\\/redenoticiaz.com.br\\\/litoralsp\\\/#organization\"},\"image\":{\"@id\":\"https:\\\/\\\/redenoticiaz.com.br\\\/litoralsp\\\/2024\\\/02\\\/21\\\/stf-condena-15-reus-por-atos-antidemocraticos#primaryimage\"},\"thumbnailUrl\":\"https:\\\/\\\/redenoticiaz.com.br\\\/litoralsp\\\/wp-content\\\/uploads\\\/sites\\\/3\\\/2024\\\/02\\\/STF-condena-15-reus-por-atos-antidemocraticos.jpg?v=1708539430\",\"keywords\":[\"Atos Golpistas\",\"R\u00e9us\",\"stf\"],\"articleSection\":[\"Pol\u00edcia\",\"Pol\u00edtica\"],\"inLanguage\":\"pt-BR\",\"potentialAction\":[{\"@type\":\"CommentAction\",\"name\":\"Comment\",\"target\":[\"https:\\\/\\\/redenoticiaz.com.br\\\/litoralsp\\\/2024\\\/02\\\/21\\\/stf-condena-15-reus-por-atos-antidemocraticos#respond\"]}]},{\"@type\":\"WebPage\",\"@id\":\"https:\\\/\\\/redenoticiaz.com.br\\\/litoralsp\\\/2024\\\/02\\\/21\\\/stf-condena-15-reus-por-atos-antidemocraticos\",\"url\":\"https:\\\/\\\/redenoticiaz.com.br\\\/litoralsp\\\/2024\\\/02\\\/21\\\/stf-condena-15-reus-por-atos-antidemocraticos\",\"name\":\"STF condena 15 r\u00e9us por atos antidemocr\u00e1ticos - Litoral SP\",\"isPartOf\":{\"@id\":\"https:\\\/\\\/redenoticiaz.com.br\\\/litoralsp\\\/#website\"},\"primaryImageOfPage\":{\"@id\":\"https:\\\/\\\/redenoticiaz.com.br\\\/litoralsp\\\/2024\\\/02\\\/21\\\/stf-condena-15-reus-por-atos-antidemocraticos#primaryimage\"},\"image\":{\"@id\":\"https:\\\/\\\/redenoticiaz.com.br\\\/litoralsp\\\/2024\\\/02\\\/21\\\/stf-condena-15-reus-por-atos-antidemocraticos#primaryimage\"},\"thumbnailUrl\":\"https:\\\/\\\/redenoticiaz.com.br\\\/litoralsp\\\/wp-content\\\/uploads\\\/sites\\\/3\\\/2024\\\/02\\\/STF-condena-15-reus-por-atos-antidemocraticos.jpg?v=1708539430\",\"datePublished\":\"2024-02-21T18:17:41+00:00\",\"inLanguage\":\"pt-BR\",\"potentialAction\":[{\"@type\":\"ReadAction\",\"target\":[\"https:\\\/\\\/redenoticiaz.com.br\\\/litoralsp\\\/2024\\\/02\\\/21\\\/stf-condena-15-reus-por-atos-antidemocraticos\"]}]},{\"@type\":\"ImageObject\",\"inLanguage\":\"pt-BR\",\"@id\":\"https:\\\/\\\/redenoticiaz.com.br\\\/litoralsp\\\/2024\\\/02\\\/21\\\/stf-condena-15-reus-por-atos-antidemocraticos#primaryimage\",\"url\":\"https:\\\/\\\/redenoticiaz.com.br\\\/litoralsp\\\/wp-content\\\/uploads\\\/sites\\\/3\\\/2024\\\/02\\\/STF-condena-15-reus-por-atos-antidemocraticos.jpg?v=1708539430\",\"contentUrl\":\"https:\\\/\\\/redenoticiaz.com.br\\\/litoralsp\\\/wp-content\\\/uploads\\\/sites\\\/3\\\/2024\\\/02\\\/STF-condena-15-reus-por-atos-antidemocraticos.jpg?v=1708539430\",\"width\":1640,\"height\":924},{\"@type\":\"WebSite\",\"@id\":\"https:\\\/\\\/redenoticiaz.com.br\\\/litoralsp\\\/#website\",\"url\":\"https:\\\/\\\/redenoticiaz.com.br\\\/litoralsp\\\/\",\"name\":\"Litoral SP\",\"description\":\"Rede NoticiaZ\",\"publisher\":{\"@id\":\"https:\\\/\\\/redenoticiaz.com.br\\\/litoralsp\\\/#organization\"},\"potentialAction\":[{\"@type\":\"SearchAction\",\"target\":{\"@type\":\"EntryPoint\",\"urlTemplate\":\"https:\\\/\\\/redenoticiaz.com.br\\\/litoralsp\\\/?s={search_term_string}\"},\"query-input\":{\"@type\":\"PropertyValueSpecification\",\"valueRequired\":true,\"valueName\":\"search_term_string\"}}],\"inLanguage\":\"pt-BR\"},{\"@type\":\"Organization\",\"@id\":\"https:\\\/\\\/redenoticiaz.com.br\\\/litoralsp\\\/#organization\",\"name\":\"Litoral SP\",\"url\":\"https:\\\/\\\/redenoticiaz.com.br\\\/litoralsp\\\/\",\"logo\":{\"@type\":\"ImageObject\",\"inLanguage\":\"pt-BR\",\"@id\":\"https:\\\/\\\/redenoticiaz.com.br\\\/litoralsp\\\/#\\\/schema\\\/logo\\\/image\\\/\",\"url\":\"https:\\\/\\\/redenoticiaz.com.br\\\/litoralsp\\\/wp-content\\\/uploads\\\/sites\\\/3\\\/2020\\\/11\\\/logo.jpg\",\"contentUrl\":\"https:\\\/\\\/redenoticiaz.com.br\\\/litoralsp\\\/wp-content\\\/uploads\\\/sites\\\/3\\\/2020\\\/11\\\/logo.jpg\",\"width\":400,\"height\":250,\"caption\":\"Litoral SP\"},\"image\":{\"@id\":\"https:\\\/\\\/redenoticiaz.com.br\\\/litoralsp\\\/#\\\/schema\\\/logo\\\/image\\\/\"}},{\"@type\":\"Person\",\"@id\":\"https:\\\/\\\/redenoticiaz.com.br\\\/litoralsp\\\/#\\\/schema\\\/person\\\/1f84d6e94e6a62d2d81199d7503e9e90\",\"name\":\"Carina Reifonas\",\"image\":{\"@type\":\"ImageObject\",\"inLanguage\":\"pt-BR\",\"@id\":\"https:\\\/\\\/secure.gravatar.com\\\/avatar\\\/04c59859b23696cf867715880f81d5c037e60109730bdb4e6670ec2a2245bc97?s=96&d=mm&r=g\",\"url\":\"https:\\\/\\\/secure.gravatar.com\\\/avatar\\\/04c59859b23696cf867715880f81d5c037e60109730bdb4e6670ec2a2245bc97?s=96&d=mm&r=g\",\"contentUrl\":\"https:\\\/\\\/secure.gravatar.com\\\/avatar\\\/04c59859b23696cf867715880f81d5c037e60109730bdb4e6670ec2a2245bc97?s=96&d=mm&r=g\",\"caption\":\"Carina Reifonas\"},\"url\":\"https:\\\/\\\/redenoticiaz.com.br\\\/litoralsp\\\/author\\\/carinareifonas\"}]}<\/script>\n<!-- \/ Yoast SEO plugin. -->","yoast_head_json":{"title":"STF condena 15 r\u00e9us por atos antidemocr\u00e1ticos - Litoral SP","robots":{"index":"index","follow":"follow","max-snippet":"max-snippet:-1","max-image-preview":"max-image-preview:large","max-video-preview":"max-video-preview:-1"},"canonical":"https:\/\/redenoticiaz.com.br\/litoralsp\/2024\/02\/21\/stf-condena-15-reus-por-atos-antidemocraticos","og_locale":"pt_BR","og_type":"article","og_title":"STF condena 15 r\u00e9us por atos antidemocr\u00e1ticos - Litoral SP","og_description":"O STF condenou 15 r\u00e9us pelos atos golpistas de 8 de janeiro, seguindo o voto do relator, ministro Alexandre de Moraes. A maioria dos ministros votou a favor, enquanto Lu\u00eds Roberto Barroso, Andr\u00e9 Mendon\u00e7a e Nunes Marques foram contra. Os r\u00e9us, denunciados pela Procuradoria-Geral da Rep\u00fablica, enfrentam acusa\u00e7\u00f5es que incluem aboli\u00e7\u00e3o violenta do Estado democr\u00e1tico &hellip;","og_url":"https:\/\/redenoticiaz.com.br\/litoralsp\/2024\/02\/21\/stf-condena-15-reus-por-atos-antidemocraticos","og_site_name":"Litoral SP","article_published_time":"2024-02-21T18:17:41+00:00","author":"Carina Reifonas","twitter_card":"summary_large_image","twitter_misc":{"Escrito por":"Carina Reifonas","Est. tempo de leitura":"1 minuto"},"schema":{"@context":"https:\/\/schema.org","@graph":[{"@type":"Article","@id":"https:\/\/redenoticiaz.com.br\/litoralsp\/2024\/02\/21\/stf-condena-15-reus-por-atos-antidemocraticos#article","isPartOf":{"@id":"https:\/\/redenoticiaz.com.br\/litoralsp\/2024\/02\/21\/stf-condena-15-reus-por-atos-antidemocraticos"},"author":{"name":"Carina Reifonas","@id":"https:\/\/redenoticiaz.com.br\/litoralsp\/#\/schema\/person\/1f84d6e94e6a62d2d81199d7503e9e90"},"headline":"STF condena 15 r\u00e9us por atos antidemocr\u00e1ticos","datePublished":"2024-02-21T18:17:41+00:00","mainEntityOfPage":{"@id":"https:\/\/redenoticiaz.com.br\/litoralsp\/2024\/02\/21\/stf-condena-15-reus-por-atos-antidemocraticos"},"wordCount":150,"commentCount":0,"publisher":{"@id":"https:\/\/redenoticiaz.com.br\/litoralsp\/#organization"},"image":{"@id":"https:\/\/redenoticiaz.com.br\/litoralsp\/2024\/02\/21\/stf-condena-15-reus-por-atos-antidemocraticos#primaryimage"},"thumbnailUrl":"https:\/\/redenoticiaz.com.br\/litoralsp\/wp-content\/uploads\/sites\/3\/2024\/02\/STF-condena-15-reus-por-atos-antidemocraticos.jpg?v=1708539430","keywords":["Atos Golpistas","R\u00e9us","stf"],"articleSection":["Pol\u00edcia","Pol\u00edtica"],"inLanguage":"pt-BR","potentialAction":[{"@type":"CommentAction","name":"Comment","target":["https:\/\/redenoticiaz.com.br\/litoralsp\/2024\/02\/21\/stf-condena-15-reus-por-atos-antidemocraticos#respond"]}]},{"@type":"WebPage","@id":"https:\/\/redenoticiaz.com.br\/litoralsp\/2024\/02\/21\/stf-condena-15-reus-por-atos-antidemocraticos","url":"https:\/\/redenoticiaz.com.br\/litoralsp\/2024\/02\/21\/stf-condena-15-reus-por-atos-antidemocraticos","name":"STF condena 15 r\u00e9us por atos antidemocr\u00e1ticos - Litoral SP","isPartOf":{"@id":"https:\/\/redenoticiaz.com.br\/litoralsp\/#website"},"primaryImageOfPage":{"@id":"https:\/\/redenoticiaz.com.br\/litoralsp\/2024\/02\/21\/stf-condena-15-reus-por-atos-antidemocraticos#primaryimage"},"image":{"@id":"https:\/\/redenoticiaz.com.br\/litoralsp\/2024\/02\/21\/stf-condena-15-reus-por-atos-antidemocraticos#primaryimage"},"thumbnailUrl":"https:\/\/redenoticiaz.com.br\/litoralsp\/wp-content\/uploads\/sites\/3\/2024\/02\/STF-condena-15-reus-por-atos-antidemocraticos.jpg?v=1708539430","datePublished":"2024-02-21T18:17:41+00:00","inLanguage":"pt-BR","potentialAction":[{"@type":"ReadAction","target":["https:\/\/redenoticiaz.com.br\/litoralsp\/2024\/02\/21\/stf-condena-15-reus-por-atos-antidemocraticos"]}]},{"@type":"ImageObject","inLanguage":"pt-BR","@id":"https:\/\/redenoticiaz.com.br\/litoralsp\/2024\/02\/21\/stf-condena-15-reus-por-atos-antidemocraticos#primaryimage","url":"https:\/\/redenoticiaz.com.br\/litoralsp\/wp-content\/uploads\/sites\/3\/2024\/02\/STF-condena-15-reus-por-atos-antidemocraticos.jpg?v=1708539430","contentUrl":"https:\/\/redenoticiaz.com.br\/litoralsp\/wp-content\/uploads\/sites\/3\/2024\/02\/STF-condena-15-reus-por-atos-antidemocraticos.jpg?v=1708539430","width":1640,"height":924},{"@type":"WebSite","@id":"https:\/\/redenoticiaz.com.br\/litoralsp\/#website","url":"https:\/\/redenoticiaz.com.br\/litoralsp\/","name":"Litoral SP","description":"Rede NoticiaZ","publisher":{"@id":"https:\/\/redenoticiaz.com.br\/litoralsp\/#organization"},"potentialAction":[{"@type":"SearchAction","target":{"@type":"EntryPoint","urlTemplate":"https:\/\/redenoticiaz.com.br\/litoralsp\/?s={search_term_string}"},"query-input":{"@type":"PropertyValueSpecification","valueRequired":true,"valueName":"search_term_string"}}],"inLanguage":"pt-BR"},{"@type":"Organization","@id":"https:\/\/redenoticiaz.com.br\/litoralsp\/#organization","name":"Litoral SP","url":"https:\/\/redenoticiaz.com.br\/litoralsp\/","logo":{"@type":"ImageObject","inLanguage":"pt-BR","@id":"https:\/\/redenoticiaz.com.br\/litoralsp\/#\/schema\/logo\/image\/","url":"https:\/\/redenoticiaz.com.br\/litoralsp\/wp-content\/uploads\/sites\/3\/2020\/11\/logo.jpg","contentUrl":"https:\/\/redenoticiaz.com.br\/litoralsp\/wp-content\/uploads\/sites\/3\/2020\/11\/logo.jpg","width":400,"height":250,"caption":"Litoral SP"},"image":{"@id":"https:\/\/redenoticiaz.com.br\/litoralsp\/#\/schema\/logo\/image\/"}},{"@type":"Person","@id":"https:\/\/redenoticiaz.com.br\/litoralsp\/#\/schema\/person\/1f84d6e94e6a62d2d81199d7503e9e90","name":"Carina Reifonas","image":{"@type":"ImageObject","inLanguage":"pt-BR","@id":"https:\/\/secure.gravatar.com\/avatar\/04c59859b23696cf867715880f81d5c037e60109730bdb4e6670ec2a2245bc97?s=96&d=mm&r=g","url":"https:\/\/secure.gravatar.com\/avatar\/04c59859b23696cf867715880f81d5c037e60109730bdb4e6670ec2a2245bc97?s=96&d=mm&r=g","contentUrl":"https:\/\/secure.gravatar.com\/avatar\/04c59859b23696cf867715880f81d5c037e60109730bdb4e6670ec2a2245bc97?s=96&d=mm&r=g","caption":"Carina Reifonas"},"url":"https:\/\/redenoticiaz.com.br\/litoralsp\/author\/carinareifonas"}]}},"_links":{"self":[{"href":"https:\/\/redenoticiaz.com.br\/litoralsp\/wp-json\/wp\/v2\/posts\/114560","targetHints":{"allow":["GET"]}}],"collection":[{"href":"https:\/\/redenoticiaz.com.br\/litoralsp\/wp-json\/wp\/v2\/posts"}],"about":[{"href":"https:\/\/redenoticiaz.com.br\/litoralsp\/wp-json\/wp\/v2\/types\/post"}],"author":[{"embeddable":true,"href":"https:\/\/redenoticiaz.com.br\/litoralsp\/wp-json\/wp\/v2\/users\/30"}],"replies":[{"embeddable":true,"href":"https:\/\/redenoticiaz.com.br\/litoralsp\/wp-json\/wp\/v2\/comments?post=114560"}],"version-history":[{"count":0,"href":"https:\/\/redenoticiaz.com.br\/litoralsp\/wp-json\/wp\/v2\/posts\/114560\/revisions"}],"wp:featuredmedia":[{"embeddable":true,"href":"https:\/\/redenoticiaz.com.br\/litoralsp\/wp-json\/wp\/v2\/media\/114561"}],"wp:attachment":[{"href":"https:\/\/redenoticiaz.com.br\/litoralsp\/wp-json\/wp\/v2\/media?parent=114560"}],"wp:term":[{"taxonomy":"category","embeddable":true,"href":"https:\/\/redenoticiaz.com.br\/litoralsp\/wp-json\/wp\/v2\/categories?post=114560"},{"taxonomy":"post_tag","embeddable":true,"href":"https:\/\/redenoticiaz.com.br\/litoralsp\/wp-json\/wp\/v2\/tags?post=114560"}],"curies":[{"name":"wp","href":"https:\/\/api.w.org\/{rel}","templated":true}]}}