{"id":114577,"date":"2024-02-24T14:00:16","date_gmt":"2024-02-24T17:00:16","guid":{"rendered":"https:\/\/redenoticiaz.com.br\/litoralsp\/?p=114577"},"modified":"2024-02-21T17:31:48","modified_gmt":"2024-02-21T20:31:48","slug":"video-elenco-de-the-chosen-vira-ao-brasil-para-divulgar-estreia-da-quarta-temporada","status":"publish","type":"post","link":"https:\/\/redenoticiaz.com.br\/litoralsp\/2024\/02\/24\/video-elenco-de-the-chosen-vira-ao-brasil-para-divulgar-estreia-da-quarta-temporada","title":{"rendered":"V\u00cdDEO &#8211; Elenco de \u201cThe Chosen&#8221; vir\u00e1 ao Brasil para divulgar estreia da quarta temporada"},"content":{"rendered":"<p>Os atores principais da s\u00e9rie sobre a vida de Jesus Cristo desembarcar\u00e3o no pa\u00eds para eventos exclusivos em S\u00e3o Paulo e Rio de Janeiro, em celebra\u00e7\u00e3o \u00e0 estreia dos dois primeiros epis\u00f3dios da quarta temporada nos cinemas a partir de 21 de mar\u00e7o.<\/p>\n<p>Com mais de 770 milh\u00f5es de visualiza\u00e7\u00f5es, a produ\u00e7\u00e3o tem conquistado p\u00fablico e se destaca nas plataformas de streaming.<\/p>\n<p>Distribu\u00edda globalmente pela Lionsgate, a hist\u00f3ria \u00e9 vista atrav\u00e9s dos olhos daqueles que conheceram Jesus, tendo como pano de fundo a opress\u00e3o romana em Israel do primeiro s\u00e9culo. A produ\u00e7\u00e3o retrata uma vis\u00e3o \u00edntima da vida e dos ensinamentos de Jesus.<\/p>\n<p><iframe loading=\"lazy\" title=\"The Chosen - Os Escolhidos - Temp 4 | Trailer Oficial 2 Dublado - 21\/03, exclusivo nos cinemas\" width=\"500\" height=\"281\" src=\"https:\/\/www.youtube.com\/embed\/UpZTkBZF5Pc?feature=oembed\" frameborder=\"0\" allow=\"accelerometer; autoplay; clipboard-write; encrypted-media; gyroscope; picture-in-picture; web-share\" referrerpolicy=\"strict-origin-when-cross-origin\" allowfullscreen><\/iframe><\/p>\n<p>LEIA MAIS<\/p>\n<p><a href=\"https:\/\/redenoticiaz.com.br\/blog\/2024\/02\/10\/um-lugar-silencioso-dia-um-ganha-seu-primeiro-trailer\">Um Lugar Silencioso: Dia Um\u2019 ganha seu primeiro trailer<\/a><\/p>\n<p><a href=\"https:\/\/redenoticiaz.com.br\/blog\/2024\/01\/20\/uma-mentira-ameaca-vir-a-tona-descubra-tudo-no-trailer-de-upgraded\">Uma mentira amea\u00e7a vir \u00e0 tona \u2013 Descubra tudo no trailer de \u201cUpgraded\u201d<\/a><\/p>\n","protected":false},"excerpt":{"rendered":"<p>Os atores principais da s\u00e9rie sobre a vida de Jesus Cristo desembarcar\u00e3o no pa\u00eds para eventos exclusivos em S\u00e3o Paulo e Rio de Janeiro, em celebra\u00e7\u00e3o \u00e0 estreia dos dois primeiros epis\u00f3dios da quarta temporada nos cinemas a partir de 21 de mar\u00e7o. Com mais de 770 milh\u00f5es de visualiza\u00e7\u00f5es, a produ\u00e7\u00e3o tem conquistado p\u00fablico &hellip;<\/p>\n","protected":false},"author":30,"featured_media":114578,"comment_status":"open","ping_status":"closed","sticky":false,"template":"","format":"standard","meta":{"footnotes":""},"categories":[62064],"tags":[52396,65061,5661,65,68019],"class_list":["post-114577","post","type-post","status-publish","format-standard","has-post-thumbnail","hentry","category-cameraz","tag-atores","tag-quarta-temporada","tag-rio-de-janeiro","tag-sao-paulo","tag-the-chosen"],"yoast_head":"<!-- This site is optimized with the Yoast SEO plugin v27.5 - https:\/\/yoast.com\/product\/yoast-seo-wordpress\/ -->\n<title>V\u00cdDEO - Elenco de \u201cThe Chosen&quot; vir\u00e1 ao Brasil para divulgar estreia da quarta temporada - Litoral SP<\/title>\n<meta name=\"description\" content=\"Os atores principais da s\u00e9rie sobre a vida de Jesus Cristo desembarcar\u00e3o no pa\u00eds para eventos exclusivos em S\u00e3o Paulo e Rio de Janeiro.\" \/>\n<meta name=\"robots\" content=\"index, follow, max-snippet:-1, max-image-preview:large, max-video-preview:-1\" \/>\n<link rel=\"canonical\" href=\"https:\/\/redenoticiaz.com.br\/litoralsp\/2024\/02\/24\/video-elenco-de-the-chosen-vira-ao-brasil-para-divulgar-estreia-da-quarta-temporada\" \/>\n<meta property=\"og:locale\" content=\"pt_BR\" \/>\n<meta property=\"og:type\" content=\"article\" \/>\n<meta property=\"og:title\" content=\"V\u00cdDEO - Elenco de \u201cThe Chosen&quot; vir\u00e1 ao Brasil para divulgar estreia da quarta temporada - Litoral SP\" \/>\n<meta property=\"og:description\" content=\"Os atores principais da s\u00e9rie sobre a vida de Jesus Cristo desembarcar\u00e3o no pa\u00eds para eventos exclusivos em S\u00e3o Paulo e Rio de Janeiro.\" \/>\n<meta property=\"og:url\" content=\"https:\/\/redenoticiaz.com.br\/litoralsp\/2024\/02\/24\/video-elenco-de-the-chosen-vira-ao-brasil-para-divulgar-estreia-da-quarta-temporada\" \/>\n<meta property=\"og:site_name\" content=\"Litoral SP\" \/>\n<meta property=\"article:published_time\" content=\"2024-02-24T17:00:16+00:00\" \/>\n<meta property=\"og:image\" content=\"https:\/\/redenoticiaz.com.br\/litoralsp\/wp-content\/uploads\/sites\/3\/2024\/02\/the-Chosen-scaled.jpg?v=1708547454\" \/>\n\t<meta property=\"og:image:width\" content=\"1620\" \/>\n\t<meta property=\"og:image:height\" content=\"1080\" \/>\n\t<meta property=\"og:image:type\" content=\"image\/jpeg\" \/>\n<meta name=\"author\" content=\"Carina Reifonas\" \/>\n<meta name=\"twitter:card\" content=\"summary_large_image\" \/>\n<meta name=\"twitter:label1\" content=\"Escrito por\" \/>\n\t<meta name=\"twitter:data1\" content=\"Carina Reifonas\" \/>\n\t<meta name=\"twitter:label2\" content=\"Est. tempo de leitura\" \/>\n\t<meta name=\"twitter:data2\" content=\"1 minuto\" \/>\n<script type=\"application\/ld+json\" class=\"yoast-schema-graph\">{\"@context\":\"https:\\\/\\\/schema.org\",\"@graph\":[{\"@type\":\"Article\",\"@id\":\"https:\\\/\\\/redenoticiaz.com.br\\\/litoralsp\\\/2024\\\/02\\\/24\\\/video-elenco-de-the-chosen-vira-ao-brasil-para-divulgar-estreia-da-quarta-temporada#article\",\"isPartOf\":{\"@id\":\"https:\\\/\\\/redenoticiaz.com.br\\\/litoralsp\\\/2024\\\/02\\\/24\\\/video-elenco-de-the-chosen-vira-ao-brasil-para-divulgar-estreia-da-quarta-temporada\"},\"author\":{\"name\":\"Carina Reifonas\",\"@id\":\"https:\\\/\\\/redenoticiaz.com.br\\\/litoralsp\\\/#\\\/schema\\\/person\\\/1f84d6e94e6a62d2d81199d7503e9e90\"},\"headline\":\"V\u00cdDEO &#8211; Elenco de \u201cThe Chosen&#8221; vir\u00e1 ao Brasil para divulgar estreia da quarta temporada\",\"datePublished\":\"2024-02-24T17:00:16+00:00\",\"mainEntityOfPage\":{\"@id\":\"https:\\\/\\\/redenoticiaz.com.br\\\/litoralsp\\\/2024\\\/02\\\/24\\\/video-elenco-de-the-chosen-vira-ao-brasil-para-divulgar-estreia-da-quarta-temporada\"},\"wordCount\":166,\"commentCount\":0,\"publisher\":{\"@id\":\"https:\\\/\\\/redenoticiaz.com.br\\\/litoralsp\\\/#organization\"},\"image\":{\"@id\":\"https:\\\/\\\/redenoticiaz.com.br\\\/litoralsp\\\/2024\\\/02\\\/24\\\/video-elenco-de-the-chosen-vira-ao-brasil-para-divulgar-estreia-da-quarta-temporada#primaryimage\"},\"thumbnailUrl\":\"https:\\\/\\\/redenoticiaz.com.br\\\/litoralsp\\\/wp-content\\\/uploads\\\/sites\\\/3\\\/2024\\\/02\\\/the-Chosen-scaled.jpg?v=1708547454\",\"keywords\":[\"ATORES\",\"quarta temporada\",\"Rio de Janeiro\",\"S\u00e3o Paulo\",\"The Chosen\"],\"articleSection\":[\"C\u00e2mera Z\"],\"inLanguage\":\"pt-BR\",\"potentialAction\":[{\"@type\":\"CommentAction\",\"name\":\"Comment\",\"target\":[\"https:\\\/\\\/redenoticiaz.com.br\\\/litoralsp\\\/2024\\\/02\\\/24\\\/video-elenco-de-the-chosen-vira-ao-brasil-para-divulgar-estreia-da-quarta-temporada#respond\"]}]},{\"@type\":\"WebPage\",\"@id\":\"https:\\\/\\\/redenoticiaz.com.br\\\/litoralsp\\\/2024\\\/02\\\/24\\\/video-elenco-de-the-chosen-vira-ao-brasil-para-divulgar-estreia-da-quarta-temporada\",\"url\":\"https:\\\/\\\/redenoticiaz.com.br\\\/litoralsp\\\/2024\\\/02\\\/24\\\/video-elenco-de-the-chosen-vira-ao-brasil-para-divulgar-estreia-da-quarta-temporada\",\"name\":\"V\u00cdDEO - Elenco de \u201cThe Chosen\\\" vir\u00e1 ao Brasil para divulgar estreia da quarta temporada - Litoral SP\",\"isPartOf\":{\"@id\":\"https:\\\/\\\/redenoticiaz.com.br\\\/litoralsp\\\/#website\"},\"primaryImageOfPage\":{\"@id\":\"https:\\\/\\\/redenoticiaz.com.br\\\/litoralsp\\\/2024\\\/02\\\/24\\\/video-elenco-de-the-chosen-vira-ao-brasil-para-divulgar-estreia-da-quarta-temporada#primaryimage\"},\"image\":{\"@id\":\"https:\\\/\\\/redenoticiaz.com.br\\\/litoralsp\\\/2024\\\/02\\\/24\\\/video-elenco-de-the-chosen-vira-ao-brasil-para-divulgar-estreia-da-quarta-temporada#primaryimage\"},\"thumbnailUrl\":\"https:\\\/\\\/redenoticiaz.com.br\\\/litoralsp\\\/wp-content\\\/uploads\\\/sites\\\/3\\\/2024\\\/02\\\/the-Chosen-scaled.jpg?v=1708547454\",\"datePublished\":\"2024-02-24T17:00:16+00:00\",\"description\":\"Os atores principais da s\u00e9rie sobre a vida de Jesus Cristo desembarcar\u00e3o no pa\u00eds para eventos exclusivos em S\u00e3o Paulo e Rio de Janeiro.\",\"inLanguage\":\"pt-BR\",\"potentialAction\":[{\"@type\":\"ReadAction\",\"target\":[\"https:\\\/\\\/redenoticiaz.com.br\\\/litoralsp\\\/2024\\\/02\\\/24\\\/video-elenco-de-the-chosen-vira-ao-brasil-para-divulgar-estreia-da-quarta-temporada\"]}]},{\"@type\":\"ImageObject\",\"inLanguage\":\"pt-BR\",\"@id\":\"https:\\\/\\\/redenoticiaz.com.br\\\/litoralsp\\\/2024\\\/02\\\/24\\\/video-elenco-de-the-chosen-vira-ao-brasil-para-divulgar-estreia-da-quarta-temporada#primaryimage\",\"url\":\"https:\\\/\\\/redenoticiaz.com.br\\\/litoralsp\\\/wp-content\\\/uploads\\\/sites\\\/3\\\/2024\\\/02\\\/the-Chosen-scaled.jpg?v=1708547454\",\"contentUrl\":\"https:\\\/\\\/redenoticiaz.com.br\\\/litoralsp\\\/wp-content\\\/uploads\\\/sites\\\/3\\\/2024\\\/02\\\/the-Chosen-scaled.jpg?v=1708547454\",\"width\":1620,\"height\":1080},{\"@type\":\"WebSite\",\"@id\":\"https:\\\/\\\/redenoticiaz.com.br\\\/litoralsp\\\/#website\",\"url\":\"https:\\\/\\\/redenoticiaz.com.br\\\/litoralsp\\\/\",\"name\":\"Litoral SP\",\"description\":\"Rede NoticiaZ\",\"publisher\":{\"@id\":\"https:\\\/\\\/redenoticiaz.com.br\\\/litoralsp\\\/#organization\"},\"potentialAction\":[{\"@type\":\"SearchAction\",\"target\":{\"@type\":\"EntryPoint\",\"urlTemplate\":\"https:\\\/\\\/redenoticiaz.com.br\\\/litoralsp\\\/?s={search_term_string}\"},\"query-input\":{\"@type\":\"PropertyValueSpecification\",\"valueRequired\":true,\"valueName\":\"search_term_string\"}}],\"inLanguage\":\"pt-BR\"},{\"@type\":\"Organization\",\"@id\":\"https:\\\/\\\/redenoticiaz.com.br\\\/litoralsp\\\/#organization\",\"name\":\"Litoral SP\",\"url\":\"https:\\\/\\\/redenoticiaz.com.br\\\/litoralsp\\\/\",\"logo\":{\"@type\":\"ImageObject\",\"inLanguage\":\"pt-BR\",\"@id\":\"https:\\\/\\\/redenoticiaz.com.br\\\/litoralsp\\\/#\\\/schema\\\/logo\\\/image\\\/\",\"url\":\"https:\\\/\\\/redenoticiaz.com.br\\\/litoralsp\\\/wp-content\\\/uploads\\\/sites\\\/3\\\/2020\\\/11\\\/logo.jpg\",\"contentUrl\":\"https:\\\/\\\/redenoticiaz.com.br\\\/litoralsp\\\/wp-content\\\/uploads\\\/sites\\\/3\\\/2020\\\/11\\\/logo.jpg\",\"width\":400,\"height\":250,\"caption\":\"Litoral SP\"},\"image\":{\"@id\":\"https:\\\/\\\/redenoticiaz.com.br\\\/litoralsp\\\/#\\\/schema\\\/logo\\\/image\\\/\"}},{\"@type\":\"Person\",\"@id\":\"https:\\\/\\\/redenoticiaz.com.br\\\/litoralsp\\\/#\\\/schema\\\/person\\\/1f84d6e94e6a62d2d81199d7503e9e90\",\"name\":\"Carina Reifonas\",\"image\":{\"@type\":\"ImageObject\",\"inLanguage\":\"pt-BR\",\"@id\":\"https:\\\/\\\/secure.gravatar.com\\\/avatar\\\/04c59859b23696cf867715880f81d5c037e60109730bdb4e6670ec2a2245bc97?s=96&d=mm&r=g\",\"url\":\"https:\\\/\\\/secure.gravatar.com\\\/avatar\\\/04c59859b23696cf867715880f81d5c037e60109730bdb4e6670ec2a2245bc97?s=96&d=mm&r=g\",\"contentUrl\":\"https:\\\/\\\/secure.gravatar.com\\\/avatar\\\/04c59859b23696cf867715880f81d5c037e60109730bdb4e6670ec2a2245bc97?s=96&d=mm&r=g\",\"caption\":\"Carina Reifonas\"},\"url\":\"https:\\\/\\\/redenoticiaz.com.br\\\/litoralsp\\\/author\\\/carinareifonas\"}]}<\/script>\n<!-- \/ Yoast SEO plugin. -->","yoast_head_json":{"title":"V\u00cdDEO - Elenco de \u201cThe Chosen\" vir\u00e1 ao Brasil para divulgar estreia da quarta temporada - Litoral SP","description":"Os atores principais da s\u00e9rie sobre a vida de Jesus Cristo desembarcar\u00e3o no pa\u00eds para eventos exclusivos em S\u00e3o Paulo e Rio de Janeiro.","robots":{"index":"index","follow":"follow","max-snippet":"max-snippet:-1","max-image-preview":"max-image-preview:large","max-video-preview":"max-video-preview:-1"},"canonical":"https:\/\/redenoticiaz.com.br\/litoralsp\/2024\/02\/24\/video-elenco-de-the-chosen-vira-ao-brasil-para-divulgar-estreia-da-quarta-temporada","og_locale":"pt_BR","og_type":"article","og_title":"V\u00cdDEO - Elenco de \u201cThe Chosen\" vir\u00e1 ao Brasil para divulgar estreia da quarta temporada - Litoral SP","og_description":"Os atores principais da s\u00e9rie sobre a vida de Jesus Cristo desembarcar\u00e3o no pa\u00eds para eventos exclusivos em S\u00e3o Paulo e Rio de Janeiro.","og_url":"https:\/\/redenoticiaz.com.br\/litoralsp\/2024\/02\/24\/video-elenco-de-the-chosen-vira-ao-brasil-para-divulgar-estreia-da-quarta-temporada","og_site_name":"Litoral SP","article_published_time":"2024-02-24T17:00:16+00:00","og_image":[{"width":1620,"height":1080,"url":"https:\/\/redenoticiaz.com.br\/litoralsp\/wp-content\/uploads\/sites\/3\/2024\/02\/the-Chosen-scaled.jpg?v=1708547454","type":"image\/jpeg"}],"author":"Carina Reifonas","twitter_card":"summary_large_image","twitter_misc":{"Escrito por":"Carina Reifonas","Est. tempo de leitura":"1 minuto"},"schema":{"@context":"https:\/\/schema.org","@graph":[{"@type":"Article","@id":"https:\/\/redenoticiaz.com.br\/litoralsp\/2024\/02\/24\/video-elenco-de-the-chosen-vira-ao-brasil-para-divulgar-estreia-da-quarta-temporada#article","isPartOf":{"@id":"https:\/\/redenoticiaz.com.br\/litoralsp\/2024\/02\/24\/video-elenco-de-the-chosen-vira-ao-brasil-para-divulgar-estreia-da-quarta-temporada"},"author":{"name":"Carina Reifonas","@id":"https:\/\/redenoticiaz.com.br\/litoralsp\/#\/schema\/person\/1f84d6e94e6a62d2d81199d7503e9e90"},"headline":"V\u00cdDEO &#8211; Elenco de \u201cThe Chosen&#8221; vir\u00e1 ao Brasil para divulgar estreia da quarta temporada","datePublished":"2024-02-24T17:00:16+00:00","mainEntityOfPage":{"@id":"https:\/\/redenoticiaz.com.br\/litoralsp\/2024\/02\/24\/video-elenco-de-the-chosen-vira-ao-brasil-para-divulgar-estreia-da-quarta-temporada"},"wordCount":166,"commentCount":0,"publisher":{"@id":"https:\/\/redenoticiaz.com.br\/litoralsp\/#organization"},"image":{"@id":"https:\/\/redenoticiaz.com.br\/litoralsp\/2024\/02\/24\/video-elenco-de-the-chosen-vira-ao-brasil-para-divulgar-estreia-da-quarta-temporada#primaryimage"},"thumbnailUrl":"https:\/\/redenoticiaz.com.br\/litoralsp\/wp-content\/uploads\/sites\/3\/2024\/02\/the-Chosen-scaled.jpg?v=1708547454","keywords":["ATORES","quarta temporada","Rio de Janeiro","S\u00e3o Paulo","The Chosen"],"articleSection":["C\u00e2mera Z"],"inLanguage":"pt-BR","potentialAction":[{"@type":"CommentAction","name":"Comment","target":["https:\/\/redenoticiaz.com.br\/litoralsp\/2024\/02\/24\/video-elenco-de-the-chosen-vira-ao-brasil-para-divulgar-estreia-da-quarta-temporada#respond"]}]},{"@type":"WebPage","@id":"https:\/\/redenoticiaz.com.br\/litoralsp\/2024\/02\/24\/video-elenco-de-the-chosen-vira-ao-brasil-para-divulgar-estreia-da-quarta-temporada","url":"https:\/\/redenoticiaz.com.br\/litoralsp\/2024\/02\/24\/video-elenco-de-the-chosen-vira-ao-brasil-para-divulgar-estreia-da-quarta-temporada","name":"V\u00cdDEO - Elenco de \u201cThe Chosen\" vir\u00e1 ao Brasil para divulgar estreia da quarta temporada - Litoral SP","isPartOf":{"@id":"https:\/\/redenoticiaz.com.br\/litoralsp\/#website"},"primaryImageOfPage":{"@id":"https:\/\/redenoticiaz.com.br\/litoralsp\/2024\/02\/24\/video-elenco-de-the-chosen-vira-ao-brasil-para-divulgar-estreia-da-quarta-temporada#primaryimage"},"image":{"@id":"https:\/\/redenoticiaz.com.br\/litoralsp\/2024\/02\/24\/video-elenco-de-the-chosen-vira-ao-brasil-para-divulgar-estreia-da-quarta-temporada#primaryimage"},"thumbnailUrl":"https:\/\/redenoticiaz.com.br\/litoralsp\/wp-content\/uploads\/sites\/3\/2024\/02\/the-Chosen-scaled.jpg?v=1708547454","datePublished":"2024-02-24T17:00:16+00:00","description":"Os atores principais da s\u00e9rie sobre a vida de Jesus Cristo desembarcar\u00e3o no pa\u00eds para eventos exclusivos em S\u00e3o Paulo e Rio de Janeiro.","inLanguage":"pt-BR","potentialAction":[{"@type":"ReadAction","target":["https:\/\/redenoticiaz.com.br\/litoralsp\/2024\/02\/24\/video-elenco-de-the-chosen-vira-ao-brasil-para-divulgar-estreia-da-quarta-temporada"]}]},{"@type":"ImageObject","inLanguage":"pt-BR","@id":"https:\/\/redenoticiaz.com.br\/litoralsp\/2024\/02\/24\/video-elenco-de-the-chosen-vira-ao-brasil-para-divulgar-estreia-da-quarta-temporada#primaryimage","url":"https:\/\/redenoticiaz.com.br\/litoralsp\/wp-content\/uploads\/sites\/3\/2024\/02\/the-Chosen-scaled.jpg?v=1708547454","contentUrl":"https:\/\/redenoticiaz.com.br\/litoralsp\/wp-content\/uploads\/sites\/3\/2024\/02\/the-Chosen-scaled.jpg?v=1708547454","width":1620,"height":1080},{"@type":"WebSite","@id":"https:\/\/redenoticiaz.com.br\/litoralsp\/#website","url":"https:\/\/redenoticiaz.com.br\/litoralsp\/","name":"Litoral SP","description":"Rede NoticiaZ","publisher":{"@id":"https:\/\/redenoticiaz.com.br\/litoralsp\/#organization"},"potentialAction":[{"@type":"SearchAction","target":{"@type":"EntryPoint","urlTemplate":"https:\/\/redenoticiaz.com.br\/litoralsp\/?s={search_term_string}"},"query-input":{"@type":"PropertyValueSpecification","valueRequired":true,"valueName":"search_term_string"}}],"inLanguage":"pt-BR"},{"@type":"Organization","@id":"https:\/\/redenoticiaz.com.br\/litoralsp\/#organization","name":"Litoral SP","url":"https:\/\/redenoticiaz.com.br\/litoralsp\/","logo":{"@type":"ImageObject","inLanguage":"pt-BR","@id":"https:\/\/redenoticiaz.com.br\/litoralsp\/#\/schema\/logo\/image\/","url":"https:\/\/redenoticiaz.com.br\/litoralsp\/wp-content\/uploads\/sites\/3\/2020\/11\/logo.jpg","contentUrl":"https:\/\/redenoticiaz.com.br\/litoralsp\/wp-content\/uploads\/sites\/3\/2020\/11\/logo.jpg","width":400,"height":250,"caption":"Litoral SP"},"image":{"@id":"https:\/\/redenoticiaz.com.br\/litoralsp\/#\/schema\/logo\/image\/"}},{"@type":"Person","@id":"https:\/\/redenoticiaz.com.br\/litoralsp\/#\/schema\/person\/1f84d6e94e6a62d2d81199d7503e9e90","name":"Carina Reifonas","image":{"@type":"ImageObject","inLanguage":"pt-BR","@id":"https:\/\/secure.gravatar.com\/avatar\/04c59859b23696cf867715880f81d5c037e60109730bdb4e6670ec2a2245bc97?s=96&d=mm&r=g","url":"https:\/\/secure.gravatar.com\/avatar\/04c59859b23696cf867715880f81d5c037e60109730bdb4e6670ec2a2245bc97?s=96&d=mm&r=g","contentUrl":"https:\/\/secure.gravatar.com\/avatar\/04c59859b23696cf867715880f81d5c037e60109730bdb4e6670ec2a2245bc97?s=96&d=mm&r=g","caption":"Carina Reifonas"},"url":"https:\/\/redenoticiaz.com.br\/litoralsp\/author\/carinareifonas"}]}},"_links":{"self":[{"href":"https:\/\/redenoticiaz.com.br\/litoralsp\/wp-json\/wp\/v2\/posts\/114577","targetHints":{"allow":["GET"]}}],"collection":[{"href":"https:\/\/redenoticiaz.com.br\/litoralsp\/wp-json\/wp\/v2\/posts"}],"about":[{"href":"https:\/\/redenoticiaz.com.br\/litoralsp\/wp-json\/wp\/v2\/types\/post"}],"author":[{"embeddable":true,"href":"https:\/\/redenoticiaz.com.br\/litoralsp\/wp-json\/wp\/v2\/users\/30"}],"replies":[{"embeddable":true,"href":"https:\/\/redenoticiaz.com.br\/litoralsp\/wp-json\/wp\/v2\/comments?post=114577"}],"version-history":[{"count":1,"href":"https:\/\/redenoticiaz.com.br\/litoralsp\/wp-json\/wp\/v2\/posts\/114577\/revisions"}],"predecessor-version":[{"id":114642,"href":"https:\/\/redenoticiaz.com.br\/litoralsp\/wp-json\/wp\/v2\/posts\/114577\/revisions\/114642"}],"wp:featuredmedia":[{"embeddable":true,"href":"https:\/\/redenoticiaz.com.br\/litoralsp\/wp-json\/wp\/v2\/media\/114578"}],"wp:attachment":[{"href":"https:\/\/redenoticiaz.com.br\/litoralsp\/wp-json\/wp\/v2\/media?parent=114577"}],"wp:term":[{"taxonomy":"category","embeddable":true,"href":"https:\/\/redenoticiaz.com.br\/litoralsp\/wp-json\/wp\/v2\/categories?post=114577"},{"taxonomy":"post_tag","embeddable":true,"href":"https:\/\/redenoticiaz.com.br\/litoralsp\/wp-json\/wp\/v2\/tags?post=114577"}],"curies":[{"name":"wp","href":"https:\/\/api.w.org\/{rel}","templated":true}]}}