{"id":114590,"date":"2024-02-22T18:00:57","date_gmt":"2024-02-22T21:00:57","guid":{"rendered":"https:\/\/redenoticiaz.com.br\/litoralsp\/?p=114590"},"modified":"2024-02-22T16:28:03","modified_gmt":"2024-02-22T19:28:03","slug":"prefeito-kayo-amado-e-eleito-presidente-do-condesb","status":"publish","type":"post","link":"https:\/\/redenoticiaz.com.br\/litoralsp\/2024\/02\/22\/prefeito-kayo-amado-e-eleito-presidente-do-condesb","title":{"rendered":"Prefeito Kayo Amado \u00e9 eleito presidente do Condesb"},"content":{"rendered":"<div>Na manh\u00e3 desta ter\u00e7a-feira (20), a 250\u00aa Reuni\u00e3o Ordin\u00e1ria do Condesb (Conselho de Desenvolvimento da Regi\u00e3o Metropolitana da Baixada Santista) foi marcada pela elei\u00e7\u00e3o do Prefeito de S\u00e3o Vicente, Kayo Amado, como novo presidente do conselho.<\/div>\n<div><\/div>\n<div>O encontro, tamb\u00e9m reelegeu Jos\u00e9 Police Neto, subsecret\u00e1rio de Desenvolvimento Urbano e Habita\u00e7\u00e3o do Estado, como vice-presidente.<\/div>\n<div><\/div>\n<div>Participaram da reuni\u00e3o o prefeito de Mongagu\u00e1 e ent\u00e3o presidente do conselho, M\u00e1rcio Cabe\u00e7a, os deputados estaduais Caio Fran\u00e7a e Solange Freitas.<\/div>\n<div><\/div>\n<div>Em seu mandato, que vai at\u00e9 fevereiro de 2025, o chefe do Executivo vicentino ter\u00e1 como principal atribui\u00e7\u00e3o a discuss\u00e3o e elabora\u00e7\u00e3o de pol\u00edticas p\u00fablicas voltadas ao desenvolvimento da Baixada Santista.<\/div>\n<div><\/div>\n<div><strong>Leia mais<\/strong><\/div>\n<div><a href=\"https:\/\/redenoticiaz.com.br\/litoralsp\/2023\/03\/15\/prefeito-kayo-amado-anuncia-novo-posto-rodoviario\">Prefeito Kayo Amado anuncia novo Posto Rodovi\u00e1rio<\/a><\/div>\n<div><a href=\"https:\/\/redenoticiaz.com.br\/litoralsp\/2021\/10\/05\/temporada-de-verao-tera-eventos-controlados-na-baixada-santista-afirma-o-condesb\">Temporada de Ver\u00e3o ter\u00e1 \u2018eventos controlados\u2019 na Baixada Santista, afirma o Condesb<\/a><\/div>\n","protected":false},"excerpt":{"rendered":"<p>Na manh\u00e3 desta ter\u00e7a-feira (20), a 250\u00aa Reuni\u00e3o Ordin\u00e1ria do Condesb (Conselho de Desenvolvimento da Regi\u00e3o Metropolitana da Baixada Santista) foi marcada pela elei\u00e7\u00e3o do Prefeito de S\u00e3o Vicente, Kayo Amado, como novo presidente do conselho. O encontro, tamb\u00e9m reelegeu Jos\u00e9 Police Neto, subsecret\u00e1rio de Desenvolvimento Urbano e Habita\u00e7\u00e3o do Estado, como vice-presidente. Participaram da &hellip;<\/p>\n","protected":false},"author":12,"featured_media":114591,"comment_status":"open","ping_status":"closed","sticky":false,"template":"","format":"standard","meta":{"footnotes":""},"categories":[10,181],"tags":[1148,1979,1087],"class_list":["post-114590","post","type-post","status-publish","format-standard","has-post-thumbnail","hentry","category-policia","category-sao-vicente","tag-baixada-santista","tag-condesb","tag-kayo-amado"],"yoast_head":"<!-- This site is optimized with the Yoast SEO plugin v27.5 - https:\/\/yoast.com\/product\/yoast-seo-wordpress\/ -->\n<title>Prefeito Kayo Amado \u00e9 eleito presidente do Condesb - Litoral SP<\/title>\n<meta name=\"description\" content=\"Na manh\u00e3 desta ter\u00e7a-feira (20), a 250\u00aa Reuni\u00e3o Ordin\u00e1ria do Condesb foi marcada pela elei\u00e7\u00e3o do Prefeito de S\u00e3o Vicente, Kayo Amado, como novo presidente do conselho.\" \/>\n<meta name=\"robots\" content=\"index, follow, max-snippet:-1, max-image-preview:large, max-video-preview:-1\" \/>\n<link rel=\"canonical\" href=\"https:\/\/redenoticiaz.com.br\/litoralsp\/2024\/02\/22\/prefeito-kayo-amado-e-eleito-presidente-do-condesb\" \/>\n<meta property=\"og:locale\" content=\"pt_BR\" \/>\n<meta property=\"og:type\" content=\"article\" \/>\n<meta property=\"og:title\" content=\"Prefeito Kayo Amado \u00e9 eleito presidente do Condesb - Litoral SP\" \/>\n<meta property=\"og:description\" content=\"Na manh\u00e3 desta ter\u00e7a-feira (20), a 250\u00aa Reuni\u00e3o Ordin\u00e1ria do Condesb foi marcada pela elei\u00e7\u00e3o do Prefeito de S\u00e3o Vicente, Kayo Amado, como novo presidente do conselho.\" \/>\n<meta property=\"og:url\" content=\"https:\/\/redenoticiaz.com.br\/litoralsp\/2024\/02\/22\/prefeito-kayo-amado-e-eleito-presidente-do-condesb\" \/>\n<meta property=\"og:site_name\" content=\"Litoral SP\" \/>\n<meta property=\"article:published_time\" content=\"2024-02-22T21:00:57+00:00\" \/>\n<meta property=\"og:image\" content=\"https:\/\/redenoticiaz.com.br\/litoralsp\/wp-content\/uploads\/sites\/3\/2024\/02\/21526.jpg\" \/>\n\t<meta property=\"og:image:width\" content=\"915\" \/>\n\t<meta property=\"og:image:height\" content=\"609\" \/>\n\t<meta property=\"og:image:type\" content=\"image\/jpeg\" \/>\n<meta name=\"author\" content=\"Gustavo Silva\" \/>\n<meta name=\"twitter:card\" content=\"summary_large_image\" \/>\n<meta name=\"twitter:label1\" content=\"Escrito por\" \/>\n\t<meta name=\"twitter:data1\" content=\"Gustavo Silva\" \/>\n\t<meta name=\"twitter:label2\" content=\"Est. tempo de leitura\" \/>\n\t<meta name=\"twitter:data2\" content=\"1 minuto\" \/>\n<script type=\"application\/ld+json\" class=\"yoast-schema-graph\">{\"@context\":\"https:\\\/\\\/schema.org\",\"@graph\":[{\"@type\":\"Article\",\"@id\":\"https:\\\/\\\/redenoticiaz.com.br\\\/litoralsp\\\/2024\\\/02\\\/22\\\/prefeito-kayo-amado-e-eleito-presidente-do-condesb#article\",\"isPartOf\":{\"@id\":\"https:\\\/\\\/redenoticiaz.com.br\\\/litoralsp\\\/2024\\\/02\\\/22\\\/prefeito-kayo-amado-e-eleito-presidente-do-condesb\"},\"author\":{\"name\":\"Gustavo Silva\",\"@id\":\"https:\\\/\\\/redenoticiaz.com.br\\\/litoralsp\\\/#\\\/schema\\\/person\\\/16057b37a3c0ee6b096d7f887c566e2e\"},\"headline\":\"Prefeito Kayo Amado \u00e9 eleito presidente do Condesb\",\"datePublished\":\"2024-02-22T21:00:57+00:00\",\"mainEntityOfPage\":{\"@id\":\"https:\\\/\\\/redenoticiaz.com.br\\\/litoralsp\\\/2024\\\/02\\\/22\\\/prefeito-kayo-amado-e-eleito-presidente-do-condesb\"},\"wordCount\":152,\"commentCount\":0,\"publisher\":{\"@id\":\"https:\\\/\\\/redenoticiaz.com.br\\\/litoralsp\\\/#organization\"},\"image\":{\"@id\":\"https:\\\/\\\/redenoticiaz.com.br\\\/litoralsp\\\/2024\\\/02\\\/22\\\/prefeito-kayo-amado-e-eleito-presidente-do-condesb#primaryimage\"},\"thumbnailUrl\":\"https:\\\/\\\/redenoticiaz.com.br\\\/litoralsp\\\/wp-content\\\/uploads\\\/sites\\\/3\\\/2024\\\/02\\\/21526.jpg\",\"keywords\":[\"BAIXADA SANTISTA\",\"CONDESB\",\"kayo amado\"],\"articleSection\":[\"Pol\u00edcia\",\"S\u00e3o Vicente\"],\"inLanguage\":\"pt-BR\",\"potentialAction\":[{\"@type\":\"CommentAction\",\"name\":\"Comment\",\"target\":[\"https:\\\/\\\/redenoticiaz.com.br\\\/litoralsp\\\/2024\\\/02\\\/22\\\/prefeito-kayo-amado-e-eleito-presidente-do-condesb#respond\"]}]},{\"@type\":\"WebPage\",\"@id\":\"https:\\\/\\\/redenoticiaz.com.br\\\/litoralsp\\\/2024\\\/02\\\/22\\\/prefeito-kayo-amado-e-eleito-presidente-do-condesb\",\"url\":\"https:\\\/\\\/redenoticiaz.com.br\\\/litoralsp\\\/2024\\\/02\\\/22\\\/prefeito-kayo-amado-e-eleito-presidente-do-condesb\",\"name\":\"Prefeito Kayo Amado \u00e9 eleito presidente do Condesb - Litoral SP\",\"isPartOf\":{\"@id\":\"https:\\\/\\\/redenoticiaz.com.br\\\/litoralsp\\\/#website\"},\"primaryImageOfPage\":{\"@id\":\"https:\\\/\\\/redenoticiaz.com.br\\\/litoralsp\\\/2024\\\/02\\\/22\\\/prefeito-kayo-amado-e-eleito-presidente-do-condesb#primaryimage\"},\"image\":{\"@id\":\"https:\\\/\\\/redenoticiaz.com.br\\\/litoralsp\\\/2024\\\/02\\\/22\\\/prefeito-kayo-amado-e-eleito-presidente-do-condesb#primaryimage\"},\"thumbnailUrl\":\"https:\\\/\\\/redenoticiaz.com.br\\\/litoralsp\\\/wp-content\\\/uploads\\\/sites\\\/3\\\/2024\\\/02\\\/21526.jpg\",\"datePublished\":\"2024-02-22T21:00:57+00:00\",\"description\":\"Na manh\u00e3 desta ter\u00e7a-feira (20), a 250\u00aa Reuni\u00e3o Ordin\u00e1ria do Condesb foi marcada pela elei\u00e7\u00e3o do Prefeito de S\u00e3o Vicente, Kayo Amado, como novo presidente do conselho.\",\"inLanguage\":\"pt-BR\",\"potentialAction\":[{\"@type\":\"ReadAction\",\"target\":[\"https:\\\/\\\/redenoticiaz.com.br\\\/litoralsp\\\/2024\\\/02\\\/22\\\/prefeito-kayo-amado-e-eleito-presidente-do-condesb\"]}]},{\"@type\":\"ImageObject\",\"inLanguage\":\"pt-BR\",\"@id\":\"https:\\\/\\\/redenoticiaz.com.br\\\/litoralsp\\\/2024\\\/02\\\/22\\\/prefeito-kayo-amado-e-eleito-presidente-do-condesb#primaryimage\",\"url\":\"https:\\\/\\\/redenoticiaz.com.br\\\/litoralsp\\\/wp-content\\\/uploads\\\/sites\\\/3\\\/2024\\\/02\\\/21526.jpg\",\"contentUrl\":\"https:\\\/\\\/redenoticiaz.com.br\\\/litoralsp\\\/wp-content\\\/uploads\\\/sites\\\/3\\\/2024\\\/02\\\/21526.jpg\",\"width\":915,\"height\":609},{\"@type\":\"WebSite\",\"@id\":\"https:\\\/\\\/redenoticiaz.com.br\\\/litoralsp\\\/#website\",\"url\":\"https:\\\/\\\/redenoticiaz.com.br\\\/litoralsp\\\/\",\"name\":\"Litoral SP\",\"description\":\"Rede NoticiaZ\",\"publisher\":{\"@id\":\"https:\\\/\\\/redenoticiaz.com.br\\\/litoralsp\\\/#organization\"},\"potentialAction\":[{\"@type\":\"SearchAction\",\"target\":{\"@type\":\"EntryPoint\",\"urlTemplate\":\"https:\\\/\\\/redenoticiaz.com.br\\\/litoralsp\\\/?s={search_term_string}\"},\"query-input\":{\"@type\":\"PropertyValueSpecification\",\"valueRequired\":true,\"valueName\":\"search_term_string\"}}],\"inLanguage\":\"pt-BR\"},{\"@type\":\"Organization\",\"@id\":\"https:\\\/\\\/redenoticiaz.com.br\\\/litoralsp\\\/#organization\",\"name\":\"Litoral SP\",\"url\":\"https:\\\/\\\/redenoticiaz.com.br\\\/litoralsp\\\/\",\"logo\":{\"@type\":\"ImageObject\",\"inLanguage\":\"pt-BR\",\"@id\":\"https:\\\/\\\/redenoticiaz.com.br\\\/litoralsp\\\/#\\\/schema\\\/logo\\\/image\\\/\",\"url\":\"https:\\\/\\\/redenoticiaz.com.br\\\/litoralsp\\\/wp-content\\\/uploads\\\/sites\\\/3\\\/2020\\\/11\\\/logo.jpg\",\"contentUrl\":\"https:\\\/\\\/redenoticiaz.com.br\\\/litoralsp\\\/wp-content\\\/uploads\\\/sites\\\/3\\\/2020\\\/11\\\/logo.jpg\",\"width\":400,\"height\":250,\"caption\":\"Litoral SP\"},\"image\":{\"@id\":\"https:\\\/\\\/redenoticiaz.com.br\\\/litoralsp\\\/#\\\/schema\\\/logo\\\/image\\\/\"}},{\"@type\":\"Person\",\"@id\":\"https:\\\/\\\/redenoticiaz.com.br\\\/litoralsp\\\/#\\\/schema\\\/person\\\/16057b37a3c0ee6b096d7f887c566e2e\",\"name\":\"Gustavo Silva\",\"image\":{\"@type\":\"ImageObject\",\"inLanguage\":\"pt-BR\",\"@id\":\"https:\\\/\\\/secure.gravatar.com\\\/avatar\\\/3ee4e82f93b26de0a7cf4ea5eb7893da637ed6bb0c9170c58065944c56e28a33?s=96&d=mm&r=g\",\"url\":\"https:\\\/\\\/secure.gravatar.com\\\/avatar\\\/3ee4e82f93b26de0a7cf4ea5eb7893da637ed6bb0c9170c58065944c56e28a33?s=96&d=mm&r=g\",\"contentUrl\":\"https:\\\/\\\/secure.gravatar.com\\\/avatar\\\/3ee4e82f93b26de0a7cf4ea5eb7893da637ed6bb0c9170c58065944c56e28a33?s=96&d=mm&r=g\",\"caption\":\"Gustavo Silva\"},\"url\":\"https:\\\/\\\/redenoticiaz.com.br\\\/litoralsp\\\/author\\\/gustavosilva\"}]}<\/script>\n<!-- \/ Yoast SEO plugin. -->","yoast_head_json":{"title":"Prefeito Kayo Amado \u00e9 eleito presidente do Condesb - Litoral SP","description":"Na manh\u00e3 desta ter\u00e7a-feira (20), a 250\u00aa Reuni\u00e3o Ordin\u00e1ria do Condesb foi marcada pela elei\u00e7\u00e3o do Prefeito de S\u00e3o Vicente, Kayo Amado, como novo presidente do conselho.","robots":{"index":"index","follow":"follow","max-snippet":"max-snippet:-1","max-image-preview":"max-image-preview:large","max-video-preview":"max-video-preview:-1"},"canonical":"https:\/\/redenoticiaz.com.br\/litoralsp\/2024\/02\/22\/prefeito-kayo-amado-e-eleito-presidente-do-condesb","og_locale":"pt_BR","og_type":"article","og_title":"Prefeito Kayo Amado \u00e9 eleito presidente do Condesb - Litoral SP","og_description":"Na manh\u00e3 desta ter\u00e7a-feira (20), a 250\u00aa Reuni\u00e3o Ordin\u00e1ria do Condesb foi marcada pela elei\u00e7\u00e3o do Prefeito de S\u00e3o Vicente, Kayo Amado, como novo presidente do conselho.","og_url":"https:\/\/redenoticiaz.com.br\/litoralsp\/2024\/02\/22\/prefeito-kayo-amado-e-eleito-presidente-do-condesb","og_site_name":"Litoral SP","article_published_time":"2024-02-22T21:00:57+00:00","og_image":[{"width":915,"height":609,"url":"https:\/\/redenoticiaz.com.br\/litoralsp\/wp-content\/uploads\/sites\/3\/2024\/02\/21526.jpg","type":"image\/jpeg"}],"author":"Gustavo Silva","twitter_card":"summary_large_image","twitter_misc":{"Escrito por":"Gustavo Silva","Est. tempo de leitura":"1 minuto"},"schema":{"@context":"https:\/\/schema.org","@graph":[{"@type":"Article","@id":"https:\/\/redenoticiaz.com.br\/litoralsp\/2024\/02\/22\/prefeito-kayo-amado-e-eleito-presidente-do-condesb#article","isPartOf":{"@id":"https:\/\/redenoticiaz.com.br\/litoralsp\/2024\/02\/22\/prefeito-kayo-amado-e-eleito-presidente-do-condesb"},"author":{"name":"Gustavo Silva","@id":"https:\/\/redenoticiaz.com.br\/litoralsp\/#\/schema\/person\/16057b37a3c0ee6b096d7f887c566e2e"},"headline":"Prefeito Kayo Amado \u00e9 eleito presidente do Condesb","datePublished":"2024-02-22T21:00:57+00:00","mainEntityOfPage":{"@id":"https:\/\/redenoticiaz.com.br\/litoralsp\/2024\/02\/22\/prefeito-kayo-amado-e-eleito-presidente-do-condesb"},"wordCount":152,"commentCount":0,"publisher":{"@id":"https:\/\/redenoticiaz.com.br\/litoralsp\/#organization"},"image":{"@id":"https:\/\/redenoticiaz.com.br\/litoralsp\/2024\/02\/22\/prefeito-kayo-amado-e-eleito-presidente-do-condesb#primaryimage"},"thumbnailUrl":"https:\/\/redenoticiaz.com.br\/litoralsp\/wp-content\/uploads\/sites\/3\/2024\/02\/21526.jpg","keywords":["BAIXADA SANTISTA","CONDESB","kayo amado"],"articleSection":["Pol\u00edcia","S\u00e3o Vicente"],"inLanguage":"pt-BR","potentialAction":[{"@type":"CommentAction","name":"Comment","target":["https:\/\/redenoticiaz.com.br\/litoralsp\/2024\/02\/22\/prefeito-kayo-amado-e-eleito-presidente-do-condesb#respond"]}]},{"@type":"WebPage","@id":"https:\/\/redenoticiaz.com.br\/litoralsp\/2024\/02\/22\/prefeito-kayo-amado-e-eleito-presidente-do-condesb","url":"https:\/\/redenoticiaz.com.br\/litoralsp\/2024\/02\/22\/prefeito-kayo-amado-e-eleito-presidente-do-condesb","name":"Prefeito Kayo Amado \u00e9 eleito presidente do Condesb - Litoral SP","isPartOf":{"@id":"https:\/\/redenoticiaz.com.br\/litoralsp\/#website"},"primaryImageOfPage":{"@id":"https:\/\/redenoticiaz.com.br\/litoralsp\/2024\/02\/22\/prefeito-kayo-amado-e-eleito-presidente-do-condesb#primaryimage"},"image":{"@id":"https:\/\/redenoticiaz.com.br\/litoralsp\/2024\/02\/22\/prefeito-kayo-amado-e-eleito-presidente-do-condesb#primaryimage"},"thumbnailUrl":"https:\/\/redenoticiaz.com.br\/litoralsp\/wp-content\/uploads\/sites\/3\/2024\/02\/21526.jpg","datePublished":"2024-02-22T21:00:57+00:00","description":"Na manh\u00e3 desta ter\u00e7a-feira (20), a 250\u00aa Reuni\u00e3o Ordin\u00e1ria do Condesb foi marcada pela elei\u00e7\u00e3o do Prefeito de S\u00e3o Vicente, Kayo Amado, como novo presidente do conselho.","inLanguage":"pt-BR","potentialAction":[{"@type":"ReadAction","target":["https:\/\/redenoticiaz.com.br\/litoralsp\/2024\/02\/22\/prefeito-kayo-amado-e-eleito-presidente-do-condesb"]}]},{"@type":"ImageObject","inLanguage":"pt-BR","@id":"https:\/\/redenoticiaz.com.br\/litoralsp\/2024\/02\/22\/prefeito-kayo-amado-e-eleito-presidente-do-condesb#primaryimage","url":"https:\/\/redenoticiaz.com.br\/litoralsp\/wp-content\/uploads\/sites\/3\/2024\/02\/21526.jpg","contentUrl":"https:\/\/redenoticiaz.com.br\/litoralsp\/wp-content\/uploads\/sites\/3\/2024\/02\/21526.jpg","width":915,"height":609},{"@type":"WebSite","@id":"https:\/\/redenoticiaz.com.br\/litoralsp\/#website","url":"https:\/\/redenoticiaz.com.br\/litoralsp\/","name":"Litoral SP","description":"Rede NoticiaZ","publisher":{"@id":"https:\/\/redenoticiaz.com.br\/litoralsp\/#organization"},"potentialAction":[{"@type":"SearchAction","target":{"@type":"EntryPoint","urlTemplate":"https:\/\/redenoticiaz.com.br\/litoralsp\/?s={search_term_string}"},"query-input":{"@type":"PropertyValueSpecification","valueRequired":true,"valueName":"search_term_string"}}],"inLanguage":"pt-BR"},{"@type":"Organization","@id":"https:\/\/redenoticiaz.com.br\/litoralsp\/#organization","name":"Litoral SP","url":"https:\/\/redenoticiaz.com.br\/litoralsp\/","logo":{"@type":"ImageObject","inLanguage":"pt-BR","@id":"https:\/\/redenoticiaz.com.br\/litoralsp\/#\/schema\/logo\/image\/","url":"https:\/\/redenoticiaz.com.br\/litoralsp\/wp-content\/uploads\/sites\/3\/2020\/11\/logo.jpg","contentUrl":"https:\/\/redenoticiaz.com.br\/litoralsp\/wp-content\/uploads\/sites\/3\/2020\/11\/logo.jpg","width":400,"height":250,"caption":"Litoral SP"},"image":{"@id":"https:\/\/redenoticiaz.com.br\/litoralsp\/#\/schema\/logo\/image\/"}},{"@type":"Person","@id":"https:\/\/redenoticiaz.com.br\/litoralsp\/#\/schema\/person\/16057b37a3c0ee6b096d7f887c566e2e","name":"Gustavo Silva","image":{"@type":"ImageObject","inLanguage":"pt-BR","@id":"https:\/\/secure.gravatar.com\/avatar\/3ee4e82f93b26de0a7cf4ea5eb7893da637ed6bb0c9170c58065944c56e28a33?s=96&d=mm&r=g","url":"https:\/\/secure.gravatar.com\/avatar\/3ee4e82f93b26de0a7cf4ea5eb7893da637ed6bb0c9170c58065944c56e28a33?s=96&d=mm&r=g","contentUrl":"https:\/\/secure.gravatar.com\/avatar\/3ee4e82f93b26de0a7cf4ea5eb7893da637ed6bb0c9170c58065944c56e28a33?s=96&d=mm&r=g","caption":"Gustavo Silva"},"url":"https:\/\/redenoticiaz.com.br\/litoralsp\/author\/gustavosilva"}]}},"_links":{"self":[{"href":"https:\/\/redenoticiaz.com.br\/litoralsp\/wp-json\/wp\/v2\/posts\/114590","targetHints":{"allow":["GET"]}}],"collection":[{"href":"https:\/\/redenoticiaz.com.br\/litoralsp\/wp-json\/wp\/v2\/posts"}],"about":[{"href":"https:\/\/redenoticiaz.com.br\/litoralsp\/wp-json\/wp\/v2\/types\/post"}],"author":[{"embeddable":true,"href":"https:\/\/redenoticiaz.com.br\/litoralsp\/wp-json\/wp\/v2\/users\/12"}],"replies":[{"embeddable":true,"href":"https:\/\/redenoticiaz.com.br\/litoralsp\/wp-json\/wp\/v2\/comments?post=114590"}],"version-history":[{"count":1,"href":"https:\/\/redenoticiaz.com.br\/litoralsp\/wp-json\/wp\/v2\/posts\/114590\/revisions"}],"predecessor-version":[{"id":114592,"href":"https:\/\/redenoticiaz.com.br\/litoralsp\/wp-json\/wp\/v2\/posts\/114590\/revisions\/114592"}],"wp:featuredmedia":[{"embeddable":true,"href":"https:\/\/redenoticiaz.com.br\/litoralsp\/wp-json\/wp\/v2\/media\/114591"}],"wp:attachment":[{"href":"https:\/\/redenoticiaz.com.br\/litoralsp\/wp-json\/wp\/v2\/media?parent=114590"}],"wp:term":[{"taxonomy":"category","embeddable":true,"href":"https:\/\/redenoticiaz.com.br\/litoralsp\/wp-json\/wp\/v2\/categories?post=114590"},{"taxonomy":"post_tag","embeddable":true,"href":"https:\/\/redenoticiaz.com.br\/litoralsp\/wp-json\/wp\/v2\/tags?post=114590"}],"curies":[{"name":"wp","href":"https:\/\/api.w.org\/{rel}","templated":true}]}}