{"id":11462,"date":"2021-07-15T17:36:34","date_gmt":"2021-07-15T20:36:34","guid":{"rendered":"https:\/\/redenoticiaz.com.br\/litoralsp\/?p=11462"},"modified":"2021-07-15T17:36:52","modified_gmt":"2021-07-15T20:36:52","slug":"mae-e-filhas-sao-assassinadas-a-facadas","status":"publish","type":"post","link":"https:\/\/redenoticiaz.com.br\/litoralsp\/2021\/07\/15\/mae-e-filhas-sao-assassinadas-a-facadas","title":{"rendered":"M\u00e3e e filhas s\u00e3o assassinadas a facadas"},"content":{"rendered":"<p>Nesta quinta-feira (15), uma <strong>m\u00e3e e duas filhas<\/strong> foram <strong>mortas a facadas<\/strong> dentro de casa, em <a href=\"http:\/\/www.caraguatatuba.sp.gov.br\/pmc\/\">Caraguatatuba<\/a>. As pol\u00edcias Civil e Militar foram acionadas e a principal suspeita \u00e9 que o crime tenha sido cometido pelo ex-marido. Uma terceira filha, de 9 anos, tamb\u00e9m foi ferida, mas escapou e foi socorrida pelo Corpo de Bombeiros.<\/p>\n<p>Segundo informa\u00e7\u00f5es, o caso ocorreu em uma resid\u00eancia no bairro Martim de S\u00e1, pr\u00f3ximo \u00e0 praia. Segundo os bombeiros, a v\u00edtima \u00e9 uma mulher de 40 anos. Ela teria sido abordada no im\u00f3vel pelo ex-companheiro que a golpeou com facadas.<\/p>\n<div class=\"mc-column content-text active-extra-styles \" data-block-type=\"unstyled\" data-block-weight=\"35\" data-block-id=\"4\">\n<p class=\"content-text__container \" data-track-category=\"Link no Texto\" data-track-links=\"\">Em seguida, o homem ainda esfaqueou as duas filhas da v\u00edtima, 15 e 13 anos, que n\u00e3o resistiram e morreram no local. De acordo com a pol\u00edcia, as duas eram filhas frutos de outro relacionamento.<\/p>\n<\/div>\n<div class=\"mc-column content-text active-extra-styles \" data-block-type=\"unstyled\" data-block-weight=\"40\" data-block-id=\"5\">\n<p class=\"content-text__container \" data-track-category=\"Link no Texto\" data-track-links=\"\">Na casa ainda estava uma crian\u00e7a de nove anos. A menina chegou a ser golpeada, mas conseguiu fugir e foi socorrida pelo Grupamento de Bombeiros Mar\u00edtimo e encaminhada ao Hospital Stella Maris. N\u00e3o h\u00e1 informa\u00e7\u00f5es sobre o estado de sa\u00fade.<\/p>\n<\/div>\n<div class=\"mc-column content-text active-extra-styles \" data-block-type=\"unstyled\" data-block-weight=\"24\" data-block-id=\"6\">\n<p class=\"content-text__container \" data-track-category=\"Link no Texto\" data-track-links=\"\">Ap\u00f3s o crime, o homem conseguiu fugir. De acordo com a pol\u00edcia, ele \u00e9 funcion\u00e1rio da Prefeitura de Caraguatatuba. Agora a Pol\u00edcia Civil segue em buscas pelo suspeito.<\/p>\n<\/div>\n<p><strong>LEIA TAMB\u00c9M<\/strong><\/p>\n<p><a href=\"https:\/\/redenoticiaz.com.br\/litoralsp\/2021\/07\/14\/dj-ivis-e-preso-apos-agredir-ex-mulher\">DJ Ivis \u00e9 preso ap\u00f3s agredir ex-mulher<\/a><\/p>\n","protected":false},"excerpt":{"rendered":"<p>Nesta quinta-feira (15), uma m\u00e3e e duas filhas foram mortas a facadas dentro de casa, em Caraguatatuba. As pol\u00edcias Civil e Militar foram acionadas e a principal suspeita \u00e9 que o crime tenha sido cometido pelo ex-marido. Uma terceira filha, de 9 anos, tamb\u00e9m foi ferida, mas escapou e foi socorrida pelo Corpo de Bombeiros. &hellip;<\/p>\n","protected":false},"author":6,"featured_media":11463,"comment_status":"open","ping_status":"closed","sticky":false,"template":"","format":"standard","meta":{"footnotes":""},"categories":[2881,10],"tags":[27906,2742,27905,1762,1766],"class_list":["post-11462","post","type-post","status-publish","format-standard","has-post-thumbnail","hentry","category-caraguatatuba","category-policia","tag-bairro-martim-de-sa","tag-caraguatatuba","tag-mae-e-filhas-mortas","tag-policia-civil","tag-policia-militar"],"yoast_head":"<!-- This site is optimized with the Yoast SEO plugin v27.5 - https:\/\/yoast.com\/product\/yoast-seo-wordpress\/ -->\n<title>M\u00e3e e filhas s\u00e3o assassinadas a facadas - Litoral SP<\/title>\n<meta name=\"description\" content=\"Nesta quinta-feira (15), uma m\u00e3e e duas filhas foram mortas a facadas dentro de casa, em Caraguatatuba. As pol\u00edcias Civil e Militar\" \/>\n<meta name=\"robots\" content=\"index, follow, max-snippet:-1, max-image-preview:large, max-video-preview:-1\" \/>\n<link rel=\"canonical\" href=\"https:\/\/redenoticiaz.com.br\/litoralsp\/2021\/07\/15\/mae-e-filhas-sao-assassinadas-a-facadas\" \/>\n<meta property=\"og:locale\" content=\"pt_BR\" \/>\n<meta property=\"og:type\" content=\"article\" \/>\n<meta property=\"og:title\" content=\"M\u00e3e e filhas s\u00e3o assassinadas a facadas - Litoral SP\" \/>\n<meta property=\"og:description\" content=\"Nesta quinta-feira (15), uma m\u00e3e e duas filhas foram mortas a facadas dentro de casa, em Caraguatatuba. As pol\u00edcias Civil e Militar\" \/>\n<meta property=\"og:url\" content=\"https:\/\/redenoticiaz.com.br\/litoralsp\/2021\/07\/15\/mae-e-filhas-sao-assassinadas-a-facadas\" \/>\n<meta property=\"og:site_name\" content=\"Litoral SP\" \/>\n<meta property=\"article:published_time\" content=\"2021-07-15T20:36:34+00:00\" \/>\n<meta property=\"article:modified_time\" content=\"2021-07-15T20:36:52+00:00\" \/>\n<meta property=\"og:image\" content=\"https:\/\/redenoticiaz.com.br\/litoralsp\/wp-content\/uploads\/sites\/3\/2021\/07\/feminicidio-caragua.jpg\" \/>\n\t<meta property=\"og:image:width\" content=\"1000\" \/>\n\t<meta property=\"og:image:height\" content=\"748\" \/>\n\t<meta property=\"og:image:type\" content=\"image\/jpeg\" \/>\n<meta name=\"author\" content=\"Leonardo Francisco\" \/>\n<meta name=\"twitter:card\" content=\"summary_large_image\" \/>\n<meta name=\"twitter:label1\" content=\"Escrito por\" \/>\n\t<meta name=\"twitter:data1\" content=\"Leonardo Francisco\" \/>\n\t<meta name=\"twitter:label2\" content=\"Est. tempo de leitura\" \/>\n\t<meta name=\"twitter:data2\" content=\"1 minuto\" \/>\n<script type=\"application\/ld+json\" class=\"yoast-schema-graph\">{\"@context\":\"https:\\\/\\\/schema.org\",\"@graph\":[{\"@type\":\"Article\",\"@id\":\"https:\\\/\\\/redenoticiaz.com.br\\\/litoralsp\\\/2021\\\/07\\\/15\\\/mae-e-filhas-sao-assassinadas-a-facadas#article\",\"isPartOf\":{\"@id\":\"https:\\\/\\\/redenoticiaz.com.br\\\/litoralsp\\\/2021\\\/07\\\/15\\\/mae-e-filhas-sao-assassinadas-a-facadas\"},\"author\":{\"name\":\"Leonardo Francisco\",\"@id\":\"https:\\\/\\\/redenoticiaz.com.br\\\/litoralsp\\\/#\\\/schema\\\/person\\\/0f0b8a5bdafefe82841e07ae8d81ecb3\"},\"headline\":\"M\u00e3e e filhas s\u00e3o assassinadas a facadas\",\"datePublished\":\"2021-07-15T20:36:34+00:00\",\"dateModified\":\"2021-07-15T20:36:52+00:00\",\"mainEntityOfPage\":{\"@id\":\"https:\\\/\\\/redenoticiaz.com.br\\\/litoralsp\\\/2021\\\/07\\\/15\\\/mae-e-filhas-sao-assassinadas-a-facadas\"},\"wordCount\":228,\"commentCount\":0,\"publisher\":{\"@id\":\"https:\\\/\\\/redenoticiaz.com.br\\\/litoralsp\\\/#organization\"},\"image\":{\"@id\":\"https:\\\/\\\/redenoticiaz.com.br\\\/litoralsp\\\/2021\\\/07\\\/15\\\/mae-e-filhas-sao-assassinadas-a-facadas#primaryimage\"},\"thumbnailUrl\":\"https:\\\/\\\/redenoticiaz.com.br\\\/litoralsp\\\/wp-content\\\/uploads\\\/sites\\\/3\\\/2021\\\/07\\\/feminicidio-caragua.jpg\",\"keywords\":[\"BAIRRO MARTIM DE S\u00c1\",\"CARAGUATATUBA\",\"M\u00c3E E FILHAS MORTAS\",\"POL\u00cdCIA CIVIL\",\"policia militar\"],\"articleSection\":[\"Caraguatatuba\",\"Pol\u00edcia\"],\"inLanguage\":\"pt-BR\",\"potentialAction\":[{\"@type\":\"CommentAction\",\"name\":\"Comment\",\"target\":[\"https:\\\/\\\/redenoticiaz.com.br\\\/litoralsp\\\/2021\\\/07\\\/15\\\/mae-e-filhas-sao-assassinadas-a-facadas#respond\"]}]},{\"@type\":\"WebPage\",\"@id\":\"https:\\\/\\\/redenoticiaz.com.br\\\/litoralsp\\\/2021\\\/07\\\/15\\\/mae-e-filhas-sao-assassinadas-a-facadas\",\"url\":\"https:\\\/\\\/redenoticiaz.com.br\\\/litoralsp\\\/2021\\\/07\\\/15\\\/mae-e-filhas-sao-assassinadas-a-facadas\",\"name\":\"M\u00e3e e filhas s\u00e3o assassinadas a facadas - Litoral SP\",\"isPartOf\":{\"@id\":\"https:\\\/\\\/redenoticiaz.com.br\\\/litoralsp\\\/#website\"},\"primaryImageOfPage\":{\"@id\":\"https:\\\/\\\/redenoticiaz.com.br\\\/litoralsp\\\/2021\\\/07\\\/15\\\/mae-e-filhas-sao-assassinadas-a-facadas#primaryimage\"},\"image\":{\"@id\":\"https:\\\/\\\/redenoticiaz.com.br\\\/litoralsp\\\/2021\\\/07\\\/15\\\/mae-e-filhas-sao-assassinadas-a-facadas#primaryimage\"},\"thumbnailUrl\":\"https:\\\/\\\/redenoticiaz.com.br\\\/litoralsp\\\/wp-content\\\/uploads\\\/sites\\\/3\\\/2021\\\/07\\\/feminicidio-caragua.jpg\",\"datePublished\":\"2021-07-15T20:36:34+00:00\",\"dateModified\":\"2021-07-15T20:36:52+00:00\",\"description\":\"Nesta quinta-feira (15), uma m\u00e3e e duas filhas foram mortas a facadas dentro de casa, em Caraguatatuba. As pol\u00edcias Civil e Militar\",\"inLanguage\":\"pt-BR\",\"potentialAction\":[{\"@type\":\"ReadAction\",\"target\":[\"https:\\\/\\\/redenoticiaz.com.br\\\/litoralsp\\\/2021\\\/07\\\/15\\\/mae-e-filhas-sao-assassinadas-a-facadas\"]}]},{\"@type\":\"ImageObject\",\"inLanguage\":\"pt-BR\",\"@id\":\"https:\\\/\\\/redenoticiaz.com.br\\\/litoralsp\\\/2021\\\/07\\\/15\\\/mae-e-filhas-sao-assassinadas-a-facadas#primaryimage\",\"url\":\"https:\\\/\\\/redenoticiaz.com.br\\\/litoralsp\\\/wp-content\\\/uploads\\\/sites\\\/3\\\/2021\\\/07\\\/feminicidio-caragua.jpg\",\"contentUrl\":\"https:\\\/\\\/redenoticiaz.com.br\\\/litoralsp\\\/wp-content\\\/uploads\\\/sites\\\/3\\\/2021\\\/07\\\/feminicidio-caragua.jpg\",\"width\":1000,\"height\":748,\"caption\":\"Principal suspeito \u00e9 o ex-marido, que fugiu.\"},{\"@type\":\"WebSite\",\"@id\":\"https:\\\/\\\/redenoticiaz.com.br\\\/litoralsp\\\/#website\",\"url\":\"https:\\\/\\\/redenoticiaz.com.br\\\/litoralsp\\\/\",\"name\":\"Litoral SP\",\"description\":\"Rede NoticiaZ\",\"publisher\":{\"@id\":\"https:\\\/\\\/redenoticiaz.com.br\\\/litoralsp\\\/#organization\"},\"potentialAction\":[{\"@type\":\"SearchAction\",\"target\":{\"@type\":\"EntryPoint\",\"urlTemplate\":\"https:\\\/\\\/redenoticiaz.com.br\\\/litoralsp\\\/?s={search_term_string}\"},\"query-input\":{\"@type\":\"PropertyValueSpecification\",\"valueRequired\":true,\"valueName\":\"search_term_string\"}}],\"inLanguage\":\"pt-BR\"},{\"@type\":\"Organization\",\"@id\":\"https:\\\/\\\/redenoticiaz.com.br\\\/litoralsp\\\/#organization\",\"name\":\"Litoral SP\",\"url\":\"https:\\\/\\\/redenoticiaz.com.br\\\/litoralsp\\\/\",\"logo\":{\"@type\":\"ImageObject\",\"inLanguage\":\"pt-BR\",\"@id\":\"https:\\\/\\\/redenoticiaz.com.br\\\/litoralsp\\\/#\\\/schema\\\/logo\\\/image\\\/\",\"url\":\"https:\\\/\\\/redenoticiaz.com.br\\\/litoralsp\\\/wp-content\\\/uploads\\\/sites\\\/3\\\/2020\\\/11\\\/logo.jpg\",\"contentUrl\":\"https:\\\/\\\/redenoticiaz.com.br\\\/litoralsp\\\/wp-content\\\/uploads\\\/sites\\\/3\\\/2020\\\/11\\\/logo.jpg\",\"width\":400,\"height\":250,\"caption\":\"Litoral SP\"},\"image\":{\"@id\":\"https:\\\/\\\/redenoticiaz.com.br\\\/litoralsp\\\/#\\\/schema\\\/logo\\\/image\\\/\"}},{\"@type\":\"Person\",\"@id\":\"https:\\\/\\\/redenoticiaz.com.br\\\/litoralsp\\\/#\\\/schema\\\/person\\\/0f0b8a5bdafefe82841e07ae8d81ecb3\",\"name\":\"Leonardo Francisco\",\"image\":{\"@type\":\"ImageObject\",\"inLanguage\":\"pt-BR\",\"@id\":\"https:\\\/\\\/secure.gravatar.com\\\/avatar\\\/a7358cb406a99b682ec6df1e77e31ae82e63601f6784e8a3df411d72b37864da?s=96&d=mm&r=g\",\"url\":\"https:\\\/\\\/secure.gravatar.com\\\/avatar\\\/a7358cb406a99b682ec6df1e77e31ae82e63601f6784e8a3df411d72b37864da?s=96&d=mm&r=g\",\"contentUrl\":\"https:\\\/\\\/secure.gravatar.com\\\/avatar\\\/a7358cb406a99b682ec6df1e77e31ae82e63601f6784e8a3df411d72b37864da?s=96&d=mm&r=g\",\"caption\":\"Leonardo Francisco\"},\"url\":\"https:\\\/\\\/redenoticiaz.com.br\\\/litoralsp\\\/author\\\/leonardo-francisco\"}]}<\/script>\n<!-- \/ Yoast SEO plugin. -->","yoast_head_json":{"title":"M\u00e3e e filhas s\u00e3o assassinadas a facadas - Litoral SP","description":"Nesta quinta-feira (15), uma m\u00e3e e duas filhas foram mortas a facadas dentro de casa, em Caraguatatuba. As pol\u00edcias Civil e Militar","robots":{"index":"index","follow":"follow","max-snippet":"max-snippet:-1","max-image-preview":"max-image-preview:large","max-video-preview":"max-video-preview:-1"},"canonical":"https:\/\/redenoticiaz.com.br\/litoralsp\/2021\/07\/15\/mae-e-filhas-sao-assassinadas-a-facadas","og_locale":"pt_BR","og_type":"article","og_title":"M\u00e3e e filhas s\u00e3o assassinadas a facadas - Litoral SP","og_description":"Nesta quinta-feira (15), uma m\u00e3e e duas filhas foram mortas a facadas dentro de casa, em Caraguatatuba. As pol\u00edcias Civil e Militar","og_url":"https:\/\/redenoticiaz.com.br\/litoralsp\/2021\/07\/15\/mae-e-filhas-sao-assassinadas-a-facadas","og_site_name":"Litoral SP","article_published_time":"2021-07-15T20:36:34+00:00","article_modified_time":"2021-07-15T20:36:52+00:00","og_image":[{"width":1000,"height":748,"url":"https:\/\/redenoticiaz.com.br\/litoralsp\/wp-content\/uploads\/sites\/3\/2021\/07\/feminicidio-caragua.jpg","type":"image\/jpeg"}],"author":"Leonardo Francisco","twitter_card":"summary_large_image","twitter_misc":{"Escrito por":"Leonardo Francisco","Est. tempo de leitura":"1 minuto"},"schema":{"@context":"https:\/\/schema.org","@graph":[{"@type":"Article","@id":"https:\/\/redenoticiaz.com.br\/litoralsp\/2021\/07\/15\/mae-e-filhas-sao-assassinadas-a-facadas#article","isPartOf":{"@id":"https:\/\/redenoticiaz.com.br\/litoralsp\/2021\/07\/15\/mae-e-filhas-sao-assassinadas-a-facadas"},"author":{"name":"Leonardo Francisco","@id":"https:\/\/redenoticiaz.com.br\/litoralsp\/#\/schema\/person\/0f0b8a5bdafefe82841e07ae8d81ecb3"},"headline":"M\u00e3e e filhas s\u00e3o assassinadas a facadas","datePublished":"2021-07-15T20:36:34+00:00","dateModified":"2021-07-15T20:36:52+00:00","mainEntityOfPage":{"@id":"https:\/\/redenoticiaz.com.br\/litoralsp\/2021\/07\/15\/mae-e-filhas-sao-assassinadas-a-facadas"},"wordCount":228,"commentCount":0,"publisher":{"@id":"https:\/\/redenoticiaz.com.br\/litoralsp\/#organization"},"image":{"@id":"https:\/\/redenoticiaz.com.br\/litoralsp\/2021\/07\/15\/mae-e-filhas-sao-assassinadas-a-facadas#primaryimage"},"thumbnailUrl":"https:\/\/redenoticiaz.com.br\/litoralsp\/wp-content\/uploads\/sites\/3\/2021\/07\/feminicidio-caragua.jpg","keywords":["BAIRRO MARTIM DE S\u00c1","CARAGUATATUBA","M\u00c3E E FILHAS MORTAS","POL\u00cdCIA CIVIL","policia militar"],"articleSection":["Caraguatatuba","Pol\u00edcia"],"inLanguage":"pt-BR","potentialAction":[{"@type":"CommentAction","name":"Comment","target":["https:\/\/redenoticiaz.com.br\/litoralsp\/2021\/07\/15\/mae-e-filhas-sao-assassinadas-a-facadas#respond"]}]},{"@type":"WebPage","@id":"https:\/\/redenoticiaz.com.br\/litoralsp\/2021\/07\/15\/mae-e-filhas-sao-assassinadas-a-facadas","url":"https:\/\/redenoticiaz.com.br\/litoralsp\/2021\/07\/15\/mae-e-filhas-sao-assassinadas-a-facadas","name":"M\u00e3e e filhas s\u00e3o assassinadas a facadas - Litoral SP","isPartOf":{"@id":"https:\/\/redenoticiaz.com.br\/litoralsp\/#website"},"primaryImageOfPage":{"@id":"https:\/\/redenoticiaz.com.br\/litoralsp\/2021\/07\/15\/mae-e-filhas-sao-assassinadas-a-facadas#primaryimage"},"image":{"@id":"https:\/\/redenoticiaz.com.br\/litoralsp\/2021\/07\/15\/mae-e-filhas-sao-assassinadas-a-facadas#primaryimage"},"thumbnailUrl":"https:\/\/redenoticiaz.com.br\/litoralsp\/wp-content\/uploads\/sites\/3\/2021\/07\/feminicidio-caragua.jpg","datePublished":"2021-07-15T20:36:34+00:00","dateModified":"2021-07-15T20:36:52+00:00","description":"Nesta quinta-feira (15), uma m\u00e3e e duas filhas foram mortas a facadas dentro de casa, em Caraguatatuba. As pol\u00edcias Civil e Militar","inLanguage":"pt-BR","potentialAction":[{"@type":"ReadAction","target":["https:\/\/redenoticiaz.com.br\/litoralsp\/2021\/07\/15\/mae-e-filhas-sao-assassinadas-a-facadas"]}]},{"@type":"ImageObject","inLanguage":"pt-BR","@id":"https:\/\/redenoticiaz.com.br\/litoralsp\/2021\/07\/15\/mae-e-filhas-sao-assassinadas-a-facadas#primaryimage","url":"https:\/\/redenoticiaz.com.br\/litoralsp\/wp-content\/uploads\/sites\/3\/2021\/07\/feminicidio-caragua.jpg","contentUrl":"https:\/\/redenoticiaz.com.br\/litoralsp\/wp-content\/uploads\/sites\/3\/2021\/07\/feminicidio-caragua.jpg","width":1000,"height":748,"caption":"Principal suspeito \u00e9 o ex-marido, que fugiu."},{"@type":"WebSite","@id":"https:\/\/redenoticiaz.com.br\/litoralsp\/#website","url":"https:\/\/redenoticiaz.com.br\/litoralsp\/","name":"Litoral SP","description":"Rede NoticiaZ","publisher":{"@id":"https:\/\/redenoticiaz.com.br\/litoralsp\/#organization"},"potentialAction":[{"@type":"SearchAction","target":{"@type":"EntryPoint","urlTemplate":"https:\/\/redenoticiaz.com.br\/litoralsp\/?s={search_term_string}"},"query-input":{"@type":"PropertyValueSpecification","valueRequired":true,"valueName":"search_term_string"}}],"inLanguage":"pt-BR"},{"@type":"Organization","@id":"https:\/\/redenoticiaz.com.br\/litoralsp\/#organization","name":"Litoral SP","url":"https:\/\/redenoticiaz.com.br\/litoralsp\/","logo":{"@type":"ImageObject","inLanguage":"pt-BR","@id":"https:\/\/redenoticiaz.com.br\/litoralsp\/#\/schema\/logo\/image\/","url":"https:\/\/redenoticiaz.com.br\/litoralsp\/wp-content\/uploads\/sites\/3\/2020\/11\/logo.jpg","contentUrl":"https:\/\/redenoticiaz.com.br\/litoralsp\/wp-content\/uploads\/sites\/3\/2020\/11\/logo.jpg","width":400,"height":250,"caption":"Litoral SP"},"image":{"@id":"https:\/\/redenoticiaz.com.br\/litoralsp\/#\/schema\/logo\/image\/"}},{"@type":"Person","@id":"https:\/\/redenoticiaz.com.br\/litoralsp\/#\/schema\/person\/0f0b8a5bdafefe82841e07ae8d81ecb3","name":"Leonardo Francisco","image":{"@type":"ImageObject","inLanguage":"pt-BR","@id":"https:\/\/secure.gravatar.com\/avatar\/a7358cb406a99b682ec6df1e77e31ae82e63601f6784e8a3df411d72b37864da?s=96&d=mm&r=g","url":"https:\/\/secure.gravatar.com\/avatar\/a7358cb406a99b682ec6df1e77e31ae82e63601f6784e8a3df411d72b37864da?s=96&d=mm&r=g","contentUrl":"https:\/\/secure.gravatar.com\/avatar\/a7358cb406a99b682ec6df1e77e31ae82e63601f6784e8a3df411d72b37864da?s=96&d=mm&r=g","caption":"Leonardo Francisco"},"url":"https:\/\/redenoticiaz.com.br\/litoralsp\/author\/leonardo-francisco"}]}},"_links":{"self":[{"href":"https:\/\/redenoticiaz.com.br\/litoralsp\/wp-json\/wp\/v2\/posts\/11462","targetHints":{"allow":["GET"]}}],"collection":[{"href":"https:\/\/redenoticiaz.com.br\/litoralsp\/wp-json\/wp\/v2\/posts"}],"about":[{"href":"https:\/\/redenoticiaz.com.br\/litoralsp\/wp-json\/wp\/v2\/types\/post"}],"author":[{"embeddable":true,"href":"https:\/\/redenoticiaz.com.br\/litoralsp\/wp-json\/wp\/v2\/users\/6"}],"replies":[{"embeddable":true,"href":"https:\/\/redenoticiaz.com.br\/litoralsp\/wp-json\/wp\/v2\/comments?post=11462"}],"version-history":[{"count":1,"href":"https:\/\/redenoticiaz.com.br\/litoralsp\/wp-json\/wp\/v2\/posts\/11462\/revisions"}],"predecessor-version":[{"id":11464,"href":"https:\/\/redenoticiaz.com.br\/litoralsp\/wp-json\/wp\/v2\/posts\/11462\/revisions\/11464"}],"wp:featuredmedia":[{"embeddable":true,"href":"https:\/\/redenoticiaz.com.br\/litoralsp\/wp-json\/wp\/v2\/media\/11463"}],"wp:attachment":[{"href":"https:\/\/redenoticiaz.com.br\/litoralsp\/wp-json\/wp\/v2\/media?parent=11462"}],"wp:term":[{"taxonomy":"category","embeddable":true,"href":"https:\/\/redenoticiaz.com.br\/litoralsp\/wp-json\/wp\/v2\/categories?post=11462"},{"taxonomy":"post_tag","embeddable":true,"href":"https:\/\/redenoticiaz.com.br\/litoralsp\/wp-json\/wp\/v2\/tags?post=11462"}],"curies":[{"name":"wp","href":"https:\/\/api.w.org\/{rel}","templated":true}]}}