{"id":114684,"date":"2024-02-26T18:00:31","date_gmt":"2024-02-26T21:00:31","guid":{"rendered":"https:\/\/redenoticiaz.com.br\/litoralsp\/?p=114684"},"modified":"2024-02-26T16:38:53","modified_gmt":"2024-02-26T19:38:53","slug":"homem-e-preso-por-furto-em-galpao-incendiado-da-receita-federal","status":"publish","type":"post","link":"https:\/\/redenoticiaz.com.br\/litoralsp\/2024\/02\/26\/homem-e-preso-por-furto-em-galpao-incendiado-da-receita-federal","title":{"rendered":"Homem \u00e9 preso por furto em galp\u00e3o incendiado da Receita Federal"},"content":{"rendered":"<p>A Guarda Civil de Santos (GCM) prendeu mais dois homens por furtos no Centro Hist\u00f3rico de Santos, neste final de semana. Em uma semana, quatro pessoas j\u00e1 foram presas pela corpora\u00e7\u00e3o por este tipo de crime na regi\u00e3o.<\/p>\n<p>Na tarde de domingo (25), uma equipe da GCM avistou um indiv\u00edduo saindo do galp\u00e3o incendiado da Receita Federal, na Rua Dr. Cochrane, 66, portando uma mochila e uma sacola. Os agentes realizaram abordagem e busca pessoal no suspeito e encontraram em sua posse 24 \u00f3culos, um rel\u00f3gio, uma caixa de som e diversos fios de cobre, subtra\u00eddos do interior do galp\u00e3o.<\/p>\n<p>Ainda na busca pessoal, a equipe localizou oito pedras de crack, R$ 100 reais em dinheiro e um celular. A equipe conduziu o indiv\u00edduo at\u00e9 a Pol\u00edcia Federal, onde foi lavrado um inqu\u00e9rito policial, sendo configurada a pr\u00e1tica de crime de furto qualificado e o acusado ficou \u00e0 disposi\u00e7\u00e3o da autoridade de plant\u00e3o.<\/p>\n<h4 id=\"menu1\">C\u00e2meras<\/h4>\n<p>Na madrugada desta segunda-feira (26), outro homem foi detido em flagrante pela GCM ap\u00f3s o furto de uma plataforma met\u00e1lica de um andaime, em um im\u00f3vel na Rua Riachuelo. Com a ajuda do Centro de Controle Operacional (CCO), os guardas municipais realizaram rondas nas imedia\u00e7\u00f5es e conseguiram localizar e prender o suspeito na Rua Visconde do Embar\u00e9, sendo encaminhado \u00e0 delegacia.<\/p>\n<p>Leia mais<\/p>\n<p><a href=\"https:\/\/redenoticiaz.com.br\/litoralsp\/2024\/02\/15\/alerta-de-ressaca-e-emitido-pela-defesa-civil-em-santos\">Policiais s\u00e3o homenageados por garantir seguran\u00e7a em Santos na Opera\u00e7\u00e3o Ver\u00e3o<\/a><\/p>\n<p><a href=\"https:\/\/redenoticiaz.com.br\/litoralsp\/2024\/02\/23\/homem-procurado-pela-justica-e-preso-em-santos\">Homem procurado pela Justi\u00e7a \u00e9 preso em Santos<\/a><\/p>\n","protected":false},"excerpt":{"rendered":"<p>A Guarda Civil de Santos (GCM) prendeu mais dois homens por furtos no Centro Hist\u00f3rico de Santos, neste final de semana. Em uma semana, quatro pessoas j\u00e1 foram presas pela corpora\u00e7\u00e3o por este tipo de crime na regi\u00e3o. Na tarde de domingo (25), uma equipe da GCM avistou um indiv\u00edduo saindo do galp\u00e3o incendiado da &hellip;<\/p>\n","protected":false},"author":12,"featured_media":114685,"comment_status":"open","ping_status":"closed","sticky":false,"template":"","format":"standard","meta":{"footnotes":""},"categories":[10,180],"tags":[68034,986],"class_list":["post-114684","post","type-post","status-publish","format-standard","has-post-thumbnail","hentry","category-policia","category-santos","tag-rua-riachuelo","tag-santos"],"yoast_head":"<!-- This site is optimized with the Yoast SEO plugin v27.5 - https:\/\/yoast.com\/product\/yoast-seo-wordpress\/ -->\n<title>Homem \u00e9 preso por furto em galp\u00e3o incendiado da Receita Federal - Litoral SP<\/title>\n<meta name=\"description\" content=\"A Guarda Civil de Santos (GCM) prendeu mais dois homens por furtos no Centro Hist\u00f3rico de Santos, neste final de semana.\" \/>\n<meta name=\"robots\" content=\"index, follow, max-snippet:-1, max-image-preview:large, max-video-preview:-1\" \/>\n<link rel=\"canonical\" href=\"https:\/\/redenoticiaz.com.br\/litoralsp\/2024\/02\/26\/homem-e-preso-por-furto-em-galpao-incendiado-da-receita-federal\" \/>\n<meta property=\"og:locale\" content=\"pt_BR\" \/>\n<meta property=\"og:type\" content=\"article\" \/>\n<meta property=\"og:title\" content=\"Homem \u00e9 preso por furto em galp\u00e3o incendiado da Receita Federal - Litoral SP\" \/>\n<meta property=\"og:description\" content=\"A Guarda Civil de Santos (GCM) prendeu mais dois homens por furtos no Centro Hist\u00f3rico de Santos, neste final de semana.\" \/>\n<meta property=\"og:url\" content=\"https:\/\/redenoticiaz.com.br\/litoralsp\/2024\/02\/26\/homem-e-preso-por-furto-em-galpao-incendiado-da-receita-federal\" \/>\n<meta property=\"og:site_name\" content=\"Litoral SP\" \/>\n<meta property=\"article:published_time\" content=\"2024-02-26T21:00:31+00:00\" \/>\n<meta property=\"og:image\" content=\"https:\/\/redenoticiaz.com.br\/litoralsp\/wp-content\/uploads\/sites\/3\/2024\/02\/img-20240226-wa0005.jpg\" \/>\n\t<meta property=\"og:image:width\" content=\"1400\" \/>\n\t<meta property=\"og:image:height\" content=\"1050\" \/>\n\t<meta property=\"og:image:type\" content=\"image\/jpeg\" \/>\n<meta name=\"author\" content=\"Gustavo Silva\" \/>\n<meta name=\"twitter:card\" content=\"summary_large_image\" \/>\n<meta name=\"twitter:label1\" content=\"Escrito por\" \/>\n\t<meta name=\"twitter:data1\" content=\"Gustavo Silva\" \/>\n\t<meta name=\"twitter:label2\" content=\"Est. tempo de leitura\" \/>\n\t<meta name=\"twitter:data2\" content=\"2 minutos\" \/>\n<script type=\"application\/ld+json\" class=\"yoast-schema-graph\">{\"@context\":\"https:\\\/\\\/schema.org\",\"@graph\":[{\"@type\":\"Article\",\"@id\":\"https:\\\/\\\/redenoticiaz.com.br\\\/litoralsp\\\/2024\\\/02\\\/26\\\/homem-e-preso-por-furto-em-galpao-incendiado-da-receita-federal#article\",\"isPartOf\":{\"@id\":\"https:\\\/\\\/redenoticiaz.com.br\\\/litoralsp\\\/2024\\\/02\\\/26\\\/homem-e-preso-por-furto-em-galpao-incendiado-da-receita-federal\"},\"author\":{\"name\":\"Gustavo Silva\",\"@id\":\"https:\\\/\\\/redenoticiaz.com.br\\\/litoralsp\\\/#\\\/schema\\\/person\\\/16057b37a3c0ee6b096d7f887c566e2e\"},\"headline\":\"Homem \u00e9 preso por furto em galp\u00e3o incendiado da Receita Federal\",\"datePublished\":\"2024-02-26T21:00:31+00:00\",\"mainEntityOfPage\":{\"@id\":\"https:\\\/\\\/redenoticiaz.com.br\\\/litoralsp\\\/2024\\\/02\\\/26\\\/homem-e-preso-por-furto-em-galpao-incendiado-da-receita-federal\"},\"wordCount\":263,\"commentCount\":0,\"publisher\":{\"@id\":\"https:\\\/\\\/redenoticiaz.com.br\\\/litoralsp\\\/#organization\"},\"image\":{\"@id\":\"https:\\\/\\\/redenoticiaz.com.br\\\/litoralsp\\\/2024\\\/02\\\/26\\\/homem-e-preso-por-furto-em-galpao-incendiado-da-receita-federal#primaryimage\"},\"thumbnailUrl\":\"https:\\\/\\\/redenoticiaz.com.br\\\/litoralsp\\\/wp-content\\\/uploads\\\/sites\\\/3\\\/2024\\\/02\\\/img-20240226-wa0005.jpg\",\"keywords\":[\"rua riachuelo\",\"Santos\"],\"articleSection\":[\"Pol\u00edcia\",\"Santos\"],\"inLanguage\":\"pt-BR\",\"potentialAction\":[{\"@type\":\"CommentAction\",\"name\":\"Comment\",\"target\":[\"https:\\\/\\\/redenoticiaz.com.br\\\/litoralsp\\\/2024\\\/02\\\/26\\\/homem-e-preso-por-furto-em-galpao-incendiado-da-receita-federal#respond\"]}]},{\"@type\":\"WebPage\",\"@id\":\"https:\\\/\\\/redenoticiaz.com.br\\\/litoralsp\\\/2024\\\/02\\\/26\\\/homem-e-preso-por-furto-em-galpao-incendiado-da-receita-federal\",\"url\":\"https:\\\/\\\/redenoticiaz.com.br\\\/litoralsp\\\/2024\\\/02\\\/26\\\/homem-e-preso-por-furto-em-galpao-incendiado-da-receita-federal\",\"name\":\"Homem \u00e9 preso por furto em galp\u00e3o incendiado da Receita Federal - Litoral SP\",\"isPartOf\":{\"@id\":\"https:\\\/\\\/redenoticiaz.com.br\\\/litoralsp\\\/#website\"},\"primaryImageOfPage\":{\"@id\":\"https:\\\/\\\/redenoticiaz.com.br\\\/litoralsp\\\/2024\\\/02\\\/26\\\/homem-e-preso-por-furto-em-galpao-incendiado-da-receita-federal#primaryimage\"},\"image\":{\"@id\":\"https:\\\/\\\/redenoticiaz.com.br\\\/litoralsp\\\/2024\\\/02\\\/26\\\/homem-e-preso-por-furto-em-galpao-incendiado-da-receita-federal#primaryimage\"},\"thumbnailUrl\":\"https:\\\/\\\/redenoticiaz.com.br\\\/litoralsp\\\/wp-content\\\/uploads\\\/sites\\\/3\\\/2024\\\/02\\\/img-20240226-wa0005.jpg\",\"datePublished\":\"2024-02-26T21:00:31+00:00\",\"description\":\"A Guarda Civil de Santos (GCM) prendeu mais dois homens por furtos no Centro Hist\u00f3rico de Santos, neste final de semana.\",\"inLanguage\":\"pt-BR\",\"potentialAction\":[{\"@type\":\"ReadAction\",\"target\":[\"https:\\\/\\\/redenoticiaz.com.br\\\/litoralsp\\\/2024\\\/02\\\/26\\\/homem-e-preso-por-furto-em-galpao-incendiado-da-receita-federal\"]}]},{\"@type\":\"ImageObject\",\"inLanguage\":\"pt-BR\",\"@id\":\"https:\\\/\\\/redenoticiaz.com.br\\\/litoralsp\\\/2024\\\/02\\\/26\\\/homem-e-preso-por-furto-em-galpao-incendiado-da-receita-federal#primaryimage\",\"url\":\"https:\\\/\\\/redenoticiaz.com.br\\\/litoralsp\\\/wp-content\\\/uploads\\\/sites\\\/3\\\/2024\\\/02\\\/img-20240226-wa0005.jpg\",\"contentUrl\":\"https:\\\/\\\/redenoticiaz.com.br\\\/litoralsp\\\/wp-content\\\/uploads\\\/sites\\\/3\\\/2024\\\/02\\\/img-20240226-wa0005.jpg\",\"width\":1400,\"height\":1050},{\"@type\":\"WebSite\",\"@id\":\"https:\\\/\\\/redenoticiaz.com.br\\\/litoralsp\\\/#website\",\"url\":\"https:\\\/\\\/redenoticiaz.com.br\\\/litoralsp\\\/\",\"name\":\"Litoral SP\",\"description\":\"Rede NoticiaZ\",\"publisher\":{\"@id\":\"https:\\\/\\\/redenoticiaz.com.br\\\/litoralsp\\\/#organization\"},\"potentialAction\":[{\"@type\":\"SearchAction\",\"target\":{\"@type\":\"EntryPoint\",\"urlTemplate\":\"https:\\\/\\\/redenoticiaz.com.br\\\/litoralsp\\\/?s={search_term_string}\"},\"query-input\":{\"@type\":\"PropertyValueSpecification\",\"valueRequired\":true,\"valueName\":\"search_term_string\"}}],\"inLanguage\":\"pt-BR\"},{\"@type\":\"Organization\",\"@id\":\"https:\\\/\\\/redenoticiaz.com.br\\\/litoralsp\\\/#organization\",\"name\":\"Litoral SP\",\"url\":\"https:\\\/\\\/redenoticiaz.com.br\\\/litoralsp\\\/\",\"logo\":{\"@type\":\"ImageObject\",\"inLanguage\":\"pt-BR\",\"@id\":\"https:\\\/\\\/redenoticiaz.com.br\\\/litoralsp\\\/#\\\/schema\\\/logo\\\/image\\\/\",\"url\":\"https:\\\/\\\/redenoticiaz.com.br\\\/litoralsp\\\/wp-content\\\/uploads\\\/sites\\\/3\\\/2020\\\/11\\\/logo.jpg\",\"contentUrl\":\"https:\\\/\\\/redenoticiaz.com.br\\\/litoralsp\\\/wp-content\\\/uploads\\\/sites\\\/3\\\/2020\\\/11\\\/logo.jpg\",\"width\":400,\"height\":250,\"caption\":\"Litoral SP\"},\"image\":{\"@id\":\"https:\\\/\\\/redenoticiaz.com.br\\\/litoralsp\\\/#\\\/schema\\\/logo\\\/image\\\/\"}},{\"@type\":\"Person\",\"@id\":\"https:\\\/\\\/redenoticiaz.com.br\\\/litoralsp\\\/#\\\/schema\\\/person\\\/16057b37a3c0ee6b096d7f887c566e2e\",\"name\":\"Gustavo Silva\",\"image\":{\"@type\":\"ImageObject\",\"inLanguage\":\"pt-BR\",\"@id\":\"https:\\\/\\\/secure.gravatar.com\\\/avatar\\\/3ee4e82f93b26de0a7cf4ea5eb7893da637ed6bb0c9170c58065944c56e28a33?s=96&d=mm&r=g\",\"url\":\"https:\\\/\\\/secure.gravatar.com\\\/avatar\\\/3ee4e82f93b26de0a7cf4ea5eb7893da637ed6bb0c9170c58065944c56e28a33?s=96&d=mm&r=g\",\"contentUrl\":\"https:\\\/\\\/secure.gravatar.com\\\/avatar\\\/3ee4e82f93b26de0a7cf4ea5eb7893da637ed6bb0c9170c58065944c56e28a33?s=96&d=mm&r=g\",\"caption\":\"Gustavo Silva\"},\"url\":\"https:\\\/\\\/redenoticiaz.com.br\\\/litoralsp\\\/author\\\/gustavosilva\"}]}<\/script>\n<!-- \/ Yoast SEO plugin. -->","yoast_head_json":{"title":"Homem \u00e9 preso por furto em galp\u00e3o incendiado da Receita Federal - Litoral SP","description":"A Guarda Civil de Santos (GCM) prendeu mais dois homens por furtos no Centro Hist\u00f3rico de Santos, neste final de semana.","robots":{"index":"index","follow":"follow","max-snippet":"max-snippet:-1","max-image-preview":"max-image-preview:large","max-video-preview":"max-video-preview:-1"},"canonical":"https:\/\/redenoticiaz.com.br\/litoralsp\/2024\/02\/26\/homem-e-preso-por-furto-em-galpao-incendiado-da-receita-federal","og_locale":"pt_BR","og_type":"article","og_title":"Homem \u00e9 preso por furto em galp\u00e3o incendiado da Receita Federal - Litoral SP","og_description":"A Guarda Civil de Santos (GCM) prendeu mais dois homens por furtos no Centro Hist\u00f3rico de Santos, neste final de semana.","og_url":"https:\/\/redenoticiaz.com.br\/litoralsp\/2024\/02\/26\/homem-e-preso-por-furto-em-galpao-incendiado-da-receita-federal","og_site_name":"Litoral SP","article_published_time":"2024-02-26T21:00:31+00:00","og_image":[{"width":1400,"height":1050,"url":"https:\/\/redenoticiaz.com.br\/litoralsp\/wp-content\/uploads\/sites\/3\/2024\/02\/img-20240226-wa0005.jpg","type":"image\/jpeg"}],"author":"Gustavo Silva","twitter_card":"summary_large_image","twitter_misc":{"Escrito por":"Gustavo Silva","Est. tempo de leitura":"2 minutos"},"schema":{"@context":"https:\/\/schema.org","@graph":[{"@type":"Article","@id":"https:\/\/redenoticiaz.com.br\/litoralsp\/2024\/02\/26\/homem-e-preso-por-furto-em-galpao-incendiado-da-receita-federal#article","isPartOf":{"@id":"https:\/\/redenoticiaz.com.br\/litoralsp\/2024\/02\/26\/homem-e-preso-por-furto-em-galpao-incendiado-da-receita-federal"},"author":{"name":"Gustavo Silva","@id":"https:\/\/redenoticiaz.com.br\/litoralsp\/#\/schema\/person\/16057b37a3c0ee6b096d7f887c566e2e"},"headline":"Homem \u00e9 preso por furto em galp\u00e3o incendiado da Receita Federal","datePublished":"2024-02-26T21:00:31+00:00","mainEntityOfPage":{"@id":"https:\/\/redenoticiaz.com.br\/litoralsp\/2024\/02\/26\/homem-e-preso-por-furto-em-galpao-incendiado-da-receita-federal"},"wordCount":263,"commentCount":0,"publisher":{"@id":"https:\/\/redenoticiaz.com.br\/litoralsp\/#organization"},"image":{"@id":"https:\/\/redenoticiaz.com.br\/litoralsp\/2024\/02\/26\/homem-e-preso-por-furto-em-galpao-incendiado-da-receita-federal#primaryimage"},"thumbnailUrl":"https:\/\/redenoticiaz.com.br\/litoralsp\/wp-content\/uploads\/sites\/3\/2024\/02\/img-20240226-wa0005.jpg","keywords":["rua riachuelo","Santos"],"articleSection":["Pol\u00edcia","Santos"],"inLanguage":"pt-BR","potentialAction":[{"@type":"CommentAction","name":"Comment","target":["https:\/\/redenoticiaz.com.br\/litoralsp\/2024\/02\/26\/homem-e-preso-por-furto-em-galpao-incendiado-da-receita-federal#respond"]}]},{"@type":"WebPage","@id":"https:\/\/redenoticiaz.com.br\/litoralsp\/2024\/02\/26\/homem-e-preso-por-furto-em-galpao-incendiado-da-receita-federal","url":"https:\/\/redenoticiaz.com.br\/litoralsp\/2024\/02\/26\/homem-e-preso-por-furto-em-galpao-incendiado-da-receita-federal","name":"Homem \u00e9 preso por furto em galp\u00e3o incendiado da Receita Federal - Litoral SP","isPartOf":{"@id":"https:\/\/redenoticiaz.com.br\/litoralsp\/#website"},"primaryImageOfPage":{"@id":"https:\/\/redenoticiaz.com.br\/litoralsp\/2024\/02\/26\/homem-e-preso-por-furto-em-galpao-incendiado-da-receita-federal#primaryimage"},"image":{"@id":"https:\/\/redenoticiaz.com.br\/litoralsp\/2024\/02\/26\/homem-e-preso-por-furto-em-galpao-incendiado-da-receita-federal#primaryimage"},"thumbnailUrl":"https:\/\/redenoticiaz.com.br\/litoralsp\/wp-content\/uploads\/sites\/3\/2024\/02\/img-20240226-wa0005.jpg","datePublished":"2024-02-26T21:00:31+00:00","description":"A Guarda Civil de Santos (GCM) prendeu mais dois homens por furtos no Centro Hist\u00f3rico de Santos, neste final de semana.","inLanguage":"pt-BR","potentialAction":[{"@type":"ReadAction","target":["https:\/\/redenoticiaz.com.br\/litoralsp\/2024\/02\/26\/homem-e-preso-por-furto-em-galpao-incendiado-da-receita-federal"]}]},{"@type":"ImageObject","inLanguage":"pt-BR","@id":"https:\/\/redenoticiaz.com.br\/litoralsp\/2024\/02\/26\/homem-e-preso-por-furto-em-galpao-incendiado-da-receita-federal#primaryimage","url":"https:\/\/redenoticiaz.com.br\/litoralsp\/wp-content\/uploads\/sites\/3\/2024\/02\/img-20240226-wa0005.jpg","contentUrl":"https:\/\/redenoticiaz.com.br\/litoralsp\/wp-content\/uploads\/sites\/3\/2024\/02\/img-20240226-wa0005.jpg","width":1400,"height":1050},{"@type":"WebSite","@id":"https:\/\/redenoticiaz.com.br\/litoralsp\/#website","url":"https:\/\/redenoticiaz.com.br\/litoralsp\/","name":"Litoral SP","description":"Rede NoticiaZ","publisher":{"@id":"https:\/\/redenoticiaz.com.br\/litoralsp\/#organization"},"potentialAction":[{"@type":"SearchAction","target":{"@type":"EntryPoint","urlTemplate":"https:\/\/redenoticiaz.com.br\/litoralsp\/?s={search_term_string}"},"query-input":{"@type":"PropertyValueSpecification","valueRequired":true,"valueName":"search_term_string"}}],"inLanguage":"pt-BR"},{"@type":"Organization","@id":"https:\/\/redenoticiaz.com.br\/litoralsp\/#organization","name":"Litoral SP","url":"https:\/\/redenoticiaz.com.br\/litoralsp\/","logo":{"@type":"ImageObject","inLanguage":"pt-BR","@id":"https:\/\/redenoticiaz.com.br\/litoralsp\/#\/schema\/logo\/image\/","url":"https:\/\/redenoticiaz.com.br\/litoralsp\/wp-content\/uploads\/sites\/3\/2020\/11\/logo.jpg","contentUrl":"https:\/\/redenoticiaz.com.br\/litoralsp\/wp-content\/uploads\/sites\/3\/2020\/11\/logo.jpg","width":400,"height":250,"caption":"Litoral SP"},"image":{"@id":"https:\/\/redenoticiaz.com.br\/litoralsp\/#\/schema\/logo\/image\/"}},{"@type":"Person","@id":"https:\/\/redenoticiaz.com.br\/litoralsp\/#\/schema\/person\/16057b37a3c0ee6b096d7f887c566e2e","name":"Gustavo Silva","image":{"@type":"ImageObject","inLanguage":"pt-BR","@id":"https:\/\/secure.gravatar.com\/avatar\/3ee4e82f93b26de0a7cf4ea5eb7893da637ed6bb0c9170c58065944c56e28a33?s=96&d=mm&r=g","url":"https:\/\/secure.gravatar.com\/avatar\/3ee4e82f93b26de0a7cf4ea5eb7893da637ed6bb0c9170c58065944c56e28a33?s=96&d=mm&r=g","contentUrl":"https:\/\/secure.gravatar.com\/avatar\/3ee4e82f93b26de0a7cf4ea5eb7893da637ed6bb0c9170c58065944c56e28a33?s=96&d=mm&r=g","caption":"Gustavo Silva"},"url":"https:\/\/redenoticiaz.com.br\/litoralsp\/author\/gustavosilva"}]}},"_links":{"self":[{"href":"https:\/\/redenoticiaz.com.br\/litoralsp\/wp-json\/wp\/v2\/posts\/114684","targetHints":{"allow":["GET"]}}],"collection":[{"href":"https:\/\/redenoticiaz.com.br\/litoralsp\/wp-json\/wp\/v2\/posts"}],"about":[{"href":"https:\/\/redenoticiaz.com.br\/litoralsp\/wp-json\/wp\/v2\/types\/post"}],"author":[{"embeddable":true,"href":"https:\/\/redenoticiaz.com.br\/litoralsp\/wp-json\/wp\/v2\/users\/12"}],"replies":[{"embeddable":true,"href":"https:\/\/redenoticiaz.com.br\/litoralsp\/wp-json\/wp\/v2\/comments?post=114684"}],"version-history":[{"count":1,"href":"https:\/\/redenoticiaz.com.br\/litoralsp\/wp-json\/wp\/v2\/posts\/114684\/revisions"}],"predecessor-version":[{"id":114686,"href":"https:\/\/redenoticiaz.com.br\/litoralsp\/wp-json\/wp\/v2\/posts\/114684\/revisions\/114686"}],"wp:featuredmedia":[{"embeddable":true,"href":"https:\/\/redenoticiaz.com.br\/litoralsp\/wp-json\/wp\/v2\/media\/114685"}],"wp:attachment":[{"href":"https:\/\/redenoticiaz.com.br\/litoralsp\/wp-json\/wp\/v2\/media?parent=114684"}],"wp:term":[{"taxonomy":"category","embeddable":true,"href":"https:\/\/redenoticiaz.com.br\/litoralsp\/wp-json\/wp\/v2\/categories?post=114684"},{"taxonomy":"post_tag","embeddable":true,"href":"https:\/\/redenoticiaz.com.br\/litoralsp\/wp-json\/wp\/v2\/tags?post=114684"}],"curies":[{"name":"wp","href":"https:\/\/api.w.org\/{rel}","templated":true}]}}