{"id":114687,"date":"2024-02-26T18:30:06","date_gmt":"2024-02-26T21:30:06","guid":{"rendered":"https:\/\/redenoticiaz.com.br\/litoralsp\/?p=114687"},"modified":"2024-02-26T16:45:06","modified_gmt":"2024-02-26T19:45:06","slug":"prefeitura-de-guaruja-assina-ordem-de-servico-para-obras-do-aeroporto","status":"publish","type":"post","link":"https:\/\/redenoticiaz.com.br\/litoralsp\/2024\/02\/26\/prefeitura-de-guaruja-assina-ordem-de-servico-para-obras-do-aeroporto","title":{"rendered":"Prefeitura de Guaruj\u00e1 assina ordem de servi\u00e7o para obras do Aeroporto"},"content":{"rendered":"<p data-raofz=\"17\">A Prefeitura de Guaruj\u00e1 formaliza a assinatura da Ordem de Servi\u00e7o para in\u00edcio das obras da primeira fase do Aeroporto Civil Metropolitano de Guaruj\u00e1 na pr\u00f3xima ter\u00e7a-feira (27), \u00e0s 10 horas, no Pa\u00e7o Municipal Moacir dos Santos Filho\u00a0(Av. Santos Dumont, 800, Santo Ant\u00f4nio). Na ocasi\u00e3o, o prefeito e o secret\u00e1rio municipal de Infraestrutura e Obras, anunciar\u00e3o o cronograma das interven\u00e7\u00f5es.<\/p>\n<p data-raofz=\"17\">A esperada concretiza\u00e7\u00e3o deste processo se deu ap\u00f3s articula\u00e7\u00f5es do prefeito em Bras\u00edlia, culminando com a assinatura de portaria conjunta do Comando da Aeron\u00e1utica (Comaer) e Secretaria Nacional de Avia\u00e7\u00e3o Civil (SAC), nesta sexta-feira (23).<\/p>\n<p data-raofz=\"17\">O Munic\u00edpio dependia deste expediente para lan\u00e7ar a Ordem de Servi\u00e7o para as obras, uma vez que a Base A\u00e9rea \u00e9 uma \u00e1rea militar. O dispositivo determina\u00a0as diretrizes do zoneamento do local, segregando as atividades civis e militares.<\/p>\n<p data-raofz=\"17\">A portaria, assinada pelo chefe do Estado-Maior da Aeron\u00e1utica, Tenente-Brigadeiro do Ar Sergio Roberto de Almeida, j\u00e1 consta do Sistema Eletr\u00f4nico de Informa\u00e7\u00f5es \u2013 SEI, mantido pelo\u00a0Minist\u00e9rio da Gest\u00e3o e da Inova\u00e7\u00e3o em Servi\u00e7os P\u00fablicos.<\/p>\n<h2 data-raofz=\"17\"><b>Vistoria t\u00e9cnica<\/b><\/h2>\n<p data-raofz=\"17\">Num segundo momento, ap\u00f3s a formaliza\u00e7\u00e3o da Ordem de Servi\u00e7o pelo Munic\u00edpio, o prefeito receber\u00e1 o ministro de Portos e Aeroportos, S\u00edlvio da Costa Filho, para uma vistoria t\u00e9cnica na Base A\u00e9rea, em Vicente de Carvalho, onde os trabalhos ser\u00e3o desenvolvidos. A data ainda ser\u00e1 definida entre Minist\u00e9rio e Prefeitura.<\/p>\n<p data-raofz=\"17\">O prefeito esteve na capital federal na \u00faltima quinta-feira (22), acompanhado do secret\u00e1rio municipal de Infraestrutura e Obras e da secret\u00e1ria municipal de Planejamento. \u201c\u00c9 a concretiza\u00e7\u00e3o de um sonho de quase um s\u00e9culo, essencial para fomentar um novo ciclo de desenvolvimento n\u00e3o s\u00f3 para Guaruj\u00e1, mas toda a Baixada Santista e o Estado de S\u00e3o Paulo\u201d, afirma o prefeito.<\/p>\n<h3 data-raofz=\"17\"><b>Interven\u00e7\u00f5es devem acontecer na\u00a0primeira quinzena de mar\u00e7o<\/b><\/h3>\n<p data-raofz=\"17\">As obras da primeira fase do Aeroporto Civil Metropolitano de Guaruj\u00e1 contemplam a reforma e adequa\u00e7\u00e3o da pista de pouso e decolagem e devem se iniciar na primeira quinzena de mar\u00e7o. Est\u00e3o inclu\u00eddas, tamb\u00e9m, interven\u00e7\u00f5es nas pistas de t\u00e1xi A, B e C; faixa de pista e sistema de drenagem e, ainda, implanta\u00e7\u00e3o de cerca operacional; barreiras de prote\u00e7\u00e3o de fauna e via interna de servi\u00e7o no\u00a0Aeroporto.<\/p>\n<p data-raofz=\"17\">O projeto global do\u00a0Aeroporto\u00a0contempla um total de quatro fases.\u00a0A\u00a0empresa vencedora do processo licitat\u00f3rio foi a Terracom Constru\u00e7\u00f5es LTDA, homologada vencedora no \u00faltimo dia 2 de dezembro. A empresa atendeu todas as exig\u00eancias do edital e custear\u00e1 as interven\u00e7\u00f5es necess\u00e1rias, or\u00e7adas em R$ 19 milh\u00f5es, investimento do Governo Federal.<\/p>\n<h4 data-raofz=\"17\"><b>Terminal de passageiros<\/b><\/h4>\n<p data-raofz=\"17\">Ap\u00f3s a execu\u00e7\u00e3o dos servi\u00e7os, conclui-se a primeira fase e, na sequ\u00eancia, come\u00e7ar\u00e1 a implanta\u00e7\u00e3o do terminal de passageiros, o que permitir\u00e1 pousos e decolagens de aeronaves para at\u00e9 72 passageiros (jatinhos e turbo\u00e9lices).<\/p>\n<p data-raofz=\"17\">O secret\u00e1rio municipal de Infraestrutura e Obras, estima a conclus\u00e3o da primeira fase de obras no segundo semestre deste ano. \u201cO prazo de execu\u00e7\u00e3o dessa etapa \u00e9 de aproximadamente seis meses. Enquanto isso, o projeto do terminal de passageiros, segunda fase das obras, segue em curso\u201d, pontuou o secret\u00e1rio.<\/p>\n<p data-raofz=\"17\">Leia mais<\/p>\n<p data-raofz=\"17\"><a href=\"https:\/\/redenoticiaz.com.br\/litoralsp\/2024\/02\/14\/policia-recupera-celular-avaliado-em-r10-000-em-guaruja\">Pol\u00edcia recupera celular avaliado em R$10.000 em Guaruj\u00e1<\/a><\/p>\n<p data-raofz=\"17\"><a href=\"https:\/\/redenoticiaz.com.br\/litoralsp\/2022\/06\/10\/guaruja-assina-termo-para-mais-de-250-cirurgias-eletivas\">V\u00cdDEO \u2013 Jacar\u00e9 gigante \u2018para o tr\u00e2nsito\u2019 na zona rural<\/a><\/p>\n","protected":false},"excerpt":{"rendered":"<p>A Prefeitura de Guaruj\u00e1 formaliza a assinatura da Ordem de Servi\u00e7o para in\u00edcio das obras da primeira fase do Aeroporto Civil Metropolitano de Guaruj\u00e1 na pr\u00f3xima ter\u00e7a-feira (27), \u00e0s 10 horas, no Pa\u00e7o Municipal Moacir dos Santos Filho\u00a0(Av. Santos Dumont, 800, Santo Ant\u00f4nio). Na ocasi\u00e3o, o prefeito e o secret\u00e1rio municipal de Infraestrutura e Obras, &hellip;<\/p>\n","protected":false},"author":12,"featured_media":20791,"comment_status":"open","ping_status":"closed","sticky":false,"template":"","format":"standard","meta":{"footnotes":""},"categories":[187,88],"tags":[1331,6426,986],"class_list":["post-114687","post","type-post","status-publish","format-standard","has-post-thumbnail","hentry","category-guaruja","category-transportes","tag-aeroporto","tag-guaruja-2","tag-santos"],"yoast_head":"<!-- This site is optimized with the Yoast SEO plugin v27.5 - https:\/\/yoast.com\/product\/yoast-seo-wordpress\/ -->\n<title>Prefeitura de Guaruj\u00e1 assina ordem de servi\u00e7o para obras do Aeroporto - Litoral SP<\/title>\n<meta name=\"description\" content=\"Na ocasi\u00e3o, o prefeito e o secret\u00e1rio municipal de Infraestrutura e Obras, anunciar\u00e3o o cronograma das interven\u00e7\u00f5es.\" \/>\n<meta name=\"robots\" content=\"index, follow, max-snippet:-1, max-image-preview:large, max-video-preview:-1\" \/>\n<link rel=\"canonical\" href=\"https:\/\/redenoticiaz.com.br\/litoralsp\/2024\/02\/26\/prefeitura-de-guaruja-assina-ordem-de-servico-para-obras-do-aeroporto\" \/>\n<meta property=\"og:locale\" content=\"pt_BR\" \/>\n<meta property=\"og:type\" content=\"article\" \/>\n<meta property=\"og:title\" content=\"Prefeitura de Guaruj\u00e1 assina ordem de servi\u00e7o para obras do Aeroporto - Litoral SP\" \/>\n<meta property=\"og:description\" content=\"Na ocasi\u00e3o, o prefeito e o secret\u00e1rio municipal de Infraestrutura e Obras, anunciar\u00e3o o cronograma das interven\u00e7\u00f5es.\" \/>\n<meta property=\"og:url\" content=\"https:\/\/redenoticiaz.com.br\/litoralsp\/2024\/02\/26\/prefeitura-de-guaruja-assina-ordem-de-servico-para-obras-do-aeroporto\" \/>\n<meta property=\"og:site_name\" content=\"Litoral SP\" \/>\n<meta property=\"article:published_time\" content=\"2024-02-26T21:30:06+00:00\" \/>\n<meta property=\"og:image\" content=\"https:\/\/redenoticiaz.com.br\/litoralsp\/wp-content\/uploads\/sites\/3\/2022\/01\/aeroporto-guaruja.jpg\" \/>\n\t<meta property=\"og:image:width\" content=\"984\" \/>\n\t<meta property=\"og:image:height\" content=\"586\" \/>\n\t<meta property=\"og:image:type\" content=\"image\/jpeg\" \/>\n<meta name=\"author\" content=\"Gustavo Silva\" \/>\n<meta name=\"twitter:card\" content=\"summary_large_image\" \/>\n<meta name=\"twitter:label1\" content=\"Escrito por\" \/>\n\t<meta name=\"twitter:data1\" content=\"Gustavo Silva\" \/>\n\t<meta name=\"twitter:label2\" content=\"Est. tempo de leitura\" \/>\n\t<meta name=\"twitter:data2\" content=\"3 minutos\" \/>\n<script type=\"application\/ld+json\" class=\"yoast-schema-graph\">{\"@context\":\"https:\\\/\\\/schema.org\",\"@graph\":[{\"@type\":\"Article\",\"@id\":\"https:\\\/\\\/redenoticiaz.com.br\\\/litoralsp\\\/2024\\\/02\\\/26\\\/prefeitura-de-guaruja-assina-ordem-de-servico-para-obras-do-aeroporto#article\",\"isPartOf\":{\"@id\":\"https:\\\/\\\/redenoticiaz.com.br\\\/litoralsp\\\/2024\\\/02\\\/26\\\/prefeitura-de-guaruja-assina-ordem-de-servico-para-obras-do-aeroporto\"},\"author\":{\"name\":\"Gustavo Silva\",\"@id\":\"https:\\\/\\\/redenoticiaz.com.br\\\/litoralsp\\\/#\\\/schema\\\/person\\\/16057b37a3c0ee6b096d7f887c566e2e\"},\"headline\":\"Prefeitura de Guaruj\u00e1 assina ordem de servi\u00e7o para obras do Aeroporto\",\"datePublished\":\"2024-02-26T21:30:06+00:00\",\"mainEntityOfPage\":{\"@id\":\"https:\\\/\\\/redenoticiaz.com.br\\\/litoralsp\\\/2024\\\/02\\\/26\\\/prefeitura-de-guaruja-assina-ordem-de-servico-para-obras-do-aeroporto\"},\"wordCount\":593,\"commentCount\":0,\"publisher\":{\"@id\":\"https:\\\/\\\/redenoticiaz.com.br\\\/litoralsp\\\/#organization\"},\"image\":{\"@id\":\"https:\\\/\\\/redenoticiaz.com.br\\\/litoralsp\\\/2024\\\/02\\\/26\\\/prefeitura-de-guaruja-assina-ordem-de-servico-para-obras-do-aeroporto#primaryimage\"},\"thumbnailUrl\":\"https:\\\/\\\/redenoticiaz.com.br\\\/litoralsp\\\/wp-content\\\/uploads\\\/sites\\\/3\\\/2022\\\/01\\\/aeroporto-guaruja.jpg\",\"keywords\":[\"aeroporto\",\"Guaruj\u00e1\",\"Santos\"],\"articleSection\":[\"Guaruj\u00e1\",\"Transportes\"],\"inLanguage\":\"pt-BR\",\"potentialAction\":[{\"@type\":\"CommentAction\",\"name\":\"Comment\",\"target\":[\"https:\\\/\\\/redenoticiaz.com.br\\\/litoralsp\\\/2024\\\/02\\\/26\\\/prefeitura-de-guaruja-assina-ordem-de-servico-para-obras-do-aeroporto#respond\"]}]},{\"@type\":\"WebPage\",\"@id\":\"https:\\\/\\\/redenoticiaz.com.br\\\/litoralsp\\\/2024\\\/02\\\/26\\\/prefeitura-de-guaruja-assina-ordem-de-servico-para-obras-do-aeroporto\",\"url\":\"https:\\\/\\\/redenoticiaz.com.br\\\/litoralsp\\\/2024\\\/02\\\/26\\\/prefeitura-de-guaruja-assina-ordem-de-servico-para-obras-do-aeroporto\",\"name\":\"Prefeitura de Guaruj\u00e1 assina ordem de servi\u00e7o para obras do Aeroporto - Litoral SP\",\"isPartOf\":{\"@id\":\"https:\\\/\\\/redenoticiaz.com.br\\\/litoralsp\\\/#website\"},\"primaryImageOfPage\":{\"@id\":\"https:\\\/\\\/redenoticiaz.com.br\\\/litoralsp\\\/2024\\\/02\\\/26\\\/prefeitura-de-guaruja-assina-ordem-de-servico-para-obras-do-aeroporto#primaryimage\"},\"image\":{\"@id\":\"https:\\\/\\\/redenoticiaz.com.br\\\/litoralsp\\\/2024\\\/02\\\/26\\\/prefeitura-de-guaruja-assina-ordem-de-servico-para-obras-do-aeroporto#primaryimage\"},\"thumbnailUrl\":\"https:\\\/\\\/redenoticiaz.com.br\\\/litoralsp\\\/wp-content\\\/uploads\\\/sites\\\/3\\\/2022\\\/01\\\/aeroporto-guaruja.jpg\",\"datePublished\":\"2024-02-26T21:30:06+00:00\",\"description\":\"Na ocasi\u00e3o, o prefeito e o secret\u00e1rio municipal de Infraestrutura e Obras, anunciar\u00e3o o cronograma das interven\u00e7\u00f5es.\",\"inLanguage\":\"pt-BR\",\"potentialAction\":[{\"@type\":\"ReadAction\",\"target\":[\"https:\\\/\\\/redenoticiaz.com.br\\\/litoralsp\\\/2024\\\/02\\\/26\\\/prefeitura-de-guaruja-assina-ordem-de-servico-para-obras-do-aeroporto\"]}]},{\"@type\":\"ImageObject\",\"inLanguage\":\"pt-BR\",\"@id\":\"https:\\\/\\\/redenoticiaz.com.br\\\/litoralsp\\\/2024\\\/02\\\/26\\\/prefeitura-de-guaruja-assina-ordem-de-servico-para-obras-do-aeroporto#primaryimage\",\"url\":\"https:\\\/\\\/redenoticiaz.com.br\\\/litoralsp\\\/wp-content\\\/uploads\\\/sites\\\/3\\\/2022\\\/01\\\/aeroporto-guaruja.jpg\",\"contentUrl\":\"https:\\\/\\\/redenoticiaz.com.br\\\/litoralsp\\\/wp-content\\\/uploads\\\/sites\\\/3\\\/2022\\\/01\\\/aeroporto-guaruja.jpg\",\"width\":984,\"height\":586,\"caption\":\"Cr\u00e9ditos: Divulga\u00e7\u00e3o\\\/Prefeitura de Guaruj\u00e1.\"},{\"@type\":\"WebSite\",\"@id\":\"https:\\\/\\\/redenoticiaz.com.br\\\/litoralsp\\\/#website\",\"url\":\"https:\\\/\\\/redenoticiaz.com.br\\\/litoralsp\\\/\",\"name\":\"Litoral SP\",\"description\":\"Rede NoticiaZ\",\"publisher\":{\"@id\":\"https:\\\/\\\/redenoticiaz.com.br\\\/litoralsp\\\/#organization\"},\"potentialAction\":[{\"@type\":\"SearchAction\",\"target\":{\"@type\":\"EntryPoint\",\"urlTemplate\":\"https:\\\/\\\/redenoticiaz.com.br\\\/litoralsp\\\/?s={search_term_string}\"},\"query-input\":{\"@type\":\"PropertyValueSpecification\",\"valueRequired\":true,\"valueName\":\"search_term_string\"}}],\"inLanguage\":\"pt-BR\"},{\"@type\":\"Organization\",\"@id\":\"https:\\\/\\\/redenoticiaz.com.br\\\/litoralsp\\\/#organization\",\"name\":\"Litoral SP\",\"url\":\"https:\\\/\\\/redenoticiaz.com.br\\\/litoralsp\\\/\",\"logo\":{\"@type\":\"ImageObject\",\"inLanguage\":\"pt-BR\",\"@id\":\"https:\\\/\\\/redenoticiaz.com.br\\\/litoralsp\\\/#\\\/schema\\\/logo\\\/image\\\/\",\"url\":\"https:\\\/\\\/redenoticiaz.com.br\\\/litoralsp\\\/wp-content\\\/uploads\\\/sites\\\/3\\\/2020\\\/11\\\/logo.jpg\",\"contentUrl\":\"https:\\\/\\\/redenoticiaz.com.br\\\/litoralsp\\\/wp-content\\\/uploads\\\/sites\\\/3\\\/2020\\\/11\\\/logo.jpg\",\"width\":400,\"height\":250,\"caption\":\"Litoral SP\"},\"image\":{\"@id\":\"https:\\\/\\\/redenoticiaz.com.br\\\/litoralsp\\\/#\\\/schema\\\/logo\\\/image\\\/\"}},{\"@type\":\"Person\",\"@id\":\"https:\\\/\\\/redenoticiaz.com.br\\\/litoralsp\\\/#\\\/schema\\\/person\\\/16057b37a3c0ee6b096d7f887c566e2e\",\"name\":\"Gustavo Silva\",\"image\":{\"@type\":\"ImageObject\",\"inLanguage\":\"pt-BR\",\"@id\":\"https:\\\/\\\/secure.gravatar.com\\\/avatar\\\/3ee4e82f93b26de0a7cf4ea5eb7893da637ed6bb0c9170c58065944c56e28a33?s=96&d=mm&r=g\",\"url\":\"https:\\\/\\\/secure.gravatar.com\\\/avatar\\\/3ee4e82f93b26de0a7cf4ea5eb7893da637ed6bb0c9170c58065944c56e28a33?s=96&d=mm&r=g\",\"contentUrl\":\"https:\\\/\\\/secure.gravatar.com\\\/avatar\\\/3ee4e82f93b26de0a7cf4ea5eb7893da637ed6bb0c9170c58065944c56e28a33?s=96&d=mm&r=g\",\"caption\":\"Gustavo Silva\"},\"url\":\"https:\\\/\\\/redenoticiaz.com.br\\\/litoralsp\\\/author\\\/gustavosilva\"}]}<\/script>\n<!-- \/ Yoast SEO plugin. -->","yoast_head_json":{"title":"Prefeitura de Guaruj\u00e1 assina ordem de servi\u00e7o para obras do Aeroporto - Litoral SP","description":"Na ocasi\u00e3o, o prefeito e o secret\u00e1rio municipal de Infraestrutura e Obras, anunciar\u00e3o o cronograma das interven\u00e7\u00f5es.","robots":{"index":"index","follow":"follow","max-snippet":"max-snippet:-1","max-image-preview":"max-image-preview:large","max-video-preview":"max-video-preview:-1"},"canonical":"https:\/\/redenoticiaz.com.br\/litoralsp\/2024\/02\/26\/prefeitura-de-guaruja-assina-ordem-de-servico-para-obras-do-aeroporto","og_locale":"pt_BR","og_type":"article","og_title":"Prefeitura de Guaruj\u00e1 assina ordem de servi\u00e7o para obras do Aeroporto - Litoral SP","og_description":"Na ocasi\u00e3o, o prefeito e o secret\u00e1rio municipal de Infraestrutura e Obras, anunciar\u00e3o o cronograma das interven\u00e7\u00f5es.","og_url":"https:\/\/redenoticiaz.com.br\/litoralsp\/2024\/02\/26\/prefeitura-de-guaruja-assina-ordem-de-servico-para-obras-do-aeroporto","og_site_name":"Litoral SP","article_published_time":"2024-02-26T21:30:06+00:00","og_image":[{"width":984,"height":586,"url":"https:\/\/redenoticiaz.com.br\/litoralsp\/wp-content\/uploads\/sites\/3\/2022\/01\/aeroporto-guaruja.jpg","type":"image\/jpeg"}],"author":"Gustavo Silva","twitter_card":"summary_large_image","twitter_misc":{"Escrito por":"Gustavo Silva","Est. tempo de leitura":"3 minutos"},"schema":{"@context":"https:\/\/schema.org","@graph":[{"@type":"Article","@id":"https:\/\/redenoticiaz.com.br\/litoralsp\/2024\/02\/26\/prefeitura-de-guaruja-assina-ordem-de-servico-para-obras-do-aeroporto#article","isPartOf":{"@id":"https:\/\/redenoticiaz.com.br\/litoralsp\/2024\/02\/26\/prefeitura-de-guaruja-assina-ordem-de-servico-para-obras-do-aeroporto"},"author":{"name":"Gustavo Silva","@id":"https:\/\/redenoticiaz.com.br\/litoralsp\/#\/schema\/person\/16057b37a3c0ee6b096d7f887c566e2e"},"headline":"Prefeitura de Guaruj\u00e1 assina ordem de servi\u00e7o para obras do Aeroporto","datePublished":"2024-02-26T21:30:06+00:00","mainEntityOfPage":{"@id":"https:\/\/redenoticiaz.com.br\/litoralsp\/2024\/02\/26\/prefeitura-de-guaruja-assina-ordem-de-servico-para-obras-do-aeroporto"},"wordCount":593,"commentCount":0,"publisher":{"@id":"https:\/\/redenoticiaz.com.br\/litoralsp\/#organization"},"image":{"@id":"https:\/\/redenoticiaz.com.br\/litoralsp\/2024\/02\/26\/prefeitura-de-guaruja-assina-ordem-de-servico-para-obras-do-aeroporto#primaryimage"},"thumbnailUrl":"https:\/\/redenoticiaz.com.br\/litoralsp\/wp-content\/uploads\/sites\/3\/2022\/01\/aeroporto-guaruja.jpg","keywords":["aeroporto","Guaruj\u00e1","Santos"],"articleSection":["Guaruj\u00e1","Transportes"],"inLanguage":"pt-BR","potentialAction":[{"@type":"CommentAction","name":"Comment","target":["https:\/\/redenoticiaz.com.br\/litoralsp\/2024\/02\/26\/prefeitura-de-guaruja-assina-ordem-de-servico-para-obras-do-aeroporto#respond"]}]},{"@type":"WebPage","@id":"https:\/\/redenoticiaz.com.br\/litoralsp\/2024\/02\/26\/prefeitura-de-guaruja-assina-ordem-de-servico-para-obras-do-aeroporto","url":"https:\/\/redenoticiaz.com.br\/litoralsp\/2024\/02\/26\/prefeitura-de-guaruja-assina-ordem-de-servico-para-obras-do-aeroporto","name":"Prefeitura de Guaruj\u00e1 assina ordem de servi\u00e7o para obras do Aeroporto - Litoral SP","isPartOf":{"@id":"https:\/\/redenoticiaz.com.br\/litoralsp\/#website"},"primaryImageOfPage":{"@id":"https:\/\/redenoticiaz.com.br\/litoralsp\/2024\/02\/26\/prefeitura-de-guaruja-assina-ordem-de-servico-para-obras-do-aeroporto#primaryimage"},"image":{"@id":"https:\/\/redenoticiaz.com.br\/litoralsp\/2024\/02\/26\/prefeitura-de-guaruja-assina-ordem-de-servico-para-obras-do-aeroporto#primaryimage"},"thumbnailUrl":"https:\/\/redenoticiaz.com.br\/litoralsp\/wp-content\/uploads\/sites\/3\/2022\/01\/aeroporto-guaruja.jpg","datePublished":"2024-02-26T21:30:06+00:00","description":"Na ocasi\u00e3o, o prefeito e o secret\u00e1rio municipal de Infraestrutura e Obras, anunciar\u00e3o o cronograma das interven\u00e7\u00f5es.","inLanguage":"pt-BR","potentialAction":[{"@type":"ReadAction","target":["https:\/\/redenoticiaz.com.br\/litoralsp\/2024\/02\/26\/prefeitura-de-guaruja-assina-ordem-de-servico-para-obras-do-aeroporto"]}]},{"@type":"ImageObject","inLanguage":"pt-BR","@id":"https:\/\/redenoticiaz.com.br\/litoralsp\/2024\/02\/26\/prefeitura-de-guaruja-assina-ordem-de-servico-para-obras-do-aeroporto#primaryimage","url":"https:\/\/redenoticiaz.com.br\/litoralsp\/wp-content\/uploads\/sites\/3\/2022\/01\/aeroporto-guaruja.jpg","contentUrl":"https:\/\/redenoticiaz.com.br\/litoralsp\/wp-content\/uploads\/sites\/3\/2022\/01\/aeroporto-guaruja.jpg","width":984,"height":586,"caption":"Cr\u00e9ditos: Divulga\u00e7\u00e3o\/Prefeitura de Guaruj\u00e1."},{"@type":"WebSite","@id":"https:\/\/redenoticiaz.com.br\/litoralsp\/#website","url":"https:\/\/redenoticiaz.com.br\/litoralsp\/","name":"Litoral SP","description":"Rede NoticiaZ","publisher":{"@id":"https:\/\/redenoticiaz.com.br\/litoralsp\/#organization"},"potentialAction":[{"@type":"SearchAction","target":{"@type":"EntryPoint","urlTemplate":"https:\/\/redenoticiaz.com.br\/litoralsp\/?s={search_term_string}"},"query-input":{"@type":"PropertyValueSpecification","valueRequired":true,"valueName":"search_term_string"}}],"inLanguage":"pt-BR"},{"@type":"Organization","@id":"https:\/\/redenoticiaz.com.br\/litoralsp\/#organization","name":"Litoral SP","url":"https:\/\/redenoticiaz.com.br\/litoralsp\/","logo":{"@type":"ImageObject","inLanguage":"pt-BR","@id":"https:\/\/redenoticiaz.com.br\/litoralsp\/#\/schema\/logo\/image\/","url":"https:\/\/redenoticiaz.com.br\/litoralsp\/wp-content\/uploads\/sites\/3\/2020\/11\/logo.jpg","contentUrl":"https:\/\/redenoticiaz.com.br\/litoralsp\/wp-content\/uploads\/sites\/3\/2020\/11\/logo.jpg","width":400,"height":250,"caption":"Litoral SP"},"image":{"@id":"https:\/\/redenoticiaz.com.br\/litoralsp\/#\/schema\/logo\/image\/"}},{"@type":"Person","@id":"https:\/\/redenoticiaz.com.br\/litoralsp\/#\/schema\/person\/16057b37a3c0ee6b096d7f887c566e2e","name":"Gustavo Silva","image":{"@type":"ImageObject","inLanguage":"pt-BR","@id":"https:\/\/secure.gravatar.com\/avatar\/3ee4e82f93b26de0a7cf4ea5eb7893da637ed6bb0c9170c58065944c56e28a33?s=96&d=mm&r=g","url":"https:\/\/secure.gravatar.com\/avatar\/3ee4e82f93b26de0a7cf4ea5eb7893da637ed6bb0c9170c58065944c56e28a33?s=96&d=mm&r=g","contentUrl":"https:\/\/secure.gravatar.com\/avatar\/3ee4e82f93b26de0a7cf4ea5eb7893da637ed6bb0c9170c58065944c56e28a33?s=96&d=mm&r=g","caption":"Gustavo Silva"},"url":"https:\/\/redenoticiaz.com.br\/litoralsp\/author\/gustavosilva"}]}},"_links":{"self":[{"href":"https:\/\/redenoticiaz.com.br\/litoralsp\/wp-json\/wp\/v2\/posts\/114687","targetHints":{"allow":["GET"]}}],"collection":[{"href":"https:\/\/redenoticiaz.com.br\/litoralsp\/wp-json\/wp\/v2\/posts"}],"about":[{"href":"https:\/\/redenoticiaz.com.br\/litoralsp\/wp-json\/wp\/v2\/types\/post"}],"author":[{"embeddable":true,"href":"https:\/\/redenoticiaz.com.br\/litoralsp\/wp-json\/wp\/v2\/users\/12"}],"replies":[{"embeddable":true,"href":"https:\/\/redenoticiaz.com.br\/litoralsp\/wp-json\/wp\/v2\/comments?post=114687"}],"version-history":[{"count":1,"href":"https:\/\/redenoticiaz.com.br\/litoralsp\/wp-json\/wp\/v2\/posts\/114687\/revisions"}],"predecessor-version":[{"id":114688,"href":"https:\/\/redenoticiaz.com.br\/litoralsp\/wp-json\/wp\/v2\/posts\/114687\/revisions\/114688"}],"wp:featuredmedia":[{"embeddable":true,"href":"https:\/\/redenoticiaz.com.br\/litoralsp\/wp-json\/wp\/v2\/media\/20791"}],"wp:attachment":[{"href":"https:\/\/redenoticiaz.com.br\/litoralsp\/wp-json\/wp\/v2\/media?parent=114687"}],"wp:term":[{"taxonomy":"category","embeddable":true,"href":"https:\/\/redenoticiaz.com.br\/litoralsp\/wp-json\/wp\/v2\/categories?post=114687"},{"taxonomy":"post_tag","embeddable":true,"href":"https:\/\/redenoticiaz.com.br\/litoralsp\/wp-json\/wp\/v2\/tags?post=114687"}],"curies":[{"name":"wp","href":"https:\/\/api.w.org\/{rel}","templated":true}]}}