{"id":114736,"date":"2024-03-02T14:00:03","date_gmt":"2024-03-02T17:00:03","guid":{"rendered":"https:\/\/redenoticiaz.com.br\/litoralsp\/2024\/02\/02\/cancer-colorretal-conheca-10-sintomas-para-ficar-de-olho"},"modified":"2024-02-28T17:42:51","modified_gmt":"2024-02-28T20:42:51","slug":"cancer-colorretal-conheca-10-sintomas-para-ficar-de-olho","status":"publish","type":"post","link":"https:\/\/redenoticiaz.com.br\/litoralsp\/2024\/03\/02\/cancer-colorretal-conheca-10-sintomas-para-ficar-de-olho","title":{"rendered":"C\u00e2ncer colorretal: conhe\u00e7a 10 sintomas para ficar de olho"},"content":{"rendered":"<p>O m\u00eas de mar\u00e7o, conhecido pela conscientiza\u00e7\u00e3o contra o c\u00e2ncer colorretal, e que leva a cor azul marinho, traz um alerta fundamental: a import\u00e2ncia do diagn\u00f3stico e tratamento precoce. De acordo com dados do Instituto Nacional do C\u00e2ncer (INCA), \u00e9 estimado que no tri\u00eanio 2023-2025 haja 45.630 casos da doen\u00e7a em homens e mulheres a cada ano.<\/p>\n<p>Com uma maior incid\u00eancia a partir dos 50 anos, podendo aumentar com o avan\u00e7o da idade, o tumor colorretal se desenvolve no intestino grosso: no c\u00f3lon ou em sua por\u00e7\u00e3o final, o reto. Vale lembrar ainda que o principal tipo de tumor colorretal \u00e9 o adenocarcinoma e, em 90% dos casos, ele se origina a partir de p\u00f3lipos na regi\u00e3o que, se n\u00e3o identificados e tratados, podem sofrer altera\u00e7\u00f5es ao longo dos anos, tornando-se cancer\u00edgenos.<\/p>\n<p>No entanto, \u00e9 preciso olhar tamb\u00e9m para o diagn\u00f3stico em pessoas mais jovens. Um dos estudos cient\u00edficos que embasam a argumenta\u00e7\u00e3o foi publicado no Journal of the National Cancer Institute e realizado nos Estados Unidos de 1974 at\u00e9 2013. A an\u00e1lise mostrou que nas pessoas entre 20 a 39 anos de idade, por exemplo, o n\u00famero de novos casos de c\u00e2ncer de intestino vem crescendo anualmente, entre 1% e 2,4%, desde a d\u00e9cada de 1980. J\u00e1 os casos de c\u00e2ncer de reto, nas pessoas entre 20 e 29 anos de idade, tiveram um aumento anual m\u00e9dio de aproximadamente 3,2%, desde 1974.<\/p>\n<p>De acordo com o Dr. Artur Ferreira, oncologista da Oncocl\u00ednicas S\u00e3o Paulo, \u00e9 muito importante que a popula\u00e7\u00e3o conhe\u00e7a os sinais do c\u00e2ncer colorretal e procure por um especialista o quanto antes. &#8220;Apesar da doen\u00e7a muitas vezes ser silenciosa, o paciente deve observar se h\u00e1 altera\u00e7\u00e3o nos h\u00e1bitos intestinais, como constipa\u00e7\u00e3o, diarreia, ou estreitamento das fezes por alguns dias, aus\u00eancia da sensa\u00e7\u00e3o de al\u00edvio ap\u00f3s a evacua\u00e7\u00e3o, como se nem todo conte\u00fado fecal fosse eliminado, n\u00f3dulo no abd\u00f4men, sangue nas fezes, c\u00f3lica, dor abdominal, perda de peso sem motivo aparente, sangramento retal, fraqueza e sensa\u00e7\u00e3o de fadiga&#8221;, explica.<\/p>\n<h3>\u00c9 poss\u00edvel prevenir?<\/h3>\n<p>Dentre os fatores de risco do c\u00e2ncer colorretal, \u00e9 poss\u00edvel observar uma rela\u00e7\u00e3o com os h\u00e1bitos alimentares e de vida, al\u00e9m de condi\u00e7\u00f5es pr\u00e9vias de sa\u00fade. Como forma de preven\u00e7\u00e3o, o oncologista refor\u00e7a que \u00e9 necess\u00e1rio seguir algumas orienta\u00e7\u00f5es.<\/p>\n<p>&#8220;Deve-se investir em uma dieta rica em fibras e uma menor ingesta de carnes vermelhas, processadas e expostas ao calor intenso, praticar atividades f\u00edsicas, evitar bebidas alco\u00f3licas e tabagismo e manter um peso saud\u00e1vel. Al\u00e9m disso, \u00e9 importante investigar se o paciente possui doen\u00e7as inflamat\u00f3rias intestinais cr\u00f4nicas, como a doen\u00e7a de Crohn ou colite ulcerativa, al\u00e9m de hist\u00f3rico familiar de casos de c\u00e2ncer colorretal&#8221;, explica Artur Ferreira.<\/p>\n<h3>Como o diagn\u00f3stico \u00e9 feito?<\/h3>\n<p>Antes de tudo, o oncologista ir\u00e1 analisar o hist\u00f3rico do paciente e se existem poss\u00edveis sinais de risco para a doen\u00e7a. Em seguida, para que o diagn\u00f3stico seja de fato definido, \u00e9 necess\u00e1rio a realiza\u00e7\u00e3o de exames, sendo o primeiro deles o f\u00edsico. Nele, o m\u00e9dico ir\u00e1 palpar o abd\u00f4men em busca de algum tipo de anormalidade, ou seja, \u00f3rg\u00e3os aumentados ou massas no local.<\/p>\n<p>O especialista pode solicitar ainda um exame digital retal. Com o dedo protegido por uma luva lubrificada, o m\u00e9dico ir\u00e1 avaliar se existe algo de diferente no reto do paciente. &#8220;Al\u00e9m do exame f\u00edsico e digital, pode ser pedido exames de sangue e fezes, bi\u00f3psia, colonoscopia e de imagem, como raio X, ultrassonografia, resson\u00e2ncia magn\u00e9tica, tomografia computadorizada e PET Scan&#8221;, comenta.<\/p>\n<p>Ap\u00f3s o diagn\u00f3stico, o m\u00e9dico ir\u00e1 avaliar tamb\u00e9m em qual est\u00e1dio o c\u00e2ncer colorretal \u00e9 classificado. Segundo o oncologista, essa informa\u00e7\u00e3o \u00e9 fundamental para determinar os passos do tratamento e entender se h\u00e1 ou n\u00e3o o comprometimento de outros \u00f3rg\u00e3os.<\/p>\n<p>Est\u00e1dio I &#8212; tumor confinado \u00e0 mucosa (IA) ou a camada muscular (IB) do c\u00f3lon ou do reto e sem comprometimento dos linfonodos (g\u00e2nglios);<br \/>\nEst\u00e1dio II &#8212; tumor confinado \u00e0 serosa que reveste o c\u00f3lon ou reto (IIA) ou que atingiu \u00f3rg\u00e3os vizinhos (IIB), mas sem comprometimento dos linfonodos (g\u00e2nglios);<br \/>\nEst\u00e1dio III &#8212; comprometimento dos linfonodos pr\u00f3ximos ao c\u00f3lon ou reto; e<br \/>\nEst\u00e1dio IV &#8212; comprometimento de \u00f3rg\u00e3os distantes.<br \/>\nTratamento<\/p>\n<p>Na maioria dos casos, felizmente o c\u00e2ncer colorretal \u00e9 cur\u00e1vel. No entanto, \u00e9 essencial que o diagn\u00f3stico aconte\u00e7a precocemente, aumentando assim o sucesso do tratamento. &#8220;A equipe multidisciplinar ir\u00e1 avaliar cada caso a parte, adotando quais ser\u00e3o as estrat\u00e9gias e op\u00e7\u00f5es dispon\u00edveis para o paciente&#8221;, comenta o oncologista da Oncocl\u00ednicas S\u00e3o Paulo.<\/p>\n<p><strong>Os tratamentos para a neoplasia podem ser definidos em dois tipos:<\/strong><\/p>\n<p>Tratamentos locais (cirurgia, radioterapia, emboliza\u00e7\u00e3o e abla\u00e7\u00e3o): agem diretamente no tumor, sem afetar o restante do corpo. Pode ser realizado nos est\u00e1dios iniciais ou ainda nos tumores menores que n\u00e3o apresentam met\u00e1stase.<\/p>\n<p>Tratamentos sist\u00eamicos (quimioterapia, imunoterapia ou terapias-alvo): pode ser realizado por drogas orais (comprimidos) ou endovenosas (na veia), aplicando diretamente na corrente sangu\u00ednea.<br \/>\nVale lembrar ainda que o c\u00e2ncer colorretal \u00e9 a \u00fanica neoplasia que j\u00e1 pode ser tratada enquanto estiver na fase pr\u00e9-cancerosa. O procedimento consiste na retirada dos p\u00f3lipos, que podem surgir na parede interna do intestino grosso.<\/p>\n<p>&#8220;Diferente do c\u00e2ncer de mama, por exemplo, onde a doen\u00e7a \u00e9 identificada geralmente em fase inicial com os exames de rotina, o tumor colorretal pode ser descoberto na fase pr\u00e9-cancerosa com a colonoscopia. A boa not\u00edcia \u00e9 que quando as les\u00f5es s\u00e3o precocemente removidas, o aparecimento do c\u00e2ncer pode ser evitado&#8221;, finaliza.<\/p>\n<p>LEIA MAIS<\/p>\n<p><a href=\"https:\/\/redenoticiaz.com.br\/blog\/2024\/02\/28\/policia-identifica-golpe-em-venda-de-maquina-de-lavar\">Pol\u00edcia identifica golpe em venda de m\u00e1quina de lavar<\/a><\/p>\n<p><a href=\"https:\/\/redenoticiaz.com.br\/blog\/2024\/02\/28\/stj-avalia-cumprimento-de-pena-de-robinho-no-brasil\">STJ avalia cumprimento de pena de Robinho no Brasil<\/a><\/p>\n","protected":false},"excerpt":{"rendered":"<p>O m\u00eas de mar\u00e7o, conhecido pela conscientiza\u00e7\u00e3o contra o c\u00e2ncer colorretal, e que leva a cor azul marinho, traz um alerta fundamental: a import\u00e2ncia do diagn\u00f3stico e tratamento precoce. De acordo com dados do Instituto Nacional do C\u00e2ncer (INCA), \u00e9 estimado que no tri\u00eanio 2023-2025 haja 45.630 casos da doen\u00e7a em homens e mulheres a &hellip;<\/p>\n","protected":false},"author":30,"featured_media":114737,"comment_status":"open","ping_status":"closed","sticky":false,"template":"","format":"standard","meta":{"footnotes":""},"categories":[23],"tags":[64643,68041],"class_list":["post-114736","post","type-post","status-publish","format-standard","has-post-thumbnail","hentry","category-saude","tag-cancer-colorretal","tag-marco-azul-marinho"],"yoast_head":"<!-- This site is optimized with the Yoast SEO plugin v27.4 - https:\/\/yoast.com\/product\/yoast-seo-wordpress\/ -->\n<title>C\u00e2ncer colorretal: conhe\u00e7a 10 sintomas para ficar de olho - Litoral SP<\/title>\n<meta name=\"description\" content=\"De acordo com dados do Instituto Nacional do C\u00e2ncer (INCA), \u00e9 estimado que no tri\u00eanio 2023-2025 haja 45.630 casos da doen\u00e7a em homens e mulheres.\" \/>\n<meta name=\"robots\" content=\"index, follow, max-snippet:-1, max-image-preview:large, max-video-preview:-1\" \/>\n<link rel=\"canonical\" href=\"https:\/\/redenoticiaz.com.br\/litoralsp\/2024\/03\/02\/cancer-colorretal-conheca-10-sintomas-para-ficar-de-olho\" \/>\n<meta property=\"og:locale\" content=\"pt_BR\" \/>\n<meta property=\"og:type\" content=\"article\" \/>\n<meta property=\"og:title\" content=\"C\u00e2ncer colorretal: conhe\u00e7a 10 sintomas para ficar de olho - Litoral SP\" \/>\n<meta property=\"og:description\" content=\"De acordo com dados do Instituto Nacional do C\u00e2ncer (INCA), \u00e9 estimado que no tri\u00eanio 2023-2025 haja 45.630 casos da doen\u00e7a em homens e mulheres.\" \/>\n<meta property=\"og:url\" content=\"https:\/\/redenoticiaz.com.br\/litoralsp\/2024\/03\/02\/cancer-colorretal-conheca-10-sintomas-para-ficar-de-olho\" \/>\n<meta property=\"og:site_name\" content=\"Litoral SP\" \/>\n<meta property=\"article:published_time\" content=\"2024-03-02T17:00:03+00:00\" \/>\n<meta property=\"og:image\" content=\"https:\/\/redenoticiaz.com.br\/litoralsp\/wp-content\/uploads\/sites\/3\/2024\/02\/Captura-de-tela-2024-02-28-173847.jpg?v=1709152755\" \/>\n\t<meta property=\"og:image:width\" content=\"482\" \/>\n\t<meta property=\"og:image:height\" content=\"327\" \/>\n\t<meta property=\"og:image:type\" content=\"image\/jpeg\" \/>\n<meta name=\"author\" content=\"Carina Reifonas\" \/>\n<meta name=\"twitter:card\" content=\"summary_large_image\" \/>\n<meta name=\"twitter:label1\" content=\"Escrito por\" \/>\n\t<meta name=\"twitter:data1\" content=\"Carina Reifonas\" \/>\n\t<meta name=\"twitter:label2\" content=\"Est. tempo de leitura\" \/>\n\t<meta name=\"twitter:data2\" content=\"6 minutos\" \/>\n<script type=\"application\/ld+json\" class=\"yoast-schema-graph\">{\"@context\":\"https:\\\/\\\/schema.org\",\"@graph\":[{\"@type\":\"Article\",\"@id\":\"https:\\\/\\\/redenoticiaz.com.br\\\/litoralsp\\\/2024\\\/03\\\/02\\\/cancer-colorretal-conheca-10-sintomas-para-ficar-de-olho#article\",\"isPartOf\":{\"@id\":\"https:\\\/\\\/redenoticiaz.com.br\\\/litoralsp\\\/2024\\\/03\\\/02\\\/cancer-colorretal-conheca-10-sintomas-para-ficar-de-olho\"},\"author\":{\"name\":\"Carina Reifonas\",\"@id\":\"https:\\\/\\\/redenoticiaz.com.br\\\/litoralsp\\\/#\\\/schema\\\/person\\\/1f84d6e94e6a62d2d81199d7503e9e90\"},\"headline\":\"C\u00e2ncer colorretal: conhe\u00e7a 10 sintomas para ficar de olho\",\"datePublished\":\"2024-03-02T17:00:03+00:00\",\"mainEntityOfPage\":{\"@id\":\"https:\\\/\\\/redenoticiaz.com.br\\\/litoralsp\\\/2024\\\/03\\\/02\\\/cancer-colorretal-conheca-10-sintomas-para-ficar-de-olho\"},\"wordCount\":1022,\"commentCount\":0,\"publisher\":{\"@id\":\"https:\\\/\\\/redenoticiaz.com.br\\\/litoralsp\\\/#organization\"},\"image\":{\"@id\":\"https:\\\/\\\/redenoticiaz.com.br\\\/litoralsp\\\/2024\\\/03\\\/02\\\/cancer-colorretal-conheca-10-sintomas-para-ficar-de-olho#primaryimage\"},\"thumbnailUrl\":\"https:\\\/\\\/redenoticiaz.com.br\\\/litoralsp\\\/wp-content\\\/uploads\\\/sites\\\/3\\\/2024\\\/02\\\/Captura-de-tela-2024-02-28-173847.jpg?v=1709152755\",\"keywords\":[\"C\u00c2NCER COLORRETAL\",\"Mar\u00e7o Azul Marinho\"],\"articleSection\":[\"Sa\u00fade\"],\"inLanguage\":\"pt-BR\",\"potentialAction\":[{\"@type\":\"CommentAction\",\"name\":\"Comment\",\"target\":[\"https:\\\/\\\/redenoticiaz.com.br\\\/litoralsp\\\/2024\\\/03\\\/02\\\/cancer-colorretal-conheca-10-sintomas-para-ficar-de-olho#respond\"]}]},{\"@type\":\"WebPage\",\"@id\":\"https:\\\/\\\/redenoticiaz.com.br\\\/litoralsp\\\/2024\\\/03\\\/02\\\/cancer-colorretal-conheca-10-sintomas-para-ficar-de-olho\",\"url\":\"https:\\\/\\\/redenoticiaz.com.br\\\/litoralsp\\\/2024\\\/03\\\/02\\\/cancer-colorretal-conheca-10-sintomas-para-ficar-de-olho\",\"name\":\"C\u00e2ncer colorretal: conhe\u00e7a 10 sintomas para ficar de olho - Litoral SP\",\"isPartOf\":{\"@id\":\"https:\\\/\\\/redenoticiaz.com.br\\\/litoralsp\\\/#website\"},\"primaryImageOfPage\":{\"@id\":\"https:\\\/\\\/redenoticiaz.com.br\\\/litoralsp\\\/2024\\\/03\\\/02\\\/cancer-colorretal-conheca-10-sintomas-para-ficar-de-olho#primaryimage\"},\"image\":{\"@id\":\"https:\\\/\\\/redenoticiaz.com.br\\\/litoralsp\\\/2024\\\/03\\\/02\\\/cancer-colorretal-conheca-10-sintomas-para-ficar-de-olho#primaryimage\"},\"thumbnailUrl\":\"https:\\\/\\\/redenoticiaz.com.br\\\/litoralsp\\\/wp-content\\\/uploads\\\/sites\\\/3\\\/2024\\\/02\\\/Captura-de-tela-2024-02-28-173847.jpg?v=1709152755\",\"datePublished\":\"2024-03-02T17:00:03+00:00\",\"description\":\"De acordo com dados do Instituto Nacional do C\u00e2ncer (INCA), \u00e9 estimado que no tri\u00eanio 2023-2025 haja 45.630 casos da doen\u00e7a em homens e mulheres.\",\"inLanguage\":\"pt-BR\",\"potentialAction\":[{\"@type\":\"ReadAction\",\"target\":[\"https:\\\/\\\/redenoticiaz.com.br\\\/litoralsp\\\/2024\\\/03\\\/02\\\/cancer-colorretal-conheca-10-sintomas-para-ficar-de-olho\"]}]},{\"@type\":\"ImageObject\",\"inLanguage\":\"pt-BR\",\"@id\":\"https:\\\/\\\/redenoticiaz.com.br\\\/litoralsp\\\/2024\\\/03\\\/02\\\/cancer-colorretal-conheca-10-sintomas-para-ficar-de-olho#primaryimage\",\"url\":\"https:\\\/\\\/redenoticiaz.com.br\\\/litoralsp\\\/wp-content\\\/uploads\\\/sites\\\/3\\\/2024\\\/02\\\/Captura-de-tela-2024-02-28-173847.jpg?v=1709152755\",\"contentUrl\":\"https:\\\/\\\/redenoticiaz.com.br\\\/litoralsp\\\/wp-content\\\/uploads\\\/sites\\\/3\\\/2024\\\/02\\\/Captura-de-tela-2024-02-28-173847.jpg?v=1709152755\",\"width\":482,\"height\":327},{\"@type\":\"WebSite\",\"@id\":\"https:\\\/\\\/redenoticiaz.com.br\\\/litoralsp\\\/#website\",\"url\":\"https:\\\/\\\/redenoticiaz.com.br\\\/litoralsp\\\/\",\"name\":\"Litoral SP\",\"description\":\"Rede NoticiaZ\",\"publisher\":{\"@id\":\"https:\\\/\\\/redenoticiaz.com.br\\\/litoralsp\\\/#organization\"},\"potentialAction\":[{\"@type\":\"SearchAction\",\"target\":{\"@type\":\"EntryPoint\",\"urlTemplate\":\"https:\\\/\\\/redenoticiaz.com.br\\\/litoralsp\\\/?s={search_term_string}\"},\"query-input\":{\"@type\":\"PropertyValueSpecification\",\"valueRequired\":true,\"valueName\":\"search_term_string\"}}],\"inLanguage\":\"pt-BR\"},{\"@type\":\"Organization\",\"@id\":\"https:\\\/\\\/redenoticiaz.com.br\\\/litoralsp\\\/#organization\",\"name\":\"Litoral SP\",\"url\":\"https:\\\/\\\/redenoticiaz.com.br\\\/litoralsp\\\/\",\"logo\":{\"@type\":\"ImageObject\",\"inLanguage\":\"pt-BR\",\"@id\":\"https:\\\/\\\/redenoticiaz.com.br\\\/litoralsp\\\/#\\\/schema\\\/logo\\\/image\\\/\",\"url\":\"https:\\\/\\\/redenoticiaz.com.br\\\/litoralsp\\\/wp-content\\\/uploads\\\/sites\\\/3\\\/2020\\\/11\\\/logo.jpg\",\"contentUrl\":\"https:\\\/\\\/redenoticiaz.com.br\\\/litoralsp\\\/wp-content\\\/uploads\\\/sites\\\/3\\\/2020\\\/11\\\/logo.jpg\",\"width\":400,\"height\":250,\"caption\":\"Litoral SP\"},\"image\":{\"@id\":\"https:\\\/\\\/redenoticiaz.com.br\\\/litoralsp\\\/#\\\/schema\\\/logo\\\/image\\\/\"}},{\"@type\":\"Person\",\"@id\":\"https:\\\/\\\/redenoticiaz.com.br\\\/litoralsp\\\/#\\\/schema\\\/person\\\/1f84d6e94e6a62d2d81199d7503e9e90\",\"name\":\"Carina Reifonas\",\"image\":{\"@type\":\"ImageObject\",\"inLanguage\":\"pt-BR\",\"@id\":\"https:\\\/\\\/secure.gravatar.com\\\/avatar\\\/04c59859b23696cf867715880f81d5c037e60109730bdb4e6670ec2a2245bc97?s=96&d=mm&r=g\",\"url\":\"https:\\\/\\\/secure.gravatar.com\\\/avatar\\\/04c59859b23696cf867715880f81d5c037e60109730bdb4e6670ec2a2245bc97?s=96&d=mm&r=g\",\"contentUrl\":\"https:\\\/\\\/secure.gravatar.com\\\/avatar\\\/04c59859b23696cf867715880f81d5c037e60109730bdb4e6670ec2a2245bc97?s=96&d=mm&r=g\",\"caption\":\"Carina Reifonas\"},\"url\":\"https:\\\/\\\/redenoticiaz.com.br\\\/litoralsp\\\/author\\\/carinareifonas\"}]}<\/script>\n<!-- \/ Yoast SEO plugin. -->","yoast_head_json":{"title":"C\u00e2ncer colorretal: conhe\u00e7a 10 sintomas para ficar de olho - Litoral SP","description":"De acordo com dados do Instituto Nacional do C\u00e2ncer (INCA), \u00e9 estimado que no tri\u00eanio 2023-2025 haja 45.630 casos da doen\u00e7a em homens e mulheres.","robots":{"index":"index","follow":"follow","max-snippet":"max-snippet:-1","max-image-preview":"max-image-preview:large","max-video-preview":"max-video-preview:-1"},"canonical":"https:\/\/redenoticiaz.com.br\/litoralsp\/2024\/03\/02\/cancer-colorretal-conheca-10-sintomas-para-ficar-de-olho","og_locale":"pt_BR","og_type":"article","og_title":"C\u00e2ncer colorretal: conhe\u00e7a 10 sintomas para ficar de olho - Litoral SP","og_description":"De acordo com dados do Instituto Nacional do C\u00e2ncer (INCA), \u00e9 estimado que no tri\u00eanio 2023-2025 haja 45.630 casos da doen\u00e7a em homens e mulheres.","og_url":"https:\/\/redenoticiaz.com.br\/litoralsp\/2024\/03\/02\/cancer-colorretal-conheca-10-sintomas-para-ficar-de-olho","og_site_name":"Litoral SP","article_published_time":"2024-03-02T17:00:03+00:00","og_image":[{"width":482,"height":327,"url":"https:\/\/redenoticiaz.com.br\/litoralsp\/wp-content\/uploads\/sites\/3\/2024\/02\/Captura-de-tela-2024-02-28-173847.jpg?v=1709152755","type":"image\/jpeg"}],"author":"Carina Reifonas","twitter_card":"summary_large_image","twitter_misc":{"Escrito por":"Carina Reifonas","Est. tempo de leitura":"6 minutos"},"schema":{"@context":"https:\/\/schema.org","@graph":[{"@type":"Article","@id":"https:\/\/redenoticiaz.com.br\/litoralsp\/2024\/03\/02\/cancer-colorretal-conheca-10-sintomas-para-ficar-de-olho#article","isPartOf":{"@id":"https:\/\/redenoticiaz.com.br\/litoralsp\/2024\/03\/02\/cancer-colorretal-conheca-10-sintomas-para-ficar-de-olho"},"author":{"name":"Carina Reifonas","@id":"https:\/\/redenoticiaz.com.br\/litoralsp\/#\/schema\/person\/1f84d6e94e6a62d2d81199d7503e9e90"},"headline":"C\u00e2ncer colorretal: conhe\u00e7a 10 sintomas para ficar de olho","datePublished":"2024-03-02T17:00:03+00:00","mainEntityOfPage":{"@id":"https:\/\/redenoticiaz.com.br\/litoralsp\/2024\/03\/02\/cancer-colorretal-conheca-10-sintomas-para-ficar-de-olho"},"wordCount":1022,"commentCount":0,"publisher":{"@id":"https:\/\/redenoticiaz.com.br\/litoralsp\/#organization"},"image":{"@id":"https:\/\/redenoticiaz.com.br\/litoralsp\/2024\/03\/02\/cancer-colorretal-conheca-10-sintomas-para-ficar-de-olho#primaryimage"},"thumbnailUrl":"https:\/\/redenoticiaz.com.br\/litoralsp\/wp-content\/uploads\/sites\/3\/2024\/02\/Captura-de-tela-2024-02-28-173847.jpg?v=1709152755","keywords":["C\u00c2NCER COLORRETAL","Mar\u00e7o Azul Marinho"],"articleSection":["Sa\u00fade"],"inLanguage":"pt-BR","potentialAction":[{"@type":"CommentAction","name":"Comment","target":["https:\/\/redenoticiaz.com.br\/litoralsp\/2024\/03\/02\/cancer-colorretal-conheca-10-sintomas-para-ficar-de-olho#respond"]}]},{"@type":"WebPage","@id":"https:\/\/redenoticiaz.com.br\/litoralsp\/2024\/03\/02\/cancer-colorretal-conheca-10-sintomas-para-ficar-de-olho","url":"https:\/\/redenoticiaz.com.br\/litoralsp\/2024\/03\/02\/cancer-colorretal-conheca-10-sintomas-para-ficar-de-olho","name":"C\u00e2ncer colorretal: conhe\u00e7a 10 sintomas para ficar de olho - Litoral SP","isPartOf":{"@id":"https:\/\/redenoticiaz.com.br\/litoralsp\/#website"},"primaryImageOfPage":{"@id":"https:\/\/redenoticiaz.com.br\/litoralsp\/2024\/03\/02\/cancer-colorretal-conheca-10-sintomas-para-ficar-de-olho#primaryimage"},"image":{"@id":"https:\/\/redenoticiaz.com.br\/litoralsp\/2024\/03\/02\/cancer-colorretal-conheca-10-sintomas-para-ficar-de-olho#primaryimage"},"thumbnailUrl":"https:\/\/redenoticiaz.com.br\/litoralsp\/wp-content\/uploads\/sites\/3\/2024\/02\/Captura-de-tela-2024-02-28-173847.jpg?v=1709152755","datePublished":"2024-03-02T17:00:03+00:00","description":"De acordo com dados do Instituto Nacional do C\u00e2ncer (INCA), \u00e9 estimado que no tri\u00eanio 2023-2025 haja 45.630 casos da doen\u00e7a em homens e mulheres.","inLanguage":"pt-BR","potentialAction":[{"@type":"ReadAction","target":["https:\/\/redenoticiaz.com.br\/litoralsp\/2024\/03\/02\/cancer-colorretal-conheca-10-sintomas-para-ficar-de-olho"]}]},{"@type":"ImageObject","inLanguage":"pt-BR","@id":"https:\/\/redenoticiaz.com.br\/litoralsp\/2024\/03\/02\/cancer-colorretal-conheca-10-sintomas-para-ficar-de-olho#primaryimage","url":"https:\/\/redenoticiaz.com.br\/litoralsp\/wp-content\/uploads\/sites\/3\/2024\/02\/Captura-de-tela-2024-02-28-173847.jpg?v=1709152755","contentUrl":"https:\/\/redenoticiaz.com.br\/litoralsp\/wp-content\/uploads\/sites\/3\/2024\/02\/Captura-de-tela-2024-02-28-173847.jpg?v=1709152755","width":482,"height":327},{"@type":"WebSite","@id":"https:\/\/redenoticiaz.com.br\/litoralsp\/#website","url":"https:\/\/redenoticiaz.com.br\/litoralsp\/","name":"Litoral SP","description":"Rede NoticiaZ","publisher":{"@id":"https:\/\/redenoticiaz.com.br\/litoralsp\/#organization"},"potentialAction":[{"@type":"SearchAction","target":{"@type":"EntryPoint","urlTemplate":"https:\/\/redenoticiaz.com.br\/litoralsp\/?s={search_term_string}"},"query-input":{"@type":"PropertyValueSpecification","valueRequired":true,"valueName":"search_term_string"}}],"inLanguage":"pt-BR"},{"@type":"Organization","@id":"https:\/\/redenoticiaz.com.br\/litoralsp\/#organization","name":"Litoral SP","url":"https:\/\/redenoticiaz.com.br\/litoralsp\/","logo":{"@type":"ImageObject","inLanguage":"pt-BR","@id":"https:\/\/redenoticiaz.com.br\/litoralsp\/#\/schema\/logo\/image\/","url":"https:\/\/redenoticiaz.com.br\/litoralsp\/wp-content\/uploads\/sites\/3\/2020\/11\/logo.jpg","contentUrl":"https:\/\/redenoticiaz.com.br\/litoralsp\/wp-content\/uploads\/sites\/3\/2020\/11\/logo.jpg","width":400,"height":250,"caption":"Litoral SP"},"image":{"@id":"https:\/\/redenoticiaz.com.br\/litoralsp\/#\/schema\/logo\/image\/"}},{"@type":"Person","@id":"https:\/\/redenoticiaz.com.br\/litoralsp\/#\/schema\/person\/1f84d6e94e6a62d2d81199d7503e9e90","name":"Carina Reifonas","image":{"@type":"ImageObject","inLanguage":"pt-BR","@id":"https:\/\/secure.gravatar.com\/avatar\/04c59859b23696cf867715880f81d5c037e60109730bdb4e6670ec2a2245bc97?s=96&d=mm&r=g","url":"https:\/\/secure.gravatar.com\/avatar\/04c59859b23696cf867715880f81d5c037e60109730bdb4e6670ec2a2245bc97?s=96&d=mm&r=g","contentUrl":"https:\/\/secure.gravatar.com\/avatar\/04c59859b23696cf867715880f81d5c037e60109730bdb4e6670ec2a2245bc97?s=96&d=mm&r=g","caption":"Carina Reifonas"},"url":"https:\/\/redenoticiaz.com.br\/litoralsp\/author\/carinareifonas"}]}},"_links":{"self":[{"href":"https:\/\/redenoticiaz.com.br\/litoralsp\/wp-json\/wp\/v2\/posts\/114736","targetHints":{"allow":["GET"]}}],"collection":[{"href":"https:\/\/redenoticiaz.com.br\/litoralsp\/wp-json\/wp\/v2\/posts"}],"about":[{"href":"https:\/\/redenoticiaz.com.br\/litoralsp\/wp-json\/wp\/v2\/types\/post"}],"author":[{"embeddable":true,"href":"https:\/\/redenoticiaz.com.br\/litoralsp\/wp-json\/wp\/v2\/users\/30"}],"replies":[{"embeddable":true,"href":"https:\/\/redenoticiaz.com.br\/litoralsp\/wp-json\/wp\/v2\/comments?post=114736"}],"version-history":[{"count":1,"href":"https:\/\/redenoticiaz.com.br\/litoralsp\/wp-json\/wp\/v2\/posts\/114736\/revisions"}],"predecessor-version":[{"id":114738,"href":"https:\/\/redenoticiaz.com.br\/litoralsp\/wp-json\/wp\/v2\/posts\/114736\/revisions\/114738"}],"wp:featuredmedia":[{"embeddable":true,"href":"https:\/\/redenoticiaz.com.br\/litoralsp\/wp-json\/wp\/v2\/media\/114737"}],"wp:attachment":[{"href":"https:\/\/redenoticiaz.com.br\/litoralsp\/wp-json\/wp\/v2\/media?parent=114736"}],"wp:term":[{"taxonomy":"category","embeddable":true,"href":"https:\/\/redenoticiaz.com.br\/litoralsp\/wp-json\/wp\/v2\/categories?post=114736"},{"taxonomy":"post_tag","embeddable":true,"href":"https:\/\/redenoticiaz.com.br\/litoralsp\/wp-json\/wp\/v2\/tags?post=114736"}],"curies":[{"name":"wp","href":"https:\/\/api.w.org\/{rel}","templated":true}]}}