{"id":114941,"date":"2024-03-10T13:04:06","date_gmt":"2024-03-10T16:04:06","guid":{"rendered":"https:\/\/redenoticiaz.com.br\/litoralsp\/2024\/03\/10\/pesquisa-mostra-que-publico-quer-series-com-dilemas-de-trabalho-e-vida-pessoal"},"modified":"2024-03-10T13:04:19","modified_gmt":"2024-03-10T16:04:19","slug":"pesquisa-mostra-que-publico-quer-series-com-dilemas-de-trabalho-e-vida-pessoal","status":"publish","type":"post","link":"https:\/\/redenoticiaz.com.br\/litoralsp\/2024\/03\/10\/pesquisa-mostra-que-publico-quer-series-com-dilemas-de-trabalho-e-vida-pessoal","title":{"rendered":"Pesquisa mostra que p\u00fablico quer s\u00e9ries com dilemas de trabalho e vida pessoal"},"content":{"rendered":"<p>Segundo uma nova pesquisa divulgada pela revista <em>Variety<\/em>, 84% dos americanos t\u00eam interesse em ver s\u00e9ries mais realistas ao retratar equil\u00edbrio entre vida pessoal e profissional.<\/p>\n<p>Entraram na lista tamb\u00e9m temas como igualdade de g\u00eanero e tempo com a fam\u00edlia. Metade dos entrevistados diz estar muito interessado em ver obras mais representativas.<\/p>\n<p>Sendo assim, a pesquisa foi feita com foco no p\u00fablico composto por audi\u00eancias gera\u00e7\u00e3o Z e millennials, al\u00e9m de pais de adolescentes.<\/p>\n<p>Por fim, a pesquisa ainda pontuou as s\u00e9ries que foram elogiadas por retratar de forma realista fam\u00edlia e trabalho s\u00e3o <em><strong>Grey&#8217;s Anatomy<\/strong><\/em>,\u00a0<em><strong>Abbott Elementary<\/strong><\/em>,\u00a0<em><strong>The Conners<\/strong>\u00a0<\/em>e\u00a0<em><strong>Virgin River<\/strong><\/em>.<\/p>\n<p>Leia mais<\/p>\n<p><a href=\"https:\/\/redenoticiaz.com.br\/blog\/2024\/03\/10\/especialista-analisa-nova-cesta-basica\">Especialista analisa \u2018nova cesta b\u00e1sica\u2019<\/a><\/p>\n<p><a href=\"https:\/\/redenoticiaz.com.br\/blog\/2023\/12\/31\/lancamentos-de-filmes-e-series-para-janeiro-de-2024\">Lan\u00e7amentos de filmes e s\u00e9ries para Janeiro de 2024<\/a><\/p>\n","protected":false},"excerpt":{"rendered":"<p>Segundo uma nova pesquisa divulgada pela revista Variety, 84% dos americanos t\u00eam interesse em ver s\u00e9ries mais realistas ao retratar equil\u00edbrio entre vida pessoal e profissional. Entraram na lista tamb\u00e9m temas como igualdade de g\u00eanero e tempo com a fam\u00edlia. Metade dos entrevistados diz estar muito interessado em ver obras mais representativas. Sendo assim, a &hellip;<\/p>\n","protected":false},"author":12,"featured_media":106520,"comment_status":"open","ping_status":"closed","sticky":false,"template":"","format":"standard","meta":{"footnotes":""},"categories":[2001,170],"tags":[20229,10091,4756],"class_list":["post-114941","post","type-post","status-publish","format-standard","has-post-thumbnail","hentry","category-cultura-e-musica","category-entretenimento","tag-filmes","tag-problemas","tag-serie"],"yoast_head":"<!-- This site is optimized with the Yoast SEO plugin v27.4 - https:\/\/yoast.com\/product\/yoast-seo-wordpress\/ -->\n<title>Pesquisa mostra que p\u00fablico quer s\u00e9ries com dilemas de trabalho e vida pessoal - Litoral SP<\/title>\n<meta name=\"description\" content=\"Segundo uma nova pesquisa divulgada pela revista Variety, 84% dos americanos t\u00eam interesse em ver s\u00e9ries mais realistas ao retratar equil\u00edbrio entre vida pessoal e profissional.\" \/>\n<meta name=\"robots\" content=\"index, follow, max-snippet:-1, max-image-preview:large, max-video-preview:-1\" \/>\n<link rel=\"canonical\" href=\"https:\/\/redenoticiaz.com.br\/litoralsp\/2024\/03\/10\/pesquisa-mostra-que-publico-quer-series-com-dilemas-de-trabalho-e-vida-pessoal\" \/>\n<meta property=\"og:locale\" content=\"pt_BR\" \/>\n<meta property=\"og:type\" content=\"article\" \/>\n<meta property=\"og:title\" content=\"Pesquisa mostra que p\u00fablico quer s\u00e9ries com dilemas de trabalho e vida pessoal - Litoral SP\" \/>\n<meta property=\"og:description\" content=\"Segundo uma nova pesquisa divulgada pela revista Variety, 84% dos americanos t\u00eam interesse em ver s\u00e9ries mais realistas ao retratar equil\u00edbrio entre vida pessoal e profissional.\" \/>\n<meta property=\"og:url\" content=\"https:\/\/redenoticiaz.com.br\/litoralsp\/2024\/03\/10\/pesquisa-mostra-que-publico-quer-series-com-dilemas-de-trabalho-e-vida-pessoal\" \/>\n<meta property=\"og:site_name\" content=\"Litoral SP\" \/>\n<meta property=\"article:published_time\" content=\"2024-03-10T16:04:06+00:00\" \/>\n<meta property=\"article:modified_time\" content=\"2024-03-10T16:04:19+00:00\" \/>\n<meta property=\"og:image\" content=\"https:\/\/redenoticiaz.com.br\/litoralsp\/wp-content\/uploads\/sites\/3\/2023\/05\/Relembre-a-serie-Bel-Air-antes-da-estreia-da-segunda-temporada.jpg\" \/>\n\t<meta property=\"og:image:width\" content=\"512\" \/>\n\t<meta property=\"og:image:height\" content=\"288\" \/>\n\t<meta property=\"og:image:type\" content=\"image\/jpeg\" \/>\n<meta name=\"author\" content=\"Gustavo Silva\" \/>\n<meta name=\"twitter:card\" content=\"summary_large_image\" \/>\n<meta name=\"twitter:label1\" content=\"Escrito por\" \/>\n\t<meta name=\"twitter:data1\" content=\"Gustavo Silva\" \/>\n\t<meta name=\"twitter:label2\" content=\"Est. tempo de leitura\" \/>\n\t<meta name=\"twitter:data2\" content=\"1 minuto\" \/>\n<script type=\"application\/ld+json\" class=\"yoast-schema-graph\">{\"@context\":\"https:\\\/\\\/schema.org\",\"@graph\":[{\"@type\":\"Article\",\"@id\":\"https:\\\/\\\/redenoticiaz.com.br\\\/litoralsp\\\/2024\\\/03\\\/10\\\/pesquisa-mostra-que-publico-quer-series-com-dilemas-de-trabalho-e-vida-pessoal#article\",\"isPartOf\":{\"@id\":\"https:\\\/\\\/redenoticiaz.com.br\\\/litoralsp\\\/2024\\\/03\\\/10\\\/pesquisa-mostra-que-publico-quer-series-com-dilemas-de-trabalho-e-vida-pessoal\"},\"author\":{\"name\":\"Gustavo Silva\",\"@id\":\"https:\\\/\\\/redenoticiaz.com.br\\\/litoralsp\\\/#\\\/schema\\\/person\\\/16057b37a3c0ee6b096d7f887c566e2e\"},\"headline\":\"Pesquisa mostra que p\u00fablico quer s\u00e9ries com dilemas de trabalho e vida pessoal\",\"datePublished\":\"2024-03-10T16:04:06+00:00\",\"dateModified\":\"2024-03-10T16:04:19+00:00\",\"mainEntityOfPage\":{\"@id\":\"https:\\\/\\\/redenoticiaz.com.br\\\/litoralsp\\\/2024\\\/03\\\/10\\\/pesquisa-mostra-que-publico-quer-series-com-dilemas-de-trabalho-e-vida-pessoal\"},\"wordCount\":149,\"commentCount\":0,\"publisher\":{\"@id\":\"https:\\\/\\\/redenoticiaz.com.br\\\/litoralsp\\\/#organization\"},\"image\":{\"@id\":\"https:\\\/\\\/redenoticiaz.com.br\\\/litoralsp\\\/2024\\\/03\\\/10\\\/pesquisa-mostra-que-publico-quer-series-com-dilemas-de-trabalho-e-vida-pessoal#primaryimage\"},\"thumbnailUrl\":\"https:\\\/\\\/redenoticiaz.com.br\\\/litoralsp\\\/wp-content\\\/uploads\\\/sites\\\/3\\\/2023\\\/05\\\/Relembre-a-serie-Bel-Air-antes-da-estreia-da-segunda-temporada.jpg\",\"keywords\":[\"FILMES\",\"PROBLEMAS\",\"S\u00c9RIE\"],\"articleSection\":[\"Cultura e M\u00fasica\",\"Entretenimento\"],\"inLanguage\":\"pt-BR\",\"potentialAction\":[{\"@type\":\"CommentAction\",\"name\":\"Comment\",\"target\":[\"https:\\\/\\\/redenoticiaz.com.br\\\/litoralsp\\\/2024\\\/03\\\/10\\\/pesquisa-mostra-que-publico-quer-series-com-dilemas-de-trabalho-e-vida-pessoal#respond\"]}]},{\"@type\":\"WebPage\",\"@id\":\"https:\\\/\\\/redenoticiaz.com.br\\\/litoralsp\\\/2024\\\/03\\\/10\\\/pesquisa-mostra-que-publico-quer-series-com-dilemas-de-trabalho-e-vida-pessoal\",\"url\":\"https:\\\/\\\/redenoticiaz.com.br\\\/litoralsp\\\/2024\\\/03\\\/10\\\/pesquisa-mostra-que-publico-quer-series-com-dilemas-de-trabalho-e-vida-pessoal\",\"name\":\"Pesquisa mostra que p\u00fablico quer s\u00e9ries com dilemas de trabalho e vida pessoal - Litoral SP\",\"isPartOf\":{\"@id\":\"https:\\\/\\\/redenoticiaz.com.br\\\/litoralsp\\\/#website\"},\"primaryImageOfPage\":{\"@id\":\"https:\\\/\\\/redenoticiaz.com.br\\\/litoralsp\\\/2024\\\/03\\\/10\\\/pesquisa-mostra-que-publico-quer-series-com-dilemas-de-trabalho-e-vida-pessoal#primaryimage\"},\"image\":{\"@id\":\"https:\\\/\\\/redenoticiaz.com.br\\\/litoralsp\\\/2024\\\/03\\\/10\\\/pesquisa-mostra-que-publico-quer-series-com-dilemas-de-trabalho-e-vida-pessoal#primaryimage\"},\"thumbnailUrl\":\"https:\\\/\\\/redenoticiaz.com.br\\\/litoralsp\\\/wp-content\\\/uploads\\\/sites\\\/3\\\/2023\\\/05\\\/Relembre-a-serie-Bel-Air-antes-da-estreia-da-segunda-temporada.jpg\",\"datePublished\":\"2024-03-10T16:04:06+00:00\",\"dateModified\":\"2024-03-10T16:04:19+00:00\",\"description\":\"Segundo uma nova pesquisa divulgada pela revista Variety, 84% dos americanos t\u00eam interesse em ver s\u00e9ries mais realistas ao retratar equil\u00edbrio entre vida pessoal e profissional.\",\"inLanguage\":\"pt-BR\",\"potentialAction\":[{\"@type\":\"ReadAction\",\"target\":[\"https:\\\/\\\/redenoticiaz.com.br\\\/litoralsp\\\/2024\\\/03\\\/10\\\/pesquisa-mostra-que-publico-quer-series-com-dilemas-de-trabalho-e-vida-pessoal\"]}]},{\"@type\":\"ImageObject\",\"inLanguage\":\"pt-BR\",\"@id\":\"https:\\\/\\\/redenoticiaz.com.br\\\/litoralsp\\\/2024\\\/03\\\/10\\\/pesquisa-mostra-que-publico-quer-series-com-dilemas-de-trabalho-e-vida-pessoal#primaryimage\",\"url\":\"https:\\\/\\\/redenoticiaz.com.br\\\/litoralsp\\\/wp-content\\\/uploads\\\/sites\\\/3\\\/2023\\\/05\\\/Relembre-a-serie-Bel-Air-antes-da-estreia-da-segunda-temporada.jpg\",\"contentUrl\":\"https:\\\/\\\/redenoticiaz.com.br\\\/litoralsp\\\/wp-content\\\/uploads\\\/sites\\\/3\\\/2023\\\/05\\\/Relembre-a-serie-Bel-Air-antes-da-estreia-da-segunda-temporada.jpg\",\"width\":512,\"height\":288,\"caption\":\"Cr\u00e9dito: Divulga\u00e7\u00e3o\\\/ Star+\"},{\"@type\":\"WebSite\",\"@id\":\"https:\\\/\\\/redenoticiaz.com.br\\\/litoralsp\\\/#website\",\"url\":\"https:\\\/\\\/redenoticiaz.com.br\\\/litoralsp\\\/\",\"name\":\"Litoral SP\",\"description\":\"Rede NoticiaZ\",\"publisher\":{\"@id\":\"https:\\\/\\\/redenoticiaz.com.br\\\/litoralsp\\\/#organization\"},\"potentialAction\":[{\"@type\":\"SearchAction\",\"target\":{\"@type\":\"EntryPoint\",\"urlTemplate\":\"https:\\\/\\\/redenoticiaz.com.br\\\/litoralsp\\\/?s={search_term_string}\"},\"query-input\":{\"@type\":\"PropertyValueSpecification\",\"valueRequired\":true,\"valueName\":\"search_term_string\"}}],\"inLanguage\":\"pt-BR\"},{\"@type\":\"Organization\",\"@id\":\"https:\\\/\\\/redenoticiaz.com.br\\\/litoralsp\\\/#organization\",\"name\":\"Litoral SP\",\"url\":\"https:\\\/\\\/redenoticiaz.com.br\\\/litoralsp\\\/\",\"logo\":{\"@type\":\"ImageObject\",\"inLanguage\":\"pt-BR\",\"@id\":\"https:\\\/\\\/redenoticiaz.com.br\\\/litoralsp\\\/#\\\/schema\\\/logo\\\/image\\\/\",\"url\":\"https:\\\/\\\/redenoticiaz.com.br\\\/litoralsp\\\/wp-content\\\/uploads\\\/sites\\\/3\\\/2020\\\/11\\\/logo.jpg\",\"contentUrl\":\"https:\\\/\\\/redenoticiaz.com.br\\\/litoralsp\\\/wp-content\\\/uploads\\\/sites\\\/3\\\/2020\\\/11\\\/logo.jpg\",\"width\":400,\"height\":250,\"caption\":\"Litoral SP\"},\"image\":{\"@id\":\"https:\\\/\\\/redenoticiaz.com.br\\\/litoralsp\\\/#\\\/schema\\\/logo\\\/image\\\/\"}},{\"@type\":\"Person\",\"@id\":\"https:\\\/\\\/redenoticiaz.com.br\\\/litoralsp\\\/#\\\/schema\\\/person\\\/16057b37a3c0ee6b096d7f887c566e2e\",\"name\":\"Gustavo Silva\",\"image\":{\"@type\":\"ImageObject\",\"inLanguage\":\"pt-BR\",\"@id\":\"https:\\\/\\\/secure.gravatar.com\\\/avatar\\\/3ee4e82f93b26de0a7cf4ea5eb7893da637ed6bb0c9170c58065944c56e28a33?s=96&d=mm&r=g\",\"url\":\"https:\\\/\\\/secure.gravatar.com\\\/avatar\\\/3ee4e82f93b26de0a7cf4ea5eb7893da637ed6bb0c9170c58065944c56e28a33?s=96&d=mm&r=g\",\"contentUrl\":\"https:\\\/\\\/secure.gravatar.com\\\/avatar\\\/3ee4e82f93b26de0a7cf4ea5eb7893da637ed6bb0c9170c58065944c56e28a33?s=96&d=mm&r=g\",\"caption\":\"Gustavo Silva\"},\"url\":\"https:\\\/\\\/redenoticiaz.com.br\\\/litoralsp\\\/author\\\/gustavosilva\"}]}<\/script>\n<!-- \/ Yoast SEO plugin. -->","yoast_head_json":{"title":"Pesquisa mostra que p\u00fablico quer s\u00e9ries com dilemas de trabalho e vida pessoal - Litoral SP","description":"Segundo uma nova pesquisa divulgada pela revista Variety, 84% dos americanos t\u00eam interesse em ver s\u00e9ries mais realistas ao retratar equil\u00edbrio entre vida pessoal e profissional.","robots":{"index":"index","follow":"follow","max-snippet":"max-snippet:-1","max-image-preview":"max-image-preview:large","max-video-preview":"max-video-preview:-1"},"canonical":"https:\/\/redenoticiaz.com.br\/litoralsp\/2024\/03\/10\/pesquisa-mostra-que-publico-quer-series-com-dilemas-de-trabalho-e-vida-pessoal","og_locale":"pt_BR","og_type":"article","og_title":"Pesquisa mostra que p\u00fablico quer s\u00e9ries com dilemas de trabalho e vida pessoal - Litoral SP","og_description":"Segundo uma nova pesquisa divulgada pela revista Variety, 84% dos americanos t\u00eam interesse em ver s\u00e9ries mais realistas ao retratar equil\u00edbrio entre vida pessoal e profissional.","og_url":"https:\/\/redenoticiaz.com.br\/litoralsp\/2024\/03\/10\/pesquisa-mostra-que-publico-quer-series-com-dilemas-de-trabalho-e-vida-pessoal","og_site_name":"Litoral SP","article_published_time":"2024-03-10T16:04:06+00:00","article_modified_time":"2024-03-10T16:04:19+00:00","og_image":[{"width":512,"height":288,"url":"https:\/\/redenoticiaz.com.br\/litoralsp\/wp-content\/uploads\/sites\/3\/2023\/05\/Relembre-a-serie-Bel-Air-antes-da-estreia-da-segunda-temporada.jpg","type":"image\/jpeg"}],"author":"Gustavo Silva","twitter_card":"summary_large_image","twitter_misc":{"Escrito por":"Gustavo Silva","Est. tempo de leitura":"1 minuto"},"schema":{"@context":"https:\/\/schema.org","@graph":[{"@type":"Article","@id":"https:\/\/redenoticiaz.com.br\/litoralsp\/2024\/03\/10\/pesquisa-mostra-que-publico-quer-series-com-dilemas-de-trabalho-e-vida-pessoal#article","isPartOf":{"@id":"https:\/\/redenoticiaz.com.br\/litoralsp\/2024\/03\/10\/pesquisa-mostra-que-publico-quer-series-com-dilemas-de-trabalho-e-vida-pessoal"},"author":{"name":"Gustavo Silva","@id":"https:\/\/redenoticiaz.com.br\/litoralsp\/#\/schema\/person\/16057b37a3c0ee6b096d7f887c566e2e"},"headline":"Pesquisa mostra que p\u00fablico quer s\u00e9ries com dilemas de trabalho e vida pessoal","datePublished":"2024-03-10T16:04:06+00:00","dateModified":"2024-03-10T16:04:19+00:00","mainEntityOfPage":{"@id":"https:\/\/redenoticiaz.com.br\/litoralsp\/2024\/03\/10\/pesquisa-mostra-que-publico-quer-series-com-dilemas-de-trabalho-e-vida-pessoal"},"wordCount":149,"commentCount":0,"publisher":{"@id":"https:\/\/redenoticiaz.com.br\/litoralsp\/#organization"},"image":{"@id":"https:\/\/redenoticiaz.com.br\/litoralsp\/2024\/03\/10\/pesquisa-mostra-que-publico-quer-series-com-dilemas-de-trabalho-e-vida-pessoal#primaryimage"},"thumbnailUrl":"https:\/\/redenoticiaz.com.br\/litoralsp\/wp-content\/uploads\/sites\/3\/2023\/05\/Relembre-a-serie-Bel-Air-antes-da-estreia-da-segunda-temporada.jpg","keywords":["FILMES","PROBLEMAS","S\u00c9RIE"],"articleSection":["Cultura e M\u00fasica","Entretenimento"],"inLanguage":"pt-BR","potentialAction":[{"@type":"CommentAction","name":"Comment","target":["https:\/\/redenoticiaz.com.br\/litoralsp\/2024\/03\/10\/pesquisa-mostra-que-publico-quer-series-com-dilemas-de-trabalho-e-vida-pessoal#respond"]}]},{"@type":"WebPage","@id":"https:\/\/redenoticiaz.com.br\/litoralsp\/2024\/03\/10\/pesquisa-mostra-que-publico-quer-series-com-dilemas-de-trabalho-e-vida-pessoal","url":"https:\/\/redenoticiaz.com.br\/litoralsp\/2024\/03\/10\/pesquisa-mostra-que-publico-quer-series-com-dilemas-de-trabalho-e-vida-pessoal","name":"Pesquisa mostra que p\u00fablico quer s\u00e9ries com dilemas de trabalho e vida pessoal - Litoral SP","isPartOf":{"@id":"https:\/\/redenoticiaz.com.br\/litoralsp\/#website"},"primaryImageOfPage":{"@id":"https:\/\/redenoticiaz.com.br\/litoralsp\/2024\/03\/10\/pesquisa-mostra-que-publico-quer-series-com-dilemas-de-trabalho-e-vida-pessoal#primaryimage"},"image":{"@id":"https:\/\/redenoticiaz.com.br\/litoralsp\/2024\/03\/10\/pesquisa-mostra-que-publico-quer-series-com-dilemas-de-trabalho-e-vida-pessoal#primaryimage"},"thumbnailUrl":"https:\/\/redenoticiaz.com.br\/litoralsp\/wp-content\/uploads\/sites\/3\/2023\/05\/Relembre-a-serie-Bel-Air-antes-da-estreia-da-segunda-temporada.jpg","datePublished":"2024-03-10T16:04:06+00:00","dateModified":"2024-03-10T16:04:19+00:00","description":"Segundo uma nova pesquisa divulgada pela revista Variety, 84% dos americanos t\u00eam interesse em ver s\u00e9ries mais realistas ao retratar equil\u00edbrio entre vida pessoal e profissional.","inLanguage":"pt-BR","potentialAction":[{"@type":"ReadAction","target":["https:\/\/redenoticiaz.com.br\/litoralsp\/2024\/03\/10\/pesquisa-mostra-que-publico-quer-series-com-dilemas-de-trabalho-e-vida-pessoal"]}]},{"@type":"ImageObject","inLanguage":"pt-BR","@id":"https:\/\/redenoticiaz.com.br\/litoralsp\/2024\/03\/10\/pesquisa-mostra-que-publico-quer-series-com-dilemas-de-trabalho-e-vida-pessoal#primaryimage","url":"https:\/\/redenoticiaz.com.br\/litoralsp\/wp-content\/uploads\/sites\/3\/2023\/05\/Relembre-a-serie-Bel-Air-antes-da-estreia-da-segunda-temporada.jpg","contentUrl":"https:\/\/redenoticiaz.com.br\/litoralsp\/wp-content\/uploads\/sites\/3\/2023\/05\/Relembre-a-serie-Bel-Air-antes-da-estreia-da-segunda-temporada.jpg","width":512,"height":288,"caption":"Cr\u00e9dito: Divulga\u00e7\u00e3o\/ Star+"},{"@type":"WebSite","@id":"https:\/\/redenoticiaz.com.br\/litoralsp\/#website","url":"https:\/\/redenoticiaz.com.br\/litoralsp\/","name":"Litoral SP","description":"Rede NoticiaZ","publisher":{"@id":"https:\/\/redenoticiaz.com.br\/litoralsp\/#organization"},"potentialAction":[{"@type":"SearchAction","target":{"@type":"EntryPoint","urlTemplate":"https:\/\/redenoticiaz.com.br\/litoralsp\/?s={search_term_string}"},"query-input":{"@type":"PropertyValueSpecification","valueRequired":true,"valueName":"search_term_string"}}],"inLanguage":"pt-BR"},{"@type":"Organization","@id":"https:\/\/redenoticiaz.com.br\/litoralsp\/#organization","name":"Litoral SP","url":"https:\/\/redenoticiaz.com.br\/litoralsp\/","logo":{"@type":"ImageObject","inLanguage":"pt-BR","@id":"https:\/\/redenoticiaz.com.br\/litoralsp\/#\/schema\/logo\/image\/","url":"https:\/\/redenoticiaz.com.br\/litoralsp\/wp-content\/uploads\/sites\/3\/2020\/11\/logo.jpg","contentUrl":"https:\/\/redenoticiaz.com.br\/litoralsp\/wp-content\/uploads\/sites\/3\/2020\/11\/logo.jpg","width":400,"height":250,"caption":"Litoral SP"},"image":{"@id":"https:\/\/redenoticiaz.com.br\/litoralsp\/#\/schema\/logo\/image\/"}},{"@type":"Person","@id":"https:\/\/redenoticiaz.com.br\/litoralsp\/#\/schema\/person\/16057b37a3c0ee6b096d7f887c566e2e","name":"Gustavo Silva","image":{"@type":"ImageObject","inLanguage":"pt-BR","@id":"https:\/\/secure.gravatar.com\/avatar\/3ee4e82f93b26de0a7cf4ea5eb7893da637ed6bb0c9170c58065944c56e28a33?s=96&d=mm&r=g","url":"https:\/\/secure.gravatar.com\/avatar\/3ee4e82f93b26de0a7cf4ea5eb7893da637ed6bb0c9170c58065944c56e28a33?s=96&d=mm&r=g","contentUrl":"https:\/\/secure.gravatar.com\/avatar\/3ee4e82f93b26de0a7cf4ea5eb7893da637ed6bb0c9170c58065944c56e28a33?s=96&d=mm&r=g","caption":"Gustavo Silva"},"url":"https:\/\/redenoticiaz.com.br\/litoralsp\/author\/gustavosilva"}]}},"_links":{"self":[{"href":"https:\/\/redenoticiaz.com.br\/litoralsp\/wp-json\/wp\/v2\/posts\/114941","targetHints":{"allow":["GET"]}}],"collection":[{"href":"https:\/\/redenoticiaz.com.br\/litoralsp\/wp-json\/wp\/v2\/posts"}],"about":[{"href":"https:\/\/redenoticiaz.com.br\/litoralsp\/wp-json\/wp\/v2\/types\/post"}],"author":[{"embeddable":true,"href":"https:\/\/redenoticiaz.com.br\/litoralsp\/wp-json\/wp\/v2\/users\/12"}],"replies":[{"embeddable":true,"href":"https:\/\/redenoticiaz.com.br\/litoralsp\/wp-json\/wp\/v2\/comments?post=114941"}],"version-history":[{"count":0,"href":"https:\/\/redenoticiaz.com.br\/litoralsp\/wp-json\/wp\/v2\/posts\/114941\/revisions"}],"wp:featuredmedia":[{"embeddable":true,"href":"https:\/\/redenoticiaz.com.br\/litoralsp\/wp-json\/wp\/v2\/media\/106520"}],"wp:attachment":[{"href":"https:\/\/redenoticiaz.com.br\/litoralsp\/wp-json\/wp\/v2\/media?parent=114941"}],"wp:term":[{"taxonomy":"category","embeddable":true,"href":"https:\/\/redenoticiaz.com.br\/litoralsp\/wp-json\/wp\/v2\/categories?post=114941"},{"taxonomy":"post_tag","embeddable":true,"href":"https:\/\/redenoticiaz.com.br\/litoralsp\/wp-json\/wp\/v2\/tags?post=114941"}],"curies":[{"name":"wp","href":"https:\/\/api.w.org\/{rel}","templated":true}]}}