{"id":115047,"date":"2024-03-17T09:00:07","date_gmt":"2024-03-17T12:00:07","guid":{"rendered":"https:\/\/redenoticiaz.com.br\/litoralsp\/?p=115047"},"modified":"2024-03-14T17:38:06","modified_gmt":"2024-03-14T20:38:06","slug":"como-se-planejar-para-trocar-de-celular","status":"publish","type":"post","link":"https:\/\/redenoticiaz.com.br\/litoralsp\/2024\/03\/17\/como-se-planejar-para-trocar-de-celular","title":{"rendered":"Como se planejar para trocar de celular"},"content":{"rendered":"<p>Uma pesquisa recente da GfK aponta que 54% dos brasileiros desejam trocar de celular em 2024. Os tamb\u00e9m dados mostram que hoje o consumidor troca de aparelho com menos frequ\u00eancia, passando cerca de 24 meses ou mais com cada aparelho que adquire.<\/p>\n<p>Isso se deve aos pre\u00e7os elevados dos modelos mais recentes, que segundo uma pesquisa da Hibou, empresa especialista em pesquisas e an\u00e1lises mercadol\u00f3gicas, vem influenciando cerca de 36% dos consumidores a trocar de celular com menos frequ\u00eancia. Ainda que os altos custos sejam uma barreira, um relat\u00f3rio da IDC prev\u00ea um crescimento de 6% nas vendas do setor em 2024.<\/p>\n<p>Para aqueles que esperam comprar um celular neste ano, o Klubi, fintech operadora de cons\u00f3rcios de autom\u00f3veis e celulares, separou alguns pontos importantes que devem ser considerados pelo consumidor para planejar a compra de um aparelho sem prejudicar as finan\u00e7as:<\/p>\n<p><strong>1- Qual \u00e9 o tipo de celular ideal para voc\u00ea?<\/strong><\/p>\n<p>Avalie o melhor modelo de acordo com suas necessidades antes de fazer um investimento. Se sua prioridade est\u00e1 nos jogos, procure os modelos com melhores op\u00e7\u00f5es de mem\u00f3ria e gr\u00e1ficos. Se for usar para viajar ou momentos de lazer em que tira muitas fotos, foque na c\u00e2mera e armazenamento. Mas se for para uma rotina di\u00e1ria de trabalho e uso de aplicativos mais simples, talvez o ideal seja focar em um aparelho com maior dura\u00e7\u00e3o de bateria.<\/p>\n<p><strong>2- Refine sua busca para chegar no modelo que deseja<\/strong><\/p>\n<p>Assim que entender qual deve ser o diferencial do seu novo celular, voc\u00ea vai encontrar diversas op\u00e7\u00f5es de marcas e modelos com variados pre\u00e7os. Vale comparar os modelos mais novos com os mais velhos para entender qual compensa mais no \u2018custo x benef\u00edcio\u2019. \u00c0s vezes as fichas t\u00e9cnicas s\u00e3o muito similares e a grande diferen\u00e7a pode estar apenas no pre\u00e7o.<\/p>\n<p><strong>3 &#8211; Planeje sua compra<\/strong><\/p>\n<p>Depois de encontrar as melhores op\u00e7\u00f5es, voc\u00ea j\u00e1 vai conseguir ter uma ideia do quanto deve gastar para adquirir seu novo celular. Mas e agora, como comprar? \u00c0 vista? \u00c0 prazo? Com juros? Pensando em apoiar o consumidor, o Klubi oferece a \u201cCompra Planejada\u201d, um plano de at\u00e9 24 meses, onde o cliente recebe o celular a partir da d\u00e9cima segunda parcela, podendo antecipar a compra a partir da sexta mensalidade, adiantando pagamentos.<\/p>\n<p>De acordo com Eduardo Rocha, CEO do Klubi, \u201cNo Brasil, todo mundo tem um celular, mas muitas pessoas t\u00eam dificuldade para obter o cr\u00e9dito necess\u00e1rio para ter um bom celular. Foi assim que montamos o produto que batizamos de Compra Planejada, que entrega a possibilidade de se adquirir um smartphone num prazo de at\u00e9 24 meses, sendo que a partir da 6\u00aa mensalidade paga j\u00e1 h\u00e1 a possibilidade de resgatar 100% do cr\u00e9dito. \u00c9 um investimento muito mais acess\u00edvel e de curto prazo para adquirir um bem\u201d, explica o executivo.<\/p>\n<p>O Klubi \u00e9 a \u00fanica fintech autorizada pelo Banco Central a operar com cons\u00f3rcios no pa\u00eds e inaugurou o Compra Planejada h\u00e1 apenas alguns meses. \u201cN\u00f3s estamos observando um crescimento grande da busca pela modalidade, que funciona como um cons\u00f3rcio, mas tem o diferencial da previsibilidade de receber o cr\u00e9dito no momento da ades\u00e3o, finaliza Rocha.<\/p>\n<p>LEIA MAIS<\/p>\n<p><a href=\"https:\/\/redenoticiaz.com.br\/blog\/2024\/03\/14\/natura-abre-25-vagas-de-emprego-confira\">Natura abre 25 vagas de emprego; confira\u00a0<\/a><\/p>\n<p><a href=\"https:\/\/redenoticiaz.com.br\/blog\/2024\/03\/13\/camara-dos-deputados-aprova-isencao-de-imposto-de-renda-para-quem-ganha-ate-dois-salarios-minimos\">C\u00e2mara dos Deputados aprova isen\u00e7\u00e3o de Imposto de Renda para quem ganha at\u00e9 dois sal\u00e1rios m\u00ednimos<\/a><\/p>\n","protected":false},"excerpt":{"rendered":"<p>Uma pesquisa recente da GfK aponta que 54% dos brasileiros desejam trocar de celular em 2024. Os tamb\u00e9m dados mostram que hoje o consumidor troca de aparelho com menos frequ\u00eancia, passando cerca de 24 meses ou mais com cada aparelho que adquire. Isso se deve aos pre\u00e7os elevados dos modelos mais recentes, que segundo uma &hellip;<\/p>\n","protected":false},"author":30,"featured_media":100030,"comment_status":"open","ping_status":"closed","sticky":false,"template":"","format":"standard","meta":{"footnotes":""},"categories":[97,937],"tags":[9873,7508,12713],"class_list":["post-115047","post","type-post","status-publish","format-standard","has-post-thumbnail","hentry","category-economia","category-tecnologia","tag-celular","tag-compra","tag-troca"],"yoast_head":"<!-- This site is optimized with the Yoast SEO plugin v27.5 - https:\/\/yoast.com\/product\/yoast-seo-wordpress\/ -->\n<title>Como se planejar para trocar de celular - Litoral SP<\/title>\n<meta name=\"description\" content=\"Uma pesquisa recente da GfK aponta que 54% dos brasileiros desejam trocar de celular em 2024. Os dados tamb\u00e9m mostram que o consumidor...\" \/>\n<meta name=\"robots\" content=\"index, follow, max-snippet:-1, max-image-preview:large, max-video-preview:-1\" \/>\n<link rel=\"canonical\" href=\"https:\/\/redenoticiaz.com.br\/litoralsp\/2024\/03\/17\/como-se-planejar-para-trocar-de-celular\" \/>\n<meta property=\"og:locale\" content=\"pt_BR\" \/>\n<meta property=\"og:type\" content=\"article\" \/>\n<meta property=\"og:title\" content=\"Como se planejar para trocar de celular - Litoral SP\" \/>\n<meta property=\"og:description\" content=\"Uma pesquisa recente da GfK aponta que 54% dos brasileiros desejam trocar de celular em 2024. Os dados tamb\u00e9m mostram que o consumidor...\" \/>\n<meta property=\"og:url\" content=\"https:\/\/redenoticiaz.com.br\/litoralsp\/2024\/03\/17\/como-se-planejar-para-trocar-de-celular\" \/>\n<meta property=\"og:site_name\" content=\"Litoral SP\" \/>\n<meta property=\"article:published_time\" content=\"2024-03-17T12:00:07+00:00\" \/>\n<meta property=\"og:image\" content=\"https:\/\/redenoticiaz.com.br\/litoralsp\/wp-content\/uploads\/sites\/3\/2023\/02\/uso_de_smartphone_e_celular050720211245.jpg?v=1675297159\" \/>\n\t<meta property=\"og:image:width\" content=\"1170\" \/>\n\t<meta property=\"og:image:height\" content=\"700\" \/>\n\t<meta property=\"og:image:type\" content=\"image\/jpeg\" \/>\n<meta name=\"author\" content=\"Carina Reifonas\" \/>\n<meta name=\"twitter:card\" content=\"summary_large_image\" \/>\n<meta name=\"twitter:label1\" content=\"Escrito por\" \/>\n\t<meta name=\"twitter:data1\" content=\"Carina Reifonas\" \/>\n\t<meta name=\"twitter:label2\" content=\"Est. tempo de leitura\" \/>\n\t<meta name=\"twitter:data2\" content=\"4 minutos\" \/>\n<script type=\"application\/ld+json\" class=\"yoast-schema-graph\">{\"@context\":\"https:\\\/\\\/schema.org\",\"@graph\":[{\"@type\":\"Article\",\"@id\":\"https:\\\/\\\/redenoticiaz.com.br\\\/litoralsp\\\/2024\\\/03\\\/17\\\/como-se-planejar-para-trocar-de-celular#article\",\"isPartOf\":{\"@id\":\"https:\\\/\\\/redenoticiaz.com.br\\\/litoralsp\\\/2024\\\/03\\\/17\\\/como-se-planejar-para-trocar-de-celular\"},\"author\":{\"name\":\"Carina Reifonas\",\"@id\":\"https:\\\/\\\/redenoticiaz.com.br\\\/litoralsp\\\/#\\\/schema\\\/person\\\/1f84d6e94e6a62d2d81199d7503e9e90\"},\"headline\":\"Como se planejar para trocar de celular\",\"datePublished\":\"2024-03-17T12:00:07+00:00\",\"mainEntityOfPage\":{\"@id\":\"https:\\\/\\\/redenoticiaz.com.br\\\/litoralsp\\\/2024\\\/03\\\/17\\\/como-se-planejar-para-trocar-de-celular\"},\"wordCount\":578,\"commentCount\":0,\"publisher\":{\"@id\":\"https:\\\/\\\/redenoticiaz.com.br\\\/litoralsp\\\/#organization\"},\"image\":{\"@id\":\"https:\\\/\\\/redenoticiaz.com.br\\\/litoralsp\\\/2024\\\/03\\\/17\\\/como-se-planejar-para-trocar-de-celular#primaryimage\"},\"thumbnailUrl\":\"https:\\\/\\\/redenoticiaz.com.br\\\/litoralsp\\\/wp-content\\\/uploads\\\/sites\\\/3\\\/2023\\\/02\\\/uso_de_smartphone_e_celular050720211245.jpg?v=1675297159\",\"keywords\":[\"CELULAR\",\"COMPRA\",\"TROCA\"],\"articleSection\":[\"Economia\",\"Tecnologia\"],\"inLanguage\":\"pt-BR\",\"potentialAction\":[{\"@type\":\"CommentAction\",\"name\":\"Comment\",\"target\":[\"https:\\\/\\\/redenoticiaz.com.br\\\/litoralsp\\\/2024\\\/03\\\/17\\\/como-se-planejar-para-trocar-de-celular#respond\"]}]},{\"@type\":\"WebPage\",\"@id\":\"https:\\\/\\\/redenoticiaz.com.br\\\/litoralsp\\\/2024\\\/03\\\/17\\\/como-se-planejar-para-trocar-de-celular\",\"url\":\"https:\\\/\\\/redenoticiaz.com.br\\\/litoralsp\\\/2024\\\/03\\\/17\\\/como-se-planejar-para-trocar-de-celular\",\"name\":\"Como se planejar para trocar de celular - Litoral SP\",\"isPartOf\":{\"@id\":\"https:\\\/\\\/redenoticiaz.com.br\\\/litoralsp\\\/#website\"},\"primaryImageOfPage\":{\"@id\":\"https:\\\/\\\/redenoticiaz.com.br\\\/litoralsp\\\/2024\\\/03\\\/17\\\/como-se-planejar-para-trocar-de-celular#primaryimage\"},\"image\":{\"@id\":\"https:\\\/\\\/redenoticiaz.com.br\\\/litoralsp\\\/2024\\\/03\\\/17\\\/como-se-planejar-para-trocar-de-celular#primaryimage\"},\"thumbnailUrl\":\"https:\\\/\\\/redenoticiaz.com.br\\\/litoralsp\\\/wp-content\\\/uploads\\\/sites\\\/3\\\/2023\\\/02\\\/uso_de_smartphone_e_celular050720211245.jpg?v=1675297159\",\"datePublished\":\"2024-03-17T12:00:07+00:00\",\"description\":\"Uma pesquisa recente da GfK aponta que 54% dos brasileiros desejam trocar de celular em 2024. Os dados tamb\u00e9m mostram que o consumidor...\",\"inLanguage\":\"pt-BR\",\"potentialAction\":[{\"@type\":\"ReadAction\",\"target\":[\"https:\\\/\\\/redenoticiaz.com.br\\\/litoralsp\\\/2024\\\/03\\\/17\\\/como-se-planejar-para-trocar-de-celular\"]}]},{\"@type\":\"ImageObject\",\"inLanguage\":\"pt-BR\",\"@id\":\"https:\\\/\\\/redenoticiaz.com.br\\\/litoralsp\\\/2024\\\/03\\\/17\\\/como-se-planejar-para-trocar-de-celular#primaryimage\",\"url\":\"https:\\\/\\\/redenoticiaz.com.br\\\/litoralsp\\\/wp-content\\\/uploads\\\/sites\\\/3\\\/2023\\\/02\\\/uso_de_smartphone_e_celular050720211245.jpg?v=1675297159\",\"contentUrl\":\"https:\\\/\\\/redenoticiaz.com.br\\\/litoralsp\\\/wp-content\\\/uploads\\\/sites\\\/3\\\/2023\\\/02\\\/uso_de_smartphone_e_celular050720211245.jpg?v=1675297159\",\"width\":1170,\"height\":700,\"caption\":\"Anatel quer solu\u00e7\u00e3o definitiva para acabar com marketing abusivo\"},{\"@type\":\"WebSite\",\"@id\":\"https:\\\/\\\/redenoticiaz.com.br\\\/litoralsp\\\/#website\",\"url\":\"https:\\\/\\\/redenoticiaz.com.br\\\/litoralsp\\\/\",\"name\":\"Litoral SP\",\"description\":\"Rede NoticiaZ\",\"publisher\":{\"@id\":\"https:\\\/\\\/redenoticiaz.com.br\\\/litoralsp\\\/#organization\"},\"potentialAction\":[{\"@type\":\"SearchAction\",\"target\":{\"@type\":\"EntryPoint\",\"urlTemplate\":\"https:\\\/\\\/redenoticiaz.com.br\\\/litoralsp\\\/?s={search_term_string}\"},\"query-input\":{\"@type\":\"PropertyValueSpecification\",\"valueRequired\":true,\"valueName\":\"search_term_string\"}}],\"inLanguage\":\"pt-BR\"},{\"@type\":\"Organization\",\"@id\":\"https:\\\/\\\/redenoticiaz.com.br\\\/litoralsp\\\/#organization\",\"name\":\"Litoral SP\",\"url\":\"https:\\\/\\\/redenoticiaz.com.br\\\/litoralsp\\\/\",\"logo\":{\"@type\":\"ImageObject\",\"inLanguage\":\"pt-BR\",\"@id\":\"https:\\\/\\\/redenoticiaz.com.br\\\/litoralsp\\\/#\\\/schema\\\/logo\\\/image\\\/\",\"url\":\"https:\\\/\\\/redenoticiaz.com.br\\\/litoralsp\\\/wp-content\\\/uploads\\\/sites\\\/3\\\/2020\\\/11\\\/logo.jpg\",\"contentUrl\":\"https:\\\/\\\/redenoticiaz.com.br\\\/litoralsp\\\/wp-content\\\/uploads\\\/sites\\\/3\\\/2020\\\/11\\\/logo.jpg\",\"width\":400,\"height\":250,\"caption\":\"Litoral SP\"},\"image\":{\"@id\":\"https:\\\/\\\/redenoticiaz.com.br\\\/litoralsp\\\/#\\\/schema\\\/logo\\\/image\\\/\"}},{\"@type\":\"Person\",\"@id\":\"https:\\\/\\\/redenoticiaz.com.br\\\/litoralsp\\\/#\\\/schema\\\/person\\\/1f84d6e94e6a62d2d81199d7503e9e90\",\"name\":\"Carina Reifonas\",\"image\":{\"@type\":\"ImageObject\",\"inLanguage\":\"pt-BR\",\"@id\":\"https:\\\/\\\/secure.gravatar.com\\\/avatar\\\/04c59859b23696cf867715880f81d5c037e60109730bdb4e6670ec2a2245bc97?s=96&d=mm&r=g\",\"url\":\"https:\\\/\\\/secure.gravatar.com\\\/avatar\\\/04c59859b23696cf867715880f81d5c037e60109730bdb4e6670ec2a2245bc97?s=96&d=mm&r=g\",\"contentUrl\":\"https:\\\/\\\/secure.gravatar.com\\\/avatar\\\/04c59859b23696cf867715880f81d5c037e60109730bdb4e6670ec2a2245bc97?s=96&d=mm&r=g\",\"caption\":\"Carina Reifonas\"},\"url\":\"https:\\\/\\\/redenoticiaz.com.br\\\/litoralsp\\\/author\\\/carinareifonas\"}]}<\/script>\n<!-- \/ Yoast SEO plugin. -->","yoast_head_json":{"title":"Como se planejar para trocar de celular - Litoral SP","description":"Uma pesquisa recente da GfK aponta que 54% dos brasileiros desejam trocar de celular em 2024. Os dados tamb\u00e9m mostram que o consumidor...","robots":{"index":"index","follow":"follow","max-snippet":"max-snippet:-1","max-image-preview":"max-image-preview:large","max-video-preview":"max-video-preview:-1"},"canonical":"https:\/\/redenoticiaz.com.br\/litoralsp\/2024\/03\/17\/como-se-planejar-para-trocar-de-celular","og_locale":"pt_BR","og_type":"article","og_title":"Como se planejar para trocar de celular - Litoral SP","og_description":"Uma pesquisa recente da GfK aponta que 54% dos brasileiros desejam trocar de celular em 2024. Os dados tamb\u00e9m mostram que o consumidor...","og_url":"https:\/\/redenoticiaz.com.br\/litoralsp\/2024\/03\/17\/como-se-planejar-para-trocar-de-celular","og_site_name":"Litoral SP","article_published_time":"2024-03-17T12:00:07+00:00","og_image":[{"width":1170,"height":700,"url":"https:\/\/redenoticiaz.com.br\/litoralsp\/wp-content\/uploads\/sites\/3\/2023\/02\/uso_de_smartphone_e_celular050720211245.jpg?v=1675297159","type":"image\/jpeg"}],"author":"Carina Reifonas","twitter_card":"summary_large_image","twitter_misc":{"Escrito por":"Carina Reifonas","Est. tempo de leitura":"4 minutos"},"schema":{"@context":"https:\/\/schema.org","@graph":[{"@type":"Article","@id":"https:\/\/redenoticiaz.com.br\/litoralsp\/2024\/03\/17\/como-se-planejar-para-trocar-de-celular#article","isPartOf":{"@id":"https:\/\/redenoticiaz.com.br\/litoralsp\/2024\/03\/17\/como-se-planejar-para-trocar-de-celular"},"author":{"name":"Carina Reifonas","@id":"https:\/\/redenoticiaz.com.br\/litoralsp\/#\/schema\/person\/1f84d6e94e6a62d2d81199d7503e9e90"},"headline":"Como se planejar para trocar de celular","datePublished":"2024-03-17T12:00:07+00:00","mainEntityOfPage":{"@id":"https:\/\/redenoticiaz.com.br\/litoralsp\/2024\/03\/17\/como-se-planejar-para-trocar-de-celular"},"wordCount":578,"commentCount":0,"publisher":{"@id":"https:\/\/redenoticiaz.com.br\/litoralsp\/#organization"},"image":{"@id":"https:\/\/redenoticiaz.com.br\/litoralsp\/2024\/03\/17\/como-se-planejar-para-trocar-de-celular#primaryimage"},"thumbnailUrl":"https:\/\/redenoticiaz.com.br\/litoralsp\/wp-content\/uploads\/sites\/3\/2023\/02\/uso_de_smartphone_e_celular050720211245.jpg?v=1675297159","keywords":["CELULAR","COMPRA","TROCA"],"articleSection":["Economia","Tecnologia"],"inLanguage":"pt-BR","potentialAction":[{"@type":"CommentAction","name":"Comment","target":["https:\/\/redenoticiaz.com.br\/litoralsp\/2024\/03\/17\/como-se-planejar-para-trocar-de-celular#respond"]}]},{"@type":"WebPage","@id":"https:\/\/redenoticiaz.com.br\/litoralsp\/2024\/03\/17\/como-se-planejar-para-trocar-de-celular","url":"https:\/\/redenoticiaz.com.br\/litoralsp\/2024\/03\/17\/como-se-planejar-para-trocar-de-celular","name":"Como se planejar para trocar de celular - Litoral SP","isPartOf":{"@id":"https:\/\/redenoticiaz.com.br\/litoralsp\/#website"},"primaryImageOfPage":{"@id":"https:\/\/redenoticiaz.com.br\/litoralsp\/2024\/03\/17\/como-se-planejar-para-trocar-de-celular#primaryimage"},"image":{"@id":"https:\/\/redenoticiaz.com.br\/litoralsp\/2024\/03\/17\/como-se-planejar-para-trocar-de-celular#primaryimage"},"thumbnailUrl":"https:\/\/redenoticiaz.com.br\/litoralsp\/wp-content\/uploads\/sites\/3\/2023\/02\/uso_de_smartphone_e_celular050720211245.jpg?v=1675297159","datePublished":"2024-03-17T12:00:07+00:00","description":"Uma pesquisa recente da GfK aponta que 54% dos brasileiros desejam trocar de celular em 2024. Os dados tamb\u00e9m mostram que o consumidor...","inLanguage":"pt-BR","potentialAction":[{"@type":"ReadAction","target":["https:\/\/redenoticiaz.com.br\/litoralsp\/2024\/03\/17\/como-se-planejar-para-trocar-de-celular"]}]},{"@type":"ImageObject","inLanguage":"pt-BR","@id":"https:\/\/redenoticiaz.com.br\/litoralsp\/2024\/03\/17\/como-se-planejar-para-trocar-de-celular#primaryimage","url":"https:\/\/redenoticiaz.com.br\/litoralsp\/wp-content\/uploads\/sites\/3\/2023\/02\/uso_de_smartphone_e_celular050720211245.jpg?v=1675297159","contentUrl":"https:\/\/redenoticiaz.com.br\/litoralsp\/wp-content\/uploads\/sites\/3\/2023\/02\/uso_de_smartphone_e_celular050720211245.jpg?v=1675297159","width":1170,"height":700,"caption":"Anatel quer solu\u00e7\u00e3o definitiva para acabar com marketing abusivo"},{"@type":"WebSite","@id":"https:\/\/redenoticiaz.com.br\/litoralsp\/#website","url":"https:\/\/redenoticiaz.com.br\/litoralsp\/","name":"Litoral SP","description":"Rede NoticiaZ","publisher":{"@id":"https:\/\/redenoticiaz.com.br\/litoralsp\/#organization"},"potentialAction":[{"@type":"SearchAction","target":{"@type":"EntryPoint","urlTemplate":"https:\/\/redenoticiaz.com.br\/litoralsp\/?s={search_term_string}"},"query-input":{"@type":"PropertyValueSpecification","valueRequired":true,"valueName":"search_term_string"}}],"inLanguage":"pt-BR"},{"@type":"Organization","@id":"https:\/\/redenoticiaz.com.br\/litoralsp\/#organization","name":"Litoral SP","url":"https:\/\/redenoticiaz.com.br\/litoralsp\/","logo":{"@type":"ImageObject","inLanguage":"pt-BR","@id":"https:\/\/redenoticiaz.com.br\/litoralsp\/#\/schema\/logo\/image\/","url":"https:\/\/redenoticiaz.com.br\/litoralsp\/wp-content\/uploads\/sites\/3\/2020\/11\/logo.jpg","contentUrl":"https:\/\/redenoticiaz.com.br\/litoralsp\/wp-content\/uploads\/sites\/3\/2020\/11\/logo.jpg","width":400,"height":250,"caption":"Litoral SP"},"image":{"@id":"https:\/\/redenoticiaz.com.br\/litoralsp\/#\/schema\/logo\/image\/"}},{"@type":"Person","@id":"https:\/\/redenoticiaz.com.br\/litoralsp\/#\/schema\/person\/1f84d6e94e6a62d2d81199d7503e9e90","name":"Carina Reifonas","image":{"@type":"ImageObject","inLanguage":"pt-BR","@id":"https:\/\/secure.gravatar.com\/avatar\/04c59859b23696cf867715880f81d5c037e60109730bdb4e6670ec2a2245bc97?s=96&d=mm&r=g","url":"https:\/\/secure.gravatar.com\/avatar\/04c59859b23696cf867715880f81d5c037e60109730bdb4e6670ec2a2245bc97?s=96&d=mm&r=g","contentUrl":"https:\/\/secure.gravatar.com\/avatar\/04c59859b23696cf867715880f81d5c037e60109730bdb4e6670ec2a2245bc97?s=96&d=mm&r=g","caption":"Carina Reifonas"},"url":"https:\/\/redenoticiaz.com.br\/litoralsp\/author\/carinareifonas"}]}},"_links":{"self":[{"href":"https:\/\/redenoticiaz.com.br\/litoralsp\/wp-json\/wp\/v2\/posts\/115047","targetHints":{"allow":["GET"]}}],"collection":[{"href":"https:\/\/redenoticiaz.com.br\/litoralsp\/wp-json\/wp\/v2\/posts"}],"about":[{"href":"https:\/\/redenoticiaz.com.br\/litoralsp\/wp-json\/wp\/v2\/types\/post"}],"author":[{"embeddable":true,"href":"https:\/\/redenoticiaz.com.br\/litoralsp\/wp-json\/wp\/v2\/users\/30"}],"replies":[{"embeddable":true,"href":"https:\/\/redenoticiaz.com.br\/litoralsp\/wp-json\/wp\/v2\/comments?post=115047"}],"version-history":[{"count":1,"href":"https:\/\/redenoticiaz.com.br\/litoralsp\/wp-json\/wp\/v2\/posts\/115047\/revisions"}],"predecessor-version":[{"id":115093,"href":"https:\/\/redenoticiaz.com.br\/litoralsp\/wp-json\/wp\/v2\/posts\/115047\/revisions\/115093"}],"wp:featuredmedia":[{"embeddable":true,"href":"https:\/\/redenoticiaz.com.br\/litoralsp\/wp-json\/wp\/v2\/media\/100030"}],"wp:attachment":[{"href":"https:\/\/redenoticiaz.com.br\/litoralsp\/wp-json\/wp\/v2\/media?parent=115047"}],"wp:term":[{"taxonomy":"category","embeddable":true,"href":"https:\/\/redenoticiaz.com.br\/litoralsp\/wp-json\/wp\/v2\/categories?post=115047"},{"taxonomy":"post_tag","embeddable":true,"href":"https:\/\/redenoticiaz.com.br\/litoralsp\/wp-json\/wp\/v2\/tags?post=115047"}],"curies":[{"name":"wp","href":"https:\/\/api.w.org\/{rel}","templated":true}]}}