{"id":115109,"date":"2024-03-18T19:19:31","date_gmt":"2024-03-18T22:19:31","guid":{"rendered":"https:\/\/redenoticiaz.com.br\/litoralsp\/?p=115109"},"modified":"2024-03-18T19:19:31","modified_gmt":"2024-03-18T22:19:31","slug":"pms-sao-alvo-de-atentado-em-local-onde-onibus-foi-incendiado","status":"publish","type":"post","link":"https:\/\/redenoticiaz.com.br\/litoralsp\/2024\/03\/18\/pms-sao-alvo-de-atentado-em-local-onde-onibus-foi-incendiado","title":{"rendered":"PM\u00b4s s\u00e3o alvo de atentado em local onde \u00f4nibus foi incendiado"},"content":{"rendered":"<div id=\"chunk-6bkej\">\n<div class=\"mc-column content-text active-extra-styles \" data-block-type=\"unstyled\" data-block-weight=\"61\" data-block-id=\"2\">\n<p data-track-category=\"Link no Texto\" data-track-links=\"\" data-mrf-recirculation=\"Article links\">Policiais militares foram alvo de atentado no mesmo local onde \u00f4nibus foram incendiado no bairro R\u00e1dio Clube na cidade de Santos.<\/p>\n<p data-track-category=\"Link no Texto\" data-track-links=\"\" data-mrf-recirculation=\"Article links\">De acordo com as informa\u00e7\u00f5es, nas proximidades da pra\u00e7a Jer\u00f4nimo de La Terza dois homens passaram sem capacete de moto atirando contra a viatura.<\/p>\n<p data-track-category=\"Link no Texto\" data-track-links=\"\" data-mrf-recirculation=\"Article links\">Ainda de acordo com as informa\u00e7\u00f5es, o garupa fez dois disparos contra os agentes e, em seguida, fugiu com o comparsa em dire\u00e7\u00e3o \u00e0 Avenida Brigadeiro Faria Lima.<\/p>\n<p data-track-category=\"Link no Texto\" data-track-links=\"\" data-mrf-recirculation=\"Article links\">Sendo assim, os policiais foram pegos de surpresa e n\u00e3o revidaram a agress\u00e3o dos criminosos que conseguiram fugir.<\/p>\n<p data-track-category=\"Link no Texto\" data-track-links=\"\" data-mrf-recirculation=\"Article links\">Por fim, n\u00e3o foram encontrados vest\u00edgios dos disparos ou c\u00e1psulas deflagradas. O caso foi registrado como tentativa de homic\u00eddio na Central de Pol\u00edcia Judici\u00e1ria (CPJ) de Santos e encaminhado ao 5\u00ba Distrito Policial (DP).<\/p>\n<p data-track-category=\"Link no Texto\" data-track-links=\"\" data-mrf-recirculation=\"Article links\"><strong>Leia mais<\/strong><\/p>\n<p data-track-category=\"Link no Texto\" data-track-links=\"\" data-mrf-recirculation=\"Article links\"><a href=\"https:\/\/redenoticiaz.com.br\/litoralsp\/2024\/03\/15\/nova-base-da-guarda-municipal-reforca-seguranca-no-centro-historico-de-santos\">Nova base da Guarda Municipal refor\u00e7a seguran\u00e7a no Centro Hist\u00f3rico de Santos<\/a><\/p>\n<p data-track-category=\"Link no Texto\" data-track-links=\"\" data-mrf-recirculation=\"Article links\"><a href=\"https:\/\/redenoticiaz.com.br\/litoralsp\/2024\/03\/17\/vendas-financiadas-de-veiculos-crescem-307-no-pais-em-fevereiro\">Vendas financiadas de ve\u00edculos crescem 30,7% no pa\u00eds em fevereiro<\/a><\/p>\n<\/div>\n<\/div>\n","protected":false},"excerpt":{"rendered":"<p>Policiais militares foram alvo de atentado no mesmo local onde \u00f4nibus foram incendiado no bairro R\u00e1dio Clube na cidade de Santos. De acordo com as informa\u00e7\u00f5es, nas proximidades da pra\u00e7a Jer\u00f4nimo de La Terza dois homens passaram sem capacete de moto atirando contra a viatura. Ainda de acordo com as informa\u00e7\u00f5es, o garupa fez dois &hellip;<\/p>\n","protected":false},"author":12,"featured_media":115110,"comment_status":"open","ping_status":"closed","sticky":false,"template":"","format":"standard","meta":{"footnotes":""},"categories":[10,180],"tags":[67647,3149],"class_list":["post-115109","post","type-post","status-publish","format-standard","has-post-thumbnail","hentry","category-policia","category-santos","tag-militares","tag-policiais"],"yoast_head":"<!-- This site is optimized with the Yoast SEO plugin v27.4 - https:\/\/yoast.com\/product\/yoast-seo-wordpress\/ -->\n<title>PM\u00b4s s\u00e3o alvo de atentado em local onde \u00f4nibus foi incendiado - Litoral SP<\/title>\n<meta name=\"description\" content=\"Policiais militares foram alvo de atentado no mesmo local onde \u00f4nibus foram incendiado no bairro R\u00e1dio Clube na cidade de Santos.\" \/>\n<meta name=\"robots\" content=\"index, follow, max-snippet:-1, max-image-preview:large, max-video-preview:-1\" \/>\n<link rel=\"canonical\" href=\"https:\/\/redenoticiaz.com.br\/litoralsp\/2024\/03\/18\/pms-sao-alvo-de-atentado-em-local-onde-onibus-foi-incendiado\" \/>\n<meta property=\"og:locale\" content=\"pt_BR\" \/>\n<meta property=\"og:type\" content=\"article\" \/>\n<meta property=\"og:title\" content=\"PM\u00b4s s\u00e3o alvo de atentado em local onde \u00f4nibus foi incendiado - Litoral SP\" \/>\n<meta property=\"og:description\" content=\"Policiais militares foram alvo de atentado no mesmo local onde \u00f4nibus foram incendiado no bairro R\u00e1dio Clube na cidade de Santos.\" \/>\n<meta property=\"og:url\" content=\"https:\/\/redenoticiaz.com.br\/litoralsp\/2024\/03\/18\/pms-sao-alvo-de-atentado-em-local-onde-onibus-foi-incendiado\" \/>\n<meta property=\"og:site_name\" content=\"Litoral SP\" \/>\n<meta property=\"article:published_time\" content=\"2024-03-18T22:19:31+00:00\" \/>\n<meta property=\"og:image\" content=\"https:\/\/redenoticiaz.com.br\/litoralsp\/wp-content\/uploads\/sites\/3\/2024\/03\/21783-1.jpg\" \/>\n\t<meta property=\"og:image:width\" content=\"915\" \/>\n\t<meta property=\"og:image:height\" content=\"609\" \/>\n\t<meta property=\"og:image:type\" content=\"image\/jpeg\" \/>\n<meta name=\"author\" content=\"Gustavo Silva\" \/>\n<meta name=\"twitter:card\" content=\"summary_large_image\" \/>\n<meta name=\"twitter:label1\" content=\"Escrito por\" \/>\n\t<meta name=\"twitter:data1\" content=\"Gustavo Silva\" \/>\n\t<meta name=\"twitter:label2\" content=\"Est. tempo de leitura\" \/>\n\t<meta name=\"twitter:data2\" content=\"1 minuto\" \/>\n<script type=\"application\/ld+json\" class=\"yoast-schema-graph\">{\"@context\":\"https:\\\/\\\/schema.org\",\"@graph\":[{\"@type\":\"Article\",\"@id\":\"https:\\\/\\\/redenoticiaz.com.br\\\/litoralsp\\\/2024\\\/03\\\/18\\\/pms-sao-alvo-de-atentado-em-local-onde-onibus-foi-incendiado#article\",\"isPartOf\":{\"@id\":\"https:\\\/\\\/redenoticiaz.com.br\\\/litoralsp\\\/2024\\\/03\\\/18\\\/pms-sao-alvo-de-atentado-em-local-onde-onibus-foi-incendiado\"},\"author\":{\"name\":\"Gustavo Silva\",\"@id\":\"https:\\\/\\\/redenoticiaz.com.br\\\/litoralsp\\\/#\\\/schema\\\/person\\\/16057b37a3c0ee6b096d7f887c566e2e\"},\"headline\":\"PM\u00b4s s\u00e3o alvo de atentado em local onde \u00f4nibus foi incendiado\",\"datePublished\":\"2024-03-18T22:19:31+00:00\",\"mainEntityOfPage\":{\"@id\":\"https:\\\/\\\/redenoticiaz.com.br\\\/litoralsp\\\/2024\\\/03\\\/18\\\/pms-sao-alvo-de-atentado-em-local-onde-onibus-foi-incendiado\"},\"wordCount\":178,\"commentCount\":0,\"publisher\":{\"@id\":\"https:\\\/\\\/redenoticiaz.com.br\\\/litoralsp\\\/#organization\"},\"image\":{\"@id\":\"https:\\\/\\\/redenoticiaz.com.br\\\/litoralsp\\\/2024\\\/03\\\/18\\\/pms-sao-alvo-de-atentado-em-local-onde-onibus-foi-incendiado#primaryimage\"},\"thumbnailUrl\":\"https:\\\/\\\/redenoticiaz.com.br\\\/litoralsp\\\/wp-content\\\/uploads\\\/sites\\\/3\\\/2024\\\/03\\\/21783-1.jpg\",\"keywords\":[\"MILITARES\",\"POLICIAIS\"],\"articleSection\":[\"Pol\u00edcia\",\"Santos\"],\"inLanguage\":\"pt-BR\",\"potentialAction\":[{\"@type\":\"CommentAction\",\"name\":\"Comment\",\"target\":[\"https:\\\/\\\/redenoticiaz.com.br\\\/litoralsp\\\/2024\\\/03\\\/18\\\/pms-sao-alvo-de-atentado-em-local-onde-onibus-foi-incendiado#respond\"]}]},{\"@type\":\"WebPage\",\"@id\":\"https:\\\/\\\/redenoticiaz.com.br\\\/litoralsp\\\/2024\\\/03\\\/18\\\/pms-sao-alvo-de-atentado-em-local-onde-onibus-foi-incendiado\",\"url\":\"https:\\\/\\\/redenoticiaz.com.br\\\/litoralsp\\\/2024\\\/03\\\/18\\\/pms-sao-alvo-de-atentado-em-local-onde-onibus-foi-incendiado\",\"name\":\"PM\u00b4s s\u00e3o alvo de atentado em local onde \u00f4nibus foi incendiado - Litoral SP\",\"isPartOf\":{\"@id\":\"https:\\\/\\\/redenoticiaz.com.br\\\/litoralsp\\\/#website\"},\"primaryImageOfPage\":{\"@id\":\"https:\\\/\\\/redenoticiaz.com.br\\\/litoralsp\\\/2024\\\/03\\\/18\\\/pms-sao-alvo-de-atentado-em-local-onde-onibus-foi-incendiado#primaryimage\"},\"image\":{\"@id\":\"https:\\\/\\\/redenoticiaz.com.br\\\/litoralsp\\\/2024\\\/03\\\/18\\\/pms-sao-alvo-de-atentado-em-local-onde-onibus-foi-incendiado#primaryimage\"},\"thumbnailUrl\":\"https:\\\/\\\/redenoticiaz.com.br\\\/litoralsp\\\/wp-content\\\/uploads\\\/sites\\\/3\\\/2024\\\/03\\\/21783-1.jpg\",\"datePublished\":\"2024-03-18T22:19:31+00:00\",\"description\":\"Policiais militares foram alvo de atentado no mesmo local onde \u00f4nibus foram incendiado no bairro R\u00e1dio Clube na cidade de Santos.\",\"inLanguage\":\"pt-BR\",\"potentialAction\":[{\"@type\":\"ReadAction\",\"target\":[\"https:\\\/\\\/redenoticiaz.com.br\\\/litoralsp\\\/2024\\\/03\\\/18\\\/pms-sao-alvo-de-atentado-em-local-onde-onibus-foi-incendiado\"]}]},{\"@type\":\"ImageObject\",\"inLanguage\":\"pt-BR\",\"@id\":\"https:\\\/\\\/redenoticiaz.com.br\\\/litoralsp\\\/2024\\\/03\\\/18\\\/pms-sao-alvo-de-atentado-em-local-onde-onibus-foi-incendiado#primaryimage\",\"url\":\"https:\\\/\\\/redenoticiaz.com.br\\\/litoralsp\\\/wp-content\\\/uploads\\\/sites\\\/3\\\/2024\\\/03\\\/21783-1.jpg\",\"contentUrl\":\"https:\\\/\\\/redenoticiaz.com.br\\\/litoralsp\\\/wp-content\\\/uploads\\\/sites\\\/3\\\/2024\\\/03\\\/21783-1.jpg\",\"width\":915,\"height\":609},{\"@type\":\"WebSite\",\"@id\":\"https:\\\/\\\/redenoticiaz.com.br\\\/litoralsp\\\/#website\",\"url\":\"https:\\\/\\\/redenoticiaz.com.br\\\/litoralsp\\\/\",\"name\":\"Litoral SP\",\"description\":\"Rede NoticiaZ\",\"publisher\":{\"@id\":\"https:\\\/\\\/redenoticiaz.com.br\\\/litoralsp\\\/#organization\"},\"potentialAction\":[{\"@type\":\"SearchAction\",\"target\":{\"@type\":\"EntryPoint\",\"urlTemplate\":\"https:\\\/\\\/redenoticiaz.com.br\\\/litoralsp\\\/?s={search_term_string}\"},\"query-input\":{\"@type\":\"PropertyValueSpecification\",\"valueRequired\":true,\"valueName\":\"search_term_string\"}}],\"inLanguage\":\"pt-BR\"},{\"@type\":\"Organization\",\"@id\":\"https:\\\/\\\/redenoticiaz.com.br\\\/litoralsp\\\/#organization\",\"name\":\"Litoral SP\",\"url\":\"https:\\\/\\\/redenoticiaz.com.br\\\/litoralsp\\\/\",\"logo\":{\"@type\":\"ImageObject\",\"inLanguage\":\"pt-BR\",\"@id\":\"https:\\\/\\\/redenoticiaz.com.br\\\/litoralsp\\\/#\\\/schema\\\/logo\\\/image\\\/\",\"url\":\"https:\\\/\\\/redenoticiaz.com.br\\\/litoralsp\\\/wp-content\\\/uploads\\\/sites\\\/3\\\/2020\\\/11\\\/logo.jpg\",\"contentUrl\":\"https:\\\/\\\/redenoticiaz.com.br\\\/litoralsp\\\/wp-content\\\/uploads\\\/sites\\\/3\\\/2020\\\/11\\\/logo.jpg\",\"width\":400,\"height\":250,\"caption\":\"Litoral SP\"},\"image\":{\"@id\":\"https:\\\/\\\/redenoticiaz.com.br\\\/litoralsp\\\/#\\\/schema\\\/logo\\\/image\\\/\"}},{\"@type\":\"Person\",\"@id\":\"https:\\\/\\\/redenoticiaz.com.br\\\/litoralsp\\\/#\\\/schema\\\/person\\\/16057b37a3c0ee6b096d7f887c566e2e\",\"name\":\"Gustavo Silva\",\"image\":{\"@type\":\"ImageObject\",\"inLanguage\":\"pt-BR\",\"@id\":\"https:\\\/\\\/secure.gravatar.com\\\/avatar\\\/3ee4e82f93b26de0a7cf4ea5eb7893da637ed6bb0c9170c58065944c56e28a33?s=96&d=mm&r=g\",\"url\":\"https:\\\/\\\/secure.gravatar.com\\\/avatar\\\/3ee4e82f93b26de0a7cf4ea5eb7893da637ed6bb0c9170c58065944c56e28a33?s=96&d=mm&r=g\",\"contentUrl\":\"https:\\\/\\\/secure.gravatar.com\\\/avatar\\\/3ee4e82f93b26de0a7cf4ea5eb7893da637ed6bb0c9170c58065944c56e28a33?s=96&d=mm&r=g\",\"caption\":\"Gustavo Silva\"},\"url\":\"https:\\\/\\\/redenoticiaz.com.br\\\/litoralsp\\\/author\\\/gustavosilva\"}]}<\/script>\n<!-- \/ Yoast SEO plugin. -->","yoast_head_json":{"title":"PM\u00b4s s\u00e3o alvo de atentado em local onde \u00f4nibus foi incendiado - Litoral SP","description":"Policiais militares foram alvo de atentado no mesmo local onde \u00f4nibus foram incendiado no bairro R\u00e1dio Clube na cidade de Santos.","robots":{"index":"index","follow":"follow","max-snippet":"max-snippet:-1","max-image-preview":"max-image-preview:large","max-video-preview":"max-video-preview:-1"},"canonical":"https:\/\/redenoticiaz.com.br\/litoralsp\/2024\/03\/18\/pms-sao-alvo-de-atentado-em-local-onde-onibus-foi-incendiado","og_locale":"pt_BR","og_type":"article","og_title":"PM\u00b4s s\u00e3o alvo de atentado em local onde \u00f4nibus foi incendiado - Litoral SP","og_description":"Policiais militares foram alvo de atentado no mesmo local onde \u00f4nibus foram incendiado no bairro R\u00e1dio Clube na cidade de Santos.","og_url":"https:\/\/redenoticiaz.com.br\/litoralsp\/2024\/03\/18\/pms-sao-alvo-de-atentado-em-local-onde-onibus-foi-incendiado","og_site_name":"Litoral SP","article_published_time":"2024-03-18T22:19:31+00:00","og_image":[{"width":915,"height":609,"url":"https:\/\/redenoticiaz.com.br\/litoralsp\/wp-content\/uploads\/sites\/3\/2024\/03\/21783-1.jpg","type":"image\/jpeg"}],"author":"Gustavo Silva","twitter_card":"summary_large_image","twitter_misc":{"Escrito por":"Gustavo Silva","Est. tempo de leitura":"1 minuto"},"schema":{"@context":"https:\/\/schema.org","@graph":[{"@type":"Article","@id":"https:\/\/redenoticiaz.com.br\/litoralsp\/2024\/03\/18\/pms-sao-alvo-de-atentado-em-local-onde-onibus-foi-incendiado#article","isPartOf":{"@id":"https:\/\/redenoticiaz.com.br\/litoralsp\/2024\/03\/18\/pms-sao-alvo-de-atentado-em-local-onde-onibus-foi-incendiado"},"author":{"name":"Gustavo Silva","@id":"https:\/\/redenoticiaz.com.br\/litoralsp\/#\/schema\/person\/16057b37a3c0ee6b096d7f887c566e2e"},"headline":"PM\u00b4s s\u00e3o alvo de atentado em local onde \u00f4nibus foi incendiado","datePublished":"2024-03-18T22:19:31+00:00","mainEntityOfPage":{"@id":"https:\/\/redenoticiaz.com.br\/litoralsp\/2024\/03\/18\/pms-sao-alvo-de-atentado-em-local-onde-onibus-foi-incendiado"},"wordCount":178,"commentCount":0,"publisher":{"@id":"https:\/\/redenoticiaz.com.br\/litoralsp\/#organization"},"image":{"@id":"https:\/\/redenoticiaz.com.br\/litoralsp\/2024\/03\/18\/pms-sao-alvo-de-atentado-em-local-onde-onibus-foi-incendiado#primaryimage"},"thumbnailUrl":"https:\/\/redenoticiaz.com.br\/litoralsp\/wp-content\/uploads\/sites\/3\/2024\/03\/21783-1.jpg","keywords":["MILITARES","POLICIAIS"],"articleSection":["Pol\u00edcia","Santos"],"inLanguage":"pt-BR","potentialAction":[{"@type":"CommentAction","name":"Comment","target":["https:\/\/redenoticiaz.com.br\/litoralsp\/2024\/03\/18\/pms-sao-alvo-de-atentado-em-local-onde-onibus-foi-incendiado#respond"]}]},{"@type":"WebPage","@id":"https:\/\/redenoticiaz.com.br\/litoralsp\/2024\/03\/18\/pms-sao-alvo-de-atentado-em-local-onde-onibus-foi-incendiado","url":"https:\/\/redenoticiaz.com.br\/litoralsp\/2024\/03\/18\/pms-sao-alvo-de-atentado-em-local-onde-onibus-foi-incendiado","name":"PM\u00b4s s\u00e3o alvo de atentado em local onde \u00f4nibus foi incendiado - Litoral SP","isPartOf":{"@id":"https:\/\/redenoticiaz.com.br\/litoralsp\/#website"},"primaryImageOfPage":{"@id":"https:\/\/redenoticiaz.com.br\/litoralsp\/2024\/03\/18\/pms-sao-alvo-de-atentado-em-local-onde-onibus-foi-incendiado#primaryimage"},"image":{"@id":"https:\/\/redenoticiaz.com.br\/litoralsp\/2024\/03\/18\/pms-sao-alvo-de-atentado-em-local-onde-onibus-foi-incendiado#primaryimage"},"thumbnailUrl":"https:\/\/redenoticiaz.com.br\/litoralsp\/wp-content\/uploads\/sites\/3\/2024\/03\/21783-1.jpg","datePublished":"2024-03-18T22:19:31+00:00","description":"Policiais militares foram alvo de atentado no mesmo local onde \u00f4nibus foram incendiado no bairro R\u00e1dio Clube na cidade de Santos.","inLanguage":"pt-BR","potentialAction":[{"@type":"ReadAction","target":["https:\/\/redenoticiaz.com.br\/litoralsp\/2024\/03\/18\/pms-sao-alvo-de-atentado-em-local-onde-onibus-foi-incendiado"]}]},{"@type":"ImageObject","inLanguage":"pt-BR","@id":"https:\/\/redenoticiaz.com.br\/litoralsp\/2024\/03\/18\/pms-sao-alvo-de-atentado-em-local-onde-onibus-foi-incendiado#primaryimage","url":"https:\/\/redenoticiaz.com.br\/litoralsp\/wp-content\/uploads\/sites\/3\/2024\/03\/21783-1.jpg","contentUrl":"https:\/\/redenoticiaz.com.br\/litoralsp\/wp-content\/uploads\/sites\/3\/2024\/03\/21783-1.jpg","width":915,"height":609},{"@type":"WebSite","@id":"https:\/\/redenoticiaz.com.br\/litoralsp\/#website","url":"https:\/\/redenoticiaz.com.br\/litoralsp\/","name":"Litoral SP","description":"Rede NoticiaZ","publisher":{"@id":"https:\/\/redenoticiaz.com.br\/litoralsp\/#organization"},"potentialAction":[{"@type":"SearchAction","target":{"@type":"EntryPoint","urlTemplate":"https:\/\/redenoticiaz.com.br\/litoralsp\/?s={search_term_string}"},"query-input":{"@type":"PropertyValueSpecification","valueRequired":true,"valueName":"search_term_string"}}],"inLanguage":"pt-BR"},{"@type":"Organization","@id":"https:\/\/redenoticiaz.com.br\/litoralsp\/#organization","name":"Litoral SP","url":"https:\/\/redenoticiaz.com.br\/litoralsp\/","logo":{"@type":"ImageObject","inLanguage":"pt-BR","@id":"https:\/\/redenoticiaz.com.br\/litoralsp\/#\/schema\/logo\/image\/","url":"https:\/\/redenoticiaz.com.br\/litoralsp\/wp-content\/uploads\/sites\/3\/2020\/11\/logo.jpg","contentUrl":"https:\/\/redenoticiaz.com.br\/litoralsp\/wp-content\/uploads\/sites\/3\/2020\/11\/logo.jpg","width":400,"height":250,"caption":"Litoral SP"},"image":{"@id":"https:\/\/redenoticiaz.com.br\/litoralsp\/#\/schema\/logo\/image\/"}},{"@type":"Person","@id":"https:\/\/redenoticiaz.com.br\/litoralsp\/#\/schema\/person\/16057b37a3c0ee6b096d7f887c566e2e","name":"Gustavo Silva","image":{"@type":"ImageObject","inLanguage":"pt-BR","@id":"https:\/\/secure.gravatar.com\/avatar\/3ee4e82f93b26de0a7cf4ea5eb7893da637ed6bb0c9170c58065944c56e28a33?s=96&d=mm&r=g","url":"https:\/\/secure.gravatar.com\/avatar\/3ee4e82f93b26de0a7cf4ea5eb7893da637ed6bb0c9170c58065944c56e28a33?s=96&d=mm&r=g","contentUrl":"https:\/\/secure.gravatar.com\/avatar\/3ee4e82f93b26de0a7cf4ea5eb7893da637ed6bb0c9170c58065944c56e28a33?s=96&d=mm&r=g","caption":"Gustavo Silva"},"url":"https:\/\/redenoticiaz.com.br\/litoralsp\/author\/gustavosilva"}]}},"_links":{"self":[{"href":"https:\/\/redenoticiaz.com.br\/litoralsp\/wp-json\/wp\/v2\/posts\/115109","targetHints":{"allow":["GET"]}}],"collection":[{"href":"https:\/\/redenoticiaz.com.br\/litoralsp\/wp-json\/wp\/v2\/posts"}],"about":[{"href":"https:\/\/redenoticiaz.com.br\/litoralsp\/wp-json\/wp\/v2\/types\/post"}],"author":[{"embeddable":true,"href":"https:\/\/redenoticiaz.com.br\/litoralsp\/wp-json\/wp\/v2\/users\/12"}],"replies":[{"embeddable":true,"href":"https:\/\/redenoticiaz.com.br\/litoralsp\/wp-json\/wp\/v2\/comments?post=115109"}],"version-history":[{"count":1,"href":"https:\/\/redenoticiaz.com.br\/litoralsp\/wp-json\/wp\/v2\/posts\/115109\/revisions"}],"predecessor-version":[{"id":115111,"href":"https:\/\/redenoticiaz.com.br\/litoralsp\/wp-json\/wp\/v2\/posts\/115109\/revisions\/115111"}],"wp:featuredmedia":[{"embeddable":true,"href":"https:\/\/redenoticiaz.com.br\/litoralsp\/wp-json\/wp\/v2\/media\/115110"}],"wp:attachment":[{"href":"https:\/\/redenoticiaz.com.br\/litoralsp\/wp-json\/wp\/v2\/media?parent=115109"}],"wp:term":[{"taxonomy":"category","embeddable":true,"href":"https:\/\/redenoticiaz.com.br\/litoralsp\/wp-json\/wp\/v2\/categories?post=115109"},{"taxonomy":"post_tag","embeddable":true,"href":"https:\/\/redenoticiaz.com.br\/litoralsp\/wp-json\/wp\/v2\/tags?post=115109"}],"curies":[{"name":"wp","href":"https:\/\/api.w.org\/{rel}","templated":true}]}}