{"id":115130,"date":"2024-03-19T21:50:13","date_gmt":"2024-03-20T00:50:13","guid":{"rendered":"https:\/\/redenoticiaz.com.br\/litoralsp\/?p=115130"},"modified":"2024-03-19T21:50:13","modified_gmt":"2024-03-20T00:50:13","slug":"outono-comeca-com-frente-fria-mas-sera-de-calor-acima-da-media","status":"publish","type":"post","link":"https:\/\/redenoticiaz.com.br\/litoralsp\/2024\/03\/19\/outono-comeca-com-frente-fria-mas-sera-de-calor-acima-da-media","title":{"rendered":"Outono come\u00e7a com frente fria, mas ser\u00e1 de calor acima da m\u00e9dia"},"content":{"rendered":"<p>O outono come\u00e7a nesta quarta-feira (20) em Santos e vem quase ao mesmo tempo da chegada de uma frente fria. Mas n\u00e3o se engane, a previs\u00e3o para a esta\u00e7\u00e3o \u00e9 de dias quentes, com temperaturas acima da m\u00e9dia, assim como no ver\u00e3o, que termina nesta ter\u00e7a-feira.<\/p>\n<p>Segundo a previs\u00e3o da Defesa Civil de Santos, para esta quarta-feira (20) n\u00e3o h\u00e1 previs\u00e3o de chuva e o outono chegar\u00e1 trazendo uma temperatura de at\u00e9 33\u00b0C.<\/p>\n<p>J\u00e1 o avan\u00e7o de uma frente fria sobre a regi\u00e3o causar\u00e1 mudan\u00e7a de tempo a partir da tarde da quinta-feira (21), espalhando instabilidades e pancadas de chuva tamb\u00e9m no decorrer da sexta-feira (22).<\/p>\n<p>Mas, ainda de acordo com o \u00f3rg\u00e3o, a mudan\u00e7a no tempo \u00e9 passageira, j\u00e1 que teremos dias quentes ainda no in\u00edcio da esta\u00e7\u00e3o, entre mar\u00e7o e abril, com temperaturas acima da m\u00e9dia, em torno de 28\u00b0C. A tend\u00eancia \u00e9 de que, em alguns dias, possa passar de 30\u00b0C.<\/p>\n<p>Leia mais<\/p>\n<p><a href=\"https:\/\/redenoticiaz.com.br\/litoralsp\/2024\/03\/15\/nova-base-da-guarda-municipal-reforca-seguranca-no-centro-historico-de-santos\">Nova base da Guarda Municipal refor\u00e7a seguran\u00e7a no Centro Hist\u00f3rico de Santos<\/a><\/p>\n<p><a href=\"https:\/\/redenoticiaz.com.br\/litoralsp\/2024\/03\/18\/casos-de-covid-19-tem-alta-de-182-na-baixada-santista\">Casos de Covid-19 tem alta de 182% na Baixada Santista<\/a><\/p>\n","protected":false},"excerpt":{"rendered":"<p>O outono come\u00e7a nesta quarta-feira (20) em Santos e vem quase ao mesmo tempo da chegada de uma frente fria. Mas n\u00e3o se engane, a previs\u00e3o para a esta\u00e7\u00e3o \u00e9 de dias quentes, com temperaturas acima da m\u00e9dia, assim como no ver\u00e3o, que termina nesta ter\u00e7a-feira. Segundo a previs\u00e3o da Defesa Civil de Santos, para &hellip;<\/p>\n","protected":false},"author":12,"featured_media":102751,"comment_status":"open","ping_status":"closed","sticky":false,"template":"","format":"standard","meta":{"footnotes":""},"categories":[26798],"tags":[10996,986],"class_list":["post-115130","post","type-post","status-publish","format-standard","has-post-thumbnail","hentry","category-climatologia","tag-frente-fria","tag-santos"],"yoast_head":"<!-- This site is optimized with the Yoast SEO plugin v27.4 - https:\/\/yoast.com\/product\/yoast-seo-wordpress\/ -->\n<title>Outono come\u00e7a com frente fria, mas ser\u00e1 de calor acima da m\u00e9dia - Litoral SP<\/title>\n<meta name=\"description\" content=\"O outono come\u00e7a nesta quarta-feira (20) em Santos e vem quase ao mesmo tempo da chegada de uma frente fria.\" \/>\n<meta name=\"robots\" content=\"index, follow, max-snippet:-1, max-image-preview:large, max-video-preview:-1\" \/>\n<link rel=\"canonical\" href=\"https:\/\/redenoticiaz.com.br\/litoralsp\/2024\/03\/19\/outono-comeca-com-frente-fria-mas-sera-de-calor-acima-da-media\" \/>\n<meta property=\"og:locale\" content=\"pt_BR\" \/>\n<meta property=\"og:type\" content=\"article\" \/>\n<meta property=\"og:title\" content=\"Outono come\u00e7a com frente fria, mas ser\u00e1 de calor acima da m\u00e9dia - Litoral SP\" \/>\n<meta property=\"og:description\" content=\"O outono come\u00e7a nesta quarta-feira (20) em Santos e vem quase ao mesmo tempo da chegada de uma frente fria.\" \/>\n<meta property=\"og:url\" content=\"https:\/\/redenoticiaz.com.br\/litoralsp\/2024\/03\/19\/outono-comeca-com-frente-fria-mas-sera-de-calor-acima-da-media\" \/>\n<meta property=\"og:site_name\" content=\"Litoral SP\" \/>\n<meta property=\"article:published_time\" content=\"2024-03-20T00:50:13+00:00\" \/>\n<meta property=\"og:image\" content=\"https:\/\/redenoticiaz.com.br\/litoralsp\/wp-content\/uploads\/sites\/3\/2023\/03\/outono-23.jpg\" \/>\n\t<meta property=\"og:image:width\" content=\"1000\" \/>\n\t<meta property=\"og:image:height\" content=\"593\" \/>\n\t<meta property=\"og:image:type\" content=\"image\/jpeg\" \/>\n<meta name=\"author\" content=\"Gustavo Silva\" \/>\n<meta name=\"twitter:card\" content=\"summary_large_image\" \/>\n<meta name=\"twitter:label1\" content=\"Escrito por\" \/>\n\t<meta name=\"twitter:data1\" content=\"Gustavo Silva\" \/>\n\t<meta name=\"twitter:label2\" content=\"Est. tempo de leitura\" \/>\n\t<meta name=\"twitter:data2\" content=\"1 minuto\" \/>\n<script type=\"application\/ld+json\" class=\"yoast-schema-graph\">{\"@context\":\"https:\\\/\\\/schema.org\",\"@graph\":[{\"@type\":\"Article\",\"@id\":\"https:\\\/\\\/redenoticiaz.com.br\\\/litoralsp\\\/2024\\\/03\\\/19\\\/outono-comeca-com-frente-fria-mas-sera-de-calor-acima-da-media#article\",\"isPartOf\":{\"@id\":\"https:\\\/\\\/redenoticiaz.com.br\\\/litoralsp\\\/2024\\\/03\\\/19\\\/outono-comeca-com-frente-fria-mas-sera-de-calor-acima-da-media\"},\"author\":{\"name\":\"Gustavo Silva\",\"@id\":\"https:\\\/\\\/redenoticiaz.com.br\\\/litoralsp\\\/#\\\/schema\\\/person\\\/16057b37a3c0ee6b096d7f887c566e2e\"},\"headline\":\"Outono come\u00e7a com frente fria, mas ser\u00e1 de calor acima da m\u00e9dia\",\"datePublished\":\"2024-03-20T00:50:13+00:00\",\"mainEntityOfPage\":{\"@id\":\"https:\\\/\\\/redenoticiaz.com.br\\\/litoralsp\\\/2024\\\/03\\\/19\\\/outono-comeca-com-frente-fria-mas-sera-de-calor-acima-da-media\"},\"wordCount\":208,\"commentCount\":0,\"publisher\":{\"@id\":\"https:\\\/\\\/redenoticiaz.com.br\\\/litoralsp\\\/#organization\"},\"image\":{\"@id\":\"https:\\\/\\\/redenoticiaz.com.br\\\/litoralsp\\\/2024\\\/03\\\/19\\\/outono-comeca-com-frente-fria-mas-sera-de-calor-acima-da-media#primaryimage\"},\"thumbnailUrl\":\"https:\\\/\\\/redenoticiaz.com.br\\\/litoralsp\\\/wp-content\\\/uploads\\\/sites\\\/3\\\/2023\\\/03\\\/outono-23.jpg\",\"keywords\":[\"FRENTE FRIA\",\"Santos\"],\"articleSection\":[\"Climatologia\"],\"inLanguage\":\"pt-BR\",\"potentialAction\":[{\"@type\":\"CommentAction\",\"name\":\"Comment\",\"target\":[\"https:\\\/\\\/redenoticiaz.com.br\\\/litoralsp\\\/2024\\\/03\\\/19\\\/outono-comeca-com-frente-fria-mas-sera-de-calor-acima-da-media#respond\"]}]},{\"@type\":\"WebPage\",\"@id\":\"https:\\\/\\\/redenoticiaz.com.br\\\/litoralsp\\\/2024\\\/03\\\/19\\\/outono-comeca-com-frente-fria-mas-sera-de-calor-acima-da-media\",\"url\":\"https:\\\/\\\/redenoticiaz.com.br\\\/litoralsp\\\/2024\\\/03\\\/19\\\/outono-comeca-com-frente-fria-mas-sera-de-calor-acima-da-media\",\"name\":\"Outono come\u00e7a com frente fria, mas ser\u00e1 de calor acima da m\u00e9dia - Litoral SP\",\"isPartOf\":{\"@id\":\"https:\\\/\\\/redenoticiaz.com.br\\\/litoralsp\\\/#website\"},\"primaryImageOfPage\":{\"@id\":\"https:\\\/\\\/redenoticiaz.com.br\\\/litoralsp\\\/2024\\\/03\\\/19\\\/outono-comeca-com-frente-fria-mas-sera-de-calor-acima-da-media#primaryimage\"},\"image\":{\"@id\":\"https:\\\/\\\/redenoticiaz.com.br\\\/litoralsp\\\/2024\\\/03\\\/19\\\/outono-comeca-com-frente-fria-mas-sera-de-calor-acima-da-media#primaryimage\"},\"thumbnailUrl\":\"https:\\\/\\\/redenoticiaz.com.br\\\/litoralsp\\\/wp-content\\\/uploads\\\/sites\\\/3\\\/2023\\\/03\\\/outono-23.jpg\",\"datePublished\":\"2024-03-20T00:50:13+00:00\",\"description\":\"O outono come\u00e7a nesta quarta-feira (20) em Santos e vem quase ao mesmo tempo da chegada de uma frente fria.\",\"inLanguage\":\"pt-BR\",\"potentialAction\":[{\"@type\":\"ReadAction\",\"target\":[\"https:\\\/\\\/redenoticiaz.com.br\\\/litoralsp\\\/2024\\\/03\\\/19\\\/outono-comeca-com-frente-fria-mas-sera-de-calor-acima-da-media\"]}]},{\"@type\":\"ImageObject\",\"inLanguage\":\"pt-BR\",\"@id\":\"https:\\\/\\\/redenoticiaz.com.br\\\/litoralsp\\\/2024\\\/03\\\/19\\\/outono-comeca-com-frente-fria-mas-sera-de-calor-acima-da-media#primaryimage\",\"url\":\"https:\\\/\\\/redenoticiaz.com.br\\\/litoralsp\\\/wp-content\\\/uploads\\\/sites\\\/3\\\/2023\\\/03\\\/outono-23.jpg\",\"contentUrl\":\"https:\\\/\\\/redenoticiaz.com.br\\\/litoralsp\\\/wp-content\\\/uploads\\\/sites\\\/3\\\/2023\\\/03\\\/outono-23.jpg\",\"width\":1000,\"height\":593,\"caption\":\"Cr\u00e9ditos: Divulga\u00e7\u00e3o\"},{\"@type\":\"WebSite\",\"@id\":\"https:\\\/\\\/redenoticiaz.com.br\\\/litoralsp\\\/#website\",\"url\":\"https:\\\/\\\/redenoticiaz.com.br\\\/litoralsp\\\/\",\"name\":\"Litoral SP\",\"description\":\"Rede NoticiaZ\",\"publisher\":{\"@id\":\"https:\\\/\\\/redenoticiaz.com.br\\\/litoralsp\\\/#organization\"},\"potentialAction\":[{\"@type\":\"SearchAction\",\"target\":{\"@type\":\"EntryPoint\",\"urlTemplate\":\"https:\\\/\\\/redenoticiaz.com.br\\\/litoralsp\\\/?s={search_term_string}\"},\"query-input\":{\"@type\":\"PropertyValueSpecification\",\"valueRequired\":true,\"valueName\":\"search_term_string\"}}],\"inLanguage\":\"pt-BR\"},{\"@type\":\"Organization\",\"@id\":\"https:\\\/\\\/redenoticiaz.com.br\\\/litoralsp\\\/#organization\",\"name\":\"Litoral SP\",\"url\":\"https:\\\/\\\/redenoticiaz.com.br\\\/litoralsp\\\/\",\"logo\":{\"@type\":\"ImageObject\",\"inLanguage\":\"pt-BR\",\"@id\":\"https:\\\/\\\/redenoticiaz.com.br\\\/litoralsp\\\/#\\\/schema\\\/logo\\\/image\\\/\",\"url\":\"https:\\\/\\\/redenoticiaz.com.br\\\/litoralsp\\\/wp-content\\\/uploads\\\/sites\\\/3\\\/2020\\\/11\\\/logo.jpg\",\"contentUrl\":\"https:\\\/\\\/redenoticiaz.com.br\\\/litoralsp\\\/wp-content\\\/uploads\\\/sites\\\/3\\\/2020\\\/11\\\/logo.jpg\",\"width\":400,\"height\":250,\"caption\":\"Litoral SP\"},\"image\":{\"@id\":\"https:\\\/\\\/redenoticiaz.com.br\\\/litoralsp\\\/#\\\/schema\\\/logo\\\/image\\\/\"}},{\"@type\":\"Person\",\"@id\":\"https:\\\/\\\/redenoticiaz.com.br\\\/litoralsp\\\/#\\\/schema\\\/person\\\/16057b37a3c0ee6b096d7f887c566e2e\",\"name\":\"Gustavo Silva\",\"image\":{\"@type\":\"ImageObject\",\"inLanguage\":\"pt-BR\",\"@id\":\"https:\\\/\\\/secure.gravatar.com\\\/avatar\\\/3ee4e82f93b26de0a7cf4ea5eb7893da637ed6bb0c9170c58065944c56e28a33?s=96&d=mm&r=g\",\"url\":\"https:\\\/\\\/secure.gravatar.com\\\/avatar\\\/3ee4e82f93b26de0a7cf4ea5eb7893da637ed6bb0c9170c58065944c56e28a33?s=96&d=mm&r=g\",\"contentUrl\":\"https:\\\/\\\/secure.gravatar.com\\\/avatar\\\/3ee4e82f93b26de0a7cf4ea5eb7893da637ed6bb0c9170c58065944c56e28a33?s=96&d=mm&r=g\",\"caption\":\"Gustavo Silva\"},\"url\":\"https:\\\/\\\/redenoticiaz.com.br\\\/litoralsp\\\/author\\\/gustavosilva\"}]}<\/script>\n<!-- \/ Yoast SEO plugin. -->","yoast_head_json":{"title":"Outono come\u00e7a com frente fria, mas ser\u00e1 de calor acima da m\u00e9dia - Litoral SP","description":"O outono come\u00e7a nesta quarta-feira (20) em Santos e vem quase ao mesmo tempo da chegada de uma frente fria.","robots":{"index":"index","follow":"follow","max-snippet":"max-snippet:-1","max-image-preview":"max-image-preview:large","max-video-preview":"max-video-preview:-1"},"canonical":"https:\/\/redenoticiaz.com.br\/litoralsp\/2024\/03\/19\/outono-comeca-com-frente-fria-mas-sera-de-calor-acima-da-media","og_locale":"pt_BR","og_type":"article","og_title":"Outono come\u00e7a com frente fria, mas ser\u00e1 de calor acima da m\u00e9dia - Litoral SP","og_description":"O outono come\u00e7a nesta quarta-feira (20) em Santos e vem quase ao mesmo tempo da chegada de uma frente fria.","og_url":"https:\/\/redenoticiaz.com.br\/litoralsp\/2024\/03\/19\/outono-comeca-com-frente-fria-mas-sera-de-calor-acima-da-media","og_site_name":"Litoral SP","article_published_time":"2024-03-20T00:50:13+00:00","og_image":[{"width":1000,"height":593,"url":"https:\/\/redenoticiaz.com.br\/litoralsp\/wp-content\/uploads\/sites\/3\/2023\/03\/outono-23.jpg","type":"image\/jpeg"}],"author":"Gustavo Silva","twitter_card":"summary_large_image","twitter_misc":{"Escrito por":"Gustavo Silva","Est. tempo de leitura":"1 minuto"},"schema":{"@context":"https:\/\/schema.org","@graph":[{"@type":"Article","@id":"https:\/\/redenoticiaz.com.br\/litoralsp\/2024\/03\/19\/outono-comeca-com-frente-fria-mas-sera-de-calor-acima-da-media#article","isPartOf":{"@id":"https:\/\/redenoticiaz.com.br\/litoralsp\/2024\/03\/19\/outono-comeca-com-frente-fria-mas-sera-de-calor-acima-da-media"},"author":{"name":"Gustavo Silva","@id":"https:\/\/redenoticiaz.com.br\/litoralsp\/#\/schema\/person\/16057b37a3c0ee6b096d7f887c566e2e"},"headline":"Outono come\u00e7a com frente fria, mas ser\u00e1 de calor acima da m\u00e9dia","datePublished":"2024-03-20T00:50:13+00:00","mainEntityOfPage":{"@id":"https:\/\/redenoticiaz.com.br\/litoralsp\/2024\/03\/19\/outono-comeca-com-frente-fria-mas-sera-de-calor-acima-da-media"},"wordCount":208,"commentCount":0,"publisher":{"@id":"https:\/\/redenoticiaz.com.br\/litoralsp\/#organization"},"image":{"@id":"https:\/\/redenoticiaz.com.br\/litoralsp\/2024\/03\/19\/outono-comeca-com-frente-fria-mas-sera-de-calor-acima-da-media#primaryimage"},"thumbnailUrl":"https:\/\/redenoticiaz.com.br\/litoralsp\/wp-content\/uploads\/sites\/3\/2023\/03\/outono-23.jpg","keywords":["FRENTE FRIA","Santos"],"articleSection":["Climatologia"],"inLanguage":"pt-BR","potentialAction":[{"@type":"CommentAction","name":"Comment","target":["https:\/\/redenoticiaz.com.br\/litoralsp\/2024\/03\/19\/outono-comeca-com-frente-fria-mas-sera-de-calor-acima-da-media#respond"]}]},{"@type":"WebPage","@id":"https:\/\/redenoticiaz.com.br\/litoralsp\/2024\/03\/19\/outono-comeca-com-frente-fria-mas-sera-de-calor-acima-da-media","url":"https:\/\/redenoticiaz.com.br\/litoralsp\/2024\/03\/19\/outono-comeca-com-frente-fria-mas-sera-de-calor-acima-da-media","name":"Outono come\u00e7a com frente fria, mas ser\u00e1 de calor acima da m\u00e9dia - Litoral SP","isPartOf":{"@id":"https:\/\/redenoticiaz.com.br\/litoralsp\/#website"},"primaryImageOfPage":{"@id":"https:\/\/redenoticiaz.com.br\/litoralsp\/2024\/03\/19\/outono-comeca-com-frente-fria-mas-sera-de-calor-acima-da-media#primaryimage"},"image":{"@id":"https:\/\/redenoticiaz.com.br\/litoralsp\/2024\/03\/19\/outono-comeca-com-frente-fria-mas-sera-de-calor-acima-da-media#primaryimage"},"thumbnailUrl":"https:\/\/redenoticiaz.com.br\/litoralsp\/wp-content\/uploads\/sites\/3\/2023\/03\/outono-23.jpg","datePublished":"2024-03-20T00:50:13+00:00","description":"O outono come\u00e7a nesta quarta-feira (20) em Santos e vem quase ao mesmo tempo da chegada de uma frente fria.","inLanguage":"pt-BR","potentialAction":[{"@type":"ReadAction","target":["https:\/\/redenoticiaz.com.br\/litoralsp\/2024\/03\/19\/outono-comeca-com-frente-fria-mas-sera-de-calor-acima-da-media"]}]},{"@type":"ImageObject","inLanguage":"pt-BR","@id":"https:\/\/redenoticiaz.com.br\/litoralsp\/2024\/03\/19\/outono-comeca-com-frente-fria-mas-sera-de-calor-acima-da-media#primaryimage","url":"https:\/\/redenoticiaz.com.br\/litoralsp\/wp-content\/uploads\/sites\/3\/2023\/03\/outono-23.jpg","contentUrl":"https:\/\/redenoticiaz.com.br\/litoralsp\/wp-content\/uploads\/sites\/3\/2023\/03\/outono-23.jpg","width":1000,"height":593,"caption":"Cr\u00e9ditos: Divulga\u00e7\u00e3o"},{"@type":"WebSite","@id":"https:\/\/redenoticiaz.com.br\/litoralsp\/#website","url":"https:\/\/redenoticiaz.com.br\/litoralsp\/","name":"Litoral SP","description":"Rede NoticiaZ","publisher":{"@id":"https:\/\/redenoticiaz.com.br\/litoralsp\/#organization"},"potentialAction":[{"@type":"SearchAction","target":{"@type":"EntryPoint","urlTemplate":"https:\/\/redenoticiaz.com.br\/litoralsp\/?s={search_term_string}"},"query-input":{"@type":"PropertyValueSpecification","valueRequired":true,"valueName":"search_term_string"}}],"inLanguage":"pt-BR"},{"@type":"Organization","@id":"https:\/\/redenoticiaz.com.br\/litoralsp\/#organization","name":"Litoral SP","url":"https:\/\/redenoticiaz.com.br\/litoralsp\/","logo":{"@type":"ImageObject","inLanguage":"pt-BR","@id":"https:\/\/redenoticiaz.com.br\/litoralsp\/#\/schema\/logo\/image\/","url":"https:\/\/redenoticiaz.com.br\/litoralsp\/wp-content\/uploads\/sites\/3\/2020\/11\/logo.jpg","contentUrl":"https:\/\/redenoticiaz.com.br\/litoralsp\/wp-content\/uploads\/sites\/3\/2020\/11\/logo.jpg","width":400,"height":250,"caption":"Litoral SP"},"image":{"@id":"https:\/\/redenoticiaz.com.br\/litoralsp\/#\/schema\/logo\/image\/"}},{"@type":"Person","@id":"https:\/\/redenoticiaz.com.br\/litoralsp\/#\/schema\/person\/16057b37a3c0ee6b096d7f887c566e2e","name":"Gustavo Silva","image":{"@type":"ImageObject","inLanguage":"pt-BR","@id":"https:\/\/secure.gravatar.com\/avatar\/3ee4e82f93b26de0a7cf4ea5eb7893da637ed6bb0c9170c58065944c56e28a33?s=96&d=mm&r=g","url":"https:\/\/secure.gravatar.com\/avatar\/3ee4e82f93b26de0a7cf4ea5eb7893da637ed6bb0c9170c58065944c56e28a33?s=96&d=mm&r=g","contentUrl":"https:\/\/secure.gravatar.com\/avatar\/3ee4e82f93b26de0a7cf4ea5eb7893da637ed6bb0c9170c58065944c56e28a33?s=96&d=mm&r=g","caption":"Gustavo Silva"},"url":"https:\/\/redenoticiaz.com.br\/litoralsp\/author\/gustavosilva"}]}},"_links":{"self":[{"href":"https:\/\/redenoticiaz.com.br\/litoralsp\/wp-json\/wp\/v2\/posts\/115130","targetHints":{"allow":["GET"]}}],"collection":[{"href":"https:\/\/redenoticiaz.com.br\/litoralsp\/wp-json\/wp\/v2\/posts"}],"about":[{"href":"https:\/\/redenoticiaz.com.br\/litoralsp\/wp-json\/wp\/v2\/types\/post"}],"author":[{"embeddable":true,"href":"https:\/\/redenoticiaz.com.br\/litoralsp\/wp-json\/wp\/v2\/users\/12"}],"replies":[{"embeddable":true,"href":"https:\/\/redenoticiaz.com.br\/litoralsp\/wp-json\/wp\/v2\/comments?post=115130"}],"version-history":[{"count":1,"href":"https:\/\/redenoticiaz.com.br\/litoralsp\/wp-json\/wp\/v2\/posts\/115130\/revisions"}],"predecessor-version":[{"id":115131,"href":"https:\/\/redenoticiaz.com.br\/litoralsp\/wp-json\/wp\/v2\/posts\/115130\/revisions\/115131"}],"wp:featuredmedia":[{"embeddable":true,"href":"https:\/\/redenoticiaz.com.br\/litoralsp\/wp-json\/wp\/v2\/media\/102751"}],"wp:attachment":[{"href":"https:\/\/redenoticiaz.com.br\/litoralsp\/wp-json\/wp\/v2\/media?parent=115130"}],"wp:term":[{"taxonomy":"category","embeddable":true,"href":"https:\/\/redenoticiaz.com.br\/litoralsp\/wp-json\/wp\/v2\/categories?post=115130"},{"taxonomy":"post_tag","embeddable":true,"href":"https:\/\/redenoticiaz.com.br\/litoralsp\/wp-json\/wp\/v2\/tags?post=115130"}],"curies":[{"name":"wp","href":"https:\/\/api.w.org\/{rel}","templated":true}]}}