{"id":115187,"date":"2024-03-21T15:19:28","date_gmt":"2024-03-21T18:19:28","guid":{"rendered":"https:\/\/redenoticiaz.com.br\/litoralsp\/2024\/03\/21\/fim-do-calor-chuvas-e-queda-brusca-de-temperatura-esperadas"},"modified":"2024-03-21T15:19:28","modified_gmt":"2024-03-21T18:19:28","slug":"fim-do-calor-chuvas-e-queda-brusca-de-temperatura-esperadas","status":"publish","type":"post","link":"https:\/\/redenoticiaz.com.br\/litoralsp\/2024\/03\/21\/fim-do-calor-chuvas-e-queda-brusca-de-temperatura-esperadas","title":{"rendered":"Fim do calor? Chuvas e queda brusca de temperatura esperadas"},"content":{"rendered":"<p>O calor sufocante que dominou S\u00e3o Paulo e regi\u00e3o nos \u00faltimos dias est\u00e1 prestes a ceder lugar a uma mudan\u00e7a radical no clima. O Centro de Gerenciamento de Emerg\u00eancias Clim\u00e1ticas da Prefeitura (CGE) prev\u00ea a chegada de uma frente fria ainda nesta quinta-feira (21), trazendo consigo pancadas de chuva e uma abrupta queda de temperatura.<\/p>\n<p>A presen\u00e7a dessa frente fria ao longo do litoral paulista ir\u00e1 transformar completamente o tempo a partir de sexta-feira (22), com um dia chuvoso e temperaturas variando entre 19\u00baC e 23\u00baC. Novos alertas para alagamentos foram emitidos para este dia.<\/p>\n<p>No s\u00e1bado (23), o CGE prev\u00ea um tempo fechado, com chuva e chuviscos, al\u00e9m de temperaturas ainda mais baixas, oscilando entre 17\u00baC e 20\u00baC.<\/p>\n<p>LEIA MAIS<\/p>\n<p><a href=\"https:\/\/redenoticiaz.com.br\/blog\/2024\/03\/20\/stj-decide-que-robinho-deve-cumprir-pena-por-estupro-no-brasil\">STJ decide que Robinho deve cumprir pena por estupro no Brasil<\/a><\/p>\n<p><a href=\"https:\/\/redenoticiaz.com.br\/blog\/2024\/03\/20\/daniel-alves-recebe-liberdade-provisoria-apos-condenacao-por-estupro-em-barcelona\">Daniel Alves recebe liberdade provis\u00f3ria ap\u00f3s condena\u00e7\u00e3o por estupro em Barcelona<\/a><\/p>\n","protected":false},"excerpt":{"rendered":"<p>O calor sufocante que dominou S\u00e3o Paulo e regi\u00e3o nos \u00faltimos dias est\u00e1 prestes a ceder lugar a uma mudan\u00e7a radical no clima. O Centro de Gerenciamento de Emerg\u00eancias Clim\u00e1ticas da Prefeitura (CGE) prev\u00ea a chegada de uma frente fria ainda nesta quinta-feira (21), trazendo consigo pancadas de chuva e uma abrupta queda de temperatura. &hellip;<\/p>\n","protected":false},"author":30,"featured_media":115188,"comment_status":"open","ping_status":"closed","sticky":false,"template":"","format":"standard","meta":{"footnotes":""},"categories":[26798],"tags":[9778,31719],"class_list":["post-115187","post","type-post","status-publish","format-standard","has-post-thumbnail","hentry","category-climatologia","tag-calor","tag-temperaturas"],"yoast_head":"<!-- This site is optimized with the Yoast SEO plugin v27.4 - https:\/\/yoast.com\/product\/yoast-seo-wordpress\/ -->\n<title>Fim do calor? Chuvas e queda brusca de temperatura esperadas - Litoral SP<\/title>\n<meta name=\"description\" content=\"O calor sufocante que dominou S\u00e3o Paulo e regi\u00e3o nos \u00faltimos dias est\u00e1 prestes a ceder lugar a uma mudan\u00e7a radical no clima.\" \/>\n<meta name=\"robots\" content=\"index, follow, max-snippet:-1, max-image-preview:large, max-video-preview:-1\" \/>\n<link rel=\"canonical\" href=\"https:\/\/redenoticiaz.com.br\/litoralsp\/2024\/03\/21\/fim-do-calor-chuvas-e-queda-brusca-de-temperatura-esperadas\" \/>\n<meta property=\"og:locale\" content=\"pt_BR\" \/>\n<meta property=\"og:type\" content=\"article\" \/>\n<meta property=\"og:title\" content=\"Fim do calor? Chuvas e queda brusca de temperatura esperadas - Litoral SP\" \/>\n<meta property=\"og:description\" content=\"O calor sufocante que dominou S\u00e3o Paulo e regi\u00e3o nos \u00faltimos dias est\u00e1 prestes a ceder lugar a uma mudan\u00e7a radical no clima.\" \/>\n<meta property=\"og:url\" content=\"https:\/\/redenoticiaz.com.br\/litoralsp\/2024\/03\/21\/fim-do-calor-chuvas-e-queda-brusca-de-temperatura-esperadas\" \/>\n<meta property=\"og:site_name\" content=\"Litoral SP\" \/>\n<meta property=\"article:published_time\" content=\"2024-03-21T18:19:28+00:00\" \/>\n<meta property=\"og:image\" content=\"https:\/\/redenoticiaz.com.br\/litoralsp\/wp-content\/uploads\/sites\/3\/2024\/03\/Captura-de-tela-2024-03-21-151825.png?v=1711045125\" \/>\n\t<meta property=\"og:image:width\" content=\"480\" \/>\n\t<meta property=\"og:image:height\" content=\"343\" \/>\n\t<meta property=\"og:image:type\" content=\"image\/png\" \/>\n<meta name=\"author\" content=\"Carina Reifonas\" \/>\n<meta name=\"twitter:card\" content=\"summary_large_image\" \/>\n<meta name=\"twitter:label1\" content=\"Escrito por\" \/>\n\t<meta name=\"twitter:data1\" content=\"Carina Reifonas\" \/>\n\t<meta name=\"twitter:label2\" content=\"Est. tempo de leitura\" \/>\n\t<meta name=\"twitter:data2\" content=\"1 minuto\" \/>\n<script type=\"application\/ld+json\" class=\"yoast-schema-graph\">{\"@context\":\"https:\\\/\\\/schema.org\",\"@graph\":[{\"@type\":\"Article\",\"@id\":\"https:\\\/\\\/redenoticiaz.com.br\\\/litoralsp\\\/2024\\\/03\\\/21\\\/fim-do-calor-chuvas-e-queda-brusca-de-temperatura-esperadas#article\",\"isPartOf\":{\"@id\":\"https:\\\/\\\/redenoticiaz.com.br\\\/litoralsp\\\/2024\\\/03\\\/21\\\/fim-do-calor-chuvas-e-queda-brusca-de-temperatura-esperadas\"},\"author\":{\"name\":\"Carina Reifonas\",\"@id\":\"https:\\\/\\\/redenoticiaz.com.br\\\/litoralsp\\\/#\\\/schema\\\/person\\\/1f84d6e94e6a62d2d81199d7503e9e90\"},\"headline\":\"Fim do calor? Chuvas e queda brusca de temperatura esperadas\",\"datePublished\":\"2024-03-21T18:19:28+00:00\",\"mainEntityOfPage\":{\"@id\":\"https:\\\/\\\/redenoticiaz.com.br\\\/litoralsp\\\/2024\\\/03\\\/21\\\/fim-do-calor-chuvas-e-queda-brusca-de-temperatura-esperadas\"},\"wordCount\":161,\"commentCount\":0,\"publisher\":{\"@id\":\"https:\\\/\\\/redenoticiaz.com.br\\\/litoralsp\\\/#organization\"},\"image\":{\"@id\":\"https:\\\/\\\/redenoticiaz.com.br\\\/litoralsp\\\/2024\\\/03\\\/21\\\/fim-do-calor-chuvas-e-queda-brusca-de-temperatura-esperadas#primaryimage\"},\"thumbnailUrl\":\"https:\\\/\\\/redenoticiaz.com.br\\\/litoralsp\\\/wp-content\\\/uploads\\\/sites\\\/3\\\/2024\\\/03\\\/Captura-de-tela-2024-03-21-151825.png?v=1711045125\",\"keywords\":[\"CALOR\",\"TEMPERATURAS\"],\"articleSection\":[\"Climatologia\"],\"inLanguage\":\"pt-BR\",\"potentialAction\":[{\"@type\":\"CommentAction\",\"name\":\"Comment\",\"target\":[\"https:\\\/\\\/redenoticiaz.com.br\\\/litoralsp\\\/2024\\\/03\\\/21\\\/fim-do-calor-chuvas-e-queda-brusca-de-temperatura-esperadas#respond\"]}]},{\"@type\":\"WebPage\",\"@id\":\"https:\\\/\\\/redenoticiaz.com.br\\\/litoralsp\\\/2024\\\/03\\\/21\\\/fim-do-calor-chuvas-e-queda-brusca-de-temperatura-esperadas\",\"url\":\"https:\\\/\\\/redenoticiaz.com.br\\\/litoralsp\\\/2024\\\/03\\\/21\\\/fim-do-calor-chuvas-e-queda-brusca-de-temperatura-esperadas\",\"name\":\"Fim do calor? Chuvas e queda brusca de temperatura esperadas - Litoral SP\",\"isPartOf\":{\"@id\":\"https:\\\/\\\/redenoticiaz.com.br\\\/litoralsp\\\/#website\"},\"primaryImageOfPage\":{\"@id\":\"https:\\\/\\\/redenoticiaz.com.br\\\/litoralsp\\\/2024\\\/03\\\/21\\\/fim-do-calor-chuvas-e-queda-brusca-de-temperatura-esperadas#primaryimage\"},\"image\":{\"@id\":\"https:\\\/\\\/redenoticiaz.com.br\\\/litoralsp\\\/2024\\\/03\\\/21\\\/fim-do-calor-chuvas-e-queda-brusca-de-temperatura-esperadas#primaryimage\"},\"thumbnailUrl\":\"https:\\\/\\\/redenoticiaz.com.br\\\/litoralsp\\\/wp-content\\\/uploads\\\/sites\\\/3\\\/2024\\\/03\\\/Captura-de-tela-2024-03-21-151825.png?v=1711045125\",\"datePublished\":\"2024-03-21T18:19:28+00:00\",\"description\":\"O calor sufocante que dominou S\u00e3o Paulo e regi\u00e3o nos \u00faltimos dias est\u00e1 prestes a ceder lugar a uma mudan\u00e7a radical no clima.\",\"inLanguage\":\"pt-BR\",\"potentialAction\":[{\"@type\":\"ReadAction\",\"target\":[\"https:\\\/\\\/redenoticiaz.com.br\\\/litoralsp\\\/2024\\\/03\\\/21\\\/fim-do-calor-chuvas-e-queda-brusca-de-temperatura-esperadas\"]}]},{\"@type\":\"ImageObject\",\"inLanguage\":\"pt-BR\",\"@id\":\"https:\\\/\\\/redenoticiaz.com.br\\\/litoralsp\\\/2024\\\/03\\\/21\\\/fim-do-calor-chuvas-e-queda-brusca-de-temperatura-esperadas#primaryimage\",\"url\":\"https:\\\/\\\/redenoticiaz.com.br\\\/litoralsp\\\/wp-content\\\/uploads\\\/sites\\\/3\\\/2024\\\/03\\\/Captura-de-tela-2024-03-21-151825.png?v=1711045125\",\"contentUrl\":\"https:\\\/\\\/redenoticiaz.com.br\\\/litoralsp\\\/wp-content\\\/uploads\\\/sites\\\/3\\\/2024\\\/03\\\/Captura-de-tela-2024-03-21-151825.png?v=1711045125\",\"width\":480,\"height\":343},{\"@type\":\"WebSite\",\"@id\":\"https:\\\/\\\/redenoticiaz.com.br\\\/litoralsp\\\/#website\",\"url\":\"https:\\\/\\\/redenoticiaz.com.br\\\/litoralsp\\\/\",\"name\":\"Litoral SP\",\"description\":\"Rede NoticiaZ\",\"publisher\":{\"@id\":\"https:\\\/\\\/redenoticiaz.com.br\\\/litoralsp\\\/#organization\"},\"potentialAction\":[{\"@type\":\"SearchAction\",\"target\":{\"@type\":\"EntryPoint\",\"urlTemplate\":\"https:\\\/\\\/redenoticiaz.com.br\\\/litoralsp\\\/?s={search_term_string}\"},\"query-input\":{\"@type\":\"PropertyValueSpecification\",\"valueRequired\":true,\"valueName\":\"search_term_string\"}}],\"inLanguage\":\"pt-BR\"},{\"@type\":\"Organization\",\"@id\":\"https:\\\/\\\/redenoticiaz.com.br\\\/litoralsp\\\/#organization\",\"name\":\"Litoral SP\",\"url\":\"https:\\\/\\\/redenoticiaz.com.br\\\/litoralsp\\\/\",\"logo\":{\"@type\":\"ImageObject\",\"inLanguage\":\"pt-BR\",\"@id\":\"https:\\\/\\\/redenoticiaz.com.br\\\/litoralsp\\\/#\\\/schema\\\/logo\\\/image\\\/\",\"url\":\"https:\\\/\\\/redenoticiaz.com.br\\\/litoralsp\\\/wp-content\\\/uploads\\\/sites\\\/3\\\/2020\\\/11\\\/logo.jpg\",\"contentUrl\":\"https:\\\/\\\/redenoticiaz.com.br\\\/litoralsp\\\/wp-content\\\/uploads\\\/sites\\\/3\\\/2020\\\/11\\\/logo.jpg\",\"width\":400,\"height\":250,\"caption\":\"Litoral SP\"},\"image\":{\"@id\":\"https:\\\/\\\/redenoticiaz.com.br\\\/litoralsp\\\/#\\\/schema\\\/logo\\\/image\\\/\"}},{\"@type\":\"Person\",\"@id\":\"https:\\\/\\\/redenoticiaz.com.br\\\/litoralsp\\\/#\\\/schema\\\/person\\\/1f84d6e94e6a62d2d81199d7503e9e90\",\"name\":\"Carina Reifonas\",\"image\":{\"@type\":\"ImageObject\",\"inLanguage\":\"pt-BR\",\"@id\":\"https:\\\/\\\/secure.gravatar.com\\\/avatar\\\/04c59859b23696cf867715880f81d5c037e60109730bdb4e6670ec2a2245bc97?s=96&d=mm&r=g\",\"url\":\"https:\\\/\\\/secure.gravatar.com\\\/avatar\\\/04c59859b23696cf867715880f81d5c037e60109730bdb4e6670ec2a2245bc97?s=96&d=mm&r=g\",\"contentUrl\":\"https:\\\/\\\/secure.gravatar.com\\\/avatar\\\/04c59859b23696cf867715880f81d5c037e60109730bdb4e6670ec2a2245bc97?s=96&d=mm&r=g\",\"caption\":\"Carina Reifonas\"},\"url\":\"https:\\\/\\\/redenoticiaz.com.br\\\/litoralsp\\\/author\\\/carinareifonas\"}]}<\/script>\n<!-- \/ Yoast SEO plugin. -->","yoast_head_json":{"title":"Fim do calor? Chuvas e queda brusca de temperatura esperadas - Litoral SP","description":"O calor sufocante que dominou S\u00e3o Paulo e regi\u00e3o nos \u00faltimos dias est\u00e1 prestes a ceder lugar a uma mudan\u00e7a radical no clima.","robots":{"index":"index","follow":"follow","max-snippet":"max-snippet:-1","max-image-preview":"max-image-preview:large","max-video-preview":"max-video-preview:-1"},"canonical":"https:\/\/redenoticiaz.com.br\/litoralsp\/2024\/03\/21\/fim-do-calor-chuvas-e-queda-brusca-de-temperatura-esperadas","og_locale":"pt_BR","og_type":"article","og_title":"Fim do calor? Chuvas e queda brusca de temperatura esperadas - Litoral SP","og_description":"O calor sufocante que dominou S\u00e3o Paulo e regi\u00e3o nos \u00faltimos dias est\u00e1 prestes a ceder lugar a uma mudan\u00e7a radical no clima.","og_url":"https:\/\/redenoticiaz.com.br\/litoralsp\/2024\/03\/21\/fim-do-calor-chuvas-e-queda-brusca-de-temperatura-esperadas","og_site_name":"Litoral SP","article_published_time":"2024-03-21T18:19:28+00:00","og_image":[{"width":480,"height":343,"url":"https:\/\/redenoticiaz.com.br\/litoralsp\/wp-content\/uploads\/sites\/3\/2024\/03\/Captura-de-tela-2024-03-21-151825.png?v=1711045125","type":"image\/png"}],"author":"Carina Reifonas","twitter_card":"summary_large_image","twitter_misc":{"Escrito por":"Carina Reifonas","Est. tempo de leitura":"1 minuto"},"schema":{"@context":"https:\/\/schema.org","@graph":[{"@type":"Article","@id":"https:\/\/redenoticiaz.com.br\/litoralsp\/2024\/03\/21\/fim-do-calor-chuvas-e-queda-brusca-de-temperatura-esperadas#article","isPartOf":{"@id":"https:\/\/redenoticiaz.com.br\/litoralsp\/2024\/03\/21\/fim-do-calor-chuvas-e-queda-brusca-de-temperatura-esperadas"},"author":{"name":"Carina Reifonas","@id":"https:\/\/redenoticiaz.com.br\/litoralsp\/#\/schema\/person\/1f84d6e94e6a62d2d81199d7503e9e90"},"headline":"Fim do calor? Chuvas e queda brusca de temperatura esperadas","datePublished":"2024-03-21T18:19:28+00:00","mainEntityOfPage":{"@id":"https:\/\/redenoticiaz.com.br\/litoralsp\/2024\/03\/21\/fim-do-calor-chuvas-e-queda-brusca-de-temperatura-esperadas"},"wordCount":161,"commentCount":0,"publisher":{"@id":"https:\/\/redenoticiaz.com.br\/litoralsp\/#organization"},"image":{"@id":"https:\/\/redenoticiaz.com.br\/litoralsp\/2024\/03\/21\/fim-do-calor-chuvas-e-queda-brusca-de-temperatura-esperadas#primaryimage"},"thumbnailUrl":"https:\/\/redenoticiaz.com.br\/litoralsp\/wp-content\/uploads\/sites\/3\/2024\/03\/Captura-de-tela-2024-03-21-151825.png?v=1711045125","keywords":["CALOR","TEMPERATURAS"],"articleSection":["Climatologia"],"inLanguage":"pt-BR","potentialAction":[{"@type":"CommentAction","name":"Comment","target":["https:\/\/redenoticiaz.com.br\/litoralsp\/2024\/03\/21\/fim-do-calor-chuvas-e-queda-brusca-de-temperatura-esperadas#respond"]}]},{"@type":"WebPage","@id":"https:\/\/redenoticiaz.com.br\/litoralsp\/2024\/03\/21\/fim-do-calor-chuvas-e-queda-brusca-de-temperatura-esperadas","url":"https:\/\/redenoticiaz.com.br\/litoralsp\/2024\/03\/21\/fim-do-calor-chuvas-e-queda-brusca-de-temperatura-esperadas","name":"Fim do calor? Chuvas e queda brusca de temperatura esperadas - Litoral SP","isPartOf":{"@id":"https:\/\/redenoticiaz.com.br\/litoralsp\/#website"},"primaryImageOfPage":{"@id":"https:\/\/redenoticiaz.com.br\/litoralsp\/2024\/03\/21\/fim-do-calor-chuvas-e-queda-brusca-de-temperatura-esperadas#primaryimage"},"image":{"@id":"https:\/\/redenoticiaz.com.br\/litoralsp\/2024\/03\/21\/fim-do-calor-chuvas-e-queda-brusca-de-temperatura-esperadas#primaryimage"},"thumbnailUrl":"https:\/\/redenoticiaz.com.br\/litoralsp\/wp-content\/uploads\/sites\/3\/2024\/03\/Captura-de-tela-2024-03-21-151825.png?v=1711045125","datePublished":"2024-03-21T18:19:28+00:00","description":"O calor sufocante que dominou S\u00e3o Paulo e regi\u00e3o nos \u00faltimos dias est\u00e1 prestes a ceder lugar a uma mudan\u00e7a radical no clima.","inLanguage":"pt-BR","potentialAction":[{"@type":"ReadAction","target":["https:\/\/redenoticiaz.com.br\/litoralsp\/2024\/03\/21\/fim-do-calor-chuvas-e-queda-brusca-de-temperatura-esperadas"]}]},{"@type":"ImageObject","inLanguage":"pt-BR","@id":"https:\/\/redenoticiaz.com.br\/litoralsp\/2024\/03\/21\/fim-do-calor-chuvas-e-queda-brusca-de-temperatura-esperadas#primaryimage","url":"https:\/\/redenoticiaz.com.br\/litoralsp\/wp-content\/uploads\/sites\/3\/2024\/03\/Captura-de-tela-2024-03-21-151825.png?v=1711045125","contentUrl":"https:\/\/redenoticiaz.com.br\/litoralsp\/wp-content\/uploads\/sites\/3\/2024\/03\/Captura-de-tela-2024-03-21-151825.png?v=1711045125","width":480,"height":343},{"@type":"WebSite","@id":"https:\/\/redenoticiaz.com.br\/litoralsp\/#website","url":"https:\/\/redenoticiaz.com.br\/litoralsp\/","name":"Litoral SP","description":"Rede NoticiaZ","publisher":{"@id":"https:\/\/redenoticiaz.com.br\/litoralsp\/#organization"},"potentialAction":[{"@type":"SearchAction","target":{"@type":"EntryPoint","urlTemplate":"https:\/\/redenoticiaz.com.br\/litoralsp\/?s={search_term_string}"},"query-input":{"@type":"PropertyValueSpecification","valueRequired":true,"valueName":"search_term_string"}}],"inLanguage":"pt-BR"},{"@type":"Organization","@id":"https:\/\/redenoticiaz.com.br\/litoralsp\/#organization","name":"Litoral SP","url":"https:\/\/redenoticiaz.com.br\/litoralsp\/","logo":{"@type":"ImageObject","inLanguage":"pt-BR","@id":"https:\/\/redenoticiaz.com.br\/litoralsp\/#\/schema\/logo\/image\/","url":"https:\/\/redenoticiaz.com.br\/litoralsp\/wp-content\/uploads\/sites\/3\/2020\/11\/logo.jpg","contentUrl":"https:\/\/redenoticiaz.com.br\/litoralsp\/wp-content\/uploads\/sites\/3\/2020\/11\/logo.jpg","width":400,"height":250,"caption":"Litoral SP"},"image":{"@id":"https:\/\/redenoticiaz.com.br\/litoralsp\/#\/schema\/logo\/image\/"}},{"@type":"Person","@id":"https:\/\/redenoticiaz.com.br\/litoralsp\/#\/schema\/person\/1f84d6e94e6a62d2d81199d7503e9e90","name":"Carina Reifonas","image":{"@type":"ImageObject","inLanguage":"pt-BR","@id":"https:\/\/secure.gravatar.com\/avatar\/04c59859b23696cf867715880f81d5c037e60109730bdb4e6670ec2a2245bc97?s=96&d=mm&r=g","url":"https:\/\/secure.gravatar.com\/avatar\/04c59859b23696cf867715880f81d5c037e60109730bdb4e6670ec2a2245bc97?s=96&d=mm&r=g","contentUrl":"https:\/\/secure.gravatar.com\/avatar\/04c59859b23696cf867715880f81d5c037e60109730bdb4e6670ec2a2245bc97?s=96&d=mm&r=g","caption":"Carina Reifonas"},"url":"https:\/\/redenoticiaz.com.br\/litoralsp\/author\/carinareifonas"}]}},"_links":{"self":[{"href":"https:\/\/redenoticiaz.com.br\/litoralsp\/wp-json\/wp\/v2\/posts\/115187","targetHints":{"allow":["GET"]}}],"collection":[{"href":"https:\/\/redenoticiaz.com.br\/litoralsp\/wp-json\/wp\/v2\/posts"}],"about":[{"href":"https:\/\/redenoticiaz.com.br\/litoralsp\/wp-json\/wp\/v2\/types\/post"}],"author":[{"embeddable":true,"href":"https:\/\/redenoticiaz.com.br\/litoralsp\/wp-json\/wp\/v2\/users\/30"}],"replies":[{"embeddable":true,"href":"https:\/\/redenoticiaz.com.br\/litoralsp\/wp-json\/wp\/v2\/comments?post=115187"}],"version-history":[{"count":0,"href":"https:\/\/redenoticiaz.com.br\/litoralsp\/wp-json\/wp\/v2\/posts\/115187\/revisions"}],"wp:featuredmedia":[{"embeddable":true,"href":"https:\/\/redenoticiaz.com.br\/litoralsp\/wp-json\/wp\/v2\/media\/115188"}],"wp:attachment":[{"href":"https:\/\/redenoticiaz.com.br\/litoralsp\/wp-json\/wp\/v2\/media?parent=115187"}],"wp:term":[{"taxonomy":"category","embeddable":true,"href":"https:\/\/redenoticiaz.com.br\/litoralsp\/wp-json\/wp\/v2\/categories?post=115187"},{"taxonomy":"post_tag","embeddable":true,"href":"https:\/\/redenoticiaz.com.br\/litoralsp\/wp-json\/wp\/v2\/tags?post=115187"}],"curies":[{"name":"wp","href":"https:\/\/api.w.org\/{rel}","templated":true}]}}