{"id":115315,"date":"2024-03-30T14:00:43","date_gmt":"2024-03-30T17:00:43","guid":{"rendered":"https:\/\/redenoticiaz.com.br\/litoralsp\/?p=115315"},"modified":"2024-03-27T17:08:15","modified_gmt":"2024-03-27T20:08:15","slug":"declaracao-de-imposto-de-renda-para-mei-o-que-voce-precisa-saber","status":"publish","type":"post","link":"https:\/\/redenoticiaz.com.br\/litoralsp\/2024\/03\/30\/declaracao-de-imposto-de-renda-para-mei-o-que-voce-precisa-saber","title":{"rendered":"Declara\u00e7\u00e3o de Imposto de Renda para MEI: o que voc\u00ea precisa saber"},"content":{"rendered":"<p>Desde o ano de 2023, ficou estabelecido que o Microempreendedor Individual (MEI) est\u00e1 sujeito \u00e0 declara\u00e7\u00e3o do imposto de renda, algo que muitos ainda desconhecem. Apesar de seguir um processo distinto daquele destinado aos contribuintes pessoa f\u00edsica, a obrigatoriedade \u00e9 clara e exige aten\u00e7\u00e3o por parte dos empreendedores.<\/p>\n<p><strong>Declara\u00e7\u00e3o Anual do Simples Nacional: Uma Responsabilidade Fundamental<\/strong><\/p>\n<p>Anualmente, o MEI deve realizar a Declara\u00e7\u00e3o Anual do Simples Nacional, um procedimento obrigat\u00f3rio para aqueles enquadrados como pessoa jur\u00eddica sob este regime tribut\u00e1rio. Mesmo diante da aus\u00eancia de faturamento, o preenchimento deste documento \u00e9 mandat\u00f3rio e deve ser realizado dentro do prazo estabelecido.<\/p>\n<p><strong>Dualidade de Declara\u00e7\u00f5es: Pessoa Jur\u00eddica e Pessoa F\u00edsica<\/strong><\/p>\n<p>Al\u00e9m da declara\u00e7\u00e3o como pessoa jur\u00eddica, o MEI pode se encontrar na situa\u00e7\u00e3o de declarante de imposto de renda como pessoa f\u00edsica. Essa condi\u00e7\u00e3o \u00e9 determinada pelo montante de rendimentos auferidos ao longo do ano, sendo obrigat\u00f3ria caso ultrapasse o valor estabelecido pelo governo.<\/p>\n<p><strong>Novidades no Calend\u00e1rio e Prazos de Entrega<\/strong><\/p>\n<p>Para o ano corrente, ainda n\u00e3o foram divulgadas altera\u00e7\u00f5es no calend\u00e1rio de entrega da declara\u00e7\u00e3o MEI. No entanto, a expectativa \u00e9 que o prazo permane\u00e7a alinhado com o estabelecido para o IRPF, permitindo a emiss\u00e3o at\u00e9 o dia 31 de maio. \u00c9 crucial que os microempreendedores estejam atentos, pois o descumprimento do prazo pode acarretar multas.<\/p>\n<p><strong>Obriga\u00e7\u00f5es Fiscais do MEI: Simplifica\u00e7\u00e3o e Responsabilidade<\/strong><\/p>\n<p>O MEI foi criado para simplificar a formaliza\u00e7\u00e3o de pequenos neg\u00f3cios, mas isso n\u00e3o elimina suas obriga\u00e7\u00f5es fiscais. Al\u00e9m da declara\u00e7\u00e3o anual, o pagamento do DAS e o cumprimento de outras responsabilidades s\u00e3o fundamentais para garantir a conformidade com a legisla\u00e7\u00e3o.<\/p>\n<p><strong>Passo a Passo para Declara\u00e7\u00e3o de Imposto de Renda MEI<\/strong><\/p>\n<p>Para realizar a declara\u00e7\u00e3o, o MEI deve acessar o portal da Receita Federal e seguir alguns passos simples. \u00c9 essencial ter em m\u00e3os as notas fiscais emitidas durante o ano-calend\u00e1rio, lembrando-se sempre de que os documentos preenchidos em 2023 referem-se ao ano anterior.<\/p>\n<p><strong>Conclus\u00e3o: Cumpra suas Obriga\u00e7\u00f5es e Evite Problemas Futuros<\/strong><\/p>\n<p>Em suma, a declara\u00e7\u00e3o de imposto de renda para MEI \u00e9 uma responsabilidade que n\u00e3o pode ser ignorada. Cumprir com as obriga\u00e7\u00f5es fiscais n\u00e3o apenas evita multas e penalidades, mas tamb\u00e9m garante a continuidade dos benef\u00edcios previdenci\u00e1rios oferecidos aos microempreendedores. Mantenha-se informado e esteja em dia com suas declara\u00e7\u00f5es para garantir o sucesso do seu neg\u00f3cio.<\/p>\n<p>LEIA MAIS<\/p>\n<p><a href=\"https:\/\/redenoticiaz.com.br\/blog\/2024\/03\/24\/queda-de-64-nas-mortes-de-pedestres-no-primeiro-bimestre-de-2024\">Queda de 6,4% nas mortes de pedestres no primeiro bimestre de 2024<\/a><\/p>\n","protected":false},"excerpt":{"rendered":"<p>Desde o ano de 2023, ficou estabelecido que o Microempreendedor Individual (MEI) est\u00e1 sujeito \u00e0 declara\u00e7\u00e3o do imposto de renda, algo que muitos ainda desconhecem. Apesar de seguir um processo distinto daquele destinado aos contribuintes pessoa f\u00edsica, a obrigatoriedade \u00e9 clara e exige aten\u00e7\u00e3o por parte dos empreendedores. Declara\u00e7\u00e3o Anual do Simples Nacional: Uma Responsabilidade &hellip;<\/p>\n","protected":false},"author":30,"featured_media":115316,"comment_status":"open","ping_status":"closed","sticky":false,"template":"","format":"standard","meta":{"footnotes":""},"categories":[97],"tags":[12888,17483,4777],"class_list":["post-115315","post","type-post","status-publish","format-standard","has-post-thumbnail","hentry","category-economia","tag-imposto-de-renda","tag-mei","tag-multa"],"yoast_head":"<!-- This site is optimized with the Yoast SEO plugin v27.4 - https:\/\/yoast.com\/product\/yoast-seo-wordpress\/ -->\n<title>Declara\u00e7\u00e3o de Imposto de Renda para MEI: o que voc\u00ea precisa saber - Litoral SP<\/title>\n<meta name=\"description\" content=\"Desde o ano de 2023, ficou estabelecido que o Microempreendedor Individual (MEI) est\u00e1 sujeito \u00e0 declara\u00e7\u00e3o do imposto de renda.\" \/>\n<meta name=\"robots\" content=\"index, follow, max-snippet:-1, max-image-preview:large, max-video-preview:-1\" \/>\n<link rel=\"canonical\" href=\"https:\/\/redenoticiaz.com.br\/litoralsp\/2024\/03\/30\/declaracao-de-imposto-de-renda-para-mei-o-que-voce-precisa-saber\" \/>\n<meta property=\"og:locale\" content=\"pt_BR\" \/>\n<meta property=\"og:type\" content=\"article\" \/>\n<meta property=\"og:title\" content=\"Declara\u00e7\u00e3o de Imposto de Renda para MEI: o que voc\u00ea precisa saber - Litoral SP\" \/>\n<meta property=\"og:description\" content=\"Desde o ano de 2023, ficou estabelecido que o Microempreendedor Individual (MEI) est\u00e1 sujeito \u00e0 declara\u00e7\u00e3o do imposto de renda.\" \/>\n<meta property=\"og:url\" content=\"https:\/\/redenoticiaz.com.br\/litoralsp\/2024\/03\/30\/declaracao-de-imposto-de-renda-para-mei-o-que-voce-precisa-saber\" \/>\n<meta property=\"og:site_name\" content=\"Litoral SP\" \/>\n<meta property=\"article:published_time\" content=\"2024-03-30T17:00:43+00:00\" \/>\n<meta property=\"og:image\" content=\"https:\/\/redenoticiaz.com.br\/litoralsp\/wp-content\/uploads\/sites\/3\/2024\/03\/Captura-de-tela-2024-03-26-175107.png?v=1711486296\" \/>\n\t<meta property=\"og:image:width\" content=\"410\" \/>\n\t<meta property=\"og:image:height\" content=\"312\" \/>\n\t<meta property=\"og:image:type\" content=\"image\/png\" \/>\n<meta name=\"author\" content=\"Carina Reifonas\" \/>\n<meta name=\"twitter:card\" content=\"summary_large_image\" \/>\n<meta name=\"twitter:label1\" content=\"Escrito por\" \/>\n\t<meta name=\"twitter:data1\" content=\"Carina Reifonas\" \/>\n\t<meta name=\"twitter:label2\" content=\"Est. tempo de leitura\" \/>\n\t<meta name=\"twitter:data2\" content=\"3 minutos\" \/>\n<script type=\"application\/ld+json\" class=\"yoast-schema-graph\">{\"@context\":\"https:\\\/\\\/schema.org\",\"@graph\":[{\"@type\":\"Article\",\"@id\":\"https:\\\/\\\/redenoticiaz.com.br\\\/litoralsp\\\/2024\\\/03\\\/30\\\/declaracao-de-imposto-de-renda-para-mei-o-que-voce-precisa-saber#article\",\"isPartOf\":{\"@id\":\"https:\\\/\\\/redenoticiaz.com.br\\\/litoralsp\\\/2024\\\/03\\\/30\\\/declaracao-de-imposto-de-renda-para-mei-o-que-voce-precisa-saber\"},\"author\":{\"name\":\"Carina Reifonas\",\"@id\":\"https:\\\/\\\/redenoticiaz.com.br\\\/litoralsp\\\/#\\\/schema\\\/person\\\/1f84d6e94e6a62d2d81199d7503e9e90\"},\"headline\":\"Declara\u00e7\u00e3o de Imposto de Renda para MEI: o que voc\u00ea precisa saber\",\"datePublished\":\"2024-03-30T17:00:43+00:00\",\"mainEntityOfPage\":{\"@id\":\"https:\\\/\\\/redenoticiaz.com.br\\\/litoralsp\\\/2024\\\/03\\\/30\\\/declaracao-de-imposto-de-renda-para-mei-o-que-voce-precisa-saber\"},\"wordCount\":446,\"commentCount\":0,\"publisher\":{\"@id\":\"https:\\\/\\\/redenoticiaz.com.br\\\/litoralsp\\\/#organization\"},\"image\":{\"@id\":\"https:\\\/\\\/redenoticiaz.com.br\\\/litoralsp\\\/2024\\\/03\\\/30\\\/declaracao-de-imposto-de-renda-para-mei-o-que-voce-precisa-saber#primaryimage\"},\"thumbnailUrl\":\"https:\\\/\\\/redenoticiaz.com.br\\\/litoralsp\\\/wp-content\\\/uploads\\\/sites\\\/3\\\/2024\\\/03\\\/Captura-de-tela-2024-03-26-175107.png?v=1711486296\",\"keywords\":[\"IMPOSTO DE RENDA\",\"MEI\",\"MULTA\"],\"articleSection\":[\"Economia\"],\"inLanguage\":\"pt-BR\",\"potentialAction\":[{\"@type\":\"CommentAction\",\"name\":\"Comment\",\"target\":[\"https:\\\/\\\/redenoticiaz.com.br\\\/litoralsp\\\/2024\\\/03\\\/30\\\/declaracao-de-imposto-de-renda-para-mei-o-que-voce-precisa-saber#respond\"]}]},{\"@type\":\"WebPage\",\"@id\":\"https:\\\/\\\/redenoticiaz.com.br\\\/litoralsp\\\/2024\\\/03\\\/30\\\/declaracao-de-imposto-de-renda-para-mei-o-que-voce-precisa-saber\",\"url\":\"https:\\\/\\\/redenoticiaz.com.br\\\/litoralsp\\\/2024\\\/03\\\/30\\\/declaracao-de-imposto-de-renda-para-mei-o-que-voce-precisa-saber\",\"name\":\"Declara\u00e7\u00e3o de Imposto de Renda para MEI: o que voc\u00ea precisa saber - Litoral SP\",\"isPartOf\":{\"@id\":\"https:\\\/\\\/redenoticiaz.com.br\\\/litoralsp\\\/#website\"},\"primaryImageOfPage\":{\"@id\":\"https:\\\/\\\/redenoticiaz.com.br\\\/litoralsp\\\/2024\\\/03\\\/30\\\/declaracao-de-imposto-de-renda-para-mei-o-que-voce-precisa-saber#primaryimage\"},\"image\":{\"@id\":\"https:\\\/\\\/redenoticiaz.com.br\\\/litoralsp\\\/2024\\\/03\\\/30\\\/declaracao-de-imposto-de-renda-para-mei-o-que-voce-precisa-saber#primaryimage\"},\"thumbnailUrl\":\"https:\\\/\\\/redenoticiaz.com.br\\\/litoralsp\\\/wp-content\\\/uploads\\\/sites\\\/3\\\/2024\\\/03\\\/Captura-de-tela-2024-03-26-175107.png?v=1711486296\",\"datePublished\":\"2024-03-30T17:00:43+00:00\",\"description\":\"Desde o ano de 2023, ficou estabelecido que o Microempreendedor Individual (MEI) est\u00e1 sujeito \u00e0 declara\u00e7\u00e3o do imposto de renda.\",\"inLanguage\":\"pt-BR\",\"potentialAction\":[{\"@type\":\"ReadAction\",\"target\":[\"https:\\\/\\\/redenoticiaz.com.br\\\/litoralsp\\\/2024\\\/03\\\/30\\\/declaracao-de-imposto-de-renda-para-mei-o-que-voce-precisa-saber\"]}]},{\"@type\":\"ImageObject\",\"inLanguage\":\"pt-BR\",\"@id\":\"https:\\\/\\\/redenoticiaz.com.br\\\/litoralsp\\\/2024\\\/03\\\/30\\\/declaracao-de-imposto-de-renda-para-mei-o-que-voce-precisa-saber#primaryimage\",\"url\":\"https:\\\/\\\/redenoticiaz.com.br\\\/litoralsp\\\/wp-content\\\/uploads\\\/sites\\\/3\\\/2024\\\/03\\\/Captura-de-tela-2024-03-26-175107.png?v=1711486296\",\"contentUrl\":\"https:\\\/\\\/redenoticiaz.com.br\\\/litoralsp\\\/wp-content\\\/uploads\\\/sites\\\/3\\\/2024\\\/03\\\/Captura-de-tela-2024-03-26-175107.png?v=1711486296\",\"width\":410,\"height\":312},{\"@type\":\"WebSite\",\"@id\":\"https:\\\/\\\/redenoticiaz.com.br\\\/litoralsp\\\/#website\",\"url\":\"https:\\\/\\\/redenoticiaz.com.br\\\/litoralsp\\\/\",\"name\":\"Litoral SP\",\"description\":\"Rede NoticiaZ\",\"publisher\":{\"@id\":\"https:\\\/\\\/redenoticiaz.com.br\\\/litoralsp\\\/#organization\"},\"potentialAction\":[{\"@type\":\"SearchAction\",\"target\":{\"@type\":\"EntryPoint\",\"urlTemplate\":\"https:\\\/\\\/redenoticiaz.com.br\\\/litoralsp\\\/?s={search_term_string}\"},\"query-input\":{\"@type\":\"PropertyValueSpecification\",\"valueRequired\":true,\"valueName\":\"search_term_string\"}}],\"inLanguage\":\"pt-BR\"},{\"@type\":\"Organization\",\"@id\":\"https:\\\/\\\/redenoticiaz.com.br\\\/litoralsp\\\/#organization\",\"name\":\"Litoral SP\",\"url\":\"https:\\\/\\\/redenoticiaz.com.br\\\/litoralsp\\\/\",\"logo\":{\"@type\":\"ImageObject\",\"inLanguage\":\"pt-BR\",\"@id\":\"https:\\\/\\\/redenoticiaz.com.br\\\/litoralsp\\\/#\\\/schema\\\/logo\\\/image\\\/\",\"url\":\"https:\\\/\\\/redenoticiaz.com.br\\\/litoralsp\\\/wp-content\\\/uploads\\\/sites\\\/3\\\/2020\\\/11\\\/logo.jpg\",\"contentUrl\":\"https:\\\/\\\/redenoticiaz.com.br\\\/litoralsp\\\/wp-content\\\/uploads\\\/sites\\\/3\\\/2020\\\/11\\\/logo.jpg\",\"width\":400,\"height\":250,\"caption\":\"Litoral SP\"},\"image\":{\"@id\":\"https:\\\/\\\/redenoticiaz.com.br\\\/litoralsp\\\/#\\\/schema\\\/logo\\\/image\\\/\"}},{\"@type\":\"Person\",\"@id\":\"https:\\\/\\\/redenoticiaz.com.br\\\/litoralsp\\\/#\\\/schema\\\/person\\\/1f84d6e94e6a62d2d81199d7503e9e90\",\"name\":\"Carina Reifonas\",\"image\":{\"@type\":\"ImageObject\",\"inLanguage\":\"pt-BR\",\"@id\":\"https:\\\/\\\/secure.gravatar.com\\\/avatar\\\/04c59859b23696cf867715880f81d5c037e60109730bdb4e6670ec2a2245bc97?s=96&d=mm&r=g\",\"url\":\"https:\\\/\\\/secure.gravatar.com\\\/avatar\\\/04c59859b23696cf867715880f81d5c037e60109730bdb4e6670ec2a2245bc97?s=96&d=mm&r=g\",\"contentUrl\":\"https:\\\/\\\/secure.gravatar.com\\\/avatar\\\/04c59859b23696cf867715880f81d5c037e60109730bdb4e6670ec2a2245bc97?s=96&d=mm&r=g\",\"caption\":\"Carina Reifonas\"},\"url\":\"https:\\\/\\\/redenoticiaz.com.br\\\/litoralsp\\\/author\\\/carinareifonas\"}]}<\/script>\n<!-- \/ Yoast SEO plugin. -->","yoast_head_json":{"title":"Declara\u00e7\u00e3o de Imposto de Renda para MEI: o que voc\u00ea precisa saber - Litoral SP","description":"Desde o ano de 2023, ficou estabelecido que o Microempreendedor Individual (MEI) est\u00e1 sujeito \u00e0 declara\u00e7\u00e3o do imposto de renda.","robots":{"index":"index","follow":"follow","max-snippet":"max-snippet:-1","max-image-preview":"max-image-preview:large","max-video-preview":"max-video-preview:-1"},"canonical":"https:\/\/redenoticiaz.com.br\/litoralsp\/2024\/03\/30\/declaracao-de-imposto-de-renda-para-mei-o-que-voce-precisa-saber","og_locale":"pt_BR","og_type":"article","og_title":"Declara\u00e7\u00e3o de Imposto de Renda para MEI: o que voc\u00ea precisa saber - Litoral SP","og_description":"Desde o ano de 2023, ficou estabelecido que o Microempreendedor Individual (MEI) est\u00e1 sujeito \u00e0 declara\u00e7\u00e3o do imposto de renda.","og_url":"https:\/\/redenoticiaz.com.br\/litoralsp\/2024\/03\/30\/declaracao-de-imposto-de-renda-para-mei-o-que-voce-precisa-saber","og_site_name":"Litoral SP","article_published_time":"2024-03-30T17:00:43+00:00","og_image":[{"width":410,"height":312,"url":"https:\/\/redenoticiaz.com.br\/litoralsp\/wp-content\/uploads\/sites\/3\/2024\/03\/Captura-de-tela-2024-03-26-175107.png?v=1711486296","type":"image\/png"}],"author":"Carina Reifonas","twitter_card":"summary_large_image","twitter_misc":{"Escrito por":"Carina Reifonas","Est. tempo de leitura":"3 minutos"},"schema":{"@context":"https:\/\/schema.org","@graph":[{"@type":"Article","@id":"https:\/\/redenoticiaz.com.br\/litoralsp\/2024\/03\/30\/declaracao-de-imposto-de-renda-para-mei-o-que-voce-precisa-saber#article","isPartOf":{"@id":"https:\/\/redenoticiaz.com.br\/litoralsp\/2024\/03\/30\/declaracao-de-imposto-de-renda-para-mei-o-que-voce-precisa-saber"},"author":{"name":"Carina Reifonas","@id":"https:\/\/redenoticiaz.com.br\/litoralsp\/#\/schema\/person\/1f84d6e94e6a62d2d81199d7503e9e90"},"headline":"Declara\u00e7\u00e3o de Imposto de Renda para MEI: o que voc\u00ea precisa saber","datePublished":"2024-03-30T17:00:43+00:00","mainEntityOfPage":{"@id":"https:\/\/redenoticiaz.com.br\/litoralsp\/2024\/03\/30\/declaracao-de-imposto-de-renda-para-mei-o-que-voce-precisa-saber"},"wordCount":446,"commentCount":0,"publisher":{"@id":"https:\/\/redenoticiaz.com.br\/litoralsp\/#organization"},"image":{"@id":"https:\/\/redenoticiaz.com.br\/litoralsp\/2024\/03\/30\/declaracao-de-imposto-de-renda-para-mei-o-que-voce-precisa-saber#primaryimage"},"thumbnailUrl":"https:\/\/redenoticiaz.com.br\/litoralsp\/wp-content\/uploads\/sites\/3\/2024\/03\/Captura-de-tela-2024-03-26-175107.png?v=1711486296","keywords":["IMPOSTO DE RENDA","MEI","MULTA"],"articleSection":["Economia"],"inLanguage":"pt-BR","potentialAction":[{"@type":"CommentAction","name":"Comment","target":["https:\/\/redenoticiaz.com.br\/litoralsp\/2024\/03\/30\/declaracao-de-imposto-de-renda-para-mei-o-que-voce-precisa-saber#respond"]}]},{"@type":"WebPage","@id":"https:\/\/redenoticiaz.com.br\/litoralsp\/2024\/03\/30\/declaracao-de-imposto-de-renda-para-mei-o-que-voce-precisa-saber","url":"https:\/\/redenoticiaz.com.br\/litoralsp\/2024\/03\/30\/declaracao-de-imposto-de-renda-para-mei-o-que-voce-precisa-saber","name":"Declara\u00e7\u00e3o de Imposto de Renda para MEI: o que voc\u00ea precisa saber - Litoral SP","isPartOf":{"@id":"https:\/\/redenoticiaz.com.br\/litoralsp\/#website"},"primaryImageOfPage":{"@id":"https:\/\/redenoticiaz.com.br\/litoralsp\/2024\/03\/30\/declaracao-de-imposto-de-renda-para-mei-o-que-voce-precisa-saber#primaryimage"},"image":{"@id":"https:\/\/redenoticiaz.com.br\/litoralsp\/2024\/03\/30\/declaracao-de-imposto-de-renda-para-mei-o-que-voce-precisa-saber#primaryimage"},"thumbnailUrl":"https:\/\/redenoticiaz.com.br\/litoralsp\/wp-content\/uploads\/sites\/3\/2024\/03\/Captura-de-tela-2024-03-26-175107.png?v=1711486296","datePublished":"2024-03-30T17:00:43+00:00","description":"Desde o ano de 2023, ficou estabelecido que o Microempreendedor Individual (MEI) est\u00e1 sujeito \u00e0 declara\u00e7\u00e3o do imposto de renda.","inLanguage":"pt-BR","potentialAction":[{"@type":"ReadAction","target":["https:\/\/redenoticiaz.com.br\/litoralsp\/2024\/03\/30\/declaracao-de-imposto-de-renda-para-mei-o-que-voce-precisa-saber"]}]},{"@type":"ImageObject","inLanguage":"pt-BR","@id":"https:\/\/redenoticiaz.com.br\/litoralsp\/2024\/03\/30\/declaracao-de-imposto-de-renda-para-mei-o-que-voce-precisa-saber#primaryimage","url":"https:\/\/redenoticiaz.com.br\/litoralsp\/wp-content\/uploads\/sites\/3\/2024\/03\/Captura-de-tela-2024-03-26-175107.png?v=1711486296","contentUrl":"https:\/\/redenoticiaz.com.br\/litoralsp\/wp-content\/uploads\/sites\/3\/2024\/03\/Captura-de-tela-2024-03-26-175107.png?v=1711486296","width":410,"height":312},{"@type":"WebSite","@id":"https:\/\/redenoticiaz.com.br\/litoralsp\/#website","url":"https:\/\/redenoticiaz.com.br\/litoralsp\/","name":"Litoral SP","description":"Rede NoticiaZ","publisher":{"@id":"https:\/\/redenoticiaz.com.br\/litoralsp\/#organization"},"potentialAction":[{"@type":"SearchAction","target":{"@type":"EntryPoint","urlTemplate":"https:\/\/redenoticiaz.com.br\/litoralsp\/?s={search_term_string}"},"query-input":{"@type":"PropertyValueSpecification","valueRequired":true,"valueName":"search_term_string"}}],"inLanguage":"pt-BR"},{"@type":"Organization","@id":"https:\/\/redenoticiaz.com.br\/litoralsp\/#organization","name":"Litoral SP","url":"https:\/\/redenoticiaz.com.br\/litoralsp\/","logo":{"@type":"ImageObject","inLanguage":"pt-BR","@id":"https:\/\/redenoticiaz.com.br\/litoralsp\/#\/schema\/logo\/image\/","url":"https:\/\/redenoticiaz.com.br\/litoralsp\/wp-content\/uploads\/sites\/3\/2020\/11\/logo.jpg","contentUrl":"https:\/\/redenoticiaz.com.br\/litoralsp\/wp-content\/uploads\/sites\/3\/2020\/11\/logo.jpg","width":400,"height":250,"caption":"Litoral SP"},"image":{"@id":"https:\/\/redenoticiaz.com.br\/litoralsp\/#\/schema\/logo\/image\/"}},{"@type":"Person","@id":"https:\/\/redenoticiaz.com.br\/litoralsp\/#\/schema\/person\/1f84d6e94e6a62d2d81199d7503e9e90","name":"Carina Reifonas","image":{"@type":"ImageObject","inLanguage":"pt-BR","@id":"https:\/\/secure.gravatar.com\/avatar\/04c59859b23696cf867715880f81d5c037e60109730bdb4e6670ec2a2245bc97?s=96&d=mm&r=g","url":"https:\/\/secure.gravatar.com\/avatar\/04c59859b23696cf867715880f81d5c037e60109730bdb4e6670ec2a2245bc97?s=96&d=mm&r=g","contentUrl":"https:\/\/secure.gravatar.com\/avatar\/04c59859b23696cf867715880f81d5c037e60109730bdb4e6670ec2a2245bc97?s=96&d=mm&r=g","caption":"Carina Reifonas"},"url":"https:\/\/redenoticiaz.com.br\/litoralsp\/author\/carinareifonas"}]}},"_links":{"self":[{"href":"https:\/\/redenoticiaz.com.br\/litoralsp\/wp-json\/wp\/v2\/posts\/115315","targetHints":{"allow":["GET"]}}],"collection":[{"href":"https:\/\/redenoticiaz.com.br\/litoralsp\/wp-json\/wp\/v2\/posts"}],"about":[{"href":"https:\/\/redenoticiaz.com.br\/litoralsp\/wp-json\/wp\/v2\/types\/post"}],"author":[{"embeddable":true,"href":"https:\/\/redenoticiaz.com.br\/litoralsp\/wp-json\/wp\/v2\/users\/30"}],"replies":[{"embeddable":true,"href":"https:\/\/redenoticiaz.com.br\/litoralsp\/wp-json\/wp\/v2\/comments?post=115315"}],"version-history":[{"count":1,"href":"https:\/\/redenoticiaz.com.br\/litoralsp\/wp-json\/wp\/v2\/posts\/115315\/revisions"}],"predecessor-version":[{"id":115317,"href":"https:\/\/redenoticiaz.com.br\/litoralsp\/wp-json\/wp\/v2\/posts\/115315\/revisions\/115317"}],"wp:featuredmedia":[{"embeddable":true,"href":"https:\/\/redenoticiaz.com.br\/litoralsp\/wp-json\/wp\/v2\/media\/115316"}],"wp:attachment":[{"href":"https:\/\/redenoticiaz.com.br\/litoralsp\/wp-json\/wp\/v2\/media?parent=115315"}],"wp:term":[{"taxonomy":"category","embeddable":true,"href":"https:\/\/redenoticiaz.com.br\/litoralsp\/wp-json\/wp\/v2\/categories?post=115315"},{"taxonomy":"post_tag","embeddable":true,"href":"https:\/\/redenoticiaz.com.br\/litoralsp\/wp-json\/wp\/v2\/tags?post=115315"}],"curies":[{"name":"wp","href":"https:\/\/api.w.org\/{rel}","templated":true}]}}