{"id":115369,"date":"2024-03-31T11:00:02","date_gmt":"2024-03-31T14:00:02","guid":{"rendered":"https:\/\/redenoticiaz.com.br\/litoralsp\/?p=115369"},"modified":"2024-03-28T17:14:05","modified_gmt":"2024-03-28T20:14:05","slug":"com-queda-de-9-pesquisa-indica-que-32-milhoes-de-paulistas-realizarao-compras-para-a-pascoa","status":"publish","type":"post","link":"https:\/\/redenoticiaz.com.br\/litoralsp\/2024\/03\/31\/com-queda-de-9-pesquisa-indica-que-32-milhoes-de-paulistas-realizarao-compras-para-a-pascoa","title":{"rendered":"Com queda de 9%, pesquisa indica que 32 milh\u00f5es de paulistas realizar\u00e3o compras para a P\u00e1scoa"},"content":{"rendered":"<p>A P\u00e1scoa, com seus chocolates irresist\u00edveis e tradi\u00e7\u00f5es coloridas, est\u00e1 batendo na porta mais uma vez. Por\u00e9m, neste ano, os n\u00fameros indicam uma redu\u00e7\u00e3o no n\u00famero de consumidores adeptos a comprar chocolates, segundo levantamento feito pelo CDL Brasil em parceria com a FCDL-SP (Federa\u00e7\u00e3o das C\u00e2maras de Dirigentes Lojistas do estado de S\u00e3o Paulo). A pesquisa revelou que cerca de 32 milh\u00f5es de paulistas ir\u00e3o \u00e0s compras este ano, n\u00famero 9% menor em compara\u00e7\u00e3o com a marca do ano passado, que apontou 34,8 milh\u00f5es de consumidores no estado de S\u00e3o Paulo.<\/p>\n<p>\u201cA queda dos potenciais consumidores para a P\u00e1scoa leva em considera\u00e7\u00e3o o atual ciclo econ\u00f4mico em que vivemos, principalmente com o pre\u00e7o do cacau, que disparou no \u00faltimo m\u00eas\u201d, comenta Maur\u00edcio Stainoff, presidente da FCDL-SP.<\/p>\n<p>De acordo com a FCDLESP, aproximadamente oito em cada dez paulistanos est\u00e3o \u00e0 procura de presentes para celebrar a ocasi\u00e3o, o que representa um cen\u00e1rio promissor especialmente para o varejo. Por\u00e9m, segundo a pesquisa, cerca de 54% dos paulistas acham que os pre\u00e7os dos produtos de p\u00e1scoa est\u00e3o mais caros em compara\u00e7\u00e3o com o ano anterior.<\/p>\n<p>Para aqueles que est\u00e3o prontos para gastar, a m\u00e9dia de investimento \u00e9 de R$237 por pessoa, com prefer\u00eancia por formas de pagamento \u00e1geis como o PIX e o cart\u00e3o de d\u00e9bito. Por\u00e9m, a pesquisa revela que cerca de 54% dos entrevistados, ou seja, pouco mais de 22 milh\u00f5es, pretendem parcelar as compras, sendo a m\u00e9dia de 4 parcelas.<\/p>\n<p>De modo geral, a pesquisa de pre\u00e7os antes das compras para a P\u00e1scoa revela um comportamento interessante entre os consumidores. A maioria opta por realizar essa pesquisa em lojas f\u00edsicas, representando 81% dos entrevistados. Dentro desse contexto, os supermercados despontam como os locais preferidos para a pesquisa, com 62% dos consumidores buscando ofertas e comparando pre\u00e7os nesses estabelecimentos.<\/p>\n<p>\u201cMesmo com a alta, a data comemorativa \u00e9 importante para o cen\u00e1rio do primeiro semestre do varejo brasileiro. Supermercados, lojas de chocolates e at\u00e9 o microempreendedor podem se beneficiar da P\u00e1scoa\u201d, finaliza Maur\u00edcio.<\/p>\n<p>LEIA MAIS<\/p>\n<p><a href=\"https:\/\/redenoticiaz.com.br\/blog\/2024\/03\/28\/video-bebe-de-1-ano-foge-e-e-encontrado-na-rua-acompanhado-por-cachorro-caramelo\">V\u00cdDEO \u2013 Beb\u00ea de 1 ano foge e \u00e9 encontrado na rua acompanhado por cachorro caramelo<\/a><\/p>\n<p><a href=\"https:\/\/redenoticiaz.com.br\/blog\/2024\/03\/28\/socrates-dara-nome-a-rua-na-vila-olimpica-de-paris\">S\u00f3crates dar\u00e1 nome a rua na Vila Ol\u00edmpica de Paris<\/a><\/p>\n","protected":false},"excerpt":{"rendered":"<p>A P\u00e1scoa, com seus chocolates irresist\u00edveis e tradi\u00e7\u00f5es coloridas, est\u00e1 batendo na porta mais uma vez. Por\u00e9m, neste ano, os n\u00fameros indicam uma redu\u00e7\u00e3o no n\u00famero de consumidores adeptos a comprar chocolates, segundo levantamento feito pelo CDL Brasil em parceria com a FCDL-SP (Federa\u00e7\u00e3o das C\u00e2maras de Dirigentes Lojistas do estado de S\u00e3o Paulo). A &hellip;<\/p>\n","protected":false},"author":30,"featured_media":115370,"comment_status":"open","ping_status":"closed","sticky":false,"template":"","format":"standard","meta":{"footnotes":""},"categories":[97],"tags":[17319,51296],"class_list":["post-115369","post","type-post","status-publish","format-standard","has-post-thumbnail","hentry","category-economia","tag-pascoa","tag-vendas"],"yoast_head":"<!-- This site is optimized with the Yoast SEO plugin v27.4 - https:\/\/yoast.com\/product\/yoast-seo-wordpress\/ -->\n<title>Com queda de 9%, pesquisa indica que 32 milh\u00f5es de paulistas realizar\u00e3o compras para a P\u00e1scoa - Litoral SP<\/title>\n<meta name=\"description\" content=\"Neste ano, os n\u00fameros indicam uma redu\u00e7\u00e3o no n\u00famero de consumidores adeptos a comprar chocolates, segundo levantamento feito pelo CDL Brasil\" \/>\n<meta name=\"robots\" content=\"index, follow, max-snippet:-1, max-image-preview:large, max-video-preview:-1\" \/>\n<link rel=\"canonical\" href=\"https:\/\/redenoticiaz.com.br\/litoralsp\/2024\/03\/31\/com-queda-de-9-pesquisa-indica-que-32-milhoes-de-paulistas-realizarao-compras-para-a-pascoa\" \/>\n<meta property=\"og:locale\" content=\"pt_BR\" \/>\n<meta property=\"og:type\" content=\"article\" \/>\n<meta property=\"og:title\" content=\"Com queda de 9%, pesquisa indica que 32 milh\u00f5es de paulistas realizar\u00e3o compras para a P\u00e1scoa - Litoral SP\" \/>\n<meta property=\"og:description\" content=\"Neste ano, os n\u00fameros indicam uma redu\u00e7\u00e3o no n\u00famero de consumidores adeptos a comprar chocolates, segundo levantamento feito pelo CDL Brasil\" \/>\n<meta property=\"og:url\" content=\"https:\/\/redenoticiaz.com.br\/litoralsp\/2024\/03\/31\/com-queda-de-9-pesquisa-indica-que-32-milhoes-de-paulistas-realizarao-compras-para-a-pascoa\" \/>\n<meta property=\"og:site_name\" content=\"Litoral SP\" \/>\n<meta property=\"article:published_time\" content=\"2024-03-31T14:00:02+00:00\" \/>\n<meta property=\"og:image\" content=\"https:\/\/redenoticiaz.com.br\/litoralsp\/wp-content\/uploads\/sites\/3\/2024\/03\/pascoa.jpg?v=1711656700\" \/>\n\t<meta property=\"og:image:width\" content=\"1344\" \/>\n\t<meta property=\"og:image:height\" content=\"768\" \/>\n\t<meta property=\"og:image:type\" content=\"image\/jpeg\" \/>\n<meta name=\"author\" content=\"Carina Reifonas\" \/>\n<meta name=\"twitter:card\" content=\"summary_large_image\" \/>\n<meta name=\"twitter:label1\" content=\"Escrito por\" \/>\n\t<meta name=\"twitter:data1\" content=\"Carina Reifonas\" \/>\n\t<meta name=\"twitter:label2\" content=\"Est. tempo de leitura\" \/>\n\t<meta name=\"twitter:data2\" content=\"3 minutos\" \/>\n<script type=\"application\/ld+json\" class=\"yoast-schema-graph\">{\"@context\":\"https:\\\/\\\/schema.org\",\"@graph\":[{\"@type\":\"Article\",\"@id\":\"https:\\\/\\\/redenoticiaz.com.br\\\/litoralsp\\\/2024\\\/03\\\/31\\\/com-queda-de-9-pesquisa-indica-que-32-milhoes-de-paulistas-realizarao-compras-para-a-pascoa#article\",\"isPartOf\":{\"@id\":\"https:\\\/\\\/redenoticiaz.com.br\\\/litoralsp\\\/2024\\\/03\\\/31\\\/com-queda-de-9-pesquisa-indica-que-32-milhoes-de-paulistas-realizarao-compras-para-a-pascoa\"},\"author\":{\"name\":\"Carina Reifonas\",\"@id\":\"https:\\\/\\\/redenoticiaz.com.br\\\/litoralsp\\\/#\\\/schema\\\/person\\\/1f84d6e94e6a62d2d81199d7503e9e90\"},\"headline\":\"Com queda de 9%, pesquisa indica que 32 milh\u00f5es de paulistas realizar\u00e3o compras para a P\u00e1scoa\",\"datePublished\":\"2024-03-31T14:00:02+00:00\",\"mainEntityOfPage\":{\"@id\":\"https:\\\/\\\/redenoticiaz.com.br\\\/litoralsp\\\/2024\\\/03\\\/31\\\/com-queda-de-9-pesquisa-indica-que-32-milhoes-de-paulistas-realizarao-compras-para-a-pascoa\"},\"wordCount\":409,\"commentCount\":0,\"publisher\":{\"@id\":\"https:\\\/\\\/redenoticiaz.com.br\\\/litoralsp\\\/#organization\"},\"image\":{\"@id\":\"https:\\\/\\\/redenoticiaz.com.br\\\/litoralsp\\\/2024\\\/03\\\/31\\\/com-queda-de-9-pesquisa-indica-que-32-milhoes-de-paulistas-realizarao-compras-para-a-pascoa#primaryimage\"},\"thumbnailUrl\":\"https:\\\/\\\/redenoticiaz.com.br\\\/litoralsp\\\/wp-content\\\/uploads\\\/sites\\\/3\\\/2024\\\/03\\\/pascoa.jpg?v=1711656700\",\"keywords\":[\"P\u00c1SCOA\",\"VENDAS\"],\"articleSection\":[\"Economia\"],\"inLanguage\":\"pt-BR\",\"potentialAction\":[{\"@type\":\"CommentAction\",\"name\":\"Comment\",\"target\":[\"https:\\\/\\\/redenoticiaz.com.br\\\/litoralsp\\\/2024\\\/03\\\/31\\\/com-queda-de-9-pesquisa-indica-que-32-milhoes-de-paulistas-realizarao-compras-para-a-pascoa#respond\"]}]},{\"@type\":\"WebPage\",\"@id\":\"https:\\\/\\\/redenoticiaz.com.br\\\/litoralsp\\\/2024\\\/03\\\/31\\\/com-queda-de-9-pesquisa-indica-que-32-milhoes-de-paulistas-realizarao-compras-para-a-pascoa\",\"url\":\"https:\\\/\\\/redenoticiaz.com.br\\\/litoralsp\\\/2024\\\/03\\\/31\\\/com-queda-de-9-pesquisa-indica-que-32-milhoes-de-paulistas-realizarao-compras-para-a-pascoa\",\"name\":\"Com queda de 9%, pesquisa indica que 32 milh\u00f5es de paulistas realizar\u00e3o compras para a P\u00e1scoa - Litoral SP\",\"isPartOf\":{\"@id\":\"https:\\\/\\\/redenoticiaz.com.br\\\/litoralsp\\\/#website\"},\"primaryImageOfPage\":{\"@id\":\"https:\\\/\\\/redenoticiaz.com.br\\\/litoralsp\\\/2024\\\/03\\\/31\\\/com-queda-de-9-pesquisa-indica-que-32-milhoes-de-paulistas-realizarao-compras-para-a-pascoa#primaryimage\"},\"image\":{\"@id\":\"https:\\\/\\\/redenoticiaz.com.br\\\/litoralsp\\\/2024\\\/03\\\/31\\\/com-queda-de-9-pesquisa-indica-que-32-milhoes-de-paulistas-realizarao-compras-para-a-pascoa#primaryimage\"},\"thumbnailUrl\":\"https:\\\/\\\/redenoticiaz.com.br\\\/litoralsp\\\/wp-content\\\/uploads\\\/sites\\\/3\\\/2024\\\/03\\\/pascoa.jpg?v=1711656700\",\"datePublished\":\"2024-03-31T14:00:02+00:00\",\"description\":\"Neste ano, os n\u00fameros indicam uma redu\u00e7\u00e3o no n\u00famero de consumidores adeptos a comprar chocolates, segundo levantamento feito pelo CDL Brasil\",\"inLanguage\":\"pt-BR\",\"potentialAction\":[{\"@type\":\"ReadAction\",\"target\":[\"https:\\\/\\\/redenoticiaz.com.br\\\/litoralsp\\\/2024\\\/03\\\/31\\\/com-queda-de-9-pesquisa-indica-que-32-milhoes-de-paulistas-realizarao-compras-para-a-pascoa\"]}]},{\"@type\":\"ImageObject\",\"inLanguage\":\"pt-BR\",\"@id\":\"https:\\\/\\\/redenoticiaz.com.br\\\/litoralsp\\\/2024\\\/03\\\/31\\\/com-queda-de-9-pesquisa-indica-que-32-milhoes-de-paulistas-realizarao-compras-para-a-pascoa#primaryimage\",\"url\":\"https:\\\/\\\/redenoticiaz.com.br\\\/litoralsp\\\/wp-content\\\/uploads\\\/sites\\\/3\\\/2024\\\/03\\\/pascoa.jpg?v=1711656700\",\"contentUrl\":\"https:\\\/\\\/redenoticiaz.com.br\\\/litoralsp\\\/wp-content\\\/uploads\\\/sites\\\/3\\\/2024\\\/03\\\/pascoa.jpg?v=1711656700\",\"width\":1344,\"height\":768},{\"@type\":\"WebSite\",\"@id\":\"https:\\\/\\\/redenoticiaz.com.br\\\/litoralsp\\\/#website\",\"url\":\"https:\\\/\\\/redenoticiaz.com.br\\\/litoralsp\\\/\",\"name\":\"Litoral SP\",\"description\":\"Rede NoticiaZ\",\"publisher\":{\"@id\":\"https:\\\/\\\/redenoticiaz.com.br\\\/litoralsp\\\/#organization\"},\"potentialAction\":[{\"@type\":\"SearchAction\",\"target\":{\"@type\":\"EntryPoint\",\"urlTemplate\":\"https:\\\/\\\/redenoticiaz.com.br\\\/litoralsp\\\/?s={search_term_string}\"},\"query-input\":{\"@type\":\"PropertyValueSpecification\",\"valueRequired\":true,\"valueName\":\"search_term_string\"}}],\"inLanguage\":\"pt-BR\"},{\"@type\":\"Organization\",\"@id\":\"https:\\\/\\\/redenoticiaz.com.br\\\/litoralsp\\\/#organization\",\"name\":\"Litoral SP\",\"url\":\"https:\\\/\\\/redenoticiaz.com.br\\\/litoralsp\\\/\",\"logo\":{\"@type\":\"ImageObject\",\"inLanguage\":\"pt-BR\",\"@id\":\"https:\\\/\\\/redenoticiaz.com.br\\\/litoralsp\\\/#\\\/schema\\\/logo\\\/image\\\/\",\"url\":\"https:\\\/\\\/redenoticiaz.com.br\\\/litoralsp\\\/wp-content\\\/uploads\\\/sites\\\/3\\\/2020\\\/11\\\/logo.jpg\",\"contentUrl\":\"https:\\\/\\\/redenoticiaz.com.br\\\/litoralsp\\\/wp-content\\\/uploads\\\/sites\\\/3\\\/2020\\\/11\\\/logo.jpg\",\"width\":400,\"height\":250,\"caption\":\"Litoral SP\"},\"image\":{\"@id\":\"https:\\\/\\\/redenoticiaz.com.br\\\/litoralsp\\\/#\\\/schema\\\/logo\\\/image\\\/\"}},{\"@type\":\"Person\",\"@id\":\"https:\\\/\\\/redenoticiaz.com.br\\\/litoralsp\\\/#\\\/schema\\\/person\\\/1f84d6e94e6a62d2d81199d7503e9e90\",\"name\":\"Carina Reifonas\",\"image\":{\"@type\":\"ImageObject\",\"inLanguage\":\"pt-BR\",\"@id\":\"https:\\\/\\\/secure.gravatar.com\\\/avatar\\\/04c59859b23696cf867715880f81d5c037e60109730bdb4e6670ec2a2245bc97?s=96&d=mm&r=g\",\"url\":\"https:\\\/\\\/secure.gravatar.com\\\/avatar\\\/04c59859b23696cf867715880f81d5c037e60109730bdb4e6670ec2a2245bc97?s=96&d=mm&r=g\",\"contentUrl\":\"https:\\\/\\\/secure.gravatar.com\\\/avatar\\\/04c59859b23696cf867715880f81d5c037e60109730bdb4e6670ec2a2245bc97?s=96&d=mm&r=g\",\"caption\":\"Carina Reifonas\"},\"url\":\"https:\\\/\\\/redenoticiaz.com.br\\\/litoralsp\\\/author\\\/carinareifonas\"}]}<\/script>\n<!-- \/ Yoast SEO plugin. -->","yoast_head_json":{"title":"Com queda de 9%, pesquisa indica que 32 milh\u00f5es de paulistas realizar\u00e3o compras para a P\u00e1scoa - Litoral SP","description":"Neste ano, os n\u00fameros indicam uma redu\u00e7\u00e3o no n\u00famero de consumidores adeptos a comprar chocolates, segundo levantamento feito pelo CDL Brasil","robots":{"index":"index","follow":"follow","max-snippet":"max-snippet:-1","max-image-preview":"max-image-preview:large","max-video-preview":"max-video-preview:-1"},"canonical":"https:\/\/redenoticiaz.com.br\/litoralsp\/2024\/03\/31\/com-queda-de-9-pesquisa-indica-que-32-milhoes-de-paulistas-realizarao-compras-para-a-pascoa","og_locale":"pt_BR","og_type":"article","og_title":"Com queda de 9%, pesquisa indica que 32 milh\u00f5es de paulistas realizar\u00e3o compras para a P\u00e1scoa - Litoral SP","og_description":"Neste ano, os n\u00fameros indicam uma redu\u00e7\u00e3o no n\u00famero de consumidores adeptos a comprar chocolates, segundo levantamento feito pelo CDL Brasil","og_url":"https:\/\/redenoticiaz.com.br\/litoralsp\/2024\/03\/31\/com-queda-de-9-pesquisa-indica-que-32-milhoes-de-paulistas-realizarao-compras-para-a-pascoa","og_site_name":"Litoral SP","article_published_time":"2024-03-31T14:00:02+00:00","og_image":[{"width":1344,"height":768,"url":"https:\/\/redenoticiaz.com.br\/litoralsp\/wp-content\/uploads\/sites\/3\/2024\/03\/pascoa.jpg?v=1711656700","type":"image\/jpeg"}],"author":"Carina Reifonas","twitter_card":"summary_large_image","twitter_misc":{"Escrito por":"Carina Reifonas","Est. tempo de leitura":"3 minutos"},"schema":{"@context":"https:\/\/schema.org","@graph":[{"@type":"Article","@id":"https:\/\/redenoticiaz.com.br\/litoralsp\/2024\/03\/31\/com-queda-de-9-pesquisa-indica-que-32-milhoes-de-paulistas-realizarao-compras-para-a-pascoa#article","isPartOf":{"@id":"https:\/\/redenoticiaz.com.br\/litoralsp\/2024\/03\/31\/com-queda-de-9-pesquisa-indica-que-32-milhoes-de-paulistas-realizarao-compras-para-a-pascoa"},"author":{"name":"Carina Reifonas","@id":"https:\/\/redenoticiaz.com.br\/litoralsp\/#\/schema\/person\/1f84d6e94e6a62d2d81199d7503e9e90"},"headline":"Com queda de 9%, pesquisa indica que 32 milh\u00f5es de paulistas realizar\u00e3o compras para a P\u00e1scoa","datePublished":"2024-03-31T14:00:02+00:00","mainEntityOfPage":{"@id":"https:\/\/redenoticiaz.com.br\/litoralsp\/2024\/03\/31\/com-queda-de-9-pesquisa-indica-que-32-milhoes-de-paulistas-realizarao-compras-para-a-pascoa"},"wordCount":409,"commentCount":0,"publisher":{"@id":"https:\/\/redenoticiaz.com.br\/litoralsp\/#organization"},"image":{"@id":"https:\/\/redenoticiaz.com.br\/litoralsp\/2024\/03\/31\/com-queda-de-9-pesquisa-indica-que-32-milhoes-de-paulistas-realizarao-compras-para-a-pascoa#primaryimage"},"thumbnailUrl":"https:\/\/redenoticiaz.com.br\/litoralsp\/wp-content\/uploads\/sites\/3\/2024\/03\/pascoa.jpg?v=1711656700","keywords":["P\u00c1SCOA","VENDAS"],"articleSection":["Economia"],"inLanguage":"pt-BR","potentialAction":[{"@type":"CommentAction","name":"Comment","target":["https:\/\/redenoticiaz.com.br\/litoralsp\/2024\/03\/31\/com-queda-de-9-pesquisa-indica-que-32-milhoes-de-paulistas-realizarao-compras-para-a-pascoa#respond"]}]},{"@type":"WebPage","@id":"https:\/\/redenoticiaz.com.br\/litoralsp\/2024\/03\/31\/com-queda-de-9-pesquisa-indica-que-32-milhoes-de-paulistas-realizarao-compras-para-a-pascoa","url":"https:\/\/redenoticiaz.com.br\/litoralsp\/2024\/03\/31\/com-queda-de-9-pesquisa-indica-que-32-milhoes-de-paulistas-realizarao-compras-para-a-pascoa","name":"Com queda de 9%, pesquisa indica que 32 milh\u00f5es de paulistas realizar\u00e3o compras para a P\u00e1scoa - Litoral SP","isPartOf":{"@id":"https:\/\/redenoticiaz.com.br\/litoralsp\/#website"},"primaryImageOfPage":{"@id":"https:\/\/redenoticiaz.com.br\/litoralsp\/2024\/03\/31\/com-queda-de-9-pesquisa-indica-que-32-milhoes-de-paulistas-realizarao-compras-para-a-pascoa#primaryimage"},"image":{"@id":"https:\/\/redenoticiaz.com.br\/litoralsp\/2024\/03\/31\/com-queda-de-9-pesquisa-indica-que-32-milhoes-de-paulistas-realizarao-compras-para-a-pascoa#primaryimage"},"thumbnailUrl":"https:\/\/redenoticiaz.com.br\/litoralsp\/wp-content\/uploads\/sites\/3\/2024\/03\/pascoa.jpg?v=1711656700","datePublished":"2024-03-31T14:00:02+00:00","description":"Neste ano, os n\u00fameros indicam uma redu\u00e7\u00e3o no n\u00famero de consumidores adeptos a comprar chocolates, segundo levantamento feito pelo CDL Brasil","inLanguage":"pt-BR","potentialAction":[{"@type":"ReadAction","target":["https:\/\/redenoticiaz.com.br\/litoralsp\/2024\/03\/31\/com-queda-de-9-pesquisa-indica-que-32-milhoes-de-paulistas-realizarao-compras-para-a-pascoa"]}]},{"@type":"ImageObject","inLanguage":"pt-BR","@id":"https:\/\/redenoticiaz.com.br\/litoralsp\/2024\/03\/31\/com-queda-de-9-pesquisa-indica-que-32-milhoes-de-paulistas-realizarao-compras-para-a-pascoa#primaryimage","url":"https:\/\/redenoticiaz.com.br\/litoralsp\/wp-content\/uploads\/sites\/3\/2024\/03\/pascoa.jpg?v=1711656700","contentUrl":"https:\/\/redenoticiaz.com.br\/litoralsp\/wp-content\/uploads\/sites\/3\/2024\/03\/pascoa.jpg?v=1711656700","width":1344,"height":768},{"@type":"WebSite","@id":"https:\/\/redenoticiaz.com.br\/litoralsp\/#website","url":"https:\/\/redenoticiaz.com.br\/litoralsp\/","name":"Litoral SP","description":"Rede NoticiaZ","publisher":{"@id":"https:\/\/redenoticiaz.com.br\/litoralsp\/#organization"},"potentialAction":[{"@type":"SearchAction","target":{"@type":"EntryPoint","urlTemplate":"https:\/\/redenoticiaz.com.br\/litoralsp\/?s={search_term_string}"},"query-input":{"@type":"PropertyValueSpecification","valueRequired":true,"valueName":"search_term_string"}}],"inLanguage":"pt-BR"},{"@type":"Organization","@id":"https:\/\/redenoticiaz.com.br\/litoralsp\/#organization","name":"Litoral SP","url":"https:\/\/redenoticiaz.com.br\/litoralsp\/","logo":{"@type":"ImageObject","inLanguage":"pt-BR","@id":"https:\/\/redenoticiaz.com.br\/litoralsp\/#\/schema\/logo\/image\/","url":"https:\/\/redenoticiaz.com.br\/litoralsp\/wp-content\/uploads\/sites\/3\/2020\/11\/logo.jpg","contentUrl":"https:\/\/redenoticiaz.com.br\/litoralsp\/wp-content\/uploads\/sites\/3\/2020\/11\/logo.jpg","width":400,"height":250,"caption":"Litoral SP"},"image":{"@id":"https:\/\/redenoticiaz.com.br\/litoralsp\/#\/schema\/logo\/image\/"}},{"@type":"Person","@id":"https:\/\/redenoticiaz.com.br\/litoralsp\/#\/schema\/person\/1f84d6e94e6a62d2d81199d7503e9e90","name":"Carina Reifonas","image":{"@type":"ImageObject","inLanguage":"pt-BR","@id":"https:\/\/secure.gravatar.com\/avatar\/04c59859b23696cf867715880f81d5c037e60109730bdb4e6670ec2a2245bc97?s=96&d=mm&r=g","url":"https:\/\/secure.gravatar.com\/avatar\/04c59859b23696cf867715880f81d5c037e60109730bdb4e6670ec2a2245bc97?s=96&d=mm&r=g","contentUrl":"https:\/\/secure.gravatar.com\/avatar\/04c59859b23696cf867715880f81d5c037e60109730bdb4e6670ec2a2245bc97?s=96&d=mm&r=g","caption":"Carina Reifonas"},"url":"https:\/\/redenoticiaz.com.br\/litoralsp\/author\/carinareifonas"}]}},"_links":{"self":[{"href":"https:\/\/redenoticiaz.com.br\/litoralsp\/wp-json\/wp\/v2\/posts\/115369","targetHints":{"allow":["GET"]}}],"collection":[{"href":"https:\/\/redenoticiaz.com.br\/litoralsp\/wp-json\/wp\/v2\/posts"}],"about":[{"href":"https:\/\/redenoticiaz.com.br\/litoralsp\/wp-json\/wp\/v2\/types\/post"}],"author":[{"embeddable":true,"href":"https:\/\/redenoticiaz.com.br\/litoralsp\/wp-json\/wp\/v2\/users\/30"}],"replies":[{"embeddable":true,"href":"https:\/\/redenoticiaz.com.br\/litoralsp\/wp-json\/wp\/v2\/comments?post=115369"}],"version-history":[{"count":1,"href":"https:\/\/redenoticiaz.com.br\/litoralsp\/wp-json\/wp\/v2\/posts\/115369\/revisions"}],"predecessor-version":[{"id":115411,"href":"https:\/\/redenoticiaz.com.br\/litoralsp\/wp-json\/wp\/v2\/posts\/115369\/revisions\/115411"}],"wp:featuredmedia":[{"embeddable":true,"href":"https:\/\/redenoticiaz.com.br\/litoralsp\/wp-json\/wp\/v2\/media\/115370"}],"wp:attachment":[{"href":"https:\/\/redenoticiaz.com.br\/litoralsp\/wp-json\/wp\/v2\/media?parent=115369"}],"wp:term":[{"taxonomy":"category","embeddable":true,"href":"https:\/\/redenoticiaz.com.br\/litoralsp\/wp-json\/wp\/v2\/categories?post=115369"},{"taxonomy":"post_tag","embeddable":true,"href":"https:\/\/redenoticiaz.com.br\/litoralsp\/wp-json\/wp\/v2\/tags?post=115369"}],"curies":[{"name":"wp","href":"https:\/\/api.w.org\/{rel}","templated":true}]}}