{"id":115479,"date":"2024-04-03T17:01:12","date_gmt":"2024-04-03T20:01:12","guid":{"rendered":"https:\/\/redenoticiaz.com.br\/litoralsp\/2024\/04\/03\/seminario-internacional-do-cafe-vai-apontar-caminhos-para-setor-aproveitar-o-bom-momento"},"modified":"2024-04-03T17:04:06","modified_gmt":"2024-04-03T20:04:06","slug":"seminario-internacional-do-cafe-vai-apontar-caminhos-para-setor-aproveitar-o-bom-momento","status":"publish","type":"post","link":"https:\/\/redenoticiaz.com.br\/litoralsp\/2024\/04\/03\/seminario-internacional-do-cafe-vai-apontar-caminhos-para-setor-aproveitar-o-bom-momento","title":{"rendered":"Semin\u00e1rio Internacional do Caf\u00e9 vai apontar caminhos para setor aproveitar o bom momento"},"content":{"rendered":"<p>O Brasil se prepara para um fato pouco comum no que diz respeito \u00e0 produ\u00e7\u00e3o de caf\u00e9. Neste ano, o setor espera pelo terceiro aumento seguido em safras colhidas, fato que ocorreu somente sete vezes em 144 anos. Encontrar caminhos, para que o mercado aproveite este bom momento, \u00e9 um dos objetivos do 24\u00ba Semin\u00e1rio Internacional do Caf\u00e9 de Santos, que acontece em maio pr\u00f3ximo.<\/p>\n<p>As informa\u00e7\u00f5es citadas acima fazem parte de um levantamento da ag\u00eancia de not\u00edcias Reuters. Ali\u00e1s, as informa\u00e7\u00f5es da empresa citada v\u00e3o ao encontro do que foi constatado em um estudo do Observat\u00f3rio do Caf\u00e9, o qual prev\u00ea que a safra deste ano ser\u00e1 5,5% superior \u00e0 de 2023.<\/p>\n<p>De acordo com o diretor da EISA e vice-presidente da Associa\u00e7\u00e3o Comercial de Santos, Carlos Alberto Santana, os n\u00fameros s\u00e3o comemorados pelo segmento cafeeiro. Contudo, ele fez uma ressalva.<\/p>\n<p>\u201cO pa\u00eds n\u00e3o est\u00e1, somente, diante de uma grande oportunidade, mas tamb\u00e9m de desafios log\u00edsticos, que precisam ser discutidos entre os setores p\u00fablico e privado. Justamente por isto, \u00e9 fundamental debater rumos e desenvolver mecanismos, a fim de que todo o setor conquiste grandes resultados nos pr\u00f3ximos anos\u201d, afirmou, citando que \u201ca produ\u00e7\u00e3o que mais cresce \u00e9 a do caf\u00e9 Robusta, que pode tornar o Brasil o maior produtor do mundo.<\/p>\n<p>Ainda, Carlos Santana, afirma que o Brasil deve se preparar em v\u00e1rias esferas, para que garanta mais safras recordes. Por sinal, j\u00e1 existe a perspectiva de que, em 2025, a produ\u00e7\u00e3o siga em alta.<\/p>\n<p><strong>O Semin\u00e1rio Internacional do Caf\u00e9 2024<\/strong><\/p>\n<p>A fim de contribuir para que os n\u00fameros sejam cada vez mais satisfat\u00f3rios, o evento trar\u00e1 ao p\u00fablico especialistas renomados. Um deles \u00e9 Ricardo Amorim, considerado pela Revista Forbes o economista mais influente do Brasil. O outro \u00e9 Hugo Rodrigues, publicit\u00e1rio santista escolhido para substituir Washington Olivetto na WMcCann. Eles falar\u00e3o, respectivamente, de economia e marketing\/publicidade.<\/p>\n<p>Al\u00e9m disso, o evento, que \u00e9 organizado a cada dois anos pela Associa\u00e7\u00e3o Comercial de Santos (ACS), contar\u00e1 com palestras sobre diversos temas. Por exemplo, haver\u00e1 pain\u00e9is com os seguintes assuntos: Os desafios da Infraestrutura para o Desenvolvimento do Porto de Santos; Painel Mercado Caf\u00e9 &#8211; CEOs: O excedente atual \u00e9 suficientemente grande para satisfazer as necessidades do mercado?; O novo cen\u00e1rio do fluxo do com\u00e9rcio global de caf\u00e9 em tempos de ESG; Painel Mercado Caf\u00e9 &#8211; Empresas: Demanda &#8211; o futuro do uso da cafe\u00edna como bebida e outras formas de consumo; e A For\u00e7a do Caf\u00e9 Brasileiro e a Marca &#8216;Caf\u00e9s do Brasil&#8217;.&#8221;<\/p>\n<p>A programa\u00e7\u00e3o tamb\u00e9m vai proporcionar intervalos, com o objetivo de permitir que ocorram reuni\u00f5es, visita\u00e7\u00f5es e networking entre os inscritos. Ao t\u00e9rmino, acontece uma festa, encerrando os trabalhos.<\/p>\n<p>Marcado para ser realizado entre 21 e 23 de maio, no Blue Med Convention Center, em Santos, o Semin\u00e1rio Internacional do Caf\u00e9 est\u00e1 com inscri\u00e7\u00f5es abertas. Os interessados em participar devem acessar o site <a href=\"http:\/\/www.seminariocafesantos.com.br\">www.seminariocafesantos.com.br<\/a>, para garantirem\u00a0presen\u00e7a.<\/p>\n<p>LEIA MAIS<\/p>\n<p><a href=\"https:\/\/redenoticiaz.com.br\/blog\/2024\/04\/03\/filho-de-lula-tera-que-cumprir-medidas-protetivas-contra-ex-mulher\">Filho de Lula ter\u00e1 que cumprir medidas protetivas contra ex-mulher<\/a><\/p>\n<p><a href=\"https:\/\/redenoticiaz.com.br\/blog\/2024\/04\/03\/policia-civil-apreende-maquina-de-desbloqueio-de-celulares-roubados\">Pol\u00edcia Civil apreende m\u00e1quina de desbloqueio de celulares roubados<\/a><\/p>\n","protected":false},"excerpt":{"rendered":"<p>O Brasil se prepara para um fato pouco comum no que diz respeito \u00e0 produ\u00e7\u00e3o de caf\u00e9. Neste ano, o setor espera pelo terceiro aumento seguido em safras colhidas, fato que ocorreu somente sete vezes em 144 anos. Encontrar caminhos, para que o mercado aproveite este bom momento, \u00e9 um dos objetivos do 24\u00ba Semin\u00e1rio &hellip;<\/p>\n","protected":false},"author":30,"featured_media":115480,"comment_status":"open","ping_status":"closed","sticky":false,"template":"","format":"standard","meta":{"footnotes":""},"categories":[97,3385,180],"tags":[16835,57936],"class_list":["post-115479","post","type-post","status-publish","format-standard","has-post-thumbnail","hentry","category-economia","category-gastronomia","category-santos","tag-cafe","tag-safra"],"yoast_head":"<!-- This site is optimized with the Yoast SEO plugin v27.5 - https:\/\/yoast.com\/product\/yoast-seo-wordpress\/ -->\n<title>Semin\u00e1rio Internacional do Caf\u00e9 vai apontar caminhos para setor aproveitar o bom momento - Litoral SP<\/title>\n<meta name=\"description\" content=\"O Brasil se prepara para um fato pouco comum no que diz respeito \u00e0 produ\u00e7\u00e3o de caf\u00e9. Neste ano, o setor espera pelo terceiro aumento seguido em safras colhidas\" \/>\n<meta name=\"robots\" content=\"index, follow, max-snippet:-1, max-image-preview:large, max-video-preview:-1\" \/>\n<link rel=\"canonical\" href=\"https:\/\/redenoticiaz.com.br\/litoralsp\/2024\/04\/03\/seminario-internacional-do-cafe-vai-apontar-caminhos-para-setor-aproveitar-o-bom-momento\" \/>\n<meta property=\"og:locale\" content=\"pt_BR\" \/>\n<meta property=\"og:type\" content=\"article\" \/>\n<meta property=\"og:title\" content=\"Semin\u00e1rio Internacional do Caf\u00e9 vai apontar caminhos para setor aproveitar o bom momento - Litoral SP\" \/>\n<meta property=\"og:description\" content=\"O Brasil se prepara para um fato pouco comum no que diz respeito \u00e0 produ\u00e7\u00e3o de caf\u00e9. Neste ano, o setor espera pelo terceiro aumento seguido em safras colhidas\" \/>\n<meta property=\"og:url\" content=\"https:\/\/redenoticiaz.com.br\/litoralsp\/2024\/04\/03\/seminario-internacional-do-cafe-vai-apontar-caminhos-para-setor-aproveitar-o-bom-momento\" \/>\n<meta property=\"og:site_name\" content=\"Litoral SP\" \/>\n<meta property=\"article:published_time\" content=\"2024-04-03T20:01:12+00:00\" \/>\n<meta property=\"article:modified_time\" content=\"2024-04-03T20:04:06+00:00\" \/>\n<meta property=\"og:image\" content=\"https:\/\/redenoticiaz.com.br\/litoralsp\/wp-content\/uploads\/sites\/3\/2024\/04\/Imagem-do-WhatsApp-de-2024-04-03-as-13.26.17_36331f31.jpg?v=1712174459\" \/>\n\t<meta property=\"og:image:width\" content=\"1600\" \/>\n\t<meta property=\"og:image:height\" content=\"1066\" \/>\n\t<meta property=\"og:image:type\" content=\"image\/jpeg\" \/>\n<meta name=\"author\" content=\"Carina Reifonas\" \/>\n<meta name=\"twitter:card\" content=\"summary_large_image\" \/>\n<meta name=\"twitter:label1\" content=\"Escrito por\" \/>\n\t<meta name=\"twitter:data1\" content=\"Carina Reifonas\" \/>\n\t<meta name=\"twitter:label2\" content=\"Est. tempo de leitura\" \/>\n\t<meta name=\"twitter:data2\" content=\"3 minutos\" \/>\n<script type=\"application\/ld+json\" class=\"yoast-schema-graph\">{\"@context\":\"https:\\\/\\\/schema.org\",\"@graph\":[{\"@type\":\"Article\",\"@id\":\"https:\\\/\\\/redenoticiaz.com.br\\\/litoralsp\\\/2024\\\/04\\\/03\\\/seminario-internacional-do-cafe-vai-apontar-caminhos-para-setor-aproveitar-o-bom-momento#article\",\"isPartOf\":{\"@id\":\"https:\\\/\\\/redenoticiaz.com.br\\\/litoralsp\\\/2024\\\/04\\\/03\\\/seminario-internacional-do-cafe-vai-apontar-caminhos-para-setor-aproveitar-o-bom-momento\"},\"author\":{\"name\":\"Carina Reifonas\",\"@id\":\"https:\\\/\\\/redenoticiaz.com.br\\\/litoralsp\\\/#\\\/schema\\\/person\\\/1f84d6e94e6a62d2d81199d7503e9e90\"},\"headline\":\"Semin\u00e1rio Internacional do Caf\u00e9 vai apontar caminhos para setor aproveitar o bom momento\",\"datePublished\":\"2024-04-03T20:01:12+00:00\",\"dateModified\":\"2024-04-03T20:04:06+00:00\",\"mainEntityOfPage\":{\"@id\":\"https:\\\/\\\/redenoticiaz.com.br\\\/litoralsp\\\/2024\\\/04\\\/03\\\/seminario-internacional-do-cafe-vai-apontar-caminhos-para-setor-aproveitar-o-bom-momento\"},\"wordCount\":548,\"commentCount\":0,\"publisher\":{\"@id\":\"https:\\\/\\\/redenoticiaz.com.br\\\/litoralsp\\\/#organization\"},\"image\":{\"@id\":\"https:\\\/\\\/redenoticiaz.com.br\\\/litoralsp\\\/2024\\\/04\\\/03\\\/seminario-internacional-do-cafe-vai-apontar-caminhos-para-setor-aproveitar-o-bom-momento#primaryimage\"},\"thumbnailUrl\":\"https:\\\/\\\/redenoticiaz.com.br\\\/litoralsp\\\/wp-content\\\/uploads\\\/sites\\\/3\\\/2024\\\/04\\\/Imagem-do-WhatsApp-de-2024-04-03-as-13.26.17_36331f31.jpg?v=1712174459\",\"keywords\":[\"CAF\u00c9\",\"safra\"],\"articleSection\":[\"Economia\",\"Gastronomia\",\"Santos\"],\"inLanguage\":\"pt-BR\",\"potentialAction\":[{\"@type\":\"CommentAction\",\"name\":\"Comment\",\"target\":[\"https:\\\/\\\/redenoticiaz.com.br\\\/litoralsp\\\/2024\\\/04\\\/03\\\/seminario-internacional-do-cafe-vai-apontar-caminhos-para-setor-aproveitar-o-bom-momento#respond\"]}]},{\"@type\":\"WebPage\",\"@id\":\"https:\\\/\\\/redenoticiaz.com.br\\\/litoralsp\\\/2024\\\/04\\\/03\\\/seminario-internacional-do-cafe-vai-apontar-caminhos-para-setor-aproveitar-o-bom-momento\",\"url\":\"https:\\\/\\\/redenoticiaz.com.br\\\/litoralsp\\\/2024\\\/04\\\/03\\\/seminario-internacional-do-cafe-vai-apontar-caminhos-para-setor-aproveitar-o-bom-momento\",\"name\":\"Semin\u00e1rio Internacional do Caf\u00e9 vai apontar caminhos para setor aproveitar o bom momento - Litoral SP\",\"isPartOf\":{\"@id\":\"https:\\\/\\\/redenoticiaz.com.br\\\/litoralsp\\\/#website\"},\"primaryImageOfPage\":{\"@id\":\"https:\\\/\\\/redenoticiaz.com.br\\\/litoralsp\\\/2024\\\/04\\\/03\\\/seminario-internacional-do-cafe-vai-apontar-caminhos-para-setor-aproveitar-o-bom-momento#primaryimage\"},\"image\":{\"@id\":\"https:\\\/\\\/redenoticiaz.com.br\\\/litoralsp\\\/2024\\\/04\\\/03\\\/seminario-internacional-do-cafe-vai-apontar-caminhos-para-setor-aproveitar-o-bom-momento#primaryimage\"},\"thumbnailUrl\":\"https:\\\/\\\/redenoticiaz.com.br\\\/litoralsp\\\/wp-content\\\/uploads\\\/sites\\\/3\\\/2024\\\/04\\\/Imagem-do-WhatsApp-de-2024-04-03-as-13.26.17_36331f31.jpg?v=1712174459\",\"datePublished\":\"2024-04-03T20:01:12+00:00\",\"dateModified\":\"2024-04-03T20:04:06+00:00\",\"description\":\"O Brasil se prepara para um fato pouco comum no que diz respeito \u00e0 produ\u00e7\u00e3o de caf\u00e9. Neste ano, o setor espera pelo terceiro aumento seguido em safras colhidas\",\"inLanguage\":\"pt-BR\",\"potentialAction\":[{\"@type\":\"ReadAction\",\"target\":[\"https:\\\/\\\/redenoticiaz.com.br\\\/litoralsp\\\/2024\\\/04\\\/03\\\/seminario-internacional-do-cafe-vai-apontar-caminhos-para-setor-aproveitar-o-bom-momento\"]}]},{\"@type\":\"ImageObject\",\"inLanguage\":\"pt-BR\",\"@id\":\"https:\\\/\\\/redenoticiaz.com.br\\\/litoralsp\\\/2024\\\/04\\\/03\\\/seminario-internacional-do-cafe-vai-apontar-caminhos-para-setor-aproveitar-o-bom-momento#primaryimage\",\"url\":\"https:\\\/\\\/redenoticiaz.com.br\\\/litoralsp\\\/wp-content\\\/uploads\\\/sites\\\/3\\\/2024\\\/04\\\/Imagem-do-WhatsApp-de-2024-04-03-as-13.26.17_36331f31.jpg?v=1712174459\",\"contentUrl\":\"https:\\\/\\\/redenoticiaz.com.br\\\/litoralsp\\\/wp-content\\\/uploads\\\/sites\\\/3\\\/2024\\\/04\\\/Imagem-do-WhatsApp-de-2024-04-03-as-13.26.17_36331f31.jpg?v=1712174459\",\"width\":1600,\"height\":1066},{\"@type\":\"WebSite\",\"@id\":\"https:\\\/\\\/redenoticiaz.com.br\\\/litoralsp\\\/#website\",\"url\":\"https:\\\/\\\/redenoticiaz.com.br\\\/litoralsp\\\/\",\"name\":\"Litoral SP\",\"description\":\"Rede NoticiaZ\",\"publisher\":{\"@id\":\"https:\\\/\\\/redenoticiaz.com.br\\\/litoralsp\\\/#organization\"},\"potentialAction\":[{\"@type\":\"SearchAction\",\"target\":{\"@type\":\"EntryPoint\",\"urlTemplate\":\"https:\\\/\\\/redenoticiaz.com.br\\\/litoralsp\\\/?s={search_term_string}\"},\"query-input\":{\"@type\":\"PropertyValueSpecification\",\"valueRequired\":true,\"valueName\":\"search_term_string\"}}],\"inLanguage\":\"pt-BR\"},{\"@type\":\"Organization\",\"@id\":\"https:\\\/\\\/redenoticiaz.com.br\\\/litoralsp\\\/#organization\",\"name\":\"Litoral SP\",\"url\":\"https:\\\/\\\/redenoticiaz.com.br\\\/litoralsp\\\/\",\"logo\":{\"@type\":\"ImageObject\",\"inLanguage\":\"pt-BR\",\"@id\":\"https:\\\/\\\/redenoticiaz.com.br\\\/litoralsp\\\/#\\\/schema\\\/logo\\\/image\\\/\",\"url\":\"https:\\\/\\\/redenoticiaz.com.br\\\/litoralsp\\\/wp-content\\\/uploads\\\/sites\\\/3\\\/2020\\\/11\\\/logo.jpg\",\"contentUrl\":\"https:\\\/\\\/redenoticiaz.com.br\\\/litoralsp\\\/wp-content\\\/uploads\\\/sites\\\/3\\\/2020\\\/11\\\/logo.jpg\",\"width\":400,\"height\":250,\"caption\":\"Litoral SP\"},\"image\":{\"@id\":\"https:\\\/\\\/redenoticiaz.com.br\\\/litoralsp\\\/#\\\/schema\\\/logo\\\/image\\\/\"}},{\"@type\":\"Person\",\"@id\":\"https:\\\/\\\/redenoticiaz.com.br\\\/litoralsp\\\/#\\\/schema\\\/person\\\/1f84d6e94e6a62d2d81199d7503e9e90\",\"name\":\"Carina Reifonas\",\"image\":{\"@type\":\"ImageObject\",\"inLanguage\":\"pt-BR\",\"@id\":\"https:\\\/\\\/secure.gravatar.com\\\/avatar\\\/04c59859b23696cf867715880f81d5c037e60109730bdb4e6670ec2a2245bc97?s=96&d=mm&r=g\",\"url\":\"https:\\\/\\\/secure.gravatar.com\\\/avatar\\\/04c59859b23696cf867715880f81d5c037e60109730bdb4e6670ec2a2245bc97?s=96&d=mm&r=g\",\"contentUrl\":\"https:\\\/\\\/secure.gravatar.com\\\/avatar\\\/04c59859b23696cf867715880f81d5c037e60109730bdb4e6670ec2a2245bc97?s=96&d=mm&r=g\",\"caption\":\"Carina Reifonas\"},\"url\":\"https:\\\/\\\/redenoticiaz.com.br\\\/litoralsp\\\/author\\\/carinareifonas\"}]}<\/script>\n<!-- \/ Yoast SEO plugin. -->","yoast_head_json":{"title":"Semin\u00e1rio Internacional do Caf\u00e9 vai apontar caminhos para setor aproveitar o bom momento - Litoral SP","description":"O Brasil se prepara para um fato pouco comum no que diz respeito \u00e0 produ\u00e7\u00e3o de caf\u00e9. Neste ano, o setor espera pelo terceiro aumento seguido em safras colhidas","robots":{"index":"index","follow":"follow","max-snippet":"max-snippet:-1","max-image-preview":"max-image-preview:large","max-video-preview":"max-video-preview:-1"},"canonical":"https:\/\/redenoticiaz.com.br\/litoralsp\/2024\/04\/03\/seminario-internacional-do-cafe-vai-apontar-caminhos-para-setor-aproveitar-o-bom-momento","og_locale":"pt_BR","og_type":"article","og_title":"Semin\u00e1rio Internacional do Caf\u00e9 vai apontar caminhos para setor aproveitar o bom momento - Litoral SP","og_description":"O Brasil se prepara para um fato pouco comum no que diz respeito \u00e0 produ\u00e7\u00e3o de caf\u00e9. Neste ano, o setor espera pelo terceiro aumento seguido em safras colhidas","og_url":"https:\/\/redenoticiaz.com.br\/litoralsp\/2024\/04\/03\/seminario-internacional-do-cafe-vai-apontar-caminhos-para-setor-aproveitar-o-bom-momento","og_site_name":"Litoral SP","article_published_time":"2024-04-03T20:01:12+00:00","article_modified_time":"2024-04-03T20:04:06+00:00","og_image":[{"width":1600,"height":1066,"url":"https:\/\/redenoticiaz.com.br\/litoralsp\/wp-content\/uploads\/sites\/3\/2024\/04\/Imagem-do-WhatsApp-de-2024-04-03-as-13.26.17_36331f31.jpg?v=1712174459","type":"image\/jpeg"}],"author":"Carina Reifonas","twitter_card":"summary_large_image","twitter_misc":{"Escrito por":"Carina Reifonas","Est. tempo de leitura":"3 minutos"},"schema":{"@context":"https:\/\/schema.org","@graph":[{"@type":"Article","@id":"https:\/\/redenoticiaz.com.br\/litoralsp\/2024\/04\/03\/seminario-internacional-do-cafe-vai-apontar-caminhos-para-setor-aproveitar-o-bom-momento#article","isPartOf":{"@id":"https:\/\/redenoticiaz.com.br\/litoralsp\/2024\/04\/03\/seminario-internacional-do-cafe-vai-apontar-caminhos-para-setor-aproveitar-o-bom-momento"},"author":{"name":"Carina Reifonas","@id":"https:\/\/redenoticiaz.com.br\/litoralsp\/#\/schema\/person\/1f84d6e94e6a62d2d81199d7503e9e90"},"headline":"Semin\u00e1rio Internacional do Caf\u00e9 vai apontar caminhos para setor aproveitar o bom momento","datePublished":"2024-04-03T20:01:12+00:00","dateModified":"2024-04-03T20:04:06+00:00","mainEntityOfPage":{"@id":"https:\/\/redenoticiaz.com.br\/litoralsp\/2024\/04\/03\/seminario-internacional-do-cafe-vai-apontar-caminhos-para-setor-aproveitar-o-bom-momento"},"wordCount":548,"commentCount":0,"publisher":{"@id":"https:\/\/redenoticiaz.com.br\/litoralsp\/#organization"},"image":{"@id":"https:\/\/redenoticiaz.com.br\/litoralsp\/2024\/04\/03\/seminario-internacional-do-cafe-vai-apontar-caminhos-para-setor-aproveitar-o-bom-momento#primaryimage"},"thumbnailUrl":"https:\/\/redenoticiaz.com.br\/litoralsp\/wp-content\/uploads\/sites\/3\/2024\/04\/Imagem-do-WhatsApp-de-2024-04-03-as-13.26.17_36331f31.jpg?v=1712174459","keywords":["CAF\u00c9","safra"],"articleSection":["Economia","Gastronomia","Santos"],"inLanguage":"pt-BR","potentialAction":[{"@type":"CommentAction","name":"Comment","target":["https:\/\/redenoticiaz.com.br\/litoralsp\/2024\/04\/03\/seminario-internacional-do-cafe-vai-apontar-caminhos-para-setor-aproveitar-o-bom-momento#respond"]}]},{"@type":"WebPage","@id":"https:\/\/redenoticiaz.com.br\/litoralsp\/2024\/04\/03\/seminario-internacional-do-cafe-vai-apontar-caminhos-para-setor-aproveitar-o-bom-momento","url":"https:\/\/redenoticiaz.com.br\/litoralsp\/2024\/04\/03\/seminario-internacional-do-cafe-vai-apontar-caminhos-para-setor-aproveitar-o-bom-momento","name":"Semin\u00e1rio Internacional do Caf\u00e9 vai apontar caminhos para setor aproveitar o bom momento - Litoral SP","isPartOf":{"@id":"https:\/\/redenoticiaz.com.br\/litoralsp\/#website"},"primaryImageOfPage":{"@id":"https:\/\/redenoticiaz.com.br\/litoralsp\/2024\/04\/03\/seminario-internacional-do-cafe-vai-apontar-caminhos-para-setor-aproveitar-o-bom-momento#primaryimage"},"image":{"@id":"https:\/\/redenoticiaz.com.br\/litoralsp\/2024\/04\/03\/seminario-internacional-do-cafe-vai-apontar-caminhos-para-setor-aproveitar-o-bom-momento#primaryimage"},"thumbnailUrl":"https:\/\/redenoticiaz.com.br\/litoralsp\/wp-content\/uploads\/sites\/3\/2024\/04\/Imagem-do-WhatsApp-de-2024-04-03-as-13.26.17_36331f31.jpg?v=1712174459","datePublished":"2024-04-03T20:01:12+00:00","dateModified":"2024-04-03T20:04:06+00:00","description":"O Brasil se prepara para um fato pouco comum no que diz respeito \u00e0 produ\u00e7\u00e3o de caf\u00e9. Neste ano, o setor espera pelo terceiro aumento seguido em safras colhidas","inLanguage":"pt-BR","potentialAction":[{"@type":"ReadAction","target":["https:\/\/redenoticiaz.com.br\/litoralsp\/2024\/04\/03\/seminario-internacional-do-cafe-vai-apontar-caminhos-para-setor-aproveitar-o-bom-momento"]}]},{"@type":"ImageObject","inLanguage":"pt-BR","@id":"https:\/\/redenoticiaz.com.br\/litoralsp\/2024\/04\/03\/seminario-internacional-do-cafe-vai-apontar-caminhos-para-setor-aproveitar-o-bom-momento#primaryimage","url":"https:\/\/redenoticiaz.com.br\/litoralsp\/wp-content\/uploads\/sites\/3\/2024\/04\/Imagem-do-WhatsApp-de-2024-04-03-as-13.26.17_36331f31.jpg?v=1712174459","contentUrl":"https:\/\/redenoticiaz.com.br\/litoralsp\/wp-content\/uploads\/sites\/3\/2024\/04\/Imagem-do-WhatsApp-de-2024-04-03-as-13.26.17_36331f31.jpg?v=1712174459","width":1600,"height":1066},{"@type":"WebSite","@id":"https:\/\/redenoticiaz.com.br\/litoralsp\/#website","url":"https:\/\/redenoticiaz.com.br\/litoralsp\/","name":"Litoral SP","description":"Rede NoticiaZ","publisher":{"@id":"https:\/\/redenoticiaz.com.br\/litoralsp\/#organization"},"potentialAction":[{"@type":"SearchAction","target":{"@type":"EntryPoint","urlTemplate":"https:\/\/redenoticiaz.com.br\/litoralsp\/?s={search_term_string}"},"query-input":{"@type":"PropertyValueSpecification","valueRequired":true,"valueName":"search_term_string"}}],"inLanguage":"pt-BR"},{"@type":"Organization","@id":"https:\/\/redenoticiaz.com.br\/litoralsp\/#organization","name":"Litoral SP","url":"https:\/\/redenoticiaz.com.br\/litoralsp\/","logo":{"@type":"ImageObject","inLanguage":"pt-BR","@id":"https:\/\/redenoticiaz.com.br\/litoralsp\/#\/schema\/logo\/image\/","url":"https:\/\/redenoticiaz.com.br\/litoralsp\/wp-content\/uploads\/sites\/3\/2020\/11\/logo.jpg","contentUrl":"https:\/\/redenoticiaz.com.br\/litoralsp\/wp-content\/uploads\/sites\/3\/2020\/11\/logo.jpg","width":400,"height":250,"caption":"Litoral SP"},"image":{"@id":"https:\/\/redenoticiaz.com.br\/litoralsp\/#\/schema\/logo\/image\/"}},{"@type":"Person","@id":"https:\/\/redenoticiaz.com.br\/litoralsp\/#\/schema\/person\/1f84d6e94e6a62d2d81199d7503e9e90","name":"Carina Reifonas","image":{"@type":"ImageObject","inLanguage":"pt-BR","@id":"https:\/\/secure.gravatar.com\/avatar\/04c59859b23696cf867715880f81d5c037e60109730bdb4e6670ec2a2245bc97?s=96&d=mm&r=g","url":"https:\/\/secure.gravatar.com\/avatar\/04c59859b23696cf867715880f81d5c037e60109730bdb4e6670ec2a2245bc97?s=96&d=mm&r=g","contentUrl":"https:\/\/secure.gravatar.com\/avatar\/04c59859b23696cf867715880f81d5c037e60109730bdb4e6670ec2a2245bc97?s=96&d=mm&r=g","caption":"Carina Reifonas"},"url":"https:\/\/redenoticiaz.com.br\/litoralsp\/author\/carinareifonas"}]}},"_links":{"self":[{"href":"https:\/\/redenoticiaz.com.br\/litoralsp\/wp-json\/wp\/v2\/posts\/115479","targetHints":{"allow":["GET"]}}],"collection":[{"href":"https:\/\/redenoticiaz.com.br\/litoralsp\/wp-json\/wp\/v2\/posts"}],"about":[{"href":"https:\/\/redenoticiaz.com.br\/litoralsp\/wp-json\/wp\/v2\/types\/post"}],"author":[{"embeddable":true,"href":"https:\/\/redenoticiaz.com.br\/litoralsp\/wp-json\/wp\/v2\/users\/30"}],"replies":[{"embeddable":true,"href":"https:\/\/redenoticiaz.com.br\/litoralsp\/wp-json\/wp\/v2\/comments?post=115479"}],"version-history":[{"count":1,"href":"https:\/\/redenoticiaz.com.br\/litoralsp\/wp-json\/wp\/v2\/posts\/115479\/revisions"}],"predecessor-version":[{"id":115481,"href":"https:\/\/redenoticiaz.com.br\/litoralsp\/wp-json\/wp\/v2\/posts\/115479\/revisions\/115481"}],"wp:featuredmedia":[{"embeddable":true,"href":"https:\/\/redenoticiaz.com.br\/litoralsp\/wp-json\/wp\/v2\/media\/115480"}],"wp:attachment":[{"href":"https:\/\/redenoticiaz.com.br\/litoralsp\/wp-json\/wp\/v2\/media?parent=115479"}],"wp:term":[{"taxonomy":"category","embeddable":true,"href":"https:\/\/redenoticiaz.com.br\/litoralsp\/wp-json\/wp\/v2\/categories?post=115479"},{"taxonomy":"post_tag","embeddable":true,"href":"https:\/\/redenoticiaz.com.br\/litoralsp\/wp-json\/wp\/v2\/tags?post=115479"}],"curies":[{"name":"wp","href":"https:\/\/api.w.org\/{rel}","templated":true}]}}