{"id":115503,"date":"2024-04-06T15:00:16","date_gmt":"2024-04-06T18:00:16","guid":{"rendered":"https:\/\/redenoticiaz.com.br\/litoralsp\/?p=115503"},"modified":"2024-04-04T15:21:48","modified_gmt":"2024-04-04T18:21:48","slug":"cbf-define-primeiras-rodadas-do-brasileirao-com-inicio-em-13-de-abril","status":"publish","type":"post","link":"https:\/\/redenoticiaz.com.br\/litoralsp\/2024\/04\/06\/cbf-define-primeiras-rodadas-do-brasileirao-com-inicio-em-13-de-abril","title":{"rendered":"CBF define primeiras rodadas do Brasileir\u00e3o, com in\u00edcio em 13 de abril"},"content":{"rendered":"<p>As partidas das primeiras nove rodadas da S\u00e9rie A do\u00a0Campeonato Brasileiro j\u00e1 est\u00e3o definidas. \u00a0A CBF publicou a\u00a0<a href=\"https:\/\/www.cbf.com.br\/futebol-brasileiro\/noticias\/campeonato-brasileiro-serie-a\/cbf-divulga-tabela-detalhada-do-brasileirao-assai-2024-1\"><strong>tabela detalhada de jogos, hor\u00e1rios e locais<\/strong><\/a> nesta quinta-feira (4). A abertura da primeira rodada ser\u00e1 em 13 de abril, \u00e0s 18h30 (hor\u00e1rio de Bras\u00edlia), com dois confrontos concomitantes: Internacional x Bahia, no est\u00e1dio Beira-Rio, no Rio Grande do Sul; e Crici\u00fama x Juventude, no Heriberto Hulse, em Santa Catarina. A final do campeonato est\u00e1 prevista para 8 de dezembro.<\/p>\n<p>Entre as novidades do Brasileir\u00e3o 2024 est\u00e1 a comunica\u00e7\u00e3o ao p\u00fablico presente as decis\u00f5es a respeito de\u00a0lances revisados pelo VAR. Os \u00e1rbitros de v\u00eddeo dar\u00e3o explica\u00e7\u00f5es ao p\u00fablico por meio de an\u00fancios feitos pelo microfone. A novidade \u2013 testada na final da Supercopa Feminina deste ano \u2013 foi aprovada pela Fifa.<\/p>\n<p>Outra inova\u00e7\u00e3o \u00e9 a entregado Trof\u00e9u Roberto Dinamite ao artilheiro do Brasileir\u00e3o. Criada este ano em homenagem ao ex-jogador e \u00eddolo do Vasco, tamb\u00e9m ser\u00e1 concedida nas pr\u00f3ximas edi\u00e7\u00f5es do torneio.<\/p>\n<h2>Primeira rodada<\/h2>\n<p><strong>S\u00e1bado\u00a0 (13\/)<\/strong><\/p>\n<p>Internacional (RS) X\u00a0 Bahia (BA) &#8211; \u00e0s 18h30 &#8211; Beira-Rio, Porto Alegre (RS)<\/p>\n<p>Crici\u00fama X Juventude &#8211; \u00e0s 18h30 &#8211; Heriberto Hulse, Crici\u00fama (SC)<\/p>\n<p>Fluminense (RJ) X Red Bull Bragantino (SP) &#8211; \u00e0s 21h &#8211; Maracan\u00e3 (RJ)<\/p>\n<p>S\u00e3o Paulo (SP) X Fortaleza (CE) &#8211; \u00e0s 21h &#8211; Morumbis (SP)<\/p>\n<p><strong>Domingo &#8211; 14\/04\u00a0<\/strong><\/p>\n<p>Atl\u00e9tico (GO) X Flamengo (RJ) &#8211; \u00e0s 16h &#8211; Serra Dourada, Goi\u00e2nia (GO)<\/p>\n<p>Vasco da Gama (RJ) X Gr\u00eamio (RS), \u00e0s 16h &#8211; S\u00e3o Janu\u00e1rio, Rio de Janeiro (RJ)<\/p>\n<p>Corinthians (SP) X Atl\u00e9tico (MG) &#8211; \u00e0s 16h &#8211; Neo Qu\u00edmica Arena, S\u00e3o Paulo (SP)<\/p>\n<p>Athletico (PR) X Cuiab\u00e1 (MT) &#8211; \u00e0s 16h &#8211; Ligga Arena &#8211; Curitiba (PR)<\/p>\n<p>Cruzeiro X Botafogo (RJ) &#8211; \u00e0s 17h &#8211; Mineir\u00e3o, Belo Horizonte (MG)<\/p>\n<p>Vit\u00f3ria X Palmeiras &#8211; \u00e0s 18h30 &#8211; Manoel Barradas, Salvador (BA)<\/p>\n<p>Leia mais<\/p>\n<p><a href=\"https:\/\/redenoticiaz.com.br\/blog\/2023\/08\/18\/cbf-divulga-convocados-para-futuros-jogos-do-brasil\">CBF divulga convocados para futuros jogos do Brasil<\/a><\/p>\n<p><a href=\"https:\/\/redenoticiaz.com.br\/blog\/2023\/06\/19\/cbf-fecha-com-carlo-ancelotti-para-tecnico-da-selecao-brasileira\">CBF fecha com Carlo Ancelotti para t\u00e9cnico da sele\u00e7\u00e3o Brasileira<\/a><\/p>\n","protected":false},"excerpt":{"rendered":"<p>As partidas das primeiras nove rodadas da S\u00e9rie A do\u00a0Campeonato Brasileiro j\u00e1 est\u00e3o definidas. \u00a0A CBF publicou a\u00a0tabela detalhada de jogos, hor\u00e1rios e locais nesta quinta-feira (4). A abertura da primeira rodada ser\u00e1 em 13 de abril, \u00e0s 18h30 (hor\u00e1rio de Bras\u00edlia), com dois confrontos concomitantes: Internacional x Bahia, no est\u00e1dio Beira-Rio, no Rio Grande &hellip;<\/p>\n","protected":false},"author":12,"featured_media":115504,"comment_status":"open","ping_status":"closed","sticky":false,"template":"","format":"standard","meta":{"footnotes":""},"categories":[35],"tags":[15059,14630],"class_list":["post-115503","post","type-post","status-publish","format-standard","has-post-thumbnail","hentry","category-esporte","tag-cbf","tag-jogos"],"yoast_head":"<!-- This site is optimized with the Yoast SEO plugin v27.4 - https:\/\/yoast.com\/product\/yoast-seo-wordpress\/ -->\n<title>CBF define primeiras rodadas do Brasileir\u00e3o, com in\u00edcio em 13 de abril - Litoral SP<\/title>\n<meta name=\"description\" content=\"As partidas das primeiras nove rodadas da S\u00e9rie A do\u00a0Campeonato Brasileiro j\u00e1 est\u00e3o definidas. \u00a0A CBF publicou a\u00a0tabela detalhada de jogos, hor\u00e1rios e locais nesta quinta-feira (4).\" \/>\n<meta name=\"robots\" content=\"index, follow, max-snippet:-1, max-image-preview:large, max-video-preview:-1\" \/>\n<link rel=\"canonical\" href=\"https:\/\/redenoticiaz.com.br\/litoralsp\/2024\/04\/06\/cbf-define-primeiras-rodadas-do-brasileirao-com-inicio-em-13-de-abril\" \/>\n<meta property=\"og:locale\" content=\"pt_BR\" \/>\n<meta property=\"og:type\" content=\"article\" \/>\n<meta property=\"og:title\" content=\"CBF define primeiras rodadas do Brasileir\u00e3o, com in\u00edcio em 13 de abril - Litoral SP\" \/>\n<meta property=\"og:description\" content=\"As partidas das primeiras nove rodadas da S\u00e9rie A do\u00a0Campeonato Brasileiro j\u00e1 est\u00e3o definidas. \u00a0A CBF publicou a\u00a0tabela detalhada de jogos, hor\u00e1rios e locais nesta quinta-feira (4).\" \/>\n<meta property=\"og:url\" content=\"https:\/\/redenoticiaz.com.br\/litoralsp\/2024\/04\/06\/cbf-define-primeiras-rodadas-do-brasileirao-com-inicio-em-13-de-abril\" \/>\n<meta property=\"og:site_name\" content=\"Litoral SP\" \/>\n<meta property=\"article:published_time\" content=\"2024-04-06T18:00:16+00:00\" \/>\n<meta property=\"og:image\" content=\"https:\/\/redenoticiaz.com.br\/litoralsp\/wp-content\/uploads\/sites\/3\/2024\/04\/58a6031170c84835f358d51cbe946325.jpg?v=1642854821\" \/>\n\t<meta property=\"og:image:width\" content=\"800\" \/>\n\t<meta property=\"og:image:height\" content=\"536\" \/>\n\t<meta property=\"og:image:type\" content=\"image\/jpeg\" \/>\n<meta name=\"author\" content=\"Gustavo Silva\" \/>\n<meta name=\"twitter:card\" content=\"summary_large_image\" \/>\n<meta name=\"twitter:label1\" content=\"Escrito por\" \/>\n\t<meta name=\"twitter:data1\" content=\"Gustavo Silva\" \/>\n\t<meta name=\"twitter:label2\" content=\"Est. tempo de leitura\" \/>\n\t<meta name=\"twitter:data2\" content=\"2 minutos\" \/>\n<script type=\"application\/ld+json\" class=\"yoast-schema-graph\">{\"@context\":\"https:\\\/\\\/schema.org\",\"@graph\":[{\"@type\":\"Article\",\"@id\":\"https:\\\/\\\/redenoticiaz.com.br\\\/litoralsp\\\/2024\\\/04\\\/06\\\/cbf-define-primeiras-rodadas-do-brasileirao-com-inicio-em-13-de-abril#article\",\"isPartOf\":{\"@id\":\"https:\\\/\\\/redenoticiaz.com.br\\\/litoralsp\\\/2024\\\/04\\\/06\\\/cbf-define-primeiras-rodadas-do-brasileirao-com-inicio-em-13-de-abril\"},\"author\":{\"name\":\"Gustavo Silva\",\"@id\":\"https:\\\/\\\/redenoticiaz.com.br\\\/litoralsp\\\/#\\\/schema\\\/person\\\/16057b37a3c0ee6b096d7f887c566e2e\"},\"headline\":\"CBF define primeiras rodadas do Brasileir\u00e3o, com in\u00edcio em 13 de abril\",\"datePublished\":\"2024-04-06T18:00:16+00:00\",\"mainEntityOfPage\":{\"@id\":\"https:\\\/\\\/redenoticiaz.com.br\\\/litoralsp\\\/2024\\\/04\\\/06\\\/cbf-define-primeiras-rodadas-do-brasileirao-com-inicio-em-13-de-abril\"},\"wordCount\":361,\"commentCount\":0,\"publisher\":{\"@id\":\"https:\\\/\\\/redenoticiaz.com.br\\\/litoralsp\\\/#organization\"},\"image\":{\"@id\":\"https:\\\/\\\/redenoticiaz.com.br\\\/litoralsp\\\/2024\\\/04\\\/06\\\/cbf-define-primeiras-rodadas-do-brasileirao-com-inicio-em-13-de-abril#primaryimage\"},\"thumbnailUrl\":\"https:\\\/\\\/redenoticiaz.com.br\\\/litoralsp\\\/wp-content\\\/uploads\\\/sites\\\/3\\\/2024\\\/04\\\/58a6031170c84835f358d51cbe946325.jpg?v=1642854821\",\"keywords\":[\"CBF\",\"JOGOS\"],\"articleSection\":[\"Esporte\"],\"inLanguage\":\"pt-BR\",\"potentialAction\":[{\"@type\":\"CommentAction\",\"name\":\"Comment\",\"target\":[\"https:\\\/\\\/redenoticiaz.com.br\\\/litoralsp\\\/2024\\\/04\\\/06\\\/cbf-define-primeiras-rodadas-do-brasileirao-com-inicio-em-13-de-abril#respond\"]}]},{\"@type\":\"WebPage\",\"@id\":\"https:\\\/\\\/redenoticiaz.com.br\\\/litoralsp\\\/2024\\\/04\\\/06\\\/cbf-define-primeiras-rodadas-do-brasileirao-com-inicio-em-13-de-abril\",\"url\":\"https:\\\/\\\/redenoticiaz.com.br\\\/litoralsp\\\/2024\\\/04\\\/06\\\/cbf-define-primeiras-rodadas-do-brasileirao-com-inicio-em-13-de-abril\",\"name\":\"CBF define primeiras rodadas do Brasileir\u00e3o, com in\u00edcio em 13 de abril - Litoral SP\",\"isPartOf\":{\"@id\":\"https:\\\/\\\/redenoticiaz.com.br\\\/litoralsp\\\/#website\"},\"primaryImageOfPage\":{\"@id\":\"https:\\\/\\\/redenoticiaz.com.br\\\/litoralsp\\\/2024\\\/04\\\/06\\\/cbf-define-primeiras-rodadas-do-brasileirao-com-inicio-em-13-de-abril#primaryimage\"},\"image\":{\"@id\":\"https:\\\/\\\/redenoticiaz.com.br\\\/litoralsp\\\/2024\\\/04\\\/06\\\/cbf-define-primeiras-rodadas-do-brasileirao-com-inicio-em-13-de-abril#primaryimage\"},\"thumbnailUrl\":\"https:\\\/\\\/redenoticiaz.com.br\\\/litoralsp\\\/wp-content\\\/uploads\\\/sites\\\/3\\\/2024\\\/04\\\/58a6031170c84835f358d51cbe946325.jpg?v=1642854821\",\"datePublished\":\"2024-04-06T18:00:16+00:00\",\"description\":\"As partidas das primeiras nove rodadas da S\u00e9rie A do\u00a0Campeonato Brasileiro j\u00e1 est\u00e3o definidas. \u00a0A CBF publicou a\u00a0tabela detalhada de jogos, hor\u00e1rios e locais nesta quinta-feira (4).\",\"inLanguage\":\"pt-BR\",\"potentialAction\":[{\"@type\":\"ReadAction\",\"target\":[\"https:\\\/\\\/redenoticiaz.com.br\\\/litoralsp\\\/2024\\\/04\\\/06\\\/cbf-define-primeiras-rodadas-do-brasileirao-com-inicio-em-13-de-abril\"]}]},{\"@type\":\"ImageObject\",\"inLanguage\":\"pt-BR\",\"@id\":\"https:\\\/\\\/redenoticiaz.com.br\\\/litoralsp\\\/2024\\\/04\\\/06\\\/cbf-define-primeiras-rodadas-do-brasileirao-com-inicio-em-13-de-abril#primaryimage\",\"url\":\"https:\\\/\\\/redenoticiaz.com.br\\\/litoralsp\\\/wp-content\\\/uploads\\\/sites\\\/3\\\/2024\\\/04\\\/58a6031170c84835f358d51cbe946325.jpg?v=1642854821\",\"contentUrl\":\"https:\\\/\\\/redenoticiaz.com.br\\\/litoralsp\\\/wp-content\\\/uploads\\\/sites\\\/3\\\/2024\\\/04\\\/58a6031170c84835f358d51cbe946325.jpg?v=1642854821\",\"width\":800,\"height\":536,\"caption\":\"Cabre\u00fava abre inscri\u00e7\u00f5es para campeonatos de futebol e futsal (Foto: Divulga\u00e7\u00e3o)\"},{\"@type\":\"WebSite\",\"@id\":\"https:\\\/\\\/redenoticiaz.com.br\\\/litoralsp\\\/#website\",\"url\":\"https:\\\/\\\/redenoticiaz.com.br\\\/litoralsp\\\/\",\"name\":\"Litoral SP\",\"description\":\"Rede NoticiaZ\",\"publisher\":{\"@id\":\"https:\\\/\\\/redenoticiaz.com.br\\\/litoralsp\\\/#organization\"},\"potentialAction\":[{\"@type\":\"SearchAction\",\"target\":{\"@type\":\"EntryPoint\",\"urlTemplate\":\"https:\\\/\\\/redenoticiaz.com.br\\\/litoralsp\\\/?s={search_term_string}\"},\"query-input\":{\"@type\":\"PropertyValueSpecification\",\"valueRequired\":true,\"valueName\":\"search_term_string\"}}],\"inLanguage\":\"pt-BR\"},{\"@type\":\"Organization\",\"@id\":\"https:\\\/\\\/redenoticiaz.com.br\\\/litoralsp\\\/#organization\",\"name\":\"Litoral SP\",\"url\":\"https:\\\/\\\/redenoticiaz.com.br\\\/litoralsp\\\/\",\"logo\":{\"@type\":\"ImageObject\",\"inLanguage\":\"pt-BR\",\"@id\":\"https:\\\/\\\/redenoticiaz.com.br\\\/litoralsp\\\/#\\\/schema\\\/logo\\\/image\\\/\",\"url\":\"https:\\\/\\\/redenoticiaz.com.br\\\/litoralsp\\\/wp-content\\\/uploads\\\/sites\\\/3\\\/2020\\\/11\\\/logo.jpg\",\"contentUrl\":\"https:\\\/\\\/redenoticiaz.com.br\\\/litoralsp\\\/wp-content\\\/uploads\\\/sites\\\/3\\\/2020\\\/11\\\/logo.jpg\",\"width\":400,\"height\":250,\"caption\":\"Litoral SP\"},\"image\":{\"@id\":\"https:\\\/\\\/redenoticiaz.com.br\\\/litoralsp\\\/#\\\/schema\\\/logo\\\/image\\\/\"}},{\"@type\":\"Person\",\"@id\":\"https:\\\/\\\/redenoticiaz.com.br\\\/litoralsp\\\/#\\\/schema\\\/person\\\/16057b37a3c0ee6b096d7f887c566e2e\",\"name\":\"Gustavo Silva\",\"image\":{\"@type\":\"ImageObject\",\"inLanguage\":\"pt-BR\",\"@id\":\"https:\\\/\\\/secure.gravatar.com\\\/avatar\\\/3ee4e82f93b26de0a7cf4ea5eb7893da637ed6bb0c9170c58065944c56e28a33?s=96&d=mm&r=g\",\"url\":\"https:\\\/\\\/secure.gravatar.com\\\/avatar\\\/3ee4e82f93b26de0a7cf4ea5eb7893da637ed6bb0c9170c58065944c56e28a33?s=96&d=mm&r=g\",\"contentUrl\":\"https:\\\/\\\/secure.gravatar.com\\\/avatar\\\/3ee4e82f93b26de0a7cf4ea5eb7893da637ed6bb0c9170c58065944c56e28a33?s=96&d=mm&r=g\",\"caption\":\"Gustavo Silva\"},\"url\":\"https:\\\/\\\/redenoticiaz.com.br\\\/litoralsp\\\/author\\\/gustavosilva\"}]}<\/script>\n<!-- \/ Yoast SEO plugin. -->","yoast_head_json":{"title":"CBF define primeiras rodadas do Brasileir\u00e3o, com in\u00edcio em 13 de abril - Litoral SP","description":"As partidas das primeiras nove rodadas da S\u00e9rie A do\u00a0Campeonato Brasileiro j\u00e1 est\u00e3o definidas. \u00a0A CBF publicou a\u00a0tabela detalhada de jogos, hor\u00e1rios e locais nesta quinta-feira (4).","robots":{"index":"index","follow":"follow","max-snippet":"max-snippet:-1","max-image-preview":"max-image-preview:large","max-video-preview":"max-video-preview:-1"},"canonical":"https:\/\/redenoticiaz.com.br\/litoralsp\/2024\/04\/06\/cbf-define-primeiras-rodadas-do-brasileirao-com-inicio-em-13-de-abril","og_locale":"pt_BR","og_type":"article","og_title":"CBF define primeiras rodadas do Brasileir\u00e3o, com in\u00edcio em 13 de abril - Litoral SP","og_description":"As partidas das primeiras nove rodadas da S\u00e9rie A do\u00a0Campeonato Brasileiro j\u00e1 est\u00e3o definidas. \u00a0A CBF publicou a\u00a0tabela detalhada de jogos, hor\u00e1rios e locais nesta quinta-feira (4).","og_url":"https:\/\/redenoticiaz.com.br\/litoralsp\/2024\/04\/06\/cbf-define-primeiras-rodadas-do-brasileirao-com-inicio-em-13-de-abril","og_site_name":"Litoral SP","article_published_time":"2024-04-06T18:00:16+00:00","og_image":[{"width":800,"height":536,"url":"https:\/\/redenoticiaz.com.br\/litoralsp\/wp-content\/uploads\/sites\/3\/2024\/04\/58a6031170c84835f358d51cbe946325.jpg?v=1642854821","type":"image\/jpeg"}],"author":"Gustavo Silva","twitter_card":"summary_large_image","twitter_misc":{"Escrito por":"Gustavo Silva","Est. tempo de leitura":"2 minutos"},"schema":{"@context":"https:\/\/schema.org","@graph":[{"@type":"Article","@id":"https:\/\/redenoticiaz.com.br\/litoralsp\/2024\/04\/06\/cbf-define-primeiras-rodadas-do-brasileirao-com-inicio-em-13-de-abril#article","isPartOf":{"@id":"https:\/\/redenoticiaz.com.br\/litoralsp\/2024\/04\/06\/cbf-define-primeiras-rodadas-do-brasileirao-com-inicio-em-13-de-abril"},"author":{"name":"Gustavo Silva","@id":"https:\/\/redenoticiaz.com.br\/litoralsp\/#\/schema\/person\/16057b37a3c0ee6b096d7f887c566e2e"},"headline":"CBF define primeiras rodadas do Brasileir\u00e3o, com in\u00edcio em 13 de abril","datePublished":"2024-04-06T18:00:16+00:00","mainEntityOfPage":{"@id":"https:\/\/redenoticiaz.com.br\/litoralsp\/2024\/04\/06\/cbf-define-primeiras-rodadas-do-brasileirao-com-inicio-em-13-de-abril"},"wordCount":361,"commentCount":0,"publisher":{"@id":"https:\/\/redenoticiaz.com.br\/litoralsp\/#organization"},"image":{"@id":"https:\/\/redenoticiaz.com.br\/litoralsp\/2024\/04\/06\/cbf-define-primeiras-rodadas-do-brasileirao-com-inicio-em-13-de-abril#primaryimage"},"thumbnailUrl":"https:\/\/redenoticiaz.com.br\/litoralsp\/wp-content\/uploads\/sites\/3\/2024\/04\/58a6031170c84835f358d51cbe946325.jpg?v=1642854821","keywords":["CBF","JOGOS"],"articleSection":["Esporte"],"inLanguage":"pt-BR","potentialAction":[{"@type":"CommentAction","name":"Comment","target":["https:\/\/redenoticiaz.com.br\/litoralsp\/2024\/04\/06\/cbf-define-primeiras-rodadas-do-brasileirao-com-inicio-em-13-de-abril#respond"]}]},{"@type":"WebPage","@id":"https:\/\/redenoticiaz.com.br\/litoralsp\/2024\/04\/06\/cbf-define-primeiras-rodadas-do-brasileirao-com-inicio-em-13-de-abril","url":"https:\/\/redenoticiaz.com.br\/litoralsp\/2024\/04\/06\/cbf-define-primeiras-rodadas-do-brasileirao-com-inicio-em-13-de-abril","name":"CBF define primeiras rodadas do Brasileir\u00e3o, com in\u00edcio em 13 de abril - Litoral SP","isPartOf":{"@id":"https:\/\/redenoticiaz.com.br\/litoralsp\/#website"},"primaryImageOfPage":{"@id":"https:\/\/redenoticiaz.com.br\/litoralsp\/2024\/04\/06\/cbf-define-primeiras-rodadas-do-brasileirao-com-inicio-em-13-de-abril#primaryimage"},"image":{"@id":"https:\/\/redenoticiaz.com.br\/litoralsp\/2024\/04\/06\/cbf-define-primeiras-rodadas-do-brasileirao-com-inicio-em-13-de-abril#primaryimage"},"thumbnailUrl":"https:\/\/redenoticiaz.com.br\/litoralsp\/wp-content\/uploads\/sites\/3\/2024\/04\/58a6031170c84835f358d51cbe946325.jpg?v=1642854821","datePublished":"2024-04-06T18:00:16+00:00","description":"As partidas das primeiras nove rodadas da S\u00e9rie A do\u00a0Campeonato Brasileiro j\u00e1 est\u00e3o definidas. \u00a0A CBF publicou a\u00a0tabela detalhada de jogos, hor\u00e1rios e locais nesta quinta-feira (4).","inLanguage":"pt-BR","potentialAction":[{"@type":"ReadAction","target":["https:\/\/redenoticiaz.com.br\/litoralsp\/2024\/04\/06\/cbf-define-primeiras-rodadas-do-brasileirao-com-inicio-em-13-de-abril"]}]},{"@type":"ImageObject","inLanguage":"pt-BR","@id":"https:\/\/redenoticiaz.com.br\/litoralsp\/2024\/04\/06\/cbf-define-primeiras-rodadas-do-brasileirao-com-inicio-em-13-de-abril#primaryimage","url":"https:\/\/redenoticiaz.com.br\/litoralsp\/wp-content\/uploads\/sites\/3\/2024\/04\/58a6031170c84835f358d51cbe946325.jpg?v=1642854821","contentUrl":"https:\/\/redenoticiaz.com.br\/litoralsp\/wp-content\/uploads\/sites\/3\/2024\/04\/58a6031170c84835f358d51cbe946325.jpg?v=1642854821","width":800,"height":536,"caption":"Cabre\u00fava abre inscri\u00e7\u00f5es para campeonatos de futebol e futsal (Foto: Divulga\u00e7\u00e3o)"},{"@type":"WebSite","@id":"https:\/\/redenoticiaz.com.br\/litoralsp\/#website","url":"https:\/\/redenoticiaz.com.br\/litoralsp\/","name":"Litoral SP","description":"Rede NoticiaZ","publisher":{"@id":"https:\/\/redenoticiaz.com.br\/litoralsp\/#organization"},"potentialAction":[{"@type":"SearchAction","target":{"@type":"EntryPoint","urlTemplate":"https:\/\/redenoticiaz.com.br\/litoralsp\/?s={search_term_string}"},"query-input":{"@type":"PropertyValueSpecification","valueRequired":true,"valueName":"search_term_string"}}],"inLanguage":"pt-BR"},{"@type":"Organization","@id":"https:\/\/redenoticiaz.com.br\/litoralsp\/#organization","name":"Litoral SP","url":"https:\/\/redenoticiaz.com.br\/litoralsp\/","logo":{"@type":"ImageObject","inLanguage":"pt-BR","@id":"https:\/\/redenoticiaz.com.br\/litoralsp\/#\/schema\/logo\/image\/","url":"https:\/\/redenoticiaz.com.br\/litoralsp\/wp-content\/uploads\/sites\/3\/2020\/11\/logo.jpg","contentUrl":"https:\/\/redenoticiaz.com.br\/litoralsp\/wp-content\/uploads\/sites\/3\/2020\/11\/logo.jpg","width":400,"height":250,"caption":"Litoral SP"},"image":{"@id":"https:\/\/redenoticiaz.com.br\/litoralsp\/#\/schema\/logo\/image\/"}},{"@type":"Person","@id":"https:\/\/redenoticiaz.com.br\/litoralsp\/#\/schema\/person\/16057b37a3c0ee6b096d7f887c566e2e","name":"Gustavo Silva","image":{"@type":"ImageObject","inLanguage":"pt-BR","@id":"https:\/\/secure.gravatar.com\/avatar\/3ee4e82f93b26de0a7cf4ea5eb7893da637ed6bb0c9170c58065944c56e28a33?s=96&d=mm&r=g","url":"https:\/\/secure.gravatar.com\/avatar\/3ee4e82f93b26de0a7cf4ea5eb7893da637ed6bb0c9170c58065944c56e28a33?s=96&d=mm&r=g","contentUrl":"https:\/\/secure.gravatar.com\/avatar\/3ee4e82f93b26de0a7cf4ea5eb7893da637ed6bb0c9170c58065944c56e28a33?s=96&d=mm&r=g","caption":"Gustavo Silva"},"url":"https:\/\/redenoticiaz.com.br\/litoralsp\/author\/gustavosilva"}]}},"_links":{"self":[{"href":"https:\/\/redenoticiaz.com.br\/litoralsp\/wp-json\/wp\/v2\/posts\/115503","targetHints":{"allow":["GET"]}}],"collection":[{"href":"https:\/\/redenoticiaz.com.br\/litoralsp\/wp-json\/wp\/v2\/posts"}],"about":[{"href":"https:\/\/redenoticiaz.com.br\/litoralsp\/wp-json\/wp\/v2\/types\/post"}],"author":[{"embeddable":true,"href":"https:\/\/redenoticiaz.com.br\/litoralsp\/wp-json\/wp\/v2\/users\/12"}],"replies":[{"embeddable":true,"href":"https:\/\/redenoticiaz.com.br\/litoralsp\/wp-json\/wp\/v2\/comments?post=115503"}],"version-history":[{"count":1,"href":"https:\/\/redenoticiaz.com.br\/litoralsp\/wp-json\/wp\/v2\/posts\/115503\/revisions"}],"predecessor-version":[{"id":115505,"href":"https:\/\/redenoticiaz.com.br\/litoralsp\/wp-json\/wp\/v2\/posts\/115503\/revisions\/115505"}],"wp:featuredmedia":[{"embeddable":true,"href":"https:\/\/redenoticiaz.com.br\/litoralsp\/wp-json\/wp\/v2\/media\/115504"}],"wp:attachment":[{"href":"https:\/\/redenoticiaz.com.br\/litoralsp\/wp-json\/wp\/v2\/media?parent=115503"}],"wp:term":[{"taxonomy":"category","embeddable":true,"href":"https:\/\/redenoticiaz.com.br\/litoralsp\/wp-json\/wp\/v2\/categories?post=115503"},{"taxonomy":"post_tag","embeddable":true,"href":"https:\/\/redenoticiaz.com.br\/litoralsp\/wp-json\/wp\/v2\/tags?post=115503"}],"curies":[{"name":"wp","href":"https:\/\/api.w.org\/{rel}","templated":true}]}}