{"id":115594,"date":"2024-04-09T17:30:26","date_gmt":"2024-04-09T20:30:26","guid":{"rendered":"https:\/\/redenoticiaz.com.br\/litoralsp\/?p=115594"},"modified":"2024-04-09T15:41:03","modified_gmt":"2024-04-09T18:41:03","slug":"baixada-santista-registra-a-quinta-morte-por-dengue-em-2024","status":"publish","type":"post","link":"https:\/\/redenoticiaz.com.br\/litoralsp\/2024\/04\/09\/baixada-santista-registra-a-quinta-morte-por-dengue-em-2024","title":{"rendered":"Baixada santista registra a quinta morte por dengue em 2024"},"content":{"rendered":"<p>A v\u00edtima, um homem de 60 anos, \u00e9 a primeira morte registrada pela doen\u00e7a em bertioga e outras nove mortes est\u00e3o em investiga\u00e7\u00e3o na regi\u00e3o.<\/p>\n<p>De acordo com o instituto nacional de tecnologia e sa\u00fade, respons\u00e1vel pela gest\u00e3o do hospital municipal de bertioga, a morte do paciente foi registrada em 28 de mar\u00e7o.<\/p>\n<p>A secretaria de sa\u00fade de bertioga refor\u00e7ou que o munic\u00edpio tem implementado diversas a\u00e7\u00f5es preventivas no combate \u00e0 doen\u00e7a.<\/p>\n<p>Entre elas, est\u00e3o mutir\u00f5es de limpeza e elimina\u00e7\u00e3o de criadouros, al\u00e9m de campanhas educativas de conscientiza\u00e7\u00e3o da popula\u00e7\u00e3o.<\/p>\n<p>Segundo a secretaria estadual de sa\u00fade, a baixada santista j\u00e1 registrou mais de seis mil casos de dengue, al\u00e9m de mais de tr\u00eas mil casos sob investiga\u00e7\u00e3o.<\/p>\n<p>Das outras quatro mortes por dengue j\u00e1 confirmadas na regi\u00e3o, duas ocorreram em guaruj\u00e1, uma em peru\u00edbe e uma em itanha\u00e9m.<\/p>\n<p>Leia mais<\/p>\n<p><a href=\"https:\/\/redenoticiaz.com.br\/litoralsp\/2024\/03\/05\/prefeitura-de-bertioga-disponibiliza-o-canal-de-denuncias-disk-dengue\">Prefeitura de Bertioga disponibiliza o canal de den\u00fancias \u2018Disk Dengue\u2019<\/a><\/p>\n<p><a href=\"https:\/\/redenoticiaz.com.br\/litoralsp\/2024\/03\/23\/criancas-de-ate-5-anos-morrem-mais-de-dengue-revela-pesquisa\">Crian\u00e7as de at\u00e9 5 anos morrem mais de dengue, revela pesquisa<\/a><\/p>\n","protected":false},"excerpt":{"rendered":"<p>A v\u00edtima, um homem de 60 anos, \u00e9 a primeira morte registrada pela doen\u00e7a em bertioga e outras nove mortes est\u00e3o em investiga\u00e7\u00e3o na regi\u00e3o. De acordo com o instituto nacional de tecnologia e sa\u00fade, respons\u00e1vel pela gest\u00e3o do hospital municipal de bertioga, a morte do paciente foi registrada em 28 de mar\u00e7o. A secretaria &hellip;<\/p>\n","protected":false},"author":12,"featured_media":114318,"comment_status":"open","ping_status":"closed","sticky":false,"template":"","format":"standard","meta":{"footnotes":""},"categories":[1107,23],"tags":[39664,10720,58969],"class_list":["post-115594","post","type-post","status-publish","format-standard","has-post-thumbnail","hentry","category-bertioga","category-saude","tag-baixada","tag-dengue","tag-vitima"],"yoast_head":"<!-- This site is optimized with the Yoast SEO plugin v27.4 - https:\/\/yoast.com\/product\/yoast-seo-wordpress\/ -->\n<title>Baixada santista registra a quinta morte por dengue em 2024 - Litoral SP<\/title>\n<meta name=\"description\" content=\"A v\u00edtima, um homem de 60 anos, \u00e9 a primeira morte registrada pela doen\u00e7a em bertioga e outras nove mortes est\u00e3o em investiga\u00e7\u00e3o na regi\u00e3o.\" \/>\n<meta name=\"robots\" content=\"index, follow, max-snippet:-1, max-image-preview:large, max-video-preview:-1\" \/>\n<link rel=\"canonical\" href=\"https:\/\/redenoticiaz.com.br\/litoralsp\/2024\/04\/09\/baixada-santista-registra-a-quinta-morte-por-dengue-em-2024\" \/>\n<meta property=\"og:locale\" content=\"pt_BR\" \/>\n<meta property=\"og:type\" content=\"article\" \/>\n<meta property=\"og:title\" content=\"Baixada santista registra a quinta morte por dengue em 2024 - Litoral SP\" \/>\n<meta property=\"og:description\" content=\"A v\u00edtima, um homem de 60 anos, \u00e9 a primeira morte registrada pela doen\u00e7a em bertioga e outras nove mortes est\u00e3o em investiga\u00e7\u00e3o na regi\u00e3o.\" \/>\n<meta property=\"og:url\" content=\"https:\/\/redenoticiaz.com.br\/litoralsp\/2024\/04\/09\/baixada-santista-registra-a-quinta-morte-por-dengue-em-2024\" \/>\n<meta property=\"og:site_name\" content=\"Litoral SP\" \/>\n<meta property=\"article:published_time\" content=\"2024-04-09T20:30:26+00:00\" \/>\n<meta property=\"og:image\" content=\"https:\/\/redenoticiaz.com.br\/litoralsp\/wp-content\/uploads\/sites\/3\/2024\/02\/Captura-de-tela-2024-02-05-151037.jpg?v=1707156644\" \/>\n\t<meta property=\"og:image:width\" content=\"451\" \/>\n\t<meta property=\"og:image:height\" content=\"319\" \/>\n\t<meta property=\"og:image:type\" content=\"image\/jpeg\" \/>\n<meta name=\"author\" content=\"Gustavo Silva\" \/>\n<meta name=\"twitter:card\" content=\"summary_large_image\" \/>\n<meta name=\"twitter:label1\" content=\"Escrito por\" \/>\n\t<meta name=\"twitter:data1\" content=\"Gustavo Silva\" \/>\n\t<meta name=\"twitter:label2\" content=\"Est. tempo de leitura\" \/>\n\t<meta name=\"twitter:data2\" content=\"1 minuto\" \/>\n<script type=\"application\/ld+json\" class=\"yoast-schema-graph\">{\"@context\":\"https:\\\/\\\/schema.org\",\"@graph\":[{\"@type\":\"Article\",\"@id\":\"https:\\\/\\\/redenoticiaz.com.br\\\/litoralsp\\\/2024\\\/04\\\/09\\\/baixada-santista-registra-a-quinta-morte-por-dengue-em-2024#article\",\"isPartOf\":{\"@id\":\"https:\\\/\\\/redenoticiaz.com.br\\\/litoralsp\\\/2024\\\/04\\\/09\\\/baixada-santista-registra-a-quinta-morte-por-dengue-em-2024\"},\"author\":{\"name\":\"Gustavo Silva\",\"@id\":\"https:\\\/\\\/redenoticiaz.com.br\\\/litoralsp\\\/#\\\/schema\\\/person\\\/16057b37a3c0ee6b096d7f887c566e2e\"},\"headline\":\"Baixada santista registra a quinta morte por dengue em 2024\",\"datePublished\":\"2024-04-09T20:30:26+00:00\",\"mainEntityOfPage\":{\"@id\":\"https:\\\/\\\/redenoticiaz.com.br\\\/litoralsp\\\/2024\\\/04\\\/09\\\/baixada-santista-registra-a-quinta-morte-por-dengue-em-2024\"},\"wordCount\":194,\"commentCount\":0,\"publisher\":{\"@id\":\"https:\\\/\\\/redenoticiaz.com.br\\\/litoralsp\\\/#organization\"},\"image\":{\"@id\":\"https:\\\/\\\/redenoticiaz.com.br\\\/litoralsp\\\/2024\\\/04\\\/09\\\/baixada-santista-registra-a-quinta-morte-por-dengue-em-2024#primaryimage\"},\"thumbnailUrl\":\"https:\\\/\\\/redenoticiaz.com.br\\\/litoralsp\\\/wp-content\\\/uploads\\\/sites\\\/3\\\/2024\\\/02\\\/Captura-de-tela-2024-02-05-151037.jpg?v=1707156644\",\"keywords\":[\"baixada\",\"DENGUE\",\"V\u00cdTIMA\"],\"articleSection\":[\"Bertioga\",\"Sa\u00fade\"],\"inLanguage\":\"pt-BR\",\"potentialAction\":[{\"@type\":\"CommentAction\",\"name\":\"Comment\",\"target\":[\"https:\\\/\\\/redenoticiaz.com.br\\\/litoralsp\\\/2024\\\/04\\\/09\\\/baixada-santista-registra-a-quinta-morte-por-dengue-em-2024#respond\"]}]},{\"@type\":\"WebPage\",\"@id\":\"https:\\\/\\\/redenoticiaz.com.br\\\/litoralsp\\\/2024\\\/04\\\/09\\\/baixada-santista-registra-a-quinta-morte-por-dengue-em-2024\",\"url\":\"https:\\\/\\\/redenoticiaz.com.br\\\/litoralsp\\\/2024\\\/04\\\/09\\\/baixada-santista-registra-a-quinta-morte-por-dengue-em-2024\",\"name\":\"Baixada santista registra a quinta morte por dengue em 2024 - Litoral SP\",\"isPartOf\":{\"@id\":\"https:\\\/\\\/redenoticiaz.com.br\\\/litoralsp\\\/#website\"},\"primaryImageOfPage\":{\"@id\":\"https:\\\/\\\/redenoticiaz.com.br\\\/litoralsp\\\/2024\\\/04\\\/09\\\/baixada-santista-registra-a-quinta-morte-por-dengue-em-2024#primaryimage\"},\"image\":{\"@id\":\"https:\\\/\\\/redenoticiaz.com.br\\\/litoralsp\\\/2024\\\/04\\\/09\\\/baixada-santista-registra-a-quinta-morte-por-dengue-em-2024#primaryimage\"},\"thumbnailUrl\":\"https:\\\/\\\/redenoticiaz.com.br\\\/litoralsp\\\/wp-content\\\/uploads\\\/sites\\\/3\\\/2024\\\/02\\\/Captura-de-tela-2024-02-05-151037.jpg?v=1707156644\",\"datePublished\":\"2024-04-09T20:30:26+00:00\",\"description\":\"A v\u00edtima, um homem de 60 anos, \u00e9 a primeira morte registrada pela doen\u00e7a em bertioga e outras nove mortes est\u00e3o em investiga\u00e7\u00e3o na regi\u00e3o.\",\"inLanguage\":\"pt-BR\",\"potentialAction\":[{\"@type\":\"ReadAction\",\"target\":[\"https:\\\/\\\/redenoticiaz.com.br\\\/litoralsp\\\/2024\\\/04\\\/09\\\/baixada-santista-registra-a-quinta-morte-por-dengue-em-2024\"]}]},{\"@type\":\"ImageObject\",\"inLanguage\":\"pt-BR\",\"@id\":\"https:\\\/\\\/redenoticiaz.com.br\\\/litoralsp\\\/2024\\\/04\\\/09\\\/baixada-santista-registra-a-quinta-morte-por-dengue-em-2024#primaryimage\",\"url\":\"https:\\\/\\\/redenoticiaz.com.br\\\/litoralsp\\\/wp-content\\\/uploads\\\/sites\\\/3\\\/2024\\\/02\\\/Captura-de-tela-2024-02-05-151037.jpg?v=1707156644\",\"contentUrl\":\"https:\\\/\\\/redenoticiaz.com.br\\\/litoralsp\\\/wp-content\\\/uploads\\\/sites\\\/3\\\/2024\\\/02\\\/Captura-de-tela-2024-02-05-151037.jpg?v=1707156644\",\"width\":451,\"height\":319},{\"@type\":\"WebSite\",\"@id\":\"https:\\\/\\\/redenoticiaz.com.br\\\/litoralsp\\\/#website\",\"url\":\"https:\\\/\\\/redenoticiaz.com.br\\\/litoralsp\\\/\",\"name\":\"Litoral SP\",\"description\":\"Rede NoticiaZ\",\"publisher\":{\"@id\":\"https:\\\/\\\/redenoticiaz.com.br\\\/litoralsp\\\/#organization\"},\"potentialAction\":[{\"@type\":\"SearchAction\",\"target\":{\"@type\":\"EntryPoint\",\"urlTemplate\":\"https:\\\/\\\/redenoticiaz.com.br\\\/litoralsp\\\/?s={search_term_string}\"},\"query-input\":{\"@type\":\"PropertyValueSpecification\",\"valueRequired\":true,\"valueName\":\"search_term_string\"}}],\"inLanguage\":\"pt-BR\"},{\"@type\":\"Organization\",\"@id\":\"https:\\\/\\\/redenoticiaz.com.br\\\/litoralsp\\\/#organization\",\"name\":\"Litoral SP\",\"url\":\"https:\\\/\\\/redenoticiaz.com.br\\\/litoralsp\\\/\",\"logo\":{\"@type\":\"ImageObject\",\"inLanguage\":\"pt-BR\",\"@id\":\"https:\\\/\\\/redenoticiaz.com.br\\\/litoralsp\\\/#\\\/schema\\\/logo\\\/image\\\/\",\"url\":\"https:\\\/\\\/redenoticiaz.com.br\\\/litoralsp\\\/wp-content\\\/uploads\\\/sites\\\/3\\\/2020\\\/11\\\/logo.jpg\",\"contentUrl\":\"https:\\\/\\\/redenoticiaz.com.br\\\/litoralsp\\\/wp-content\\\/uploads\\\/sites\\\/3\\\/2020\\\/11\\\/logo.jpg\",\"width\":400,\"height\":250,\"caption\":\"Litoral SP\"},\"image\":{\"@id\":\"https:\\\/\\\/redenoticiaz.com.br\\\/litoralsp\\\/#\\\/schema\\\/logo\\\/image\\\/\"}},{\"@type\":\"Person\",\"@id\":\"https:\\\/\\\/redenoticiaz.com.br\\\/litoralsp\\\/#\\\/schema\\\/person\\\/16057b37a3c0ee6b096d7f887c566e2e\",\"name\":\"Gustavo Silva\",\"image\":{\"@type\":\"ImageObject\",\"inLanguage\":\"pt-BR\",\"@id\":\"https:\\\/\\\/secure.gravatar.com\\\/avatar\\\/3ee4e82f93b26de0a7cf4ea5eb7893da637ed6bb0c9170c58065944c56e28a33?s=96&d=mm&r=g\",\"url\":\"https:\\\/\\\/secure.gravatar.com\\\/avatar\\\/3ee4e82f93b26de0a7cf4ea5eb7893da637ed6bb0c9170c58065944c56e28a33?s=96&d=mm&r=g\",\"contentUrl\":\"https:\\\/\\\/secure.gravatar.com\\\/avatar\\\/3ee4e82f93b26de0a7cf4ea5eb7893da637ed6bb0c9170c58065944c56e28a33?s=96&d=mm&r=g\",\"caption\":\"Gustavo Silva\"},\"url\":\"https:\\\/\\\/redenoticiaz.com.br\\\/litoralsp\\\/author\\\/gustavosilva\"}]}<\/script>\n<!-- \/ Yoast SEO plugin. -->","yoast_head_json":{"title":"Baixada santista registra a quinta morte por dengue em 2024 - Litoral SP","description":"A v\u00edtima, um homem de 60 anos, \u00e9 a primeira morte registrada pela doen\u00e7a em bertioga e outras nove mortes est\u00e3o em investiga\u00e7\u00e3o na regi\u00e3o.","robots":{"index":"index","follow":"follow","max-snippet":"max-snippet:-1","max-image-preview":"max-image-preview:large","max-video-preview":"max-video-preview:-1"},"canonical":"https:\/\/redenoticiaz.com.br\/litoralsp\/2024\/04\/09\/baixada-santista-registra-a-quinta-morte-por-dengue-em-2024","og_locale":"pt_BR","og_type":"article","og_title":"Baixada santista registra a quinta morte por dengue em 2024 - Litoral SP","og_description":"A v\u00edtima, um homem de 60 anos, \u00e9 a primeira morte registrada pela doen\u00e7a em bertioga e outras nove mortes est\u00e3o em investiga\u00e7\u00e3o na regi\u00e3o.","og_url":"https:\/\/redenoticiaz.com.br\/litoralsp\/2024\/04\/09\/baixada-santista-registra-a-quinta-morte-por-dengue-em-2024","og_site_name":"Litoral SP","article_published_time":"2024-04-09T20:30:26+00:00","og_image":[{"width":451,"height":319,"url":"https:\/\/redenoticiaz.com.br\/litoralsp\/wp-content\/uploads\/sites\/3\/2024\/02\/Captura-de-tela-2024-02-05-151037.jpg?v=1707156644","type":"image\/jpeg"}],"author":"Gustavo Silva","twitter_card":"summary_large_image","twitter_misc":{"Escrito por":"Gustavo Silva","Est. tempo de leitura":"1 minuto"},"schema":{"@context":"https:\/\/schema.org","@graph":[{"@type":"Article","@id":"https:\/\/redenoticiaz.com.br\/litoralsp\/2024\/04\/09\/baixada-santista-registra-a-quinta-morte-por-dengue-em-2024#article","isPartOf":{"@id":"https:\/\/redenoticiaz.com.br\/litoralsp\/2024\/04\/09\/baixada-santista-registra-a-quinta-morte-por-dengue-em-2024"},"author":{"name":"Gustavo Silva","@id":"https:\/\/redenoticiaz.com.br\/litoralsp\/#\/schema\/person\/16057b37a3c0ee6b096d7f887c566e2e"},"headline":"Baixada santista registra a quinta morte por dengue em 2024","datePublished":"2024-04-09T20:30:26+00:00","mainEntityOfPage":{"@id":"https:\/\/redenoticiaz.com.br\/litoralsp\/2024\/04\/09\/baixada-santista-registra-a-quinta-morte-por-dengue-em-2024"},"wordCount":194,"commentCount":0,"publisher":{"@id":"https:\/\/redenoticiaz.com.br\/litoralsp\/#organization"},"image":{"@id":"https:\/\/redenoticiaz.com.br\/litoralsp\/2024\/04\/09\/baixada-santista-registra-a-quinta-morte-por-dengue-em-2024#primaryimage"},"thumbnailUrl":"https:\/\/redenoticiaz.com.br\/litoralsp\/wp-content\/uploads\/sites\/3\/2024\/02\/Captura-de-tela-2024-02-05-151037.jpg?v=1707156644","keywords":["baixada","DENGUE","V\u00cdTIMA"],"articleSection":["Bertioga","Sa\u00fade"],"inLanguage":"pt-BR","potentialAction":[{"@type":"CommentAction","name":"Comment","target":["https:\/\/redenoticiaz.com.br\/litoralsp\/2024\/04\/09\/baixada-santista-registra-a-quinta-morte-por-dengue-em-2024#respond"]}]},{"@type":"WebPage","@id":"https:\/\/redenoticiaz.com.br\/litoralsp\/2024\/04\/09\/baixada-santista-registra-a-quinta-morte-por-dengue-em-2024","url":"https:\/\/redenoticiaz.com.br\/litoralsp\/2024\/04\/09\/baixada-santista-registra-a-quinta-morte-por-dengue-em-2024","name":"Baixada santista registra a quinta morte por dengue em 2024 - Litoral SP","isPartOf":{"@id":"https:\/\/redenoticiaz.com.br\/litoralsp\/#website"},"primaryImageOfPage":{"@id":"https:\/\/redenoticiaz.com.br\/litoralsp\/2024\/04\/09\/baixada-santista-registra-a-quinta-morte-por-dengue-em-2024#primaryimage"},"image":{"@id":"https:\/\/redenoticiaz.com.br\/litoralsp\/2024\/04\/09\/baixada-santista-registra-a-quinta-morte-por-dengue-em-2024#primaryimage"},"thumbnailUrl":"https:\/\/redenoticiaz.com.br\/litoralsp\/wp-content\/uploads\/sites\/3\/2024\/02\/Captura-de-tela-2024-02-05-151037.jpg?v=1707156644","datePublished":"2024-04-09T20:30:26+00:00","description":"A v\u00edtima, um homem de 60 anos, \u00e9 a primeira morte registrada pela doen\u00e7a em bertioga e outras nove mortes est\u00e3o em investiga\u00e7\u00e3o na regi\u00e3o.","inLanguage":"pt-BR","potentialAction":[{"@type":"ReadAction","target":["https:\/\/redenoticiaz.com.br\/litoralsp\/2024\/04\/09\/baixada-santista-registra-a-quinta-morte-por-dengue-em-2024"]}]},{"@type":"ImageObject","inLanguage":"pt-BR","@id":"https:\/\/redenoticiaz.com.br\/litoralsp\/2024\/04\/09\/baixada-santista-registra-a-quinta-morte-por-dengue-em-2024#primaryimage","url":"https:\/\/redenoticiaz.com.br\/litoralsp\/wp-content\/uploads\/sites\/3\/2024\/02\/Captura-de-tela-2024-02-05-151037.jpg?v=1707156644","contentUrl":"https:\/\/redenoticiaz.com.br\/litoralsp\/wp-content\/uploads\/sites\/3\/2024\/02\/Captura-de-tela-2024-02-05-151037.jpg?v=1707156644","width":451,"height":319},{"@type":"WebSite","@id":"https:\/\/redenoticiaz.com.br\/litoralsp\/#website","url":"https:\/\/redenoticiaz.com.br\/litoralsp\/","name":"Litoral SP","description":"Rede NoticiaZ","publisher":{"@id":"https:\/\/redenoticiaz.com.br\/litoralsp\/#organization"},"potentialAction":[{"@type":"SearchAction","target":{"@type":"EntryPoint","urlTemplate":"https:\/\/redenoticiaz.com.br\/litoralsp\/?s={search_term_string}"},"query-input":{"@type":"PropertyValueSpecification","valueRequired":true,"valueName":"search_term_string"}}],"inLanguage":"pt-BR"},{"@type":"Organization","@id":"https:\/\/redenoticiaz.com.br\/litoralsp\/#organization","name":"Litoral SP","url":"https:\/\/redenoticiaz.com.br\/litoralsp\/","logo":{"@type":"ImageObject","inLanguage":"pt-BR","@id":"https:\/\/redenoticiaz.com.br\/litoralsp\/#\/schema\/logo\/image\/","url":"https:\/\/redenoticiaz.com.br\/litoralsp\/wp-content\/uploads\/sites\/3\/2020\/11\/logo.jpg","contentUrl":"https:\/\/redenoticiaz.com.br\/litoralsp\/wp-content\/uploads\/sites\/3\/2020\/11\/logo.jpg","width":400,"height":250,"caption":"Litoral SP"},"image":{"@id":"https:\/\/redenoticiaz.com.br\/litoralsp\/#\/schema\/logo\/image\/"}},{"@type":"Person","@id":"https:\/\/redenoticiaz.com.br\/litoralsp\/#\/schema\/person\/16057b37a3c0ee6b096d7f887c566e2e","name":"Gustavo Silva","image":{"@type":"ImageObject","inLanguage":"pt-BR","@id":"https:\/\/secure.gravatar.com\/avatar\/3ee4e82f93b26de0a7cf4ea5eb7893da637ed6bb0c9170c58065944c56e28a33?s=96&d=mm&r=g","url":"https:\/\/secure.gravatar.com\/avatar\/3ee4e82f93b26de0a7cf4ea5eb7893da637ed6bb0c9170c58065944c56e28a33?s=96&d=mm&r=g","contentUrl":"https:\/\/secure.gravatar.com\/avatar\/3ee4e82f93b26de0a7cf4ea5eb7893da637ed6bb0c9170c58065944c56e28a33?s=96&d=mm&r=g","caption":"Gustavo Silva"},"url":"https:\/\/redenoticiaz.com.br\/litoralsp\/author\/gustavosilva"}]}},"_links":{"self":[{"href":"https:\/\/redenoticiaz.com.br\/litoralsp\/wp-json\/wp\/v2\/posts\/115594","targetHints":{"allow":["GET"]}}],"collection":[{"href":"https:\/\/redenoticiaz.com.br\/litoralsp\/wp-json\/wp\/v2\/posts"}],"about":[{"href":"https:\/\/redenoticiaz.com.br\/litoralsp\/wp-json\/wp\/v2\/types\/post"}],"author":[{"embeddable":true,"href":"https:\/\/redenoticiaz.com.br\/litoralsp\/wp-json\/wp\/v2\/users\/12"}],"replies":[{"embeddable":true,"href":"https:\/\/redenoticiaz.com.br\/litoralsp\/wp-json\/wp\/v2\/comments?post=115594"}],"version-history":[{"count":1,"href":"https:\/\/redenoticiaz.com.br\/litoralsp\/wp-json\/wp\/v2\/posts\/115594\/revisions"}],"predecessor-version":[{"id":115595,"href":"https:\/\/redenoticiaz.com.br\/litoralsp\/wp-json\/wp\/v2\/posts\/115594\/revisions\/115595"}],"wp:featuredmedia":[{"embeddable":true,"href":"https:\/\/redenoticiaz.com.br\/litoralsp\/wp-json\/wp\/v2\/media\/114318"}],"wp:attachment":[{"href":"https:\/\/redenoticiaz.com.br\/litoralsp\/wp-json\/wp\/v2\/media?parent=115594"}],"wp:term":[{"taxonomy":"category","embeddable":true,"href":"https:\/\/redenoticiaz.com.br\/litoralsp\/wp-json\/wp\/v2\/categories?post=115594"},{"taxonomy":"post_tag","embeddable":true,"href":"https:\/\/redenoticiaz.com.br\/litoralsp\/wp-json\/wp\/v2\/tags?post=115594"}],"curies":[{"name":"wp","href":"https:\/\/api.w.org\/{rel}","templated":true}]}}