{"id":115624,"date":"2024-04-10T18:30:07","date_gmt":"2024-04-10T21:30:07","guid":{"rendered":"https:\/\/redenoticiaz.com.br\/litoralsp\/?p=115624"},"modified":"2024-04-10T17:03:19","modified_gmt":"2024-04-10T20:03:19","slug":"servidores-municipais-seguem-paralisacao-de-atividades-em-praia-grande","status":"publish","type":"post","link":"https:\/\/redenoticiaz.com.br\/litoralsp\/2024\/04\/10\/servidores-municipais-seguem-paralisacao-de-atividades-em-praia-grande","title":{"rendered":"Servidores municipais seguem paralisa\u00e7\u00e3o de atividades em Praia Grande"},"content":{"rendered":"<p>Nesta quarta-feira, os funcion\u00e1rios seguem acompanhando de perto a apresenta\u00e7\u00e3o da proposta na c\u00e2mara de vereadores, sob alega\u00e7\u00e3o de greve, caso o valor seja aprovado.<\/p>\n<p>Os servidores s\u00e3o contra a proposta que consiste em reajuste de 4%, baseado no \u00edndice de pre\u00e7o ao consumidor (ipca), e solicitam reajuste salarial de pelo menos 12,91%, com a justificativa de que diversos cargos est\u00e3o com sal\u00e1rios defasados.<\/p>\n<p>Em nota, a prefeitura de praia grande informou que a c\u00e2mara municipal \u201cn\u00e3o pode legislar sobre sal\u00e1rios dos servidores\u201d.<\/p>\n<p>A administra\u00e7\u00e3o municipal tamb\u00e9m afirmou que conceder\u00e1 a recomposi\u00e7\u00e3o salarial de acordo com ipca do per\u00edodo de abril de 2023 a mar\u00e7o de 2024, \u201cem cumprimento \u00e0s restri\u00e7\u00f5es do \u00faltimo ano de mandato previstas na lei eleitoral e tamb\u00e9m aos limites or\u00e7ament\u00e1rios estabelecidos pela lei de responsabilidade fiscal\u201d.<\/p>\n<p>Leia mais<\/p>\n<p><a href=\"https:\/\/redenoticiaz.com.br\/litoralsp\/2024\/04\/09\/corpo-de-jovem-desaparecido-ha-12-dias-e-encontrado-em-praia-grande\">Corpo de jovem desaparecido h\u00e1 12 dias \u00e9 encontrado em Praia Grande<\/a><\/p>\n<p><a href=\"https:\/\/redenoticiaz.com.br\/litoralsp\/2024\/03\/14\/prefeituras-de-santos-praia-grande-e-guaruja-abrem-concurso-com-salarios-de-ate-r-19-80000\">Prefeituras de Santos, Praia Grande e Guaruj\u00e1 abrem concurso com sal\u00e1rios de at\u00e9 R$ 19.800,00<\/a><\/p>\n","protected":false},"excerpt":{"rendered":"<p>Nesta quarta-feira, os funcion\u00e1rios seguem acompanhando de perto a apresenta\u00e7\u00e3o da proposta na c\u00e2mara de vereadores, sob alega\u00e7\u00e3o de greve, caso o valor seja aprovado. Os servidores s\u00e3o contra a proposta que consiste em reajuste de 4%, baseado no \u00edndice de pre\u00e7o ao consumidor (ipca), e solicitam reajuste salarial de pelo menos 12,91%, com a &hellip;<\/p>\n","protected":false},"author":12,"featured_media":115625,"comment_status":"open","ping_status":"closed","sticky":false,"template":"","format":"standard","meta":{"footnotes":""},"categories":[97,182],"tags":[1178,1101,32419],"class_list":["post-115624","post","type-post","status-publish","format-standard","has-post-thumbnail","hentry","category-economia","category-praia-grande","tag-greve","tag-praia-grande","tag-servidores"],"yoast_head":"<!-- This site is optimized with the Yoast SEO plugin v27.5 - https:\/\/yoast.com\/product\/yoast-seo-wordpress\/ -->\n<title>Servidores municipais seguem paralisa\u00e7\u00e3o de atividades em Praia Grande - Litoral SP<\/title>\n<meta name=\"description\" content=\"Nesta quarta-feira, os funcion\u00e1rios seguem acompanhando de perto a apresenta\u00e7\u00e3o da proposta na c\u00e2mara de vereadores, sob alega\u00e7\u00e3o de greve, caso o valor seja aprovado.\" \/>\n<meta name=\"robots\" content=\"index, follow, max-snippet:-1, max-image-preview:large, max-video-preview:-1\" \/>\n<link rel=\"canonical\" href=\"https:\/\/redenoticiaz.com.br\/litoralsp\/2024\/04\/10\/servidores-municipais-seguem-paralisacao-de-atividades-em-praia-grande\" \/>\n<meta property=\"og:locale\" content=\"pt_BR\" \/>\n<meta property=\"og:type\" content=\"article\" \/>\n<meta property=\"og:title\" content=\"Servidores municipais seguem paralisa\u00e7\u00e3o de atividades em Praia Grande - Litoral SP\" \/>\n<meta property=\"og:description\" content=\"Nesta quarta-feira, os funcion\u00e1rios seguem acompanhando de perto a apresenta\u00e7\u00e3o da proposta na c\u00e2mara de vereadores, sob alega\u00e7\u00e3o de greve, caso o valor seja aprovado.\" \/>\n<meta property=\"og:url\" content=\"https:\/\/redenoticiaz.com.br\/litoralsp\/2024\/04\/10\/servidores-municipais-seguem-paralisacao-de-atividades-em-praia-grande\" \/>\n<meta property=\"og:site_name\" content=\"Litoral SP\" \/>\n<meta property=\"article:published_time\" content=\"2024-04-10T21:30:07+00:00\" \/>\n<meta property=\"og:image\" content=\"https:\/\/redenoticiaz.com.br\/litoralsp\/wp-content\/uploads\/sites\/3\/2024\/04\/FVFVF.jpg\" \/>\n\t<meta property=\"og:image:width\" content=\"553\" \/>\n\t<meta property=\"og:image:height\" content=\"326\" \/>\n\t<meta property=\"og:image:type\" content=\"image\/jpeg\" \/>\n<meta name=\"author\" content=\"Gustavo Silva\" \/>\n<meta name=\"twitter:card\" content=\"summary_large_image\" \/>\n<meta name=\"twitter:label1\" content=\"Escrito por\" \/>\n\t<meta name=\"twitter:data1\" content=\"Gustavo Silva\" \/>\n\t<meta name=\"twitter:label2\" content=\"Est. tempo de leitura\" \/>\n\t<meta name=\"twitter:data2\" content=\"1 minuto\" \/>\n<script type=\"application\/ld+json\" class=\"yoast-schema-graph\">{\"@context\":\"https:\\\/\\\/schema.org\",\"@graph\":[{\"@type\":\"Article\",\"@id\":\"https:\\\/\\\/redenoticiaz.com.br\\\/litoralsp\\\/2024\\\/04\\\/10\\\/servidores-municipais-seguem-paralisacao-de-atividades-em-praia-grande#article\",\"isPartOf\":{\"@id\":\"https:\\\/\\\/redenoticiaz.com.br\\\/litoralsp\\\/2024\\\/04\\\/10\\\/servidores-municipais-seguem-paralisacao-de-atividades-em-praia-grande\"},\"author\":{\"name\":\"Gustavo Silva\",\"@id\":\"https:\\\/\\\/redenoticiaz.com.br\\\/litoralsp\\\/#\\\/schema\\\/person\\\/16057b37a3c0ee6b096d7f887c566e2e\"},\"headline\":\"Servidores municipais seguem paralisa\u00e7\u00e3o de atividades em Praia Grande\",\"datePublished\":\"2024-04-10T21:30:07+00:00\",\"mainEntityOfPage\":{\"@id\":\"https:\\\/\\\/redenoticiaz.com.br\\\/litoralsp\\\/2024\\\/04\\\/10\\\/servidores-municipais-seguem-paralisacao-de-atividades-em-praia-grande\"},\"wordCount\":184,\"commentCount\":0,\"publisher\":{\"@id\":\"https:\\\/\\\/redenoticiaz.com.br\\\/litoralsp\\\/#organization\"},\"image\":{\"@id\":\"https:\\\/\\\/redenoticiaz.com.br\\\/litoralsp\\\/2024\\\/04\\\/10\\\/servidores-municipais-seguem-paralisacao-de-atividades-em-praia-grande#primaryimage\"},\"thumbnailUrl\":\"https:\\\/\\\/redenoticiaz.com.br\\\/litoralsp\\\/wp-content\\\/uploads\\\/sites\\\/3\\\/2024\\\/04\\\/FVFVF.jpg\",\"keywords\":[\"GREVE\",\"PRAIA GRANDE\",\"servidores\"],\"articleSection\":[\"Economia\",\"Praia Grande\"],\"inLanguage\":\"pt-BR\",\"potentialAction\":[{\"@type\":\"CommentAction\",\"name\":\"Comment\",\"target\":[\"https:\\\/\\\/redenoticiaz.com.br\\\/litoralsp\\\/2024\\\/04\\\/10\\\/servidores-municipais-seguem-paralisacao-de-atividades-em-praia-grande#respond\"]}]},{\"@type\":\"WebPage\",\"@id\":\"https:\\\/\\\/redenoticiaz.com.br\\\/litoralsp\\\/2024\\\/04\\\/10\\\/servidores-municipais-seguem-paralisacao-de-atividades-em-praia-grande\",\"url\":\"https:\\\/\\\/redenoticiaz.com.br\\\/litoralsp\\\/2024\\\/04\\\/10\\\/servidores-municipais-seguem-paralisacao-de-atividades-em-praia-grande\",\"name\":\"Servidores municipais seguem paralisa\u00e7\u00e3o de atividades em Praia Grande - Litoral SP\",\"isPartOf\":{\"@id\":\"https:\\\/\\\/redenoticiaz.com.br\\\/litoralsp\\\/#website\"},\"primaryImageOfPage\":{\"@id\":\"https:\\\/\\\/redenoticiaz.com.br\\\/litoralsp\\\/2024\\\/04\\\/10\\\/servidores-municipais-seguem-paralisacao-de-atividades-em-praia-grande#primaryimage\"},\"image\":{\"@id\":\"https:\\\/\\\/redenoticiaz.com.br\\\/litoralsp\\\/2024\\\/04\\\/10\\\/servidores-municipais-seguem-paralisacao-de-atividades-em-praia-grande#primaryimage\"},\"thumbnailUrl\":\"https:\\\/\\\/redenoticiaz.com.br\\\/litoralsp\\\/wp-content\\\/uploads\\\/sites\\\/3\\\/2024\\\/04\\\/FVFVF.jpg\",\"datePublished\":\"2024-04-10T21:30:07+00:00\",\"description\":\"Nesta quarta-feira, os funcion\u00e1rios seguem acompanhando de perto a apresenta\u00e7\u00e3o da proposta na c\u00e2mara de vereadores, sob alega\u00e7\u00e3o de greve, caso o valor seja aprovado.\",\"inLanguage\":\"pt-BR\",\"potentialAction\":[{\"@type\":\"ReadAction\",\"target\":[\"https:\\\/\\\/redenoticiaz.com.br\\\/litoralsp\\\/2024\\\/04\\\/10\\\/servidores-municipais-seguem-paralisacao-de-atividades-em-praia-grande\"]}]},{\"@type\":\"ImageObject\",\"inLanguage\":\"pt-BR\",\"@id\":\"https:\\\/\\\/redenoticiaz.com.br\\\/litoralsp\\\/2024\\\/04\\\/10\\\/servidores-municipais-seguem-paralisacao-de-atividades-em-praia-grande#primaryimage\",\"url\":\"https:\\\/\\\/redenoticiaz.com.br\\\/litoralsp\\\/wp-content\\\/uploads\\\/sites\\\/3\\\/2024\\\/04\\\/FVFVF.jpg\",\"contentUrl\":\"https:\\\/\\\/redenoticiaz.com.br\\\/litoralsp\\\/wp-content\\\/uploads\\\/sites\\\/3\\\/2024\\\/04\\\/FVFVF.jpg\",\"width\":553,\"height\":326},{\"@type\":\"WebSite\",\"@id\":\"https:\\\/\\\/redenoticiaz.com.br\\\/litoralsp\\\/#website\",\"url\":\"https:\\\/\\\/redenoticiaz.com.br\\\/litoralsp\\\/\",\"name\":\"Litoral SP\",\"description\":\"Rede NoticiaZ\",\"publisher\":{\"@id\":\"https:\\\/\\\/redenoticiaz.com.br\\\/litoralsp\\\/#organization\"},\"potentialAction\":[{\"@type\":\"SearchAction\",\"target\":{\"@type\":\"EntryPoint\",\"urlTemplate\":\"https:\\\/\\\/redenoticiaz.com.br\\\/litoralsp\\\/?s={search_term_string}\"},\"query-input\":{\"@type\":\"PropertyValueSpecification\",\"valueRequired\":true,\"valueName\":\"search_term_string\"}}],\"inLanguage\":\"pt-BR\"},{\"@type\":\"Organization\",\"@id\":\"https:\\\/\\\/redenoticiaz.com.br\\\/litoralsp\\\/#organization\",\"name\":\"Litoral SP\",\"url\":\"https:\\\/\\\/redenoticiaz.com.br\\\/litoralsp\\\/\",\"logo\":{\"@type\":\"ImageObject\",\"inLanguage\":\"pt-BR\",\"@id\":\"https:\\\/\\\/redenoticiaz.com.br\\\/litoralsp\\\/#\\\/schema\\\/logo\\\/image\\\/\",\"url\":\"https:\\\/\\\/redenoticiaz.com.br\\\/litoralsp\\\/wp-content\\\/uploads\\\/sites\\\/3\\\/2020\\\/11\\\/logo.jpg\",\"contentUrl\":\"https:\\\/\\\/redenoticiaz.com.br\\\/litoralsp\\\/wp-content\\\/uploads\\\/sites\\\/3\\\/2020\\\/11\\\/logo.jpg\",\"width\":400,\"height\":250,\"caption\":\"Litoral SP\"},\"image\":{\"@id\":\"https:\\\/\\\/redenoticiaz.com.br\\\/litoralsp\\\/#\\\/schema\\\/logo\\\/image\\\/\"}},{\"@type\":\"Person\",\"@id\":\"https:\\\/\\\/redenoticiaz.com.br\\\/litoralsp\\\/#\\\/schema\\\/person\\\/16057b37a3c0ee6b096d7f887c566e2e\",\"name\":\"Gustavo Silva\",\"image\":{\"@type\":\"ImageObject\",\"inLanguage\":\"pt-BR\",\"@id\":\"https:\\\/\\\/secure.gravatar.com\\\/avatar\\\/3ee4e82f93b26de0a7cf4ea5eb7893da637ed6bb0c9170c58065944c56e28a33?s=96&d=mm&r=g\",\"url\":\"https:\\\/\\\/secure.gravatar.com\\\/avatar\\\/3ee4e82f93b26de0a7cf4ea5eb7893da637ed6bb0c9170c58065944c56e28a33?s=96&d=mm&r=g\",\"contentUrl\":\"https:\\\/\\\/secure.gravatar.com\\\/avatar\\\/3ee4e82f93b26de0a7cf4ea5eb7893da637ed6bb0c9170c58065944c56e28a33?s=96&d=mm&r=g\",\"caption\":\"Gustavo Silva\"},\"url\":\"https:\\\/\\\/redenoticiaz.com.br\\\/litoralsp\\\/author\\\/gustavosilva\"}]}<\/script>\n<!-- \/ Yoast SEO plugin. -->","yoast_head_json":{"title":"Servidores municipais seguem paralisa\u00e7\u00e3o de atividades em Praia Grande - Litoral SP","description":"Nesta quarta-feira, os funcion\u00e1rios seguem acompanhando de perto a apresenta\u00e7\u00e3o da proposta na c\u00e2mara de vereadores, sob alega\u00e7\u00e3o de greve, caso o valor seja aprovado.","robots":{"index":"index","follow":"follow","max-snippet":"max-snippet:-1","max-image-preview":"max-image-preview:large","max-video-preview":"max-video-preview:-1"},"canonical":"https:\/\/redenoticiaz.com.br\/litoralsp\/2024\/04\/10\/servidores-municipais-seguem-paralisacao-de-atividades-em-praia-grande","og_locale":"pt_BR","og_type":"article","og_title":"Servidores municipais seguem paralisa\u00e7\u00e3o de atividades em Praia Grande - Litoral SP","og_description":"Nesta quarta-feira, os funcion\u00e1rios seguem acompanhando de perto a apresenta\u00e7\u00e3o da proposta na c\u00e2mara de vereadores, sob alega\u00e7\u00e3o de greve, caso o valor seja aprovado.","og_url":"https:\/\/redenoticiaz.com.br\/litoralsp\/2024\/04\/10\/servidores-municipais-seguem-paralisacao-de-atividades-em-praia-grande","og_site_name":"Litoral SP","article_published_time":"2024-04-10T21:30:07+00:00","og_image":[{"width":553,"height":326,"url":"https:\/\/redenoticiaz.com.br\/litoralsp\/wp-content\/uploads\/sites\/3\/2024\/04\/FVFVF.jpg","type":"image\/jpeg"}],"author":"Gustavo Silva","twitter_card":"summary_large_image","twitter_misc":{"Escrito por":"Gustavo Silva","Est. tempo de leitura":"1 minuto"},"schema":{"@context":"https:\/\/schema.org","@graph":[{"@type":"Article","@id":"https:\/\/redenoticiaz.com.br\/litoralsp\/2024\/04\/10\/servidores-municipais-seguem-paralisacao-de-atividades-em-praia-grande#article","isPartOf":{"@id":"https:\/\/redenoticiaz.com.br\/litoralsp\/2024\/04\/10\/servidores-municipais-seguem-paralisacao-de-atividades-em-praia-grande"},"author":{"name":"Gustavo Silva","@id":"https:\/\/redenoticiaz.com.br\/litoralsp\/#\/schema\/person\/16057b37a3c0ee6b096d7f887c566e2e"},"headline":"Servidores municipais seguem paralisa\u00e7\u00e3o de atividades em Praia Grande","datePublished":"2024-04-10T21:30:07+00:00","mainEntityOfPage":{"@id":"https:\/\/redenoticiaz.com.br\/litoralsp\/2024\/04\/10\/servidores-municipais-seguem-paralisacao-de-atividades-em-praia-grande"},"wordCount":184,"commentCount":0,"publisher":{"@id":"https:\/\/redenoticiaz.com.br\/litoralsp\/#organization"},"image":{"@id":"https:\/\/redenoticiaz.com.br\/litoralsp\/2024\/04\/10\/servidores-municipais-seguem-paralisacao-de-atividades-em-praia-grande#primaryimage"},"thumbnailUrl":"https:\/\/redenoticiaz.com.br\/litoralsp\/wp-content\/uploads\/sites\/3\/2024\/04\/FVFVF.jpg","keywords":["GREVE","PRAIA GRANDE","servidores"],"articleSection":["Economia","Praia Grande"],"inLanguage":"pt-BR","potentialAction":[{"@type":"CommentAction","name":"Comment","target":["https:\/\/redenoticiaz.com.br\/litoralsp\/2024\/04\/10\/servidores-municipais-seguem-paralisacao-de-atividades-em-praia-grande#respond"]}]},{"@type":"WebPage","@id":"https:\/\/redenoticiaz.com.br\/litoralsp\/2024\/04\/10\/servidores-municipais-seguem-paralisacao-de-atividades-em-praia-grande","url":"https:\/\/redenoticiaz.com.br\/litoralsp\/2024\/04\/10\/servidores-municipais-seguem-paralisacao-de-atividades-em-praia-grande","name":"Servidores municipais seguem paralisa\u00e7\u00e3o de atividades em Praia Grande - Litoral SP","isPartOf":{"@id":"https:\/\/redenoticiaz.com.br\/litoralsp\/#website"},"primaryImageOfPage":{"@id":"https:\/\/redenoticiaz.com.br\/litoralsp\/2024\/04\/10\/servidores-municipais-seguem-paralisacao-de-atividades-em-praia-grande#primaryimage"},"image":{"@id":"https:\/\/redenoticiaz.com.br\/litoralsp\/2024\/04\/10\/servidores-municipais-seguem-paralisacao-de-atividades-em-praia-grande#primaryimage"},"thumbnailUrl":"https:\/\/redenoticiaz.com.br\/litoralsp\/wp-content\/uploads\/sites\/3\/2024\/04\/FVFVF.jpg","datePublished":"2024-04-10T21:30:07+00:00","description":"Nesta quarta-feira, os funcion\u00e1rios seguem acompanhando de perto a apresenta\u00e7\u00e3o da proposta na c\u00e2mara de vereadores, sob alega\u00e7\u00e3o de greve, caso o valor seja aprovado.","inLanguage":"pt-BR","potentialAction":[{"@type":"ReadAction","target":["https:\/\/redenoticiaz.com.br\/litoralsp\/2024\/04\/10\/servidores-municipais-seguem-paralisacao-de-atividades-em-praia-grande"]}]},{"@type":"ImageObject","inLanguage":"pt-BR","@id":"https:\/\/redenoticiaz.com.br\/litoralsp\/2024\/04\/10\/servidores-municipais-seguem-paralisacao-de-atividades-em-praia-grande#primaryimage","url":"https:\/\/redenoticiaz.com.br\/litoralsp\/wp-content\/uploads\/sites\/3\/2024\/04\/FVFVF.jpg","contentUrl":"https:\/\/redenoticiaz.com.br\/litoralsp\/wp-content\/uploads\/sites\/3\/2024\/04\/FVFVF.jpg","width":553,"height":326},{"@type":"WebSite","@id":"https:\/\/redenoticiaz.com.br\/litoralsp\/#website","url":"https:\/\/redenoticiaz.com.br\/litoralsp\/","name":"Litoral SP","description":"Rede NoticiaZ","publisher":{"@id":"https:\/\/redenoticiaz.com.br\/litoralsp\/#organization"},"potentialAction":[{"@type":"SearchAction","target":{"@type":"EntryPoint","urlTemplate":"https:\/\/redenoticiaz.com.br\/litoralsp\/?s={search_term_string}"},"query-input":{"@type":"PropertyValueSpecification","valueRequired":true,"valueName":"search_term_string"}}],"inLanguage":"pt-BR"},{"@type":"Organization","@id":"https:\/\/redenoticiaz.com.br\/litoralsp\/#organization","name":"Litoral SP","url":"https:\/\/redenoticiaz.com.br\/litoralsp\/","logo":{"@type":"ImageObject","inLanguage":"pt-BR","@id":"https:\/\/redenoticiaz.com.br\/litoralsp\/#\/schema\/logo\/image\/","url":"https:\/\/redenoticiaz.com.br\/litoralsp\/wp-content\/uploads\/sites\/3\/2020\/11\/logo.jpg","contentUrl":"https:\/\/redenoticiaz.com.br\/litoralsp\/wp-content\/uploads\/sites\/3\/2020\/11\/logo.jpg","width":400,"height":250,"caption":"Litoral SP"},"image":{"@id":"https:\/\/redenoticiaz.com.br\/litoralsp\/#\/schema\/logo\/image\/"}},{"@type":"Person","@id":"https:\/\/redenoticiaz.com.br\/litoralsp\/#\/schema\/person\/16057b37a3c0ee6b096d7f887c566e2e","name":"Gustavo Silva","image":{"@type":"ImageObject","inLanguage":"pt-BR","@id":"https:\/\/secure.gravatar.com\/avatar\/3ee4e82f93b26de0a7cf4ea5eb7893da637ed6bb0c9170c58065944c56e28a33?s=96&d=mm&r=g","url":"https:\/\/secure.gravatar.com\/avatar\/3ee4e82f93b26de0a7cf4ea5eb7893da637ed6bb0c9170c58065944c56e28a33?s=96&d=mm&r=g","contentUrl":"https:\/\/secure.gravatar.com\/avatar\/3ee4e82f93b26de0a7cf4ea5eb7893da637ed6bb0c9170c58065944c56e28a33?s=96&d=mm&r=g","caption":"Gustavo Silva"},"url":"https:\/\/redenoticiaz.com.br\/litoralsp\/author\/gustavosilva"}]}},"_links":{"self":[{"href":"https:\/\/redenoticiaz.com.br\/litoralsp\/wp-json\/wp\/v2\/posts\/115624","targetHints":{"allow":["GET"]}}],"collection":[{"href":"https:\/\/redenoticiaz.com.br\/litoralsp\/wp-json\/wp\/v2\/posts"}],"about":[{"href":"https:\/\/redenoticiaz.com.br\/litoralsp\/wp-json\/wp\/v2\/types\/post"}],"author":[{"embeddable":true,"href":"https:\/\/redenoticiaz.com.br\/litoralsp\/wp-json\/wp\/v2\/users\/12"}],"replies":[{"embeddable":true,"href":"https:\/\/redenoticiaz.com.br\/litoralsp\/wp-json\/wp\/v2\/comments?post=115624"}],"version-history":[{"count":1,"href":"https:\/\/redenoticiaz.com.br\/litoralsp\/wp-json\/wp\/v2\/posts\/115624\/revisions"}],"predecessor-version":[{"id":115627,"href":"https:\/\/redenoticiaz.com.br\/litoralsp\/wp-json\/wp\/v2\/posts\/115624\/revisions\/115627"}],"wp:featuredmedia":[{"embeddable":true,"href":"https:\/\/redenoticiaz.com.br\/litoralsp\/wp-json\/wp\/v2\/media\/115625"}],"wp:attachment":[{"href":"https:\/\/redenoticiaz.com.br\/litoralsp\/wp-json\/wp\/v2\/media?parent=115624"}],"wp:term":[{"taxonomy":"category","embeddable":true,"href":"https:\/\/redenoticiaz.com.br\/litoralsp\/wp-json\/wp\/v2\/categories?post=115624"},{"taxonomy":"post_tag","embeddable":true,"href":"https:\/\/redenoticiaz.com.br\/litoralsp\/wp-json\/wp\/v2\/tags?post=115624"}],"curies":[{"name":"wp","href":"https:\/\/api.w.org\/{rel}","templated":true}]}}