{"id":115632,"date":"2024-04-13T12:00:45","date_gmt":"2024-04-13T15:00:45","guid":{"rendered":"https:\/\/redenoticiaz.com.br\/litoralsp\/?p=115632"},"modified":"2024-04-10T17:12:53","modified_gmt":"2024-04-10T20:12:53","slug":"planos-de-saude-tomate-e-cebola-influenciam-inflacao-de-marco","status":"publish","type":"post","link":"https:\/\/redenoticiaz.com.br\/litoralsp\/2024\/04\/13\/planos-de-saude-tomate-e-cebola-influenciam-inflacao-de-marco","title":{"rendered":"Planos de sa\u00fade, tomate e cebola influenciam infla\u00e7\u00e3o de mar\u00e7o"},"content":{"rendered":"<p>As altas de pre\u00e7os dos planos de sa\u00fade, do tomate e da cebola foram os principais respons\u00e1veis pela infla\u00e7\u00e3o de 0,16% registrada pelo \u00cdndice Nacional de Pre\u00e7os ao Consumidor Amplo (IPCA) em mar\u00e7o deste ano, segundo dados divulgados nesta quarta-feira (10), no Rio de Janeiro, pelo Instituto Brasileiro de Geografia e Estat\u00edstica (IBGE). Em fevereiro, a infla\u00e7\u00e3o foi de 0,83%.<\/p>\n<p>O pre\u00e7o da cebola cresceu 14,34% no m\u00eas e o do tomate, 9,85%. Outro alimento que tamb\u00e9m teve aumento expressivo foi a banana prata (7,79%).<\/p>\n<p>\u201cEsses tr\u00eas produtos tiveram altas em mar\u00e7o influenciadas por uma menor oferta. A gente tem uma quest\u00e3o hist\u00f3rica do aumento dos pre\u00e7os dos alimentos no ver\u00e3o, por conta de altas temperaturas e altos \u00edndices de chuvas [que prejudicam as colheitas]. Em 2024, esse efeito foi intensificado por conta do El Ni\u00f1o\u201d, explica o pesquisador do IBGE, Andr\u00e9 Almeida.<\/p>\n<p>A\u00e7a\u00ed (14,20%), alho (7,90%), mam\u00e3o (6,40%), laranja pera (5,49%), ovo de galinha (4,59%), leite longa vida (2,63%) e refrigerante e \u00e1gua mineral (1,23%) completam a lista dos dez itens aliment\u00edcios com maiores altas de pre\u00e7os.<\/p>\n<p>Leia mais<\/p>\n<p><a href=\"https:\/\/redenoticiaz.com.br\/blog\/2022\/08\/28\/alta-da-inflacao-franquias-passam-a-revisar-os-processos-internos-para-driblar-o-aumento-de-precos\">Alta da infla\u00e7\u00e3o: franquias passam a revisar os processos internos para driblar o aumento de pre\u00e7os<\/a><\/p>\n<p><a href=\"https:\/\/redenoticiaz.com.br\/blog\/2022\/07\/23\/inflacao-provoca-precos-mais-caros-das-roupas\">Infla\u00e7\u00e3o provoca pre\u00e7os mais caros das roupas<\/a><\/p>\n","protected":false},"excerpt":{"rendered":"<p>As altas de pre\u00e7os dos planos de sa\u00fade, do tomate e da cebola foram os principais respons\u00e1veis pela infla\u00e7\u00e3o de 0,16% registrada pelo \u00cdndice Nacional de Pre\u00e7os ao Consumidor Amplo (IPCA) em mar\u00e7o deste ano, segundo dados divulgados nesta quarta-feira (10), no Rio de Janeiro, pelo Instituto Brasileiro de Geografia e Estat\u00edstica (IBGE). Em fevereiro, &hellip;<\/p>\n","protected":false},"author":12,"featured_media":106217,"comment_status":"open","ping_status":"closed","sticky":false,"template":"","format":"standard","meta":{"footnotes":""},"categories":[97],"tags":[10060,58678,49450,5661],"class_list":["post-115632","post","type-post","status-publish","format-standard","has-post-thumbnail","hentry","category-economia","tag-alimentos","tag-preco","tag-precos","tag-rio-de-janeiro"],"yoast_head":"<!-- This site is optimized with the Yoast SEO plugin v27.4 - https:\/\/yoast.com\/product\/yoast-seo-wordpress\/ -->\n<title>Planos de sa\u00fade, tomate e cebola influenciam infla\u00e7\u00e3o de mar\u00e7o - Litoral SP<\/title>\n<meta name=\"description\" content=\"O pre\u00e7o da cebola cresceu 14,34% no m\u00eas e o do tomate, 9,85%. Outro alimento que tamb\u00e9m teve aumento expressivo foi a banana prata (7,79%).\" \/>\n<meta name=\"robots\" content=\"index, follow, max-snippet:-1, max-image-preview:large, max-video-preview:-1\" \/>\n<link rel=\"canonical\" href=\"https:\/\/redenoticiaz.com.br\/litoralsp\/2024\/04\/13\/planos-de-saude-tomate-e-cebola-influenciam-inflacao-de-marco\" \/>\n<meta property=\"og:locale\" content=\"pt_BR\" \/>\n<meta property=\"og:type\" content=\"article\" \/>\n<meta property=\"og:title\" content=\"Planos de sa\u00fade, tomate e cebola influenciam infla\u00e7\u00e3o de mar\u00e7o - Litoral SP\" \/>\n<meta property=\"og:description\" content=\"O pre\u00e7o da cebola cresceu 14,34% no m\u00eas e o do tomate, 9,85%. Outro alimento que tamb\u00e9m teve aumento expressivo foi a banana prata (7,79%).\" \/>\n<meta property=\"og:url\" content=\"https:\/\/redenoticiaz.com.br\/litoralsp\/2024\/04\/13\/planos-de-saude-tomate-e-cebola-influenciam-inflacao-de-marco\" \/>\n<meta property=\"og:site_name\" content=\"Litoral SP\" \/>\n<meta property=\"article:published_time\" content=\"2024-04-13T15:00:45+00:00\" \/>\n<meta property=\"og:image\" content=\"https:\/\/redenoticiaz.com.br\/litoralsp\/wp-content\/uploads\/sites\/3\/2023\/05\/economia_1609210423_0.jpg?v=1684888743\" \/>\n\t<meta property=\"og:image:width\" content=\"1170\" \/>\n\t<meta property=\"og:image:height\" content=\"700\" \/>\n\t<meta property=\"og:image:type\" content=\"image\/jpeg\" \/>\n<meta name=\"author\" content=\"Gustavo Silva\" \/>\n<meta name=\"twitter:card\" content=\"summary_large_image\" \/>\n<meta name=\"twitter:label1\" content=\"Escrito por\" \/>\n\t<meta name=\"twitter:data1\" content=\"Gustavo Silva\" \/>\n\t<meta name=\"twitter:label2\" content=\"Est. tempo de leitura\" \/>\n\t<meta name=\"twitter:data2\" content=\"2 minutos\" \/>\n<script type=\"application\/ld+json\" class=\"yoast-schema-graph\">{\"@context\":\"https:\\\/\\\/schema.org\",\"@graph\":[{\"@type\":\"Article\",\"@id\":\"https:\\\/\\\/redenoticiaz.com.br\\\/litoralsp\\\/2024\\\/04\\\/13\\\/planos-de-saude-tomate-e-cebola-influenciam-inflacao-de-marco#article\",\"isPartOf\":{\"@id\":\"https:\\\/\\\/redenoticiaz.com.br\\\/litoralsp\\\/2024\\\/04\\\/13\\\/planos-de-saude-tomate-e-cebola-influenciam-inflacao-de-marco\"},\"author\":{\"name\":\"Gustavo Silva\",\"@id\":\"https:\\\/\\\/redenoticiaz.com.br\\\/litoralsp\\\/#\\\/schema\\\/person\\\/16057b37a3c0ee6b096d7f887c566e2e\"},\"headline\":\"Planos de sa\u00fade, tomate e cebola influenciam infla\u00e7\u00e3o de mar\u00e7o\",\"datePublished\":\"2024-04-13T15:00:45+00:00\",\"mainEntityOfPage\":{\"@id\":\"https:\\\/\\\/redenoticiaz.com.br\\\/litoralsp\\\/2024\\\/04\\\/13\\\/planos-de-saude-tomate-e-cebola-influenciam-inflacao-de-marco\"},\"wordCount\":228,\"commentCount\":0,\"publisher\":{\"@id\":\"https:\\\/\\\/redenoticiaz.com.br\\\/litoralsp\\\/#organization\"},\"image\":{\"@id\":\"https:\\\/\\\/redenoticiaz.com.br\\\/litoralsp\\\/2024\\\/04\\\/13\\\/planos-de-saude-tomate-e-cebola-influenciam-inflacao-de-marco#primaryimage\"},\"thumbnailUrl\":\"https:\\\/\\\/redenoticiaz.com.br\\\/litoralsp\\\/wp-content\\\/uploads\\\/sites\\\/3\\\/2023\\\/05\\\/economia_1609210423_0.jpg?v=1684888743\",\"keywords\":[\"ALIMENTOS\",\"PRE\u00c7O\",\"pre\u00e7os\",\"Rio de Janeiro\"],\"articleSection\":[\"Economia\"],\"inLanguage\":\"pt-BR\",\"potentialAction\":[{\"@type\":\"CommentAction\",\"name\":\"Comment\",\"target\":[\"https:\\\/\\\/redenoticiaz.com.br\\\/litoralsp\\\/2024\\\/04\\\/13\\\/planos-de-saude-tomate-e-cebola-influenciam-inflacao-de-marco#respond\"]}]},{\"@type\":\"WebPage\",\"@id\":\"https:\\\/\\\/redenoticiaz.com.br\\\/litoralsp\\\/2024\\\/04\\\/13\\\/planos-de-saude-tomate-e-cebola-influenciam-inflacao-de-marco\",\"url\":\"https:\\\/\\\/redenoticiaz.com.br\\\/litoralsp\\\/2024\\\/04\\\/13\\\/planos-de-saude-tomate-e-cebola-influenciam-inflacao-de-marco\",\"name\":\"Planos de sa\u00fade, tomate e cebola influenciam infla\u00e7\u00e3o de mar\u00e7o - Litoral SP\",\"isPartOf\":{\"@id\":\"https:\\\/\\\/redenoticiaz.com.br\\\/litoralsp\\\/#website\"},\"primaryImageOfPage\":{\"@id\":\"https:\\\/\\\/redenoticiaz.com.br\\\/litoralsp\\\/2024\\\/04\\\/13\\\/planos-de-saude-tomate-e-cebola-influenciam-inflacao-de-marco#primaryimage\"},\"image\":{\"@id\":\"https:\\\/\\\/redenoticiaz.com.br\\\/litoralsp\\\/2024\\\/04\\\/13\\\/planos-de-saude-tomate-e-cebola-influenciam-inflacao-de-marco#primaryimage\"},\"thumbnailUrl\":\"https:\\\/\\\/redenoticiaz.com.br\\\/litoralsp\\\/wp-content\\\/uploads\\\/sites\\\/3\\\/2023\\\/05\\\/economia_1609210423_0.jpg?v=1684888743\",\"datePublished\":\"2024-04-13T15:00:45+00:00\",\"description\":\"O pre\u00e7o da cebola cresceu 14,34% no m\u00eas e o do tomate, 9,85%. Outro alimento que tamb\u00e9m teve aumento expressivo foi a banana prata (7,79%).\",\"inLanguage\":\"pt-BR\",\"potentialAction\":[{\"@type\":\"ReadAction\",\"target\":[\"https:\\\/\\\/redenoticiaz.com.br\\\/litoralsp\\\/2024\\\/04\\\/13\\\/planos-de-saude-tomate-e-cebola-influenciam-inflacao-de-marco\"]}]},{\"@type\":\"ImageObject\",\"inLanguage\":\"pt-BR\",\"@id\":\"https:\\\/\\\/redenoticiaz.com.br\\\/litoralsp\\\/2024\\\/04\\\/13\\\/planos-de-saude-tomate-e-cebola-influenciam-inflacao-de-marco#primaryimage\",\"url\":\"https:\\\/\\\/redenoticiaz.com.br\\\/litoralsp\\\/wp-content\\\/uploads\\\/sites\\\/3\\\/2023\\\/05\\\/economia_1609210423_0.jpg?v=1684888743\",\"contentUrl\":\"https:\\\/\\\/redenoticiaz.com.br\\\/litoralsp\\\/wp-content\\\/uploads\\\/sites\\\/3\\\/2023\\\/05\\\/economia_1609210423_0.jpg?v=1684888743\",\"width\":1170,\"height\":700,\"caption\":\"A estimativa para a infla\u00e7\u00e3o tamb\u00e9m aumentou. As previs\u00f5es est\u00e3o no Boletim Macrofiscal divulgado nesta ter\u00e7a-feira (23).\"},{\"@type\":\"WebSite\",\"@id\":\"https:\\\/\\\/redenoticiaz.com.br\\\/litoralsp\\\/#website\",\"url\":\"https:\\\/\\\/redenoticiaz.com.br\\\/litoralsp\\\/\",\"name\":\"Litoral SP\",\"description\":\"Rede NoticiaZ\",\"publisher\":{\"@id\":\"https:\\\/\\\/redenoticiaz.com.br\\\/litoralsp\\\/#organization\"},\"potentialAction\":[{\"@type\":\"SearchAction\",\"target\":{\"@type\":\"EntryPoint\",\"urlTemplate\":\"https:\\\/\\\/redenoticiaz.com.br\\\/litoralsp\\\/?s={search_term_string}\"},\"query-input\":{\"@type\":\"PropertyValueSpecification\",\"valueRequired\":true,\"valueName\":\"search_term_string\"}}],\"inLanguage\":\"pt-BR\"},{\"@type\":\"Organization\",\"@id\":\"https:\\\/\\\/redenoticiaz.com.br\\\/litoralsp\\\/#organization\",\"name\":\"Litoral SP\",\"url\":\"https:\\\/\\\/redenoticiaz.com.br\\\/litoralsp\\\/\",\"logo\":{\"@type\":\"ImageObject\",\"inLanguage\":\"pt-BR\",\"@id\":\"https:\\\/\\\/redenoticiaz.com.br\\\/litoralsp\\\/#\\\/schema\\\/logo\\\/image\\\/\",\"url\":\"https:\\\/\\\/redenoticiaz.com.br\\\/litoralsp\\\/wp-content\\\/uploads\\\/sites\\\/3\\\/2020\\\/11\\\/logo.jpg\",\"contentUrl\":\"https:\\\/\\\/redenoticiaz.com.br\\\/litoralsp\\\/wp-content\\\/uploads\\\/sites\\\/3\\\/2020\\\/11\\\/logo.jpg\",\"width\":400,\"height\":250,\"caption\":\"Litoral SP\"},\"image\":{\"@id\":\"https:\\\/\\\/redenoticiaz.com.br\\\/litoralsp\\\/#\\\/schema\\\/logo\\\/image\\\/\"}},{\"@type\":\"Person\",\"@id\":\"https:\\\/\\\/redenoticiaz.com.br\\\/litoralsp\\\/#\\\/schema\\\/person\\\/16057b37a3c0ee6b096d7f887c566e2e\",\"name\":\"Gustavo Silva\",\"image\":{\"@type\":\"ImageObject\",\"inLanguage\":\"pt-BR\",\"@id\":\"https:\\\/\\\/secure.gravatar.com\\\/avatar\\\/3ee4e82f93b26de0a7cf4ea5eb7893da637ed6bb0c9170c58065944c56e28a33?s=96&d=mm&r=g\",\"url\":\"https:\\\/\\\/secure.gravatar.com\\\/avatar\\\/3ee4e82f93b26de0a7cf4ea5eb7893da637ed6bb0c9170c58065944c56e28a33?s=96&d=mm&r=g\",\"contentUrl\":\"https:\\\/\\\/secure.gravatar.com\\\/avatar\\\/3ee4e82f93b26de0a7cf4ea5eb7893da637ed6bb0c9170c58065944c56e28a33?s=96&d=mm&r=g\",\"caption\":\"Gustavo Silva\"},\"url\":\"https:\\\/\\\/redenoticiaz.com.br\\\/litoralsp\\\/author\\\/gustavosilva\"}]}<\/script>\n<!-- \/ Yoast SEO plugin. -->","yoast_head_json":{"title":"Planos de sa\u00fade, tomate e cebola influenciam infla\u00e7\u00e3o de mar\u00e7o - Litoral SP","description":"O pre\u00e7o da cebola cresceu 14,34% no m\u00eas e o do tomate, 9,85%. Outro alimento que tamb\u00e9m teve aumento expressivo foi a banana prata (7,79%).","robots":{"index":"index","follow":"follow","max-snippet":"max-snippet:-1","max-image-preview":"max-image-preview:large","max-video-preview":"max-video-preview:-1"},"canonical":"https:\/\/redenoticiaz.com.br\/litoralsp\/2024\/04\/13\/planos-de-saude-tomate-e-cebola-influenciam-inflacao-de-marco","og_locale":"pt_BR","og_type":"article","og_title":"Planos de sa\u00fade, tomate e cebola influenciam infla\u00e7\u00e3o de mar\u00e7o - Litoral SP","og_description":"O pre\u00e7o da cebola cresceu 14,34% no m\u00eas e o do tomate, 9,85%. Outro alimento que tamb\u00e9m teve aumento expressivo foi a banana prata (7,79%).","og_url":"https:\/\/redenoticiaz.com.br\/litoralsp\/2024\/04\/13\/planos-de-saude-tomate-e-cebola-influenciam-inflacao-de-marco","og_site_name":"Litoral SP","article_published_time":"2024-04-13T15:00:45+00:00","og_image":[{"width":1170,"height":700,"url":"https:\/\/redenoticiaz.com.br\/litoralsp\/wp-content\/uploads\/sites\/3\/2023\/05\/economia_1609210423_0.jpg?v=1684888743","type":"image\/jpeg"}],"author":"Gustavo Silva","twitter_card":"summary_large_image","twitter_misc":{"Escrito por":"Gustavo Silva","Est. tempo de leitura":"2 minutos"},"schema":{"@context":"https:\/\/schema.org","@graph":[{"@type":"Article","@id":"https:\/\/redenoticiaz.com.br\/litoralsp\/2024\/04\/13\/planos-de-saude-tomate-e-cebola-influenciam-inflacao-de-marco#article","isPartOf":{"@id":"https:\/\/redenoticiaz.com.br\/litoralsp\/2024\/04\/13\/planos-de-saude-tomate-e-cebola-influenciam-inflacao-de-marco"},"author":{"name":"Gustavo Silva","@id":"https:\/\/redenoticiaz.com.br\/litoralsp\/#\/schema\/person\/16057b37a3c0ee6b096d7f887c566e2e"},"headline":"Planos de sa\u00fade, tomate e cebola influenciam infla\u00e7\u00e3o de mar\u00e7o","datePublished":"2024-04-13T15:00:45+00:00","mainEntityOfPage":{"@id":"https:\/\/redenoticiaz.com.br\/litoralsp\/2024\/04\/13\/planos-de-saude-tomate-e-cebola-influenciam-inflacao-de-marco"},"wordCount":228,"commentCount":0,"publisher":{"@id":"https:\/\/redenoticiaz.com.br\/litoralsp\/#organization"},"image":{"@id":"https:\/\/redenoticiaz.com.br\/litoralsp\/2024\/04\/13\/planos-de-saude-tomate-e-cebola-influenciam-inflacao-de-marco#primaryimage"},"thumbnailUrl":"https:\/\/redenoticiaz.com.br\/litoralsp\/wp-content\/uploads\/sites\/3\/2023\/05\/economia_1609210423_0.jpg?v=1684888743","keywords":["ALIMENTOS","PRE\u00c7O","pre\u00e7os","Rio de Janeiro"],"articleSection":["Economia"],"inLanguage":"pt-BR","potentialAction":[{"@type":"CommentAction","name":"Comment","target":["https:\/\/redenoticiaz.com.br\/litoralsp\/2024\/04\/13\/planos-de-saude-tomate-e-cebola-influenciam-inflacao-de-marco#respond"]}]},{"@type":"WebPage","@id":"https:\/\/redenoticiaz.com.br\/litoralsp\/2024\/04\/13\/planos-de-saude-tomate-e-cebola-influenciam-inflacao-de-marco","url":"https:\/\/redenoticiaz.com.br\/litoralsp\/2024\/04\/13\/planos-de-saude-tomate-e-cebola-influenciam-inflacao-de-marco","name":"Planos de sa\u00fade, tomate e cebola influenciam infla\u00e7\u00e3o de mar\u00e7o - Litoral SP","isPartOf":{"@id":"https:\/\/redenoticiaz.com.br\/litoralsp\/#website"},"primaryImageOfPage":{"@id":"https:\/\/redenoticiaz.com.br\/litoralsp\/2024\/04\/13\/planos-de-saude-tomate-e-cebola-influenciam-inflacao-de-marco#primaryimage"},"image":{"@id":"https:\/\/redenoticiaz.com.br\/litoralsp\/2024\/04\/13\/planos-de-saude-tomate-e-cebola-influenciam-inflacao-de-marco#primaryimage"},"thumbnailUrl":"https:\/\/redenoticiaz.com.br\/litoralsp\/wp-content\/uploads\/sites\/3\/2023\/05\/economia_1609210423_0.jpg?v=1684888743","datePublished":"2024-04-13T15:00:45+00:00","description":"O pre\u00e7o da cebola cresceu 14,34% no m\u00eas e o do tomate, 9,85%. Outro alimento que tamb\u00e9m teve aumento expressivo foi a banana prata (7,79%).","inLanguage":"pt-BR","potentialAction":[{"@type":"ReadAction","target":["https:\/\/redenoticiaz.com.br\/litoralsp\/2024\/04\/13\/planos-de-saude-tomate-e-cebola-influenciam-inflacao-de-marco"]}]},{"@type":"ImageObject","inLanguage":"pt-BR","@id":"https:\/\/redenoticiaz.com.br\/litoralsp\/2024\/04\/13\/planos-de-saude-tomate-e-cebola-influenciam-inflacao-de-marco#primaryimage","url":"https:\/\/redenoticiaz.com.br\/litoralsp\/wp-content\/uploads\/sites\/3\/2023\/05\/economia_1609210423_0.jpg?v=1684888743","contentUrl":"https:\/\/redenoticiaz.com.br\/litoralsp\/wp-content\/uploads\/sites\/3\/2023\/05\/economia_1609210423_0.jpg?v=1684888743","width":1170,"height":700,"caption":"A estimativa para a infla\u00e7\u00e3o tamb\u00e9m aumentou. As previs\u00f5es est\u00e3o no Boletim Macrofiscal divulgado nesta ter\u00e7a-feira (23)."},{"@type":"WebSite","@id":"https:\/\/redenoticiaz.com.br\/litoralsp\/#website","url":"https:\/\/redenoticiaz.com.br\/litoralsp\/","name":"Litoral SP","description":"Rede NoticiaZ","publisher":{"@id":"https:\/\/redenoticiaz.com.br\/litoralsp\/#organization"},"potentialAction":[{"@type":"SearchAction","target":{"@type":"EntryPoint","urlTemplate":"https:\/\/redenoticiaz.com.br\/litoralsp\/?s={search_term_string}"},"query-input":{"@type":"PropertyValueSpecification","valueRequired":true,"valueName":"search_term_string"}}],"inLanguage":"pt-BR"},{"@type":"Organization","@id":"https:\/\/redenoticiaz.com.br\/litoralsp\/#organization","name":"Litoral SP","url":"https:\/\/redenoticiaz.com.br\/litoralsp\/","logo":{"@type":"ImageObject","inLanguage":"pt-BR","@id":"https:\/\/redenoticiaz.com.br\/litoralsp\/#\/schema\/logo\/image\/","url":"https:\/\/redenoticiaz.com.br\/litoralsp\/wp-content\/uploads\/sites\/3\/2020\/11\/logo.jpg","contentUrl":"https:\/\/redenoticiaz.com.br\/litoralsp\/wp-content\/uploads\/sites\/3\/2020\/11\/logo.jpg","width":400,"height":250,"caption":"Litoral SP"},"image":{"@id":"https:\/\/redenoticiaz.com.br\/litoralsp\/#\/schema\/logo\/image\/"}},{"@type":"Person","@id":"https:\/\/redenoticiaz.com.br\/litoralsp\/#\/schema\/person\/16057b37a3c0ee6b096d7f887c566e2e","name":"Gustavo Silva","image":{"@type":"ImageObject","inLanguage":"pt-BR","@id":"https:\/\/secure.gravatar.com\/avatar\/3ee4e82f93b26de0a7cf4ea5eb7893da637ed6bb0c9170c58065944c56e28a33?s=96&d=mm&r=g","url":"https:\/\/secure.gravatar.com\/avatar\/3ee4e82f93b26de0a7cf4ea5eb7893da637ed6bb0c9170c58065944c56e28a33?s=96&d=mm&r=g","contentUrl":"https:\/\/secure.gravatar.com\/avatar\/3ee4e82f93b26de0a7cf4ea5eb7893da637ed6bb0c9170c58065944c56e28a33?s=96&d=mm&r=g","caption":"Gustavo Silva"},"url":"https:\/\/redenoticiaz.com.br\/litoralsp\/author\/gustavosilva"}]}},"_links":{"self":[{"href":"https:\/\/redenoticiaz.com.br\/litoralsp\/wp-json\/wp\/v2\/posts\/115632","targetHints":{"allow":["GET"]}}],"collection":[{"href":"https:\/\/redenoticiaz.com.br\/litoralsp\/wp-json\/wp\/v2\/posts"}],"about":[{"href":"https:\/\/redenoticiaz.com.br\/litoralsp\/wp-json\/wp\/v2\/types\/post"}],"author":[{"embeddable":true,"href":"https:\/\/redenoticiaz.com.br\/litoralsp\/wp-json\/wp\/v2\/users\/12"}],"replies":[{"embeddable":true,"href":"https:\/\/redenoticiaz.com.br\/litoralsp\/wp-json\/wp\/v2\/comments?post=115632"}],"version-history":[{"count":1,"href":"https:\/\/redenoticiaz.com.br\/litoralsp\/wp-json\/wp\/v2\/posts\/115632\/revisions"}],"predecessor-version":[{"id":115685,"href":"https:\/\/redenoticiaz.com.br\/litoralsp\/wp-json\/wp\/v2\/posts\/115632\/revisions\/115685"}],"wp:featuredmedia":[{"embeddable":true,"href":"https:\/\/redenoticiaz.com.br\/litoralsp\/wp-json\/wp\/v2\/media\/106217"}],"wp:attachment":[{"href":"https:\/\/redenoticiaz.com.br\/litoralsp\/wp-json\/wp\/v2\/media?parent=115632"}],"wp:term":[{"taxonomy":"category","embeddable":true,"href":"https:\/\/redenoticiaz.com.br\/litoralsp\/wp-json\/wp\/v2\/categories?post=115632"},{"taxonomy":"post_tag","embeddable":true,"href":"https:\/\/redenoticiaz.com.br\/litoralsp\/wp-json\/wp\/v2\/tags?post=115632"}],"curies":[{"name":"wp","href":"https:\/\/api.w.org\/{rel}","templated":true}]}}