{"id":115734,"date":"2024-04-17T13:15:11","date_gmt":"2024-04-17T16:15:11","guid":{"rendered":"https:\/\/redenoticiaz.com.br\/litoralsp\/2024\/04\/17\/a-100-dias-dos-jogos-olimpicos-parisienses-reclamam-do-evento"},"modified":"2024-04-17T13:18:35","modified_gmt":"2024-04-17T16:18:35","slug":"a-100-dias-dos-jogos-olimpicos-parisienses-reclamam-do-evento","status":"publish","type":"post","link":"https:\/\/redenoticiaz.com.br\/litoralsp\/2024\/04\/17\/a-100-dias-dos-jogos-olimpicos-parisienses-reclamam-do-evento","title":{"rendered":"A 100 dias dos Jogos Ol\u00edmpicos, parisienses reclamam do evento"},"content":{"rendered":"<p>Faltando 100 dias para o in\u00edcio dos Jogos Ol\u00edmpicos de Paris 2024, muitos moradores reclamam que grande parte do evento ser\u00e1 um inconveniente.<\/p>\n<p>Talvez seja um estere\u00f3tipo que se torna verdadeiro dos franceses mal-humorados. Ou o fato de que a cidade est\u00e1 ocupada h\u00e1 meses com constru\u00e7\u00f5es e reformas de vias antes dos Jogos, obstruindo o tr\u00e2nsito. Ou ainda est\u00e1 muito longe.<\/p>\n<p>Mas uma pesquisa realizada no m\u00eas passado mostrou que apenas cerca de um ter\u00e7o dos franceses se sente entusiasmado com o evento esportivo global que ter\u00e1 in\u00edcio em 26 de julho.<\/p>\n<p>E com a contagem regressiva para os 100 dias, muitos em Paris disseram que deixar\u00e3o a cidade, se puderem, ou trabalhar\u00e3o em casa, ficando longe dos eventos esportivos.<\/p>\n<p>&#8220;Se estou animada com os Jogos? N\u00e3o, desculpe, sei que n\u00e3o \u00e9 a resposta certa, mas n\u00e3o estou. N\u00e3o estou nem um pouco animada&#8221;, disse a diretora de consultoria Carole Gabriel-Jullien, de 57 anos, que mora no sub\u00farbio e planeja trabalhar em casa durante as Olimp\u00edadas.<\/p>\n<p>&#8220;Estou muito preocupada&#8221;, afirmou ela. &#8220;Quando vemos como a vida cotidiana j\u00e1 \u00e9 bagun\u00e7ada em Paris, com todas essas pessoas adicionais vindo para as Olimp\u00edadas, ser\u00e1 um inferno.&#8221;<\/p>\n<p>Os organizadores das Olimp\u00edadas dizem que est\u00e3o confiantes de que o clima em Paris e em outros lugares mudar\u00e1 com a proximidade dos Jogos.<\/p>\n<p>Mas Inna, uma aposentada de 87 anos, contou que fugir\u00e1 para sua casa de f\u00e9rias no sul da Fran\u00e7a. Por causa de todas as obras, disse ela, mas tamb\u00e9m por medo dos riscos de seguran\u00e7a, em um momento em que a guerra no Oriente M\u00e9dio e na Ucr\u00e2nia, bem como a amea\u00e7a de ataques terroristas, levaram o governo franc\u00eas a elevar o alerta de seguran\u00e7a ao seu n\u00edvel mais alto. Fran\u00e7ois Urbain, um gerente de escrit\u00f3rio de 29 anos, disse que tamb\u00e9m deixar\u00e1 a capital francesa.<\/p>\n<p>&#8220;N\u00e3o acho que a cidade de Paris estar\u00e1 pronta&#8221; para lidar com as Olimp\u00edadas, afirmou ele. Nem todos fugir\u00e3o ou se esconder\u00e3o em casa. Jacques Etoundi, de 55 anos, que trabalha com log\u00edstica, disse que estava animado com os Jogos e que permanecer\u00e1 em Paris.<\/p>\n<p>&#8220;\u00c9 uma chance para n\u00f3s termos os Jogos na Fran\u00e7a. Estamos felizes&#8221;, disse ele. &#8220;Estamos realmente ansiosos por isso. Sabemos que o mundo inteiro estar\u00e1 assistindo, ent\u00e3o faremos o poss\u00edvel para receber todos.&#8221; Ele acrescentou: &#8220;Tudo correr\u00e1 bem. Desde que os sindicatos n\u00e3o entrem em greve.&#8221;<\/p>\n<p>Leia mais<\/p>\n<p><a href=\"https:\/\/redenoticiaz.com.br\/blog\/2024\/03\/28\/socrates-dara-nome-a-rua-na-vila-olimpica-de-paris\">S\u00f3crates dar\u00e1 nome a rua na Vila Ol\u00edmpica de Paris<\/a><\/p>\n<p><a href=\"https:\/\/redenoticiaz.com.br\/blog\/2023\/11\/18\/parisienses-perdem-entusiasmo-com-jogos-olimpicos-mostra-pesquisa\">Parisienses perdem entusiasmo com Jogos Ol\u00edmpicos, mostra pesquisa<\/a><\/p>\n","protected":false},"excerpt":{"rendered":"<p>Faltando 100 dias para o in\u00edcio dos Jogos Ol\u00edmpicos de Paris 2024, muitos moradores reclamam que grande parte do evento ser\u00e1 um inconveniente. Talvez seja um estere\u00f3tipo que se torna verdadeiro dos franceses mal-humorados. Ou o fato de que a cidade est\u00e1 ocupada h\u00e1 meses com constru\u00e7\u00f5es e reformas de vias antes dos Jogos, obstruindo &hellip;<\/p>\n","protected":false},"author":12,"featured_media":88974,"comment_status":"open","ping_status":"closed","sticky":false,"template":"","format":"standard","meta":{"footnotes":""},"categories":[35],"tags":[14630,16150,56753],"class_list":["post-115734","post","type-post","status-publish","format-standard","has-post-thumbnail","hentry","category-esporte","tag-jogos","tag-olimpiadas","tag-paris"],"yoast_head":"<!-- This site is optimized with the Yoast SEO plugin v27.4 - https:\/\/yoast.com\/product\/yoast-seo-wordpress\/ -->\n<title>A 100 dias dos Jogos Ol\u00edmpicos, parisienses reclamam do evento - Litoral SP<\/title>\n<meta name=\"description\" content=\"Faltando 100 dias para o in\u00edcio dos Jogos Ol\u00edmpicos de Paris 2024, muitos moradores reclamam que grande parte do evento ser\u00e1 um inconveniente.\" \/>\n<meta name=\"robots\" content=\"index, follow, max-snippet:-1, max-image-preview:large, max-video-preview:-1\" \/>\n<link rel=\"canonical\" href=\"https:\/\/redenoticiaz.com.br\/litoralsp\/2024\/04\/17\/a-100-dias-dos-jogos-olimpicos-parisienses-reclamam-do-evento\" \/>\n<meta property=\"og:locale\" content=\"pt_BR\" \/>\n<meta property=\"og:type\" content=\"article\" \/>\n<meta property=\"og:title\" content=\"A 100 dias dos Jogos Ol\u00edmpicos, parisienses reclamam do evento - Litoral SP\" \/>\n<meta property=\"og:description\" content=\"Faltando 100 dias para o in\u00edcio dos Jogos Ol\u00edmpicos de Paris 2024, muitos moradores reclamam que grande parte do evento ser\u00e1 um inconveniente.\" \/>\n<meta property=\"og:url\" content=\"https:\/\/redenoticiaz.com.br\/litoralsp\/2024\/04\/17\/a-100-dias-dos-jogos-olimpicos-parisienses-reclamam-do-evento\" \/>\n<meta property=\"og:site_name\" content=\"Litoral SP\" \/>\n<meta property=\"article:published_time\" content=\"2024-04-17T16:15:11+00:00\" \/>\n<meta property=\"article:modified_time\" content=\"2024-04-17T16:18:35+00:00\" \/>\n<meta property=\"og:image\" content=\"https:\/\/redenoticiaz.com.br\/litoralsp\/wp-content\/uploads\/sites\/3\/2022\/07\/2021-09-03t134927z_1_lynxmpeh820mj_rtroptp_4_olimp-paris-2024.jpg?v=1658794500\" \/>\n\t<meta property=\"og:image:width\" content=\"1170\" \/>\n\t<meta property=\"og:image:height\" content=\"700\" \/>\n\t<meta property=\"og:image:type\" content=\"image\/jpeg\" \/>\n<meta name=\"author\" content=\"Gustavo Silva\" \/>\n<meta name=\"twitter:card\" content=\"summary_large_image\" \/>\n<meta name=\"twitter:label1\" content=\"Escrito por\" \/>\n\t<meta name=\"twitter:data1\" content=\"Gustavo Silva\" \/>\n\t<meta name=\"twitter:label2\" content=\"Est. tempo de leitura\" \/>\n\t<meta name=\"twitter:data2\" content=\"3 minutos\" \/>\n<script type=\"application\/ld+json\" class=\"yoast-schema-graph\">{\"@context\":\"https:\\\/\\\/schema.org\",\"@graph\":[{\"@type\":\"Article\",\"@id\":\"https:\\\/\\\/redenoticiaz.com.br\\\/litoralsp\\\/2024\\\/04\\\/17\\\/a-100-dias-dos-jogos-olimpicos-parisienses-reclamam-do-evento#article\",\"isPartOf\":{\"@id\":\"https:\\\/\\\/redenoticiaz.com.br\\\/litoralsp\\\/2024\\\/04\\\/17\\\/a-100-dias-dos-jogos-olimpicos-parisienses-reclamam-do-evento\"},\"author\":{\"name\":\"Gustavo Silva\",\"@id\":\"https:\\\/\\\/redenoticiaz.com.br\\\/litoralsp\\\/#\\\/schema\\\/person\\\/16057b37a3c0ee6b096d7f887c566e2e\"},\"headline\":\"A 100 dias dos Jogos Ol\u00edmpicos, parisienses reclamam do evento\",\"datePublished\":\"2024-04-17T16:15:11+00:00\",\"dateModified\":\"2024-04-17T16:18:35+00:00\",\"mainEntityOfPage\":{\"@id\":\"https:\\\/\\\/redenoticiaz.com.br\\\/litoralsp\\\/2024\\\/04\\\/17\\\/a-100-dias-dos-jogos-olimpicos-parisienses-reclamam-do-evento\"},\"wordCount\":461,\"commentCount\":0,\"publisher\":{\"@id\":\"https:\\\/\\\/redenoticiaz.com.br\\\/litoralsp\\\/#organization\"},\"image\":{\"@id\":\"https:\\\/\\\/redenoticiaz.com.br\\\/litoralsp\\\/2024\\\/04\\\/17\\\/a-100-dias-dos-jogos-olimpicos-parisienses-reclamam-do-evento#primaryimage\"},\"thumbnailUrl\":\"https:\\\/\\\/redenoticiaz.com.br\\\/litoralsp\\\/wp-content\\\/uploads\\\/sites\\\/3\\\/2022\\\/07\\\/2021-09-03t134927z_1_lynxmpeh820mj_rtroptp_4_olimp-paris-2024.jpg?v=1658794500\",\"keywords\":[\"JOGOS\",\"OLIMP\u00cdADAS\",\"PARIS\"],\"articleSection\":[\"Esporte\"],\"inLanguage\":\"pt-BR\",\"potentialAction\":[{\"@type\":\"CommentAction\",\"name\":\"Comment\",\"target\":[\"https:\\\/\\\/redenoticiaz.com.br\\\/litoralsp\\\/2024\\\/04\\\/17\\\/a-100-dias-dos-jogos-olimpicos-parisienses-reclamam-do-evento#respond\"]}]},{\"@type\":\"WebPage\",\"@id\":\"https:\\\/\\\/redenoticiaz.com.br\\\/litoralsp\\\/2024\\\/04\\\/17\\\/a-100-dias-dos-jogos-olimpicos-parisienses-reclamam-do-evento\",\"url\":\"https:\\\/\\\/redenoticiaz.com.br\\\/litoralsp\\\/2024\\\/04\\\/17\\\/a-100-dias-dos-jogos-olimpicos-parisienses-reclamam-do-evento\",\"name\":\"A 100 dias dos Jogos Ol\u00edmpicos, parisienses reclamam do evento - Litoral SP\",\"isPartOf\":{\"@id\":\"https:\\\/\\\/redenoticiaz.com.br\\\/litoralsp\\\/#website\"},\"primaryImageOfPage\":{\"@id\":\"https:\\\/\\\/redenoticiaz.com.br\\\/litoralsp\\\/2024\\\/04\\\/17\\\/a-100-dias-dos-jogos-olimpicos-parisienses-reclamam-do-evento#primaryimage\"},\"image\":{\"@id\":\"https:\\\/\\\/redenoticiaz.com.br\\\/litoralsp\\\/2024\\\/04\\\/17\\\/a-100-dias-dos-jogos-olimpicos-parisienses-reclamam-do-evento#primaryimage\"},\"thumbnailUrl\":\"https:\\\/\\\/redenoticiaz.com.br\\\/litoralsp\\\/wp-content\\\/uploads\\\/sites\\\/3\\\/2022\\\/07\\\/2021-09-03t134927z_1_lynxmpeh820mj_rtroptp_4_olimp-paris-2024.jpg?v=1658794500\",\"datePublished\":\"2024-04-17T16:15:11+00:00\",\"dateModified\":\"2024-04-17T16:18:35+00:00\",\"description\":\"Faltando 100 dias para o in\u00edcio dos Jogos Ol\u00edmpicos de Paris 2024, muitos moradores reclamam que grande parte do evento ser\u00e1 um inconveniente.\",\"inLanguage\":\"pt-BR\",\"potentialAction\":[{\"@type\":\"ReadAction\",\"target\":[\"https:\\\/\\\/redenoticiaz.com.br\\\/litoralsp\\\/2024\\\/04\\\/17\\\/a-100-dias-dos-jogos-olimpicos-parisienses-reclamam-do-evento\"]}]},{\"@type\":\"ImageObject\",\"inLanguage\":\"pt-BR\",\"@id\":\"https:\\\/\\\/redenoticiaz.com.br\\\/litoralsp\\\/2024\\\/04\\\/17\\\/a-100-dias-dos-jogos-olimpicos-parisienses-reclamam-do-evento#primaryimage\",\"url\":\"https:\\\/\\\/redenoticiaz.com.br\\\/litoralsp\\\/wp-content\\\/uploads\\\/sites\\\/3\\\/2022\\\/07\\\/2021-09-03t134927z_1_lynxmpeh820mj_rtroptp_4_olimp-paris-2024.jpg?v=1658794500\",\"contentUrl\":\"https:\\\/\\\/redenoticiaz.com.br\\\/litoralsp\\\/wp-content\\\/uploads\\\/sites\\\/3\\\/2022\\\/07\\\/2021-09-03t134927z_1_lynxmpeh820mj_rtroptp_4_olimp-paris-2024.jpg?v=1658794500\",\"width\":1170,\"height\":700,\"caption\":\"Comit\u00ea Organizador apresenta calend\u00e1rio oficial da Olimp\u00edada de Paris\"},{\"@type\":\"WebSite\",\"@id\":\"https:\\\/\\\/redenoticiaz.com.br\\\/litoralsp\\\/#website\",\"url\":\"https:\\\/\\\/redenoticiaz.com.br\\\/litoralsp\\\/\",\"name\":\"Litoral SP\",\"description\":\"Rede NoticiaZ\",\"publisher\":{\"@id\":\"https:\\\/\\\/redenoticiaz.com.br\\\/litoralsp\\\/#organization\"},\"potentialAction\":[{\"@type\":\"SearchAction\",\"target\":{\"@type\":\"EntryPoint\",\"urlTemplate\":\"https:\\\/\\\/redenoticiaz.com.br\\\/litoralsp\\\/?s={search_term_string}\"},\"query-input\":{\"@type\":\"PropertyValueSpecification\",\"valueRequired\":true,\"valueName\":\"search_term_string\"}}],\"inLanguage\":\"pt-BR\"},{\"@type\":\"Organization\",\"@id\":\"https:\\\/\\\/redenoticiaz.com.br\\\/litoralsp\\\/#organization\",\"name\":\"Litoral SP\",\"url\":\"https:\\\/\\\/redenoticiaz.com.br\\\/litoralsp\\\/\",\"logo\":{\"@type\":\"ImageObject\",\"inLanguage\":\"pt-BR\",\"@id\":\"https:\\\/\\\/redenoticiaz.com.br\\\/litoralsp\\\/#\\\/schema\\\/logo\\\/image\\\/\",\"url\":\"https:\\\/\\\/redenoticiaz.com.br\\\/litoralsp\\\/wp-content\\\/uploads\\\/sites\\\/3\\\/2020\\\/11\\\/logo.jpg\",\"contentUrl\":\"https:\\\/\\\/redenoticiaz.com.br\\\/litoralsp\\\/wp-content\\\/uploads\\\/sites\\\/3\\\/2020\\\/11\\\/logo.jpg\",\"width\":400,\"height\":250,\"caption\":\"Litoral SP\"},\"image\":{\"@id\":\"https:\\\/\\\/redenoticiaz.com.br\\\/litoralsp\\\/#\\\/schema\\\/logo\\\/image\\\/\"}},{\"@type\":\"Person\",\"@id\":\"https:\\\/\\\/redenoticiaz.com.br\\\/litoralsp\\\/#\\\/schema\\\/person\\\/16057b37a3c0ee6b096d7f887c566e2e\",\"name\":\"Gustavo Silva\",\"image\":{\"@type\":\"ImageObject\",\"inLanguage\":\"pt-BR\",\"@id\":\"https:\\\/\\\/secure.gravatar.com\\\/avatar\\\/3ee4e82f93b26de0a7cf4ea5eb7893da637ed6bb0c9170c58065944c56e28a33?s=96&d=mm&r=g\",\"url\":\"https:\\\/\\\/secure.gravatar.com\\\/avatar\\\/3ee4e82f93b26de0a7cf4ea5eb7893da637ed6bb0c9170c58065944c56e28a33?s=96&d=mm&r=g\",\"contentUrl\":\"https:\\\/\\\/secure.gravatar.com\\\/avatar\\\/3ee4e82f93b26de0a7cf4ea5eb7893da637ed6bb0c9170c58065944c56e28a33?s=96&d=mm&r=g\",\"caption\":\"Gustavo Silva\"},\"url\":\"https:\\\/\\\/redenoticiaz.com.br\\\/litoralsp\\\/author\\\/gustavosilva\"}]}<\/script>\n<!-- \/ Yoast SEO plugin. -->","yoast_head_json":{"title":"A 100 dias dos Jogos Ol\u00edmpicos, parisienses reclamam do evento - Litoral SP","description":"Faltando 100 dias para o in\u00edcio dos Jogos Ol\u00edmpicos de Paris 2024, muitos moradores reclamam que grande parte do evento ser\u00e1 um inconveniente.","robots":{"index":"index","follow":"follow","max-snippet":"max-snippet:-1","max-image-preview":"max-image-preview:large","max-video-preview":"max-video-preview:-1"},"canonical":"https:\/\/redenoticiaz.com.br\/litoralsp\/2024\/04\/17\/a-100-dias-dos-jogos-olimpicos-parisienses-reclamam-do-evento","og_locale":"pt_BR","og_type":"article","og_title":"A 100 dias dos Jogos Ol\u00edmpicos, parisienses reclamam do evento - Litoral SP","og_description":"Faltando 100 dias para o in\u00edcio dos Jogos Ol\u00edmpicos de Paris 2024, muitos moradores reclamam que grande parte do evento ser\u00e1 um inconveniente.","og_url":"https:\/\/redenoticiaz.com.br\/litoralsp\/2024\/04\/17\/a-100-dias-dos-jogos-olimpicos-parisienses-reclamam-do-evento","og_site_name":"Litoral SP","article_published_time":"2024-04-17T16:15:11+00:00","article_modified_time":"2024-04-17T16:18:35+00:00","og_image":[{"width":1170,"height":700,"url":"https:\/\/redenoticiaz.com.br\/litoralsp\/wp-content\/uploads\/sites\/3\/2022\/07\/2021-09-03t134927z_1_lynxmpeh820mj_rtroptp_4_olimp-paris-2024.jpg?v=1658794500","type":"image\/jpeg"}],"author":"Gustavo Silva","twitter_card":"summary_large_image","twitter_misc":{"Escrito por":"Gustavo Silva","Est. tempo de leitura":"3 minutos"},"schema":{"@context":"https:\/\/schema.org","@graph":[{"@type":"Article","@id":"https:\/\/redenoticiaz.com.br\/litoralsp\/2024\/04\/17\/a-100-dias-dos-jogos-olimpicos-parisienses-reclamam-do-evento#article","isPartOf":{"@id":"https:\/\/redenoticiaz.com.br\/litoralsp\/2024\/04\/17\/a-100-dias-dos-jogos-olimpicos-parisienses-reclamam-do-evento"},"author":{"name":"Gustavo Silva","@id":"https:\/\/redenoticiaz.com.br\/litoralsp\/#\/schema\/person\/16057b37a3c0ee6b096d7f887c566e2e"},"headline":"A 100 dias dos Jogos Ol\u00edmpicos, parisienses reclamam do evento","datePublished":"2024-04-17T16:15:11+00:00","dateModified":"2024-04-17T16:18:35+00:00","mainEntityOfPage":{"@id":"https:\/\/redenoticiaz.com.br\/litoralsp\/2024\/04\/17\/a-100-dias-dos-jogos-olimpicos-parisienses-reclamam-do-evento"},"wordCount":461,"commentCount":0,"publisher":{"@id":"https:\/\/redenoticiaz.com.br\/litoralsp\/#organization"},"image":{"@id":"https:\/\/redenoticiaz.com.br\/litoralsp\/2024\/04\/17\/a-100-dias-dos-jogos-olimpicos-parisienses-reclamam-do-evento#primaryimage"},"thumbnailUrl":"https:\/\/redenoticiaz.com.br\/litoralsp\/wp-content\/uploads\/sites\/3\/2022\/07\/2021-09-03t134927z_1_lynxmpeh820mj_rtroptp_4_olimp-paris-2024.jpg?v=1658794500","keywords":["JOGOS","OLIMP\u00cdADAS","PARIS"],"articleSection":["Esporte"],"inLanguage":"pt-BR","potentialAction":[{"@type":"CommentAction","name":"Comment","target":["https:\/\/redenoticiaz.com.br\/litoralsp\/2024\/04\/17\/a-100-dias-dos-jogos-olimpicos-parisienses-reclamam-do-evento#respond"]}]},{"@type":"WebPage","@id":"https:\/\/redenoticiaz.com.br\/litoralsp\/2024\/04\/17\/a-100-dias-dos-jogos-olimpicos-parisienses-reclamam-do-evento","url":"https:\/\/redenoticiaz.com.br\/litoralsp\/2024\/04\/17\/a-100-dias-dos-jogos-olimpicos-parisienses-reclamam-do-evento","name":"A 100 dias dos Jogos Ol\u00edmpicos, parisienses reclamam do evento - Litoral SP","isPartOf":{"@id":"https:\/\/redenoticiaz.com.br\/litoralsp\/#website"},"primaryImageOfPage":{"@id":"https:\/\/redenoticiaz.com.br\/litoralsp\/2024\/04\/17\/a-100-dias-dos-jogos-olimpicos-parisienses-reclamam-do-evento#primaryimage"},"image":{"@id":"https:\/\/redenoticiaz.com.br\/litoralsp\/2024\/04\/17\/a-100-dias-dos-jogos-olimpicos-parisienses-reclamam-do-evento#primaryimage"},"thumbnailUrl":"https:\/\/redenoticiaz.com.br\/litoralsp\/wp-content\/uploads\/sites\/3\/2022\/07\/2021-09-03t134927z_1_lynxmpeh820mj_rtroptp_4_olimp-paris-2024.jpg?v=1658794500","datePublished":"2024-04-17T16:15:11+00:00","dateModified":"2024-04-17T16:18:35+00:00","description":"Faltando 100 dias para o in\u00edcio dos Jogos Ol\u00edmpicos de Paris 2024, muitos moradores reclamam que grande parte do evento ser\u00e1 um inconveniente.","inLanguage":"pt-BR","potentialAction":[{"@type":"ReadAction","target":["https:\/\/redenoticiaz.com.br\/litoralsp\/2024\/04\/17\/a-100-dias-dos-jogos-olimpicos-parisienses-reclamam-do-evento"]}]},{"@type":"ImageObject","inLanguage":"pt-BR","@id":"https:\/\/redenoticiaz.com.br\/litoralsp\/2024\/04\/17\/a-100-dias-dos-jogos-olimpicos-parisienses-reclamam-do-evento#primaryimage","url":"https:\/\/redenoticiaz.com.br\/litoralsp\/wp-content\/uploads\/sites\/3\/2022\/07\/2021-09-03t134927z_1_lynxmpeh820mj_rtroptp_4_olimp-paris-2024.jpg?v=1658794500","contentUrl":"https:\/\/redenoticiaz.com.br\/litoralsp\/wp-content\/uploads\/sites\/3\/2022\/07\/2021-09-03t134927z_1_lynxmpeh820mj_rtroptp_4_olimp-paris-2024.jpg?v=1658794500","width":1170,"height":700,"caption":"Comit\u00ea Organizador apresenta calend\u00e1rio oficial da Olimp\u00edada de Paris"},{"@type":"WebSite","@id":"https:\/\/redenoticiaz.com.br\/litoralsp\/#website","url":"https:\/\/redenoticiaz.com.br\/litoralsp\/","name":"Litoral SP","description":"Rede NoticiaZ","publisher":{"@id":"https:\/\/redenoticiaz.com.br\/litoralsp\/#organization"},"potentialAction":[{"@type":"SearchAction","target":{"@type":"EntryPoint","urlTemplate":"https:\/\/redenoticiaz.com.br\/litoralsp\/?s={search_term_string}"},"query-input":{"@type":"PropertyValueSpecification","valueRequired":true,"valueName":"search_term_string"}}],"inLanguage":"pt-BR"},{"@type":"Organization","@id":"https:\/\/redenoticiaz.com.br\/litoralsp\/#organization","name":"Litoral SP","url":"https:\/\/redenoticiaz.com.br\/litoralsp\/","logo":{"@type":"ImageObject","inLanguage":"pt-BR","@id":"https:\/\/redenoticiaz.com.br\/litoralsp\/#\/schema\/logo\/image\/","url":"https:\/\/redenoticiaz.com.br\/litoralsp\/wp-content\/uploads\/sites\/3\/2020\/11\/logo.jpg","contentUrl":"https:\/\/redenoticiaz.com.br\/litoralsp\/wp-content\/uploads\/sites\/3\/2020\/11\/logo.jpg","width":400,"height":250,"caption":"Litoral SP"},"image":{"@id":"https:\/\/redenoticiaz.com.br\/litoralsp\/#\/schema\/logo\/image\/"}},{"@type":"Person","@id":"https:\/\/redenoticiaz.com.br\/litoralsp\/#\/schema\/person\/16057b37a3c0ee6b096d7f887c566e2e","name":"Gustavo Silva","image":{"@type":"ImageObject","inLanguage":"pt-BR","@id":"https:\/\/secure.gravatar.com\/avatar\/3ee4e82f93b26de0a7cf4ea5eb7893da637ed6bb0c9170c58065944c56e28a33?s=96&d=mm&r=g","url":"https:\/\/secure.gravatar.com\/avatar\/3ee4e82f93b26de0a7cf4ea5eb7893da637ed6bb0c9170c58065944c56e28a33?s=96&d=mm&r=g","contentUrl":"https:\/\/secure.gravatar.com\/avatar\/3ee4e82f93b26de0a7cf4ea5eb7893da637ed6bb0c9170c58065944c56e28a33?s=96&d=mm&r=g","caption":"Gustavo Silva"},"url":"https:\/\/redenoticiaz.com.br\/litoralsp\/author\/gustavosilva"}]}},"_links":{"self":[{"href":"https:\/\/redenoticiaz.com.br\/litoralsp\/wp-json\/wp\/v2\/posts\/115734","targetHints":{"allow":["GET"]}}],"collection":[{"href":"https:\/\/redenoticiaz.com.br\/litoralsp\/wp-json\/wp\/v2\/posts"}],"about":[{"href":"https:\/\/redenoticiaz.com.br\/litoralsp\/wp-json\/wp\/v2\/types\/post"}],"author":[{"embeddable":true,"href":"https:\/\/redenoticiaz.com.br\/litoralsp\/wp-json\/wp\/v2\/users\/12"}],"replies":[{"embeddable":true,"href":"https:\/\/redenoticiaz.com.br\/litoralsp\/wp-json\/wp\/v2\/comments?post=115734"}],"version-history":[{"count":0,"href":"https:\/\/redenoticiaz.com.br\/litoralsp\/wp-json\/wp\/v2\/posts\/115734\/revisions"}],"wp:featuredmedia":[{"embeddable":true,"href":"https:\/\/redenoticiaz.com.br\/litoralsp\/wp-json\/wp\/v2\/media\/88974"}],"wp:attachment":[{"href":"https:\/\/redenoticiaz.com.br\/litoralsp\/wp-json\/wp\/v2\/media?parent=115734"}],"wp:term":[{"taxonomy":"category","embeddable":true,"href":"https:\/\/redenoticiaz.com.br\/litoralsp\/wp-json\/wp\/v2\/categories?post=115734"},{"taxonomy":"post_tag","embeddable":true,"href":"https:\/\/redenoticiaz.com.br\/litoralsp\/wp-json\/wp\/v2\/tags?post=115734"}],"curies":[{"name":"wp","href":"https:\/\/api.w.org\/{rel}","templated":true}]}}