{"id":115751,"date":"2024-04-20T13:00:36","date_gmt":"2024-04-20T16:00:36","guid":{"rendered":"https:\/\/redenoticiaz.com.br\/litoralsp\/?p=115751"},"modified":"2024-04-17T17:30:48","modified_gmt":"2024-04-17T20:30:48","slug":"governo-de-sp-planeja-implementar-projeto-com-inteligencia-artificial-nas-aulas-do-ensino-medio-e-fundamental","status":"publish","type":"post","link":"https:\/\/redenoticiaz.com.br\/litoralsp\/2024\/04\/20\/governo-de-sp-planeja-implementar-projeto-com-inteligencia-artificial-nas-aulas-do-ensino-medio-e-fundamental","title":{"rendered":"Governo de SP planeja implementar projeto com Intelig\u00eancia Artificial nas aulas do ensino m\u00e9dio e fundamental"},"content":{"rendered":"<p>O Governo de S\u00e3o Paulo est\u00e1 planejando um projeto piloto que visa utilizar Intelig\u00eancia Artificial (IA), para aprimorar o material digital utilizado por professores dos \u00faltimos anos do ensino fundamental (6\u00ba ao 9\u00ba ano) e do ensino m\u00e9dio.<\/p>\n<p>A iniciativa tem como objetivo atualizar e melhorar o material j\u00e1 existente, adicionando novas propostas de atividades, exemplos pr\u00e1ticos do conhecimento e informa\u00e7\u00f5es complementares para enriquecer as explica\u00e7\u00f5es de conceitos-chave em cada aula.<\/p>\n<p>De acordo com a Secretaria Estadual de Educa\u00e7\u00e3o, o conte\u00fado produzido pela IA ser\u00e1 revisado por professores em duas etapas, al\u00e9m de passar por revis\u00f5es de direitos autorais e interven\u00e7\u00f5es de design. A implementa\u00e7\u00e3o dessa tecnologia passar\u00e1 por etapas de avalia\u00e7\u00e3o para determinar sua efic\u00e1cia.<\/p>\n<p>Apesar da utiliza\u00e7\u00e3o da IA no processo de aprimoramento do conte\u00fado, o professor continua sendo o principal respons\u00e1vel pela ministra\u00e7\u00e3o das aulas. A tecnologia ser\u00e1 um facilitador, mas n\u00e3o substituir\u00e1 o papel do educador no processo educacional.<\/p>\n<p>LEIA MAIS<\/p>\n<p><a href=\"https:\/\/redenoticiaz.com.br\/blog\/2024\/04\/17\/video-mulher-e-presa-apos-tentar-sacar-r-17-mil-com-cadaver-em-cadeira-de-rodas\">V\u00cdDEO \u2013 Mulher \u00e9 presa ap\u00f3s tentar sacar R$ 17 mil com cad\u00e1ver em cadeira de rodas<\/a><\/p>\n<p><a href=\"https:\/\/redenoticiaz.com.br\/blog\/2024\/04\/17\/operacao-muditia-aponta-que-ex-secretario-de-itatiba-teria-recebido-propina-de-faccao\">V\u00cdDEO \u2013 Opera\u00e7\u00e3o Muditia aponta que ex-secret\u00e1rio de Itatiba teria recebido propina\u00a0de\u00a0fac\u00e7\u00e3o<\/a><\/p>\n","protected":false},"excerpt":{"rendered":"<p>O Governo de S\u00e3o Paulo est\u00e1 planejando um projeto piloto que visa utilizar Intelig\u00eancia Artificial (IA), para aprimorar o material digital utilizado por professores dos \u00faltimos anos do ensino fundamental (6\u00ba ao 9\u00ba ano) e do ensino m\u00e9dio. A iniciativa tem como objetivo atualizar e melhorar o material j\u00e1 existente, adicionando novas propostas de atividades, &hellip;<\/p>\n","protected":false},"author":30,"featured_media":115752,"comment_status":"open","ping_status":"closed","sticky":false,"template":"","format":"standard","meta":{"footnotes":""},"categories":[44],"tags":[36309,65315,65],"class_list":["post-115751","post","type-post","status-publish","format-standard","has-post-thumbnail","hentry","category-educacao","tag-escola","tag-inteligencia-artificial","tag-sao-paulo"],"yoast_head":"<!-- This site is optimized with the Yoast SEO plugin v27.5 - https:\/\/yoast.com\/product\/yoast-seo-wordpress\/ -->\n<title>Governo de SP planeja implementar projeto com Intelig\u00eancia Artificial nas aulas do ensino m\u00e9dio e fundamental - Litoral SP<\/title>\n<meta name=\"description\" content=\"O Governo de S\u00e3o Paulo est\u00e1 planejando um projeto piloto que visa utilizar Intelig\u00eancia Artificial (IA), para aprimorar o material digital.\" \/>\n<meta name=\"robots\" content=\"index, follow, max-snippet:-1, max-image-preview:large, max-video-preview:-1\" \/>\n<link rel=\"canonical\" href=\"https:\/\/redenoticiaz.com.br\/litoralsp\/2024\/04\/20\/governo-de-sp-planeja-implementar-projeto-com-inteligencia-artificial-nas-aulas-do-ensino-medio-e-fundamental\" \/>\n<meta property=\"og:locale\" content=\"pt_BR\" \/>\n<meta property=\"og:type\" content=\"article\" \/>\n<meta property=\"og:title\" content=\"Governo de SP planeja implementar projeto com Intelig\u00eancia Artificial nas aulas do ensino m\u00e9dio e fundamental - Litoral SP\" \/>\n<meta property=\"og:description\" content=\"O Governo de S\u00e3o Paulo est\u00e1 planejando um projeto piloto que visa utilizar Intelig\u00eancia Artificial (IA), para aprimorar o material digital.\" \/>\n<meta property=\"og:url\" content=\"https:\/\/redenoticiaz.com.br\/litoralsp\/2024\/04\/20\/governo-de-sp-planeja-implementar-projeto-com-inteligencia-artificial-nas-aulas-do-ensino-medio-e-fundamental\" \/>\n<meta property=\"og:site_name\" content=\"Litoral SP\" \/>\n<meta property=\"article:published_time\" content=\"2024-04-20T16:00:36+00:00\" \/>\n<meta property=\"og:image\" content=\"https:\/\/redenoticiaz.com.br\/litoralsp\/wp-content\/uploads\/sites\/3\/2024\/04\/Captura-de-tela-2024-04-17-172843.png?v=1713385725\" \/>\n\t<meta property=\"og:image:width\" content=\"341\" \/>\n\t<meta property=\"og:image:height\" content=\"221\" \/>\n\t<meta property=\"og:image:type\" content=\"image\/png\" \/>\n<meta name=\"author\" content=\"Carina Reifonas\" \/>\n<meta name=\"twitter:card\" content=\"summary_large_image\" \/>\n<meta name=\"twitter:label1\" content=\"Escrito por\" \/>\n\t<meta name=\"twitter:data1\" content=\"Carina Reifonas\" \/>\n\t<meta name=\"twitter:label2\" content=\"Est. tempo de leitura\" \/>\n\t<meta name=\"twitter:data2\" content=\"2 minutos\" \/>\n<script type=\"application\/ld+json\" class=\"yoast-schema-graph\">{\"@context\":\"https:\\\/\\\/schema.org\",\"@graph\":[{\"@type\":\"Article\",\"@id\":\"https:\\\/\\\/redenoticiaz.com.br\\\/litoralsp\\\/2024\\\/04\\\/20\\\/governo-de-sp-planeja-implementar-projeto-com-inteligencia-artificial-nas-aulas-do-ensino-medio-e-fundamental#article\",\"isPartOf\":{\"@id\":\"https:\\\/\\\/redenoticiaz.com.br\\\/litoralsp\\\/2024\\\/04\\\/20\\\/governo-de-sp-planeja-implementar-projeto-com-inteligencia-artificial-nas-aulas-do-ensino-medio-e-fundamental\"},\"author\":{\"name\":\"Carina Reifonas\",\"@id\":\"https:\\\/\\\/redenoticiaz.com.br\\\/litoralsp\\\/#\\\/schema\\\/person\\\/1f84d6e94e6a62d2d81199d7503e9e90\"},\"headline\":\"Governo de SP planeja implementar projeto com Intelig\u00eancia Artificial nas aulas do ensino m\u00e9dio e fundamental\",\"datePublished\":\"2024-04-20T16:00:36+00:00\",\"mainEntityOfPage\":{\"@id\":\"https:\\\/\\\/redenoticiaz.com.br\\\/litoralsp\\\/2024\\\/04\\\/20\\\/governo-de-sp-planeja-implementar-projeto-com-inteligencia-artificial-nas-aulas-do-ensino-medio-e-fundamental\"},\"wordCount\":224,\"commentCount\":0,\"publisher\":{\"@id\":\"https:\\\/\\\/redenoticiaz.com.br\\\/litoralsp\\\/#organization\"},\"image\":{\"@id\":\"https:\\\/\\\/redenoticiaz.com.br\\\/litoralsp\\\/2024\\\/04\\\/20\\\/governo-de-sp-planeja-implementar-projeto-com-inteligencia-artificial-nas-aulas-do-ensino-medio-e-fundamental#primaryimage\"},\"thumbnailUrl\":\"https:\\\/\\\/redenoticiaz.com.br\\\/litoralsp\\\/wp-content\\\/uploads\\\/sites\\\/3\\\/2024\\\/04\\\/Captura-de-tela-2024-04-17-172843.png?v=1713385725\",\"keywords\":[\"ESCOLA\",\"Intelig\u00eancia Artificial\",\"S\u00e3o Paulo\"],\"articleSection\":[\"Educa\u00e7\u00e3o\"],\"inLanguage\":\"pt-BR\",\"potentialAction\":[{\"@type\":\"CommentAction\",\"name\":\"Comment\",\"target\":[\"https:\\\/\\\/redenoticiaz.com.br\\\/litoralsp\\\/2024\\\/04\\\/20\\\/governo-de-sp-planeja-implementar-projeto-com-inteligencia-artificial-nas-aulas-do-ensino-medio-e-fundamental#respond\"]}]},{\"@type\":\"WebPage\",\"@id\":\"https:\\\/\\\/redenoticiaz.com.br\\\/litoralsp\\\/2024\\\/04\\\/20\\\/governo-de-sp-planeja-implementar-projeto-com-inteligencia-artificial-nas-aulas-do-ensino-medio-e-fundamental\",\"url\":\"https:\\\/\\\/redenoticiaz.com.br\\\/litoralsp\\\/2024\\\/04\\\/20\\\/governo-de-sp-planeja-implementar-projeto-com-inteligencia-artificial-nas-aulas-do-ensino-medio-e-fundamental\",\"name\":\"Governo de SP planeja implementar projeto com Intelig\u00eancia Artificial nas aulas do ensino m\u00e9dio e fundamental - Litoral SP\",\"isPartOf\":{\"@id\":\"https:\\\/\\\/redenoticiaz.com.br\\\/litoralsp\\\/#website\"},\"primaryImageOfPage\":{\"@id\":\"https:\\\/\\\/redenoticiaz.com.br\\\/litoralsp\\\/2024\\\/04\\\/20\\\/governo-de-sp-planeja-implementar-projeto-com-inteligencia-artificial-nas-aulas-do-ensino-medio-e-fundamental#primaryimage\"},\"image\":{\"@id\":\"https:\\\/\\\/redenoticiaz.com.br\\\/litoralsp\\\/2024\\\/04\\\/20\\\/governo-de-sp-planeja-implementar-projeto-com-inteligencia-artificial-nas-aulas-do-ensino-medio-e-fundamental#primaryimage\"},\"thumbnailUrl\":\"https:\\\/\\\/redenoticiaz.com.br\\\/litoralsp\\\/wp-content\\\/uploads\\\/sites\\\/3\\\/2024\\\/04\\\/Captura-de-tela-2024-04-17-172843.png?v=1713385725\",\"datePublished\":\"2024-04-20T16:00:36+00:00\",\"description\":\"O Governo de S\u00e3o Paulo est\u00e1 planejando um projeto piloto que visa utilizar Intelig\u00eancia Artificial (IA), para aprimorar o material digital.\",\"inLanguage\":\"pt-BR\",\"potentialAction\":[{\"@type\":\"ReadAction\",\"target\":[\"https:\\\/\\\/redenoticiaz.com.br\\\/litoralsp\\\/2024\\\/04\\\/20\\\/governo-de-sp-planeja-implementar-projeto-com-inteligencia-artificial-nas-aulas-do-ensino-medio-e-fundamental\"]}]},{\"@type\":\"ImageObject\",\"inLanguage\":\"pt-BR\",\"@id\":\"https:\\\/\\\/redenoticiaz.com.br\\\/litoralsp\\\/2024\\\/04\\\/20\\\/governo-de-sp-planeja-implementar-projeto-com-inteligencia-artificial-nas-aulas-do-ensino-medio-e-fundamental#primaryimage\",\"url\":\"https:\\\/\\\/redenoticiaz.com.br\\\/litoralsp\\\/wp-content\\\/uploads\\\/sites\\\/3\\\/2024\\\/04\\\/Captura-de-tela-2024-04-17-172843.png?v=1713385725\",\"contentUrl\":\"https:\\\/\\\/redenoticiaz.com.br\\\/litoralsp\\\/wp-content\\\/uploads\\\/sites\\\/3\\\/2024\\\/04\\\/Captura-de-tela-2024-04-17-172843.png?v=1713385725\",\"width\":341,\"height\":221},{\"@type\":\"WebSite\",\"@id\":\"https:\\\/\\\/redenoticiaz.com.br\\\/litoralsp\\\/#website\",\"url\":\"https:\\\/\\\/redenoticiaz.com.br\\\/litoralsp\\\/\",\"name\":\"Litoral SP\",\"description\":\"Rede NoticiaZ\",\"publisher\":{\"@id\":\"https:\\\/\\\/redenoticiaz.com.br\\\/litoralsp\\\/#organization\"},\"potentialAction\":[{\"@type\":\"SearchAction\",\"target\":{\"@type\":\"EntryPoint\",\"urlTemplate\":\"https:\\\/\\\/redenoticiaz.com.br\\\/litoralsp\\\/?s={search_term_string}\"},\"query-input\":{\"@type\":\"PropertyValueSpecification\",\"valueRequired\":true,\"valueName\":\"search_term_string\"}}],\"inLanguage\":\"pt-BR\"},{\"@type\":\"Organization\",\"@id\":\"https:\\\/\\\/redenoticiaz.com.br\\\/litoralsp\\\/#organization\",\"name\":\"Litoral SP\",\"url\":\"https:\\\/\\\/redenoticiaz.com.br\\\/litoralsp\\\/\",\"logo\":{\"@type\":\"ImageObject\",\"inLanguage\":\"pt-BR\",\"@id\":\"https:\\\/\\\/redenoticiaz.com.br\\\/litoralsp\\\/#\\\/schema\\\/logo\\\/image\\\/\",\"url\":\"https:\\\/\\\/redenoticiaz.com.br\\\/litoralsp\\\/wp-content\\\/uploads\\\/sites\\\/3\\\/2020\\\/11\\\/logo.jpg\",\"contentUrl\":\"https:\\\/\\\/redenoticiaz.com.br\\\/litoralsp\\\/wp-content\\\/uploads\\\/sites\\\/3\\\/2020\\\/11\\\/logo.jpg\",\"width\":400,\"height\":250,\"caption\":\"Litoral SP\"},\"image\":{\"@id\":\"https:\\\/\\\/redenoticiaz.com.br\\\/litoralsp\\\/#\\\/schema\\\/logo\\\/image\\\/\"}},{\"@type\":\"Person\",\"@id\":\"https:\\\/\\\/redenoticiaz.com.br\\\/litoralsp\\\/#\\\/schema\\\/person\\\/1f84d6e94e6a62d2d81199d7503e9e90\",\"name\":\"Carina Reifonas\",\"image\":{\"@type\":\"ImageObject\",\"inLanguage\":\"pt-BR\",\"@id\":\"https:\\\/\\\/secure.gravatar.com\\\/avatar\\\/04c59859b23696cf867715880f81d5c037e60109730bdb4e6670ec2a2245bc97?s=96&d=mm&r=g\",\"url\":\"https:\\\/\\\/secure.gravatar.com\\\/avatar\\\/04c59859b23696cf867715880f81d5c037e60109730bdb4e6670ec2a2245bc97?s=96&d=mm&r=g\",\"contentUrl\":\"https:\\\/\\\/secure.gravatar.com\\\/avatar\\\/04c59859b23696cf867715880f81d5c037e60109730bdb4e6670ec2a2245bc97?s=96&d=mm&r=g\",\"caption\":\"Carina Reifonas\"},\"url\":\"https:\\\/\\\/redenoticiaz.com.br\\\/litoralsp\\\/author\\\/carinareifonas\"}]}<\/script>\n<!-- \/ Yoast SEO plugin. -->","yoast_head_json":{"title":"Governo de SP planeja implementar projeto com Intelig\u00eancia Artificial nas aulas do ensino m\u00e9dio e fundamental - Litoral SP","description":"O Governo de S\u00e3o Paulo est\u00e1 planejando um projeto piloto que visa utilizar Intelig\u00eancia Artificial (IA), para aprimorar o material digital.","robots":{"index":"index","follow":"follow","max-snippet":"max-snippet:-1","max-image-preview":"max-image-preview:large","max-video-preview":"max-video-preview:-1"},"canonical":"https:\/\/redenoticiaz.com.br\/litoralsp\/2024\/04\/20\/governo-de-sp-planeja-implementar-projeto-com-inteligencia-artificial-nas-aulas-do-ensino-medio-e-fundamental","og_locale":"pt_BR","og_type":"article","og_title":"Governo de SP planeja implementar projeto com Intelig\u00eancia Artificial nas aulas do ensino m\u00e9dio e fundamental - Litoral SP","og_description":"O Governo de S\u00e3o Paulo est\u00e1 planejando um projeto piloto que visa utilizar Intelig\u00eancia Artificial (IA), para aprimorar o material digital.","og_url":"https:\/\/redenoticiaz.com.br\/litoralsp\/2024\/04\/20\/governo-de-sp-planeja-implementar-projeto-com-inteligencia-artificial-nas-aulas-do-ensino-medio-e-fundamental","og_site_name":"Litoral SP","article_published_time":"2024-04-20T16:00:36+00:00","og_image":[{"width":341,"height":221,"url":"https:\/\/redenoticiaz.com.br\/litoralsp\/wp-content\/uploads\/sites\/3\/2024\/04\/Captura-de-tela-2024-04-17-172843.png?v=1713385725","type":"image\/png"}],"author":"Carina Reifonas","twitter_card":"summary_large_image","twitter_misc":{"Escrito por":"Carina Reifonas","Est. tempo de leitura":"2 minutos"},"schema":{"@context":"https:\/\/schema.org","@graph":[{"@type":"Article","@id":"https:\/\/redenoticiaz.com.br\/litoralsp\/2024\/04\/20\/governo-de-sp-planeja-implementar-projeto-com-inteligencia-artificial-nas-aulas-do-ensino-medio-e-fundamental#article","isPartOf":{"@id":"https:\/\/redenoticiaz.com.br\/litoralsp\/2024\/04\/20\/governo-de-sp-planeja-implementar-projeto-com-inteligencia-artificial-nas-aulas-do-ensino-medio-e-fundamental"},"author":{"name":"Carina Reifonas","@id":"https:\/\/redenoticiaz.com.br\/litoralsp\/#\/schema\/person\/1f84d6e94e6a62d2d81199d7503e9e90"},"headline":"Governo de SP planeja implementar projeto com Intelig\u00eancia Artificial nas aulas do ensino m\u00e9dio e fundamental","datePublished":"2024-04-20T16:00:36+00:00","mainEntityOfPage":{"@id":"https:\/\/redenoticiaz.com.br\/litoralsp\/2024\/04\/20\/governo-de-sp-planeja-implementar-projeto-com-inteligencia-artificial-nas-aulas-do-ensino-medio-e-fundamental"},"wordCount":224,"commentCount":0,"publisher":{"@id":"https:\/\/redenoticiaz.com.br\/litoralsp\/#organization"},"image":{"@id":"https:\/\/redenoticiaz.com.br\/litoralsp\/2024\/04\/20\/governo-de-sp-planeja-implementar-projeto-com-inteligencia-artificial-nas-aulas-do-ensino-medio-e-fundamental#primaryimage"},"thumbnailUrl":"https:\/\/redenoticiaz.com.br\/litoralsp\/wp-content\/uploads\/sites\/3\/2024\/04\/Captura-de-tela-2024-04-17-172843.png?v=1713385725","keywords":["ESCOLA","Intelig\u00eancia Artificial","S\u00e3o Paulo"],"articleSection":["Educa\u00e7\u00e3o"],"inLanguage":"pt-BR","potentialAction":[{"@type":"CommentAction","name":"Comment","target":["https:\/\/redenoticiaz.com.br\/litoralsp\/2024\/04\/20\/governo-de-sp-planeja-implementar-projeto-com-inteligencia-artificial-nas-aulas-do-ensino-medio-e-fundamental#respond"]}]},{"@type":"WebPage","@id":"https:\/\/redenoticiaz.com.br\/litoralsp\/2024\/04\/20\/governo-de-sp-planeja-implementar-projeto-com-inteligencia-artificial-nas-aulas-do-ensino-medio-e-fundamental","url":"https:\/\/redenoticiaz.com.br\/litoralsp\/2024\/04\/20\/governo-de-sp-planeja-implementar-projeto-com-inteligencia-artificial-nas-aulas-do-ensino-medio-e-fundamental","name":"Governo de SP planeja implementar projeto com Intelig\u00eancia Artificial nas aulas do ensino m\u00e9dio e fundamental - Litoral SP","isPartOf":{"@id":"https:\/\/redenoticiaz.com.br\/litoralsp\/#website"},"primaryImageOfPage":{"@id":"https:\/\/redenoticiaz.com.br\/litoralsp\/2024\/04\/20\/governo-de-sp-planeja-implementar-projeto-com-inteligencia-artificial-nas-aulas-do-ensino-medio-e-fundamental#primaryimage"},"image":{"@id":"https:\/\/redenoticiaz.com.br\/litoralsp\/2024\/04\/20\/governo-de-sp-planeja-implementar-projeto-com-inteligencia-artificial-nas-aulas-do-ensino-medio-e-fundamental#primaryimage"},"thumbnailUrl":"https:\/\/redenoticiaz.com.br\/litoralsp\/wp-content\/uploads\/sites\/3\/2024\/04\/Captura-de-tela-2024-04-17-172843.png?v=1713385725","datePublished":"2024-04-20T16:00:36+00:00","description":"O Governo de S\u00e3o Paulo est\u00e1 planejando um projeto piloto que visa utilizar Intelig\u00eancia Artificial (IA), para aprimorar o material digital.","inLanguage":"pt-BR","potentialAction":[{"@type":"ReadAction","target":["https:\/\/redenoticiaz.com.br\/litoralsp\/2024\/04\/20\/governo-de-sp-planeja-implementar-projeto-com-inteligencia-artificial-nas-aulas-do-ensino-medio-e-fundamental"]}]},{"@type":"ImageObject","inLanguage":"pt-BR","@id":"https:\/\/redenoticiaz.com.br\/litoralsp\/2024\/04\/20\/governo-de-sp-planeja-implementar-projeto-com-inteligencia-artificial-nas-aulas-do-ensino-medio-e-fundamental#primaryimage","url":"https:\/\/redenoticiaz.com.br\/litoralsp\/wp-content\/uploads\/sites\/3\/2024\/04\/Captura-de-tela-2024-04-17-172843.png?v=1713385725","contentUrl":"https:\/\/redenoticiaz.com.br\/litoralsp\/wp-content\/uploads\/sites\/3\/2024\/04\/Captura-de-tela-2024-04-17-172843.png?v=1713385725","width":341,"height":221},{"@type":"WebSite","@id":"https:\/\/redenoticiaz.com.br\/litoralsp\/#website","url":"https:\/\/redenoticiaz.com.br\/litoralsp\/","name":"Litoral SP","description":"Rede NoticiaZ","publisher":{"@id":"https:\/\/redenoticiaz.com.br\/litoralsp\/#organization"},"potentialAction":[{"@type":"SearchAction","target":{"@type":"EntryPoint","urlTemplate":"https:\/\/redenoticiaz.com.br\/litoralsp\/?s={search_term_string}"},"query-input":{"@type":"PropertyValueSpecification","valueRequired":true,"valueName":"search_term_string"}}],"inLanguage":"pt-BR"},{"@type":"Organization","@id":"https:\/\/redenoticiaz.com.br\/litoralsp\/#organization","name":"Litoral SP","url":"https:\/\/redenoticiaz.com.br\/litoralsp\/","logo":{"@type":"ImageObject","inLanguage":"pt-BR","@id":"https:\/\/redenoticiaz.com.br\/litoralsp\/#\/schema\/logo\/image\/","url":"https:\/\/redenoticiaz.com.br\/litoralsp\/wp-content\/uploads\/sites\/3\/2020\/11\/logo.jpg","contentUrl":"https:\/\/redenoticiaz.com.br\/litoralsp\/wp-content\/uploads\/sites\/3\/2020\/11\/logo.jpg","width":400,"height":250,"caption":"Litoral SP"},"image":{"@id":"https:\/\/redenoticiaz.com.br\/litoralsp\/#\/schema\/logo\/image\/"}},{"@type":"Person","@id":"https:\/\/redenoticiaz.com.br\/litoralsp\/#\/schema\/person\/1f84d6e94e6a62d2d81199d7503e9e90","name":"Carina Reifonas","image":{"@type":"ImageObject","inLanguage":"pt-BR","@id":"https:\/\/secure.gravatar.com\/avatar\/04c59859b23696cf867715880f81d5c037e60109730bdb4e6670ec2a2245bc97?s=96&d=mm&r=g","url":"https:\/\/secure.gravatar.com\/avatar\/04c59859b23696cf867715880f81d5c037e60109730bdb4e6670ec2a2245bc97?s=96&d=mm&r=g","contentUrl":"https:\/\/secure.gravatar.com\/avatar\/04c59859b23696cf867715880f81d5c037e60109730bdb4e6670ec2a2245bc97?s=96&d=mm&r=g","caption":"Carina Reifonas"},"url":"https:\/\/redenoticiaz.com.br\/litoralsp\/author\/carinareifonas"}]}},"_links":{"self":[{"href":"https:\/\/redenoticiaz.com.br\/litoralsp\/wp-json\/wp\/v2\/posts\/115751","targetHints":{"allow":["GET"]}}],"collection":[{"href":"https:\/\/redenoticiaz.com.br\/litoralsp\/wp-json\/wp\/v2\/posts"}],"about":[{"href":"https:\/\/redenoticiaz.com.br\/litoralsp\/wp-json\/wp\/v2\/types\/post"}],"author":[{"embeddable":true,"href":"https:\/\/redenoticiaz.com.br\/litoralsp\/wp-json\/wp\/v2\/users\/30"}],"replies":[{"embeddable":true,"href":"https:\/\/redenoticiaz.com.br\/litoralsp\/wp-json\/wp\/v2\/comments?post=115751"}],"version-history":[{"count":1,"href":"https:\/\/redenoticiaz.com.br\/litoralsp\/wp-json\/wp\/v2\/posts\/115751\/revisions"}],"predecessor-version":[{"id":115821,"href":"https:\/\/redenoticiaz.com.br\/litoralsp\/wp-json\/wp\/v2\/posts\/115751\/revisions\/115821"}],"wp:featuredmedia":[{"embeddable":true,"href":"https:\/\/redenoticiaz.com.br\/litoralsp\/wp-json\/wp\/v2\/media\/115752"}],"wp:attachment":[{"href":"https:\/\/redenoticiaz.com.br\/litoralsp\/wp-json\/wp\/v2\/media?parent=115751"}],"wp:term":[{"taxonomy":"category","embeddable":true,"href":"https:\/\/redenoticiaz.com.br\/litoralsp\/wp-json\/wp\/v2\/categories?post=115751"},{"taxonomy":"post_tag","embeddable":true,"href":"https:\/\/redenoticiaz.com.br\/litoralsp\/wp-json\/wp\/v2\/tags?post=115751"}],"curies":[{"name":"wp","href":"https:\/\/api.w.org\/{rel}","templated":true}]}}