{"id":115875,"date":"2024-04-27T10:00:29","date_gmt":"2024-04-27T13:00:29","guid":{"rendered":"https:\/\/redenoticiaz.com.br\/litoralsp\/?p=115875"},"modified":"2024-04-23T17:32:00","modified_gmt":"2024-04-23T20:32:00","slug":"caso-tio-paulo-deixou-duvidas-sobre-direitos-e-deveres-de-cuidadores-de-idosos-especialista-explica","status":"publish","type":"post","link":"https:\/\/redenoticiaz.com.br\/litoralsp\/2024\/04\/27\/caso-tio-paulo-deixou-duvidas-sobre-direitos-e-deveres-de-cuidadores-de-idosos-especialista-explica","title":{"rendered":"Caso &#8216;Tio Paulo&#8217; deixou d\u00favidas sobre direitos e deveres de cuidadores de idosos? Especialista explica"},"content":{"rendered":"<p>O caso em que Erika de Souza vieira Nunes, 42, levou seu tio a uma ag\u00eancia banc\u00e1ria para sacar um empr\u00e9stimo tem pautado diferentes discuss\u00f5es, uma vez que viralizou por causa da constata\u00e7\u00e3o da morte do idoso, que ficou conhecido como \u201ctio Paulo\u201d. Segundo a advogada Marilia Golfieri Angella, s\u00f3cia-fundadora do Mar\u00edlia Golfieri Angella \u2013 Advocacia Familiar e Social, especialista em Direito de Fam\u00edlia, G\u00eanero e Inf\u00e2ncia e Juventude, mestranda em Processo Civil pela Faculdade de Direito da USP e professora colaboradora do FGV Law, a quest\u00e3o extrapola a esfera criminal.<\/p>\n<p>\u201cCom o avan\u00e7o da medicina, a expectativa de vida da popula\u00e7\u00e3o brasileira subiu para 77 anos segundo dados de 2022 do IBGE e isso vem acompanhado do crescimento do n\u00famero de cuidadores, refor\u00e7ando a necessidade de a sociedade se atentar aos seus direitos\u201d, explica a advogada. \u201cCuidadores de pessoas idosas, mesmo atuando como enfermeiro, acompanhante, ou tendo forma\u00e7\u00e3o em \u00e1reas da sa\u00fade ou correlatas, s\u00e3o considerados pela lei como trabalhadores dom\u00e9sticos quando exercem a atividade por 3 ou mais dias por semana\u201d, complementa.<\/p>\n<p>Entre os deveres do cuidador de pessoa idosa, est\u00e3o a busca por condi\u00e7\u00f5es b\u00e1sicas de bem-estar e qualidade de vida da pessoa idosa sob seus cuidados; o cuidado com a alimenta\u00e7\u00e3o, sa\u00fade e higiene, entre outras necessidades da pessoa idosa; a garantia de um ambiente bem cuidado, organizado e limpo; acompanhamento em eventuais compromissos, desde consultas m\u00e9dicas at\u00e9 viagens e relatar diariamente aos familiares condi\u00e7\u00f5es e necessidades da pessoa idosa, al\u00e9m de ter cuidados com quest\u00f5es f\u00edsicas, emocionais e psicol\u00f3gicas da pessoa idosa, escutando-a e conversando sempre que necess\u00e1rio.<\/p>\n<p>Os direitos est\u00e3o amparados legalmente pela Lei Complementar 150\/2015, que garante acesso os direitos trabalhistas, entre eles a assinatura de um contrato de trabalho, o seu registro no eSocial Dom\u00e9stico, registro na Carteira de Trabalho e Previd\u00eancia Social, recebimento de 13\u00ba sal\u00e1rio e f\u00e9rias, descanso semanal remunerado, horas extras e adicional noturno (se houver), INSS e FGTS, aviso pr\u00e9vio e benef\u00edcios de aux\u00edlios sociais como sal\u00e1rio-fam\u00edlia e licen\u00e7a maternidade.<\/p>\n<p>LEIA MAIS<\/p>\n<p><a href=\"https:\/\/redenoticiaz.com.br\/blog\/2024\/04\/23\/video-casal-e-flagrado-fazendo-sexo-dentro-de-piscina-em-condominio\">V\u00cdDEO \u2013 Casal \u00e9 flagrado fazendo sexo dentro de piscina em condom\u00ednio<\/a><\/p>\n","protected":false},"excerpt":{"rendered":"<p>O caso em que Erika de Souza vieira Nunes, 42, levou seu tio a uma ag\u00eancia banc\u00e1ria para sacar um empr\u00e9stimo tem pautado diferentes discuss\u00f5es, uma vez que viralizou por causa da constata\u00e7\u00e3o da morte do idoso, que ficou conhecido como \u201ctio Paulo\u201d. Segundo a advogada Marilia Golfieri Angella, s\u00f3cia-fundadora do Mar\u00edlia Golfieri Angella \u2013 &hellip;<\/p>\n","protected":false},"author":30,"featured_media":109334,"comment_status":"open","ping_status":"closed","sticky":false,"template":"","format":"standard","meta":{"footnotes":""},"categories":[1625],"tags":[68231,3554,68232],"class_list":["post-115875","post","type-post","status-publish","format-standard","has-post-thumbnail","hentry","category-direitos-humanos","tag-cuidadores","tag-idosos","tag-tio-paulo"],"yoast_head":"<!-- This site is optimized with the Yoast SEO plugin v27.5 - https:\/\/yoast.com\/product\/yoast-seo-wordpress\/ -->\n<title>Caso &#039;Tio Paulo&#039; deixou d\u00favidas sobre direitos e deveres de cuidadores de idosos? Especialista explica - Litoral SP<\/title>\n<meta name=\"description\" content=\"O caso em que Erika de Souza vieira Nunes, levou o tio a uma ag\u00eancia banc\u00e1ria para sacar um empr\u00e9stimo tem pautado diferentes discuss\u00f5es.\" \/>\n<meta name=\"robots\" content=\"index, follow, max-snippet:-1, max-image-preview:large, max-video-preview:-1\" \/>\n<link rel=\"canonical\" href=\"https:\/\/redenoticiaz.com.br\/litoralsp\/2024\/04\/27\/caso-tio-paulo-deixou-duvidas-sobre-direitos-e-deveres-de-cuidadores-de-idosos-especialista-explica\" \/>\n<meta property=\"og:locale\" content=\"pt_BR\" \/>\n<meta property=\"og:type\" content=\"article\" \/>\n<meta property=\"og:title\" content=\"Caso &#039;Tio Paulo&#039; deixou d\u00favidas sobre direitos e deveres de cuidadores de idosos? Especialista explica - Litoral SP\" \/>\n<meta property=\"og:description\" content=\"O caso em que Erika de Souza vieira Nunes, levou o tio a uma ag\u00eancia banc\u00e1ria para sacar um empr\u00e9stimo tem pautado diferentes discuss\u00f5es.\" \/>\n<meta property=\"og:url\" content=\"https:\/\/redenoticiaz.com.br\/litoralsp\/2024\/04\/27\/caso-tio-paulo-deixou-duvidas-sobre-direitos-e-deveres-de-cuidadores-de-idosos-especialista-explica\" \/>\n<meta property=\"og:site_name\" content=\"Litoral SP\" \/>\n<meta property=\"article:published_time\" content=\"2024-04-27T13:00:29+00:00\" \/>\n<meta property=\"og:image\" content=\"https:\/\/redenoticiaz.com.br\/litoralsp\/wp-content\/uploads\/sites\/3\/2023\/08\/design-sem-nome-84-.jpg\" \/>\n\t<meta property=\"og:image:width\" content=\"1000\" \/>\n\t<meta property=\"og:image:height\" content=\"667\" \/>\n\t<meta property=\"og:image:type\" content=\"image\/jpeg\" \/>\n<meta name=\"author\" content=\"Carina Reifonas\" \/>\n<meta name=\"twitter:card\" content=\"summary_large_image\" \/>\n<meta name=\"twitter:label1\" content=\"Escrito por\" \/>\n\t<meta name=\"twitter:data1\" content=\"Carina Reifonas\" \/>\n\t<meta name=\"twitter:label2\" content=\"Est. tempo de leitura\" \/>\n\t<meta name=\"twitter:data2\" content=\"3 minutos\" \/>\n<script type=\"application\/ld+json\" class=\"yoast-schema-graph\">{\"@context\":\"https:\\\/\\\/schema.org\",\"@graph\":[{\"@type\":\"Article\",\"@id\":\"https:\\\/\\\/redenoticiaz.com.br\\\/litoralsp\\\/2024\\\/04\\\/27\\\/caso-tio-paulo-deixou-duvidas-sobre-direitos-e-deveres-de-cuidadores-de-idosos-especialista-explica#article\",\"isPartOf\":{\"@id\":\"https:\\\/\\\/redenoticiaz.com.br\\\/litoralsp\\\/2024\\\/04\\\/27\\\/caso-tio-paulo-deixou-duvidas-sobre-direitos-e-deveres-de-cuidadores-de-idosos-especialista-explica\"},\"author\":{\"name\":\"Carina Reifonas\",\"@id\":\"https:\\\/\\\/redenoticiaz.com.br\\\/litoralsp\\\/#\\\/schema\\\/person\\\/1f84d6e94e6a62d2d81199d7503e9e90\"},\"headline\":\"Caso &#8216;Tio Paulo&#8217; deixou d\u00favidas sobre direitos e deveres de cuidadores de idosos? Especialista explica\",\"datePublished\":\"2024-04-27T13:00:29+00:00\",\"mainEntityOfPage\":{\"@id\":\"https:\\\/\\\/redenoticiaz.com.br\\\/litoralsp\\\/2024\\\/04\\\/27\\\/caso-tio-paulo-deixou-duvidas-sobre-direitos-e-deveres-de-cuidadores-de-idosos-especialista-explica\"},\"wordCount\":397,\"commentCount\":0,\"publisher\":{\"@id\":\"https:\\\/\\\/redenoticiaz.com.br\\\/litoralsp\\\/#organization\"},\"image\":{\"@id\":\"https:\\\/\\\/redenoticiaz.com.br\\\/litoralsp\\\/2024\\\/04\\\/27\\\/caso-tio-paulo-deixou-duvidas-sobre-direitos-e-deveres-de-cuidadores-de-idosos-especialista-explica#primaryimage\"},\"thumbnailUrl\":\"https:\\\/\\\/redenoticiaz.com.br\\\/litoralsp\\\/wp-content\\\/uploads\\\/sites\\\/3\\\/2023\\\/08\\\/design-sem-nome-84-.jpg\",\"keywords\":[\"cuidadores\",\"IDOSOS\",\"Tio Paulo\"],\"articleSection\":[\"Direitos Humanos\"],\"inLanguage\":\"pt-BR\",\"potentialAction\":[{\"@type\":\"CommentAction\",\"name\":\"Comment\",\"target\":[\"https:\\\/\\\/redenoticiaz.com.br\\\/litoralsp\\\/2024\\\/04\\\/27\\\/caso-tio-paulo-deixou-duvidas-sobre-direitos-e-deveres-de-cuidadores-de-idosos-especialista-explica#respond\"]}]},{\"@type\":\"WebPage\",\"@id\":\"https:\\\/\\\/redenoticiaz.com.br\\\/litoralsp\\\/2024\\\/04\\\/27\\\/caso-tio-paulo-deixou-duvidas-sobre-direitos-e-deveres-de-cuidadores-de-idosos-especialista-explica\",\"url\":\"https:\\\/\\\/redenoticiaz.com.br\\\/litoralsp\\\/2024\\\/04\\\/27\\\/caso-tio-paulo-deixou-duvidas-sobre-direitos-e-deveres-de-cuidadores-de-idosos-especialista-explica\",\"name\":\"Caso 'Tio Paulo' deixou d\u00favidas sobre direitos e deveres de cuidadores de idosos? Especialista explica - Litoral SP\",\"isPartOf\":{\"@id\":\"https:\\\/\\\/redenoticiaz.com.br\\\/litoralsp\\\/#website\"},\"primaryImageOfPage\":{\"@id\":\"https:\\\/\\\/redenoticiaz.com.br\\\/litoralsp\\\/2024\\\/04\\\/27\\\/caso-tio-paulo-deixou-duvidas-sobre-direitos-e-deveres-de-cuidadores-de-idosos-especialista-explica#primaryimage\"},\"image\":{\"@id\":\"https:\\\/\\\/redenoticiaz.com.br\\\/litoralsp\\\/2024\\\/04\\\/27\\\/caso-tio-paulo-deixou-duvidas-sobre-direitos-e-deveres-de-cuidadores-de-idosos-especialista-explica#primaryimage\"},\"thumbnailUrl\":\"https:\\\/\\\/redenoticiaz.com.br\\\/litoralsp\\\/wp-content\\\/uploads\\\/sites\\\/3\\\/2023\\\/08\\\/design-sem-nome-84-.jpg\",\"datePublished\":\"2024-04-27T13:00:29+00:00\",\"description\":\"O caso em que Erika de Souza vieira Nunes, levou o tio a uma ag\u00eancia banc\u00e1ria para sacar um empr\u00e9stimo tem pautado diferentes discuss\u00f5es.\",\"inLanguage\":\"pt-BR\",\"potentialAction\":[{\"@type\":\"ReadAction\",\"target\":[\"https:\\\/\\\/redenoticiaz.com.br\\\/litoralsp\\\/2024\\\/04\\\/27\\\/caso-tio-paulo-deixou-duvidas-sobre-direitos-e-deveres-de-cuidadores-de-idosos-especialista-explica\"]}]},{\"@type\":\"ImageObject\",\"inLanguage\":\"pt-BR\",\"@id\":\"https:\\\/\\\/redenoticiaz.com.br\\\/litoralsp\\\/2024\\\/04\\\/27\\\/caso-tio-paulo-deixou-duvidas-sobre-direitos-e-deveres-de-cuidadores-de-idosos-especialista-explica#primaryimage\",\"url\":\"https:\\\/\\\/redenoticiaz.com.br\\\/litoralsp\\\/wp-content\\\/uploads\\\/sites\\\/3\\\/2023\\\/08\\\/design-sem-nome-84-.jpg\",\"contentUrl\":\"https:\\\/\\\/redenoticiaz.com.br\\\/litoralsp\\\/wp-content\\\/uploads\\\/sites\\\/3\\\/2023\\\/08\\\/design-sem-nome-84-.jpg\",\"width\":1000,\"height\":667,\"caption\":\"Prefeitura de S\u00e3o Vicente declara emerg\u00eancia financeira\"},{\"@type\":\"WebSite\",\"@id\":\"https:\\\/\\\/redenoticiaz.com.br\\\/litoralsp\\\/#website\",\"url\":\"https:\\\/\\\/redenoticiaz.com.br\\\/litoralsp\\\/\",\"name\":\"Litoral SP\",\"description\":\"Rede NoticiaZ\",\"publisher\":{\"@id\":\"https:\\\/\\\/redenoticiaz.com.br\\\/litoralsp\\\/#organization\"},\"potentialAction\":[{\"@type\":\"SearchAction\",\"target\":{\"@type\":\"EntryPoint\",\"urlTemplate\":\"https:\\\/\\\/redenoticiaz.com.br\\\/litoralsp\\\/?s={search_term_string}\"},\"query-input\":{\"@type\":\"PropertyValueSpecification\",\"valueRequired\":true,\"valueName\":\"search_term_string\"}}],\"inLanguage\":\"pt-BR\"},{\"@type\":\"Organization\",\"@id\":\"https:\\\/\\\/redenoticiaz.com.br\\\/litoralsp\\\/#organization\",\"name\":\"Litoral SP\",\"url\":\"https:\\\/\\\/redenoticiaz.com.br\\\/litoralsp\\\/\",\"logo\":{\"@type\":\"ImageObject\",\"inLanguage\":\"pt-BR\",\"@id\":\"https:\\\/\\\/redenoticiaz.com.br\\\/litoralsp\\\/#\\\/schema\\\/logo\\\/image\\\/\",\"url\":\"https:\\\/\\\/redenoticiaz.com.br\\\/litoralsp\\\/wp-content\\\/uploads\\\/sites\\\/3\\\/2020\\\/11\\\/logo.jpg\",\"contentUrl\":\"https:\\\/\\\/redenoticiaz.com.br\\\/litoralsp\\\/wp-content\\\/uploads\\\/sites\\\/3\\\/2020\\\/11\\\/logo.jpg\",\"width\":400,\"height\":250,\"caption\":\"Litoral SP\"},\"image\":{\"@id\":\"https:\\\/\\\/redenoticiaz.com.br\\\/litoralsp\\\/#\\\/schema\\\/logo\\\/image\\\/\"}},{\"@type\":\"Person\",\"@id\":\"https:\\\/\\\/redenoticiaz.com.br\\\/litoralsp\\\/#\\\/schema\\\/person\\\/1f84d6e94e6a62d2d81199d7503e9e90\",\"name\":\"Carina Reifonas\",\"image\":{\"@type\":\"ImageObject\",\"inLanguage\":\"pt-BR\",\"@id\":\"https:\\\/\\\/secure.gravatar.com\\\/avatar\\\/04c59859b23696cf867715880f81d5c037e60109730bdb4e6670ec2a2245bc97?s=96&d=mm&r=g\",\"url\":\"https:\\\/\\\/secure.gravatar.com\\\/avatar\\\/04c59859b23696cf867715880f81d5c037e60109730bdb4e6670ec2a2245bc97?s=96&d=mm&r=g\",\"contentUrl\":\"https:\\\/\\\/secure.gravatar.com\\\/avatar\\\/04c59859b23696cf867715880f81d5c037e60109730bdb4e6670ec2a2245bc97?s=96&d=mm&r=g\",\"caption\":\"Carina Reifonas\"},\"url\":\"https:\\\/\\\/redenoticiaz.com.br\\\/litoralsp\\\/author\\\/carinareifonas\"}]}<\/script>\n<!-- \/ Yoast SEO plugin. -->","yoast_head_json":{"title":"Caso 'Tio Paulo' deixou d\u00favidas sobre direitos e deveres de cuidadores de idosos? Especialista explica - Litoral SP","description":"O caso em que Erika de Souza vieira Nunes, levou o tio a uma ag\u00eancia banc\u00e1ria para sacar um empr\u00e9stimo tem pautado diferentes discuss\u00f5es.","robots":{"index":"index","follow":"follow","max-snippet":"max-snippet:-1","max-image-preview":"max-image-preview:large","max-video-preview":"max-video-preview:-1"},"canonical":"https:\/\/redenoticiaz.com.br\/litoralsp\/2024\/04\/27\/caso-tio-paulo-deixou-duvidas-sobre-direitos-e-deveres-de-cuidadores-de-idosos-especialista-explica","og_locale":"pt_BR","og_type":"article","og_title":"Caso 'Tio Paulo' deixou d\u00favidas sobre direitos e deveres de cuidadores de idosos? Especialista explica - Litoral SP","og_description":"O caso em que Erika de Souza vieira Nunes, levou o tio a uma ag\u00eancia banc\u00e1ria para sacar um empr\u00e9stimo tem pautado diferentes discuss\u00f5es.","og_url":"https:\/\/redenoticiaz.com.br\/litoralsp\/2024\/04\/27\/caso-tio-paulo-deixou-duvidas-sobre-direitos-e-deveres-de-cuidadores-de-idosos-especialista-explica","og_site_name":"Litoral SP","article_published_time":"2024-04-27T13:00:29+00:00","og_image":[{"width":1000,"height":667,"url":"https:\/\/redenoticiaz.com.br\/litoralsp\/wp-content\/uploads\/sites\/3\/2023\/08\/design-sem-nome-84-.jpg","type":"image\/jpeg"}],"author":"Carina Reifonas","twitter_card":"summary_large_image","twitter_misc":{"Escrito por":"Carina Reifonas","Est. tempo de leitura":"3 minutos"},"schema":{"@context":"https:\/\/schema.org","@graph":[{"@type":"Article","@id":"https:\/\/redenoticiaz.com.br\/litoralsp\/2024\/04\/27\/caso-tio-paulo-deixou-duvidas-sobre-direitos-e-deveres-de-cuidadores-de-idosos-especialista-explica#article","isPartOf":{"@id":"https:\/\/redenoticiaz.com.br\/litoralsp\/2024\/04\/27\/caso-tio-paulo-deixou-duvidas-sobre-direitos-e-deveres-de-cuidadores-de-idosos-especialista-explica"},"author":{"name":"Carina Reifonas","@id":"https:\/\/redenoticiaz.com.br\/litoralsp\/#\/schema\/person\/1f84d6e94e6a62d2d81199d7503e9e90"},"headline":"Caso &#8216;Tio Paulo&#8217; deixou d\u00favidas sobre direitos e deveres de cuidadores de idosos? Especialista explica","datePublished":"2024-04-27T13:00:29+00:00","mainEntityOfPage":{"@id":"https:\/\/redenoticiaz.com.br\/litoralsp\/2024\/04\/27\/caso-tio-paulo-deixou-duvidas-sobre-direitos-e-deveres-de-cuidadores-de-idosos-especialista-explica"},"wordCount":397,"commentCount":0,"publisher":{"@id":"https:\/\/redenoticiaz.com.br\/litoralsp\/#organization"},"image":{"@id":"https:\/\/redenoticiaz.com.br\/litoralsp\/2024\/04\/27\/caso-tio-paulo-deixou-duvidas-sobre-direitos-e-deveres-de-cuidadores-de-idosos-especialista-explica#primaryimage"},"thumbnailUrl":"https:\/\/redenoticiaz.com.br\/litoralsp\/wp-content\/uploads\/sites\/3\/2023\/08\/design-sem-nome-84-.jpg","keywords":["cuidadores","IDOSOS","Tio Paulo"],"articleSection":["Direitos Humanos"],"inLanguage":"pt-BR","potentialAction":[{"@type":"CommentAction","name":"Comment","target":["https:\/\/redenoticiaz.com.br\/litoralsp\/2024\/04\/27\/caso-tio-paulo-deixou-duvidas-sobre-direitos-e-deveres-de-cuidadores-de-idosos-especialista-explica#respond"]}]},{"@type":"WebPage","@id":"https:\/\/redenoticiaz.com.br\/litoralsp\/2024\/04\/27\/caso-tio-paulo-deixou-duvidas-sobre-direitos-e-deveres-de-cuidadores-de-idosos-especialista-explica","url":"https:\/\/redenoticiaz.com.br\/litoralsp\/2024\/04\/27\/caso-tio-paulo-deixou-duvidas-sobre-direitos-e-deveres-de-cuidadores-de-idosos-especialista-explica","name":"Caso 'Tio Paulo' deixou d\u00favidas sobre direitos e deveres de cuidadores de idosos? Especialista explica - Litoral SP","isPartOf":{"@id":"https:\/\/redenoticiaz.com.br\/litoralsp\/#website"},"primaryImageOfPage":{"@id":"https:\/\/redenoticiaz.com.br\/litoralsp\/2024\/04\/27\/caso-tio-paulo-deixou-duvidas-sobre-direitos-e-deveres-de-cuidadores-de-idosos-especialista-explica#primaryimage"},"image":{"@id":"https:\/\/redenoticiaz.com.br\/litoralsp\/2024\/04\/27\/caso-tio-paulo-deixou-duvidas-sobre-direitos-e-deveres-de-cuidadores-de-idosos-especialista-explica#primaryimage"},"thumbnailUrl":"https:\/\/redenoticiaz.com.br\/litoralsp\/wp-content\/uploads\/sites\/3\/2023\/08\/design-sem-nome-84-.jpg","datePublished":"2024-04-27T13:00:29+00:00","description":"O caso em que Erika de Souza vieira Nunes, levou o tio a uma ag\u00eancia banc\u00e1ria para sacar um empr\u00e9stimo tem pautado diferentes discuss\u00f5es.","inLanguage":"pt-BR","potentialAction":[{"@type":"ReadAction","target":["https:\/\/redenoticiaz.com.br\/litoralsp\/2024\/04\/27\/caso-tio-paulo-deixou-duvidas-sobre-direitos-e-deveres-de-cuidadores-de-idosos-especialista-explica"]}]},{"@type":"ImageObject","inLanguage":"pt-BR","@id":"https:\/\/redenoticiaz.com.br\/litoralsp\/2024\/04\/27\/caso-tio-paulo-deixou-duvidas-sobre-direitos-e-deveres-de-cuidadores-de-idosos-especialista-explica#primaryimage","url":"https:\/\/redenoticiaz.com.br\/litoralsp\/wp-content\/uploads\/sites\/3\/2023\/08\/design-sem-nome-84-.jpg","contentUrl":"https:\/\/redenoticiaz.com.br\/litoralsp\/wp-content\/uploads\/sites\/3\/2023\/08\/design-sem-nome-84-.jpg","width":1000,"height":667,"caption":"Prefeitura de S\u00e3o Vicente declara emerg\u00eancia financeira"},{"@type":"WebSite","@id":"https:\/\/redenoticiaz.com.br\/litoralsp\/#website","url":"https:\/\/redenoticiaz.com.br\/litoralsp\/","name":"Litoral SP","description":"Rede NoticiaZ","publisher":{"@id":"https:\/\/redenoticiaz.com.br\/litoralsp\/#organization"},"potentialAction":[{"@type":"SearchAction","target":{"@type":"EntryPoint","urlTemplate":"https:\/\/redenoticiaz.com.br\/litoralsp\/?s={search_term_string}"},"query-input":{"@type":"PropertyValueSpecification","valueRequired":true,"valueName":"search_term_string"}}],"inLanguage":"pt-BR"},{"@type":"Organization","@id":"https:\/\/redenoticiaz.com.br\/litoralsp\/#organization","name":"Litoral SP","url":"https:\/\/redenoticiaz.com.br\/litoralsp\/","logo":{"@type":"ImageObject","inLanguage":"pt-BR","@id":"https:\/\/redenoticiaz.com.br\/litoralsp\/#\/schema\/logo\/image\/","url":"https:\/\/redenoticiaz.com.br\/litoralsp\/wp-content\/uploads\/sites\/3\/2020\/11\/logo.jpg","contentUrl":"https:\/\/redenoticiaz.com.br\/litoralsp\/wp-content\/uploads\/sites\/3\/2020\/11\/logo.jpg","width":400,"height":250,"caption":"Litoral SP"},"image":{"@id":"https:\/\/redenoticiaz.com.br\/litoralsp\/#\/schema\/logo\/image\/"}},{"@type":"Person","@id":"https:\/\/redenoticiaz.com.br\/litoralsp\/#\/schema\/person\/1f84d6e94e6a62d2d81199d7503e9e90","name":"Carina Reifonas","image":{"@type":"ImageObject","inLanguage":"pt-BR","@id":"https:\/\/secure.gravatar.com\/avatar\/04c59859b23696cf867715880f81d5c037e60109730bdb4e6670ec2a2245bc97?s=96&d=mm&r=g","url":"https:\/\/secure.gravatar.com\/avatar\/04c59859b23696cf867715880f81d5c037e60109730bdb4e6670ec2a2245bc97?s=96&d=mm&r=g","contentUrl":"https:\/\/secure.gravatar.com\/avatar\/04c59859b23696cf867715880f81d5c037e60109730bdb4e6670ec2a2245bc97?s=96&d=mm&r=g","caption":"Carina Reifonas"},"url":"https:\/\/redenoticiaz.com.br\/litoralsp\/author\/carinareifonas"}]}},"_links":{"self":[{"href":"https:\/\/redenoticiaz.com.br\/litoralsp\/wp-json\/wp\/v2\/posts\/115875","targetHints":{"allow":["GET"]}}],"collection":[{"href":"https:\/\/redenoticiaz.com.br\/litoralsp\/wp-json\/wp\/v2\/posts"}],"about":[{"href":"https:\/\/redenoticiaz.com.br\/litoralsp\/wp-json\/wp\/v2\/types\/post"}],"author":[{"embeddable":true,"href":"https:\/\/redenoticiaz.com.br\/litoralsp\/wp-json\/wp\/v2\/users\/30"}],"replies":[{"embeddable":true,"href":"https:\/\/redenoticiaz.com.br\/litoralsp\/wp-json\/wp\/v2\/comments?post=115875"}],"version-history":[{"count":1,"href":"https:\/\/redenoticiaz.com.br\/litoralsp\/wp-json\/wp\/v2\/posts\/115875\/revisions"}],"predecessor-version":[{"id":115924,"href":"https:\/\/redenoticiaz.com.br\/litoralsp\/wp-json\/wp\/v2\/posts\/115875\/revisions\/115924"}],"wp:featuredmedia":[{"embeddable":true,"href":"https:\/\/redenoticiaz.com.br\/litoralsp\/wp-json\/wp\/v2\/media\/109334"}],"wp:attachment":[{"href":"https:\/\/redenoticiaz.com.br\/litoralsp\/wp-json\/wp\/v2\/media?parent=115875"}],"wp:term":[{"taxonomy":"category","embeddable":true,"href":"https:\/\/redenoticiaz.com.br\/litoralsp\/wp-json\/wp\/v2\/categories?post=115875"},{"taxonomy":"post_tag","embeddable":true,"href":"https:\/\/redenoticiaz.com.br\/litoralsp\/wp-json\/wp\/v2\/tags?post=115875"}],"curies":[{"name":"wp","href":"https:\/\/api.w.org\/{rel}","templated":true}]}}