{"id":115876,"date":"2024-04-24T12:49:39","date_gmt":"2024-04-24T15:49:39","guid":{"rendered":"https:\/\/redenoticiaz.com.br\/litoralsp\/2024\/04\/24\/agu-abre-vagas-de-estagio-em-todo-o-brasil"},"modified":"2024-04-24T12:49:39","modified_gmt":"2024-04-24T15:49:39","slug":"agu-abre-vagas-de-estagio-em-todo-o-brasil","status":"publish","type":"post","link":"https:\/\/redenoticiaz.com.br\/litoralsp\/2024\/04\/24\/agu-abre-vagas-de-estagio-em-todo-o-brasil","title":{"rendered":"AGU abre vagas de est\u00e1gio em todo o Brasil"},"content":{"rendered":"<p>O Centro de Integra\u00e7\u00e3o Empresa-Escola- CIEE e a Advocacia Geral da Uni\u00e3o &#8211; AGU abriram processo seletivo de est\u00e1gio para estudantes do n\u00edvel m\u00e9dio e superior com vagas para os cursos de Design Gr\u00e1fico, Direito, Economia, Engenharia Civil, Administra\u00e7\u00e3o, Arquitetura e Urbanismo, Ci\u00eancias Cont\u00e1beis, dentre muitos outros. As oportunidades oferecem bolsa aux\u00edlio nos valores de R$ 787,98 por m\u00eas (20h semanais) e R$ 1.125,69 por m\u00eas (30h semanais) para o ensino superior e R$ 486,05 por m\u00eas (20h semanais) e R$ 694,36 por m\u00eas (30h semanais) para ensino m\u00e9dio.<\/p>\n<p>As inscri\u00e7\u00f5es s\u00e3o gratuitas e podem ser realizadas pelo Portal CIEE do dia 25\/04\/2024 at\u00e9 o dia 10\/05\/2024 exclusivamente no link: <a href=\"https:\/\/pp.ciee.org.br\/vitrine\/12151\/detalhe\">https:\/\/pp.ciee.org.br\/vitrine\/12151\/detalhe<\/a>. O processo possui tr\u00eas fases, sendo elas: inscri\u00e7\u00e3o online, prova online e entrevista na Advocacia Geral da Uni\u00e3o &#8211; AGU. Os estagi\u00e1rios aprovados e contratados para as vagas ter\u00e3o tamb\u00e9m aux\u00edlio transporte de R$ 10,00 por dia estagiado.<\/p>\n<p>LEIA MAIS<\/p>\n<p><a href=\"https:\/\/redenoticiaz.com.br\/blog\/2024\/04\/24\/jundiai-confirma-caso-importado-de-chikungunya\">Jundia\u00ed confirma caso importado de Chikungunya<\/a><\/p>\n<p><a href=\"https:\/\/redenoticiaz.com.br\/blog\/2024\/04\/23\/cachorro-morre-durante-transporte-aereo\">Cachorro morre durante transporte a\u00e9reo<\/a><\/p>\n","protected":false},"excerpt":{"rendered":"<p>O Centro de Integra\u00e7\u00e3o Empresa-Escola- CIEE e a Advocacia Geral da Uni\u00e3o &#8211; AGU abriram processo seletivo de est\u00e1gio para estudantes do n\u00edvel m\u00e9dio e superior com vagas para os cursos de Design Gr\u00e1fico, Direito, Economia, Engenharia Civil, Administra\u00e7\u00e3o, Arquitetura e Urbanismo, Ci\u00eancias Cont\u00e1beis, dentre muitos outros. As oportunidades oferecem bolsa aux\u00edlio nos valores de &hellip;<\/p>\n","protected":false},"author":30,"featured_media":115877,"comment_status":"open","ping_status":"closed","sticky":false,"template":"","format":"standard","meta":{"footnotes":""},"categories":[67963],"tags":[52032,22019],"class_list":["post-115876","post","type-post","status-publish","format-standard","has-post-thumbnail","hentry","category-emprego","tag-estagio","tag-vagas"],"yoast_head":"<!-- This site is optimized with the Yoast SEO plugin v27.4 - https:\/\/yoast.com\/product\/yoast-seo-wordpress\/ -->\n<title>AGU abre vagas de est\u00e1gio em todo o Brasil - Litoral SP<\/title>\n<meta name=\"description\" content=\"O Centro de Integra\u00e7\u00e3o Empresa-Escola- CIEE e a Advocacia Geral da Uni\u00e3o - AGU abriram processo seletivo de est\u00e1gio para estudantes do n\u00edvel m\u00e9dio e superior\" \/>\n<meta name=\"robots\" content=\"index, follow, max-snippet:-1, max-image-preview:large, max-video-preview:-1\" \/>\n<link rel=\"canonical\" href=\"https:\/\/redenoticiaz.com.br\/litoralsp\/2024\/04\/24\/agu-abre-vagas-de-estagio-em-todo-o-brasil\" \/>\n<meta property=\"og:locale\" content=\"pt_BR\" \/>\n<meta property=\"og:type\" content=\"article\" \/>\n<meta property=\"og:title\" content=\"AGU abre vagas de est\u00e1gio em todo o Brasil - Litoral SP\" \/>\n<meta property=\"og:description\" content=\"O Centro de Integra\u00e7\u00e3o Empresa-Escola- CIEE e a Advocacia Geral da Uni\u00e3o - AGU abriram processo seletivo de est\u00e1gio para estudantes do n\u00edvel m\u00e9dio e superior\" \/>\n<meta property=\"og:url\" content=\"https:\/\/redenoticiaz.com.br\/litoralsp\/2024\/04\/24\/agu-abre-vagas-de-estagio-em-todo-o-brasil\" \/>\n<meta property=\"og:site_name\" content=\"Litoral SP\" \/>\n<meta property=\"article:published_time\" content=\"2024-04-24T15:49:39+00:00\" \/>\n<meta property=\"og:image\" content=\"https:\/\/redenoticiaz.com.br\/litoralsp\/wp-content\/uploads\/sites\/3\/2024\/04\/Captura-de-tela-2024-04-24-124839.png?v=1713973757\" \/>\n\t<meta property=\"og:image:width\" content=\"494\" \/>\n\t<meta property=\"og:image:height\" content=\"245\" \/>\n\t<meta property=\"og:image:type\" content=\"image\/png\" \/>\n<meta name=\"author\" content=\"Carina Reifonas\" \/>\n<meta name=\"twitter:card\" content=\"summary_large_image\" \/>\n<meta name=\"twitter:label1\" content=\"Escrito por\" \/>\n\t<meta name=\"twitter:data1\" content=\"Carina Reifonas\" \/>\n\t<meta name=\"twitter:label2\" content=\"Est. tempo de leitura\" \/>\n\t<meta name=\"twitter:data2\" content=\"2 minutos\" \/>\n<script type=\"application\/ld+json\" class=\"yoast-schema-graph\">{\"@context\":\"https:\\\/\\\/schema.org\",\"@graph\":[{\"@type\":\"Article\",\"@id\":\"https:\\\/\\\/redenoticiaz.com.br\\\/litoralsp\\\/2024\\\/04\\\/24\\\/agu-abre-vagas-de-estagio-em-todo-o-brasil#article\",\"isPartOf\":{\"@id\":\"https:\\\/\\\/redenoticiaz.com.br\\\/litoralsp\\\/2024\\\/04\\\/24\\\/agu-abre-vagas-de-estagio-em-todo-o-brasil\"},\"author\":{\"name\":\"Carina Reifonas\",\"@id\":\"https:\\\/\\\/redenoticiaz.com.br\\\/litoralsp\\\/#\\\/schema\\\/person\\\/1f84d6e94e6a62d2d81199d7503e9e90\"},\"headline\":\"AGU abre vagas de est\u00e1gio em todo o Brasil\",\"datePublished\":\"2024-04-24T15:49:39+00:00\",\"mainEntityOfPage\":{\"@id\":\"https:\\\/\\\/redenoticiaz.com.br\\\/litoralsp\\\/2024\\\/04\\\/24\\\/agu-abre-vagas-de-estagio-em-todo-o-brasil\"},\"wordCount\":196,\"commentCount\":0,\"publisher\":{\"@id\":\"https:\\\/\\\/redenoticiaz.com.br\\\/litoralsp\\\/#organization\"},\"image\":{\"@id\":\"https:\\\/\\\/redenoticiaz.com.br\\\/litoralsp\\\/2024\\\/04\\\/24\\\/agu-abre-vagas-de-estagio-em-todo-o-brasil#primaryimage\"},\"thumbnailUrl\":\"https:\\\/\\\/redenoticiaz.com.br\\\/litoralsp\\\/wp-content\\\/uploads\\\/sites\\\/3\\\/2024\\\/04\\\/Captura-de-tela-2024-04-24-124839.png?v=1713973757\",\"keywords\":[\"EST\u00c1GIO\",\"VAGAS\"],\"articleSection\":[\"Emprego\"],\"inLanguage\":\"pt-BR\",\"potentialAction\":[{\"@type\":\"CommentAction\",\"name\":\"Comment\",\"target\":[\"https:\\\/\\\/redenoticiaz.com.br\\\/litoralsp\\\/2024\\\/04\\\/24\\\/agu-abre-vagas-de-estagio-em-todo-o-brasil#respond\"]}]},{\"@type\":\"WebPage\",\"@id\":\"https:\\\/\\\/redenoticiaz.com.br\\\/litoralsp\\\/2024\\\/04\\\/24\\\/agu-abre-vagas-de-estagio-em-todo-o-brasil\",\"url\":\"https:\\\/\\\/redenoticiaz.com.br\\\/litoralsp\\\/2024\\\/04\\\/24\\\/agu-abre-vagas-de-estagio-em-todo-o-brasil\",\"name\":\"AGU abre vagas de est\u00e1gio em todo o Brasil - Litoral SP\",\"isPartOf\":{\"@id\":\"https:\\\/\\\/redenoticiaz.com.br\\\/litoralsp\\\/#website\"},\"primaryImageOfPage\":{\"@id\":\"https:\\\/\\\/redenoticiaz.com.br\\\/litoralsp\\\/2024\\\/04\\\/24\\\/agu-abre-vagas-de-estagio-em-todo-o-brasil#primaryimage\"},\"image\":{\"@id\":\"https:\\\/\\\/redenoticiaz.com.br\\\/litoralsp\\\/2024\\\/04\\\/24\\\/agu-abre-vagas-de-estagio-em-todo-o-brasil#primaryimage\"},\"thumbnailUrl\":\"https:\\\/\\\/redenoticiaz.com.br\\\/litoralsp\\\/wp-content\\\/uploads\\\/sites\\\/3\\\/2024\\\/04\\\/Captura-de-tela-2024-04-24-124839.png?v=1713973757\",\"datePublished\":\"2024-04-24T15:49:39+00:00\",\"description\":\"O Centro de Integra\u00e7\u00e3o Empresa-Escola- CIEE e a Advocacia Geral da Uni\u00e3o - AGU abriram processo seletivo de est\u00e1gio para estudantes do n\u00edvel m\u00e9dio e superior\",\"inLanguage\":\"pt-BR\",\"potentialAction\":[{\"@type\":\"ReadAction\",\"target\":[\"https:\\\/\\\/redenoticiaz.com.br\\\/litoralsp\\\/2024\\\/04\\\/24\\\/agu-abre-vagas-de-estagio-em-todo-o-brasil\"]}]},{\"@type\":\"ImageObject\",\"inLanguage\":\"pt-BR\",\"@id\":\"https:\\\/\\\/redenoticiaz.com.br\\\/litoralsp\\\/2024\\\/04\\\/24\\\/agu-abre-vagas-de-estagio-em-todo-o-brasil#primaryimage\",\"url\":\"https:\\\/\\\/redenoticiaz.com.br\\\/litoralsp\\\/wp-content\\\/uploads\\\/sites\\\/3\\\/2024\\\/04\\\/Captura-de-tela-2024-04-24-124839.png?v=1713973757\",\"contentUrl\":\"https:\\\/\\\/redenoticiaz.com.br\\\/litoralsp\\\/wp-content\\\/uploads\\\/sites\\\/3\\\/2024\\\/04\\\/Captura-de-tela-2024-04-24-124839.png?v=1713973757\",\"width\":494,\"height\":245},{\"@type\":\"WebSite\",\"@id\":\"https:\\\/\\\/redenoticiaz.com.br\\\/litoralsp\\\/#website\",\"url\":\"https:\\\/\\\/redenoticiaz.com.br\\\/litoralsp\\\/\",\"name\":\"Litoral SP\",\"description\":\"Rede NoticiaZ\",\"publisher\":{\"@id\":\"https:\\\/\\\/redenoticiaz.com.br\\\/litoralsp\\\/#organization\"},\"potentialAction\":[{\"@type\":\"SearchAction\",\"target\":{\"@type\":\"EntryPoint\",\"urlTemplate\":\"https:\\\/\\\/redenoticiaz.com.br\\\/litoralsp\\\/?s={search_term_string}\"},\"query-input\":{\"@type\":\"PropertyValueSpecification\",\"valueRequired\":true,\"valueName\":\"search_term_string\"}}],\"inLanguage\":\"pt-BR\"},{\"@type\":\"Organization\",\"@id\":\"https:\\\/\\\/redenoticiaz.com.br\\\/litoralsp\\\/#organization\",\"name\":\"Litoral SP\",\"url\":\"https:\\\/\\\/redenoticiaz.com.br\\\/litoralsp\\\/\",\"logo\":{\"@type\":\"ImageObject\",\"inLanguage\":\"pt-BR\",\"@id\":\"https:\\\/\\\/redenoticiaz.com.br\\\/litoralsp\\\/#\\\/schema\\\/logo\\\/image\\\/\",\"url\":\"https:\\\/\\\/redenoticiaz.com.br\\\/litoralsp\\\/wp-content\\\/uploads\\\/sites\\\/3\\\/2020\\\/11\\\/logo.jpg\",\"contentUrl\":\"https:\\\/\\\/redenoticiaz.com.br\\\/litoralsp\\\/wp-content\\\/uploads\\\/sites\\\/3\\\/2020\\\/11\\\/logo.jpg\",\"width\":400,\"height\":250,\"caption\":\"Litoral SP\"},\"image\":{\"@id\":\"https:\\\/\\\/redenoticiaz.com.br\\\/litoralsp\\\/#\\\/schema\\\/logo\\\/image\\\/\"}},{\"@type\":\"Person\",\"@id\":\"https:\\\/\\\/redenoticiaz.com.br\\\/litoralsp\\\/#\\\/schema\\\/person\\\/1f84d6e94e6a62d2d81199d7503e9e90\",\"name\":\"Carina Reifonas\",\"image\":{\"@type\":\"ImageObject\",\"inLanguage\":\"pt-BR\",\"@id\":\"https:\\\/\\\/secure.gravatar.com\\\/avatar\\\/04c59859b23696cf867715880f81d5c037e60109730bdb4e6670ec2a2245bc97?s=96&d=mm&r=g\",\"url\":\"https:\\\/\\\/secure.gravatar.com\\\/avatar\\\/04c59859b23696cf867715880f81d5c037e60109730bdb4e6670ec2a2245bc97?s=96&d=mm&r=g\",\"contentUrl\":\"https:\\\/\\\/secure.gravatar.com\\\/avatar\\\/04c59859b23696cf867715880f81d5c037e60109730bdb4e6670ec2a2245bc97?s=96&d=mm&r=g\",\"caption\":\"Carina Reifonas\"},\"url\":\"https:\\\/\\\/redenoticiaz.com.br\\\/litoralsp\\\/author\\\/carinareifonas\"}]}<\/script>\n<!-- \/ Yoast SEO plugin. -->","yoast_head_json":{"title":"AGU abre vagas de est\u00e1gio em todo o Brasil - Litoral SP","description":"O Centro de Integra\u00e7\u00e3o Empresa-Escola- CIEE e a Advocacia Geral da Uni\u00e3o - AGU abriram processo seletivo de est\u00e1gio para estudantes do n\u00edvel m\u00e9dio e superior","robots":{"index":"index","follow":"follow","max-snippet":"max-snippet:-1","max-image-preview":"max-image-preview:large","max-video-preview":"max-video-preview:-1"},"canonical":"https:\/\/redenoticiaz.com.br\/litoralsp\/2024\/04\/24\/agu-abre-vagas-de-estagio-em-todo-o-brasil","og_locale":"pt_BR","og_type":"article","og_title":"AGU abre vagas de est\u00e1gio em todo o Brasil - Litoral SP","og_description":"O Centro de Integra\u00e7\u00e3o Empresa-Escola- CIEE e a Advocacia Geral da Uni\u00e3o - AGU abriram processo seletivo de est\u00e1gio para estudantes do n\u00edvel m\u00e9dio e superior","og_url":"https:\/\/redenoticiaz.com.br\/litoralsp\/2024\/04\/24\/agu-abre-vagas-de-estagio-em-todo-o-brasil","og_site_name":"Litoral SP","article_published_time":"2024-04-24T15:49:39+00:00","og_image":[{"width":494,"height":245,"url":"https:\/\/redenoticiaz.com.br\/litoralsp\/wp-content\/uploads\/sites\/3\/2024\/04\/Captura-de-tela-2024-04-24-124839.png?v=1713973757","type":"image\/png"}],"author":"Carina Reifonas","twitter_card":"summary_large_image","twitter_misc":{"Escrito por":"Carina Reifonas","Est. tempo de leitura":"2 minutos"},"schema":{"@context":"https:\/\/schema.org","@graph":[{"@type":"Article","@id":"https:\/\/redenoticiaz.com.br\/litoralsp\/2024\/04\/24\/agu-abre-vagas-de-estagio-em-todo-o-brasil#article","isPartOf":{"@id":"https:\/\/redenoticiaz.com.br\/litoralsp\/2024\/04\/24\/agu-abre-vagas-de-estagio-em-todo-o-brasil"},"author":{"name":"Carina Reifonas","@id":"https:\/\/redenoticiaz.com.br\/litoralsp\/#\/schema\/person\/1f84d6e94e6a62d2d81199d7503e9e90"},"headline":"AGU abre vagas de est\u00e1gio em todo o Brasil","datePublished":"2024-04-24T15:49:39+00:00","mainEntityOfPage":{"@id":"https:\/\/redenoticiaz.com.br\/litoralsp\/2024\/04\/24\/agu-abre-vagas-de-estagio-em-todo-o-brasil"},"wordCount":196,"commentCount":0,"publisher":{"@id":"https:\/\/redenoticiaz.com.br\/litoralsp\/#organization"},"image":{"@id":"https:\/\/redenoticiaz.com.br\/litoralsp\/2024\/04\/24\/agu-abre-vagas-de-estagio-em-todo-o-brasil#primaryimage"},"thumbnailUrl":"https:\/\/redenoticiaz.com.br\/litoralsp\/wp-content\/uploads\/sites\/3\/2024\/04\/Captura-de-tela-2024-04-24-124839.png?v=1713973757","keywords":["EST\u00c1GIO","VAGAS"],"articleSection":["Emprego"],"inLanguage":"pt-BR","potentialAction":[{"@type":"CommentAction","name":"Comment","target":["https:\/\/redenoticiaz.com.br\/litoralsp\/2024\/04\/24\/agu-abre-vagas-de-estagio-em-todo-o-brasil#respond"]}]},{"@type":"WebPage","@id":"https:\/\/redenoticiaz.com.br\/litoralsp\/2024\/04\/24\/agu-abre-vagas-de-estagio-em-todo-o-brasil","url":"https:\/\/redenoticiaz.com.br\/litoralsp\/2024\/04\/24\/agu-abre-vagas-de-estagio-em-todo-o-brasil","name":"AGU abre vagas de est\u00e1gio em todo o Brasil - Litoral SP","isPartOf":{"@id":"https:\/\/redenoticiaz.com.br\/litoralsp\/#website"},"primaryImageOfPage":{"@id":"https:\/\/redenoticiaz.com.br\/litoralsp\/2024\/04\/24\/agu-abre-vagas-de-estagio-em-todo-o-brasil#primaryimage"},"image":{"@id":"https:\/\/redenoticiaz.com.br\/litoralsp\/2024\/04\/24\/agu-abre-vagas-de-estagio-em-todo-o-brasil#primaryimage"},"thumbnailUrl":"https:\/\/redenoticiaz.com.br\/litoralsp\/wp-content\/uploads\/sites\/3\/2024\/04\/Captura-de-tela-2024-04-24-124839.png?v=1713973757","datePublished":"2024-04-24T15:49:39+00:00","description":"O Centro de Integra\u00e7\u00e3o Empresa-Escola- CIEE e a Advocacia Geral da Uni\u00e3o - AGU abriram processo seletivo de est\u00e1gio para estudantes do n\u00edvel m\u00e9dio e superior","inLanguage":"pt-BR","potentialAction":[{"@type":"ReadAction","target":["https:\/\/redenoticiaz.com.br\/litoralsp\/2024\/04\/24\/agu-abre-vagas-de-estagio-em-todo-o-brasil"]}]},{"@type":"ImageObject","inLanguage":"pt-BR","@id":"https:\/\/redenoticiaz.com.br\/litoralsp\/2024\/04\/24\/agu-abre-vagas-de-estagio-em-todo-o-brasil#primaryimage","url":"https:\/\/redenoticiaz.com.br\/litoralsp\/wp-content\/uploads\/sites\/3\/2024\/04\/Captura-de-tela-2024-04-24-124839.png?v=1713973757","contentUrl":"https:\/\/redenoticiaz.com.br\/litoralsp\/wp-content\/uploads\/sites\/3\/2024\/04\/Captura-de-tela-2024-04-24-124839.png?v=1713973757","width":494,"height":245},{"@type":"WebSite","@id":"https:\/\/redenoticiaz.com.br\/litoralsp\/#website","url":"https:\/\/redenoticiaz.com.br\/litoralsp\/","name":"Litoral SP","description":"Rede NoticiaZ","publisher":{"@id":"https:\/\/redenoticiaz.com.br\/litoralsp\/#organization"},"potentialAction":[{"@type":"SearchAction","target":{"@type":"EntryPoint","urlTemplate":"https:\/\/redenoticiaz.com.br\/litoralsp\/?s={search_term_string}"},"query-input":{"@type":"PropertyValueSpecification","valueRequired":true,"valueName":"search_term_string"}}],"inLanguage":"pt-BR"},{"@type":"Organization","@id":"https:\/\/redenoticiaz.com.br\/litoralsp\/#organization","name":"Litoral SP","url":"https:\/\/redenoticiaz.com.br\/litoralsp\/","logo":{"@type":"ImageObject","inLanguage":"pt-BR","@id":"https:\/\/redenoticiaz.com.br\/litoralsp\/#\/schema\/logo\/image\/","url":"https:\/\/redenoticiaz.com.br\/litoralsp\/wp-content\/uploads\/sites\/3\/2020\/11\/logo.jpg","contentUrl":"https:\/\/redenoticiaz.com.br\/litoralsp\/wp-content\/uploads\/sites\/3\/2020\/11\/logo.jpg","width":400,"height":250,"caption":"Litoral SP"},"image":{"@id":"https:\/\/redenoticiaz.com.br\/litoralsp\/#\/schema\/logo\/image\/"}},{"@type":"Person","@id":"https:\/\/redenoticiaz.com.br\/litoralsp\/#\/schema\/person\/1f84d6e94e6a62d2d81199d7503e9e90","name":"Carina Reifonas","image":{"@type":"ImageObject","inLanguage":"pt-BR","@id":"https:\/\/secure.gravatar.com\/avatar\/04c59859b23696cf867715880f81d5c037e60109730bdb4e6670ec2a2245bc97?s=96&d=mm&r=g","url":"https:\/\/secure.gravatar.com\/avatar\/04c59859b23696cf867715880f81d5c037e60109730bdb4e6670ec2a2245bc97?s=96&d=mm&r=g","contentUrl":"https:\/\/secure.gravatar.com\/avatar\/04c59859b23696cf867715880f81d5c037e60109730bdb4e6670ec2a2245bc97?s=96&d=mm&r=g","caption":"Carina Reifonas"},"url":"https:\/\/redenoticiaz.com.br\/litoralsp\/author\/carinareifonas"}]}},"_links":{"self":[{"href":"https:\/\/redenoticiaz.com.br\/litoralsp\/wp-json\/wp\/v2\/posts\/115876","targetHints":{"allow":["GET"]}}],"collection":[{"href":"https:\/\/redenoticiaz.com.br\/litoralsp\/wp-json\/wp\/v2\/posts"}],"about":[{"href":"https:\/\/redenoticiaz.com.br\/litoralsp\/wp-json\/wp\/v2\/types\/post"}],"author":[{"embeddable":true,"href":"https:\/\/redenoticiaz.com.br\/litoralsp\/wp-json\/wp\/v2\/users\/30"}],"replies":[{"embeddable":true,"href":"https:\/\/redenoticiaz.com.br\/litoralsp\/wp-json\/wp\/v2\/comments?post=115876"}],"version-history":[{"count":0,"href":"https:\/\/redenoticiaz.com.br\/litoralsp\/wp-json\/wp\/v2\/posts\/115876\/revisions"}],"wp:featuredmedia":[{"embeddable":true,"href":"https:\/\/redenoticiaz.com.br\/litoralsp\/wp-json\/wp\/v2\/media\/115877"}],"wp:attachment":[{"href":"https:\/\/redenoticiaz.com.br\/litoralsp\/wp-json\/wp\/v2\/media?parent=115876"}],"wp:term":[{"taxonomy":"category","embeddable":true,"href":"https:\/\/redenoticiaz.com.br\/litoralsp\/wp-json\/wp\/v2\/categories?post=115876"},{"taxonomy":"post_tag","embeddable":true,"href":"https:\/\/redenoticiaz.com.br\/litoralsp\/wp-json\/wp\/v2\/tags?post=115876"}],"curies":[{"name":"wp","href":"https:\/\/api.w.org\/{rel}","templated":true}]}}