{"id":115898,"date":"2024-04-27T15:00:15","date_gmt":"2024-04-27T18:00:15","guid":{"rendered":"https:\/\/redenoticiaz.com.br\/litoralsp\/?p=115898"},"modified":"2024-04-25T15:55:39","modified_gmt":"2024-04-25T18:55:39","slug":"pets-sao-aceitos-em-mais-de-70-dos-imoveis-anunciados-para-aluguel-em-sao-paulo","status":"publish","type":"post","link":"https:\/\/redenoticiaz.com.br\/litoralsp\/2024\/04\/27\/pets-sao-aceitos-em-mais-de-70-dos-imoveis-anunciados-para-aluguel-em-sao-paulo","title":{"rendered":"Pets s\u00e3o aceitos em mais de 70% dos im\u00f3veis anunciados para aluguel em S\u00e3o Paulo"},"content":{"rendered":"<div>Um levantamento in\u00e9dito realizado pela Lello, um dos maiores grupos imobili\u00e1rios do Brasil, aponta que 71% dos im\u00f3veis residenciais ofertados para loca\u00e7\u00e3o na cidade de S\u00e3o Paulo aceitam pets.<\/div>\n<div><\/div>\n<div>O estudo mapeou 3,7 mil casas e apartamentos disponibilizados para aluguel e com an\u00fancios ativos no site da imobili\u00e1ria (www.lelloimoveis.com.br) em abril deste ano. Desses, 2,6 mil informam que os propriet\u00e1rios aceitam animais de estima\u00e7\u00e3o dos candidatos a inquilinos.<\/div>\n<div><\/div>\n<div>Em rela\u00e7\u00e3o \u00e0s casas o \u00edndice de aceita\u00e7\u00e3o de pets \u00e9 ligeiramente maior (74%), em rela\u00e7\u00e3o aos apartamentos ofertados para loca\u00e7\u00e3o (70,6%). Os apartamentos representam 88% do total de residenciais anunciados.<\/div>\n<div><\/div>\n<div>O levantamento da Lello tamb\u00e9m mapeou a aceita\u00e7\u00e3o de animais de estima\u00e7\u00e3o nos im\u00f3veis disponibilizados para aluguel nas diferentes regi\u00f5es da cidade.<\/div>\n<div><\/div>\n<div>Na regi\u00e3o central da capital paulista, o \u00edndice ficou em 72,6% de unidades com as \u201cportas abertas\u201d para pets. J\u00e1 na zona norte, em 69% dos im\u00f3veis residenciais anunciados para loca\u00e7\u00e3o s\u00e3o \u201cbem-vindos\u201d. J\u00e1 nas zonas sul, leste e oeste os \u00edndices de aceita\u00e7\u00e3o ficaram em 70%, 71% e 71%, respectivamente.<\/div>\n<div>\u201cSe, no passado, quem tinha cachorro, gato ou outro animal de estima\u00e7\u00e3o encontrava restri\u00e7\u00f5es na hora de alugar um im\u00f3vel, essa realidade vem mudando. Cada vez mais pessoas convivem com pets, e observamos que no geral os propriet\u00e1rios de im\u00f3veis est\u00e3o mais flex\u00edveis\u201d, diz Raphael Sylvester, diretor de Estrat\u00e9gia da Lello Im\u00f3veis.<\/div>\n<div><\/div>\n<div>Ele afirma que h\u00e1 casos, inclusive, de propriet\u00e1rios casas ou apartamentos que inicialmente pedem para informar, nos an\u00fancios, que n\u00e3o aceitam pets para alugar, mas acabam cedendo no momento da negocia\u00e7\u00e3o.<\/div>\n<div><\/div>\n<div><strong>Leia mais<\/strong><\/div>\n<div><\/div>\n<div><a href=\"https:\/\/redenoticiaz.com.br\/blog\/2024\/04\/25\/video-funcionario-de-hospital-presta-queixa-contra-presidente-da-camara-de-itatiba\">V\u00cdDEO \u2013 Funcion\u00e1rio de Hospital presta queixa contra Presidente da C\u00e2mara de Itatiba<\/a><\/div>\n<div><\/div>\n<div><a href=\"https:\/\/redenoticiaz.com.br\/blog\/2024\/04\/25\/video-casal-dono-de-plantacao-de-maconha-tem-prisao-preventiva-decretada\">V\u00cdDEO \u2013 Casal dono de planta\u00e7\u00e3o de maconha tem pris\u00e3o preventiva decretada<\/a><\/div>\n","protected":false},"excerpt":{"rendered":"<p>Um levantamento in\u00e9dito realizado pela Lello, um dos maiores grupos imobili\u00e1rios do Brasil, aponta que 71% dos im\u00f3veis residenciais ofertados para loca\u00e7\u00e3o na cidade de S\u00e3o Paulo aceitam pets. O estudo mapeou 3,7 mil casas e apartamentos disponibilizados para aluguel e com an\u00fancios ativos no site da imobili\u00e1ria (www.lelloimoveis.com.br) em abril deste ano. Desses, 2,6 &hellip;<\/p>\n","protected":false},"author":12,"featured_media":85385,"comment_status":"open","ping_status":"closed","sticky":false,"template":"","format":"standard","meta":{"footnotes":""},"categories":[45593],"tags":[42007,65],"class_list":["post-115898","post","type-post","status-publish","format-standard","has-post-thumbnail","hentry","category-variedades","tag-pets","tag-sao-paulo"],"yoast_head":"<!-- This site is optimized with the Yoast SEO plugin v27.4 - https:\/\/yoast.com\/product\/yoast-seo-wordpress\/ -->\n<title>Pets s\u00e3o aceitos em mais de 70% dos im\u00f3veis anunciados para aluguel em S\u00e3o Paulo - Litoral SP<\/title>\n<meta name=\"description\" content=\"Um levantamento in\u00e9dito realizado pela Lello, um dos maiores grupos imobili\u00e1rios do Brasil, aponta que 71% dos im\u00f3veis residenciais ofertados para loca\u00e7\u00e3o na cidade de S\u00e3o Paulo aceitam pets.\u00a0\" \/>\n<meta name=\"robots\" content=\"index, follow, max-snippet:-1, max-image-preview:large, max-video-preview:-1\" \/>\n<link rel=\"canonical\" href=\"https:\/\/redenoticiaz.com.br\/litoralsp\/2024\/04\/27\/pets-sao-aceitos-em-mais-de-70-dos-imoveis-anunciados-para-aluguel-em-sao-paulo\" \/>\n<meta property=\"og:locale\" content=\"pt_BR\" \/>\n<meta property=\"og:type\" content=\"article\" \/>\n<meta property=\"og:title\" content=\"Pets s\u00e3o aceitos em mais de 70% dos im\u00f3veis anunciados para aluguel em S\u00e3o Paulo - Litoral SP\" \/>\n<meta property=\"og:description\" content=\"Um levantamento in\u00e9dito realizado pela Lello, um dos maiores grupos imobili\u00e1rios do Brasil, aponta que 71% dos im\u00f3veis residenciais ofertados para loca\u00e7\u00e3o na cidade de S\u00e3o Paulo aceitam pets.\u00a0\" \/>\n<meta property=\"og:url\" content=\"https:\/\/redenoticiaz.com.br\/litoralsp\/2024\/04\/27\/pets-sao-aceitos-em-mais-de-70-dos-imoveis-anunciados-para-aluguel-em-sao-paulo\" \/>\n<meta property=\"og:site_name\" content=\"Litoral SP\" \/>\n<meta property=\"article:published_time\" content=\"2024-04-27T18:00:15+00:00\" \/>\n<meta property=\"og:image\" content=\"https:\/\/redenoticiaz.com.br\/litoralsp\/wp-content\/uploads\/sites\/3\/2022\/06\/pets-outono.jpg?v=1654100560\" \/>\n\t<meta property=\"og:image:width\" content=\"718\" \/>\n\t<meta property=\"og:image:height\" content=\"446\" \/>\n\t<meta property=\"og:image:type\" content=\"image\/jpeg\" \/>\n<meta name=\"author\" content=\"Gustavo Silva\" \/>\n<meta name=\"twitter:card\" content=\"summary_large_image\" \/>\n<meta name=\"twitter:label1\" content=\"Escrito por\" \/>\n\t<meta name=\"twitter:data1\" content=\"Gustavo Silva\" \/>\n\t<meta name=\"twitter:label2\" content=\"Est. tempo de leitura\" \/>\n\t<meta name=\"twitter:data2\" content=\"2 minutos\" \/>\n<script type=\"application\/ld+json\" class=\"yoast-schema-graph\">{\"@context\":\"https:\\\/\\\/schema.org\",\"@graph\":[{\"@type\":\"Article\",\"@id\":\"https:\\\/\\\/redenoticiaz.com.br\\\/litoralsp\\\/2024\\\/04\\\/27\\\/pets-sao-aceitos-em-mais-de-70-dos-imoveis-anunciados-para-aluguel-em-sao-paulo#article\",\"isPartOf\":{\"@id\":\"https:\\\/\\\/redenoticiaz.com.br\\\/litoralsp\\\/2024\\\/04\\\/27\\\/pets-sao-aceitos-em-mais-de-70-dos-imoveis-anunciados-para-aluguel-em-sao-paulo\"},\"author\":{\"name\":\"Gustavo Silva\",\"@id\":\"https:\\\/\\\/redenoticiaz.com.br\\\/litoralsp\\\/#\\\/schema\\\/person\\\/16057b37a3c0ee6b096d7f887c566e2e\"},\"headline\":\"Pets s\u00e3o aceitos em mais de 70% dos im\u00f3veis anunciados para aluguel em S\u00e3o Paulo\",\"datePublished\":\"2024-04-27T18:00:15+00:00\",\"mainEntityOfPage\":{\"@id\":\"https:\\\/\\\/redenoticiaz.com.br\\\/litoralsp\\\/2024\\\/04\\\/27\\\/pets-sao-aceitos-em-mais-de-70-dos-imoveis-anunciados-para-aluguel-em-sao-paulo\"},\"wordCount\":330,\"commentCount\":0,\"publisher\":{\"@id\":\"https:\\\/\\\/redenoticiaz.com.br\\\/litoralsp\\\/#organization\"},\"image\":{\"@id\":\"https:\\\/\\\/redenoticiaz.com.br\\\/litoralsp\\\/2024\\\/04\\\/27\\\/pets-sao-aceitos-em-mais-de-70-dos-imoveis-anunciados-para-aluguel-em-sao-paulo#primaryimage\"},\"thumbnailUrl\":\"https:\\\/\\\/redenoticiaz.com.br\\\/litoralsp\\\/wp-content\\\/uploads\\\/sites\\\/3\\\/2022\\\/06\\\/pets-outono.jpg?v=1654100560\",\"keywords\":[\"pets\",\"S\u00e3o Paulo\"],\"articleSection\":[\"Variedades\"],\"inLanguage\":\"pt-BR\",\"potentialAction\":[{\"@type\":\"CommentAction\",\"name\":\"Comment\",\"target\":[\"https:\\\/\\\/redenoticiaz.com.br\\\/litoralsp\\\/2024\\\/04\\\/27\\\/pets-sao-aceitos-em-mais-de-70-dos-imoveis-anunciados-para-aluguel-em-sao-paulo#respond\"]}]},{\"@type\":\"WebPage\",\"@id\":\"https:\\\/\\\/redenoticiaz.com.br\\\/litoralsp\\\/2024\\\/04\\\/27\\\/pets-sao-aceitos-em-mais-de-70-dos-imoveis-anunciados-para-aluguel-em-sao-paulo\",\"url\":\"https:\\\/\\\/redenoticiaz.com.br\\\/litoralsp\\\/2024\\\/04\\\/27\\\/pets-sao-aceitos-em-mais-de-70-dos-imoveis-anunciados-para-aluguel-em-sao-paulo\",\"name\":\"Pets s\u00e3o aceitos em mais de 70% dos im\u00f3veis anunciados para aluguel em S\u00e3o Paulo - Litoral SP\",\"isPartOf\":{\"@id\":\"https:\\\/\\\/redenoticiaz.com.br\\\/litoralsp\\\/#website\"},\"primaryImageOfPage\":{\"@id\":\"https:\\\/\\\/redenoticiaz.com.br\\\/litoralsp\\\/2024\\\/04\\\/27\\\/pets-sao-aceitos-em-mais-de-70-dos-imoveis-anunciados-para-aluguel-em-sao-paulo#primaryimage\"},\"image\":{\"@id\":\"https:\\\/\\\/redenoticiaz.com.br\\\/litoralsp\\\/2024\\\/04\\\/27\\\/pets-sao-aceitos-em-mais-de-70-dos-imoveis-anunciados-para-aluguel-em-sao-paulo#primaryimage\"},\"thumbnailUrl\":\"https:\\\/\\\/redenoticiaz.com.br\\\/litoralsp\\\/wp-content\\\/uploads\\\/sites\\\/3\\\/2022\\\/06\\\/pets-outono.jpg?v=1654100560\",\"datePublished\":\"2024-04-27T18:00:15+00:00\",\"description\":\"Um levantamento in\u00e9dito realizado pela Lello, um dos maiores grupos imobili\u00e1rios do Brasil, aponta que 71% dos im\u00f3veis residenciais ofertados para loca\u00e7\u00e3o na cidade de S\u00e3o Paulo aceitam pets.\u00a0\",\"inLanguage\":\"pt-BR\",\"potentialAction\":[{\"@type\":\"ReadAction\",\"target\":[\"https:\\\/\\\/redenoticiaz.com.br\\\/litoralsp\\\/2024\\\/04\\\/27\\\/pets-sao-aceitos-em-mais-de-70-dos-imoveis-anunciados-para-aluguel-em-sao-paulo\"]}]},{\"@type\":\"ImageObject\",\"inLanguage\":\"pt-BR\",\"@id\":\"https:\\\/\\\/redenoticiaz.com.br\\\/litoralsp\\\/2024\\\/04\\\/27\\\/pets-sao-aceitos-em-mais-de-70-dos-imoveis-anunciados-para-aluguel-em-sao-paulo#primaryimage\",\"url\":\"https:\\\/\\\/redenoticiaz.com.br\\\/litoralsp\\\/wp-content\\\/uploads\\\/sites\\\/3\\\/2022\\\/06\\\/pets-outono.jpg?v=1654100560\",\"contentUrl\":\"https:\\\/\\\/redenoticiaz.com.br\\\/litoralsp\\\/wp-content\\\/uploads\\\/sites\\\/3\\\/2022\\\/06\\\/pets-outono.jpg?v=1654100560\",\"width\":718,\"height\":446,\"caption\":\"Cr\u00e9ditos: Reprodu\u00e7\u00e3o\"},{\"@type\":\"WebSite\",\"@id\":\"https:\\\/\\\/redenoticiaz.com.br\\\/litoralsp\\\/#website\",\"url\":\"https:\\\/\\\/redenoticiaz.com.br\\\/litoralsp\\\/\",\"name\":\"Litoral SP\",\"description\":\"Rede NoticiaZ\",\"publisher\":{\"@id\":\"https:\\\/\\\/redenoticiaz.com.br\\\/litoralsp\\\/#organization\"},\"potentialAction\":[{\"@type\":\"SearchAction\",\"target\":{\"@type\":\"EntryPoint\",\"urlTemplate\":\"https:\\\/\\\/redenoticiaz.com.br\\\/litoralsp\\\/?s={search_term_string}\"},\"query-input\":{\"@type\":\"PropertyValueSpecification\",\"valueRequired\":true,\"valueName\":\"search_term_string\"}}],\"inLanguage\":\"pt-BR\"},{\"@type\":\"Organization\",\"@id\":\"https:\\\/\\\/redenoticiaz.com.br\\\/litoralsp\\\/#organization\",\"name\":\"Litoral SP\",\"url\":\"https:\\\/\\\/redenoticiaz.com.br\\\/litoralsp\\\/\",\"logo\":{\"@type\":\"ImageObject\",\"inLanguage\":\"pt-BR\",\"@id\":\"https:\\\/\\\/redenoticiaz.com.br\\\/litoralsp\\\/#\\\/schema\\\/logo\\\/image\\\/\",\"url\":\"https:\\\/\\\/redenoticiaz.com.br\\\/litoralsp\\\/wp-content\\\/uploads\\\/sites\\\/3\\\/2020\\\/11\\\/logo.jpg\",\"contentUrl\":\"https:\\\/\\\/redenoticiaz.com.br\\\/litoralsp\\\/wp-content\\\/uploads\\\/sites\\\/3\\\/2020\\\/11\\\/logo.jpg\",\"width\":400,\"height\":250,\"caption\":\"Litoral SP\"},\"image\":{\"@id\":\"https:\\\/\\\/redenoticiaz.com.br\\\/litoralsp\\\/#\\\/schema\\\/logo\\\/image\\\/\"}},{\"@type\":\"Person\",\"@id\":\"https:\\\/\\\/redenoticiaz.com.br\\\/litoralsp\\\/#\\\/schema\\\/person\\\/16057b37a3c0ee6b096d7f887c566e2e\",\"name\":\"Gustavo Silva\",\"image\":{\"@type\":\"ImageObject\",\"inLanguage\":\"pt-BR\",\"@id\":\"https:\\\/\\\/secure.gravatar.com\\\/avatar\\\/3ee4e82f93b26de0a7cf4ea5eb7893da637ed6bb0c9170c58065944c56e28a33?s=96&d=mm&r=g\",\"url\":\"https:\\\/\\\/secure.gravatar.com\\\/avatar\\\/3ee4e82f93b26de0a7cf4ea5eb7893da637ed6bb0c9170c58065944c56e28a33?s=96&d=mm&r=g\",\"contentUrl\":\"https:\\\/\\\/secure.gravatar.com\\\/avatar\\\/3ee4e82f93b26de0a7cf4ea5eb7893da637ed6bb0c9170c58065944c56e28a33?s=96&d=mm&r=g\",\"caption\":\"Gustavo Silva\"},\"url\":\"https:\\\/\\\/redenoticiaz.com.br\\\/litoralsp\\\/author\\\/gustavosilva\"}]}<\/script>\n<!-- \/ Yoast SEO plugin. -->","yoast_head_json":{"title":"Pets s\u00e3o aceitos em mais de 70% dos im\u00f3veis anunciados para aluguel em S\u00e3o Paulo - Litoral SP","description":"Um levantamento in\u00e9dito realizado pela Lello, um dos maiores grupos imobili\u00e1rios do Brasil, aponta que 71% dos im\u00f3veis residenciais ofertados para loca\u00e7\u00e3o na cidade de S\u00e3o Paulo aceitam pets.\u00a0","robots":{"index":"index","follow":"follow","max-snippet":"max-snippet:-1","max-image-preview":"max-image-preview:large","max-video-preview":"max-video-preview:-1"},"canonical":"https:\/\/redenoticiaz.com.br\/litoralsp\/2024\/04\/27\/pets-sao-aceitos-em-mais-de-70-dos-imoveis-anunciados-para-aluguel-em-sao-paulo","og_locale":"pt_BR","og_type":"article","og_title":"Pets s\u00e3o aceitos em mais de 70% dos im\u00f3veis anunciados para aluguel em S\u00e3o Paulo - Litoral SP","og_description":"Um levantamento in\u00e9dito realizado pela Lello, um dos maiores grupos imobili\u00e1rios do Brasil, aponta que 71% dos im\u00f3veis residenciais ofertados para loca\u00e7\u00e3o na cidade de S\u00e3o Paulo aceitam pets.\u00a0","og_url":"https:\/\/redenoticiaz.com.br\/litoralsp\/2024\/04\/27\/pets-sao-aceitos-em-mais-de-70-dos-imoveis-anunciados-para-aluguel-em-sao-paulo","og_site_name":"Litoral SP","article_published_time":"2024-04-27T18:00:15+00:00","og_image":[{"width":718,"height":446,"url":"https:\/\/redenoticiaz.com.br\/litoralsp\/wp-content\/uploads\/sites\/3\/2022\/06\/pets-outono.jpg?v=1654100560","type":"image\/jpeg"}],"author":"Gustavo Silva","twitter_card":"summary_large_image","twitter_misc":{"Escrito por":"Gustavo Silva","Est. tempo de leitura":"2 minutos"},"schema":{"@context":"https:\/\/schema.org","@graph":[{"@type":"Article","@id":"https:\/\/redenoticiaz.com.br\/litoralsp\/2024\/04\/27\/pets-sao-aceitos-em-mais-de-70-dos-imoveis-anunciados-para-aluguel-em-sao-paulo#article","isPartOf":{"@id":"https:\/\/redenoticiaz.com.br\/litoralsp\/2024\/04\/27\/pets-sao-aceitos-em-mais-de-70-dos-imoveis-anunciados-para-aluguel-em-sao-paulo"},"author":{"name":"Gustavo Silva","@id":"https:\/\/redenoticiaz.com.br\/litoralsp\/#\/schema\/person\/16057b37a3c0ee6b096d7f887c566e2e"},"headline":"Pets s\u00e3o aceitos em mais de 70% dos im\u00f3veis anunciados para aluguel em S\u00e3o Paulo","datePublished":"2024-04-27T18:00:15+00:00","mainEntityOfPage":{"@id":"https:\/\/redenoticiaz.com.br\/litoralsp\/2024\/04\/27\/pets-sao-aceitos-em-mais-de-70-dos-imoveis-anunciados-para-aluguel-em-sao-paulo"},"wordCount":330,"commentCount":0,"publisher":{"@id":"https:\/\/redenoticiaz.com.br\/litoralsp\/#organization"},"image":{"@id":"https:\/\/redenoticiaz.com.br\/litoralsp\/2024\/04\/27\/pets-sao-aceitos-em-mais-de-70-dos-imoveis-anunciados-para-aluguel-em-sao-paulo#primaryimage"},"thumbnailUrl":"https:\/\/redenoticiaz.com.br\/litoralsp\/wp-content\/uploads\/sites\/3\/2022\/06\/pets-outono.jpg?v=1654100560","keywords":["pets","S\u00e3o Paulo"],"articleSection":["Variedades"],"inLanguage":"pt-BR","potentialAction":[{"@type":"CommentAction","name":"Comment","target":["https:\/\/redenoticiaz.com.br\/litoralsp\/2024\/04\/27\/pets-sao-aceitos-em-mais-de-70-dos-imoveis-anunciados-para-aluguel-em-sao-paulo#respond"]}]},{"@type":"WebPage","@id":"https:\/\/redenoticiaz.com.br\/litoralsp\/2024\/04\/27\/pets-sao-aceitos-em-mais-de-70-dos-imoveis-anunciados-para-aluguel-em-sao-paulo","url":"https:\/\/redenoticiaz.com.br\/litoralsp\/2024\/04\/27\/pets-sao-aceitos-em-mais-de-70-dos-imoveis-anunciados-para-aluguel-em-sao-paulo","name":"Pets s\u00e3o aceitos em mais de 70% dos im\u00f3veis anunciados para aluguel em S\u00e3o Paulo - Litoral SP","isPartOf":{"@id":"https:\/\/redenoticiaz.com.br\/litoralsp\/#website"},"primaryImageOfPage":{"@id":"https:\/\/redenoticiaz.com.br\/litoralsp\/2024\/04\/27\/pets-sao-aceitos-em-mais-de-70-dos-imoveis-anunciados-para-aluguel-em-sao-paulo#primaryimage"},"image":{"@id":"https:\/\/redenoticiaz.com.br\/litoralsp\/2024\/04\/27\/pets-sao-aceitos-em-mais-de-70-dos-imoveis-anunciados-para-aluguel-em-sao-paulo#primaryimage"},"thumbnailUrl":"https:\/\/redenoticiaz.com.br\/litoralsp\/wp-content\/uploads\/sites\/3\/2022\/06\/pets-outono.jpg?v=1654100560","datePublished":"2024-04-27T18:00:15+00:00","description":"Um levantamento in\u00e9dito realizado pela Lello, um dos maiores grupos imobili\u00e1rios do Brasil, aponta que 71% dos im\u00f3veis residenciais ofertados para loca\u00e7\u00e3o na cidade de S\u00e3o Paulo aceitam pets.\u00a0","inLanguage":"pt-BR","potentialAction":[{"@type":"ReadAction","target":["https:\/\/redenoticiaz.com.br\/litoralsp\/2024\/04\/27\/pets-sao-aceitos-em-mais-de-70-dos-imoveis-anunciados-para-aluguel-em-sao-paulo"]}]},{"@type":"ImageObject","inLanguage":"pt-BR","@id":"https:\/\/redenoticiaz.com.br\/litoralsp\/2024\/04\/27\/pets-sao-aceitos-em-mais-de-70-dos-imoveis-anunciados-para-aluguel-em-sao-paulo#primaryimage","url":"https:\/\/redenoticiaz.com.br\/litoralsp\/wp-content\/uploads\/sites\/3\/2022\/06\/pets-outono.jpg?v=1654100560","contentUrl":"https:\/\/redenoticiaz.com.br\/litoralsp\/wp-content\/uploads\/sites\/3\/2022\/06\/pets-outono.jpg?v=1654100560","width":718,"height":446,"caption":"Cr\u00e9ditos: Reprodu\u00e7\u00e3o"},{"@type":"WebSite","@id":"https:\/\/redenoticiaz.com.br\/litoralsp\/#website","url":"https:\/\/redenoticiaz.com.br\/litoralsp\/","name":"Litoral SP","description":"Rede NoticiaZ","publisher":{"@id":"https:\/\/redenoticiaz.com.br\/litoralsp\/#organization"},"potentialAction":[{"@type":"SearchAction","target":{"@type":"EntryPoint","urlTemplate":"https:\/\/redenoticiaz.com.br\/litoralsp\/?s={search_term_string}"},"query-input":{"@type":"PropertyValueSpecification","valueRequired":true,"valueName":"search_term_string"}}],"inLanguage":"pt-BR"},{"@type":"Organization","@id":"https:\/\/redenoticiaz.com.br\/litoralsp\/#organization","name":"Litoral SP","url":"https:\/\/redenoticiaz.com.br\/litoralsp\/","logo":{"@type":"ImageObject","inLanguage":"pt-BR","@id":"https:\/\/redenoticiaz.com.br\/litoralsp\/#\/schema\/logo\/image\/","url":"https:\/\/redenoticiaz.com.br\/litoralsp\/wp-content\/uploads\/sites\/3\/2020\/11\/logo.jpg","contentUrl":"https:\/\/redenoticiaz.com.br\/litoralsp\/wp-content\/uploads\/sites\/3\/2020\/11\/logo.jpg","width":400,"height":250,"caption":"Litoral SP"},"image":{"@id":"https:\/\/redenoticiaz.com.br\/litoralsp\/#\/schema\/logo\/image\/"}},{"@type":"Person","@id":"https:\/\/redenoticiaz.com.br\/litoralsp\/#\/schema\/person\/16057b37a3c0ee6b096d7f887c566e2e","name":"Gustavo Silva","image":{"@type":"ImageObject","inLanguage":"pt-BR","@id":"https:\/\/secure.gravatar.com\/avatar\/3ee4e82f93b26de0a7cf4ea5eb7893da637ed6bb0c9170c58065944c56e28a33?s=96&d=mm&r=g","url":"https:\/\/secure.gravatar.com\/avatar\/3ee4e82f93b26de0a7cf4ea5eb7893da637ed6bb0c9170c58065944c56e28a33?s=96&d=mm&r=g","contentUrl":"https:\/\/secure.gravatar.com\/avatar\/3ee4e82f93b26de0a7cf4ea5eb7893da637ed6bb0c9170c58065944c56e28a33?s=96&d=mm&r=g","caption":"Gustavo Silva"},"url":"https:\/\/redenoticiaz.com.br\/litoralsp\/author\/gustavosilva"}]}},"_links":{"self":[{"href":"https:\/\/redenoticiaz.com.br\/litoralsp\/wp-json\/wp\/v2\/posts\/115898","targetHints":{"allow":["GET"]}}],"collection":[{"href":"https:\/\/redenoticiaz.com.br\/litoralsp\/wp-json\/wp\/v2\/posts"}],"about":[{"href":"https:\/\/redenoticiaz.com.br\/litoralsp\/wp-json\/wp\/v2\/types\/post"}],"author":[{"embeddable":true,"href":"https:\/\/redenoticiaz.com.br\/litoralsp\/wp-json\/wp\/v2\/users\/12"}],"replies":[{"embeddable":true,"href":"https:\/\/redenoticiaz.com.br\/litoralsp\/wp-json\/wp\/v2\/comments?post=115898"}],"version-history":[{"count":1,"href":"https:\/\/redenoticiaz.com.br\/litoralsp\/wp-json\/wp\/v2\/posts\/115898\/revisions"}],"predecessor-version":[{"id":115931,"href":"https:\/\/redenoticiaz.com.br\/litoralsp\/wp-json\/wp\/v2\/posts\/115898\/revisions\/115931"}],"wp:featuredmedia":[{"embeddable":true,"href":"https:\/\/redenoticiaz.com.br\/litoralsp\/wp-json\/wp\/v2\/media\/85385"}],"wp:attachment":[{"href":"https:\/\/redenoticiaz.com.br\/litoralsp\/wp-json\/wp\/v2\/media?parent=115898"}],"wp:term":[{"taxonomy":"category","embeddable":true,"href":"https:\/\/redenoticiaz.com.br\/litoralsp\/wp-json\/wp\/v2\/categories?post=115898"},{"taxonomy":"post_tag","embeddable":true,"href":"https:\/\/redenoticiaz.com.br\/litoralsp\/wp-json\/wp\/v2\/tags?post=115898"}],"curies":[{"name":"wp","href":"https:\/\/api.w.org\/{rel}","templated":true}]}}