{"id":115981,"date":"2024-05-01T11:58:47","date_gmt":"2024-05-01T14:58:47","guid":{"rendered":"https:\/\/redenoticiaz.com.br\/litoralsp\/2024\/05\/01\/congestionamentos-na-rodovia-dos-imigrantes-marcam-o-feriado-do-dia-do-trabalhador"},"modified":"2024-05-01T11:58:47","modified_gmt":"2024-05-01T14:58:47","slug":"congestionamentos-na-rodovia-dos-imigrantes-marcam-o-feriado-do-dia-do-trabalhador","status":"publish","type":"post","link":"https:\/\/redenoticiaz.com.br\/litoralsp\/2024\/05\/01\/congestionamentos-na-rodovia-dos-imigrantes-marcam-o-feriado-do-dia-do-trabalhador","title":{"rendered":"Congestionamentos na Rodovia dos Imigrantes marcam o feriado do Dia do Trabalhador"},"content":{"rendered":"<p>Quem decidiu aproveitar o feriado do Dia do Trabalhador no litoral Sul do Estado de S\u00e3o Paulo enfrentou congestionamentos na manh\u00e3 desta quarta-feira (01) na Rodovia dos Imigrantes. Segundo informa\u00e7\u00f5es da concession\u00e1ria Ecovias, a lentid\u00e3o atingiu cerca de quatro quil\u00f4metros pr\u00f3ximo ao ped\u00e1gio.<\/p>\n<p>Enquanto isso, para quem deseja seguir em dire\u00e7\u00e3o ao Interior, o tr\u00e1fego no Sistema Anhanguera e Bandeirantes \u00e9 reportado como tranquilo, oferecendo uma alternativa vi\u00e1vel para aqueles que buscam escapar do congestionamento.<\/p>\n<p>Entretanto, nem todas as vias escaparam de incidentes. Em Campinas, durante a madrugada, um acidente resultou em um carro incendiado no Anel Vi\u00e1rio Magalh\u00e3es Teixeira, causando poss\u00edveis atrasos para os motoristas que trafegam pela regi\u00e3o.<\/p>\n<p>Al\u00e9m disso, na Via Anhanguera, em Vinhedo, houve um derramamento de \u00f3leo pr\u00f3ximo ao trevo de acesso para a cidade. Equipes ambientais est\u00e3o mobilizadas para realizar a limpeza do local, visando garantir a seguran\u00e7a dos condutores e a fluidez do tr\u00e1fego.<\/p>\n<p>Embora os congestionamentos e incidentes sejam desafios comuns durante feriados prolongados, as autoridades pedem aos motoristas que mantenham a calma, sigam as orienta\u00e7\u00f5es das equipes de tr\u00e1fego e estejam atentos \u00e0s condi\u00e7\u00f5es das vias para garantir uma viagem segura e tranquila.<\/p>\n<p>LEIA MAIS<\/p>\n<p><a href=\"https:\/\/redenoticiaz.com.br\/blog\/2024\/05\/01\/lupo-abre-novas-oportunidades-de-emprego-para-diversas-areas\">Lupo abre novas oportunidades de emprego para diversas \u00e1reas<\/a><\/p>\n<p><a href=\"https:\/\/redenoticiaz.com.br\/blog\/2024\/04\/30\/van-atropela-15-ciclistas-dois-estao-em-estado-grave\">Van atropela 15 ciclistas; dois est\u00e3o em estado grave<\/a><\/p>\n","protected":false},"excerpt":{"rendered":"<p>Quem decidiu aproveitar o feriado do Dia do Trabalhador no litoral Sul do Estado de S\u00e3o Paulo enfrentou congestionamentos na manh\u00e3 desta quarta-feira (01) na Rodovia dos Imigrantes. Segundo informa\u00e7\u00f5es da concession\u00e1ria Ecovias, a lentid\u00e3o atingiu cerca de quatro quil\u00f4metros pr\u00f3ximo ao ped\u00e1gio. Enquanto isso, para quem deseja seguir em dire\u00e7\u00e3o ao Interior, o tr\u00e1fego &hellip;<\/p>\n","protected":false},"author":30,"featured_media":115982,"comment_status":"open","ping_status":"closed","sticky":false,"template":"","format":"standard","meta":{"footnotes":""},"categories":[5],"tags":[20825,31293,8373,117],"class_list":["post-115981","post","type-post","status-publish","format-standard","has-post-thumbnail","hentry","category-transito","tag-dia-do-trabalho","tag-litoral","tag-praia","tag-transito"],"yoast_head":"<!-- This site is optimized with the Yoast SEO plugin v27.5 - https:\/\/yoast.com\/product\/yoast-seo-wordpress\/ -->\n<title>Congestionamentos na Rodovia dos Imigrantes marcam o feriado do Dia do Trabalhador - Litoral SP<\/title>\n<meta name=\"description\" content=\"Quem decidiu aproveitar o feriado do Dia do Trabalhador no litoral Sul do Estado de S\u00e3o Paulo enfrentou congestionamentos na manh\u00e3 desta quarta.\" \/>\n<meta name=\"robots\" content=\"index, follow, max-snippet:-1, max-image-preview:large, max-video-preview:-1\" \/>\n<link rel=\"canonical\" href=\"https:\/\/redenoticiaz.com.br\/litoralsp\/2024\/05\/01\/congestionamentos-na-rodovia-dos-imigrantes-marcam-o-feriado-do-dia-do-trabalhador\" \/>\n<meta property=\"og:locale\" content=\"pt_BR\" \/>\n<meta property=\"og:type\" content=\"article\" \/>\n<meta property=\"og:title\" content=\"Congestionamentos na Rodovia dos Imigrantes marcam o feriado do Dia do Trabalhador - Litoral SP\" \/>\n<meta property=\"og:description\" content=\"Quem decidiu aproveitar o feriado do Dia do Trabalhador no litoral Sul do Estado de S\u00e3o Paulo enfrentou congestionamentos na manh\u00e3 desta quarta.\" \/>\n<meta property=\"og:url\" content=\"https:\/\/redenoticiaz.com.br\/litoralsp\/2024\/05\/01\/congestionamentos-na-rodovia-dos-imigrantes-marcam-o-feriado-do-dia-do-trabalhador\" \/>\n<meta property=\"og:site_name\" content=\"Litoral SP\" \/>\n<meta property=\"article:published_time\" content=\"2024-05-01T14:58:47+00:00\" \/>\n<meta property=\"og:image\" content=\"https:\/\/redenoticiaz.com.br\/litoralsp\/wp-content\/uploads\/sites\/3\/2024\/05\/Captura-de-tela-2024-05-01-115524.png?v=1714575510\" \/>\n\t<meta property=\"og:image:width\" content=\"706\" \/>\n\t<meta property=\"og:image:height\" content=\"324\" \/>\n\t<meta property=\"og:image:type\" content=\"image\/png\" \/>\n<meta name=\"author\" content=\"Carina Reifonas\" \/>\n<meta name=\"twitter:card\" content=\"summary_large_image\" \/>\n<meta name=\"twitter:label1\" content=\"Escrito por\" \/>\n\t<meta name=\"twitter:data1\" content=\"Carina Reifonas\" \/>\n\t<meta name=\"twitter:label2\" content=\"Est. tempo de leitura\" \/>\n\t<meta name=\"twitter:data2\" content=\"2 minutos\" \/>\n<script type=\"application\/ld+json\" class=\"yoast-schema-graph\">{\"@context\":\"https:\\\/\\\/schema.org\",\"@graph\":[{\"@type\":\"Article\",\"@id\":\"https:\\\/\\\/redenoticiaz.com.br\\\/litoralsp\\\/2024\\\/05\\\/01\\\/congestionamentos-na-rodovia-dos-imigrantes-marcam-o-feriado-do-dia-do-trabalhador#article\",\"isPartOf\":{\"@id\":\"https:\\\/\\\/redenoticiaz.com.br\\\/litoralsp\\\/2024\\\/05\\\/01\\\/congestionamentos-na-rodovia-dos-imigrantes-marcam-o-feriado-do-dia-do-trabalhador\"},\"author\":{\"name\":\"Carina Reifonas\",\"@id\":\"https:\\\/\\\/redenoticiaz.com.br\\\/litoralsp\\\/#\\\/schema\\\/person\\\/1f84d6e94e6a62d2d81199d7503e9e90\"},\"headline\":\"Congestionamentos na Rodovia dos Imigrantes marcam o feriado do Dia do Trabalhador\",\"datePublished\":\"2024-05-01T14:58:47+00:00\",\"mainEntityOfPage\":{\"@id\":\"https:\\\/\\\/redenoticiaz.com.br\\\/litoralsp\\\/2024\\\/05\\\/01\\\/congestionamentos-na-rodovia-dos-imigrantes-marcam-o-feriado-do-dia-do-trabalhador\"},\"wordCount\":244,\"commentCount\":0,\"publisher\":{\"@id\":\"https:\\\/\\\/redenoticiaz.com.br\\\/litoralsp\\\/#organization\"},\"image\":{\"@id\":\"https:\\\/\\\/redenoticiaz.com.br\\\/litoralsp\\\/2024\\\/05\\\/01\\\/congestionamentos-na-rodovia-dos-imigrantes-marcam-o-feriado-do-dia-do-trabalhador#primaryimage\"},\"thumbnailUrl\":\"https:\\\/\\\/redenoticiaz.com.br\\\/litoralsp\\\/wp-content\\\/uploads\\\/sites\\\/3\\\/2024\\\/05\\\/Captura-de-tela-2024-05-01-115524.png?v=1714575510\",\"keywords\":[\"DIA DO TRABALHO\",\"LITORAL\",\"PRAIA\",\"transito\"],\"articleSection\":[\"Tr\u00e2nsito\"],\"inLanguage\":\"pt-BR\",\"potentialAction\":[{\"@type\":\"CommentAction\",\"name\":\"Comment\",\"target\":[\"https:\\\/\\\/redenoticiaz.com.br\\\/litoralsp\\\/2024\\\/05\\\/01\\\/congestionamentos-na-rodovia-dos-imigrantes-marcam-o-feriado-do-dia-do-trabalhador#respond\"]}]},{\"@type\":\"WebPage\",\"@id\":\"https:\\\/\\\/redenoticiaz.com.br\\\/litoralsp\\\/2024\\\/05\\\/01\\\/congestionamentos-na-rodovia-dos-imigrantes-marcam-o-feriado-do-dia-do-trabalhador\",\"url\":\"https:\\\/\\\/redenoticiaz.com.br\\\/litoralsp\\\/2024\\\/05\\\/01\\\/congestionamentos-na-rodovia-dos-imigrantes-marcam-o-feriado-do-dia-do-trabalhador\",\"name\":\"Congestionamentos na Rodovia dos Imigrantes marcam o feriado do Dia do Trabalhador - Litoral SP\",\"isPartOf\":{\"@id\":\"https:\\\/\\\/redenoticiaz.com.br\\\/litoralsp\\\/#website\"},\"primaryImageOfPage\":{\"@id\":\"https:\\\/\\\/redenoticiaz.com.br\\\/litoralsp\\\/2024\\\/05\\\/01\\\/congestionamentos-na-rodovia-dos-imigrantes-marcam-o-feriado-do-dia-do-trabalhador#primaryimage\"},\"image\":{\"@id\":\"https:\\\/\\\/redenoticiaz.com.br\\\/litoralsp\\\/2024\\\/05\\\/01\\\/congestionamentos-na-rodovia-dos-imigrantes-marcam-o-feriado-do-dia-do-trabalhador#primaryimage\"},\"thumbnailUrl\":\"https:\\\/\\\/redenoticiaz.com.br\\\/litoralsp\\\/wp-content\\\/uploads\\\/sites\\\/3\\\/2024\\\/05\\\/Captura-de-tela-2024-05-01-115524.png?v=1714575510\",\"datePublished\":\"2024-05-01T14:58:47+00:00\",\"description\":\"Quem decidiu aproveitar o feriado do Dia do Trabalhador no litoral Sul do Estado de S\u00e3o Paulo enfrentou congestionamentos na manh\u00e3 desta quarta.\",\"inLanguage\":\"pt-BR\",\"potentialAction\":[{\"@type\":\"ReadAction\",\"target\":[\"https:\\\/\\\/redenoticiaz.com.br\\\/litoralsp\\\/2024\\\/05\\\/01\\\/congestionamentos-na-rodovia-dos-imigrantes-marcam-o-feriado-do-dia-do-trabalhador\"]}]},{\"@type\":\"ImageObject\",\"inLanguage\":\"pt-BR\",\"@id\":\"https:\\\/\\\/redenoticiaz.com.br\\\/litoralsp\\\/2024\\\/05\\\/01\\\/congestionamentos-na-rodovia-dos-imigrantes-marcam-o-feriado-do-dia-do-trabalhador#primaryimage\",\"url\":\"https:\\\/\\\/redenoticiaz.com.br\\\/litoralsp\\\/wp-content\\\/uploads\\\/sites\\\/3\\\/2024\\\/05\\\/Captura-de-tela-2024-05-01-115524.png?v=1714575510\",\"contentUrl\":\"https:\\\/\\\/redenoticiaz.com.br\\\/litoralsp\\\/wp-content\\\/uploads\\\/sites\\\/3\\\/2024\\\/05\\\/Captura-de-tela-2024-05-01-115524.png?v=1714575510\",\"width\":706,\"height\":324},{\"@type\":\"WebSite\",\"@id\":\"https:\\\/\\\/redenoticiaz.com.br\\\/litoralsp\\\/#website\",\"url\":\"https:\\\/\\\/redenoticiaz.com.br\\\/litoralsp\\\/\",\"name\":\"Litoral SP\",\"description\":\"Rede NoticiaZ\",\"publisher\":{\"@id\":\"https:\\\/\\\/redenoticiaz.com.br\\\/litoralsp\\\/#organization\"},\"potentialAction\":[{\"@type\":\"SearchAction\",\"target\":{\"@type\":\"EntryPoint\",\"urlTemplate\":\"https:\\\/\\\/redenoticiaz.com.br\\\/litoralsp\\\/?s={search_term_string}\"},\"query-input\":{\"@type\":\"PropertyValueSpecification\",\"valueRequired\":true,\"valueName\":\"search_term_string\"}}],\"inLanguage\":\"pt-BR\"},{\"@type\":\"Organization\",\"@id\":\"https:\\\/\\\/redenoticiaz.com.br\\\/litoralsp\\\/#organization\",\"name\":\"Litoral SP\",\"url\":\"https:\\\/\\\/redenoticiaz.com.br\\\/litoralsp\\\/\",\"logo\":{\"@type\":\"ImageObject\",\"inLanguage\":\"pt-BR\",\"@id\":\"https:\\\/\\\/redenoticiaz.com.br\\\/litoralsp\\\/#\\\/schema\\\/logo\\\/image\\\/\",\"url\":\"https:\\\/\\\/redenoticiaz.com.br\\\/litoralsp\\\/wp-content\\\/uploads\\\/sites\\\/3\\\/2020\\\/11\\\/logo.jpg\",\"contentUrl\":\"https:\\\/\\\/redenoticiaz.com.br\\\/litoralsp\\\/wp-content\\\/uploads\\\/sites\\\/3\\\/2020\\\/11\\\/logo.jpg\",\"width\":400,\"height\":250,\"caption\":\"Litoral SP\"},\"image\":{\"@id\":\"https:\\\/\\\/redenoticiaz.com.br\\\/litoralsp\\\/#\\\/schema\\\/logo\\\/image\\\/\"}},{\"@type\":\"Person\",\"@id\":\"https:\\\/\\\/redenoticiaz.com.br\\\/litoralsp\\\/#\\\/schema\\\/person\\\/1f84d6e94e6a62d2d81199d7503e9e90\",\"name\":\"Carina Reifonas\",\"image\":{\"@type\":\"ImageObject\",\"inLanguage\":\"pt-BR\",\"@id\":\"https:\\\/\\\/secure.gravatar.com\\\/avatar\\\/04c59859b23696cf867715880f81d5c037e60109730bdb4e6670ec2a2245bc97?s=96&d=mm&r=g\",\"url\":\"https:\\\/\\\/secure.gravatar.com\\\/avatar\\\/04c59859b23696cf867715880f81d5c037e60109730bdb4e6670ec2a2245bc97?s=96&d=mm&r=g\",\"contentUrl\":\"https:\\\/\\\/secure.gravatar.com\\\/avatar\\\/04c59859b23696cf867715880f81d5c037e60109730bdb4e6670ec2a2245bc97?s=96&d=mm&r=g\",\"caption\":\"Carina Reifonas\"},\"url\":\"https:\\\/\\\/redenoticiaz.com.br\\\/litoralsp\\\/author\\\/carinareifonas\"}]}<\/script>\n<!-- \/ Yoast SEO plugin. -->","yoast_head_json":{"title":"Congestionamentos na Rodovia dos Imigrantes marcam o feriado do Dia do Trabalhador - Litoral SP","description":"Quem decidiu aproveitar o feriado do Dia do Trabalhador no litoral Sul do Estado de S\u00e3o Paulo enfrentou congestionamentos na manh\u00e3 desta quarta.","robots":{"index":"index","follow":"follow","max-snippet":"max-snippet:-1","max-image-preview":"max-image-preview:large","max-video-preview":"max-video-preview:-1"},"canonical":"https:\/\/redenoticiaz.com.br\/litoralsp\/2024\/05\/01\/congestionamentos-na-rodovia-dos-imigrantes-marcam-o-feriado-do-dia-do-trabalhador","og_locale":"pt_BR","og_type":"article","og_title":"Congestionamentos na Rodovia dos Imigrantes marcam o feriado do Dia do Trabalhador - Litoral SP","og_description":"Quem decidiu aproveitar o feriado do Dia do Trabalhador no litoral Sul do Estado de S\u00e3o Paulo enfrentou congestionamentos na manh\u00e3 desta quarta.","og_url":"https:\/\/redenoticiaz.com.br\/litoralsp\/2024\/05\/01\/congestionamentos-na-rodovia-dos-imigrantes-marcam-o-feriado-do-dia-do-trabalhador","og_site_name":"Litoral SP","article_published_time":"2024-05-01T14:58:47+00:00","og_image":[{"width":706,"height":324,"url":"https:\/\/redenoticiaz.com.br\/litoralsp\/wp-content\/uploads\/sites\/3\/2024\/05\/Captura-de-tela-2024-05-01-115524.png?v=1714575510","type":"image\/png"}],"author":"Carina Reifonas","twitter_card":"summary_large_image","twitter_misc":{"Escrito por":"Carina Reifonas","Est. tempo de leitura":"2 minutos"},"schema":{"@context":"https:\/\/schema.org","@graph":[{"@type":"Article","@id":"https:\/\/redenoticiaz.com.br\/litoralsp\/2024\/05\/01\/congestionamentos-na-rodovia-dos-imigrantes-marcam-o-feriado-do-dia-do-trabalhador#article","isPartOf":{"@id":"https:\/\/redenoticiaz.com.br\/litoralsp\/2024\/05\/01\/congestionamentos-na-rodovia-dos-imigrantes-marcam-o-feriado-do-dia-do-trabalhador"},"author":{"name":"Carina Reifonas","@id":"https:\/\/redenoticiaz.com.br\/litoralsp\/#\/schema\/person\/1f84d6e94e6a62d2d81199d7503e9e90"},"headline":"Congestionamentos na Rodovia dos Imigrantes marcam o feriado do Dia do Trabalhador","datePublished":"2024-05-01T14:58:47+00:00","mainEntityOfPage":{"@id":"https:\/\/redenoticiaz.com.br\/litoralsp\/2024\/05\/01\/congestionamentos-na-rodovia-dos-imigrantes-marcam-o-feriado-do-dia-do-trabalhador"},"wordCount":244,"commentCount":0,"publisher":{"@id":"https:\/\/redenoticiaz.com.br\/litoralsp\/#organization"},"image":{"@id":"https:\/\/redenoticiaz.com.br\/litoralsp\/2024\/05\/01\/congestionamentos-na-rodovia-dos-imigrantes-marcam-o-feriado-do-dia-do-trabalhador#primaryimage"},"thumbnailUrl":"https:\/\/redenoticiaz.com.br\/litoralsp\/wp-content\/uploads\/sites\/3\/2024\/05\/Captura-de-tela-2024-05-01-115524.png?v=1714575510","keywords":["DIA DO TRABALHO","LITORAL","PRAIA","transito"],"articleSection":["Tr\u00e2nsito"],"inLanguage":"pt-BR","potentialAction":[{"@type":"CommentAction","name":"Comment","target":["https:\/\/redenoticiaz.com.br\/litoralsp\/2024\/05\/01\/congestionamentos-na-rodovia-dos-imigrantes-marcam-o-feriado-do-dia-do-trabalhador#respond"]}]},{"@type":"WebPage","@id":"https:\/\/redenoticiaz.com.br\/litoralsp\/2024\/05\/01\/congestionamentos-na-rodovia-dos-imigrantes-marcam-o-feriado-do-dia-do-trabalhador","url":"https:\/\/redenoticiaz.com.br\/litoralsp\/2024\/05\/01\/congestionamentos-na-rodovia-dos-imigrantes-marcam-o-feriado-do-dia-do-trabalhador","name":"Congestionamentos na Rodovia dos Imigrantes marcam o feriado do Dia do Trabalhador - Litoral SP","isPartOf":{"@id":"https:\/\/redenoticiaz.com.br\/litoralsp\/#website"},"primaryImageOfPage":{"@id":"https:\/\/redenoticiaz.com.br\/litoralsp\/2024\/05\/01\/congestionamentos-na-rodovia-dos-imigrantes-marcam-o-feriado-do-dia-do-trabalhador#primaryimage"},"image":{"@id":"https:\/\/redenoticiaz.com.br\/litoralsp\/2024\/05\/01\/congestionamentos-na-rodovia-dos-imigrantes-marcam-o-feriado-do-dia-do-trabalhador#primaryimage"},"thumbnailUrl":"https:\/\/redenoticiaz.com.br\/litoralsp\/wp-content\/uploads\/sites\/3\/2024\/05\/Captura-de-tela-2024-05-01-115524.png?v=1714575510","datePublished":"2024-05-01T14:58:47+00:00","description":"Quem decidiu aproveitar o feriado do Dia do Trabalhador no litoral Sul do Estado de S\u00e3o Paulo enfrentou congestionamentos na manh\u00e3 desta quarta.","inLanguage":"pt-BR","potentialAction":[{"@type":"ReadAction","target":["https:\/\/redenoticiaz.com.br\/litoralsp\/2024\/05\/01\/congestionamentos-na-rodovia-dos-imigrantes-marcam-o-feriado-do-dia-do-trabalhador"]}]},{"@type":"ImageObject","inLanguage":"pt-BR","@id":"https:\/\/redenoticiaz.com.br\/litoralsp\/2024\/05\/01\/congestionamentos-na-rodovia-dos-imigrantes-marcam-o-feriado-do-dia-do-trabalhador#primaryimage","url":"https:\/\/redenoticiaz.com.br\/litoralsp\/wp-content\/uploads\/sites\/3\/2024\/05\/Captura-de-tela-2024-05-01-115524.png?v=1714575510","contentUrl":"https:\/\/redenoticiaz.com.br\/litoralsp\/wp-content\/uploads\/sites\/3\/2024\/05\/Captura-de-tela-2024-05-01-115524.png?v=1714575510","width":706,"height":324},{"@type":"WebSite","@id":"https:\/\/redenoticiaz.com.br\/litoralsp\/#website","url":"https:\/\/redenoticiaz.com.br\/litoralsp\/","name":"Litoral SP","description":"Rede NoticiaZ","publisher":{"@id":"https:\/\/redenoticiaz.com.br\/litoralsp\/#organization"},"potentialAction":[{"@type":"SearchAction","target":{"@type":"EntryPoint","urlTemplate":"https:\/\/redenoticiaz.com.br\/litoralsp\/?s={search_term_string}"},"query-input":{"@type":"PropertyValueSpecification","valueRequired":true,"valueName":"search_term_string"}}],"inLanguage":"pt-BR"},{"@type":"Organization","@id":"https:\/\/redenoticiaz.com.br\/litoralsp\/#organization","name":"Litoral SP","url":"https:\/\/redenoticiaz.com.br\/litoralsp\/","logo":{"@type":"ImageObject","inLanguage":"pt-BR","@id":"https:\/\/redenoticiaz.com.br\/litoralsp\/#\/schema\/logo\/image\/","url":"https:\/\/redenoticiaz.com.br\/litoralsp\/wp-content\/uploads\/sites\/3\/2020\/11\/logo.jpg","contentUrl":"https:\/\/redenoticiaz.com.br\/litoralsp\/wp-content\/uploads\/sites\/3\/2020\/11\/logo.jpg","width":400,"height":250,"caption":"Litoral SP"},"image":{"@id":"https:\/\/redenoticiaz.com.br\/litoralsp\/#\/schema\/logo\/image\/"}},{"@type":"Person","@id":"https:\/\/redenoticiaz.com.br\/litoralsp\/#\/schema\/person\/1f84d6e94e6a62d2d81199d7503e9e90","name":"Carina Reifonas","image":{"@type":"ImageObject","inLanguage":"pt-BR","@id":"https:\/\/secure.gravatar.com\/avatar\/04c59859b23696cf867715880f81d5c037e60109730bdb4e6670ec2a2245bc97?s=96&d=mm&r=g","url":"https:\/\/secure.gravatar.com\/avatar\/04c59859b23696cf867715880f81d5c037e60109730bdb4e6670ec2a2245bc97?s=96&d=mm&r=g","contentUrl":"https:\/\/secure.gravatar.com\/avatar\/04c59859b23696cf867715880f81d5c037e60109730bdb4e6670ec2a2245bc97?s=96&d=mm&r=g","caption":"Carina Reifonas"},"url":"https:\/\/redenoticiaz.com.br\/litoralsp\/author\/carinareifonas"}]}},"_links":{"self":[{"href":"https:\/\/redenoticiaz.com.br\/litoralsp\/wp-json\/wp\/v2\/posts\/115981","targetHints":{"allow":["GET"]}}],"collection":[{"href":"https:\/\/redenoticiaz.com.br\/litoralsp\/wp-json\/wp\/v2\/posts"}],"about":[{"href":"https:\/\/redenoticiaz.com.br\/litoralsp\/wp-json\/wp\/v2\/types\/post"}],"author":[{"embeddable":true,"href":"https:\/\/redenoticiaz.com.br\/litoralsp\/wp-json\/wp\/v2\/users\/30"}],"replies":[{"embeddable":true,"href":"https:\/\/redenoticiaz.com.br\/litoralsp\/wp-json\/wp\/v2\/comments?post=115981"}],"version-history":[{"count":0,"href":"https:\/\/redenoticiaz.com.br\/litoralsp\/wp-json\/wp\/v2\/posts\/115981\/revisions"}],"wp:featuredmedia":[{"embeddable":true,"href":"https:\/\/redenoticiaz.com.br\/litoralsp\/wp-json\/wp\/v2\/media\/115982"}],"wp:attachment":[{"href":"https:\/\/redenoticiaz.com.br\/litoralsp\/wp-json\/wp\/v2\/media?parent=115981"}],"wp:term":[{"taxonomy":"category","embeddable":true,"href":"https:\/\/redenoticiaz.com.br\/litoralsp\/wp-json\/wp\/v2\/categories?post=115981"},{"taxonomy":"post_tag","embeddable":true,"href":"https:\/\/redenoticiaz.com.br\/litoralsp\/wp-json\/wp\/v2\/tags?post=115981"}],"curies":[{"name":"wp","href":"https:\/\/api.w.org\/{rel}","templated":true}]}}