{"id":116004,"date":"2024-05-02T19:00:19","date_gmt":"2024-05-02T22:00:19","guid":{"rendered":"https:\/\/redenoticiaz.com.br\/litoralsp\/?p=116004"},"modified":"2024-05-02T17:00:24","modified_gmt":"2024-05-02T20:00:24","slug":"medico-do-pcc-e-condenado-a-8-anos-de-prisao-por-trafico-de-drogas","status":"publish","type":"post","link":"https:\/\/redenoticiaz.com.br\/litoralsp\/2024\/05\/02\/medico-do-pcc-e-condenado-a-8-anos-de-prisao-por-trafico-de-drogas","title":{"rendered":"M\u00e9dico do PCC \u00e9 condenado a 8 anos de pris\u00e3o por tr\u00e1fico de drogas"},"content":{"rendered":"<p>O m\u00e9dico Alexandre Pedroso Ribeiro, dono de uma mans\u00e3o em guaruj\u00e1, onde foram apreendidos mais de 60 kg de entorpecentes em 2021, foi condenado a 8 anos e 9 meses de pris\u00e3o em regime fechado por tr\u00e1fico de drogas.<\/p>\n<p>De acordo com as informa\u00e7\u00f5s, ele, que \u00e9 irm\u00e3o do empres\u00e1rio de jogadores de futebol Wagner Ribeiro, j\u00e1 estava preso por facilitar a execu\u00e7\u00e3o de um paciente dentro de um hospital.<\/p>\n<p>Com base na senten\u00e7a, divulgada ontem, as investiga\u00e7\u00f5es apontaram que o r\u00e9u era membro do primeiro comando da capital e um traficante perigoso.<\/p>\n<p>No documento consta, ainda, que integrantes da fac\u00e7\u00e3o foram vistos na casa dele, e que os mais de 60 quilos de coca\u00edna, avaliados em sete milh\u00f5es e meio de reais, seriam suficientes para abastecer o com\u00e9rcio de drogas de toda a baixada santista.<\/p>\n<p>Diante da justi\u00e7a, alexandre pedroso negou ter praticado o crime.<\/p>\n<p>Leia mais<\/p>\n<p><a href=\"https:\/\/redenoticiaz.com.br\/litoralsp\/2024\/04\/30\/carro-em-que-casal-foi-encontrado-morto-passa-por-pericia\">Lula e ministro do Trabalho se pronunciam em evento p\u00fablico<\/a><\/p>\n<p><a href=\"https:\/\/redenoticiaz.com.br\/litoralsp\/2024\/04\/29\/716-vagas-disponiveispara-trabalho-remoto\">716 vagas dispon\u00edveis para trabalho remoto<\/a><\/p>\n","protected":false},"excerpt":{"rendered":"<p>O m\u00e9dico Alexandre Pedroso Ribeiro, dono de uma mans\u00e3o em guaruj\u00e1, onde foram apreendidos mais de 60 kg de entorpecentes em 2021, foi condenado a 8 anos e 9 meses de pris\u00e3o em regime fechado por tr\u00e1fico de drogas. De acordo com as informa\u00e7\u00f5s, ele, que \u00e9 irm\u00e3o do empres\u00e1rio de jogadores de futebol Wagner &hellip;<\/p>\n","protected":false},"author":12,"featured_media":116005,"comment_status":"open","ping_status":"closed","sticky":false,"template":"","format":"standard","meta":{"footnotes":""},"categories":[187,10],"tags":[67664,72,6426,7521],"class_list":["post-116004","post","type-post","status-publish","format-standard","has-post-thumbnail","hentry","category-guaruja","category-policia","tag-alexandre-pedroso","tag-drogas","tag-guaruja-2","tag-medico"],"yoast_head":"<!-- This site is optimized with the Yoast SEO plugin v27.5 - https:\/\/yoast.com\/product\/yoast-seo-wordpress\/ -->\n<title>M\u00e9dico do PCC \u00e9 condenado a 8 anos de pris\u00e3o por tr\u00e1fico de drogas - Litoral SP<\/title>\n<meta name=\"description\" content=\"O m\u00e9dico Alexandre Pedroso Ribeiro, dono de uma mans\u00e3o em guaruj\u00e1, onde foram apreendidos mais de 60 kg de entorpecentes em 2021, foi condenado a 8 anos e 9 meses de pris\u00e3o em regime fechado por tr\u00e1fico de drogas.\" \/>\n<meta name=\"robots\" content=\"index, follow, max-snippet:-1, max-image-preview:large, max-video-preview:-1\" \/>\n<link rel=\"canonical\" href=\"https:\/\/redenoticiaz.com.br\/litoralsp\/2024\/05\/02\/medico-do-pcc-e-condenado-a-8-anos-de-prisao-por-trafico-de-drogas\" \/>\n<meta property=\"og:locale\" content=\"pt_BR\" \/>\n<meta property=\"og:type\" content=\"article\" \/>\n<meta property=\"og:title\" content=\"M\u00e9dico do PCC \u00e9 condenado a 8 anos de pris\u00e3o por tr\u00e1fico de drogas - Litoral SP\" \/>\n<meta property=\"og:description\" content=\"O m\u00e9dico Alexandre Pedroso Ribeiro, dono de uma mans\u00e3o em guaruj\u00e1, onde foram apreendidos mais de 60 kg de entorpecentes em 2021, foi condenado a 8 anos e 9 meses de pris\u00e3o em regime fechado por tr\u00e1fico de drogas.\" \/>\n<meta property=\"og:url\" content=\"https:\/\/redenoticiaz.com.br\/litoralsp\/2024\/05\/02\/medico-do-pcc-e-condenado-a-8-anos-de-prisao-por-trafico-de-drogas\" \/>\n<meta property=\"og:site_name\" content=\"Litoral SP\" \/>\n<meta property=\"article:published_time\" content=\"2024-05-02T22:00:19+00:00\" \/>\n<meta property=\"og:image\" content=\"https:\/\/redenoticiaz.com.br\/litoralsp\/wp-content\/uploads\/sites\/3\/2024\/05\/images.jpeg\" \/>\n\t<meta property=\"og:image:width\" content=\"318\" \/>\n\t<meta property=\"og:image:height\" content=\"159\" \/>\n\t<meta property=\"og:image:type\" content=\"image\/jpeg\" \/>\n<meta name=\"author\" content=\"Gustavo Silva\" \/>\n<meta name=\"twitter:card\" content=\"summary_large_image\" \/>\n<meta name=\"twitter:label1\" content=\"Escrito por\" \/>\n\t<meta name=\"twitter:data1\" content=\"Gustavo Silva\" \/>\n\t<meta name=\"twitter:label2\" content=\"Est. tempo de leitura\" \/>\n\t<meta name=\"twitter:data2\" content=\"1 minuto\" \/>\n<script type=\"application\/ld+json\" class=\"yoast-schema-graph\">{\"@context\":\"https:\\\/\\\/schema.org\",\"@graph\":[{\"@type\":\"Article\",\"@id\":\"https:\\\/\\\/redenoticiaz.com.br\\\/litoralsp\\\/2024\\\/05\\\/02\\\/medico-do-pcc-e-condenado-a-8-anos-de-prisao-por-trafico-de-drogas#article\",\"isPartOf\":{\"@id\":\"https:\\\/\\\/redenoticiaz.com.br\\\/litoralsp\\\/2024\\\/05\\\/02\\\/medico-do-pcc-e-condenado-a-8-anos-de-prisao-por-trafico-de-drogas\"},\"author\":{\"name\":\"Gustavo Silva\",\"@id\":\"https:\\\/\\\/redenoticiaz.com.br\\\/litoralsp\\\/#\\\/schema\\\/person\\\/16057b37a3c0ee6b096d7f887c566e2e\"},\"headline\":\"M\u00e9dico do PCC \u00e9 condenado a 8 anos de pris\u00e3o por tr\u00e1fico de drogas\",\"datePublished\":\"2024-05-02T22:00:19+00:00\",\"mainEntityOfPage\":{\"@id\":\"https:\\\/\\\/redenoticiaz.com.br\\\/litoralsp\\\/2024\\\/05\\\/02\\\/medico-do-pcc-e-condenado-a-8-anos-de-prisao-por-trafico-de-drogas\"},\"wordCount\":190,\"commentCount\":0,\"publisher\":{\"@id\":\"https:\\\/\\\/redenoticiaz.com.br\\\/litoralsp\\\/#organization\"},\"image\":{\"@id\":\"https:\\\/\\\/redenoticiaz.com.br\\\/litoralsp\\\/2024\\\/05\\\/02\\\/medico-do-pcc-e-condenado-a-8-anos-de-prisao-por-trafico-de-drogas#primaryimage\"},\"thumbnailUrl\":\"https:\\\/\\\/redenoticiaz.com.br\\\/litoralsp\\\/wp-content\\\/uploads\\\/sites\\\/3\\\/2024\\\/05\\\/images.jpeg\",\"keywords\":[\"alexandre pedroso\",\"drogas\",\"Guaruj\u00e1\",\"M\u00c9DICO\"],\"articleSection\":[\"Guaruj\u00e1\",\"Pol\u00edcia\"],\"inLanguage\":\"pt-BR\",\"potentialAction\":[{\"@type\":\"CommentAction\",\"name\":\"Comment\",\"target\":[\"https:\\\/\\\/redenoticiaz.com.br\\\/litoralsp\\\/2024\\\/05\\\/02\\\/medico-do-pcc-e-condenado-a-8-anos-de-prisao-por-trafico-de-drogas#respond\"]}]},{\"@type\":\"WebPage\",\"@id\":\"https:\\\/\\\/redenoticiaz.com.br\\\/litoralsp\\\/2024\\\/05\\\/02\\\/medico-do-pcc-e-condenado-a-8-anos-de-prisao-por-trafico-de-drogas\",\"url\":\"https:\\\/\\\/redenoticiaz.com.br\\\/litoralsp\\\/2024\\\/05\\\/02\\\/medico-do-pcc-e-condenado-a-8-anos-de-prisao-por-trafico-de-drogas\",\"name\":\"M\u00e9dico do PCC \u00e9 condenado a 8 anos de pris\u00e3o por tr\u00e1fico de drogas - Litoral SP\",\"isPartOf\":{\"@id\":\"https:\\\/\\\/redenoticiaz.com.br\\\/litoralsp\\\/#website\"},\"primaryImageOfPage\":{\"@id\":\"https:\\\/\\\/redenoticiaz.com.br\\\/litoralsp\\\/2024\\\/05\\\/02\\\/medico-do-pcc-e-condenado-a-8-anos-de-prisao-por-trafico-de-drogas#primaryimage\"},\"image\":{\"@id\":\"https:\\\/\\\/redenoticiaz.com.br\\\/litoralsp\\\/2024\\\/05\\\/02\\\/medico-do-pcc-e-condenado-a-8-anos-de-prisao-por-trafico-de-drogas#primaryimage\"},\"thumbnailUrl\":\"https:\\\/\\\/redenoticiaz.com.br\\\/litoralsp\\\/wp-content\\\/uploads\\\/sites\\\/3\\\/2024\\\/05\\\/images.jpeg\",\"datePublished\":\"2024-05-02T22:00:19+00:00\",\"description\":\"O m\u00e9dico Alexandre Pedroso Ribeiro, dono de uma mans\u00e3o em guaruj\u00e1, onde foram apreendidos mais de 60 kg de entorpecentes em 2021, foi condenado a 8 anos e 9 meses de pris\u00e3o em regime fechado por tr\u00e1fico de drogas.\",\"inLanguage\":\"pt-BR\",\"potentialAction\":[{\"@type\":\"ReadAction\",\"target\":[\"https:\\\/\\\/redenoticiaz.com.br\\\/litoralsp\\\/2024\\\/05\\\/02\\\/medico-do-pcc-e-condenado-a-8-anos-de-prisao-por-trafico-de-drogas\"]}]},{\"@type\":\"ImageObject\",\"inLanguage\":\"pt-BR\",\"@id\":\"https:\\\/\\\/redenoticiaz.com.br\\\/litoralsp\\\/2024\\\/05\\\/02\\\/medico-do-pcc-e-condenado-a-8-anos-de-prisao-por-trafico-de-drogas#primaryimage\",\"url\":\"https:\\\/\\\/redenoticiaz.com.br\\\/litoralsp\\\/wp-content\\\/uploads\\\/sites\\\/3\\\/2024\\\/05\\\/images.jpeg\",\"contentUrl\":\"https:\\\/\\\/redenoticiaz.com.br\\\/litoralsp\\\/wp-content\\\/uploads\\\/sites\\\/3\\\/2024\\\/05\\\/images.jpeg\",\"width\":318,\"height\":159},{\"@type\":\"WebSite\",\"@id\":\"https:\\\/\\\/redenoticiaz.com.br\\\/litoralsp\\\/#website\",\"url\":\"https:\\\/\\\/redenoticiaz.com.br\\\/litoralsp\\\/\",\"name\":\"Litoral SP\",\"description\":\"Rede NoticiaZ\",\"publisher\":{\"@id\":\"https:\\\/\\\/redenoticiaz.com.br\\\/litoralsp\\\/#organization\"},\"potentialAction\":[{\"@type\":\"SearchAction\",\"target\":{\"@type\":\"EntryPoint\",\"urlTemplate\":\"https:\\\/\\\/redenoticiaz.com.br\\\/litoralsp\\\/?s={search_term_string}\"},\"query-input\":{\"@type\":\"PropertyValueSpecification\",\"valueRequired\":true,\"valueName\":\"search_term_string\"}}],\"inLanguage\":\"pt-BR\"},{\"@type\":\"Organization\",\"@id\":\"https:\\\/\\\/redenoticiaz.com.br\\\/litoralsp\\\/#organization\",\"name\":\"Litoral SP\",\"url\":\"https:\\\/\\\/redenoticiaz.com.br\\\/litoralsp\\\/\",\"logo\":{\"@type\":\"ImageObject\",\"inLanguage\":\"pt-BR\",\"@id\":\"https:\\\/\\\/redenoticiaz.com.br\\\/litoralsp\\\/#\\\/schema\\\/logo\\\/image\\\/\",\"url\":\"https:\\\/\\\/redenoticiaz.com.br\\\/litoralsp\\\/wp-content\\\/uploads\\\/sites\\\/3\\\/2020\\\/11\\\/logo.jpg\",\"contentUrl\":\"https:\\\/\\\/redenoticiaz.com.br\\\/litoralsp\\\/wp-content\\\/uploads\\\/sites\\\/3\\\/2020\\\/11\\\/logo.jpg\",\"width\":400,\"height\":250,\"caption\":\"Litoral SP\"},\"image\":{\"@id\":\"https:\\\/\\\/redenoticiaz.com.br\\\/litoralsp\\\/#\\\/schema\\\/logo\\\/image\\\/\"}},{\"@type\":\"Person\",\"@id\":\"https:\\\/\\\/redenoticiaz.com.br\\\/litoralsp\\\/#\\\/schema\\\/person\\\/16057b37a3c0ee6b096d7f887c566e2e\",\"name\":\"Gustavo Silva\",\"image\":{\"@type\":\"ImageObject\",\"inLanguage\":\"pt-BR\",\"@id\":\"https:\\\/\\\/secure.gravatar.com\\\/avatar\\\/3ee4e82f93b26de0a7cf4ea5eb7893da637ed6bb0c9170c58065944c56e28a33?s=96&d=mm&r=g\",\"url\":\"https:\\\/\\\/secure.gravatar.com\\\/avatar\\\/3ee4e82f93b26de0a7cf4ea5eb7893da637ed6bb0c9170c58065944c56e28a33?s=96&d=mm&r=g\",\"contentUrl\":\"https:\\\/\\\/secure.gravatar.com\\\/avatar\\\/3ee4e82f93b26de0a7cf4ea5eb7893da637ed6bb0c9170c58065944c56e28a33?s=96&d=mm&r=g\",\"caption\":\"Gustavo Silva\"},\"url\":\"https:\\\/\\\/redenoticiaz.com.br\\\/litoralsp\\\/author\\\/gustavosilva\"}]}<\/script>\n<!-- \/ Yoast SEO plugin. -->","yoast_head_json":{"title":"M\u00e9dico do PCC \u00e9 condenado a 8 anos de pris\u00e3o por tr\u00e1fico de drogas - Litoral SP","description":"O m\u00e9dico Alexandre Pedroso Ribeiro, dono de uma mans\u00e3o em guaruj\u00e1, onde foram apreendidos mais de 60 kg de entorpecentes em 2021, foi condenado a 8 anos e 9 meses de pris\u00e3o em regime fechado por tr\u00e1fico de drogas.","robots":{"index":"index","follow":"follow","max-snippet":"max-snippet:-1","max-image-preview":"max-image-preview:large","max-video-preview":"max-video-preview:-1"},"canonical":"https:\/\/redenoticiaz.com.br\/litoralsp\/2024\/05\/02\/medico-do-pcc-e-condenado-a-8-anos-de-prisao-por-trafico-de-drogas","og_locale":"pt_BR","og_type":"article","og_title":"M\u00e9dico do PCC \u00e9 condenado a 8 anos de pris\u00e3o por tr\u00e1fico de drogas - Litoral SP","og_description":"O m\u00e9dico Alexandre Pedroso Ribeiro, dono de uma mans\u00e3o em guaruj\u00e1, onde foram apreendidos mais de 60 kg de entorpecentes em 2021, foi condenado a 8 anos e 9 meses de pris\u00e3o em regime fechado por tr\u00e1fico de drogas.","og_url":"https:\/\/redenoticiaz.com.br\/litoralsp\/2024\/05\/02\/medico-do-pcc-e-condenado-a-8-anos-de-prisao-por-trafico-de-drogas","og_site_name":"Litoral SP","article_published_time":"2024-05-02T22:00:19+00:00","og_image":[{"width":318,"height":159,"url":"https:\/\/redenoticiaz.com.br\/litoralsp\/wp-content\/uploads\/sites\/3\/2024\/05\/images.jpeg","type":"image\/jpeg"}],"author":"Gustavo Silva","twitter_card":"summary_large_image","twitter_misc":{"Escrito por":"Gustavo Silva","Est. tempo de leitura":"1 minuto"},"schema":{"@context":"https:\/\/schema.org","@graph":[{"@type":"Article","@id":"https:\/\/redenoticiaz.com.br\/litoralsp\/2024\/05\/02\/medico-do-pcc-e-condenado-a-8-anos-de-prisao-por-trafico-de-drogas#article","isPartOf":{"@id":"https:\/\/redenoticiaz.com.br\/litoralsp\/2024\/05\/02\/medico-do-pcc-e-condenado-a-8-anos-de-prisao-por-trafico-de-drogas"},"author":{"name":"Gustavo Silva","@id":"https:\/\/redenoticiaz.com.br\/litoralsp\/#\/schema\/person\/16057b37a3c0ee6b096d7f887c566e2e"},"headline":"M\u00e9dico do PCC \u00e9 condenado a 8 anos de pris\u00e3o por tr\u00e1fico de drogas","datePublished":"2024-05-02T22:00:19+00:00","mainEntityOfPage":{"@id":"https:\/\/redenoticiaz.com.br\/litoralsp\/2024\/05\/02\/medico-do-pcc-e-condenado-a-8-anos-de-prisao-por-trafico-de-drogas"},"wordCount":190,"commentCount":0,"publisher":{"@id":"https:\/\/redenoticiaz.com.br\/litoralsp\/#organization"},"image":{"@id":"https:\/\/redenoticiaz.com.br\/litoralsp\/2024\/05\/02\/medico-do-pcc-e-condenado-a-8-anos-de-prisao-por-trafico-de-drogas#primaryimage"},"thumbnailUrl":"https:\/\/redenoticiaz.com.br\/litoralsp\/wp-content\/uploads\/sites\/3\/2024\/05\/images.jpeg","keywords":["alexandre pedroso","drogas","Guaruj\u00e1","M\u00c9DICO"],"articleSection":["Guaruj\u00e1","Pol\u00edcia"],"inLanguage":"pt-BR","potentialAction":[{"@type":"CommentAction","name":"Comment","target":["https:\/\/redenoticiaz.com.br\/litoralsp\/2024\/05\/02\/medico-do-pcc-e-condenado-a-8-anos-de-prisao-por-trafico-de-drogas#respond"]}]},{"@type":"WebPage","@id":"https:\/\/redenoticiaz.com.br\/litoralsp\/2024\/05\/02\/medico-do-pcc-e-condenado-a-8-anos-de-prisao-por-trafico-de-drogas","url":"https:\/\/redenoticiaz.com.br\/litoralsp\/2024\/05\/02\/medico-do-pcc-e-condenado-a-8-anos-de-prisao-por-trafico-de-drogas","name":"M\u00e9dico do PCC \u00e9 condenado a 8 anos de pris\u00e3o por tr\u00e1fico de drogas - Litoral SP","isPartOf":{"@id":"https:\/\/redenoticiaz.com.br\/litoralsp\/#website"},"primaryImageOfPage":{"@id":"https:\/\/redenoticiaz.com.br\/litoralsp\/2024\/05\/02\/medico-do-pcc-e-condenado-a-8-anos-de-prisao-por-trafico-de-drogas#primaryimage"},"image":{"@id":"https:\/\/redenoticiaz.com.br\/litoralsp\/2024\/05\/02\/medico-do-pcc-e-condenado-a-8-anos-de-prisao-por-trafico-de-drogas#primaryimage"},"thumbnailUrl":"https:\/\/redenoticiaz.com.br\/litoralsp\/wp-content\/uploads\/sites\/3\/2024\/05\/images.jpeg","datePublished":"2024-05-02T22:00:19+00:00","description":"O m\u00e9dico Alexandre Pedroso Ribeiro, dono de uma mans\u00e3o em guaruj\u00e1, onde foram apreendidos mais de 60 kg de entorpecentes em 2021, foi condenado a 8 anos e 9 meses de pris\u00e3o em regime fechado por tr\u00e1fico de drogas.","inLanguage":"pt-BR","potentialAction":[{"@type":"ReadAction","target":["https:\/\/redenoticiaz.com.br\/litoralsp\/2024\/05\/02\/medico-do-pcc-e-condenado-a-8-anos-de-prisao-por-trafico-de-drogas"]}]},{"@type":"ImageObject","inLanguage":"pt-BR","@id":"https:\/\/redenoticiaz.com.br\/litoralsp\/2024\/05\/02\/medico-do-pcc-e-condenado-a-8-anos-de-prisao-por-trafico-de-drogas#primaryimage","url":"https:\/\/redenoticiaz.com.br\/litoralsp\/wp-content\/uploads\/sites\/3\/2024\/05\/images.jpeg","contentUrl":"https:\/\/redenoticiaz.com.br\/litoralsp\/wp-content\/uploads\/sites\/3\/2024\/05\/images.jpeg","width":318,"height":159},{"@type":"WebSite","@id":"https:\/\/redenoticiaz.com.br\/litoralsp\/#website","url":"https:\/\/redenoticiaz.com.br\/litoralsp\/","name":"Litoral SP","description":"Rede NoticiaZ","publisher":{"@id":"https:\/\/redenoticiaz.com.br\/litoralsp\/#organization"},"potentialAction":[{"@type":"SearchAction","target":{"@type":"EntryPoint","urlTemplate":"https:\/\/redenoticiaz.com.br\/litoralsp\/?s={search_term_string}"},"query-input":{"@type":"PropertyValueSpecification","valueRequired":true,"valueName":"search_term_string"}}],"inLanguage":"pt-BR"},{"@type":"Organization","@id":"https:\/\/redenoticiaz.com.br\/litoralsp\/#organization","name":"Litoral SP","url":"https:\/\/redenoticiaz.com.br\/litoralsp\/","logo":{"@type":"ImageObject","inLanguage":"pt-BR","@id":"https:\/\/redenoticiaz.com.br\/litoralsp\/#\/schema\/logo\/image\/","url":"https:\/\/redenoticiaz.com.br\/litoralsp\/wp-content\/uploads\/sites\/3\/2020\/11\/logo.jpg","contentUrl":"https:\/\/redenoticiaz.com.br\/litoralsp\/wp-content\/uploads\/sites\/3\/2020\/11\/logo.jpg","width":400,"height":250,"caption":"Litoral SP"},"image":{"@id":"https:\/\/redenoticiaz.com.br\/litoralsp\/#\/schema\/logo\/image\/"}},{"@type":"Person","@id":"https:\/\/redenoticiaz.com.br\/litoralsp\/#\/schema\/person\/16057b37a3c0ee6b096d7f887c566e2e","name":"Gustavo Silva","image":{"@type":"ImageObject","inLanguage":"pt-BR","@id":"https:\/\/secure.gravatar.com\/avatar\/3ee4e82f93b26de0a7cf4ea5eb7893da637ed6bb0c9170c58065944c56e28a33?s=96&d=mm&r=g","url":"https:\/\/secure.gravatar.com\/avatar\/3ee4e82f93b26de0a7cf4ea5eb7893da637ed6bb0c9170c58065944c56e28a33?s=96&d=mm&r=g","contentUrl":"https:\/\/secure.gravatar.com\/avatar\/3ee4e82f93b26de0a7cf4ea5eb7893da637ed6bb0c9170c58065944c56e28a33?s=96&d=mm&r=g","caption":"Gustavo Silva"},"url":"https:\/\/redenoticiaz.com.br\/litoralsp\/author\/gustavosilva"}]}},"_links":{"self":[{"href":"https:\/\/redenoticiaz.com.br\/litoralsp\/wp-json\/wp\/v2\/posts\/116004","targetHints":{"allow":["GET"]}}],"collection":[{"href":"https:\/\/redenoticiaz.com.br\/litoralsp\/wp-json\/wp\/v2\/posts"}],"about":[{"href":"https:\/\/redenoticiaz.com.br\/litoralsp\/wp-json\/wp\/v2\/types\/post"}],"author":[{"embeddable":true,"href":"https:\/\/redenoticiaz.com.br\/litoralsp\/wp-json\/wp\/v2\/users\/12"}],"replies":[{"embeddable":true,"href":"https:\/\/redenoticiaz.com.br\/litoralsp\/wp-json\/wp\/v2\/comments?post=116004"}],"version-history":[{"count":1,"href":"https:\/\/redenoticiaz.com.br\/litoralsp\/wp-json\/wp\/v2\/posts\/116004\/revisions"}],"predecessor-version":[{"id":116006,"href":"https:\/\/redenoticiaz.com.br\/litoralsp\/wp-json\/wp\/v2\/posts\/116004\/revisions\/116006"}],"wp:featuredmedia":[{"embeddable":true,"href":"https:\/\/redenoticiaz.com.br\/litoralsp\/wp-json\/wp\/v2\/media\/116005"}],"wp:attachment":[{"href":"https:\/\/redenoticiaz.com.br\/litoralsp\/wp-json\/wp\/v2\/media?parent=116004"}],"wp:term":[{"taxonomy":"category","embeddable":true,"href":"https:\/\/redenoticiaz.com.br\/litoralsp\/wp-json\/wp\/v2\/categories?post=116004"},{"taxonomy":"post_tag","embeddable":true,"href":"https:\/\/redenoticiaz.com.br\/litoralsp\/wp-json\/wp\/v2\/tags?post=116004"}],"curies":[{"name":"wp","href":"https:\/\/api.w.org\/{rel}","templated":true}]}}