{"id":116117,"date":"2024-05-11T14:00:54","date_gmt":"2024-05-11T17:00:54","guid":{"rendered":"https:\/\/redenoticiaz.com.br\/litoralsp\/?p=116117"},"modified":"2024-05-08T17:34:38","modified_gmt":"2024-05-08T20:34:38","slug":"com-investimento-de-r-170-milhoes-sp-tera-novo-parque-aquatico","status":"publish","type":"post","link":"https:\/\/redenoticiaz.com.br\/litoralsp\/2024\/05\/11\/com-investimento-de-r-170-milhoes-sp-tera-novo-parque-aquatico","title":{"rendered":"Com investimento de R$ 170 milh\u00f5es SP ter\u00e1 novo parque aqu\u00e1tico"},"content":{"rendered":"<p>O Estado de S\u00e3o Paulo ganhar\u00e1 um novo parque aqu\u00e1tico em 2025. Com investimento de R$ 170 milh\u00f5es e a gera\u00e7\u00e3o de at\u00e9 600 empregos, o Acqua Thermas Park ser\u00e1 constru\u00eddo em Sorocaba, cidade do interior distante cerca de 90 quil\u00f4metros da Capital. O Grupo Thermas, respons\u00e1vel pelo projeto, diz que o parque ocupar\u00e1 uma \u00e1rea de 120 mil m\u00b2, ter\u00e1 \u00e1gua quente em todos os ambientes e contar\u00e1 com o maior tobo\u00e1gua do mundo, de 60 metros de altura \u2013 o equivalente a um pr\u00e9dio de 21 andares \u2013, al\u00e9m de uma praia artificial de 3 mil m\u00b2.<\/p>\n<p>O projeto conta com apoio da InvestSP &#8211; ag\u00eancia de promo\u00e7\u00e3o de investimentos vinculada \u00e0 Secretaria de Desenvolvimento Econ\u00f4mico (SDE), do Governo de S\u00e3o Paulo \u2013, que deu suporte \u00e0 empresa desde a an\u00e1lise do terreno escolhido, at\u00e9 quest\u00f5es relacionadas \u00e0 parte ambiental, que exige aten\u00e7\u00e3o em projetos como esse.<\/p>\n<p>\u201cAo olhar o turismo como neg\u00f3cio, se abre um campo enorme para o desenvolvimento regional e a atra\u00e7\u00e3o de novos investimentos. Essa \u00e9 uma diretriz do governador Tarc\u00edsio de Freitas: explorar as voca\u00e7\u00f5es de cada regi\u00e3o, visando gerar mais renda e emprego para os munic\u00edpios\u201d, afirma o secret\u00e1rio de Desenvolvimento Econ\u00f4mico do Estado, Jorge Lima.<\/p>\n<p>\u201cO parque deve movimentar hot\u00e9is, restaurantes e todo o com\u00e9rcio da regi\u00e3o, com impacto direto na economia local. Por isso, temos nos esfor\u00e7ado n\u00e3o apenas para apoiar as empresas que querem investir no Estado, mas, tamb\u00e9m, as prefeituras, para que explorem melhor o potencial tur\u00edstico das cidades\u201d, diz o presidente da InvestSP, Rui Gomes.<\/p>\n<p>\u201cO apoio da InvestSP foi de extrema import\u00e2ncia para a concretiza\u00e7\u00e3o deste projeto inovador. Desde a an\u00e1lise do terreno at\u00e9 as quest\u00f5es ambientais, contamos com o suporte fundamental da ag\u00eancia, que demonstrou um compromisso genu\u00edno com o desenvolvimento econ\u00f4mico e tur\u00edstico de Sorocaba\u201d, destaca o porta-voz do Grupo Thermas, Keven Moreira.<\/p>\n<p>A expectativa \u00e9 de que o Acqua Thermas Park receba at\u00e9 150 mil visitantes por m\u00eas. Ele contar\u00e1 com 1,2 mil vagas de estacionamento e ter\u00e1 f\u00e1cil acesso pelas rodovias Raposo Tavares e Castello Branco, o que deve atrair, tamb\u00e9m, moradores da Grande S\u00e3o Paulo. Ser\u00e3o pelo menos 10 tobo\u00e1guas, espa\u00e7o kids, bar molhado, piscina de ondas, ofur\u00f4s e estrutura para esportes radicais, entre outras atra\u00e7\u00f5es.<\/p>\n<p>Ser\u00e1 o maior dos dois parques aqu\u00e1ticos do Grupo Thermas no Estado de S\u00e3o Paulo. O outro, o Sunset Thermas Park, funciona desde 2017 na cidade de Paranapanema, a 250 quil\u00f4metros da Capital.<\/p>\n<p>LEIA MAIS<\/p>\n<p><a href=\"https:\/\/redenoticiaz.com.br\/blog\/2024\/05\/08\/defesa-civil-e-bombeiros-voluntarios-combatem-incendio-em-varzea-paulista\">Defesa Civil e Bombeiros volunt\u00e1rios combatem inc\u00eandio em V\u00e1rzea Paulista<\/a><\/p>\n<p><a href=\"https:\/\/redenoticiaz.com.br\/blog\/2024\/05\/08\/video-suspeito-de-estuprar-moradora-de-rua-e-identificado\">V\u00cdDEO \u2013 Suspeito de estuprar moradora de rua \u00e9 identificado<\/a><\/p>\n<p>&nbsp;<\/p>\n","protected":false},"excerpt":{"rendered":"<p>O Estado de S\u00e3o Paulo ganhar\u00e1 um novo parque aqu\u00e1tico em 2025. Com investimento de R$ 170 milh\u00f5es e a gera\u00e7\u00e3o de at\u00e9 600 empregos, o Acqua Thermas Park ser\u00e1 constru\u00eddo em Sorocaba, cidade do interior distante cerca de 90 quil\u00f4metros da Capital. O Grupo Thermas, respons\u00e1vel pelo projeto, diz que o parque ocupar\u00e1 uma &hellip;<\/p>\n","protected":false},"author":30,"featured_media":116118,"comment_status":"open","ping_status":"closed","sticky":false,"template":"","format":"standard","meta":{"footnotes":""},"categories":[67963,775],"tags":[37221,63130,65],"class_list":["post-116117","post","type-post","status-publish","format-standard","has-post-thumbnail","hentry","category-emprego","category-turismo","tag-investimento","tag-parque-aquatico","tag-sao-paulo"],"yoast_head":"<!-- This site is optimized with the Yoast SEO plugin v27.5 - https:\/\/yoast.com\/product\/yoast-seo-wordpress\/ -->\n<title>Com investimento de R$ 170 milh\u00f5es SP ter\u00e1 novo parque aqu\u00e1tico - Litoral SP<\/title>\n<meta name=\"description\" content=\"O Estado de S\u00e3o Paulo ganhar\u00e1 um novo parque aqu\u00e1tico em 2025. Com investimento de R$ 170 milh\u00f5es e a gera\u00e7\u00e3o de at\u00e9 600 empregos.\" \/>\n<meta name=\"robots\" content=\"index, follow, max-snippet:-1, max-image-preview:large, max-video-preview:-1\" \/>\n<link rel=\"canonical\" href=\"https:\/\/redenoticiaz.com.br\/litoralsp\/2024\/05\/11\/com-investimento-de-r-170-milhoes-sp-tera-novo-parque-aquatico\" \/>\n<meta property=\"og:locale\" content=\"pt_BR\" \/>\n<meta property=\"og:type\" content=\"article\" \/>\n<meta property=\"og:title\" content=\"Com investimento de R$ 170 milh\u00f5es SP ter\u00e1 novo parque aqu\u00e1tico - Litoral SP\" \/>\n<meta property=\"og:description\" content=\"O Estado de S\u00e3o Paulo ganhar\u00e1 um novo parque aqu\u00e1tico em 2025. Com investimento de R$ 170 milh\u00f5es e a gera\u00e7\u00e3o de at\u00e9 600 empregos.\" \/>\n<meta property=\"og:url\" content=\"https:\/\/redenoticiaz.com.br\/litoralsp\/2024\/05\/11\/com-investimento-de-r-170-milhoes-sp-tera-novo-parque-aquatico\" \/>\n<meta property=\"og:site_name\" content=\"Litoral SP\" \/>\n<meta property=\"article:published_time\" content=\"2024-05-11T17:00:54+00:00\" \/>\n<meta property=\"og:image\" content=\"https:\/\/redenoticiaz.com.br\/litoralsp\/wp-content\/uploads\/sites\/3\/2024\/05\/acqua-thermas-park.jpg?v=1715200259\" \/>\n\t<meta property=\"og:image:width\" content=\"953\" \/>\n\t<meta property=\"og:image:height\" content=\"525\" \/>\n\t<meta property=\"og:image:type\" content=\"image\/jpeg\" \/>\n<meta name=\"author\" content=\"Carina Reifonas\" \/>\n<meta name=\"twitter:card\" content=\"summary_large_image\" \/>\n<meta name=\"twitter:label1\" content=\"Escrito por\" \/>\n\t<meta name=\"twitter:data1\" content=\"Carina Reifonas\" \/>\n\t<meta name=\"twitter:label2\" content=\"Est. tempo de leitura\" \/>\n\t<meta name=\"twitter:data2\" content=\"3 minutos\" \/>\n<script type=\"application\/ld+json\" class=\"yoast-schema-graph\">{\"@context\":\"https:\\\/\\\/schema.org\",\"@graph\":[{\"@type\":\"Article\",\"@id\":\"https:\\\/\\\/redenoticiaz.com.br\\\/litoralsp\\\/2024\\\/05\\\/11\\\/com-investimento-de-r-170-milhoes-sp-tera-novo-parque-aquatico#article\",\"isPartOf\":{\"@id\":\"https:\\\/\\\/redenoticiaz.com.br\\\/litoralsp\\\/2024\\\/05\\\/11\\\/com-investimento-de-r-170-milhoes-sp-tera-novo-parque-aquatico\"},\"author\":{\"name\":\"Carina Reifonas\",\"@id\":\"https:\\\/\\\/redenoticiaz.com.br\\\/litoralsp\\\/#\\\/schema\\\/person\\\/1f84d6e94e6a62d2d81199d7503e9e90\"},\"headline\":\"Com investimento de R$ 170 milh\u00f5es SP ter\u00e1 novo parque aqu\u00e1tico\",\"datePublished\":\"2024-05-11T17:00:54+00:00\",\"mainEntityOfPage\":{\"@id\":\"https:\\\/\\\/redenoticiaz.com.br\\\/litoralsp\\\/2024\\\/05\\\/11\\\/com-investimento-de-r-170-milhoes-sp-tera-novo-parque-aquatico\"},\"wordCount\":476,\"commentCount\":0,\"publisher\":{\"@id\":\"https:\\\/\\\/redenoticiaz.com.br\\\/litoralsp\\\/#organization\"},\"image\":{\"@id\":\"https:\\\/\\\/redenoticiaz.com.br\\\/litoralsp\\\/2024\\\/05\\\/11\\\/com-investimento-de-r-170-milhoes-sp-tera-novo-parque-aquatico#primaryimage\"},\"thumbnailUrl\":\"https:\\\/\\\/redenoticiaz.com.br\\\/litoralsp\\\/wp-content\\\/uploads\\\/sites\\\/3\\\/2024\\\/05\\\/acqua-thermas-park.jpg?v=1715200259\",\"keywords\":[\"INVESTIMENTO\",\"PARQUE AQU\u00c1TICO\",\"S\u00e3o Paulo\"],\"articleSection\":[\"Emprego\",\"Turismo\"],\"inLanguage\":\"pt-BR\",\"potentialAction\":[{\"@type\":\"CommentAction\",\"name\":\"Comment\",\"target\":[\"https:\\\/\\\/redenoticiaz.com.br\\\/litoralsp\\\/2024\\\/05\\\/11\\\/com-investimento-de-r-170-milhoes-sp-tera-novo-parque-aquatico#respond\"]}]},{\"@type\":\"WebPage\",\"@id\":\"https:\\\/\\\/redenoticiaz.com.br\\\/litoralsp\\\/2024\\\/05\\\/11\\\/com-investimento-de-r-170-milhoes-sp-tera-novo-parque-aquatico\",\"url\":\"https:\\\/\\\/redenoticiaz.com.br\\\/litoralsp\\\/2024\\\/05\\\/11\\\/com-investimento-de-r-170-milhoes-sp-tera-novo-parque-aquatico\",\"name\":\"Com investimento de R$ 170 milh\u00f5es SP ter\u00e1 novo parque aqu\u00e1tico - Litoral SP\",\"isPartOf\":{\"@id\":\"https:\\\/\\\/redenoticiaz.com.br\\\/litoralsp\\\/#website\"},\"primaryImageOfPage\":{\"@id\":\"https:\\\/\\\/redenoticiaz.com.br\\\/litoralsp\\\/2024\\\/05\\\/11\\\/com-investimento-de-r-170-milhoes-sp-tera-novo-parque-aquatico#primaryimage\"},\"image\":{\"@id\":\"https:\\\/\\\/redenoticiaz.com.br\\\/litoralsp\\\/2024\\\/05\\\/11\\\/com-investimento-de-r-170-milhoes-sp-tera-novo-parque-aquatico#primaryimage\"},\"thumbnailUrl\":\"https:\\\/\\\/redenoticiaz.com.br\\\/litoralsp\\\/wp-content\\\/uploads\\\/sites\\\/3\\\/2024\\\/05\\\/acqua-thermas-park.jpg?v=1715200259\",\"datePublished\":\"2024-05-11T17:00:54+00:00\",\"description\":\"O Estado de S\u00e3o Paulo ganhar\u00e1 um novo parque aqu\u00e1tico em 2025. Com investimento de R$ 170 milh\u00f5es e a gera\u00e7\u00e3o de at\u00e9 600 empregos.\",\"inLanguage\":\"pt-BR\",\"potentialAction\":[{\"@type\":\"ReadAction\",\"target\":[\"https:\\\/\\\/redenoticiaz.com.br\\\/litoralsp\\\/2024\\\/05\\\/11\\\/com-investimento-de-r-170-milhoes-sp-tera-novo-parque-aquatico\"]}]},{\"@type\":\"ImageObject\",\"inLanguage\":\"pt-BR\",\"@id\":\"https:\\\/\\\/redenoticiaz.com.br\\\/litoralsp\\\/2024\\\/05\\\/11\\\/com-investimento-de-r-170-milhoes-sp-tera-novo-parque-aquatico#primaryimage\",\"url\":\"https:\\\/\\\/redenoticiaz.com.br\\\/litoralsp\\\/wp-content\\\/uploads\\\/sites\\\/3\\\/2024\\\/05\\\/acqua-thermas-park.jpg?v=1715200259\",\"contentUrl\":\"https:\\\/\\\/redenoticiaz.com.br\\\/litoralsp\\\/wp-content\\\/uploads\\\/sites\\\/3\\\/2024\\\/05\\\/acqua-thermas-park.jpg?v=1715200259\",\"width\":953,\"height\":525},{\"@type\":\"WebSite\",\"@id\":\"https:\\\/\\\/redenoticiaz.com.br\\\/litoralsp\\\/#website\",\"url\":\"https:\\\/\\\/redenoticiaz.com.br\\\/litoralsp\\\/\",\"name\":\"Litoral SP\",\"description\":\"Rede NoticiaZ\",\"publisher\":{\"@id\":\"https:\\\/\\\/redenoticiaz.com.br\\\/litoralsp\\\/#organization\"},\"potentialAction\":[{\"@type\":\"SearchAction\",\"target\":{\"@type\":\"EntryPoint\",\"urlTemplate\":\"https:\\\/\\\/redenoticiaz.com.br\\\/litoralsp\\\/?s={search_term_string}\"},\"query-input\":{\"@type\":\"PropertyValueSpecification\",\"valueRequired\":true,\"valueName\":\"search_term_string\"}}],\"inLanguage\":\"pt-BR\"},{\"@type\":\"Organization\",\"@id\":\"https:\\\/\\\/redenoticiaz.com.br\\\/litoralsp\\\/#organization\",\"name\":\"Litoral SP\",\"url\":\"https:\\\/\\\/redenoticiaz.com.br\\\/litoralsp\\\/\",\"logo\":{\"@type\":\"ImageObject\",\"inLanguage\":\"pt-BR\",\"@id\":\"https:\\\/\\\/redenoticiaz.com.br\\\/litoralsp\\\/#\\\/schema\\\/logo\\\/image\\\/\",\"url\":\"https:\\\/\\\/redenoticiaz.com.br\\\/litoralsp\\\/wp-content\\\/uploads\\\/sites\\\/3\\\/2020\\\/11\\\/logo.jpg\",\"contentUrl\":\"https:\\\/\\\/redenoticiaz.com.br\\\/litoralsp\\\/wp-content\\\/uploads\\\/sites\\\/3\\\/2020\\\/11\\\/logo.jpg\",\"width\":400,\"height\":250,\"caption\":\"Litoral SP\"},\"image\":{\"@id\":\"https:\\\/\\\/redenoticiaz.com.br\\\/litoralsp\\\/#\\\/schema\\\/logo\\\/image\\\/\"}},{\"@type\":\"Person\",\"@id\":\"https:\\\/\\\/redenoticiaz.com.br\\\/litoralsp\\\/#\\\/schema\\\/person\\\/1f84d6e94e6a62d2d81199d7503e9e90\",\"name\":\"Carina Reifonas\",\"image\":{\"@type\":\"ImageObject\",\"inLanguage\":\"pt-BR\",\"@id\":\"https:\\\/\\\/secure.gravatar.com\\\/avatar\\\/04c59859b23696cf867715880f81d5c037e60109730bdb4e6670ec2a2245bc97?s=96&d=mm&r=g\",\"url\":\"https:\\\/\\\/secure.gravatar.com\\\/avatar\\\/04c59859b23696cf867715880f81d5c037e60109730bdb4e6670ec2a2245bc97?s=96&d=mm&r=g\",\"contentUrl\":\"https:\\\/\\\/secure.gravatar.com\\\/avatar\\\/04c59859b23696cf867715880f81d5c037e60109730bdb4e6670ec2a2245bc97?s=96&d=mm&r=g\",\"caption\":\"Carina Reifonas\"},\"url\":\"https:\\\/\\\/redenoticiaz.com.br\\\/litoralsp\\\/author\\\/carinareifonas\"}]}<\/script>\n<!-- \/ Yoast SEO plugin. -->","yoast_head_json":{"title":"Com investimento de R$ 170 milh\u00f5es SP ter\u00e1 novo parque aqu\u00e1tico - Litoral SP","description":"O Estado de S\u00e3o Paulo ganhar\u00e1 um novo parque aqu\u00e1tico em 2025. Com investimento de R$ 170 milh\u00f5es e a gera\u00e7\u00e3o de at\u00e9 600 empregos.","robots":{"index":"index","follow":"follow","max-snippet":"max-snippet:-1","max-image-preview":"max-image-preview:large","max-video-preview":"max-video-preview:-1"},"canonical":"https:\/\/redenoticiaz.com.br\/litoralsp\/2024\/05\/11\/com-investimento-de-r-170-milhoes-sp-tera-novo-parque-aquatico","og_locale":"pt_BR","og_type":"article","og_title":"Com investimento de R$ 170 milh\u00f5es SP ter\u00e1 novo parque aqu\u00e1tico - Litoral SP","og_description":"O Estado de S\u00e3o Paulo ganhar\u00e1 um novo parque aqu\u00e1tico em 2025. Com investimento de R$ 170 milh\u00f5es e a gera\u00e7\u00e3o de at\u00e9 600 empregos.","og_url":"https:\/\/redenoticiaz.com.br\/litoralsp\/2024\/05\/11\/com-investimento-de-r-170-milhoes-sp-tera-novo-parque-aquatico","og_site_name":"Litoral SP","article_published_time":"2024-05-11T17:00:54+00:00","og_image":[{"width":953,"height":525,"url":"https:\/\/redenoticiaz.com.br\/litoralsp\/wp-content\/uploads\/sites\/3\/2024\/05\/acqua-thermas-park.jpg?v=1715200259","type":"image\/jpeg"}],"author":"Carina Reifonas","twitter_card":"summary_large_image","twitter_misc":{"Escrito por":"Carina Reifonas","Est. tempo de leitura":"3 minutos"},"schema":{"@context":"https:\/\/schema.org","@graph":[{"@type":"Article","@id":"https:\/\/redenoticiaz.com.br\/litoralsp\/2024\/05\/11\/com-investimento-de-r-170-milhoes-sp-tera-novo-parque-aquatico#article","isPartOf":{"@id":"https:\/\/redenoticiaz.com.br\/litoralsp\/2024\/05\/11\/com-investimento-de-r-170-milhoes-sp-tera-novo-parque-aquatico"},"author":{"name":"Carina Reifonas","@id":"https:\/\/redenoticiaz.com.br\/litoralsp\/#\/schema\/person\/1f84d6e94e6a62d2d81199d7503e9e90"},"headline":"Com investimento de R$ 170 milh\u00f5es SP ter\u00e1 novo parque aqu\u00e1tico","datePublished":"2024-05-11T17:00:54+00:00","mainEntityOfPage":{"@id":"https:\/\/redenoticiaz.com.br\/litoralsp\/2024\/05\/11\/com-investimento-de-r-170-milhoes-sp-tera-novo-parque-aquatico"},"wordCount":476,"commentCount":0,"publisher":{"@id":"https:\/\/redenoticiaz.com.br\/litoralsp\/#organization"},"image":{"@id":"https:\/\/redenoticiaz.com.br\/litoralsp\/2024\/05\/11\/com-investimento-de-r-170-milhoes-sp-tera-novo-parque-aquatico#primaryimage"},"thumbnailUrl":"https:\/\/redenoticiaz.com.br\/litoralsp\/wp-content\/uploads\/sites\/3\/2024\/05\/acqua-thermas-park.jpg?v=1715200259","keywords":["INVESTIMENTO","PARQUE AQU\u00c1TICO","S\u00e3o Paulo"],"articleSection":["Emprego","Turismo"],"inLanguage":"pt-BR","potentialAction":[{"@type":"CommentAction","name":"Comment","target":["https:\/\/redenoticiaz.com.br\/litoralsp\/2024\/05\/11\/com-investimento-de-r-170-milhoes-sp-tera-novo-parque-aquatico#respond"]}]},{"@type":"WebPage","@id":"https:\/\/redenoticiaz.com.br\/litoralsp\/2024\/05\/11\/com-investimento-de-r-170-milhoes-sp-tera-novo-parque-aquatico","url":"https:\/\/redenoticiaz.com.br\/litoralsp\/2024\/05\/11\/com-investimento-de-r-170-milhoes-sp-tera-novo-parque-aquatico","name":"Com investimento de R$ 170 milh\u00f5es SP ter\u00e1 novo parque aqu\u00e1tico - Litoral SP","isPartOf":{"@id":"https:\/\/redenoticiaz.com.br\/litoralsp\/#website"},"primaryImageOfPage":{"@id":"https:\/\/redenoticiaz.com.br\/litoralsp\/2024\/05\/11\/com-investimento-de-r-170-milhoes-sp-tera-novo-parque-aquatico#primaryimage"},"image":{"@id":"https:\/\/redenoticiaz.com.br\/litoralsp\/2024\/05\/11\/com-investimento-de-r-170-milhoes-sp-tera-novo-parque-aquatico#primaryimage"},"thumbnailUrl":"https:\/\/redenoticiaz.com.br\/litoralsp\/wp-content\/uploads\/sites\/3\/2024\/05\/acqua-thermas-park.jpg?v=1715200259","datePublished":"2024-05-11T17:00:54+00:00","description":"O Estado de S\u00e3o Paulo ganhar\u00e1 um novo parque aqu\u00e1tico em 2025. Com investimento de R$ 170 milh\u00f5es e a gera\u00e7\u00e3o de at\u00e9 600 empregos.","inLanguage":"pt-BR","potentialAction":[{"@type":"ReadAction","target":["https:\/\/redenoticiaz.com.br\/litoralsp\/2024\/05\/11\/com-investimento-de-r-170-milhoes-sp-tera-novo-parque-aquatico"]}]},{"@type":"ImageObject","inLanguage":"pt-BR","@id":"https:\/\/redenoticiaz.com.br\/litoralsp\/2024\/05\/11\/com-investimento-de-r-170-milhoes-sp-tera-novo-parque-aquatico#primaryimage","url":"https:\/\/redenoticiaz.com.br\/litoralsp\/wp-content\/uploads\/sites\/3\/2024\/05\/acqua-thermas-park.jpg?v=1715200259","contentUrl":"https:\/\/redenoticiaz.com.br\/litoralsp\/wp-content\/uploads\/sites\/3\/2024\/05\/acqua-thermas-park.jpg?v=1715200259","width":953,"height":525},{"@type":"WebSite","@id":"https:\/\/redenoticiaz.com.br\/litoralsp\/#website","url":"https:\/\/redenoticiaz.com.br\/litoralsp\/","name":"Litoral SP","description":"Rede NoticiaZ","publisher":{"@id":"https:\/\/redenoticiaz.com.br\/litoralsp\/#organization"},"potentialAction":[{"@type":"SearchAction","target":{"@type":"EntryPoint","urlTemplate":"https:\/\/redenoticiaz.com.br\/litoralsp\/?s={search_term_string}"},"query-input":{"@type":"PropertyValueSpecification","valueRequired":true,"valueName":"search_term_string"}}],"inLanguage":"pt-BR"},{"@type":"Organization","@id":"https:\/\/redenoticiaz.com.br\/litoralsp\/#organization","name":"Litoral SP","url":"https:\/\/redenoticiaz.com.br\/litoralsp\/","logo":{"@type":"ImageObject","inLanguage":"pt-BR","@id":"https:\/\/redenoticiaz.com.br\/litoralsp\/#\/schema\/logo\/image\/","url":"https:\/\/redenoticiaz.com.br\/litoralsp\/wp-content\/uploads\/sites\/3\/2020\/11\/logo.jpg","contentUrl":"https:\/\/redenoticiaz.com.br\/litoralsp\/wp-content\/uploads\/sites\/3\/2020\/11\/logo.jpg","width":400,"height":250,"caption":"Litoral SP"},"image":{"@id":"https:\/\/redenoticiaz.com.br\/litoralsp\/#\/schema\/logo\/image\/"}},{"@type":"Person","@id":"https:\/\/redenoticiaz.com.br\/litoralsp\/#\/schema\/person\/1f84d6e94e6a62d2d81199d7503e9e90","name":"Carina Reifonas","image":{"@type":"ImageObject","inLanguage":"pt-BR","@id":"https:\/\/secure.gravatar.com\/avatar\/04c59859b23696cf867715880f81d5c037e60109730bdb4e6670ec2a2245bc97?s=96&d=mm&r=g","url":"https:\/\/secure.gravatar.com\/avatar\/04c59859b23696cf867715880f81d5c037e60109730bdb4e6670ec2a2245bc97?s=96&d=mm&r=g","contentUrl":"https:\/\/secure.gravatar.com\/avatar\/04c59859b23696cf867715880f81d5c037e60109730bdb4e6670ec2a2245bc97?s=96&d=mm&r=g","caption":"Carina Reifonas"},"url":"https:\/\/redenoticiaz.com.br\/litoralsp\/author\/carinareifonas"}]}},"_links":{"self":[{"href":"https:\/\/redenoticiaz.com.br\/litoralsp\/wp-json\/wp\/v2\/posts\/116117","targetHints":{"allow":["GET"]}}],"collection":[{"href":"https:\/\/redenoticiaz.com.br\/litoralsp\/wp-json\/wp\/v2\/posts"}],"about":[{"href":"https:\/\/redenoticiaz.com.br\/litoralsp\/wp-json\/wp\/v2\/types\/post"}],"author":[{"embeddable":true,"href":"https:\/\/redenoticiaz.com.br\/litoralsp\/wp-json\/wp\/v2\/users\/30"}],"replies":[{"embeddable":true,"href":"https:\/\/redenoticiaz.com.br\/litoralsp\/wp-json\/wp\/v2\/comments?post=116117"}],"version-history":[{"count":1,"href":"https:\/\/redenoticiaz.com.br\/litoralsp\/wp-json\/wp\/v2\/posts\/116117\/revisions"}],"predecessor-version":[{"id":116180,"href":"https:\/\/redenoticiaz.com.br\/litoralsp\/wp-json\/wp\/v2\/posts\/116117\/revisions\/116180"}],"wp:featuredmedia":[{"embeddable":true,"href":"https:\/\/redenoticiaz.com.br\/litoralsp\/wp-json\/wp\/v2\/media\/116118"}],"wp:attachment":[{"href":"https:\/\/redenoticiaz.com.br\/litoralsp\/wp-json\/wp\/v2\/media?parent=116117"}],"wp:term":[{"taxonomy":"category","embeddable":true,"href":"https:\/\/redenoticiaz.com.br\/litoralsp\/wp-json\/wp\/v2\/categories?post=116117"},{"taxonomy":"post_tag","embeddable":true,"href":"https:\/\/redenoticiaz.com.br\/litoralsp\/wp-json\/wp\/v2\/tags?post=116117"}],"curies":[{"name":"wp","href":"https:\/\/api.w.org\/{rel}","templated":true}]}}