{"id":11613,"date":"2021-07-19T18:45:38","date_gmt":"2021-07-19T21:45:38","guid":{"rendered":"https:\/\/redenoticiaz.com.br\/litoralsp\/2021\/07\/19\/quais-as-chances-do-brasil-nas-olimpiadas-de-toquio"},"modified":"2021-07-19T18:47:53","modified_gmt":"2021-07-19T21:47:53","slug":"quais-as-chances-do-brasil-nas-olimpiadas-de-toquio","status":"publish","type":"post","link":"https:\/\/redenoticiaz.com.br\/litoralsp\/2021\/07\/19\/quais-as-chances-do-brasil-nas-olimpiadas-de-toquio","title":{"rendered":"Quais as chances do Brasil nas Olimp\u00edadas de T\u00f3quio?"},"content":{"rendered":"<p>Nesta semana vai come\u00e7ar as <a href=\"https:\/\/olympics.com\/ioc\/overview\">Olimp\u00edadas de T\u00f3quio 2020<\/a>, no Jap\u00e3o, mas que devido a pandemia do coronav\u00edrus foi adiada para neste ano. O Brasil contar\u00e1 com uma delega\u00e7\u00e3o de mais de 300 atletas e tem perspectiva de poder alcan\u00e7ar um grande desempenho de p\u00f3dios e medalhas, podendo at\u00e9 superar o desempenho obtido na Rio 2016, quando o pa\u00eds teve 19 medalhas.<\/p>\n<p>S\u00f3 que a pergunta que \u00e9 feita \u00e9 quem s\u00e3o os favoritos e quem pode surpreender nas modalidades. Al\u00e9m disso, com as novidades do surf e do skate, os brasileiros tem grandes expectativas de ganhar medalhas. No surf, Gabriel Medina e \u00cdtalo Ferreira, que brigam por t\u00edtulo no Mundial de Surf, chegam como os principais favoritos. J\u00e1 no skate, P\u00e2mela Rosa e Rayssa Leal s\u00e3o grandes destaques do esporte e podem faturar as medalhas.<\/p>\n<p>O Brasil tem um hist\u00f3rico de faturar medalhas ol\u00edmpicas em modalidades como o v\u00f4lei de praia e de quadra, jud\u00f4, nata\u00e7\u00e3o, atletismo e na gin\u00e1stica. E mais uma vez surgem as perspectivas do pa\u00eds ter um n\u00famero superior de medalhas, inclusive com medalhas de ouro nestas modalidades, especialmente no v\u00f4lei e na gin\u00e1stica.<\/p>\n<p>Outra modalidade que concede medalhas ao Brasil nas Olimp\u00edadas \u00e9 a vela. E mais uma vez Robert Scheidt, que j\u00e1 foi medalhista de ouro em Atenas e em Pequim \u00e9 o principal nome para ganhar mais um ouro e colocar seu nome de vez como o maior medalhista brasileiro.<\/p>\n<h3>Antes da abertura, j\u00e1 tem disputas<\/h3>\n<p>A cerim\u00f4nia oficial das Olimp\u00edadas vai come\u00e7ar nesta sexta-feira (23). Mas as disputas ol\u00edmpicas se iniciam dois dias antes. J\u00e1 nesta quarta-feira o softbol e o futebol masculino e feminino lutar\u00e3o para conseguir medalhas. Os garotos tentam defender o t\u00edtulo de campe\u00e3o ol\u00edmpico e a estreia ser\u00e1 na quinta-feira (22) contra a Alemanha, \u00e0s 8h30, no hor\u00e1rio de Bras\u00edlia. J\u00e1 as meninas v\u00e3o estrear contra a China na quarta (21), mas \u00e0s 5h da manh\u00e3 no hor\u00e1rio de Bras\u00edlia.<\/p>\n<h3>Softbol \u2013 dias 21 e 22<\/h3>\n<h4>Dia 21:<\/h4>\n<ul>\n<li>Austr\u00e1lia x Jap\u00e3o \u2013 jogo come\u00e7a \u00e0s 9 horas<strong>\u00a0(21h do dia 20, no hor\u00e1rio de Bras\u00edlia)\u00a0<\/strong><\/li>\n<li>It\u00e1lia x Estados Unidos \u2013 jogo come\u00e7a \u00e0s 12 horas<strong>\u00a0(meia noite, no hor\u00e1rio de Bras\u00edlia)<\/strong><\/li>\n<li>M\u00e9xico x Canad\u00e1 \u2013 jogo come\u00e7a \u00e0s 15 horas\u00a0<strong>(3h da manh\u00e3, no hor\u00e1rio de Bras\u00edlia)<\/strong><\/li>\n<\/ul>\n<h4>Dia 22:<\/h4>\n<ul>\n<li>Estados Unidos x Canad\u00e1 \u2013 jogo come\u00e7a \u00e0s 9 horas\u00a0<strong>(21h do dia 21, no hor\u00e1rio de Bras\u00edlia)<\/strong><\/li>\n<li>M\u00e9xico x Jap\u00e3o \u2013 jogo come\u00e7a \u00e0s 12 horas<strong>\u00a0(meia noite no hor\u00e1rio de Bras\u00edlia)<\/strong><\/li>\n<li>It\u00e1lia x Austr\u00e1lia \u2013 jogo come\u00e7a \u00e0s 15 horas\u00a0<strong>(3h, no hor\u00e1rio de Bras\u00edlia)<\/strong><\/li>\n<\/ul>\n<p>Todas as competi\u00e7\u00f5es acontecem no est\u00e1dio de beisebol Fukushima Azuma em Fukushima, no Jap\u00e3o.<\/p>\n<p><strong>LEIA TAMB\u00c9M<\/strong><\/p>\n<p><a href=\"https:\/\/redenoticiaz.com.br\/blog\/2021\/07\/19\/brasileirao-palmeiras-bate-o-atletico-go-e-amplia-lideranca-da-competicao\">Brasileir\u00e3o: Palmeiras bate o Atl\u00e9tico-GO e amplia lideran\u00e7a da competi\u00e7\u00e3o<\/a><\/p>\n","protected":false},"excerpt":{"rendered":"<p>Nesta semana vai come\u00e7ar as Olimp\u00edadas de T\u00f3quio 2020, no Jap\u00e3o, mas que devido a pandemia do coronav\u00edrus foi adiada para neste ano. O Brasil contar\u00e1 com uma delega\u00e7\u00e3o de mais de 300 atletas e tem perspectiva de poder alcan\u00e7ar um grande desempenho de p\u00f3dios e medalhas, podendo at\u00e9 superar o desempenho obtido na Rio &hellip;<\/p>\n","protected":false},"author":6,"featured_media":11614,"comment_status":"open","ping_status":"closed","sticky":false,"template":"","format":"standard","meta":{"footnotes":""},"categories":[35,28092],"tags":[173,28141,28142,2917,25633],"class_list":["post-11613","post","type-post","status-publish","format-standard","has-post-thumbnail","hentry","category-esporte","category-olimpiadas","tag-brasil","tag-chances-de-medalha","tag-delegacao-brasileira","tag-japao","tag-olimpiadas-de-toquio"],"yoast_head":"<!-- This site is optimized with the Yoast SEO plugin v27.5 - https:\/\/yoast.com\/product\/yoast-seo-wordpress\/ -->\n<title>Quais as chances do Brasil nas Olimp\u00edadas de T\u00f3quio? - Litoral SP<\/title>\n<meta name=\"description\" content=\"Nesta semana vai come\u00e7ar as Olimp\u00edadas de T\u00f3quio 2020, no Jap\u00e3o, mas que devido a pandemia do coronav\u00edrus foi adiada\" \/>\n<meta name=\"robots\" content=\"index, follow, max-snippet:-1, max-image-preview:large, max-video-preview:-1\" \/>\n<link rel=\"canonical\" href=\"https:\/\/redenoticiaz.com.br\/litoralsp\/2021\/07\/19\/quais-as-chances-do-brasil-nas-olimpiadas-de-toquio\" \/>\n<meta property=\"og:locale\" content=\"pt_BR\" \/>\n<meta property=\"og:type\" content=\"article\" \/>\n<meta property=\"og:title\" content=\"Quais as chances do Brasil nas Olimp\u00edadas de T\u00f3quio? - Litoral SP\" \/>\n<meta property=\"og:description\" content=\"Nesta semana vai come\u00e7ar as Olimp\u00edadas de T\u00f3quio 2020, no Jap\u00e3o, mas que devido a pandemia do coronav\u00edrus foi adiada\" \/>\n<meta property=\"og:url\" content=\"https:\/\/redenoticiaz.com.br\/litoralsp\/2021\/07\/19\/quais-as-chances-do-brasil-nas-olimpiadas-de-toquio\" \/>\n<meta property=\"og:site_name\" content=\"Litoral SP\" \/>\n<meta property=\"article:published_time\" content=\"2021-07-19T21:45:38+00:00\" \/>\n<meta property=\"article:modified_time\" content=\"2021-07-19T21:47:53+00:00\" \/>\n<meta property=\"og:image\" content=\"https:\/\/redenoticiaz.com.br\/litoralsp\/wp-content\/uploads\/sites\/3\/2021\/07\/jr_cerimonia_26-07-2019_00003198-1536x971-1.jpg\" \/>\n\t<meta property=\"og:image:width\" content=\"1536\" \/>\n\t<meta property=\"og:image:height\" content=\"971\" \/>\n\t<meta property=\"og:image:type\" content=\"image\/jpeg\" \/>\n<meta name=\"author\" content=\"Leonardo Francisco\" \/>\n<meta name=\"twitter:card\" content=\"summary_large_image\" \/>\n<meta name=\"twitter:label1\" content=\"Escrito por\" \/>\n\t<meta name=\"twitter:data1\" content=\"Leonardo Francisco\" \/>\n\t<meta name=\"twitter:label2\" content=\"Est. tempo de leitura\" \/>\n\t<meta name=\"twitter:data2\" content=\"2 minutos\" \/>\n<script type=\"application\/ld+json\" class=\"yoast-schema-graph\">{\"@context\":\"https:\\\/\\\/schema.org\",\"@graph\":[{\"@type\":\"Article\",\"@id\":\"https:\\\/\\\/redenoticiaz.com.br\\\/litoralsp\\\/2021\\\/07\\\/19\\\/quais-as-chances-do-brasil-nas-olimpiadas-de-toquio#article\",\"isPartOf\":{\"@id\":\"https:\\\/\\\/redenoticiaz.com.br\\\/litoralsp\\\/2021\\\/07\\\/19\\\/quais-as-chances-do-brasil-nas-olimpiadas-de-toquio\"},\"author\":{\"name\":\"Leonardo Francisco\",\"@id\":\"https:\\\/\\\/redenoticiaz.com.br\\\/litoralsp\\\/#\\\/schema\\\/person\\\/0f0b8a5bdafefe82841e07ae8d81ecb3\"},\"headline\":\"Quais as chances do Brasil nas Olimp\u00edadas de T\u00f3quio?\",\"datePublished\":\"2021-07-19T21:45:38+00:00\",\"dateModified\":\"2021-07-19T21:47:53+00:00\",\"mainEntityOfPage\":{\"@id\":\"https:\\\/\\\/redenoticiaz.com.br\\\/litoralsp\\\/2021\\\/07\\\/19\\\/quais-as-chances-do-brasil-nas-olimpiadas-de-toquio\"},\"wordCount\":507,\"commentCount\":0,\"publisher\":{\"@id\":\"https:\\\/\\\/redenoticiaz.com.br\\\/litoralsp\\\/#organization\"},\"image\":{\"@id\":\"https:\\\/\\\/redenoticiaz.com.br\\\/litoralsp\\\/2021\\\/07\\\/19\\\/quais-as-chances-do-brasil-nas-olimpiadas-de-toquio#primaryimage\"},\"thumbnailUrl\":\"https:\\\/\\\/redenoticiaz.com.br\\\/litoralsp\\\/wp-content\\\/uploads\\\/sites\\\/3\\\/2021\\\/07\\\/jr_cerimonia_26-07-2019_00003198-1536x971-1.jpg\",\"keywords\":[\"Brasil\",\"CHANCES DE MEDALHA\",\"DELEGA\u00c7\u00c3O BRASILEIRA\",\"JAP\u00c3O\",\"OLIMP\u00cdADAS DE T\u00d3QUIO\"],\"articleSection\":[\"Esporte\",\"Olimp\u00edadas\"],\"inLanguage\":\"pt-BR\",\"potentialAction\":[{\"@type\":\"CommentAction\",\"name\":\"Comment\",\"target\":[\"https:\\\/\\\/redenoticiaz.com.br\\\/litoralsp\\\/2021\\\/07\\\/19\\\/quais-as-chances-do-brasil-nas-olimpiadas-de-toquio#respond\"]}]},{\"@type\":\"WebPage\",\"@id\":\"https:\\\/\\\/redenoticiaz.com.br\\\/litoralsp\\\/2021\\\/07\\\/19\\\/quais-as-chances-do-brasil-nas-olimpiadas-de-toquio\",\"url\":\"https:\\\/\\\/redenoticiaz.com.br\\\/litoralsp\\\/2021\\\/07\\\/19\\\/quais-as-chances-do-brasil-nas-olimpiadas-de-toquio\",\"name\":\"Quais as chances do Brasil nas Olimp\u00edadas de T\u00f3quio? - Litoral SP\",\"isPartOf\":{\"@id\":\"https:\\\/\\\/redenoticiaz.com.br\\\/litoralsp\\\/#website\"},\"primaryImageOfPage\":{\"@id\":\"https:\\\/\\\/redenoticiaz.com.br\\\/litoralsp\\\/2021\\\/07\\\/19\\\/quais-as-chances-do-brasil-nas-olimpiadas-de-toquio#primaryimage\"},\"image\":{\"@id\":\"https:\\\/\\\/redenoticiaz.com.br\\\/litoralsp\\\/2021\\\/07\\\/19\\\/quais-as-chances-do-brasil-nas-olimpiadas-de-toquio#primaryimage\"},\"thumbnailUrl\":\"https:\\\/\\\/redenoticiaz.com.br\\\/litoralsp\\\/wp-content\\\/uploads\\\/sites\\\/3\\\/2021\\\/07\\\/jr_cerimonia_26-07-2019_00003198-1536x971-1.jpg\",\"datePublished\":\"2021-07-19T21:45:38+00:00\",\"dateModified\":\"2021-07-19T21:47:53+00:00\",\"description\":\"Nesta semana vai come\u00e7ar as Olimp\u00edadas de T\u00f3quio 2020, no Jap\u00e3o, mas que devido a pandemia do coronav\u00edrus foi adiada\",\"inLanguage\":\"pt-BR\",\"potentialAction\":[{\"@type\":\"ReadAction\",\"target\":[\"https:\\\/\\\/redenoticiaz.com.br\\\/litoralsp\\\/2021\\\/07\\\/19\\\/quais-as-chances-do-brasil-nas-olimpiadas-de-toquio\"]}]},{\"@type\":\"ImageObject\",\"inLanguage\":\"pt-BR\",\"@id\":\"https:\\\/\\\/redenoticiaz.com.br\\\/litoralsp\\\/2021\\\/07\\\/19\\\/quais-as-chances-do-brasil-nas-olimpiadas-de-toquio#primaryimage\",\"url\":\"https:\\\/\\\/redenoticiaz.com.br\\\/litoralsp\\\/wp-content\\\/uploads\\\/sites\\\/3\\\/2021\\\/07\\\/jr_cerimonia_26-07-2019_00003198-1536x971-1.jpg\",\"contentUrl\":\"https:\\\/\\\/redenoticiaz.com.br\\\/litoralsp\\\/wp-content\\\/uploads\\\/sites\\\/3\\\/2021\\\/07\\\/jr_cerimonia_26-07-2019_00003198-1536x971-1.jpg\",\"width\":1536,\"height\":971,\"caption\":\"Os esportes coletivos s\u00e3o as principais possiblidades do pa\u00eds de conquistar medalhas.\"},{\"@type\":\"WebSite\",\"@id\":\"https:\\\/\\\/redenoticiaz.com.br\\\/litoralsp\\\/#website\",\"url\":\"https:\\\/\\\/redenoticiaz.com.br\\\/litoralsp\\\/\",\"name\":\"Litoral SP\",\"description\":\"Rede NoticiaZ\",\"publisher\":{\"@id\":\"https:\\\/\\\/redenoticiaz.com.br\\\/litoralsp\\\/#organization\"},\"potentialAction\":[{\"@type\":\"SearchAction\",\"target\":{\"@type\":\"EntryPoint\",\"urlTemplate\":\"https:\\\/\\\/redenoticiaz.com.br\\\/litoralsp\\\/?s={search_term_string}\"},\"query-input\":{\"@type\":\"PropertyValueSpecification\",\"valueRequired\":true,\"valueName\":\"search_term_string\"}}],\"inLanguage\":\"pt-BR\"},{\"@type\":\"Organization\",\"@id\":\"https:\\\/\\\/redenoticiaz.com.br\\\/litoralsp\\\/#organization\",\"name\":\"Litoral SP\",\"url\":\"https:\\\/\\\/redenoticiaz.com.br\\\/litoralsp\\\/\",\"logo\":{\"@type\":\"ImageObject\",\"inLanguage\":\"pt-BR\",\"@id\":\"https:\\\/\\\/redenoticiaz.com.br\\\/litoralsp\\\/#\\\/schema\\\/logo\\\/image\\\/\",\"url\":\"https:\\\/\\\/redenoticiaz.com.br\\\/litoralsp\\\/wp-content\\\/uploads\\\/sites\\\/3\\\/2020\\\/11\\\/logo.jpg\",\"contentUrl\":\"https:\\\/\\\/redenoticiaz.com.br\\\/litoralsp\\\/wp-content\\\/uploads\\\/sites\\\/3\\\/2020\\\/11\\\/logo.jpg\",\"width\":400,\"height\":250,\"caption\":\"Litoral SP\"},\"image\":{\"@id\":\"https:\\\/\\\/redenoticiaz.com.br\\\/litoralsp\\\/#\\\/schema\\\/logo\\\/image\\\/\"}},{\"@type\":\"Person\",\"@id\":\"https:\\\/\\\/redenoticiaz.com.br\\\/litoralsp\\\/#\\\/schema\\\/person\\\/0f0b8a5bdafefe82841e07ae8d81ecb3\",\"name\":\"Leonardo Francisco\",\"image\":{\"@type\":\"ImageObject\",\"inLanguage\":\"pt-BR\",\"@id\":\"https:\\\/\\\/secure.gravatar.com\\\/avatar\\\/a7358cb406a99b682ec6df1e77e31ae82e63601f6784e8a3df411d72b37864da?s=96&d=mm&r=g\",\"url\":\"https:\\\/\\\/secure.gravatar.com\\\/avatar\\\/a7358cb406a99b682ec6df1e77e31ae82e63601f6784e8a3df411d72b37864da?s=96&d=mm&r=g\",\"contentUrl\":\"https:\\\/\\\/secure.gravatar.com\\\/avatar\\\/a7358cb406a99b682ec6df1e77e31ae82e63601f6784e8a3df411d72b37864da?s=96&d=mm&r=g\",\"caption\":\"Leonardo Francisco\"},\"url\":\"https:\\\/\\\/redenoticiaz.com.br\\\/litoralsp\\\/author\\\/leonardo-francisco\"}]}<\/script>\n<!-- \/ Yoast SEO plugin. -->","yoast_head_json":{"title":"Quais as chances do Brasil nas Olimp\u00edadas de T\u00f3quio? - Litoral SP","description":"Nesta semana vai come\u00e7ar as Olimp\u00edadas de T\u00f3quio 2020, no Jap\u00e3o, mas que devido a pandemia do coronav\u00edrus foi adiada","robots":{"index":"index","follow":"follow","max-snippet":"max-snippet:-1","max-image-preview":"max-image-preview:large","max-video-preview":"max-video-preview:-1"},"canonical":"https:\/\/redenoticiaz.com.br\/litoralsp\/2021\/07\/19\/quais-as-chances-do-brasil-nas-olimpiadas-de-toquio","og_locale":"pt_BR","og_type":"article","og_title":"Quais as chances do Brasil nas Olimp\u00edadas de T\u00f3quio? - Litoral SP","og_description":"Nesta semana vai come\u00e7ar as Olimp\u00edadas de T\u00f3quio 2020, no Jap\u00e3o, mas que devido a pandemia do coronav\u00edrus foi adiada","og_url":"https:\/\/redenoticiaz.com.br\/litoralsp\/2021\/07\/19\/quais-as-chances-do-brasil-nas-olimpiadas-de-toquio","og_site_name":"Litoral SP","article_published_time":"2021-07-19T21:45:38+00:00","article_modified_time":"2021-07-19T21:47:53+00:00","og_image":[{"width":1536,"height":971,"url":"https:\/\/redenoticiaz.com.br\/litoralsp\/wp-content\/uploads\/sites\/3\/2021\/07\/jr_cerimonia_26-07-2019_00003198-1536x971-1.jpg","type":"image\/jpeg"}],"author":"Leonardo Francisco","twitter_card":"summary_large_image","twitter_misc":{"Escrito por":"Leonardo Francisco","Est. tempo de leitura":"2 minutos"},"schema":{"@context":"https:\/\/schema.org","@graph":[{"@type":"Article","@id":"https:\/\/redenoticiaz.com.br\/litoralsp\/2021\/07\/19\/quais-as-chances-do-brasil-nas-olimpiadas-de-toquio#article","isPartOf":{"@id":"https:\/\/redenoticiaz.com.br\/litoralsp\/2021\/07\/19\/quais-as-chances-do-brasil-nas-olimpiadas-de-toquio"},"author":{"name":"Leonardo Francisco","@id":"https:\/\/redenoticiaz.com.br\/litoralsp\/#\/schema\/person\/0f0b8a5bdafefe82841e07ae8d81ecb3"},"headline":"Quais as chances do Brasil nas Olimp\u00edadas de T\u00f3quio?","datePublished":"2021-07-19T21:45:38+00:00","dateModified":"2021-07-19T21:47:53+00:00","mainEntityOfPage":{"@id":"https:\/\/redenoticiaz.com.br\/litoralsp\/2021\/07\/19\/quais-as-chances-do-brasil-nas-olimpiadas-de-toquio"},"wordCount":507,"commentCount":0,"publisher":{"@id":"https:\/\/redenoticiaz.com.br\/litoralsp\/#organization"},"image":{"@id":"https:\/\/redenoticiaz.com.br\/litoralsp\/2021\/07\/19\/quais-as-chances-do-brasil-nas-olimpiadas-de-toquio#primaryimage"},"thumbnailUrl":"https:\/\/redenoticiaz.com.br\/litoralsp\/wp-content\/uploads\/sites\/3\/2021\/07\/jr_cerimonia_26-07-2019_00003198-1536x971-1.jpg","keywords":["Brasil","CHANCES DE MEDALHA","DELEGA\u00c7\u00c3O BRASILEIRA","JAP\u00c3O","OLIMP\u00cdADAS DE T\u00d3QUIO"],"articleSection":["Esporte","Olimp\u00edadas"],"inLanguage":"pt-BR","potentialAction":[{"@type":"CommentAction","name":"Comment","target":["https:\/\/redenoticiaz.com.br\/litoralsp\/2021\/07\/19\/quais-as-chances-do-brasil-nas-olimpiadas-de-toquio#respond"]}]},{"@type":"WebPage","@id":"https:\/\/redenoticiaz.com.br\/litoralsp\/2021\/07\/19\/quais-as-chances-do-brasil-nas-olimpiadas-de-toquio","url":"https:\/\/redenoticiaz.com.br\/litoralsp\/2021\/07\/19\/quais-as-chances-do-brasil-nas-olimpiadas-de-toquio","name":"Quais as chances do Brasil nas Olimp\u00edadas de T\u00f3quio? - Litoral SP","isPartOf":{"@id":"https:\/\/redenoticiaz.com.br\/litoralsp\/#website"},"primaryImageOfPage":{"@id":"https:\/\/redenoticiaz.com.br\/litoralsp\/2021\/07\/19\/quais-as-chances-do-brasil-nas-olimpiadas-de-toquio#primaryimage"},"image":{"@id":"https:\/\/redenoticiaz.com.br\/litoralsp\/2021\/07\/19\/quais-as-chances-do-brasil-nas-olimpiadas-de-toquio#primaryimage"},"thumbnailUrl":"https:\/\/redenoticiaz.com.br\/litoralsp\/wp-content\/uploads\/sites\/3\/2021\/07\/jr_cerimonia_26-07-2019_00003198-1536x971-1.jpg","datePublished":"2021-07-19T21:45:38+00:00","dateModified":"2021-07-19T21:47:53+00:00","description":"Nesta semana vai come\u00e7ar as Olimp\u00edadas de T\u00f3quio 2020, no Jap\u00e3o, mas que devido a pandemia do coronav\u00edrus foi adiada","inLanguage":"pt-BR","potentialAction":[{"@type":"ReadAction","target":["https:\/\/redenoticiaz.com.br\/litoralsp\/2021\/07\/19\/quais-as-chances-do-brasil-nas-olimpiadas-de-toquio"]}]},{"@type":"ImageObject","inLanguage":"pt-BR","@id":"https:\/\/redenoticiaz.com.br\/litoralsp\/2021\/07\/19\/quais-as-chances-do-brasil-nas-olimpiadas-de-toquio#primaryimage","url":"https:\/\/redenoticiaz.com.br\/litoralsp\/wp-content\/uploads\/sites\/3\/2021\/07\/jr_cerimonia_26-07-2019_00003198-1536x971-1.jpg","contentUrl":"https:\/\/redenoticiaz.com.br\/litoralsp\/wp-content\/uploads\/sites\/3\/2021\/07\/jr_cerimonia_26-07-2019_00003198-1536x971-1.jpg","width":1536,"height":971,"caption":"Os esportes coletivos s\u00e3o as principais possiblidades do pa\u00eds de conquistar medalhas."},{"@type":"WebSite","@id":"https:\/\/redenoticiaz.com.br\/litoralsp\/#website","url":"https:\/\/redenoticiaz.com.br\/litoralsp\/","name":"Litoral SP","description":"Rede NoticiaZ","publisher":{"@id":"https:\/\/redenoticiaz.com.br\/litoralsp\/#organization"},"potentialAction":[{"@type":"SearchAction","target":{"@type":"EntryPoint","urlTemplate":"https:\/\/redenoticiaz.com.br\/litoralsp\/?s={search_term_string}"},"query-input":{"@type":"PropertyValueSpecification","valueRequired":true,"valueName":"search_term_string"}}],"inLanguage":"pt-BR"},{"@type":"Organization","@id":"https:\/\/redenoticiaz.com.br\/litoralsp\/#organization","name":"Litoral SP","url":"https:\/\/redenoticiaz.com.br\/litoralsp\/","logo":{"@type":"ImageObject","inLanguage":"pt-BR","@id":"https:\/\/redenoticiaz.com.br\/litoralsp\/#\/schema\/logo\/image\/","url":"https:\/\/redenoticiaz.com.br\/litoralsp\/wp-content\/uploads\/sites\/3\/2020\/11\/logo.jpg","contentUrl":"https:\/\/redenoticiaz.com.br\/litoralsp\/wp-content\/uploads\/sites\/3\/2020\/11\/logo.jpg","width":400,"height":250,"caption":"Litoral SP"},"image":{"@id":"https:\/\/redenoticiaz.com.br\/litoralsp\/#\/schema\/logo\/image\/"}},{"@type":"Person","@id":"https:\/\/redenoticiaz.com.br\/litoralsp\/#\/schema\/person\/0f0b8a5bdafefe82841e07ae8d81ecb3","name":"Leonardo Francisco","image":{"@type":"ImageObject","inLanguage":"pt-BR","@id":"https:\/\/secure.gravatar.com\/avatar\/a7358cb406a99b682ec6df1e77e31ae82e63601f6784e8a3df411d72b37864da?s=96&d=mm&r=g","url":"https:\/\/secure.gravatar.com\/avatar\/a7358cb406a99b682ec6df1e77e31ae82e63601f6784e8a3df411d72b37864da?s=96&d=mm&r=g","contentUrl":"https:\/\/secure.gravatar.com\/avatar\/a7358cb406a99b682ec6df1e77e31ae82e63601f6784e8a3df411d72b37864da?s=96&d=mm&r=g","caption":"Leonardo Francisco"},"url":"https:\/\/redenoticiaz.com.br\/litoralsp\/author\/leonardo-francisco"}]}},"_links":{"self":[{"href":"https:\/\/redenoticiaz.com.br\/litoralsp\/wp-json\/wp\/v2\/posts\/11613","targetHints":{"allow":["GET"]}}],"collection":[{"href":"https:\/\/redenoticiaz.com.br\/litoralsp\/wp-json\/wp\/v2\/posts"}],"about":[{"href":"https:\/\/redenoticiaz.com.br\/litoralsp\/wp-json\/wp\/v2\/types\/post"}],"author":[{"embeddable":true,"href":"https:\/\/redenoticiaz.com.br\/litoralsp\/wp-json\/wp\/v2\/users\/6"}],"replies":[{"embeddable":true,"href":"https:\/\/redenoticiaz.com.br\/litoralsp\/wp-json\/wp\/v2\/comments?post=11613"}],"version-history":[{"count":2,"href":"https:\/\/redenoticiaz.com.br\/litoralsp\/wp-json\/wp\/v2\/posts\/11613\/revisions"}],"predecessor-version":[{"id":11616,"href":"https:\/\/redenoticiaz.com.br\/litoralsp\/wp-json\/wp\/v2\/posts\/11613\/revisions\/11616"}],"wp:featuredmedia":[{"embeddable":true,"href":"https:\/\/redenoticiaz.com.br\/litoralsp\/wp-json\/wp\/v2\/media\/11614"}],"wp:attachment":[{"href":"https:\/\/redenoticiaz.com.br\/litoralsp\/wp-json\/wp\/v2\/media?parent=11613"}],"wp:term":[{"taxonomy":"category","embeddable":true,"href":"https:\/\/redenoticiaz.com.br\/litoralsp\/wp-json\/wp\/v2\/categories?post=11613"},{"taxonomy":"post_tag","embeddable":true,"href":"https:\/\/redenoticiaz.com.br\/litoralsp\/wp-json\/wp\/v2\/tags?post=11613"}],"curies":[{"name":"wp","href":"https:\/\/api.w.org\/{rel}","templated":true}]}}