{"id":116149,"date":"2024-05-10T13:22:57","date_gmt":"2024-05-10T16:22:57","guid":{"rendered":"https:\/\/redenoticiaz.com.br\/litoralsp\/2024\/05\/10\/tim-vagas-de-emprego-aguardando-por-voce"},"modified":"2024-05-10T13:22:57","modified_gmt":"2024-05-10T16:22:57","slug":"tim-vagas-de-emprego-aguardando-por-voce","status":"publish","type":"post","link":"https:\/\/redenoticiaz.com.br\/litoralsp\/2024\/05\/10\/tim-vagas-de-emprego-aguardando-por-voce","title":{"rendered":"TIM: vagas de emprego aguardando por voc\u00ea!"},"content":{"rendered":"<p>Na TIM, acreditamos que emprego vai al\u00e9m do trabalho di\u00e1rio. \u00c9 sobre estar em sintonia com uma equipe comprometida e conectar-se com prop\u00f3sito em tudo que fazemos. Se voc\u00ea busca uma carreira que vai al\u00e9m do convencional, venha se juntar ao nosso TIMe.<\/p>\n<p>A inova\u00e7\u00e3o \u00e9 parte do nosso DNA. Na TIM, imaginamos as possibilidades de forma constante, buscando conectar todas as pessoas com respeito e agilidade. Se voc\u00ea \u00e9 apaixonado por desafios e quer fazer parte de uma empresa que est\u00e1 na vanguarda da transforma\u00e7\u00e3o digital, essa \u00e9 a sua chance.<\/p>\n<p>Confira as oportunidades dispon\u00edveis e venha fazer MAIS na TIM:<\/p>\n<p>Consultor de Vendas<br \/>\nAnalista de Marketing<br \/>\nDesenvolvedor de Software<br \/>\nEspecialista em Redes<br \/>\nAnalista Financeiro<br \/>\nAtendimento ao Cliente<\/p>\n<p>Fa\u00e7a parte de uma equipe que n\u00e3o teme o futuro, mas o imagina e o constr\u00f3i com determina\u00e7\u00e3o.<a href=\"https:\/\/vemprotime.gupy.io\/\"> Envie seu curr\u00edculo<\/a> e venha fazer parte do nosso time, onde cada dia \u00e9 uma oportunidade de fazer MAIS acontecer!<\/p>\n<p>LEIA MAIS<\/p>\n<p><a href=\"https:\/\/redenoticiaz.com.br\/blog\/2024\/05\/09\/video-cavalo-e-resgatado-apos-ficar-ilhado-em-telhado\">V\u00cdDEO \u2013 Cavalo \u00e9 resgatado ap\u00f3s ficar ilhado em telhado<\/a><\/p>\n<p><a href=\"https:\/\/redenoticiaz.com.br\/blog\/2024\/05\/08\/defesa-civil-e-bombeiros-voluntarios-combatem-incendio-em-varzea-paulista\">Defesa Civil e Bombeiros volunt\u00e1rios combatem inc\u00eandio em V\u00e1rzea Paulista<\/a><\/p>\n<p>&nbsp;<\/p>\n","protected":false},"excerpt":{"rendered":"<p>Na TIM, acreditamos que emprego vai al\u00e9m do trabalho di\u00e1rio. \u00c9 sobre estar em sintonia com uma equipe comprometida e conectar-se com prop\u00f3sito em tudo que fazemos. Se voc\u00ea busca uma carreira que vai al\u00e9m do convencional, venha se juntar ao nosso TIMe. A inova\u00e7\u00e3o \u00e9 parte do nosso DNA. Na TIM, imaginamos as possibilidades &hellip;<\/p>\n","protected":false},"author":30,"featured_media":116150,"comment_status":"open","ping_status":"closed","sticky":false,"template":"","format":"standard","meta":{"footnotes":""},"categories":[67963],"tags":[40533,22019],"class_list":["post-116149","post","type-post","status-publish","format-standard","has-post-thumbnail","hentry","category-emprego","tag-tim","tag-vagas"],"yoast_head":"<!-- This site is optimized with the Yoast SEO plugin v27.5 - https:\/\/yoast.com\/product\/yoast-seo-wordpress\/ -->\n<title>TIM: vagas de emprego aguardando por voc\u00ea! - Litoral SP<\/title>\n<meta name=\"description\" content=\"Conectar-se com prop\u00f3sito em tudo que faz. Se voc\u00ea busca uma carreira que vai al\u00e9m do convencional, venha se juntar ao nosso TIMe.\" \/>\n<meta name=\"robots\" content=\"index, follow, max-snippet:-1, max-image-preview:large, max-video-preview:-1\" \/>\n<link rel=\"canonical\" href=\"https:\/\/redenoticiaz.com.br\/litoralsp\/2024\/05\/10\/tim-vagas-de-emprego-aguardando-por-voce\" \/>\n<meta property=\"og:locale\" content=\"pt_BR\" \/>\n<meta property=\"og:type\" content=\"article\" \/>\n<meta property=\"og:title\" content=\"TIM: vagas de emprego aguardando por voc\u00ea! - Litoral SP\" \/>\n<meta property=\"og:description\" content=\"Conectar-se com prop\u00f3sito em tudo que faz. Se voc\u00ea busca uma carreira que vai al\u00e9m do convencional, venha se juntar ao nosso TIMe.\" \/>\n<meta property=\"og:url\" content=\"https:\/\/redenoticiaz.com.br\/litoralsp\/2024\/05\/10\/tim-vagas-de-emprego-aguardando-por-voce\" \/>\n<meta property=\"og:site_name\" content=\"Litoral SP\" \/>\n<meta property=\"article:published_time\" content=\"2024-05-10T16:22:57+00:00\" \/>\n<meta property=\"og:image\" content=\"https:\/\/redenoticiaz.com.br\/litoralsp\/wp-content\/uploads\/sites\/3\/2024\/05\/Captura-de-tela-2024-05-10-132129.png?v=1715358116\" \/>\n\t<meta property=\"og:image:width\" content=\"469\" \/>\n\t<meta property=\"og:image:height\" content=\"210\" \/>\n\t<meta property=\"og:image:type\" content=\"image\/png\" \/>\n<meta name=\"author\" content=\"Carina Reifonas\" \/>\n<meta name=\"twitter:card\" content=\"summary_large_image\" \/>\n<meta name=\"twitter:label1\" content=\"Escrito por\" \/>\n\t<meta name=\"twitter:data1\" content=\"Carina Reifonas\" \/>\n\t<meta name=\"twitter:label2\" content=\"Est. tempo de leitura\" \/>\n\t<meta name=\"twitter:data2\" content=\"2 minutos\" \/>\n<script type=\"application\/ld+json\" class=\"yoast-schema-graph\">{\"@context\":\"https:\\\/\\\/schema.org\",\"@graph\":[{\"@type\":\"Article\",\"@id\":\"https:\\\/\\\/redenoticiaz.com.br\\\/litoralsp\\\/2024\\\/05\\\/10\\\/tim-vagas-de-emprego-aguardando-por-voce#article\",\"isPartOf\":{\"@id\":\"https:\\\/\\\/redenoticiaz.com.br\\\/litoralsp\\\/2024\\\/05\\\/10\\\/tim-vagas-de-emprego-aguardando-por-voce\"},\"author\":{\"name\":\"Carina Reifonas\",\"@id\":\"https:\\\/\\\/redenoticiaz.com.br\\\/litoralsp\\\/#\\\/schema\\\/person\\\/1f84d6e94e6a62d2d81199d7503e9e90\"},\"headline\":\"TIM: vagas de emprego aguardando por voc\u00ea!\",\"datePublished\":\"2024-05-10T16:22:57+00:00\",\"mainEntityOfPage\":{\"@id\":\"https:\\\/\\\/redenoticiaz.com.br\\\/litoralsp\\\/2024\\\/05\\\/10\\\/tim-vagas-de-emprego-aguardando-por-voce\"},\"wordCount\":197,\"commentCount\":0,\"publisher\":{\"@id\":\"https:\\\/\\\/redenoticiaz.com.br\\\/litoralsp\\\/#organization\"},\"image\":{\"@id\":\"https:\\\/\\\/redenoticiaz.com.br\\\/litoralsp\\\/2024\\\/05\\\/10\\\/tim-vagas-de-emprego-aguardando-por-voce#primaryimage\"},\"thumbnailUrl\":\"https:\\\/\\\/redenoticiaz.com.br\\\/litoralsp\\\/wp-content\\\/uploads\\\/sites\\\/3\\\/2024\\\/05\\\/Captura-de-tela-2024-05-10-132129.png?v=1715358116\",\"keywords\":[\"TIM\",\"VAGAS\"],\"articleSection\":[\"Emprego\"],\"inLanguage\":\"pt-BR\",\"potentialAction\":[{\"@type\":\"CommentAction\",\"name\":\"Comment\",\"target\":[\"https:\\\/\\\/redenoticiaz.com.br\\\/litoralsp\\\/2024\\\/05\\\/10\\\/tim-vagas-de-emprego-aguardando-por-voce#respond\"]}]},{\"@type\":\"WebPage\",\"@id\":\"https:\\\/\\\/redenoticiaz.com.br\\\/litoralsp\\\/2024\\\/05\\\/10\\\/tim-vagas-de-emprego-aguardando-por-voce\",\"url\":\"https:\\\/\\\/redenoticiaz.com.br\\\/litoralsp\\\/2024\\\/05\\\/10\\\/tim-vagas-de-emprego-aguardando-por-voce\",\"name\":\"TIM: vagas de emprego aguardando por voc\u00ea! - Litoral SP\",\"isPartOf\":{\"@id\":\"https:\\\/\\\/redenoticiaz.com.br\\\/litoralsp\\\/#website\"},\"primaryImageOfPage\":{\"@id\":\"https:\\\/\\\/redenoticiaz.com.br\\\/litoralsp\\\/2024\\\/05\\\/10\\\/tim-vagas-de-emprego-aguardando-por-voce#primaryimage\"},\"image\":{\"@id\":\"https:\\\/\\\/redenoticiaz.com.br\\\/litoralsp\\\/2024\\\/05\\\/10\\\/tim-vagas-de-emprego-aguardando-por-voce#primaryimage\"},\"thumbnailUrl\":\"https:\\\/\\\/redenoticiaz.com.br\\\/litoralsp\\\/wp-content\\\/uploads\\\/sites\\\/3\\\/2024\\\/05\\\/Captura-de-tela-2024-05-10-132129.png?v=1715358116\",\"datePublished\":\"2024-05-10T16:22:57+00:00\",\"description\":\"Conectar-se com prop\u00f3sito em tudo que faz. Se voc\u00ea busca uma carreira que vai al\u00e9m do convencional, venha se juntar ao nosso TIMe.\",\"inLanguage\":\"pt-BR\",\"potentialAction\":[{\"@type\":\"ReadAction\",\"target\":[\"https:\\\/\\\/redenoticiaz.com.br\\\/litoralsp\\\/2024\\\/05\\\/10\\\/tim-vagas-de-emprego-aguardando-por-voce\"]}]},{\"@type\":\"ImageObject\",\"inLanguage\":\"pt-BR\",\"@id\":\"https:\\\/\\\/redenoticiaz.com.br\\\/litoralsp\\\/2024\\\/05\\\/10\\\/tim-vagas-de-emprego-aguardando-por-voce#primaryimage\",\"url\":\"https:\\\/\\\/redenoticiaz.com.br\\\/litoralsp\\\/wp-content\\\/uploads\\\/sites\\\/3\\\/2024\\\/05\\\/Captura-de-tela-2024-05-10-132129.png?v=1715358116\",\"contentUrl\":\"https:\\\/\\\/redenoticiaz.com.br\\\/litoralsp\\\/wp-content\\\/uploads\\\/sites\\\/3\\\/2024\\\/05\\\/Captura-de-tela-2024-05-10-132129.png?v=1715358116\",\"width\":469,\"height\":210},{\"@type\":\"WebSite\",\"@id\":\"https:\\\/\\\/redenoticiaz.com.br\\\/litoralsp\\\/#website\",\"url\":\"https:\\\/\\\/redenoticiaz.com.br\\\/litoralsp\\\/\",\"name\":\"Litoral SP\",\"description\":\"Rede NoticiaZ\",\"publisher\":{\"@id\":\"https:\\\/\\\/redenoticiaz.com.br\\\/litoralsp\\\/#organization\"},\"potentialAction\":[{\"@type\":\"SearchAction\",\"target\":{\"@type\":\"EntryPoint\",\"urlTemplate\":\"https:\\\/\\\/redenoticiaz.com.br\\\/litoralsp\\\/?s={search_term_string}\"},\"query-input\":{\"@type\":\"PropertyValueSpecification\",\"valueRequired\":true,\"valueName\":\"search_term_string\"}}],\"inLanguage\":\"pt-BR\"},{\"@type\":\"Organization\",\"@id\":\"https:\\\/\\\/redenoticiaz.com.br\\\/litoralsp\\\/#organization\",\"name\":\"Litoral SP\",\"url\":\"https:\\\/\\\/redenoticiaz.com.br\\\/litoralsp\\\/\",\"logo\":{\"@type\":\"ImageObject\",\"inLanguage\":\"pt-BR\",\"@id\":\"https:\\\/\\\/redenoticiaz.com.br\\\/litoralsp\\\/#\\\/schema\\\/logo\\\/image\\\/\",\"url\":\"https:\\\/\\\/redenoticiaz.com.br\\\/litoralsp\\\/wp-content\\\/uploads\\\/sites\\\/3\\\/2020\\\/11\\\/logo.jpg\",\"contentUrl\":\"https:\\\/\\\/redenoticiaz.com.br\\\/litoralsp\\\/wp-content\\\/uploads\\\/sites\\\/3\\\/2020\\\/11\\\/logo.jpg\",\"width\":400,\"height\":250,\"caption\":\"Litoral SP\"},\"image\":{\"@id\":\"https:\\\/\\\/redenoticiaz.com.br\\\/litoralsp\\\/#\\\/schema\\\/logo\\\/image\\\/\"}},{\"@type\":\"Person\",\"@id\":\"https:\\\/\\\/redenoticiaz.com.br\\\/litoralsp\\\/#\\\/schema\\\/person\\\/1f84d6e94e6a62d2d81199d7503e9e90\",\"name\":\"Carina Reifonas\",\"image\":{\"@type\":\"ImageObject\",\"inLanguage\":\"pt-BR\",\"@id\":\"https:\\\/\\\/secure.gravatar.com\\\/avatar\\\/04c59859b23696cf867715880f81d5c037e60109730bdb4e6670ec2a2245bc97?s=96&d=mm&r=g\",\"url\":\"https:\\\/\\\/secure.gravatar.com\\\/avatar\\\/04c59859b23696cf867715880f81d5c037e60109730bdb4e6670ec2a2245bc97?s=96&d=mm&r=g\",\"contentUrl\":\"https:\\\/\\\/secure.gravatar.com\\\/avatar\\\/04c59859b23696cf867715880f81d5c037e60109730bdb4e6670ec2a2245bc97?s=96&d=mm&r=g\",\"caption\":\"Carina Reifonas\"},\"url\":\"https:\\\/\\\/redenoticiaz.com.br\\\/litoralsp\\\/author\\\/carinareifonas\"}]}<\/script>\n<!-- \/ Yoast SEO plugin. -->","yoast_head_json":{"title":"TIM: vagas de emprego aguardando por voc\u00ea! - Litoral SP","description":"Conectar-se com prop\u00f3sito em tudo que faz. Se voc\u00ea busca uma carreira que vai al\u00e9m do convencional, venha se juntar ao nosso TIMe.","robots":{"index":"index","follow":"follow","max-snippet":"max-snippet:-1","max-image-preview":"max-image-preview:large","max-video-preview":"max-video-preview:-1"},"canonical":"https:\/\/redenoticiaz.com.br\/litoralsp\/2024\/05\/10\/tim-vagas-de-emprego-aguardando-por-voce","og_locale":"pt_BR","og_type":"article","og_title":"TIM: vagas de emprego aguardando por voc\u00ea! - Litoral SP","og_description":"Conectar-se com prop\u00f3sito em tudo que faz. Se voc\u00ea busca uma carreira que vai al\u00e9m do convencional, venha se juntar ao nosso TIMe.","og_url":"https:\/\/redenoticiaz.com.br\/litoralsp\/2024\/05\/10\/tim-vagas-de-emprego-aguardando-por-voce","og_site_name":"Litoral SP","article_published_time":"2024-05-10T16:22:57+00:00","og_image":[{"width":469,"height":210,"url":"https:\/\/redenoticiaz.com.br\/litoralsp\/wp-content\/uploads\/sites\/3\/2024\/05\/Captura-de-tela-2024-05-10-132129.png?v=1715358116","type":"image\/png"}],"author":"Carina Reifonas","twitter_card":"summary_large_image","twitter_misc":{"Escrito por":"Carina Reifonas","Est. tempo de leitura":"2 minutos"},"schema":{"@context":"https:\/\/schema.org","@graph":[{"@type":"Article","@id":"https:\/\/redenoticiaz.com.br\/litoralsp\/2024\/05\/10\/tim-vagas-de-emprego-aguardando-por-voce#article","isPartOf":{"@id":"https:\/\/redenoticiaz.com.br\/litoralsp\/2024\/05\/10\/tim-vagas-de-emprego-aguardando-por-voce"},"author":{"name":"Carina Reifonas","@id":"https:\/\/redenoticiaz.com.br\/litoralsp\/#\/schema\/person\/1f84d6e94e6a62d2d81199d7503e9e90"},"headline":"TIM: vagas de emprego aguardando por voc\u00ea!","datePublished":"2024-05-10T16:22:57+00:00","mainEntityOfPage":{"@id":"https:\/\/redenoticiaz.com.br\/litoralsp\/2024\/05\/10\/tim-vagas-de-emprego-aguardando-por-voce"},"wordCount":197,"commentCount":0,"publisher":{"@id":"https:\/\/redenoticiaz.com.br\/litoralsp\/#organization"},"image":{"@id":"https:\/\/redenoticiaz.com.br\/litoralsp\/2024\/05\/10\/tim-vagas-de-emprego-aguardando-por-voce#primaryimage"},"thumbnailUrl":"https:\/\/redenoticiaz.com.br\/litoralsp\/wp-content\/uploads\/sites\/3\/2024\/05\/Captura-de-tela-2024-05-10-132129.png?v=1715358116","keywords":["TIM","VAGAS"],"articleSection":["Emprego"],"inLanguage":"pt-BR","potentialAction":[{"@type":"CommentAction","name":"Comment","target":["https:\/\/redenoticiaz.com.br\/litoralsp\/2024\/05\/10\/tim-vagas-de-emprego-aguardando-por-voce#respond"]}]},{"@type":"WebPage","@id":"https:\/\/redenoticiaz.com.br\/litoralsp\/2024\/05\/10\/tim-vagas-de-emprego-aguardando-por-voce","url":"https:\/\/redenoticiaz.com.br\/litoralsp\/2024\/05\/10\/tim-vagas-de-emprego-aguardando-por-voce","name":"TIM: vagas de emprego aguardando por voc\u00ea! - Litoral SP","isPartOf":{"@id":"https:\/\/redenoticiaz.com.br\/litoralsp\/#website"},"primaryImageOfPage":{"@id":"https:\/\/redenoticiaz.com.br\/litoralsp\/2024\/05\/10\/tim-vagas-de-emprego-aguardando-por-voce#primaryimage"},"image":{"@id":"https:\/\/redenoticiaz.com.br\/litoralsp\/2024\/05\/10\/tim-vagas-de-emprego-aguardando-por-voce#primaryimage"},"thumbnailUrl":"https:\/\/redenoticiaz.com.br\/litoralsp\/wp-content\/uploads\/sites\/3\/2024\/05\/Captura-de-tela-2024-05-10-132129.png?v=1715358116","datePublished":"2024-05-10T16:22:57+00:00","description":"Conectar-se com prop\u00f3sito em tudo que faz. Se voc\u00ea busca uma carreira que vai al\u00e9m do convencional, venha se juntar ao nosso TIMe.","inLanguage":"pt-BR","potentialAction":[{"@type":"ReadAction","target":["https:\/\/redenoticiaz.com.br\/litoralsp\/2024\/05\/10\/tim-vagas-de-emprego-aguardando-por-voce"]}]},{"@type":"ImageObject","inLanguage":"pt-BR","@id":"https:\/\/redenoticiaz.com.br\/litoralsp\/2024\/05\/10\/tim-vagas-de-emprego-aguardando-por-voce#primaryimage","url":"https:\/\/redenoticiaz.com.br\/litoralsp\/wp-content\/uploads\/sites\/3\/2024\/05\/Captura-de-tela-2024-05-10-132129.png?v=1715358116","contentUrl":"https:\/\/redenoticiaz.com.br\/litoralsp\/wp-content\/uploads\/sites\/3\/2024\/05\/Captura-de-tela-2024-05-10-132129.png?v=1715358116","width":469,"height":210},{"@type":"WebSite","@id":"https:\/\/redenoticiaz.com.br\/litoralsp\/#website","url":"https:\/\/redenoticiaz.com.br\/litoralsp\/","name":"Litoral SP","description":"Rede NoticiaZ","publisher":{"@id":"https:\/\/redenoticiaz.com.br\/litoralsp\/#organization"},"potentialAction":[{"@type":"SearchAction","target":{"@type":"EntryPoint","urlTemplate":"https:\/\/redenoticiaz.com.br\/litoralsp\/?s={search_term_string}"},"query-input":{"@type":"PropertyValueSpecification","valueRequired":true,"valueName":"search_term_string"}}],"inLanguage":"pt-BR"},{"@type":"Organization","@id":"https:\/\/redenoticiaz.com.br\/litoralsp\/#organization","name":"Litoral SP","url":"https:\/\/redenoticiaz.com.br\/litoralsp\/","logo":{"@type":"ImageObject","inLanguage":"pt-BR","@id":"https:\/\/redenoticiaz.com.br\/litoralsp\/#\/schema\/logo\/image\/","url":"https:\/\/redenoticiaz.com.br\/litoralsp\/wp-content\/uploads\/sites\/3\/2020\/11\/logo.jpg","contentUrl":"https:\/\/redenoticiaz.com.br\/litoralsp\/wp-content\/uploads\/sites\/3\/2020\/11\/logo.jpg","width":400,"height":250,"caption":"Litoral SP"},"image":{"@id":"https:\/\/redenoticiaz.com.br\/litoralsp\/#\/schema\/logo\/image\/"}},{"@type":"Person","@id":"https:\/\/redenoticiaz.com.br\/litoralsp\/#\/schema\/person\/1f84d6e94e6a62d2d81199d7503e9e90","name":"Carina Reifonas","image":{"@type":"ImageObject","inLanguage":"pt-BR","@id":"https:\/\/secure.gravatar.com\/avatar\/04c59859b23696cf867715880f81d5c037e60109730bdb4e6670ec2a2245bc97?s=96&d=mm&r=g","url":"https:\/\/secure.gravatar.com\/avatar\/04c59859b23696cf867715880f81d5c037e60109730bdb4e6670ec2a2245bc97?s=96&d=mm&r=g","contentUrl":"https:\/\/secure.gravatar.com\/avatar\/04c59859b23696cf867715880f81d5c037e60109730bdb4e6670ec2a2245bc97?s=96&d=mm&r=g","caption":"Carina Reifonas"},"url":"https:\/\/redenoticiaz.com.br\/litoralsp\/author\/carinareifonas"}]}},"_links":{"self":[{"href":"https:\/\/redenoticiaz.com.br\/litoralsp\/wp-json\/wp\/v2\/posts\/116149","targetHints":{"allow":["GET"]}}],"collection":[{"href":"https:\/\/redenoticiaz.com.br\/litoralsp\/wp-json\/wp\/v2\/posts"}],"about":[{"href":"https:\/\/redenoticiaz.com.br\/litoralsp\/wp-json\/wp\/v2\/types\/post"}],"author":[{"embeddable":true,"href":"https:\/\/redenoticiaz.com.br\/litoralsp\/wp-json\/wp\/v2\/users\/30"}],"replies":[{"embeddable":true,"href":"https:\/\/redenoticiaz.com.br\/litoralsp\/wp-json\/wp\/v2\/comments?post=116149"}],"version-history":[{"count":0,"href":"https:\/\/redenoticiaz.com.br\/litoralsp\/wp-json\/wp\/v2\/posts\/116149\/revisions"}],"wp:featuredmedia":[{"embeddable":true,"href":"https:\/\/redenoticiaz.com.br\/litoralsp\/wp-json\/wp\/v2\/media\/116150"}],"wp:attachment":[{"href":"https:\/\/redenoticiaz.com.br\/litoralsp\/wp-json\/wp\/v2\/media?parent=116149"}],"wp:term":[{"taxonomy":"category","embeddable":true,"href":"https:\/\/redenoticiaz.com.br\/litoralsp\/wp-json\/wp\/v2\/categories?post=116149"},{"taxonomy":"post_tag","embeddable":true,"href":"https:\/\/redenoticiaz.com.br\/litoralsp\/wp-json\/wp\/v2\/tags?post=116149"}],"curies":[{"name":"wp","href":"https:\/\/api.w.org\/{rel}","templated":true}]}}