{"id":116298,"date":"2024-05-18T14:35:08","date_gmt":"2024-05-18T17:35:08","guid":{"rendered":"https:\/\/redenoticiaz.com.br\/litoralsp\/?p=116298"},"modified":"2024-05-18T19:46:19","modified_gmt":"2024-05-18T22:46:19","slug":"cassio-deixa-o-corinthians-apos-12-anos","status":"publish","type":"post","link":"https:\/\/redenoticiaz.com.br\/litoralsp\/2024\/05\/18\/cassio-deixa-o-corinthians-apos-12-anos","title":{"rendered":"C\u00e1ssio deixa o Corinthians ap\u00f3s 12 anos"},"content":{"rendered":"<p>Nesta sexta-feira (17), o Corinthians anunciou a sa\u00edda do goleiro C\u00e1ssio, um dos maiores \u00eddolos da hist\u00f3ria do clube. Ap\u00f3s 712 partidas e nove t\u00edtulos, o camisa 12 encerra sua trajet\u00f3ria de 12 anos e meio no Tim\u00e3o.<\/p>\n<p>O clube divulgou uma nota oficial confirmando a rescis\u00e3o amig\u00e1vel do contrato e expressou gratid\u00e3o pelo legado deixado pelo goleiro. A despedida oficial de C\u00e1ssio ocorrer\u00e1 neste s\u00e1bado, em entrevista no CT Joaquim Grava. Ele se despediria dos torcedores na Neo Qu\u00edmica Arena no domingo, mas o adiamento da partida contra o Botafogo impediu o \u00faltimo adeus em Itaquera.<\/p>\n<p>Nos \u00faltimos dias, C\u00e1ssio e seus empres\u00e1rios informaram ao Corinthians o desejo de deixar o clube. O presidente Augusto Melo tentou convenc\u00ea-lo a ficar, oferecendo at\u00e9 uma extens\u00e3o de contrato, mas C\u00e1ssio manteve sua decis\u00e3o. C\u00e1ssio vinha demonstrando sinais de esgotamento e foi reserva nas \u00faltimas seis partidas.<\/p>\n<p>Contratado pelo Corinthians no fim de 2011, C\u00e1ssio se destacou ao assumir a titularidade na Libertadores de 2012, contribuindo para as conquistas da Libertadores e do Mundial de Clubes daquele ano. Al\u00e9m desses t\u00edtulos, ele venceu quatro Paulistas, dois Brasileiros e uma Recopa Sul-Americana. C\u00e1ssio deixa o Corinthians como o segundo jogador com mais partidas pelo clube, atr\u00e1s apenas do ex-lateral Wladimir.<\/p>\n<p>&nbsp;<\/p>\n<p>LEIA MAIS<\/p>\n<p><a href=\"https:\/\/redenoticiaz.com.br\/blog\/2024\/05\/18\/morre-ex-vereador-benedito-mocafre-aos-88-anos\">Morre ex-vereador Benedito Mocafre aos 88 anos<\/a><\/p>\n<p><a href=\"https:\/\/redenoticiaz.com.br\/blog\/2024\/05\/18\/festa-julina-de-jundiai-divulga-grade-completa-de-shows\">Festa Julina de Jundia\u00ed divulga grade completa de shows<\/a><\/p>\n<p>&nbsp;<\/p>\n","protected":false},"excerpt":{"rendered":"<p>Nesta sexta-feira (17), o Corinthians anunciou a sa\u00edda do goleiro C\u00e1ssio, um dos maiores \u00eddolos da hist\u00f3ria do clube. Ap\u00f3s 712 partidas e nove t\u00edtulos, o camisa 12 encerra sua trajet\u00f3ria de 12 anos e meio no Tim\u00e3o. O clube divulgou uma nota oficial confirmando a rescis\u00e3o amig\u00e1vel do contrato e expressou gratid\u00e3o pelo legado &hellip;<\/p>\n","protected":false},"author":30,"featured_media":116299,"comment_status":"open","ping_status":"closed","sticky":false,"template":"","format":"standard","meta":{"footnotes":""},"categories":[35],"tags":[12295,3454],"class_list":["post-116298","post","type-post","status-publish","format-standard","has-post-thumbnail","hentry","category-esporte","tag-cassio","tag-corinthians"],"yoast_head":"<!-- This site is optimized with the Yoast SEO plugin v27.4 - https:\/\/yoast.com\/product\/yoast-seo-wordpress\/ -->\n<title>C\u00e1ssio deixa o Corinthians ap\u00f3s 12 anos - Litoral SP<\/title>\n<meta name=\"description\" content=\"Nesta sexta-feira, o Corinthians anunciou a sa\u00edda do goleiro C\u00e1ssio, um dos maiores \u00eddolos da hist\u00f3ria do clube.\" \/>\n<meta name=\"robots\" content=\"index, follow, max-snippet:-1, max-image-preview:large, max-video-preview:-1\" \/>\n<link rel=\"canonical\" href=\"https:\/\/redenoticiaz.com.br\/litoralsp\/2024\/05\/18\/cassio-deixa-o-corinthians-apos-12-anos\" \/>\n<meta property=\"og:locale\" content=\"pt_BR\" \/>\n<meta property=\"og:type\" content=\"article\" \/>\n<meta property=\"og:title\" content=\"C\u00e1ssio deixa o Corinthians ap\u00f3s 12 anos - Litoral SP\" \/>\n<meta property=\"og:description\" content=\"Nesta sexta-feira, o Corinthians anunciou a sa\u00edda do goleiro C\u00e1ssio, um dos maiores \u00eddolos da hist\u00f3ria do clube.\" \/>\n<meta property=\"og:url\" content=\"https:\/\/redenoticiaz.com.br\/litoralsp\/2024\/05\/18\/cassio-deixa-o-corinthians-apos-12-anos\" \/>\n<meta property=\"og:site_name\" content=\"Litoral SP\" \/>\n<meta property=\"article:published_time\" content=\"2024-05-18T17:35:08+00:00\" \/>\n<meta property=\"article:modified_time\" content=\"2024-05-18T22:46:19+00:00\" \/>\n<meta property=\"og:image\" content=\"https:\/\/redenoticiaz.com.br\/litoralsp\/wp-content\/uploads\/sites\/3\/2024\/05\/Captura-de-tela-2024-05-18-121701.png?v=1716048868\" \/>\n\t<meta property=\"og:image:width\" content=\"554\" \/>\n\t<meta property=\"og:image:height\" content=\"443\" \/>\n\t<meta property=\"og:image:type\" content=\"image\/png\" \/>\n<meta name=\"author\" content=\"Carina Reifonas\" \/>\n<meta name=\"twitter:card\" content=\"summary_large_image\" \/>\n<meta name=\"twitter:label1\" content=\"Escrito por\" \/>\n\t<meta name=\"twitter:data1\" content=\"Carina Reifonas\" \/>\n\t<meta name=\"twitter:label2\" content=\"Est. tempo de leitura\" \/>\n\t<meta name=\"twitter:data2\" content=\"2 minutos\" \/>\n<script type=\"application\/ld+json\" class=\"yoast-schema-graph\">{\"@context\":\"https:\\\/\\\/schema.org\",\"@graph\":[{\"@type\":\"Article\",\"@id\":\"https:\\\/\\\/redenoticiaz.com.br\\\/litoralsp\\\/2024\\\/05\\\/18\\\/cassio-deixa-o-corinthians-apos-12-anos#article\",\"isPartOf\":{\"@id\":\"https:\\\/\\\/redenoticiaz.com.br\\\/litoralsp\\\/2024\\\/05\\\/18\\\/cassio-deixa-o-corinthians-apos-12-anos\"},\"author\":{\"name\":\"Carina Reifonas\",\"@id\":\"https:\\\/\\\/redenoticiaz.com.br\\\/litoralsp\\\/#\\\/schema\\\/person\\\/1f84d6e94e6a62d2d81199d7503e9e90\"},\"headline\":\"C\u00e1ssio deixa o Corinthians ap\u00f3s 12 anos\",\"datePublished\":\"2024-05-18T17:35:08+00:00\",\"dateModified\":\"2024-05-18T22:46:19+00:00\",\"mainEntityOfPage\":{\"@id\":\"https:\\\/\\\/redenoticiaz.com.br\\\/litoralsp\\\/2024\\\/05\\\/18\\\/cassio-deixa-o-corinthians-apos-12-anos\"},\"wordCount\":253,\"commentCount\":0,\"publisher\":{\"@id\":\"https:\\\/\\\/redenoticiaz.com.br\\\/litoralsp\\\/#organization\"},\"image\":{\"@id\":\"https:\\\/\\\/redenoticiaz.com.br\\\/litoralsp\\\/2024\\\/05\\\/18\\\/cassio-deixa-o-corinthians-apos-12-anos#primaryimage\"},\"thumbnailUrl\":\"https:\\\/\\\/redenoticiaz.com.br\\\/litoralsp\\\/wp-content\\\/uploads\\\/sites\\\/3\\\/2024\\\/05\\\/Captura-de-tela-2024-05-18-121701.png?v=1716048868\",\"keywords\":[\"C\u00c1SSIO\",\"Corinthians\"],\"articleSection\":[\"Esporte\"],\"inLanguage\":\"pt-BR\",\"potentialAction\":[{\"@type\":\"CommentAction\",\"name\":\"Comment\",\"target\":[\"https:\\\/\\\/redenoticiaz.com.br\\\/litoralsp\\\/2024\\\/05\\\/18\\\/cassio-deixa-o-corinthians-apos-12-anos#respond\"]}]},{\"@type\":\"WebPage\",\"@id\":\"https:\\\/\\\/redenoticiaz.com.br\\\/litoralsp\\\/2024\\\/05\\\/18\\\/cassio-deixa-o-corinthians-apos-12-anos\",\"url\":\"https:\\\/\\\/redenoticiaz.com.br\\\/litoralsp\\\/2024\\\/05\\\/18\\\/cassio-deixa-o-corinthians-apos-12-anos\",\"name\":\"C\u00e1ssio deixa o Corinthians ap\u00f3s 12 anos - Litoral SP\",\"isPartOf\":{\"@id\":\"https:\\\/\\\/redenoticiaz.com.br\\\/litoralsp\\\/#website\"},\"primaryImageOfPage\":{\"@id\":\"https:\\\/\\\/redenoticiaz.com.br\\\/litoralsp\\\/2024\\\/05\\\/18\\\/cassio-deixa-o-corinthians-apos-12-anos#primaryimage\"},\"image\":{\"@id\":\"https:\\\/\\\/redenoticiaz.com.br\\\/litoralsp\\\/2024\\\/05\\\/18\\\/cassio-deixa-o-corinthians-apos-12-anos#primaryimage\"},\"thumbnailUrl\":\"https:\\\/\\\/redenoticiaz.com.br\\\/litoralsp\\\/wp-content\\\/uploads\\\/sites\\\/3\\\/2024\\\/05\\\/Captura-de-tela-2024-05-18-121701.png?v=1716048868\",\"datePublished\":\"2024-05-18T17:35:08+00:00\",\"dateModified\":\"2024-05-18T22:46:19+00:00\",\"description\":\"Nesta sexta-feira, o Corinthians anunciou a sa\u00edda do goleiro C\u00e1ssio, um dos maiores \u00eddolos da hist\u00f3ria do clube.\",\"inLanguage\":\"pt-BR\",\"potentialAction\":[{\"@type\":\"ReadAction\",\"target\":[\"https:\\\/\\\/redenoticiaz.com.br\\\/litoralsp\\\/2024\\\/05\\\/18\\\/cassio-deixa-o-corinthians-apos-12-anos\"]}]},{\"@type\":\"ImageObject\",\"inLanguage\":\"pt-BR\",\"@id\":\"https:\\\/\\\/redenoticiaz.com.br\\\/litoralsp\\\/2024\\\/05\\\/18\\\/cassio-deixa-o-corinthians-apos-12-anos#primaryimage\",\"url\":\"https:\\\/\\\/redenoticiaz.com.br\\\/litoralsp\\\/wp-content\\\/uploads\\\/sites\\\/3\\\/2024\\\/05\\\/Captura-de-tela-2024-05-18-121701.png?v=1716048868\",\"contentUrl\":\"https:\\\/\\\/redenoticiaz.com.br\\\/litoralsp\\\/wp-content\\\/uploads\\\/sites\\\/3\\\/2024\\\/05\\\/Captura-de-tela-2024-05-18-121701.png?v=1716048868\",\"width\":554,\"height\":443},{\"@type\":\"WebSite\",\"@id\":\"https:\\\/\\\/redenoticiaz.com.br\\\/litoralsp\\\/#website\",\"url\":\"https:\\\/\\\/redenoticiaz.com.br\\\/litoralsp\\\/\",\"name\":\"Litoral SP\",\"description\":\"Rede NoticiaZ\",\"publisher\":{\"@id\":\"https:\\\/\\\/redenoticiaz.com.br\\\/litoralsp\\\/#organization\"},\"potentialAction\":[{\"@type\":\"SearchAction\",\"target\":{\"@type\":\"EntryPoint\",\"urlTemplate\":\"https:\\\/\\\/redenoticiaz.com.br\\\/litoralsp\\\/?s={search_term_string}\"},\"query-input\":{\"@type\":\"PropertyValueSpecification\",\"valueRequired\":true,\"valueName\":\"search_term_string\"}}],\"inLanguage\":\"pt-BR\"},{\"@type\":\"Organization\",\"@id\":\"https:\\\/\\\/redenoticiaz.com.br\\\/litoralsp\\\/#organization\",\"name\":\"Litoral SP\",\"url\":\"https:\\\/\\\/redenoticiaz.com.br\\\/litoralsp\\\/\",\"logo\":{\"@type\":\"ImageObject\",\"inLanguage\":\"pt-BR\",\"@id\":\"https:\\\/\\\/redenoticiaz.com.br\\\/litoralsp\\\/#\\\/schema\\\/logo\\\/image\\\/\",\"url\":\"https:\\\/\\\/redenoticiaz.com.br\\\/litoralsp\\\/wp-content\\\/uploads\\\/sites\\\/3\\\/2020\\\/11\\\/logo.jpg\",\"contentUrl\":\"https:\\\/\\\/redenoticiaz.com.br\\\/litoralsp\\\/wp-content\\\/uploads\\\/sites\\\/3\\\/2020\\\/11\\\/logo.jpg\",\"width\":400,\"height\":250,\"caption\":\"Litoral SP\"},\"image\":{\"@id\":\"https:\\\/\\\/redenoticiaz.com.br\\\/litoralsp\\\/#\\\/schema\\\/logo\\\/image\\\/\"}},{\"@type\":\"Person\",\"@id\":\"https:\\\/\\\/redenoticiaz.com.br\\\/litoralsp\\\/#\\\/schema\\\/person\\\/1f84d6e94e6a62d2d81199d7503e9e90\",\"name\":\"Carina Reifonas\",\"image\":{\"@type\":\"ImageObject\",\"inLanguage\":\"pt-BR\",\"@id\":\"https:\\\/\\\/secure.gravatar.com\\\/avatar\\\/04c59859b23696cf867715880f81d5c037e60109730bdb4e6670ec2a2245bc97?s=96&d=mm&r=g\",\"url\":\"https:\\\/\\\/secure.gravatar.com\\\/avatar\\\/04c59859b23696cf867715880f81d5c037e60109730bdb4e6670ec2a2245bc97?s=96&d=mm&r=g\",\"contentUrl\":\"https:\\\/\\\/secure.gravatar.com\\\/avatar\\\/04c59859b23696cf867715880f81d5c037e60109730bdb4e6670ec2a2245bc97?s=96&d=mm&r=g\",\"caption\":\"Carina Reifonas\"},\"url\":\"https:\\\/\\\/redenoticiaz.com.br\\\/litoralsp\\\/author\\\/carinareifonas\"}]}<\/script>\n<!-- \/ Yoast SEO plugin. -->","yoast_head_json":{"title":"C\u00e1ssio deixa o Corinthians ap\u00f3s 12 anos - Litoral SP","description":"Nesta sexta-feira, o Corinthians anunciou a sa\u00edda do goleiro C\u00e1ssio, um dos maiores \u00eddolos da hist\u00f3ria do clube.","robots":{"index":"index","follow":"follow","max-snippet":"max-snippet:-1","max-image-preview":"max-image-preview:large","max-video-preview":"max-video-preview:-1"},"canonical":"https:\/\/redenoticiaz.com.br\/litoralsp\/2024\/05\/18\/cassio-deixa-o-corinthians-apos-12-anos","og_locale":"pt_BR","og_type":"article","og_title":"C\u00e1ssio deixa o Corinthians ap\u00f3s 12 anos - Litoral SP","og_description":"Nesta sexta-feira, o Corinthians anunciou a sa\u00edda do goleiro C\u00e1ssio, um dos maiores \u00eddolos da hist\u00f3ria do clube.","og_url":"https:\/\/redenoticiaz.com.br\/litoralsp\/2024\/05\/18\/cassio-deixa-o-corinthians-apos-12-anos","og_site_name":"Litoral SP","article_published_time":"2024-05-18T17:35:08+00:00","article_modified_time":"2024-05-18T22:46:19+00:00","og_image":[{"width":554,"height":443,"url":"https:\/\/redenoticiaz.com.br\/litoralsp\/wp-content\/uploads\/sites\/3\/2024\/05\/Captura-de-tela-2024-05-18-121701.png?v=1716048868","type":"image\/png"}],"author":"Carina Reifonas","twitter_card":"summary_large_image","twitter_misc":{"Escrito por":"Carina Reifonas","Est. tempo de leitura":"2 minutos"},"schema":{"@context":"https:\/\/schema.org","@graph":[{"@type":"Article","@id":"https:\/\/redenoticiaz.com.br\/litoralsp\/2024\/05\/18\/cassio-deixa-o-corinthians-apos-12-anos#article","isPartOf":{"@id":"https:\/\/redenoticiaz.com.br\/litoralsp\/2024\/05\/18\/cassio-deixa-o-corinthians-apos-12-anos"},"author":{"name":"Carina Reifonas","@id":"https:\/\/redenoticiaz.com.br\/litoralsp\/#\/schema\/person\/1f84d6e94e6a62d2d81199d7503e9e90"},"headline":"C\u00e1ssio deixa o Corinthians ap\u00f3s 12 anos","datePublished":"2024-05-18T17:35:08+00:00","dateModified":"2024-05-18T22:46:19+00:00","mainEntityOfPage":{"@id":"https:\/\/redenoticiaz.com.br\/litoralsp\/2024\/05\/18\/cassio-deixa-o-corinthians-apos-12-anos"},"wordCount":253,"commentCount":0,"publisher":{"@id":"https:\/\/redenoticiaz.com.br\/litoralsp\/#organization"},"image":{"@id":"https:\/\/redenoticiaz.com.br\/litoralsp\/2024\/05\/18\/cassio-deixa-o-corinthians-apos-12-anos#primaryimage"},"thumbnailUrl":"https:\/\/redenoticiaz.com.br\/litoralsp\/wp-content\/uploads\/sites\/3\/2024\/05\/Captura-de-tela-2024-05-18-121701.png?v=1716048868","keywords":["C\u00c1SSIO","Corinthians"],"articleSection":["Esporte"],"inLanguage":"pt-BR","potentialAction":[{"@type":"CommentAction","name":"Comment","target":["https:\/\/redenoticiaz.com.br\/litoralsp\/2024\/05\/18\/cassio-deixa-o-corinthians-apos-12-anos#respond"]}]},{"@type":"WebPage","@id":"https:\/\/redenoticiaz.com.br\/litoralsp\/2024\/05\/18\/cassio-deixa-o-corinthians-apos-12-anos","url":"https:\/\/redenoticiaz.com.br\/litoralsp\/2024\/05\/18\/cassio-deixa-o-corinthians-apos-12-anos","name":"C\u00e1ssio deixa o Corinthians ap\u00f3s 12 anos - Litoral SP","isPartOf":{"@id":"https:\/\/redenoticiaz.com.br\/litoralsp\/#website"},"primaryImageOfPage":{"@id":"https:\/\/redenoticiaz.com.br\/litoralsp\/2024\/05\/18\/cassio-deixa-o-corinthians-apos-12-anos#primaryimage"},"image":{"@id":"https:\/\/redenoticiaz.com.br\/litoralsp\/2024\/05\/18\/cassio-deixa-o-corinthians-apos-12-anos#primaryimage"},"thumbnailUrl":"https:\/\/redenoticiaz.com.br\/litoralsp\/wp-content\/uploads\/sites\/3\/2024\/05\/Captura-de-tela-2024-05-18-121701.png?v=1716048868","datePublished":"2024-05-18T17:35:08+00:00","dateModified":"2024-05-18T22:46:19+00:00","description":"Nesta sexta-feira, o Corinthians anunciou a sa\u00edda do goleiro C\u00e1ssio, um dos maiores \u00eddolos da hist\u00f3ria do clube.","inLanguage":"pt-BR","potentialAction":[{"@type":"ReadAction","target":["https:\/\/redenoticiaz.com.br\/litoralsp\/2024\/05\/18\/cassio-deixa-o-corinthians-apos-12-anos"]}]},{"@type":"ImageObject","inLanguage":"pt-BR","@id":"https:\/\/redenoticiaz.com.br\/litoralsp\/2024\/05\/18\/cassio-deixa-o-corinthians-apos-12-anos#primaryimage","url":"https:\/\/redenoticiaz.com.br\/litoralsp\/wp-content\/uploads\/sites\/3\/2024\/05\/Captura-de-tela-2024-05-18-121701.png?v=1716048868","contentUrl":"https:\/\/redenoticiaz.com.br\/litoralsp\/wp-content\/uploads\/sites\/3\/2024\/05\/Captura-de-tela-2024-05-18-121701.png?v=1716048868","width":554,"height":443},{"@type":"WebSite","@id":"https:\/\/redenoticiaz.com.br\/litoralsp\/#website","url":"https:\/\/redenoticiaz.com.br\/litoralsp\/","name":"Litoral SP","description":"Rede NoticiaZ","publisher":{"@id":"https:\/\/redenoticiaz.com.br\/litoralsp\/#organization"},"potentialAction":[{"@type":"SearchAction","target":{"@type":"EntryPoint","urlTemplate":"https:\/\/redenoticiaz.com.br\/litoralsp\/?s={search_term_string}"},"query-input":{"@type":"PropertyValueSpecification","valueRequired":true,"valueName":"search_term_string"}}],"inLanguage":"pt-BR"},{"@type":"Organization","@id":"https:\/\/redenoticiaz.com.br\/litoralsp\/#organization","name":"Litoral SP","url":"https:\/\/redenoticiaz.com.br\/litoralsp\/","logo":{"@type":"ImageObject","inLanguage":"pt-BR","@id":"https:\/\/redenoticiaz.com.br\/litoralsp\/#\/schema\/logo\/image\/","url":"https:\/\/redenoticiaz.com.br\/litoralsp\/wp-content\/uploads\/sites\/3\/2020\/11\/logo.jpg","contentUrl":"https:\/\/redenoticiaz.com.br\/litoralsp\/wp-content\/uploads\/sites\/3\/2020\/11\/logo.jpg","width":400,"height":250,"caption":"Litoral SP"},"image":{"@id":"https:\/\/redenoticiaz.com.br\/litoralsp\/#\/schema\/logo\/image\/"}},{"@type":"Person","@id":"https:\/\/redenoticiaz.com.br\/litoralsp\/#\/schema\/person\/1f84d6e94e6a62d2d81199d7503e9e90","name":"Carina Reifonas","image":{"@type":"ImageObject","inLanguage":"pt-BR","@id":"https:\/\/secure.gravatar.com\/avatar\/04c59859b23696cf867715880f81d5c037e60109730bdb4e6670ec2a2245bc97?s=96&d=mm&r=g","url":"https:\/\/secure.gravatar.com\/avatar\/04c59859b23696cf867715880f81d5c037e60109730bdb4e6670ec2a2245bc97?s=96&d=mm&r=g","contentUrl":"https:\/\/secure.gravatar.com\/avatar\/04c59859b23696cf867715880f81d5c037e60109730bdb4e6670ec2a2245bc97?s=96&d=mm&r=g","caption":"Carina Reifonas"},"url":"https:\/\/redenoticiaz.com.br\/litoralsp\/author\/carinareifonas"}]}},"_links":{"self":[{"href":"https:\/\/redenoticiaz.com.br\/litoralsp\/wp-json\/wp\/v2\/posts\/116298","targetHints":{"allow":["GET"]}}],"collection":[{"href":"https:\/\/redenoticiaz.com.br\/litoralsp\/wp-json\/wp\/v2\/posts"}],"about":[{"href":"https:\/\/redenoticiaz.com.br\/litoralsp\/wp-json\/wp\/v2\/types\/post"}],"author":[{"embeddable":true,"href":"https:\/\/redenoticiaz.com.br\/litoralsp\/wp-json\/wp\/v2\/users\/30"}],"replies":[{"embeddable":true,"href":"https:\/\/redenoticiaz.com.br\/litoralsp\/wp-json\/wp\/v2\/comments?post=116298"}],"version-history":[{"count":1,"href":"https:\/\/redenoticiaz.com.br\/litoralsp\/wp-json\/wp\/v2\/posts\/116298\/revisions"}],"predecessor-version":[{"id":116301,"href":"https:\/\/redenoticiaz.com.br\/litoralsp\/wp-json\/wp\/v2\/posts\/116298\/revisions\/116301"}],"wp:featuredmedia":[{"embeddable":true,"href":"https:\/\/redenoticiaz.com.br\/litoralsp\/wp-json\/wp\/v2\/media\/116299"}],"wp:attachment":[{"href":"https:\/\/redenoticiaz.com.br\/litoralsp\/wp-json\/wp\/v2\/media?parent=116298"}],"wp:term":[{"taxonomy":"category","embeddable":true,"href":"https:\/\/redenoticiaz.com.br\/litoralsp\/wp-json\/wp\/v2\/categories?post=116298"},{"taxonomy":"post_tag","embeddable":true,"href":"https:\/\/redenoticiaz.com.br\/litoralsp\/wp-json\/wp\/v2\/tags?post=116298"}],"curies":[{"name":"wp","href":"https:\/\/api.w.org\/{rel}","templated":true}]}}