{"id":116335,"date":"2024-05-21T18:00:16","date_gmt":"2024-05-21T21:00:16","guid":{"rendered":"https:\/\/redenoticiaz.com.br\/litoralsp\/?p=116335"},"modified":"2024-05-21T16:51:58","modified_gmt":"2024-05-21T19:51:58","slug":"gcm-detem-individuo-por-trafico-de-drogas","status":"publish","type":"post","link":"https:\/\/redenoticiaz.com.br\/litoralsp\/2024\/05\/21\/gcm-detem-individuo-por-trafico-de-drogas","title":{"rendered":"GCM det\u00e9m indiv\u00edduo por tr\u00e1fico de drogas"},"content":{"rendered":"<div>Na manh\u00e3 deste domingo (19), a Guarda Civil Municipal de S\u00e3o Vicente (GCM-SV) deteve um indiv\u00edduo por tr\u00e1fico de drogas no Japu\u00ed.<\/div>\n<div><\/div>\n<div>Visando proteger a popula\u00e7\u00e3o e os turistas que frequentam as marinas da Cidade, a equipe realizava patrulhamento pelo bairro, quando na Rua Ant\u00f4nio Lu\u00eds Barreiros, pr\u00f3ximo ao n\u00famero 341, flagrou o homem com uma s\u00e9rie de entorpecentes. Ao notar a presen\u00e7a da viatura, o mesmo tentou empreender fuga plelo mato, por\u00e9m os profissionais obtiveram \u00eaxito e conseguiram localiz\u00e1-lo rapidamente.<\/div>\n<div><\/div>\n<div>Na abordagem, foram constatados 20 frascos de lan\u00e7a-perfume (1.200 mm), 126 por\u00e7\u00f5es de maconha (400 g) e 388 de coca\u00edna (200 g), al\u00e9m de 281 pedras de crack.<\/div>\n<div><\/div>\n<div>Diante dos fatos,\u00a0 o infrator foi encaminhado ao 1\u00b0 Distrito Policial (DP), ficando \u00e0 disposi\u00e7\u00e3o das autoridades.<\/div>\n<div><\/div>\n<div>Leia mais<\/div>\n<div><a href=\"https:\/\/redenoticiaz.com.br\/litoralsp\/2024\/05\/20\/bombeiros-encontram-corpos-carbonizados-dentro-de-veiculo-em-sao-vicente\">Bombeiros encontram corpos carbonizados dentro de ve\u00edculo em S\u00e3o Vicente\u00a0<\/a><\/div>\n<div><a href=\"https:\/\/redenoticiaz.com.br\/litoralsp\/2024\/05\/20\/corpo-de-pm-desaparecido-em-guaruja-e-encontrado\">Corpo de PM desaparecido em Guaruj\u00e1 \u00e9 encontrado<\/a><\/div>\n","protected":false},"excerpt":{"rendered":"<p>Na manh\u00e3 deste domingo (19), a Guarda Civil Municipal de S\u00e3o Vicente (GCM-SV) deteve um indiv\u00edduo por tr\u00e1fico de drogas no Japu\u00ed. Visando proteger a popula\u00e7\u00e3o e os turistas que frequentam as marinas da Cidade, a equipe realizava patrulhamento pelo bairro, quando na Rua Ant\u00f4nio Lu\u00eds Barreiros, pr\u00f3ximo ao n\u00famero 341, flagrou o homem com &hellip;<\/p>\n","protected":false},"author":12,"featured_media":116336,"comment_status":"open","ping_status":"closed","sticky":false,"template":"","format":"standard","meta":{"footnotes":""},"categories":[10,181],"tags":[19002,4244,33],"class_list":["post-116335","post","type-post","status-publish","format-standard","has-post-thumbnail","hentry","category-policia","category-sao-vicente","tag-crime","tag-gcm","tag-sao-vicente"],"yoast_head":"<!-- This site is optimized with the Yoast SEO plugin v27.5 - https:\/\/yoast.com\/product\/yoast-seo-wordpress\/ -->\n<title>GCM det\u00e9m indiv\u00edduo por tr\u00e1fico de drogas - Litoral SP<\/title>\n<meta name=\"description\" content=\"Na manh\u00e3 deste domingo (19), a Guarda Civil Municipal de S\u00e3o Vicente (GCM-SV) deteve um indiv\u00edduo por tr\u00e1fico de drogas no Japu\u00ed.\u00a0\" \/>\n<meta name=\"robots\" content=\"index, follow, max-snippet:-1, max-image-preview:large, max-video-preview:-1\" \/>\n<link rel=\"canonical\" href=\"https:\/\/redenoticiaz.com.br\/litoralsp\/2024\/05\/21\/gcm-detem-individuo-por-trafico-de-drogas\" \/>\n<meta property=\"og:locale\" content=\"pt_BR\" \/>\n<meta property=\"og:type\" content=\"article\" \/>\n<meta property=\"og:title\" content=\"GCM det\u00e9m indiv\u00edduo por tr\u00e1fico de drogas - Litoral SP\" \/>\n<meta property=\"og:description\" content=\"Na manh\u00e3 deste domingo (19), a Guarda Civil Municipal de S\u00e3o Vicente (GCM-SV) deteve um indiv\u00edduo por tr\u00e1fico de drogas no Japu\u00ed.\u00a0\" \/>\n<meta property=\"og:url\" content=\"https:\/\/redenoticiaz.com.br\/litoralsp\/2024\/05\/21\/gcm-detem-individuo-por-trafico-de-drogas\" \/>\n<meta property=\"og:site_name\" content=\"Litoral SP\" \/>\n<meta property=\"article:published_time\" content=\"2024-05-21T21:00:16+00:00\" \/>\n<meta property=\"og:image\" content=\"https:\/\/redenoticiaz.com.br\/litoralsp\/wp-content\/uploads\/sites\/3\/2024\/05\/22642.jpg\" \/>\n\t<meta property=\"og:image:width\" content=\"915\" \/>\n\t<meta property=\"og:image:height\" content=\"609\" \/>\n\t<meta property=\"og:image:type\" content=\"image\/jpeg\" \/>\n<meta name=\"author\" content=\"Gustavo Silva\" \/>\n<meta name=\"twitter:card\" content=\"summary_large_image\" \/>\n<meta name=\"twitter:label1\" content=\"Escrito por\" \/>\n\t<meta name=\"twitter:data1\" content=\"Gustavo Silva\" \/>\n\t<meta name=\"twitter:label2\" content=\"Est. tempo de leitura\" \/>\n\t<meta name=\"twitter:data2\" content=\"1 minuto\" \/>\n<script type=\"application\/ld+json\" class=\"yoast-schema-graph\">{\"@context\":\"https:\\\/\\\/schema.org\",\"@graph\":[{\"@type\":\"Article\",\"@id\":\"https:\\\/\\\/redenoticiaz.com.br\\\/litoralsp\\\/2024\\\/05\\\/21\\\/gcm-detem-individuo-por-trafico-de-drogas#article\",\"isPartOf\":{\"@id\":\"https:\\\/\\\/redenoticiaz.com.br\\\/litoralsp\\\/2024\\\/05\\\/21\\\/gcm-detem-individuo-por-trafico-de-drogas\"},\"author\":{\"name\":\"Gustavo Silva\",\"@id\":\"https:\\\/\\\/redenoticiaz.com.br\\\/litoralsp\\\/#\\\/schema\\\/person\\\/16057b37a3c0ee6b096d7f887c566e2e\"},\"headline\":\"GCM det\u00e9m indiv\u00edduo por tr\u00e1fico de drogas\",\"datePublished\":\"2024-05-21T21:00:16+00:00\",\"mainEntityOfPage\":{\"@id\":\"https:\\\/\\\/redenoticiaz.com.br\\\/litoralsp\\\/2024\\\/05\\\/21\\\/gcm-detem-individuo-por-trafico-de-drogas\"},\"wordCount\":163,\"commentCount\":0,\"publisher\":{\"@id\":\"https:\\\/\\\/redenoticiaz.com.br\\\/litoralsp\\\/#organization\"},\"image\":{\"@id\":\"https:\\\/\\\/redenoticiaz.com.br\\\/litoralsp\\\/2024\\\/05\\\/21\\\/gcm-detem-individuo-por-trafico-de-drogas#primaryimage\"},\"thumbnailUrl\":\"https:\\\/\\\/redenoticiaz.com.br\\\/litoralsp\\\/wp-content\\\/uploads\\\/sites\\\/3\\\/2024\\\/05\\\/22642.jpg\",\"keywords\":[\"CRIME\",\"GCM\",\"S\u00e3o Vicente\"],\"articleSection\":[\"Pol\u00edcia\",\"S\u00e3o Vicente\"],\"inLanguage\":\"pt-BR\",\"potentialAction\":[{\"@type\":\"CommentAction\",\"name\":\"Comment\",\"target\":[\"https:\\\/\\\/redenoticiaz.com.br\\\/litoralsp\\\/2024\\\/05\\\/21\\\/gcm-detem-individuo-por-trafico-de-drogas#respond\"]}]},{\"@type\":\"WebPage\",\"@id\":\"https:\\\/\\\/redenoticiaz.com.br\\\/litoralsp\\\/2024\\\/05\\\/21\\\/gcm-detem-individuo-por-trafico-de-drogas\",\"url\":\"https:\\\/\\\/redenoticiaz.com.br\\\/litoralsp\\\/2024\\\/05\\\/21\\\/gcm-detem-individuo-por-trafico-de-drogas\",\"name\":\"GCM det\u00e9m indiv\u00edduo por tr\u00e1fico de drogas - Litoral SP\",\"isPartOf\":{\"@id\":\"https:\\\/\\\/redenoticiaz.com.br\\\/litoralsp\\\/#website\"},\"primaryImageOfPage\":{\"@id\":\"https:\\\/\\\/redenoticiaz.com.br\\\/litoralsp\\\/2024\\\/05\\\/21\\\/gcm-detem-individuo-por-trafico-de-drogas#primaryimage\"},\"image\":{\"@id\":\"https:\\\/\\\/redenoticiaz.com.br\\\/litoralsp\\\/2024\\\/05\\\/21\\\/gcm-detem-individuo-por-trafico-de-drogas#primaryimage\"},\"thumbnailUrl\":\"https:\\\/\\\/redenoticiaz.com.br\\\/litoralsp\\\/wp-content\\\/uploads\\\/sites\\\/3\\\/2024\\\/05\\\/22642.jpg\",\"datePublished\":\"2024-05-21T21:00:16+00:00\",\"description\":\"Na manh\u00e3 deste domingo (19), a Guarda Civil Municipal de S\u00e3o Vicente (GCM-SV) deteve um indiv\u00edduo por tr\u00e1fico de drogas no Japu\u00ed.\u00a0\",\"inLanguage\":\"pt-BR\",\"potentialAction\":[{\"@type\":\"ReadAction\",\"target\":[\"https:\\\/\\\/redenoticiaz.com.br\\\/litoralsp\\\/2024\\\/05\\\/21\\\/gcm-detem-individuo-por-trafico-de-drogas\"]}]},{\"@type\":\"ImageObject\",\"inLanguage\":\"pt-BR\",\"@id\":\"https:\\\/\\\/redenoticiaz.com.br\\\/litoralsp\\\/2024\\\/05\\\/21\\\/gcm-detem-individuo-por-trafico-de-drogas#primaryimage\",\"url\":\"https:\\\/\\\/redenoticiaz.com.br\\\/litoralsp\\\/wp-content\\\/uploads\\\/sites\\\/3\\\/2024\\\/05\\\/22642.jpg\",\"contentUrl\":\"https:\\\/\\\/redenoticiaz.com.br\\\/litoralsp\\\/wp-content\\\/uploads\\\/sites\\\/3\\\/2024\\\/05\\\/22642.jpg\",\"width\":915,\"height\":609},{\"@type\":\"WebSite\",\"@id\":\"https:\\\/\\\/redenoticiaz.com.br\\\/litoralsp\\\/#website\",\"url\":\"https:\\\/\\\/redenoticiaz.com.br\\\/litoralsp\\\/\",\"name\":\"Litoral SP\",\"description\":\"Rede NoticiaZ\",\"publisher\":{\"@id\":\"https:\\\/\\\/redenoticiaz.com.br\\\/litoralsp\\\/#organization\"},\"potentialAction\":[{\"@type\":\"SearchAction\",\"target\":{\"@type\":\"EntryPoint\",\"urlTemplate\":\"https:\\\/\\\/redenoticiaz.com.br\\\/litoralsp\\\/?s={search_term_string}\"},\"query-input\":{\"@type\":\"PropertyValueSpecification\",\"valueRequired\":true,\"valueName\":\"search_term_string\"}}],\"inLanguage\":\"pt-BR\"},{\"@type\":\"Organization\",\"@id\":\"https:\\\/\\\/redenoticiaz.com.br\\\/litoralsp\\\/#organization\",\"name\":\"Litoral SP\",\"url\":\"https:\\\/\\\/redenoticiaz.com.br\\\/litoralsp\\\/\",\"logo\":{\"@type\":\"ImageObject\",\"inLanguage\":\"pt-BR\",\"@id\":\"https:\\\/\\\/redenoticiaz.com.br\\\/litoralsp\\\/#\\\/schema\\\/logo\\\/image\\\/\",\"url\":\"https:\\\/\\\/redenoticiaz.com.br\\\/litoralsp\\\/wp-content\\\/uploads\\\/sites\\\/3\\\/2020\\\/11\\\/logo.jpg\",\"contentUrl\":\"https:\\\/\\\/redenoticiaz.com.br\\\/litoralsp\\\/wp-content\\\/uploads\\\/sites\\\/3\\\/2020\\\/11\\\/logo.jpg\",\"width\":400,\"height\":250,\"caption\":\"Litoral SP\"},\"image\":{\"@id\":\"https:\\\/\\\/redenoticiaz.com.br\\\/litoralsp\\\/#\\\/schema\\\/logo\\\/image\\\/\"}},{\"@type\":\"Person\",\"@id\":\"https:\\\/\\\/redenoticiaz.com.br\\\/litoralsp\\\/#\\\/schema\\\/person\\\/16057b37a3c0ee6b096d7f887c566e2e\",\"name\":\"Gustavo Silva\",\"image\":{\"@type\":\"ImageObject\",\"inLanguage\":\"pt-BR\",\"@id\":\"https:\\\/\\\/secure.gravatar.com\\\/avatar\\\/3ee4e82f93b26de0a7cf4ea5eb7893da637ed6bb0c9170c58065944c56e28a33?s=96&d=mm&r=g\",\"url\":\"https:\\\/\\\/secure.gravatar.com\\\/avatar\\\/3ee4e82f93b26de0a7cf4ea5eb7893da637ed6bb0c9170c58065944c56e28a33?s=96&d=mm&r=g\",\"contentUrl\":\"https:\\\/\\\/secure.gravatar.com\\\/avatar\\\/3ee4e82f93b26de0a7cf4ea5eb7893da637ed6bb0c9170c58065944c56e28a33?s=96&d=mm&r=g\",\"caption\":\"Gustavo Silva\"},\"url\":\"https:\\\/\\\/redenoticiaz.com.br\\\/litoralsp\\\/author\\\/gustavosilva\"}]}<\/script>\n<!-- \/ Yoast SEO plugin. -->","yoast_head_json":{"title":"GCM det\u00e9m indiv\u00edduo por tr\u00e1fico de drogas - Litoral SP","description":"Na manh\u00e3 deste domingo (19), a Guarda Civil Municipal de S\u00e3o Vicente (GCM-SV) deteve um indiv\u00edduo por tr\u00e1fico de drogas no Japu\u00ed.\u00a0","robots":{"index":"index","follow":"follow","max-snippet":"max-snippet:-1","max-image-preview":"max-image-preview:large","max-video-preview":"max-video-preview:-1"},"canonical":"https:\/\/redenoticiaz.com.br\/litoralsp\/2024\/05\/21\/gcm-detem-individuo-por-trafico-de-drogas","og_locale":"pt_BR","og_type":"article","og_title":"GCM det\u00e9m indiv\u00edduo por tr\u00e1fico de drogas - Litoral SP","og_description":"Na manh\u00e3 deste domingo (19), a Guarda Civil Municipal de S\u00e3o Vicente (GCM-SV) deteve um indiv\u00edduo por tr\u00e1fico de drogas no Japu\u00ed.\u00a0","og_url":"https:\/\/redenoticiaz.com.br\/litoralsp\/2024\/05\/21\/gcm-detem-individuo-por-trafico-de-drogas","og_site_name":"Litoral SP","article_published_time":"2024-05-21T21:00:16+00:00","og_image":[{"width":915,"height":609,"url":"https:\/\/redenoticiaz.com.br\/litoralsp\/wp-content\/uploads\/sites\/3\/2024\/05\/22642.jpg","type":"image\/jpeg"}],"author":"Gustavo Silva","twitter_card":"summary_large_image","twitter_misc":{"Escrito por":"Gustavo Silva","Est. tempo de leitura":"1 minuto"},"schema":{"@context":"https:\/\/schema.org","@graph":[{"@type":"Article","@id":"https:\/\/redenoticiaz.com.br\/litoralsp\/2024\/05\/21\/gcm-detem-individuo-por-trafico-de-drogas#article","isPartOf":{"@id":"https:\/\/redenoticiaz.com.br\/litoralsp\/2024\/05\/21\/gcm-detem-individuo-por-trafico-de-drogas"},"author":{"name":"Gustavo Silva","@id":"https:\/\/redenoticiaz.com.br\/litoralsp\/#\/schema\/person\/16057b37a3c0ee6b096d7f887c566e2e"},"headline":"GCM det\u00e9m indiv\u00edduo por tr\u00e1fico de drogas","datePublished":"2024-05-21T21:00:16+00:00","mainEntityOfPage":{"@id":"https:\/\/redenoticiaz.com.br\/litoralsp\/2024\/05\/21\/gcm-detem-individuo-por-trafico-de-drogas"},"wordCount":163,"commentCount":0,"publisher":{"@id":"https:\/\/redenoticiaz.com.br\/litoralsp\/#organization"},"image":{"@id":"https:\/\/redenoticiaz.com.br\/litoralsp\/2024\/05\/21\/gcm-detem-individuo-por-trafico-de-drogas#primaryimage"},"thumbnailUrl":"https:\/\/redenoticiaz.com.br\/litoralsp\/wp-content\/uploads\/sites\/3\/2024\/05\/22642.jpg","keywords":["CRIME","GCM","S\u00e3o Vicente"],"articleSection":["Pol\u00edcia","S\u00e3o Vicente"],"inLanguage":"pt-BR","potentialAction":[{"@type":"CommentAction","name":"Comment","target":["https:\/\/redenoticiaz.com.br\/litoralsp\/2024\/05\/21\/gcm-detem-individuo-por-trafico-de-drogas#respond"]}]},{"@type":"WebPage","@id":"https:\/\/redenoticiaz.com.br\/litoralsp\/2024\/05\/21\/gcm-detem-individuo-por-trafico-de-drogas","url":"https:\/\/redenoticiaz.com.br\/litoralsp\/2024\/05\/21\/gcm-detem-individuo-por-trafico-de-drogas","name":"GCM det\u00e9m indiv\u00edduo por tr\u00e1fico de drogas - Litoral SP","isPartOf":{"@id":"https:\/\/redenoticiaz.com.br\/litoralsp\/#website"},"primaryImageOfPage":{"@id":"https:\/\/redenoticiaz.com.br\/litoralsp\/2024\/05\/21\/gcm-detem-individuo-por-trafico-de-drogas#primaryimage"},"image":{"@id":"https:\/\/redenoticiaz.com.br\/litoralsp\/2024\/05\/21\/gcm-detem-individuo-por-trafico-de-drogas#primaryimage"},"thumbnailUrl":"https:\/\/redenoticiaz.com.br\/litoralsp\/wp-content\/uploads\/sites\/3\/2024\/05\/22642.jpg","datePublished":"2024-05-21T21:00:16+00:00","description":"Na manh\u00e3 deste domingo (19), a Guarda Civil Municipal de S\u00e3o Vicente (GCM-SV) deteve um indiv\u00edduo por tr\u00e1fico de drogas no Japu\u00ed.\u00a0","inLanguage":"pt-BR","potentialAction":[{"@type":"ReadAction","target":["https:\/\/redenoticiaz.com.br\/litoralsp\/2024\/05\/21\/gcm-detem-individuo-por-trafico-de-drogas"]}]},{"@type":"ImageObject","inLanguage":"pt-BR","@id":"https:\/\/redenoticiaz.com.br\/litoralsp\/2024\/05\/21\/gcm-detem-individuo-por-trafico-de-drogas#primaryimage","url":"https:\/\/redenoticiaz.com.br\/litoralsp\/wp-content\/uploads\/sites\/3\/2024\/05\/22642.jpg","contentUrl":"https:\/\/redenoticiaz.com.br\/litoralsp\/wp-content\/uploads\/sites\/3\/2024\/05\/22642.jpg","width":915,"height":609},{"@type":"WebSite","@id":"https:\/\/redenoticiaz.com.br\/litoralsp\/#website","url":"https:\/\/redenoticiaz.com.br\/litoralsp\/","name":"Litoral SP","description":"Rede NoticiaZ","publisher":{"@id":"https:\/\/redenoticiaz.com.br\/litoralsp\/#organization"},"potentialAction":[{"@type":"SearchAction","target":{"@type":"EntryPoint","urlTemplate":"https:\/\/redenoticiaz.com.br\/litoralsp\/?s={search_term_string}"},"query-input":{"@type":"PropertyValueSpecification","valueRequired":true,"valueName":"search_term_string"}}],"inLanguage":"pt-BR"},{"@type":"Organization","@id":"https:\/\/redenoticiaz.com.br\/litoralsp\/#organization","name":"Litoral SP","url":"https:\/\/redenoticiaz.com.br\/litoralsp\/","logo":{"@type":"ImageObject","inLanguage":"pt-BR","@id":"https:\/\/redenoticiaz.com.br\/litoralsp\/#\/schema\/logo\/image\/","url":"https:\/\/redenoticiaz.com.br\/litoralsp\/wp-content\/uploads\/sites\/3\/2020\/11\/logo.jpg","contentUrl":"https:\/\/redenoticiaz.com.br\/litoralsp\/wp-content\/uploads\/sites\/3\/2020\/11\/logo.jpg","width":400,"height":250,"caption":"Litoral SP"},"image":{"@id":"https:\/\/redenoticiaz.com.br\/litoralsp\/#\/schema\/logo\/image\/"}},{"@type":"Person","@id":"https:\/\/redenoticiaz.com.br\/litoralsp\/#\/schema\/person\/16057b37a3c0ee6b096d7f887c566e2e","name":"Gustavo Silva","image":{"@type":"ImageObject","inLanguage":"pt-BR","@id":"https:\/\/secure.gravatar.com\/avatar\/3ee4e82f93b26de0a7cf4ea5eb7893da637ed6bb0c9170c58065944c56e28a33?s=96&d=mm&r=g","url":"https:\/\/secure.gravatar.com\/avatar\/3ee4e82f93b26de0a7cf4ea5eb7893da637ed6bb0c9170c58065944c56e28a33?s=96&d=mm&r=g","contentUrl":"https:\/\/secure.gravatar.com\/avatar\/3ee4e82f93b26de0a7cf4ea5eb7893da637ed6bb0c9170c58065944c56e28a33?s=96&d=mm&r=g","caption":"Gustavo Silva"},"url":"https:\/\/redenoticiaz.com.br\/litoralsp\/author\/gustavosilva"}]}},"_links":{"self":[{"href":"https:\/\/redenoticiaz.com.br\/litoralsp\/wp-json\/wp\/v2\/posts\/116335","targetHints":{"allow":["GET"]}}],"collection":[{"href":"https:\/\/redenoticiaz.com.br\/litoralsp\/wp-json\/wp\/v2\/posts"}],"about":[{"href":"https:\/\/redenoticiaz.com.br\/litoralsp\/wp-json\/wp\/v2\/types\/post"}],"author":[{"embeddable":true,"href":"https:\/\/redenoticiaz.com.br\/litoralsp\/wp-json\/wp\/v2\/users\/12"}],"replies":[{"embeddable":true,"href":"https:\/\/redenoticiaz.com.br\/litoralsp\/wp-json\/wp\/v2\/comments?post=116335"}],"version-history":[{"count":1,"href":"https:\/\/redenoticiaz.com.br\/litoralsp\/wp-json\/wp\/v2\/posts\/116335\/revisions"}],"predecessor-version":[{"id":116337,"href":"https:\/\/redenoticiaz.com.br\/litoralsp\/wp-json\/wp\/v2\/posts\/116335\/revisions\/116337"}],"wp:featuredmedia":[{"embeddable":true,"href":"https:\/\/redenoticiaz.com.br\/litoralsp\/wp-json\/wp\/v2\/media\/116336"}],"wp:attachment":[{"href":"https:\/\/redenoticiaz.com.br\/litoralsp\/wp-json\/wp\/v2\/media?parent=116335"}],"wp:term":[{"taxonomy":"category","embeddable":true,"href":"https:\/\/redenoticiaz.com.br\/litoralsp\/wp-json\/wp\/v2\/categories?post=116335"},{"taxonomy":"post_tag","embeddable":true,"href":"https:\/\/redenoticiaz.com.br\/litoralsp\/wp-json\/wp\/v2\/tags?post=116335"}],"curies":[{"name":"wp","href":"https:\/\/api.w.org\/{rel}","templated":true}]}}