{"id":116345,"date":"2023-09-02T14:00:42","date_gmt":"2023-09-02T17:00:42","guid":{"rendered":"https:\/\/redenoticiaz.com.br\/litoralsp\/2023\/09\/02\/divida-publica-cai-08-em-julho-e-mantem-se-abaixo-de-r-62-tri"},"modified":"2024-05-22T14:14:16","modified_gmt":"2024-05-22T17:14:16","slug":"divida-publica-cai-08-em-julho-e-mantem-se-abaixo-de-r-62-tri","status":"publish","type":"post","link":"https:\/\/redenoticiaz.com.br\/litoralsp\/2023\/09\/02\/divida-publica-cai-08-em-julho-e-mantem-se-abaixo-de-r-62-tri","title":{"rendered":"D\u00edvida P\u00fablica cai 0,8% em julho e mant\u00e9m-se abaixo de R$ 6,2 tri"},"content":{"rendered":"<p>O alto volume de vencimento de t\u00edtulos prefixados fez a D\u00edvida P\u00fablica Federal (DPF) cair levemente em julho. Segundo n\u00fameros divulgados nesta ter\u00e7a-feira (29) pelo Tesouro Nacional, a DPF passou de R$ 6,191 trilh\u00f5es em junho para R$ 6,142 trilh\u00f5es no m\u00eas passado, recuo de 0,8%.<\/p>\n<p>Em abril, o indicador superou pela primeira vez a barreira de R$ 6 trilh\u00f5es. Mesmo com a queda em julho, o Tesouro prev\u00ea que a DPF subir\u00e1 nos pr\u00f3ximos meses. De acordo com o Plano Anual de Financiamento (PAF), apresentado no fim de janeiro, o estoque da DPF deve encerrar 2023 entre R$ 6,4 trilh\u00f5es e\u00a0<a href=\"https:\/\/agenciabrasil.ebc.com.br\/economia\/noticia\/2023-01\/divida-publica-pode-alcancar-ate-r-68-trilhoes-em-2023\" target=\"_blank\" rel=\"noopener\">R$ 6,8 trilh\u00f5es<\/a>.<\/p>\n<h2>D\u00edvida<\/h2>\n<p>A D\u00edvida P\u00fablica Mobili\u00e1ria (em t\u00edtulos) interna (DPMFi) caiu 0,74%, passando de R$ 5,957 trilh\u00f5es em junho para R$ 5,913 trilh\u00f5es em julho. No m\u00eas passado, o Tesouro resgatou R$ 89,86 bilh\u00f5es em t\u00edtulos a mais do que emitiu, principalmente em pap\u00e9is prefixados, que costumam vencer no primeiro m\u00eas de cada trimestre. A queda na DPMFi s\u00f3 n\u00e3o foi maior porque houve a apropria\u00e7\u00e3o de R$ 45,7 bilh\u00f5es em juros.<\/p>\n<p>Por meio da apropria\u00e7\u00e3o de juros, o governo reconhece, m\u00eas a m\u00eas, a corre\u00e7\u00e3o dos juros que incide sobre os t\u00edtulos e incorpora o valor ao estoque da d\u00edvida p\u00fablica. Com a taxa Selic (juros b\u00e1sicos da economia) em 13,25% ao ano, a apropria\u00e7\u00e3o de juros pressiona o endividamento do governo.<\/p>\n<p>No m\u00eas passado, o Tesouro emitiu R$ 134,347 bilh\u00f5es em t\u00edtulos da DPMFi. Com o alto volume de vencimentos em julho, os resgates somaram R$ 224,207 bilh\u00f5es. A diferen\u00e7a entre as emiss\u00f5es e os resgates foi a maior desde janeiro deste ano, quando o vencimento de t\u00edtulos prefixados bateu recorde.<\/p>\n<p>No mercado externo, a queda do d\u00f3lar em julho aumentou o endividamento do governo. A D\u00edvida P\u00fablica Federal externa (DPFe) caiu 2,17%, passando de R$ 234,04 bilh\u00f5es em junho para R$ 228,96 bilh\u00f5es em julho. O principal fator foi o recuo de 1,61% da moeda norte-americana no m\u00eas passado.<\/p>\n<h2>Colch\u00e3o<\/h2>\n<p>Ap\u00f3s subir em junho, o colch\u00e3o da d\u00edvida p\u00fablica (reserva financeira usada em momentos de turbul\u00eancia ou de forte concentra\u00e7\u00e3o de vencimentos) voltou a caiu em julho. Essa reserva passou de R$ 1,118 trilh\u00e3o em junho para R$ 991,85 bilh\u00f5es no m\u00eas passado. O principal motivo, segundo o Tesouro Nacional, foi o alto resgate l\u00edquido (resgates menos emiss\u00f5es) motivada pelo alto volume de vencimentos em julho.<\/p>\n<p>Atualmente, o colch\u00e3o cobre 8,28 meses de vencimentos da d\u00edvida p\u00fablica. Nos pr\u00f3ximos 12 meses, est\u00e1 previsto o vencimento de R$ 1,119 trilh\u00e3o em t\u00edtulos federais.<\/p>\n<h2>Composi\u00e7\u00e3o<\/h2>\n<p>O alto volume de vencimentos mudou a composi\u00e7\u00e3o da DPF. A propor\u00e7\u00e3o dos pap\u00e9is corrigidos pelos juros b\u00e1sicos caiu levemente, de 39,52% em junho para 41,2% em julho. O PAF prev\u00ea que o indicador feche 2023 entre 38% e 42%. At\u00e9 recentemente, esse tipo de papel atraiu o interesse dos compradores por causa das recentes altas da Taxa Selic, mas o percentual pode cair nos pr\u00f3ximos meses por causa do ciclo de queda nos juros b\u00e1sicos da economia, que come\u00e7ou a ser reduzida em agosto.<\/p>\n<p>Por causa do grande volume de vencimentos, a fatia de t\u00edtulos prefixados (com rendimento definido no momento da emiss\u00e3o) caiu, passando de 27,04% para 24,65%. O PAF prev\u00ea que a parcela da D\u00edvida P\u00fablica Federal corrigida por esse indicador terminar\u00e1 o ano entre 23% e 27%.<\/p>\n<p>Nos \u00faltimos meses, o Tesouro tinha voltado a lan\u00e7ar mais pap\u00e9is prefixados, por causa da diminui\u00e7\u00e3o da turbul\u00eancia no mercado financeiro, mas a volta das instabilidades pode comprometer as emiss\u00f5es nos pr\u00f3ximos meses. Esses t\u00edtulos t\u00eam demanda maior em momento de estabilidade econ\u00f4mica.<\/p>\n<p>A fatia de t\u00edtulos corrigidos pela infla\u00e7\u00e3o na DPF subiu, passando de 29,46% para 30,21%. O PAF prev\u00ea que os t\u00edtulos vinculados \u00e0 infla\u00e7\u00e3o encerrar\u00e3o o ano entre 29% e 33%.<\/p>\n<p>Composto por antigos t\u00edtulos da d\u00edvida interna corrigidos em d\u00f3lar e pela d\u00edvida externa, o peso do c\u00e2mbio na d\u00edvida p\u00fablica passou de 3,99% para 3,93%. A d\u00edvida p\u00fablica vinculada ao c\u00e2mbio est\u00e1 dentro dos limites estabelecidos pelo PAF para o fim de 2023, entre 3% e 7%.<\/p>\n<h2>Detentores<\/h2>\n<p>As institui\u00e7\u00f5es financeiras seguem como principais detentoras da D\u00edvida P\u00fablica Federal interna, com 29,2% de participa\u00e7\u00e3o no estoque. Os fundos de investimento, com 24,1%, e os fundos de pens\u00e3o, com 23,1%, aparecem em seguida na lista de detentores da d\u00edvida.<\/p>\n<p>A participa\u00e7\u00e3o dos n\u00e3o residentes (estrangeiros) caiu, passando de 9,5% em junho para 9,2% em julho, no menor n\u00edvel desde setembro do ano passado. O percentual continua menor que em fevereiro, quando a fatia dos estrangeiros na d\u00edvida p\u00fablica estava em 9,8%. Os demais grupos somam 14,3% de participa\u00e7\u00e3o.<\/p>\n<p>Por meio da d\u00edvida p\u00fablica, o governo pega dinheiro emprestado dos investidores para honrar compromissos financeiros. Em troca, compromete-se a devolver os recursos depois de alguns anos, com alguma corre\u00e7\u00e3o, que pode seguir a taxa Selic (juros b\u00e1sicos da economia), a infla\u00e7\u00e3o, o d\u00f3lar ou ser prefixada (definida com anteced\u00eancia).<\/p>\n<p><strong>Leia mais<\/strong><\/p>\n<p><a href=\"https:\/\/redenoticiaz.com.br\/blog\/2023\/06\/03\/divida-publica-sobe-238-em-abril-e-fica-em-r-603-trilhoes\">D\u00edvida P\u00fablica sobe 2,38% em abril e fica em R$ 6,03 trilh\u00f5es<\/a><\/p>\n","protected":false},"excerpt":{"rendered":"<p>O alto volume de vencimento de t\u00edtulos prefixados fez a D\u00edvida P\u00fablica Federal (DPF) cair levemente em julho. Segundo n\u00fameros divulgados nesta ter\u00e7a-feira (29) pelo Tesouro Nacional, a DPF passou de R$ 6,191 trilh\u00f5es em junho para R$ 6,142 trilh\u00f5es no m\u00eas passado, recuo de 0,8%. Em abril, o indicador superou pela primeira vez a &hellip;<\/p>\n","protected":false},"author":12,"featured_media":112758,"comment_status":"open","ping_status":"closed","sticky":false,"template":"","format":"standard","meta":{"footnotes":""},"categories":[97],"tags":[68308,68309,68310,61171,15271],"class_list":["post-116345","post","type-post","status-publish","format-standard","has-post-thumbnail","hentry","category-economia","tag-divida-publica","tag-divida-publica-federal","tag-divida-publica-mobiliaria","tag-selic","tag-tesouro-nacional"],"yoast_head":"<!-- This site is optimized with the Yoast SEO plugin v27.5 - https:\/\/yoast.com\/product\/yoast-seo-wordpress\/ -->\n<title>D\u00edvida P\u00fablica cai 0,8% em julho e mant\u00e9m-se abaixo de R$ 6,2 tri - Litoral SP<\/title>\n<meta name=\"description\" content=\"Segundo n\u00fameros divulgados nesta ter\u00e7a-feira (29) pelo Tesouro Nacional, a DPF passou de R$ 6,191 trilh\u00f5es em junho para R$ 6,142 trilh\u00f5es no m\u00eas passado, recuo de 0,8%.\" \/>\n<meta name=\"robots\" content=\"index, follow, max-snippet:-1, max-image-preview:large, max-video-preview:-1\" \/>\n<link rel=\"canonical\" href=\"https:\/\/redenoticiaz.com.br\/litoralsp\/2023\/09\/02\/divida-publica-cai-08-em-julho-e-mantem-se-abaixo-de-r-62-tri\" \/>\n<meta property=\"og:locale\" content=\"pt_BR\" \/>\n<meta property=\"og:type\" content=\"article\" \/>\n<meta property=\"og:title\" content=\"D\u00edvida P\u00fablica cai 0,8% em julho e mant\u00e9m-se abaixo de R$ 6,2 tri - Litoral SP\" \/>\n<meta property=\"og:description\" content=\"Segundo n\u00fameros divulgados nesta ter\u00e7a-feira (29) pelo Tesouro Nacional, a DPF passou de R$ 6,191 trilh\u00f5es em junho para R$ 6,142 trilh\u00f5es no m\u00eas passado, recuo de 0,8%.\" \/>\n<meta property=\"og:url\" content=\"https:\/\/redenoticiaz.com.br\/litoralsp\/2023\/09\/02\/divida-publica-cai-08-em-julho-e-mantem-se-abaixo-de-r-62-tri\" \/>\n<meta property=\"og:site_name\" content=\"Litoral SP\" \/>\n<meta property=\"article:published_time\" content=\"2023-09-02T17:00:42+00:00\" \/>\n<meta property=\"article:modified_time\" content=\"2024-05-22T17:14:16+00:00\" \/>\n<meta property=\"og:image\" content=\"https:\/\/redenoticiaz.com.br\/litoralsp\/wp-content\/uploads\/sites\/3\/2023\/12\/real_moedadinheiro_jfcrz_abr_1701220044_1.jpg?v=1693353750\" \/>\n\t<meta property=\"og:image:width\" content=\"1170\" \/>\n\t<meta property=\"og:image:height\" content=\"700\" \/>\n\t<meta property=\"og:image:type\" content=\"image\/jpeg\" \/>\n<meta name=\"author\" content=\"Gustavo Silva\" \/>\n<meta name=\"twitter:card\" content=\"summary_large_image\" \/>\n<meta name=\"twitter:label1\" content=\"Escrito por\" \/>\n\t<meta name=\"twitter:data1\" content=\"Gustavo Silva\" \/>\n\t<meta name=\"twitter:label2\" content=\"Est. tempo de leitura\" \/>\n\t<meta name=\"twitter:data2\" content=\"5 minutos\" \/>\n<script type=\"application\/ld+json\" class=\"yoast-schema-graph\">{\"@context\":\"https:\\\/\\\/schema.org\",\"@graph\":[{\"@type\":\"Article\",\"@id\":\"https:\\\/\\\/redenoticiaz.com.br\\\/litoralsp\\\/2023\\\/09\\\/02\\\/divida-publica-cai-08-em-julho-e-mantem-se-abaixo-de-r-62-tri#article\",\"isPartOf\":{\"@id\":\"https:\\\/\\\/redenoticiaz.com.br\\\/litoralsp\\\/2023\\\/09\\\/02\\\/divida-publica-cai-08-em-julho-e-mantem-se-abaixo-de-r-62-tri\"},\"author\":{\"name\":\"Gustavo Silva\",\"@id\":\"https:\\\/\\\/redenoticiaz.com.br\\\/litoralsp\\\/#\\\/schema\\\/person\\\/16057b37a3c0ee6b096d7f887c566e2e\"},\"headline\":\"D\u00edvida P\u00fablica cai 0,8% em julho e mant\u00e9m-se abaixo de R$ 6,2 tri\",\"datePublished\":\"2023-09-02T17:00:42+00:00\",\"dateModified\":\"2024-05-22T17:14:16+00:00\",\"mainEntityOfPage\":{\"@id\":\"https:\\\/\\\/redenoticiaz.com.br\\\/litoralsp\\\/2023\\\/09\\\/02\\\/divida-publica-cai-08-em-julho-e-mantem-se-abaixo-de-r-62-tri\"},\"wordCount\":913,\"commentCount\":0,\"publisher\":{\"@id\":\"https:\\\/\\\/redenoticiaz.com.br\\\/litoralsp\\\/#organization\"},\"image\":{\"@id\":\"https:\\\/\\\/redenoticiaz.com.br\\\/litoralsp\\\/2023\\\/09\\\/02\\\/divida-publica-cai-08-em-julho-e-mantem-se-abaixo-de-r-62-tri#primaryimage\"},\"thumbnailUrl\":\"https:\\\/\\\/redenoticiaz.com.br\\\/litoralsp\\\/wp-content\\\/uploads\\\/sites\\\/3\\\/2023\\\/12\\\/real_moedadinheiro_jfcrz_abr_1701220044_1.jpg?v=1693353750\",\"keywords\":[\"D\u00edvida P\u00fablica\",\"D\u00edvida P\u00fablica Federal\",\"D\u00edvida P\u00fablica Mobili\u00e1ria\",\"SELIC\",\"TESOURO NACIONAL\"],\"articleSection\":[\"Economia\"],\"inLanguage\":\"pt-BR\",\"potentialAction\":[{\"@type\":\"CommentAction\",\"name\":\"Comment\",\"target\":[\"https:\\\/\\\/redenoticiaz.com.br\\\/litoralsp\\\/2023\\\/09\\\/02\\\/divida-publica-cai-08-em-julho-e-mantem-se-abaixo-de-r-62-tri#respond\"]}]},{\"@type\":\"WebPage\",\"@id\":\"https:\\\/\\\/redenoticiaz.com.br\\\/litoralsp\\\/2023\\\/09\\\/02\\\/divida-publica-cai-08-em-julho-e-mantem-se-abaixo-de-r-62-tri\",\"url\":\"https:\\\/\\\/redenoticiaz.com.br\\\/litoralsp\\\/2023\\\/09\\\/02\\\/divida-publica-cai-08-em-julho-e-mantem-se-abaixo-de-r-62-tri\",\"name\":\"D\u00edvida P\u00fablica cai 0,8% em julho e mant\u00e9m-se abaixo de R$ 6,2 tri - Litoral SP\",\"isPartOf\":{\"@id\":\"https:\\\/\\\/redenoticiaz.com.br\\\/litoralsp\\\/#website\"},\"primaryImageOfPage\":{\"@id\":\"https:\\\/\\\/redenoticiaz.com.br\\\/litoralsp\\\/2023\\\/09\\\/02\\\/divida-publica-cai-08-em-julho-e-mantem-se-abaixo-de-r-62-tri#primaryimage\"},\"image\":{\"@id\":\"https:\\\/\\\/redenoticiaz.com.br\\\/litoralsp\\\/2023\\\/09\\\/02\\\/divida-publica-cai-08-em-julho-e-mantem-se-abaixo-de-r-62-tri#primaryimage\"},\"thumbnailUrl\":\"https:\\\/\\\/redenoticiaz.com.br\\\/litoralsp\\\/wp-content\\\/uploads\\\/sites\\\/3\\\/2023\\\/12\\\/real_moedadinheiro_jfcrz_abr_1701220044_1.jpg?v=1693353750\",\"datePublished\":\"2023-09-02T17:00:42+00:00\",\"dateModified\":\"2024-05-22T17:14:16+00:00\",\"description\":\"Segundo n\u00fameros divulgados nesta ter\u00e7a-feira (29) pelo Tesouro Nacional, a DPF passou de R$ 6,191 trilh\u00f5es em junho para R$ 6,142 trilh\u00f5es no m\u00eas passado, recuo de 0,8%.\",\"inLanguage\":\"pt-BR\",\"potentialAction\":[{\"@type\":\"ReadAction\",\"target\":[\"https:\\\/\\\/redenoticiaz.com.br\\\/litoralsp\\\/2023\\\/09\\\/02\\\/divida-publica-cai-08-em-julho-e-mantem-se-abaixo-de-r-62-tri\"]}]},{\"@type\":\"ImageObject\",\"inLanguage\":\"pt-BR\",\"@id\":\"https:\\\/\\\/redenoticiaz.com.br\\\/litoralsp\\\/2023\\\/09\\\/02\\\/divida-publica-cai-08-em-julho-e-mantem-se-abaixo-de-r-62-tri#primaryimage\",\"url\":\"https:\\\/\\\/redenoticiaz.com.br\\\/litoralsp\\\/wp-content\\\/uploads\\\/sites\\\/3\\\/2023\\\/12\\\/real_moedadinheiro_jfcrz_abr_1701220044_1.jpg?v=1693353750\",\"contentUrl\":\"https:\\\/\\\/redenoticiaz.com.br\\\/litoralsp\\\/wp-content\\\/uploads\\\/sites\\\/3\\\/2023\\\/12\\\/real_moedadinheiro_jfcrz_abr_1701220044_1.jpg?v=1693353750\",\"width\":1170,\"height\":700,\"caption\":\"D\u00edvida P\u00fablica cai 0,8% em julho e mant\u00e9m-se abaixo de R$ 6,2 tri\"},{\"@type\":\"WebSite\",\"@id\":\"https:\\\/\\\/redenoticiaz.com.br\\\/litoralsp\\\/#website\",\"url\":\"https:\\\/\\\/redenoticiaz.com.br\\\/litoralsp\\\/\",\"name\":\"Litoral SP\",\"description\":\"Rede NoticiaZ\",\"publisher\":{\"@id\":\"https:\\\/\\\/redenoticiaz.com.br\\\/litoralsp\\\/#organization\"},\"potentialAction\":[{\"@type\":\"SearchAction\",\"target\":{\"@type\":\"EntryPoint\",\"urlTemplate\":\"https:\\\/\\\/redenoticiaz.com.br\\\/litoralsp\\\/?s={search_term_string}\"},\"query-input\":{\"@type\":\"PropertyValueSpecification\",\"valueRequired\":true,\"valueName\":\"search_term_string\"}}],\"inLanguage\":\"pt-BR\"},{\"@type\":\"Organization\",\"@id\":\"https:\\\/\\\/redenoticiaz.com.br\\\/litoralsp\\\/#organization\",\"name\":\"Litoral SP\",\"url\":\"https:\\\/\\\/redenoticiaz.com.br\\\/litoralsp\\\/\",\"logo\":{\"@type\":\"ImageObject\",\"inLanguage\":\"pt-BR\",\"@id\":\"https:\\\/\\\/redenoticiaz.com.br\\\/litoralsp\\\/#\\\/schema\\\/logo\\\/image\\\/\",\"url\":\"https:\\\/\\\/redenoticiaz.com.br\\\/litoralsp\\\/wp-content\\\/uploads\\\/sites\\\/3\\\/2020\\\/11\\\/logo.jpg\",\"contentUrl\":\"https:\\\/\\\/redenoticiaz.com.br\\\/litoralsp\\\/wp-content\\\/uploads\\\/sites\\\/3\\\/2020\\\/11\\\/logo.jpg\",\"width\":400,\"height\":250,\"caption\":\"Litoral SP\"},\"image\":{\"@id\":\"https:\\\/\\\/redenoticiaz.com.br\\\/litoralsp\\\/#\\\/schema\\\/logo\\\/image\\\/\"}},{\"@type\":\"Person\",\"@id\":\"https:\\\/\\\/redenoticiaz.com.br\\\/litoralsp\\\/#\\\/schema\\\/person\\\/16057b37a3c0ee6b096d7f887c566e2e\",\"name\":\"Gustavo Silva\",\"image\":{\"@type\":\"ImageObject\",\"inLanguage\":\"pt-BR\",\"@id\":\"https:\\\/\\\/secure.gravatar.com\\\/avatar\\\/3ee4e82f93b26de0a7cf4ea5eb7893da637ed6bb0c9170c58065944c56e28a33?s=96&d=mm&r=g\",\"url\":\"https:\\\/\\\/secure.gravatar.com\\\/avatar\\\/3ee4e82f93b26de0a7cf4ea5eb7893da637ed6bb0c9170c58065944c56e28a33?s=96&d=mm&r=g\",\"contentUrl\":\"https:\\\/\\\/secure.gravatar.com\\\/avatar\\\/3ee4e82f93b26de0a7cf4ea5eb7893da637ed6bb0c9170c58065944c56e28a33?s=96&d=mm&r=g\",\"caption\":\"Gustavo Silva\"},\"url\":\"https:\\\/\\\/redenoticiaz.com.br\\\/litoralsp\\\/author\\\/gustavosilva\"}]}<\/script>\n<!-- \/ Yoast SEO plugin. -->","yoast_head_json":{"title":"D\u00edvida P\u00fablica cai 0,8% em julho e mant\u00e9m-se abaixo de R$ 6,2 tri - Litoral SP","description":"Segundo n\u00fameros divulgados nesta ter\u00e7a-feira (29) pelo Tesouro Nacional, a DPF passou de R$ 6,191 trilh\u00f5es em junho para R$ 6,142 trilh\u00f5es no m\u00eas passado, recuo de 0,8%.","robots":{"index":"index","follow":"follow","max-snippet":"max-snippet:-1","max-image-preview":"max-image-preview:large","max-video-preview":"max-video-preview:-1"},"canonical":"https:\/\/redenoticiaz.com.br\/litoralsp\/2023\/09\/02\/divida-publica-cai-08-em-julho-e-mantem-se-abaixo-de-r-62-tri","og_locale":"pt_BR","og_type":"article","og_title":"D\u00edvida P\u00fablica cai 0,8% em julho e mant\u00e9m-se abaixo de R$ 6,2 tri - Litoral SP","og_description":"Segundo n\u00fameros divulgados nesta ter\u00e7a-feira (29) pelo Tesouro Nacional, a DPF passou de R$ 6,191 trilh\u00f5es em junho para R$ 6,142 trilh\u00f5es no m\u00eas passado, recuo de 0,8%.","og_url":"https:\/\/redenoticiaz.com.br\/litoralsp\/2023\/09\/02\/divida-publica-cai-08-em-julho-e-mantem-se-abaixo-de-r-62-tri","og_site_name":"Litoral SP","article_published_time":"2023-09-02T17:00:42+00:00","article_modified_time":"2024-05-22T17:14:16+00:00","og_image":[{"width":1170,"height":700,"url":"https:\/\/redenoticiaz.com.br\/litoralsp\/wp-content\/uploads\/sites\/3\/2023\/12\/real_moedadinheiro_jfcrz_abr_1701220044_1.jpg?v=1693353750","type":"image\/jpeg"}],"author":"Gustavo Silva","twitter_card":"summary_large_image","twitter_misc":{"Escrito por":"Gustavo Silva","Est. tempo de leitura":"5 minutos"},"schema":{"@context":"https:\/\/schema.org","@graph":[{"@type":"Article","@id":"https:\/\/redenoticiaz.com.br\/litoralsp\/2023\/09\/02\/divida-publica-cai-08-em-julho-e-mantem-se-abaixo-de-r-62-tri#article","isPartOf":{"@id":"https:\/\/redenoticiaz.com.br\/litoralsp\/2023\/09\/02\/divida-publica-cai-08-em-julho-e-mantem-se-abaixo-de-r-62-tri"},"author":{"name":"Gustavo Silva","@id":"https:\/\/redenoticiaz.com.br\/litoralsp\/#\/schema\/person\/16057b37a3c0ee6b096d7f887c566e2e"},"headline":"D\u00edvida P\u00fablica cai 0,8% em julho e mant\u00e9m-se abaixo de R$ 6,2 tri","datePublished":"2023-09-02T17:00:42+00:00","dateModified":"2024-05-22T17:14:16+00:00","mainEntityOfPage":{"@id":"https:\/\/redenoticiaz.com.br\/litoralsp\/2023\/09\/02\/divida-publica-cai-08-em-julho-e-mantem-se-abaixo-de-r-62-tri"},"wordCount":913,"commentCount":0,"publisher":{"@id":"https:\/\/redenoticiaz.com.br\/litoralsp\/#organization"},"image":{"@id":"https:\/\/redenoticiaz.com.br\/litoralsp\/2023\/09\/02\/divida-publica-cai-08-em-julho-e-mantem-se-abaixo-de-r-62-tri#primaryimage"},"thumbnailUrl":"https:\/\/redenoticiaz.com.br\/litoralsp\/wp-content\/uploads\/sites\/3\/2023\/12\/real_moedadinheiro_jfcrz_abr_1701220044_1.jpg?v=1693353750","keywords":["D\u00edvida P\u00fablica","D\u00edvida P\u00fablica Federal","D\u00edvida P\u00fablica Mobili\u00e1ria","SELIC","TESOURO NACIONAL"],"articleSection":["Economia"],"inLanguage":"pt-BR","potentialAction":[{"@type":"CommentAction","name":"Comment","target":["https:\/\/redenoticiaz.com.br\/litoralsp\/2023\/09\/02\/divida-publica-cai-08-em-julho-e-mantem-se-abaixo-de-r-62-tri#respond"]}]},{"@type":"WebPage","@id":"https:\/\/redenoticiaz.com.br\/litoralsp\/2023\/09\/02\/divida-publica-cai-08-em-julho-e-mantem-se-abaixo-de-r-62-tri","url":"https:\/\/redenoticiaz.com.br\/litoralsp\/2023\/09\/02\/divida-publica-cai-08-em-julho-e-mantem-se-abaixo-de-r-62-tri","name":"D\u00edvida P\u00fablica cai 0,8% em julho e mant\u00e9m-se abaixo de R$ 6,2 tri - Litoral SP","isPartOf":{"@id":"https:\/\/redenoticiaz.com.br\/litoralsp\/#website"},"primaryImageOfPage":{"@id":"https:\/\/redenoticiaz.com.br\/litoralsp\/2023\/09\/02\/divida-publica-cai-08-em-julho-e-mantem-se-abaixo-de-r-62-tri#primaryimage"},"image":{"@id":"https:\/\/redenoticiaz.com.br\/litoralsp\/2023\/09\/02\/divida-publica-cai-08-em-julho-e-mantem-se-abaixo-de-r-62-tri#primaryimage"},"thumbnailUrl":"https:\/\/redenoticiaz.com.br\/litoralsp\/wp-content\/uploads\/sites\/3\/2023\/12\/real_moedadinheiro_jfcrz_abr_1701220044_1.jpg?v=1693353750","datePublished":"2023-09-02T17:00:42+00:00","dateModified":"2024-05-22T17:14:16+00:00","description":"Segundo n\u00fameros divulgados nesta ter\u00e7a-feira (29) pelo Tesouro Nacional, a DPF passou de R$ 6,191 trilh\u00f5es em junho para R$ 6,142 trilh\u00f5es no m\u00eas passado, recuo de 0,8%.","inLanguage":"pt-BR","potentialAction":[{"@type":"ReadAction","target":["https:\/\/redenoticiaz.com.br\/litoralsp\/2023\/09\/02\/divida-publica-cai-08-em-julho-e-mantem-se-abaixo-de-r-62-tri"]}]},{"@type":"ImageObject","inLanguage":"pt-BR","@id":"https:\/\/redenoticiaz.com.br\/litoralsp\/2023\/09\/02\/divida-publica-cai-08-em-julho-e-mantem-se-abaixo-de-r-62-tri#primaryimage","url":"https:\/\/redenoticiaz.com.br\/litoralsp\/wp-content\/uploads\/sites\/3\/2023\/12\/real_moedadinheiro_jfcrz_abr_1701220044_1.jpg?v=1693353750","contentUrl":"https:\/\/redenoticiaz.com.br\/litoralsp\/wp-content\/uploads\/sites\/3\/2023\/12\/real_moedadinheiro_jfcrz_abr_1701220044_1.jpg?v=1693353750","width":1170,"height":700,"caption":"D\u00edvida P\u00fablica cai 0,8% em julho e mant\u00e9m-se abaixo de R$ 6,2 tri"},{"@type":"WebSite","@id":"https:\/\/redenoticiaz.com.br\/litoralsp\/#website","url":"https:\/\/redenoticiaz.com.br\/litoralsp\/","name":"Litoral SP","description":"Rede NoticiaZ","publisher":{"@id":"https:\/\/redenoticiaz.com.br\/litoralsp\/#organization"},"potentialAction":[{"@type":"SearchAction","target":{"@type":"EntryPoint","urlTemplate":"https:\/\/redenoticiaz.com.br\/litoralsp\/?s={search_term_string}"},"query-input":{"@type":"PropertyValueSpecification","valueRequired":true,"valueName":"search_term_string"}}],"inLanguage":"pt-BR"},{"@type":"Organization","@id":"https:\/\/redenoticiaz.com.br\/litoralsp\/#organization","name":"Litoral SP","url":"https:\/\/redenoticiaz.com.br\/litoralsp\/","logo":{"@type":"ImageObject","inLanguage":"pt-BR","@id":"https:\/\/redenoticiaz.com.br\/litoralsp\/#\/schema\/logo\/image\/","url":"https:\/\/redenoticiaz.com.br\/litoralsp\/wp-content\/uploads\/sites\/3\/2020\/11\/logo.jpg","contentUrl":"https:\/\/redenoticiaz.com.br\/litoralsp\/wp-content\/uploads\/sites\/3\/2020\/11\/logo.jpg","width":400,"height":250,"caption":"Litoral SP"},"image":{"@id":"https:\/\/redenoticiaz.com.br\/litoralsp\/#\/schema\/logo\/image\/"}},{"@type":"Person","@id":"https:\/\/redenoticiaz.com.br\/litoralsp\/#\/schema\/person\/16057b37a3c0ee6b096d7f887c566e2e","name":"Gustavo Silva","image":{"@type":"ImageObject","inLanguage":"pt-BR","@id":"https:\/\/secure.gravatar.com\/avatar\/3ee4e82f93b26de0a7cf4ea5eb7893da637ed6bb0c9170c58065944c56e28a33?s=96&d=mm&r=g","url":"https:\/\/secure.gravatar.com\/avatar\/3ee4e82f93b26de0a7cf4ea5eb7893da637ed6bb0c9170c58065944c56e28a33?s=96&d=mm&r=g","contentUrl":"https:\/\/secure.gravatar.com\/avatar\/3ee4e82f93b26de0a7cf4ea5eb7893da637ed6bb0c9170c58065944c56e28a33?s=96&d=mm&r=g","caption":"Gustavo Silva"},"url":"https:\/\/redenoticiaz.com.br\/litoralsp\/author\/gustavosilva"}]}},"_links":{"self":[{"href":"https:\/\/redenoticiaz.com.br\/litoralsp\/wp-json\/wp\/v2\/posts\/116345","targetHints":{"allow":["GET"]}}],"collection":[{"href":"https:\/\/redenoticiaz.com.br\/litoralsp\/wp-json\/wp\/v2\/posts"}],"about":[{"href":"https:\/\/redenoticiaz.com.br\/litoralsp\/wp-json\/wp\/v2\/types\/post"}],"author":[{"embeddable":true,"href":"https:\/\/redenoticiaz.com.br\/litoralsp\/wp-json\/wp\/v2\/users\/12"}],"replies":[{"embeddable":true,"href":"https:\/\/redenoticiaz.com.br\/litoralsp\/wp-json\/wp\/v2\/comments?post=116345"}],"version-history":[{"count":0,"href":"https:\/\/redenoticiaz.com.br\/litoralsp\/wp-json\/wp\/v2\/posts\/116345\/revisions"}],"wp:featuredmedia":[{"embeddable":true,"href":"https:\/\/redenoticiaz.com.br\/litoralsp\/wp-json\/wp\/v2\/media\/112758"}],"wp:attachment":[{"href":"https:\/\/redenoticiaz.com.br\/litoralsp\/wp-json\/wp\/v2\/media?parent=116345"}],"wp:term":[{"taxonomy":"category","embeddable":true,"href":"https:\/\/redenoticiaz.com.br\/litoralsp\/wp-json\/wp\/v2\/categories?post=116345"},{"taxonomy":"post_tag","embeddable":true,"href":"https:\/\/redenoticiaz.com.br\/litoralsp\/wp-json\/wp\/v2\/tags?post=116345"}],"curies":[{"name":"wp","href":"https:\/\/api.w.org\/{rel}","templated":true}]}}