{"id":116407,"date":"2024-05-26T14:00:47","date_gmt":"2024-05-26T17:00:47","guid":{"rendered":"https:\/\/redenoticiaz.com.br\/litoralsp\/?p=116407"},"modified":"2024-05-26T14:00:47","modified_gmt":"2024-05-26T17:00:47","slug":"preco-do-arroz-fica-estavel-na-primeira-semana-de-monitoramento-do-procon-sp","status":"publish","type":"post","link":"https:\/\/redenoticiaz.com.br\/litoralsp\/2024\/05\/26\/preco-do-arroz-fica-estavel-na-primeira-semana-de-monitoramento-do-procon-sp","title":{"rendered":"Pre\u00e7o do arroz fica est\u00e1vel na primeira semana de monitoramento do Procon-SP"},"content":{"rendered":"<p>O monitoramento nos pre\u00e7os de alguns tipos de arroz em estabelecimentos com venda pela internet na cidade de S\u00e3o Paulo, feito pelo Procon-SP pela segunda vez, apurou uma ligeira queda de &#8211; 1,23% nos valores m\u00e9dios dos itens que fazem parte do levantamento.<\/p>\n<p>A compara\u00e7\u00e3o foi feita entre os pre\u00e7os coletados no \u00faltimo dia 15, quando o \u00f3rg\u00e3o de defesa iniciou o monitoramento, e no dia 22 (quarta-feira).<\/p>\n<h3>Veja o levantamento completo aqui.<\/h3>\n<p><img loading=\"lazy\" decoding=\"async\" class=\"aligncenter wp-image-116409 size-full\" src=\"https:\/\/redenoticiaz.com.br\/litoralsp\/wp-content\/uploads\/sites\/3\/2024\/05\/Captura-de-tela-2024-05-24-172119.png\" alt=\"\" width=\"641\" height=\"434\" srcset=\"https:\/\/redenoticiaz.com.br\/litoralsp\/wp-content\/uploads\/sites\/3\/2024\/05\/Captura-de-tela-2024-05-24-172119.png?v=1716582174 641w, https:\/\/redenoticiaz.com.br\/litoralsp\/wp-content\/uploads\/sites\/3\/2024\/05\/Captura-de-tela-2024-05-24-172119-300x203.png?v=1716582174 300w, https:\/\/redenoticiaz.com.br\/litoralsp\/wp-content\/uploads\/sites\/3\/2024\/05\/Captura-de-tela-2024-05-24-172119-220x150.png?v=1716582174 220w\" sizes=\"auto, (max-width: 641px) 100vw, 641px\" \/><\/p>\n<p>Os valores foram levantados na Capital, de forma online, em seis sites de supermercados. Foram coletados os pre\u00e7os de tr\u00eas marcas dispon\u00edveis em todos os estabelecimentos pesquisados dos tipos 1 e integral.<\/p>\n<p>Segundo os especialistas do Procon-SP, este comportamento de estabilidade com ligeira redu\u00e7\u00e3o de &#8211; 1,23% na m\u00e9dia, pode, dentre outros fatores, resultar de dois fatores combinados: a restri\u00e7\u00e3o nos volumes vendidos individualmente em cada compra e o estoque aparente nos pontos de venda, tranquilizando o consumidor que n\u00e3o identifica falta do produto e, consequentemente, mant\u00e9m a demanda dentro da normalidade.<\/p>\n<p>O levantamento de pre\u00e7os de arroz na cidade de S\u00e3o Paulo ser\u00e1 feito pelo Procon-SP semanalmente enquanto houver especula\u00e7\u00e3o quanto a eventual desabastecimento do produto, diante das informa\u00e7\u00f5es que circulam sobre os impactos das enchentes no Rio Grande do Sul. O objetivo \u00e9 dar aos consumidores paulistas uma refer\u00eancia de pre\u00e7os, auxiliando nas decis\u00f5es de compra, al\u00e9m de identificar flutua\u00e7\u00f5es nas ofertas.<\/p>\n<p><strong>Esclarecimentos importantes<\/strong><\/p>\n<p>Estes dados n\u00e3o est\u00e3o sendo coletados para formar \u00edndices, serem transformados em processos fiscalizat\u00f3rios ou qualquer outra finalidade como identificar abusividade de pre\u00e7os, j\u00e1 que n\u00e3o h\u00e1 regime de tabelamento no Brasil e o Procon-SP, em parceria com o DIEESE, produz mensalmente uma pesquisa de pre\u00e7os da cesta b\u00e1sica, com mais itens considerados para o c\u00e1lculo.<\/p>\n<p>Sobre o racionamento na venda de arroz, o C\u00f3digo de Defesa do Consumidor estabelece que \u00e9 pr\u00e1tica abusiva condicionar o fornecimento de produto a limites quantitativos sem justa causa. Mas, diante da gravidade da trag\u00e9dia no Rio Grande do Sul, o Procon-SP entende que \u00e9 justific\u00e1vel que fornecedores disponibilizem os produtos com alguma restri\u00e7\u00e3o quantitativa com o objetivo de atender ao maior n\u00famero poss\u00edvel de consumidores e, assim, ajudar no combate \u00e0 especula\u00e7\u00e3o.<\/p>\n<p>A limita\u00e7\u00e3o nas quantidades vendidas por parte dos estabelecimentos deve ser informada de maneira clara, precisa e ostensiva.<\/p>\n<p>Finalmente, apesar do pre\u00e7o dos produtos n\u00e3o serem tabelados, eventuais situa\u00e7\u00f5es que os consumidores considerarem abusivas podem ser denunciadas junto aos \u00f3rg\u00e3os reguladores \u2013 como a Conab ou o Minist\u00e9rio da Agricultura \u2013 ou diretamente \u00e0 Justi\u00e7a. Os Procons tamb\u00e9m podem receber reclama\u00e7\u00f5es que ser\u00e3o analisadas caso a caso.<\/p>\n<p>LEIA MAIS<\/p>\n<p><a href=\"https:\/\/redenoticiaz.com.br\/blog\/2024\/05\/24\/pacientes-com-sintomas-da-doenca-podem-procurar-os-ubss-de-saude-neste-sabado\">Pacientes com sintomas da doen\u00e7a podem procurar os UBSs de sa\u00fade neste s\u00e1bado<\/a><\/p>\n<p><a href=\"https:\/\/redenoticiaz.com.br\/blog\/2024\/05\/24\/stf-proibe-desqualificacao-de-mulheres-vitimas-de-violencia\">STF pro\u00edbe desqualifica\u00e7\u00e3o de mulheres v\u00edtimas de viol\u00eancia<\/a><\/p>\n<div id=\"allow-copy_covered_elem_id_1716582191617\" class=\"allow-copy_cover allow-copy_cover__minimized allow-copy_cover__on-elem\" style=\"top: 226px;left: 99.5px;width: 325px;height: 220px\" data-check-covered-elem-position-interval=\"78\">\n<ul class=\"allow-copy_cover-actions\">\n<li class=\"allow-copy_cover-action allow-copy_grab-btn\" title=\"Capturar Texto\"><\/li>\n<li class=\"allow-copy_cover-action allow-copy_copy-to-clipboard-btn allow-copy__hidden\" title=\"Copiar todo o texto para a \u00e1rea de transfer\u00eancia\"><\/li>\n<li class=\"allow-copy_cover-action allow-copy_reset-btn allow-copy__hidden\" title=\"Limpar Texto\"><\/li>\n<li class=\"allow-copy_cover-action  allow-copy_maximize-btn\" title=\"Maximizar\"><\/li>\n<li class=\"allow-copy_cover-action allow-copy_minimize-btn allow-copy__hidden\" title=\"Minimizar\"><\/li>\n<li class=\"allow-copy_cover-action allow-copy_beta-icon \" title=\"Desculpe :( \nIsso \u00e9 uma funcionalidade beta.\nPode n\u00e3o funcionar corretamente.\nDesative-a nas configura\u00e7\u00f5es se n\u00e3o gostar.\">Beta<\/li>\n<\/ul>\n<p><span class=\"allow-copy__beta-testing-label\" title=\"Desculpe :( \nIsso \u00e9 uma funcionalidade beta.\nPode n\u00e3o funcionar corretamente.\nDesative-a nas configura\u00e7\u00f5es se n\u00e3o gostar.\">Funcionalidade Beta<i class=\"allow-copy__settings\">  <\/i><\/span><\/div>\n","protected":false},"excerpt":{"rendered":"<p>O monitoramento nos pre\u00e7os de alguns tipos de arroz em estabelecimentos com venda pela internet na cidade de S\u00e3o Paulo, feito pelo Procon-SP pela segunda vez, apurou uma ligeira queda de &#8211; 1,23% nos valores m\u00e9dios dos itens que fazem parte do levantamento. A compara\u00e7\u00e3o foi feita entre os pre\u00e7os coletados no \u00faltimo dia 15, &hellip;<\/p>\n","protected":false},"author":30,"featured_media":116408,"comment_status":"open","ping_status":"closed","sticky":false,"template":"","format":"standard","meta":{"footnotes":""},"categories":[97],"tags":[65475,58678],"class_list":["post-116407","post","type-post","status-publish","format-standard","has-post-thumbnail","hentry","category-economia","tag-arroz","tag-preco"],"yoast_head":"<!-- This site is optimized with the Yoast SEO plugin v27.4 - https:\/\/yoast.com\/product\/yoast-seo-wordpress\/ -->\n<title>Pre\u00e7o do arroz fica est\u00e1vel na primeira semana de monitoramento do Procon-SP - Litoral SP<\/title>\n<meta name=\"description\" content=\"O monitoramento nos pre\u00e7os de alguns tipos de arroz em estabelecimentos com venda pela internet na cidade de S\u00e3o Paulo, feito pelo Procon-SP\" \/>\n<meta name=\"robots\" content=\"index, follow, max-snippet:-1, max-image-preview:large, max-video-preview:-1\" \/>\n<link rel=\"canonical\" href=\"https:\/\/redenoticiaz.com.br\/litoralsp\/2024\/05\/26\/preco-do-arroz-fica-estavel-na-primeira-semana-de-monitoramento-do-procon-sp\" \/>\n<meta property=\"og:locale\" content=\"pt_BR\" \/>\n<meta property=\"og:type\" content=\"article\" \/>\n<meta property=\"og:title\" content=\"Pre\u00e7o do arroz fica est\u00e1vel na primeira semana de monitoramento do Procon-SP - Litoral SP\" \/>\n<meta property=\"og:description\" content=\"O monitoramento nos pre\u00e7os de alguns tipos de arroz em estabelecimentos com venda pela internet na cidade de S\u00e3o Paulo, feito pelo Procon-SP\" \/>\n<meta property=\"og:url\" content=\"https:\/\/redenoticiaz.com.br\/litoralsp\/2024\/05\/26\/preco-do-arroz-fica-estavel-na-primeira-semana-de-monitoramento-do-procon-sp\" \/>\n<meta property=\"og:site_name\" content=\"Litoral SP\" \/>\n<meta property=\"article:published_time\" content=\"2024-05-26T17:00:47+00:00\" \/>\n<meta property=\"og:image\" content=\"https:\/\/redenoticiaz.com.br\/litoralsp\/wp-content\/uploads\/sites\/3\/2024\/05\/Captura-de-tela-2024-05-24-173822.png?v=1716583177\" \/>\n\t<meta property=\"og:image:width\" content=\"399\" \/>\n\t<meta property=\"og:image:height\" content=\"217\" \/>\n\t<meta property=\"og:image:type\" content=\"image\/png\" \/>\n<meta name=\"author\" content=\"Carina Reifonas\" \/>\n<meta name=\"twitter:card\" content=\"summary_large_image\" \/>\n<meta name=\"twitter:label1\" content=\"Escrito por\" \/>\n\t<meta name=\"twitter:data1\" content=\"Carina Reifonas\" \/>\n\t<meta name=\"twitter:label2\" content=\"Est. tempo de leitura\" \/>\n\t<meta name=\"twitter:data2\" content=\"3 minutos\" \/>\n<script type=\"application\/ld+json\" class=\"yoast-schema-graph\">{\"@context\":\"https:\\\/\\\/schema.org\",\"@graph\":[{\"@type\":\"Article\",\"@id\":\"https:\\\/\\\/redenoticiaz.com.br\\\/litoralsp\\\/2024\\\/05\\\/26\\\/preco-do-arroz-fica-estavel-na-primeira-semana-de-monitoramento-do-procon-sp#article\",\"isPartOf\":{\"@id\":\"https:\\\/\\\/redenoticiaz.com.br\\\/litoralsp\\\/2024\\\/05\\\/26\\\/preco-do-arroz-fica-estavel-na-primeira-semana-de-monitoramento-do-procon-sp\"},\"author\":{\"name\":\"Carina Reifonas\",\"@id\":\"https:\\\/\\\/redenoticiaz.com.br\\\/litoralsp\\\/#\\\/schema\\\/person\\\/1f84d6e94e6a62d2d81199d7503e9e90\"},\"headline\":\"Pre\u00e7o do arroz fica est\u00e1vel na primeira semana de monitoramento do Procon-SP\",\"datePublished\":\"2024-05-26T17:00:47+00:00\",\"mainEntityOfPage\":{\"@id\":\"https:\\\/\\\/redenoticiaz.com.br\\\/litoralsp\\\/2024\\\/05\\\/26\\\/preco-do-arroz-fica-estavel-na-primeira-semana-de-monitoramento-do-procon-sp\"},\"wordCount\":509,\"commentCount\":0,\"publisher\":{\"@id\":\"https:\\\/\\\/redenoticiaz.com.br\\\/litoralsp\\\/#organization\"},\"image\":{\"@id\":\"https:\\\/\\\/redenoticiaz.com.br\\\/litoralsp\\\/2024\\\/05\\\/26\\\/preco-do-arroz-fica-estavel-na-primeira-semana-de-monitoramento-do-procon-sp#primaryimage\"},\"thumbnailUrl\":\"https:\\\/\\\/redenoticiaz.com.br\\\/litoralsp\\\/wp-content\\\/uploads\\\/sites\\\/3\\\/2024\\\/05\\\/Captura-de-tela-2024-05-24-173822.png?v=1716583177\",\"keywords\":[\"Arroz\",\"PRE\u00c7O\"],\"articleSection\":[\"Economia\"],\"inLanguage\":\"pt-BR\",\"potentialAction\":[{\"@type\":\"CommentAction\",\"name\":\"Comment\",\"target\":[\"https:\\\/\\\/redenoticiaz.com.br\\\/litoralsp\\\/2024\\\/05\\\/26\\\/preco-do-arroz-fica-estavel-na-primeira-semana-de-monitoramento-do-procon-sp#respond\"]}]},{\"@type\":\"WebPage\",\"@id\":\"https:\\\/\\\/redenoticiaz.com.br\\\/litoralsp\\\/2024\\\/05\\\/26\\\/preco-do-arroz-fica-estavel-na-primeira-semana-de-monitoramento-do-procon-sp\",\"url\":\"https:\\\/\\\/redenoticiaz.com.br\\\/litoralsp\\\/2024\\\/05\\\/26\\\/preco-do-arroz-fica-estavel-na-primeira-semana-de-monitoramento-do-procon-sp\",\"name\":\"Pre\u00e7o do arroz fica est\u00e1vel na primeira semana de monitoramento do Procon-SP - Litoral SP\",\"isPartOf\":{\"@id\":\"https:\\\/\\\/redenoticiaz.com.br\\\/litoralsp\\\/#website\"},\"primaryImageOfPage\":{\"@id\":\"https:\\\/\\\/redenoticiaz.com.br\\\/litoralsp\\\/2024\\\/05\\\/26\\\/preco-do-arroz-fica-estavel-na-primeira-semana-de-monitoramento-do-procon-sp#primaryimage\"},\"image\":{\"@id\":\"https:\\\/\\\/redenoticiaz.com.br\\\/litoralsp\\\/2024\\\/05\\\/26\\\/preco-do-arroz-fica-estavel-na-primeira-semana-de-monitoramento-do-procon-sp#primaryimage\"},\"thumbnailUrl\":\"https:\\\/\\\/redenoticiaz.com.br\\\/litoralsp\\\/wp-content\\\/uploads\\\/sites\\\/3\\\/2024\\\/05\\\/Captura-de-tela-2024-05-24-173822.png?v=1716583177\",\"datePublished\":\"2024-05-26T17:00:47+00:00\",\"description\":\"O monitoramento nos pre\u00e7os de alguns tipos de arroz em estabelecimentos com venda pela internet na cidade de S\u00e3o Paulo, feito pelo Procon-SP\",\"inLanguage\":\"pt-BR\",\"potentialAction\":[{\"@type\":\"ReadAction\",\"target\":[\"https:\\\/\\\/redenoticiaz.com.br\\\/litoralsp\\\/2024\\\/05\\\/26\\\/preco-do-arroz-fica-estavel-na-primeira-semana-de-monitoramento-do-procon-sp\"]}]},{\"@type\":\"ImageObject\",\"inLanguage\":\"pt-BR\",\"@id\":\"https:\\\/\\\/redenoticiaz.com.br\\\/litoralsp\\\/2024\\\/05\\\/26\\\/preco-do-arroz-fica-estavel-na-primeira-semana-de-monitoramento-do-procon-sp#primaryimage\",\"url\":\"https:\\\/\\\/redenoticiaz.com.br\\\/litoralsp\\\/wp-content\\\/uploads\\\/sites\\\/3\\\/2024\\\/05\\\/Captura-de-tela-2024-05-24-173822.png?v=1716583177\",\"contentUrl\":\"https:\\\/\\\/redenoticiaz.com.br\\\/litoralsp\\\/wp-content\\\/uploads\\\/sites\\\/3\\\/2024\\\/05\\\/Captura-de-tela-2024-05-24-173822.png?v=1716583177\",\"width\":399,\"height\":217},{\"@type\":\"WebSite\",\"@id\":\"https:\\\/\\\/redenoticiaz.com.br\\\/litoralsp\\\/#website\",\"url\":\"https:\\\/\\\/redenoticiaz.com.br\\\/litoralsp\\\/\",\"name\":\"Litoral SP\",\"description\":\"Rede NoticiaZ\",\"publisher\":{\"@id\":\"https:\\\/\\\/redenoticiaz.com.br\\\/litoralsp\\\/#organization\"},\"potentialAction\":[{\"@type\":\"SearchAction\",\"target\":{\"@type\":\"EntryPoint\",\"urlTemplate\":\"https:\\\/\\\/redenoticiaz.com.br\\\/litoralsp\\\/?s={search_term_string}\"},\"query-input\":{\"@type\":\"PropertyValueSpecification\",\"valueRequired\":true,\"valueName\":\"search_term_string\"}}],\"inLanguage\":\"pt-BR\"},{\"@type\":\"Organization\",\"@id\":\"https:\\\/\\\/redenoticiaz.com.br\\\/litoralsp\\\/#organization\",\"name\":\"Litoral SP\",\"url\":\"https:\\\/\\\/redenoticiaz.com.br\\\/litoralsp\\\/\",\"logo\":{\"@type\":\"ImageObject\",\"inLanguage\":\"pt-BR\",\"@id\":\"https:\\\/\\\/redenoticiaz.com.br\\\/litoralsp\\\/#\\\/schema\\\/logo\\\/image\\\/\",\"url\":\"https:\\\/\\\/redenoticiaz.com.br\\\/litoralsp\\\/wp-content\\\/uploads\\\/sites\\\/3\\\/2020\\\/11\\\/logo.jpg\",\"contentUrl\":\"https:\\\/\\\/redenoticiaz.com.br\\\/litoralsp\\\/wp-content\\\/uploads\\\/sites\\\/3\\\/2020\\\/11\\\/logo.jpg\",\"width\":400,\"height\":250,\"caption\":\"Litoral SP\"},\"image\":{\"@id\":\"https:\\\/\\\/redenoticiaz.com.br\\\/litoralsp\\\/#\\\/schema\\\/logo\\\/image\\\/\"}},{\"@type\":\"Person\",\"@id\":\"https:\\\/\\\/redenoticiaz.com.br\\\/litoralsp\\\/#\\\/schema\\\/person\\\/1f84d6e94e6a62d2d81199d7503e9e90\",\"name\":\"Carina Reifonas\",\"image\":{\"@type\":\"ImageObject\",\"inLanguage\":\"pt-BR\",\"@id\":\"https:\\\/\\\/secure.gravatar.com\\\/avatar\\\/04c59859b23696cf867715880f81d5c037e60109730bdb4e6670ec2a2245bc97?s=96&d=mm&r=g\",\"url\":\"https:\\\/\\\/secure.gravatar.com\\\/avatar\\\/04c59859b23696cf867715880f81d5c037e60109730bdb4e6670ec2a2245bc97?s=96&d=mm&r=g\",\"contentUrl\":\"https:\\\/\\\/secure.gravatar.com\\\/avatar\\\/04c59859b23696cf867715880f81d5c037e60109730bdb4e6670ec2a2245bc97?s=96&d=mm&r=g\",\"caption\":\"Carina Reifonas\"},\"url\":\"https:\\\/\\\/redenoticiaz.com.br\\\/litoralsp\\\/author\\\/carinareifonas\"}]}<\/script>\n<!-- \/ Yoast SEO plugin. -->","yoast_head_json":{"title":"Pre\u00e7o do arroz fica est\u00e1vel na primeira semana de monitoramento do Procon-SP - Litoral SP","description":"O monitoramento nos pre\u00e7os de alguns tipos de arroz em estabelecimentos com venda pela internet na cidade de S\u00e3o Paulo, feito pelo Procon-SP","robots":{"index":"index","follow":"follow","max-snippet":"max-snippet:-1","max-image-preview":"max-image-preview:large","max-video-preview":"max-video-preview:-1"},"canonical":"https:\/\/redenoticiaz.com.br\/litoralsp\/2024\/05\/26\/preco-do-arroz-fica-estavel-na-primeira-semana-de-monitoramento-do-procon-sp","og_locale":"pt_BR","og_type":"article","og_title":"Pre\u00e7o do arroz fica est\u00e1vel na primeira semana de monitoramento do Procon-SP - Litoral SP","og_description":"O monitoramento nos pre\u00e7os de alguns tipos de arroz em estabelecimentos com venda pela internet na cidade de S\u00e3o Paulo, feito pelo Procon-SP","og_url":"https:\/\/redenoticiaz.com.br\/litoralsp\/2024\/05\/26\/preco-do-arroz-fica-estavel-na-primeira-semana-de-monitoramento-do-procon-sp","og_site_name":"Litoral SP","article_published_time":"2024-05-26T17:00:47+00:00","og_image":[{"width":399,"height":217,"url":"https:\/\/redenoticiaz.com.br\/litoralsp\/wp-content\/uploads\/sites\/3\/2024\/05\/Captura-de-tela-2024-05-24-173822.png?v=1716583177","type":"image\/png"}],"author":"Carina Reifonas","twitter_card":"summary_large_image","twitter_misc":{"Escrito por":"Carina Reifonas","Est. tempo de leitura":"3 minutos"},"schema":{"@context":"https:\/\/schema.org","@graph":[{"@type":"Article","@id":"https:\/\/redenoticiaz.com.br\/litoralsp\/2024\/05\/26\/preco-do-arroz-fica-estavel-na-primeira-semana-de-monitoramento-do-procon-sp#article","isPartOf":{"@id":"https:\/\/redenoticiaz.com.br\/litoralsp\/2024\/05\/26\/preco-do-arroz-fica-estavel-na-primeira-semana-de-monitoramento-do-procon-sp"},"author":{"name":"Carina Reifonas","@id":"https:\/\/redenoticiaz.com.br\/litoralsp\/#\/schema\/person\/1f84d6e94e6a62d2d81199d7503e9e90"},"headline":"Pre\u00e7o do arroz fica est\u00e1vel na primeira semana de monitoramento do Procon-SP","datePublished":"2024-05-26T17:00:47+00:00","mainEntityOfPage":{"@id":"https:\/\/redenoticiaz.com.br\/litoralsp\/2024\/05\/26\/preco-do-arroz-fica-estavel-na-primeira-semana-de-monitoramento-do-procon-sp"},"wordCount":509,"commentCount":0,"publisher":{"@id":"https:\/\/redenoticiaz.com.br\/litoralsp\/#organization"},"image":{"@id":"https:\/\/redenoticiaz.com.br\/litoralsp\/2024\/05\/26\/preco-do-arroz-fica-estavel-na-primeira-semana-de-monitoramento-do-procon-sp#primaryimage"},"thumbnailUrl":"https:\/\/redenoticiaz.com.br\/litoralsp\/wp-content\/uploads\/sites\/3\/2024\/05\/Captura-de-tela-2024-05-24-173822.png?v=1716583177","keywords":["Arroz","PRE\u00c7O"],"articleSection":["Economia"],"inLanguage":"pt-BR","potentialAction":[{"@type":"CommentAction","name":"Comment","target":["https:\/\/redenoticiaz.com.br\/litoralsp\/2024\/05\/26\/preco-do-arroz-fica-estavel-na-primeira-semana-de-monitoramento-do-procon-sp#respond"]}]},{"@type":"WebPage","@id":"https:\/\/redenoticiaz.com.br\/litoralsp\/2024\/05\/26\/preco-do-arroz-fica-estavel-na-primeira-semana-de-monitoramento-do-procon-sp","url":"https:\/\/redenoticiaz.com.br\/litoralsp\/2024\/05\/26\/preco-do-arroz-fica-estavel-na-primeira-semana-de-monitoramento-do-procon-sp","name":"Pre\u00e7o do arroz fica est\u00e1vel na primeira semana de monitoramento do Procon-SP - Litoral SP","isPartOf":{"@id":"https:\/\/redenoticiaz.com.br\/litoralsp\/#website"},"primaryImageOfPage":{"@id":"https:\/\/redenoticiaz.com.br\/litoralsp\/2024\/05\/26\/preco-do-arroz-fica-estavel-na-primeira-semana-de-monitoramento-do-procon-sp#primaryimage"},"image":{"@id":"https:\/\/redenoticiaz.com.br\/litoralsp\/2024\/05\/26\/preco-do-arroz-fica-estavel-na-primeira-semana-de-monitoramento-do-procon-sp#primaryimage"},"thumbnailUrl":"https:\/\/redenoticiaz.com.br\/litoralsp\/wp-content\/uploads\/sites\/3\/2024\/05\/Captura-de-tela-2024-05-24-173822.png?v=1716583177","datePublished":"2024-05-26T17:00:47+00:00","description":"O monitoramento nos pre\u00e7os de alguns tipos de arroz em estabelecimentos com venda pela internet na cidade de S\u00e3o Paulo, feito pelo Procon-SP","inLanguage":"pt-BR","potentialAction":[{"@type":"ReadAction","target":["https:\/\/redenoticiaz.com.br\/litoralsp\/2024\/05\/26\/preco-do-arroz-fica-estavel-na-primeira-semana-de-monitoramento-do-procon-sp"]}]},{"@type":"ImageObject","inLanguage":"pt-BR","@id":"https:\/\/redenoticiaz.com.br\/litoralsp\/2024\/05\/26\/preco-do-arroz-fica-estavel-na-primeira-semana-de-monitoramento-do-procon-sp#primaryimage","url":"https:\/\/redenoticiaz.com.br\/litoralsp\/wp-content\/uploads\/sites\/3\/2024\/05\/Captura-de-tela-2024-05-24-173822.png?v=1716583177","contentUrl":"https:\/\/redenoticiaz.com.br\/litoralsp\/wp-content\/uploads\/sites\/3\/2024\/05\/Captura-de-tela-2024-05-24-173822.png?v=1716583177","width":399,"height":217},{"@type":"WebSite","@id":"https:\/\/redenoticiaz.com.br\/litoralsp\/#website","url":"https:\/\/redenoticiaz.com.br\/litoralsp\/","name":"Litoral SP","description":"Rede NoticiaZ","publisher":{"@id":"https:\/\/redenoticiaz.com.br\/litoralsp\/#organization"},"potentialAction":[{"@type":"SearchAction","target":{"@type":"EntryPoint","urlTemplate":"https:\/\/redenoticiaz.com.br\/litoralsp\/?s={search_term_string}"},"query-input":{"@type":"PropertyValueSpecification","valueRequired":true,"valueName":"search_term_string"}}],"inLanguage":"pt-BR"},{"@type":"Organization","@id":"https:\/\/redenoticiaz.com.br\/litoralsp\/#organization","name":"Litoral SP","url":"https:\/\/redenoticiaz.com.br\/litoralsp\/","logo":{"@type":"ImageObject","inLanguage":"pt-BR","@id":"https:\/\/redenoticiaz.com.br\/litoralsp\/#\/schema\/logo\/image\/","url":"https:\/\/redenoticiaz.com.br\/litoralsp\/wp-content\/uploads\/sites\/3\/2020\/11\/logo.jpg","contentUrl":"https:\/\/redenoticiaz.com.br\/litoralsp\/wp-content\/uploads\/sites\/3\/2020\/11\/logo.jpg","width":400,"height":250,"caption":"Litoral SP"},"image":{"@id":"https:\/\/redenoticiaz.com.br\/litoralsp\/#\/schema\/logo\/image\/"}},{"@type":"Person","@id":"https:\/\/redenoticiaz.com.br\/litoralsp\/#\/schema\/person\/1f84d6e94e6a62d2d81199d7503e9e90","name":"Carina Reifonas","image":{"@type":"ImageObject","inLanguage":"pt-BR","@id":"https:\/\/secure.gravatar.com\/avatar\/04c59859b23696cf867715880f81d5c037e60109730bdb4e6670ec2a2245bc97?s=96&d=mm&r=g","url":"https:\/\/secure.gravatar.com\/avatar\/04c59859b23696cf867715880f81d5c037e60109730bdb4e6670ec2a2245bc97?s=96&d=mm&r=g","contentUrl":"https:\/\/secure.gravatar.com\/avatar\/04c59859b23696cf867715880f81d5c037e60109730bdb4e6670ec2a2245bc97?s=96&d=mm&r=g","caption":"Carina Reifonas"},"url":"https:\/\/redenoticiaz.com.br\/litoralsp\/author\/carinareifonas"}]}},"_links":{"self":[{"href":"https:\/\/redenoticiaz.com.br\/litoralsp\/wp-json\/wp\/v2\/posts\/116407","targetHints":{"allow":["GET"]}}],"collection":[{"href":"https:\/\/redenoticiaz.com.br\/litoralsp\/wp-json\/wp\/v2\/posts"}],"about":[{"href":"https:\/\/redenoticiaz.com.br\/litoralsp\/wp-json\/wp\/v2\/types\/post"}],"author":[{"embeddable":true,"href":"https:\/\/redenoticiaz.com.br\/litoralsp\/wp-json\/wp\/v2\/users\/30"}],"replies":[{"embeddable":true,"href":"https:\/\/redenoticiaz.com.br\/litoralsp\/wp-json\/wp\/v2\/comments?post=116407"}],"version-history":[{"count":1,"href":"https:\/\/redenoticiaz.com.br\/litoralsp\/wp-json\/wp\/v2\/posts\/116407\/revisions"}],"predecessor-version":[{"id":116410,"href":"https:\/\/redenoticiaz.com.br\/litoralsp\/wp-json\/wp\/v2\/posts\/116407\/revisions\/116410"}],"wp:featuredmedia":[{"embeddable":true,"href":"https:\/\/redenoticiaz.com.br\/litoralsp\/wp-json\/wp\/v2\/media\/116408"}],"wp:attachment":[{"href":"https:\/\/redenoticiaz.com.br\/litoralsp\/wp-json\/wp\/v2\/media?parent=116407"}],"wp:term":[{"taxonomy":"category","embeddable":true,"href":"https:\/\/redenoticiaz.com.br\/litoralsp\/wp-json\/wp\/v2\/categories?post=116407"},{"taxonomy":"post_tag","embeddable":true,"href":"https:\/\/redenoticiaz.com.br\/litoralsp\/wp-json\/wp\/v2\/tags?post=116407"}],"curies":[{"name":"wp","href":"https:\/\/api.w.org\/{rel}","templated":true}]}}