{"id":11642,"date":"2021-07-20T16:41:02","date_gmt":"2021-07-20T19:41:02","guid":{"rendered":"https:\/\/redenoticiaz.com.br\/litoralsp\/2021\/07\/20\/ensino-medio-tera-uma-aula-a-mais-por-dia-em-2022"},"modified":"2021-07-20T16:44:48","modified_gmt":"2021-07-20T19:44:48","slug":"ensino-medio-tera-uma-aula-a-mais-por-dia-em-2022","status":"publish","type":"post","link":"https:\/\/redenoticiaz.com.br\/litoralsp\/2021\/07\/20\/ensino-medio-tera-uma-aula-a-mais-por-dia-em-2022","title":{"rendered":"Ensino m\u00e9dio ter\u00e1 uma aula a mais por dia em 2022"},"content":{"rendered":"<p>A partir de 2022 o <strong>ensino m\u00e9dio<\/strong> nas escolas do Estado de <a href=\"https:\/\/www.saopaulo.sp.gov.br\/\">S\u00e3o Paulo<\/a> ter\u00e3o uma aula a mais. O an\u00fancio foi dado pelo vice-governador, Rodrigo Garcia (PSDB) e esta aula adicional ser\u00e1 di\u00e1ria. Al\u00e9m disso, tamb\u00e9m houve o an\u00fancio de mais de R$ 300 milh\u00f5es em investimentos e ainda a contrata\u00e7\u00e3o de 10 mil professores.<\/p>\n<h3>Saiba quais s\u00e3o as mudan\u00e7as:<\/h3>\n<ul class=\"content-unordered-list\">\n<li>Atualmente, os alunos do ensino m\u00e9dio no per\u00edodo diurno t\u00eam 35 aulas semanais (7 por dia). Eles passar\u00e3o a ter 40 aulas semanais (8 por dia);<\/li>\n<li>No noturno, s\u00e3o 25 aulas semanais. Eles passar\u00e3o a ter 33 aulas semanais (aumentando em 8 aulas a carga geral);<\/li>\n<li>A mudan\u00e7a ser\u00e1 gradual: os alunos do 2\u00ba ano do ensino m\u00e9dio ter\u00e3o uma aula a mais por dia j\u00e1 a partir do pr\u00f3ximo ano;<\/li>\n<li>E o 3\u00ba ano passar\u00e1 a ter 8 aulas por dia em 2023;<\/li>\n<li>Para as turmas do per\u00edodo noturno, a amplia\u00e7\u00e3o para 8 aulas di\u00e1rias ir\u00e1 ocorrer j\u00e1 a partir 1\u00ba ano do ensino m\u00e9dio;<\/li>\n<li>As aulas presenciais n\u00e3o ser\u00e3o obrigat\u00f3rias em agosto. Em setembro, cada escola pode reavaliar essa defini\u00e7\u00e3o;<\/li>\n<li>O ensino h\u00edbrido, com aulas online e presenciais, deve continuar, de acordo com o secret\u00e1rio estadual da Educa\u00e7\u00e3o.<\/li>\n<\/ul>\n<div class=\"mc-column content-text active-extra-styles\" data-block-type=\"raw\" data-block-weight=\"3\" data-block-id=\"7\">\n<div class=\"content-intertitle\">\n<h3>O novo ensino m\u00e9dio<\/h3>\n<\/div>\n<\/div>\n<div class=\"mc-column content-text active-extra-styles \" data-block-type=\"unstyled\" data-block-weight=\"48\" data-block-id=\"8\">\n<p class=\"content-text__container \" data-track-category=\"Link no Texto\" data-track-links=\"\">No ano letivo de 2021, a implementa\u00e7\u00e3o do novo curr\u00edculo do ensino m\u00e9dio teve in\u00edcio para os mais de 460 mil alunos matriculados no primeiro ano, de acordo com o secret\u00e1rio de Educa\u00e7\u00e3o, Rossieli Soares. Em 2022, o novo modelo ser\u00e1 expandido para os alunos do segundo ano.<\/p>\n<\/div>\n<div class=\"mc-column content-text active-extra-styles \" data-block-type=\"unstyled\" data-block-weight=\"34\" data-block-id=\"9\">\n<p class=\"content-text__container \" data-track-category=\"Link no Texto\" data-track-links=\"\">O Novo Ensino M\u00e9dio atende estudantes do primeiro ano da rede p\u00fablica estadual, por meio dos tr\u00eas componentes ofertados pelo programa Inova Educa\u00e7\u00e3o \u2013 Projeto de Vida, Eletivas e Tecnologia e Inova\u00e7\u00e3o. A ideia \u00e9 que o pr\u00f3prio aluno escolha uma ou duas \u00e1reas para se aprofundar em conhecimentos espec\u00edficos, conforme interesse individual.<\/p>\n<\/div>\n<div class=\"mc-column content-text active-extra-styles \" data-block-type=\"unstyled\" data-block-weight=\"33\" data-block-id=\"11\">\n<p class=\"content-text__container \" data-track-category=\"Link no Texto\" data-track-links=\"\">Mais de 376 mil estudantes do primeiro ano do ensino m\u00e9dio &#8211; 89% do total potencial de respondentes &#8211; da rede p\u00fablica estadual manifestaram interesse no aprofundamento do curr\u00edculo do Novo Ensino M\u00e9dio. Com os dados obtidos via Secretaria Escolar Digital (SED), as escolas v\u00e3o definir os aprofundamentos curriculares a serem ofertados a partir de agosto, durante o processo de rematr\u00edcula.<\/p>\n<h3 data-track-category=\"Link no Texto\">Alunos podem escolher<\/h3>\n<\/div>\n<div class=\"mc-column content-text active-extra-styles \" data-block-type=\"unstyled\" data-block-weight=\"58\" data-block-id=\"13\">\n<p class=\"content-text__container \" data-track-category=\"Link no Texto\" data-track-links=\"\">A rela\u00e7\u00e3o trouxe dez op\u00e7\u00f5es de aprofundamento curricular. Quatro delas nas \u00e1reas de conhecimento (Linguagens, Matem\u00e1tica, Ci\u00eancias Humanas e Ci\u00eancias da Natureza) e seis op\u00e7\u00f5es integradas, que apresentam combina\u00e7\u00f5es (Linguagens e Matem\u00e1tica, Linguagens e Ci\u00eancias Humanas, Linguagens e Ci\u00eancias da Natureza, Matem\u00e1tica e Ci\u00eancias Humanas, Matem\u00e1tica e Ci\u00eancias da Natureza, al\u00e9m de Ci\u00eancias Humanas e Ci\u00eancias da Natureza).<\/p>\n<\/div>\n<div class=\"mc-column content-text active-extra-styles \" data-block-type=\"unstyled\" data-block-weight=\"62\" data-block-id=\"14\">\n<p class=\"content-text__container \" data-track-category=\"Link no Texto\" data-track-links=\"\">Na manifesta\u00e7\u00e3o, o estudante tamb\u00e9m pode demonstrar interesse em outros dois grupos de itiner\u00e1rios formativos. O segundo deles mescla as \u00e1reas do conhecimento com a qualifica\u00e7\u00e3o profissional, via Novotec Expresso, e permite aprofundamento curricular em uma das \u00e1reas do conhecimento e dois certificados profissionalizantes durante o ano. S\u00e3o cursos relacionados a programa\u00e7\u00e3o, design, dados, tecnologia, ci\u00eancias sociais e comunica\u00e7\u00e3o, por exemplo.<\/p>\n<\/div>\n<div class=\"mc-column content-text active-extra-styles \" data-block-type=\"unstyled\" data-block-weight=\"69\" data-block-id=\"15\">\n<p class=\"content-text__container \" data-track-category=\"Link no Texto\" data-track-links=\"\">O terceiro grupo, alinhado ao programa Novotec Integrado, oferece a oportunidade do estudante sair com um diploma de curso t\u00e9cnico e com o do ensino m\u00e9dio. S\u00e3o 21 op\u00e7\u00f5es de cursos t\u00e9cnicos: Administra\u00e7\u00e3o, Marketing, Log\u00edstica, Recursos Humanos, Com\u00e9rcio, Finan\u00e7as, Contabilidade, Desenvolvimento de Sistemas, Inform\u00e1tica para Internet, Servi\u00e7os Jur\u00eddicos, Servi\u00e7os P\u00fablicos, Guia de Turismo, Design Gr\u00e1fico, Design de Interiores, Eventos, Nutri\u00e7\u00e3o e Diet\u00e9tica, Eletr\u00f4nica, Eletrot\u00e9cnica, Qu\u00edmica, An\u00e1lises Cl\u00ednicas e Farm\u00e1cia.<\/p>\n<\/div>\n<div class=\"content-ads content-ads--reveal\" data-block-type=\"ads\" data-block-id=\"16\"><\/div>\n<div class=\"mc-column content-text active-extra-styles \" data-block-type=\"unstyled\" data-block-weight=\"24\" data-block-id=\"17\">\n<p class=\"content-text__container \" data-track-category=\"Link no Texto\" data-track-links=\"\">Garcia e Rossieli tamb\u00e9m anunciaram a cria\u00e7\u00e3o do programa de Atividades Complementares de Arte. Ser\u00e1 poss\u00edvel criar, por exemplo, grupos de teatro nas escolas. A partir de 2022, o segundo ano contar\u00e1 com dez aulas semanais dedicadas ao aprofundamento curricular escolhido conforme as op\u00e7\u00f5es apresentadas pela escola. No terceiro ano, ser\u00e3o 20 aulas.<\/p>\n<\/div>\n<div class=\"mc-column content-text active-extra-styles\" data-block-type=\"raw\" data-block-weight=\"1\" data-block-id=\"19\">\n<div class=\"content-intertitle\">\n<h3>Investimento<\/h3>\n<\/div>\n<\/div>\n<div class=\"mc-column content-text active-extra-styles \" data-block-type=\"unstyled\" data-block-weight=\"49\" data-block-id=\"20\">\n<p class=\"content-text__container \" data-track-category=\"Link no Texto\" data-track-links=\"\">O investimento total para o ensino m\u00e9dio \u00e9 de R$ 303 milh\u00f5es. Os recursos ser\u00e3o repassados para as 3,6 mil escolas estaduais que atendem esse p\u00fablico-alvo, via Programa Dinheiro Direto na Escola (PDDE-SP). Pelo programa, cada escola recebe a verba e pode direcion\u00e1-la de acordo com a necessidade local.<\/p>\n<\/div>\n<div class=\"mc-column content-text active-extra-styles \" data-block-type=\"unstyled\" data-block-weight=\"18\" data-block-id=\"21\">\n<p class=\"content-text__container \" data-track-category=\"Link no Texto\" data-track-links=\"\">Desta verba, R$ 150 milh\u00f5es poder\u00e3o ser usados para equipar as escolas em diferentes \u00e1reas do conhecimento.<\/p>\n<\/div>\n<div class=\"mc-column content-text active-extra-styles \" data-block-type=\"unstyled\" data-block-weight=\"46\" data-block-id=\"22\">\n<p class=\"content-text__container \" data-track-category=\"Link no Texto\" data-track-links=\"\">&#8220;Os recursos do PDDE-SP ser\u00e3o destinados para que todas as escolas estaduais do ensino m\u00e9dio possam ampliar e melhorar a infraestrutura oferecida para atender \u00e0s propostas de aprendizagem. O montante ser\u00e1 dividido em quatro categorias: Novo Ensino M\u00e9dio, Laborat\u00f3rio de Ci\u00eancias, Laborat\u00f3rio Maker e Mini-Est\u00fadios&#8221;, afirmou.<\/p>\n<\/div>\n<div class=\"mc-column content-text active-extra-styles \" data-block-type=\"unstyled\" data-block-weight=\"38\" data-block-id=\"23\">\n<p class=\"content-text__container \" data-track-category=\"Link no Texto\" data-track-links=\"\">O valor m\u00ednimo para escolas pequenas \u00e9 de R$ 10 mil, mas ele pode chegar a R$ 200 mil para escolas maiores. Cada escola pode dizer no Plano de Aplica\u00e7\u00e3o Financeira (PAF) em que pretende aplicar a verba.<\/p>\n<\/div>\n<div class=\"mc-column content-text active-extra-styles \" data-block-type=\"unstyled\" data-block-weight=\"63\" data-block-id=\"24\">\n<p class=\"content-text__container \" data-track-category=\"Link no Texto\" data-track-links=\"\">Outros R$ 100 milh\u00f5es ser\u00e3o destinados Laborat\u00f3rio de Ci\u00eancias e os demais R$ 50 milh\u00f5es ser\u00e3o aplicados na aquisi\u00e7\u00e3o de materiais e componentes eletr\u00f4nicos para o trabalho de Programa\u00e7\u00e3o e Rob\u00f3tica, bem como de ferramentas e insumos, como alicates, chave de fenda e equipamentos de prote\u00e7\u00e3o individual (EPIs) para que os estudantes possam utilizar esses materiais enquanto constroem os seus prot\u00f3tipos.<\/p>\n<\/div>\n<div class=\"mc-column content-text active-extra-styles \" data-block-type=\"unstyled\" data-block-weight=\"25\" data-block-id=\"25\">\n<p class=\"content-text__container \" data-track-category=\"Link no Texto\" data-track-links=\"\">Com o aumento no n\u00famero de aulas, haver\u00e1 mais 121 mil aulas atribu\u00eddas e potencial crescimento de 12% no total de professores com aulas atribu\u00eddas.<\/p>\n<\/div>\n<div class=\"mc-column content-text active-extra-styles \" data-block-type=\"unstyled\" data-block-weight=\"31\" data-block-id=\"26\">\n<p class=\"content-text__container \" data-track-category=\"Link no Texto\" data-track-links=\"\">Para miniest\u00fadios ser\u00e3o destinados R$ 3,5 milh\u00f5es. Essas unidades v\u00e3o funcionar como um HUB para toda a diretoria. O est\u00fadio ser\u00e1 equipado para que sejam feitas transmiss\u00f5es e reuni\u00f5es, por exemplo.<\/p>\n<p data-track-category=\"Link no Texto\" data-track-links=\"\"><strong>LEIA TAMB\u00c9M<\/strong><\/p>\n<p data-track-category=\"Link no Texto\" data-track-links=\"\"><a href=\"https:\/\/redenoticiaz.com.br\/blog\/2021\/07\/19\/governo-de-sao-paulo-diz-que-campanha-da-vacina-contra-a-covid-19-sera-anual\">Governo de S\u00e3o Paulo diz que campanha da vacina contra a Covid-19 ser\u00e1 anual<\/a><\/p>\n<\/div>\n","protected":false},"excerpt":{"rendered":"<p>A partir de 2022 o ensino m\u00e9dio nas escolas do Estado de S\u00e3o Paulo ter\u00e3o uma aula a mais. O an\u00fancio foi dado pelo vice-governador, Rodrigo Garcia (PSDB) e esta aula adicional ser\u00e1 di\u00e1ria. Al\u00e9m disso, tamb\u00e9m houve o an\u00fancio de mais de R$ 300 milh\u00f5es em investimentos e ainda a contrata\u00e7\u00e3o de 10 mil &hellip;<\/p>\n","protected":false},"author":6,"featured_media":11643,"comment_status":"open","ping_status":"closed","sticky":false,"template":"","format":"standard","meta":{"footnotes":""},"categories":[44],"tags":[28206,120,28207,24993,82,65],"class_list":["post-11642","post","type-post","status-publish","format-standard","has-post-thumbnail","hentry","category-educacao","tag-aula-extra","tag-educacao","tag-ensino-medio","tag-investimentos","tag-rede-estadual-de-ensino","tag-sao-paulo"],"yoast_head":"<!-- This site is optimized with the Yoast SEO plugin v27.5 - https:\/\/yoast.com\/product\/yoast-seo-wordpress\/ -->\n<title>Ensino m\u00e9dio ter\u00e1 uma aula a mais por dia em 2022 - Litoral SP<\/title>\n<meta name=\"description\" content=\"A partir de 2022 o ensino m\u00e9dio nas escolas do Estado de S\u00e3o Paulo ter\u00e3o uma aula a mais. O an\u00fancio foi dado pelo vice-governador\" \/>\n<meta name=\"robots\" content=\"index, follow, max-snippet:-1, max-image-preview:large, max-video-preview:-1\" \/>\n<link rel=\"canonical\" href=\"https:\/\/redenoticiaz.com.br\/litoralsp\/2021\/07\/20\/ensino-medio-tera-uma-aula-a-mais-por-dia-em-2022\" \/>\n<meta property=\"og:locale\" content=\"pt_BR\" \/>\n<meta property=\"og:type\" content=\"article\" \/>\n<meta property=\"og:title\" content=\"Ensino m\u00e9dio ter\u00e1 uma aula a mais por dia em 2022 - Litoral SP\" \/>\n<meta property=\"og:description\" content=\"A partir de 2022 o ensino m\u00e9dio nas escolas do Estado de S\u00e3o Paulo ter\u00e3o uma aula a mais. O an\u00fancio foi dado pelo vice-governador\" \/>\n<meta property=\"og:url\" content=\"https:\/\/redenoticiaz.com.br\/litoralsp\/2021\/07\/20\/ensino-medio-tera-uma-aula-a-mais-por-dia-em-2022\" \/>\n<meta property=\"og:site_name\" content=\"Litoral SP\" \/>\n<meta property=\"article:published_time\" content=\"2021-07-20T19:41:02+00:00\" \/>\n<meta property=\"article:modified_time\" content=\"2021-07-20T19:44:48+00:00\" \/>\n<meta property=\"og:image\" content=\"https:\/\/redenoticiaz.com.br\/litoralsp\/wp-content\/uploads\/sites\/3\/2021\/07\/escola.jpg\" \/>\n\t<meta property=\"og:image:width\" content=\"1000\" \/>\n\t<meta property=\"og:image:height\" content=\"668\" \/>\n\t<meta property=\"og:image:type\" content=\"image\/jpeg\" \/>\n<meta name=\"author\" content=\"Leonardo Francisco\" \/>\n<meta name=\"twitter:card\" content=\"summary_large_image\" \/>\n<meta name=\"twitter:label1\" content=\"Escrito por\" \/>\n\t<meta name=\"twitter:data1\" content=\"Leonardo Francisco\" \/>\n\t<meta name=\"twitter:label2\" content=\"Est. tempo de leitura\" \/>\n\t<meta name=\"twitter:data2\" content=\"5 minutos\" \/>\n<script type=\"application\/ld+json\" class=\"yoast-schema-graph\">{\"@context\":\"https:\\\/\\\/schema.org\",\"@graph\":[{\"@type\":\"Article\",\"@id\":\"https:\\\/\\\/redenoticiaz.com.br\\\/litoralsp\\\/2021\\\/07\\\/20\\\/ensino-medio-tera-uma-aula-a-mais-por-dia-em-2022#article\",\"isPartOf\":{\"@id\":\"https:\\\/\\\/redenoticiaz.com.br\\\/litoralsp\\\/2021\\\/07\\\/20\\\/ensino-medio-tera-uma-aula-a-mais-por-dia-em-2022\"},\"author\":{\"name\":\"Leonardo Francisco\",\"@id\":\"https:\\\/\\\/redenoticiaz.com.br\\\/litoralsp\\\/#\\\/schema\\\/person\\\/0f0b8a5bdafefe82841e07ae8d81ecb3\"},\"headline\":\"Ensino m\u00e9dio ter\u00e1 uma aula a mais por dia em 2022\",\"datePublished\":\"2021-07-20T19:41:02+00:00\",\"dateModified\":\"2021-07-20T19:44:48+00:00\",\"mainEntityOfPage\":{\"@id\":\"https:\\\/\\\/redenoticiaz.com.br\\\/litoralsp\\\/2021\\\/07\\\/20\\\/ensino-medio-tera-uma-aula-a-mais-por-dia-em-2022\"},\"wordCount\":1014,\"commentCount\":0,\"publisher\":{\"@id\":\"https:\\\/\\\/redenoticiaz.com.br\\\/litoralsp\\\/#organization\"},\"image\":{\"@id\":\"https:\\\/\\\/redenoticiaz.com.br\\\/litoralsp\\\/2021\\\/07\\\/20\\\/ensino-medio-tera-uma-aula-a-mais-por-dia-em-2022#primaryimage\"},\"thumbnailUrl\":\"https:\\\/\\\/redenoticiaz.com.br\\\/litoralsp\\\/wp-content\\\/uploads\\\/sites\\\/3\\\/2021\\\/07\\\/escola.jpg\",\"keywords\":[\"AULA EXTRA\",\"educa\u00e7\u00e3o\",\"Ensino M\u00e9dio\",\"INVESTIMENTOS\",\"Rede Estadual de Ensino\",\"S\u00e3o Paulo\"],\"articleSection\":[\"Educa\u00e7\u00e3o\"],\"inLanguage\":\"pt-BR\",\"potentialAction\":[{\"@type\":\"CommentAction\",\"name\":\"Comment\",\"target\":[\"https:\\\/\\\/redenoticiaz.com.br\\\/litoralsp\\\/2021\\\/07\\\/20\\\/ensino-medio-tera-uma-aula-a-mais-por-dia-em-2022#respond\"]}]},{\"@type\":\"WebPage\",\"@id\":\"https:\\\/\\\/redenoticiaz.com.br\\\/litoralsp\\\/2021\\\/07\\\/20\\\/ensino-medio-tera-uma-aula-a-mais-por-dia-em-2022\",\"url\":\"https:\\\/\\\/redenoticiaz.com.br\\\/litoralsp\\\/2021\\\/07\\\/20\\\/ensino-medio-tera-uma-aula-a-mais-por-dia-em-2022\",\"name\":\"Ensino m\u00e9dio ter\u00e1 uma aula a mais por dia em 2022 - Litoral SP\",\"isPartOf\":{\"@id\":\"https:\\\/\\\/redenoticiaz.com.br\\\/litoralsp\\\/#website\"},\"primaryImageOfPage\":{\"@id\":\"https:\\\/\\\/redenoticiaz.com.br\\\/litoralsp\\\/2021\\\/07\\\/20\\\/ensino-medio-tera-uma-aula-a-mais-por-dia-em-2022#primaryimage\"},\"image\":{\"@id\":\"https:\\\/\\\/redenoticiaz.com.br\\\/litoralsp\\\/2021\\\/07\\\/20\\\/ensino-medio-tera-uma-aula-a-mais-por-dia-em-2022#primaryimage\"},\"thumbnailUrl\":\"https:\\\/\\\/redenoticiaz.com.br\\\/litoralsp\\\/wp-content\\\/uploads\\\/sites\\\/3\\\/2021\\\/07\\\/escola.jpg\",\"datePublished\":\"2021-07-20T19:41:02+00:00\",\"dateModified\":\"2021-07-20T19:44:48+00:00\",\"description\":\"A partir de 2022 o ensino m\u00e9dio nas escolas do Estado de S\u00e3o Paulo ter\u00e3o uma aula a mais. O an\u00fancio foi dado pelo vice-governador\",\"inLanguage\":\"pt-BR\",\"potentialAction\":[{\"@type\":\"ReadAction\",\"target\":[\"https:\\\/\\\/redenoticiaz.com.br\\\/litoralsp\\\/2021\\\/07\\\/20\\\/ensino-medio-tera-uma-aula-a-mais-por-dia-em-2022\"]}]},{\"@type\":\"ImageObject\",\"inLanguage\":\"pt-BR\",\"@id\":\"https:\\\/\\\/redenoticiaz.com.br\\\/litoralsp\\\/2021\\\/07\\\/20\\\/ensino-medio-tera-uma-aula-a-mais-por-dia-em-2022#primaryimage\",\"url\":\"https:\\\/\\\/redenoticiaz.com.br\\\/litoralsp\\\/wp-content\\\/uploads\\\/sites\\\/3\\\/2021\\\/07\\\/escola.jpg\",\"contentUrl\":\"https:\\\/\\\/redenoticiaz.com.br\\\/litoralsp\\\/wp-content\\\/uploads\\\/sites\\\/3\\\/2021\\\/07\\\/escola.jpg\",\"width\":1000,\"height\":668},{\"@type\":\"WebSite\",\"@id\":\"https:\\\/\\\/redenoticiaz.com.br\\\/litoralsp\\\/#website\",\"url\":\"https:\\\/\\\/redenoticiaz.com.br\\\/litoralsp\\\/\",\"name\":\"Litoral SP\",\"description\":\"Rede NoticiaZ\",\"publisher\":{\"@id\":\"https:\\\/\\\/redenoticiaz.com.br\\\/litoralsp\\\/#organization\"},\"potentialAction\":[{\"@type\":\"SearchAction\",\"target\":{\"@type\":\"EntryPoint\",\"urlTemplate\":\"https:\\\/\\\/redenoticiaz.com.br\\\/litoralsp\\\/?s={search_term_string}\"},\"query-input\":{\"@type\":\"PropertyValueSpecification\",\"valueRequired\":true,\"valueName\":\"search_term_string\"}}],\"inLanguage\":\"pt-BR\"},{\"@type\":\"Organization\",\"@id\":\"https:\\\/\\\/redenoticiaz.com.br\\\/litoralsp\\\/#organization\",\"name\":\"Litoral SP\",\"url\":\"https:\\\/\\\/redenoticiaz.com.br\\\/litoralsp\\\/\",\"logo\":{\"@type\":\"ImageObject\",\"inLanguage\":\"pt-BR\",\"@id\":\"https:\\\/\\\/redenoticiaz.com.br\\\/litoralsp\\\/#\\\/schema\\\/logo\\\/image\\\/\",\"url\":\"https:\\\/\\\/redenoticiaz.com.br\\\/litoralsp\\\/wp-content\\\/uploads\\\/sites\\\/3\\\/2020\\\/11\\\/logo.jpg\",\"contentUrl\":\"https:\\\/\\\/redenoticiaz.com.br\\\/litoralsp\\\/wp-content\\\/uploads\\\/sites\\\/3\\\/2020\\\/11\\\/logo.jpg\",\"width\":400,\"height\":250,\"caption\":\"Litoral SP\"},\"image\":{\"@id\":\"https:\\\/\\\/redenoticiaz.com.br\\\/litoralsp\\\/#\\\/schema\\\/logo\\\/image\\\/\"}},{\"@type\":\"Person\",\"@id\":\"https:\\\/\\\/redenoticiaz.com.br\\\/litoralsp\\\/#\\\/schema\\\/person\\\/0f0b8a5bdafefe82841e07ae8d81ecb3\",\"name\":\"Leonardo Francisco\",\"image\":{\"@type\":\"ImageObject\",\"inLanguage\":\"pt-BR\",\"@id\":\"https:\\\/\\\/secure.gravatar.com\\\/avatar\\\/a7358cb406a99b682ec6df1e77e31ae82e63601f6784e8a3df411d72b37864da?s=96&d=mm&r=g\",\"url\":\"https:\\\/\\\/secure.gravatar.com\\\/avatar\\\/a7358cb406a99b682ec6df1e77e31ae82e63601f6784e8a3df411d72b37864da?s=96&d=mm&r=g\",\"contentUrl\":\"https:\\\/\\\/secure.gravatar.com\\\/avatar\\\/a7358cb406a99b682ec6df1e77e31ae82e63601f6784e8a3df411d72b37864da?s=96&d=mm&r=g\",\"caption\":\"Leonardo Francisco\"},\"url\":\"https:\\\/\\\/redenoticiaz.com.br\\\/litoralsp\\\/author\\\/leonardo-francisco\"}]}<\/script>\n<!-- \/ Yoast SEO plugin. -->","yoast_head_json":{"title":"Ensino m\u00e9dio ter\u00e1 uma aula a mais por dia em 2022 - Litoral SP","description":"A partir de 2022 o ensino m\u00e9dio nas escolas do Estado de S\u00e3o Paulo ter\u00e3o uma aula a mais. O an\u00fancio foi dado pelo vice-governador","robots":{"index":"index","follow":"follow","max-snippet":"max-snippet:-1","max-image-preview":"max-image-preview:large","max-video-preview":"max-video-preview:-1"},"canonical":"https:\/\/redenoticiaz.com.br\/litoralsp\/2021\/07\/20\/ensino-medio-tera-uma-aula-a-mais-por-dia-em-2022","og_locale":"pt_BR","og_type":"article","og_title":"Ensino m\u00e9dio ter\u00e1 uma aula a mais por dia em 2022 - Litoral SP","og_description":"A partir de 2022 o ensino m\u00e9dio nas escolas do Estado de S\u00e3o Paulo ter\u00e3o uma aula a mais. O an\u00fancio foi dado pelo vice-governador","og_url":"https:\/\/redenoticiaz.com.br\/litoralsp\/2021\/07\/20\/ensino-medio-tera-uma-aula-a-mais-por-dia-em-2022","og_site_name":"Litoral SP","article_published_time":"2021-07-20T19:41:02+00:00","article_modified_time":"2021-07-20T19:44:48+00:00","og_image":[{"width":1000,"height":668,"url":"https:\/\/redenoticiaz.com.br\/litoralsp\/wp-content\/uploads\/sites\/3\/2021\/07\/escola.jpg","type":"image\/jpeg"}],"author":"Leonardo Francisco","twitter_card":"summary_large_image","twitter_misc":{"Escrito por":"Leonardo Francisco","Est. tempo de leitura":"5 minutos"},"schema":{"@context":"https:\/\/schema.org","@graph":[{"@type":"Article","@id":"https:\/\/redenoticiaz.com.br\/litoralsp\/2021\/07\/20\/ensino-medio-tera-uma-aula-a-mais-por-dia-em-2022#article","isPartOf":{"@id":"https:\/\/redenoticiaz.com.br\/litoralsp\/2021\/07\/20\/ensino-medio-tera-uma-aula-a-mais-por-dia-em-2022"},"author":{"name":"Leonardo Francisco","@id":"https:\/\/redenoticiaz.com.br\/litoralsp\/#\/schema\/person\/0f0b8a5bdafefe82841e07ae8d81ecb3"},"headline":"Ensino m\u00e9dio ter\u00e1 uma aula a mais por dia em 2022","datePublished":"2021-07-20T19:41:02+00:00","dateModified":"2021-07-20T19:44:48+00:00","mainEntityOfPage":{"@id":"https:\/\/redenoticiaz.com.br\/litoralsp\/2021\/07\/20\/ensino-medio-tera-uma-aula-a-mais-por-dia-em-2022"},"wordCount":1014,"commentCount":0,"publisher":{"@id":"https:\/\/redenoticiaz.com.br\/litoralsp\/#organization"},"image":{"@id":"https:\/\/redenoticiaz.com.br\/litoralsp\/2021\/07\/20\/ensino-medio-tera-uma-aula-a-mais-por-dia-em-2022#primaryimage"},"thumbnailUrl":"https:\/\/redenoticiaz.com.br\/litoralsp\/wp-content\/uploads\/sites\/3\/2021\/07\/escola.jpg","keywords":["AULA EXTRA","educa\u00e7\u00e3o","Ensino M\u00e9dio","INVESTIMENTOS","Rede Estadual de Ensino","S\u00e3o Paulo"],"articleSection":["Educa\u00e7\u00e3o"],"inLanguage":"pt-BR","potentialAction":[{"@type":"CommentAction","name":"Comment","target":["https:\/\/redenoticiaz.com.br\/litoralsp\/2021\/07\/20\/ensino-medio-tera-uma-aula-a-mais-por-dia-em-2022#respond"]}]},{"@type":"WebPage","@id":"https:\/\/redenoticiaz.com.br\/litoralsp\/2021\/07\/20\/ensino-medio-tera-uma-aula-a-mais-por-dia-em-2022","url":"https:\/\/redenoticiaz.com.br\/litoralsp\/2021\/07\/20\/ensino-medio-tera-uma-aula-a-mais-por-dia-em-2022","name":"Ensino m\u00e9dio ter\u00e1 uma aula a mais por dia em 2022 - Litoral SP","isPartOf":{"@id":"https:\/\/redenoticiaz.com.br\/litoralsp\/#website"},"primaryImageOfPage":{"@id":"https:\/\/redenoticiaz.com.br\/litoralsp\/2021\/07\/20\/ensino-medio-tera-uma-aula-a-mais-por-dia-em-2022#primaryimage"},"image":{"@id":"https:\/\/redenoticiaz.com.br\/litoralsp\/2021\/07\/20\/ensino-medio-tera-uma-aula-a-mais-por-dia-em-2022#primaryimage"},"thumbnailUrl":"https:\/\/redenoticiaz.com.br\/litoralsp\/wp-content\/uploads\/sites\/3\/2021\/07\/escola.jpg","datePublished":"2021-07-20T19:41:02+00:00","dateModified":"2021-07-20T19:44:48+00:00","description":"A partir de 2022 o ensino m\u00e9dio nas escolas do Estado de S\u00e3o Paulo ter\u00e3o uma aula a mais. O an\u00fancio foi dado pelo vice-governador","inLanguage":"pt-BR","potentialAction":[{"@type":"ReadAction","target":["https:\/\/redenoticiaz.com.br\/litoralsp\/2021\/07\/20\/ensino-medio-tera-uma-aula-a-mais-por-dia-em-2022"]}]},{"@type":"ImageObject","inLanguage":"pt-BR","@id":"https:\/\/redenoticiaz.com.br\/litoralsp\/2021\/07\/20\/ensino-medio-tera-uma-aula-a-mais-por-dia-em-2022#primaryimage","url":"https:\/\/redenoticiaz.com.br\/litoralsp\/wp-content\/uploads\/sites\/3\/2021\/07\/escola.jpg","contentUrl":"https:\/\/redenoticiaz.com.br\/litoralsp\/wp-content\/uploads\/sites\/3\/2021\/07\/escola.jpg","width":1000,"height":668},{"@type":"WebSite","@id":"https:\/\/redenoticiaz.com.br\/litoralsp\/#website","url":"https:\/\/redenoticiaz.com.br\/litoralsp\/","name":"Litoral SP","description":"Rede NoticiaZ","publisher":{"@id":"https:\/\/redenoticiaz.com.br\/litoralsp\/#organization"},"potentialAction":[{"@type":"SearchAction","target":{"@type":"EntryPoint","urlTemplate":"https:\/\/redenoticiaz.com.br\/litoralsp\/?s={search_term_string}"},"query-input":{"@type":"PropertyValueSpecification","valueRequired":true,"valueName":"search_term_string"}}],"inLanguage":"pt-BR"},{"@type":"Organization","@id":"https:\/\/redenoticiaz.com.br\/litoralsp\/#organization","name":"Litoral SP","url":"https:\/\/redenoticiaz.com.br\/litoralsp\/","logo":{"@type":"ImageObject","inLanguage":"pt-BR","@id":"https:\/\/redenoticiaz.com.br\/litoralsp\/#\/schema\/logo\/image\/","url":"https:\/\/redenoticiaz.com.br\/litoralsp\/wp-content\/uploads\/sites\/3\/2020\/11\/logo.jpg","contentUrl":"https:\/\/redenoticiaz.com.br\/litoralsp\/wp-content\/uploads\/sites\/3\/2020\/11\/logo.jpg","width":400,"height":250,"caption":"Litoral SP"},"image":{"@id":"https:\/\/redenoticiaz.com.br\/litoralsp\/#\/schema\/logo\/image\/"}},{"@type":"Person","@id":"https:\/\/redenoticiaz.com.br\/litoralsp\/#\/schema\/person\/0f0b8a5bdafefe82841e07ae8d81ecb3","name":"Leonardo Francisco","image":{"@type":"ImageObject","inLanguage":"pt-BR","@id":"https:\/\/secure.gravatar.com\/avatar\/a7358cb406a99b682ec6df1e77e31ae82e63601f6784e8a3df411d72b37864da?s=96&d=mm&r=g","url":"https:\/\/secure.gravatar.com\/avatar\/a7358cb406a99b682ec6df1e77e31ae82e63601f6784e8a3df411d72b37864da?s=96&d=mm&r=g","contentUrl":"https:\/\/secure.gravatar.com\/avatar\/a7358cb406a99b682ec6df1e77e31ae82e63601f6784e8a3df411d72b37864da?s=96&d=mm&r=g","caption":"Leonardo Francisco"},"url":"https:\/\/redenoticiaz.com.br\/litoralsp\/author\/leonardo-francisco"}]}},"_links":{"self":[{"href":"https:\/\/redenoticiaz.com.br\/litoralsp\/wp-json\/wp\/v2\/posts\/11642","targetHints":{"allow":["GET"]}}],"collection":[{"href":"https:\/\/redenoticiaz.com.br\/litoralsp\/wp-json\/wp\/v2\/posts"}],"about":[{"href":"https:\/\/redenoticiaz.com.br\/litoralsp\/wp-json\/wp\/v2\/types\/post"}],"author":[{"embeddable":true,"href":"https:\/\/redenoticiaz.com.br\/litoralsp\/wp-json\/wp\/v2\/users\/6"}],"replies":[{"embeddable":true,"href":"https:\/\/redenoticiaz.com.br\/litoralsp\/wp-json\/wp\/v2\/comments?post=11642"}],"version-history":[{"count":1,"href":"https:\/\/redenoticiaz.com.br\/litoralsp\/wp-json\/wp\/v2\/posts\/11642\/revisions"}],"predecessor-version":[{"id":11644,"href":"https:\/\/redenoticiaz.com.br\/litoralsp\/wp-json\/wp\/v2\/posts\/11642\/revisions\/11644"}],"wp:featuredmedia":[{"embeddable":true,"href":"https:\/\/redenoticiaz.com.br\/litoralsp\/wp-json\/wp\/v2\/media\/11643"}],"wp:attachment":[{"href":"https:\/\/redenoticiaz.com.br\/litoralsp\/wp-json\/wp\/v2\/media?parent=11642"}],"wp:term":[{"taxonomy":"category","embeddable":true,"href":"https:\/\/redenoticiaz.com.br\/litoralsp\/wp-json\/wp\/v2\/categories?post=11642"},{"taxonomy":"post_tag","embeddable":true,"href":"https:\/\/redenoticiaz.com.br\/litoralsp\/wp-json\/wp\/v2\/tags?post=11642"}],"curies":[{"name":"wp","href":"https:\/\/api.w.org\/{rel}","templated":true}]}}