{"id":116438,"date":"2024-05-28T18:00:21","date_gmt":"2024-05-28T21:00:21","guid":{"rendered":"https:\/\/redenoticiaz.com.br\/litoralsp\/?p=116438"},"modified":"2024-05-28T15:33:42","modified_gmt":"2024-05-28T18:33:42","slug":"video-funcionario-e-agredido-por-assessor-de-vereador-em-sao-vicente","status":"publish","type":"post","link":"https:\/\/redenoticiaz.com.br\/litoralsp\/2024\/05\/28\/video-funcionario-e-agredido-por-assessor-de-vereador-em-sao-vicente","title":{"rendered":"V\u00cdDEO &#8211; Funcion\u00e1rio \u00e9 agredido por assessor de Vereador em S\u00e3o Vicente"},"content":{"rendered":"<div class=\"xdj266r x11i5rnm xat24cr x1mh8g0r x1vvkbs x126k92a\">\n<div dir=\"auto\">Durante uma visita ao Pronto Socorro de S\u00e3o Vicente, o assessor do Vereador Tiago Peretto (Uni\u00e3o Brasil), agrediu um funcion\u00e1rio que fazia o controle de fluxo, ap\u00f3s ter o acesso bloqueado.<\/div>\n<\/div>\n<div dir=\"auto\"><\/div>\n<div dir=\"auto\">De acordo com as informa\u00e7\u00f5es, o funcion\u00e1rio, Ant\u00f4nio Blume Filho, de 48 anos, teve alguns dentes fraturados, por conta da agress\u00e3o e est\u00e1 passando por uma avalia\u00e7\u00e3o para uma poss\u00edvel cirurgia.<\/div>\n<div dir=\"auto\"><\/div>\n<div dir=\"auto\">Ainda de acordo com as informa\u00e7\u00f5es, no v\u00eddeo \u00e9 poss\u00edvel ver o momento em que o Verador Peretto (Uni\u00e3o Brasil) e outros homens entram no local.<\/div>\n<div dir=\"auto\">\n<div class=\"wp-playlist wp-video-playlist wp-playlist-light\">\n\t\t<video controls=\"controls\" preload=\"none\" width=\"640\"\n\t\t height=\"334\"\t><\/video>\n\t<div class=\"wp-playlist-next\"><\/div>\n\t<div class=\"wp-playlist-prev\"><\/div>\n\t<noscript>\n\t<ol>\n\t\t<li><a href='https:\/\/redenoticiaz.com.br\/litoralsp\/wp-content\/uploads\/sites\/3\/2024\/05\/444763624_794702142619287_3443686952553607293_n.mp4'>444763624_794702142619287_3443686952553607293_n<\/a><\/li>\t<\/ol>\n\t<\/noscript>\n\t<script type=\"application\/json\" class=\"wp-playlist-script\">{\"type\":\"video\",\"tracklist\":true,\"tracknumbers\":true,\"images\":true,\"artists\":true,\"tracks\":[{\"src\":\"https:\/\/redenoticiaz.com.br\/litoralsp\/wp-content\/uploads\/sites\/3\/2024\/05\/444763624_794702142619287_3443686952553607293_n.mp4\",\"type\":\"video\/mp4\",\"title\":\"444763624_794702142619287_3443686952553607293_n\",\"caption\":\"\",\"description\":\"\",\"meta\":{\"length_formatted\":\"1:33\"},\"dimensions\":{\"original\":{\"width\":640,\"height\":334},\"resized\":{\"width\":640,\"height\":334}},\"image\":{\"src\":\"https:\/\/redenoticiaz.com.br\/litoralsp\/wp-includes\/images\/media\/video.svg\",\"width\":48,\"height\":64},\"thumb\":{\"src\":\"https:\/\/redenoticiaz.com.br\/litoralsp\/wp-includes\/images\/media\/video.svg\",\"width\":48,\"height\":64}}]}<\/script>\n<\/div>\n\t\n<\/div>\n<div dir=\"auto\"><\/div>\n<div dir=\"auto\">A agress\u00e3o ocorreu ap\u00f3s o descontentamento do assessor ao ver que somente o vereador teve o acesso liberado pelo funcion\u00e1rio.<\/div>\n<div dir=\"auto\"><\/div>\n<div dir=\"auto\">Sendo assim, o vereador divulgou uma nota afirmando que repudia o ataque sofrido pelo servidor e que afastou o seu assessor das atividades.<\/div>\n<div dir=\"auto\"><\/div>\n<div dir=\"auto\">Leia mais<\/div>\n<p><a href=\"https:\/\/redenoticiaz.com.br\/litoralsp\/2024\/05\/28\/assai-grupo-pereira-e-outras-empresas-abrem-mais-de-5-mil-vagas-veja-a-lista\">Assa\u00ed, Grupo Pereira e outras empresas abrem mais de 5 mil vagas; veja a lista<\/a><\/p>\n<div dir=\"auto\"><a href=\"https:\/\/redenoticiaz.com.br\/litoralsp\/2024\/05\/23\/guarda-municipal-fecha-ferro-velho-em-santos\">Guarda Municipal fecha ferro-velho em Santos<\/a><\/div>\n","protected":false},"excerpt":{"rendered":"<p>Durante uma visita ao Pronto Socorro de S\u00e3o Vicente, o assessor do Vereador Tiago Peretto (Uni\u00e3o Brasil), agrediu um funcion\u00e1rio que fazia o controle de fluxo, ap\u00f3s ter o acesso bloqueado. De acordo com as informa\u00e7\u00f5es, o funcion\u00e1rio, Ant\u00f4nio Blume Filho, de 48 anos, teve alguns dentes fraturados, por conta da agress\u00e3o e est\u00e1 passando &hellip;<\/p>\n","protected":false},"author":12,"featured_media":116442,"comment_status":"open","ping_status":"closed","sticky":false,"template":"","format":"standard","meta":{"footnotes":""},"categories":[10,15,181],"tags":[1544,33,68330],"class_list":["post-116438","post","type-post","status-publish","format-standard","has-post-thumbnail","hentry","category-policia","category-politica","category-sao-vicente","tag-agressao","tag-sao-vicente","tag-tiago-peretto"],"yoast_head":"<!-- This site is optimized with the Yoast SEO plugin v27.4 - https:\/\/yoast.com\/product\/yoast-seo-wordpress\/ -->\n<title>V\u00cdDEO &#8211; Funcion\u00e1rio \u00e9 agredido por assessor de Vereador em S\u00e3o Vicente - Litoral SP<\/title>\n<meta name=\"description\" content=\"Durante uma visita ao Pronto Socorro de S\u00e3o Vicente, o assessor do Vereador Tiago Peretto (Uni\u00e3o Brasil), agrediu um funcion\u00e1rio que fazia o controle de fluxo, ap\u00f3s ter o acesso bloqueado.\" \/>\n<meta name=\"robots\" content=\"index, follow, max-snippet:-1, max-image-preview:large, max-video-preview:-1\" \/>\n<link rel=\"canonical\" href=\"https:\/\/redenoticiaz.com.br\/litoralsp\/2024\/05\/28\/video-funcionario-e-agredido-por-assessor-de-vereador-em-sao-vicente\" \/>\n<meta property=\"og:locale\" content=\"pt_BR\" \/>\n<meta property=\"og:type\" content=\"article\" \/>\n<meta property=\"og:title\" content=\"V\u00cdDEO &#8211; Funcion\u00e1rio \u00e9 agredido por assessor de Vereador em S\u00e3o Vicente - Litoral SP\" \/>\n<meta property=\"og:description\" content=\"Durante uma visita ao Pronto Socorro de S\u00e3o Vicente, o assessor do Vereador Tiago Peretto (Uni\u00e3o Brasil), agrediu um funcion\u00e1rio que fazia o controle de fluxo, ap\u00f3s ter o acesso bloqueado.\" \/>\n<meta property=\"og:url\" content=\"https:\/\/redenoticiaz.com.br\/litoralsp\/2024\/05\/28\/video-funcionario-e-agredido-por-assessor-de-vereador-em-sao-vicente\" \/>\n<meta property=\"og:site_name\" content=\"Litoral SP\" \/>\n<meta property=\"article:published_time\" content=\"2024-05-28T21:00:21+00:00\" \/>\n<meta property=\"og:image\" content=\"https:\/\/redenoticiaz.com.br\/litoralsp\/wp-content\/uploads\/sites\/3\/2024\/05\/v-fvvf.jpg\" \/>\n\t<meta property=\"og:image:width\" content=\"554\" \/>\n\t<meta property=\"og:image:height\" content=\"377\" \/>\n\t<meta property=\"og:image:type\" content=\"image\/jpeg\" \/>\n<meta name=\"author\" content=\"Gustavo Silva\" \/>\n<meta name=\"twitter:card\" content=\"summary_large_image\" \/>\n<meta name=\"twitter:label1\" content=\"Escrito por\" \/>\n\t<meta name=\"twitter:data1\" content=\"Gustavo Silva\" \/>\n\t<meta name=\"twitter:label2\" content=\"Est. tempo de leitura\" \/>\n\t<meta name=\"twitter:data2\" content=\"1 minuto\" \/>\n<script type=\"application\/ld+json\" class=\"yoast-schema-graph\">{\"@context\":\"https:\\\/\\\/schema.org\",\"@graph\":[{\"@type\":\"Article\",\"@id\":\"https:\\\/\\\/redenoticiaz.com.br\\\/litoralsp\\\/2024\\\/05\\\/28\\\/video-funcionario-e-agredido-por-assessor-de-vereador-em-sao-vicente#article\",\"isPartOf\":{\"@id\":\"https:\\\/\\\/redenoticiaz.com.br\\\/litoralsp\\\/2024\\\/05\\\/28\\\/video-funcionario-e-agredido-por-assessor-de-vereador-em-sao-vicente\"},\"author\":{\"name\":\"Gustavo Silva\",\"@id\":\"https:\\\/\\\/redenoticiaz.com.br\\\/litoralsp\\\/#\\\/schema\\\/person\\\/16057b37a3c0ee6b096d7f887c566e2e\"},\"headline\":\"V\u00cdDEO &#8211; Funcion\u00e1rio \u00e9 agredido por assessor de Vereador em S\u00e3o Vicente\",\"datePublished\":\"2024-05-28T21:00:21+00:00\",\"mainEntityOfPage\":{\"@id\":\"https:\\\/\\\/redenoticiaz.com.br\\\/litoralsp\\\/2024\\\/05\\\/28\\\/video-funcionario-e-agredido-por-assessor-de-vereador-em-sao-vicente\"},\"wordCount\":185,\"commentCount\":0,\"publisher\":{\"@id\":\"https:\\\/\\\/redenoticiaz.com.br\\\/litoralsp\\\/#organization\"},\"image\":{\"@id\":\"https:\\\/\\\/redenoticiaz.com.br\\\/litoralsp\\\/2024\\\/05\\\/28\\\/video-funcionario-e-agredido-por-assessor-de-vereador-em-sao-vicente#primaryimage\"},\"thumbnailUrl\":\"https:\\\/\\\/redenoticiaz.com.br\\\/litoralsp\\\/wp-content\\\/uploads\\\/sites\\\/3\\\/2024\\\/05\\\/v-fvvf.jpg\",\"keywords\":[\"AGRESS\u00c3O\",\"S\u00e3o Vicente\",\"tiago peretto\"],\"articleSection\":[\"Pol\u00edcia\",\"Pol\u00edtica\",\"S\u00e3o Vicente\"],\"inLanguage\":\"pt-BR\",\"potentialAction\":[{\"@type\":\"CommentAction\",\"name\":\"Comment\",\"target\":[\"https:\\\/\\\/redenoticiaz.com.br\\\/litoralsp\\\/2024\\\/05\\\/28\\\/video-funcionario-e-agredido-por-assessor-de-vereador-em-sao-vicente#respond\"]}]},{\"@type\":\"WebPage\",\"@id\":\"https:\\\/\\\/redenoticiaz.com.br\\\/litoralsp\\\/2024\\\/05\\\/28\\\/video-funcionario-e-agredido-por-assessor-de-vereador-em-sao-vicente\",\"url\":\"https:\\\/\\\/redenoticiaz.com.br\\\/litoralsp\\\/2024\\\/05\\\/28\\\/video-funcionario-e-agredido-por-assessor-de-vereador-em-sao-vicente\",\"name\":\"V\u00cdDEO &#8211; Funcion\u00e1rio \u00e9 agredido por assessor de Vereador em S\u00e3o Vicente - Litoral SP\",\"isPartOf\":{\"@id\":\"https:\\\/\\\/redenoticiaz.com.br\\\/litoralsp\\\/#website\"},\"primaryImageOfPage\":{\"@id\":\"https:\\\/\\\/redenoticiaz.com.br\\\/litoralsp\\\/2024\\\/05\\\/28\\\/video-funcionario-e-agredido-por-assessor-de-vereador-em-sao-vicente#primaryimage\"},\"image\":{\"@id\":\"https:\\\/\\\/redenoticiaz.com.br\\\/litoralsp\\\/2024\\\/05\\\/28\\\/video-funcionario-e-agredido-por-assessor-de-vereador-em-sao-vicente#primaryimage\"},\"thumbnailUrl\":\"https:\\\/\\\/redenoticiaz.com.br\\\/litoralsp\\\/wp-content\\\/uploads\\\/sites\\\/3\\\/2024\\\/05\\\/v-fvvf.jpg\",\"datePublished\":\"2024-05-28T21:00:21+00:00\",\"description\":\"Durante uma visita ao Pronto Socorro de S\u00e3o Vicente, o assessor do Vereador Tiago Peretto (Uni\u00e3o Brasil), agrediu um funcion\u00e1rio que fazia o controle de fluxo, ap\u00f3s ter o acesso bloqueado.\",\"inLanguage\":\"pt-BR\",\"potentialAction\":[{\"@type\":\"ReadAction\",\"target\":[\"https:\\\/\\\/redenoticiaz.com.br\\\/litoralsp\\\/2024\\\/05\\\/28\\\/video-funcionario-e-agredido-por-assessor-de-vereador-em-sao-vicente\"]}]},{\"@type\":\"ImageObject\",\"inLanguage\":\"pt-BR\",\"@id\":\"https:\\\/\\\/redenoticiaz.com.br\\\/litoralsp\\\/2024\\\/05\\\/28\\\/video-funcionario-e-agredido-por-assessor-de-vereador-em-sao-vicente#primaryimage\",\"url\":\"https:\\\/\\\/redenoticiaz.com.br\\\/litoralsp\\\/wp-content\\\/uploads\\\/sites\\\/3\\\/2024\\\/05\\\/v-fvvf.jpg\",\"contentUrl\":\"https:\\\/\\\/redenoticiaz.com.br\\\/litoralsp\\\/wp-content\\\/uploads\\\/sites\\\/3\\\/2024\\\/05\\\/v-fvvf.jpg\",\"width\":554,\"height\":377},{\"@type\":\"WebSite\",\"@id\":\"https:\\\/\\\/redenoticiaz.com.br\\\/litoralsp\\\/#website\",\"url\":\"https:\\\/\\\/redenoticiaz.com.br\\\/litoralsp\\\/\",\"name\":\"Litoral SP\",\"description\":\"Rede NoticiaZ\",\"publisher\":{\"@id\":\"https:\\\/\\\/redenoticiaz.com.br\\\/litoralsp\\\/#organization\"},\"potentialAction\":[{\"@type\":\"SearchAction\",\"target\":{\"@type\":\"EntryPoint\",\"urlTemplate\":\"https:\\\/\\\/redenoticiaz.com.br\\\/litoralsp\\\/?s={search_term_string}\"},\"query-input\":{\"@type\":\"PropertyValueSpecification\",\"valueRequired\":true,\"valueName\":\"search_term_string\"}}],\"inLanguage\":\"pt-BR\"},{\"@type\":\"Organization\",\"@id\":\"https:\\\/\\\/redenoticiaz.com.br\\\/litoralsp\\\/#organization\",\"name\":\"Litoral SP\",\"url\":\"https:\\\/\\\/redenoticiaz.com.br\\\/litoralsp\\\/\",\"logo\":{\"@type\":\"ImageObject\",\"inLanguage\":\"pt-BR\",\"@id\":\"https:\\\/\\\/redenoticiaz.com.br\\\/litoralsp\\\/#\\\/schema\\\/logo\\\/image\\\/\",\"url\":\"https:\\\/\\\/redenoticiaz.com.br\\\/litoralsp\\\/wp-content\\\/uploads\\\/sites\\\/3\\\/2020\\\/11\\\/logo.jpg\",\"contentUrl\":\"https:\\\/\\\/redenoticiaz.com.br\\\/litoralsp\\\/wp-content\\\/uploads\\\/sites\\\/3\\\/2020\\\/11\\\/logo.jpg\",\"width\":400,\"height\":250,\"caption\":\"Litoral SP\"},\"image\":{\"@id\":\"https:\\\/\\\/redenoticiaz.com.br\\\/litoralsp\\\/#\\\/schema\\\/logo\\\/image\\\/\"}},{\"@type\":\"Person\",\"@id\":\"https:\\\/\\\/redenoticiaz.com.br\\\/litoralsp\\\/#\\\/schema\\\/person\\\/16057b37a3c0ee6b096d7f887c566e2e\",\"name\":\"Gustavo Silva\",\"image\":{\"@type\":\"ImageObject\",\"inLanguage\":\"pt-BR\",\"@id\":\"https:\\\/\\\/secure.gravatar.com\\\/avatar\\\/3ee4e82f93b26de0a7cf4ea5eb7893da637ed6bb0c9170c58065944c56e28a33?s=96&d=mm&r=g\",\"url\":\"https:\\\/\\\/secure.gravatar.com\\\/avatar\\\/3ee4e82f93b26de0a7cf4ea5eb7893da637ed6bb0c9170c58065944c56e28a33?s=96&d=mm&r=g\",\"contentUrl\":\"https:\\\/\\\/secure.gravatar.com\\\/avatar\\\/3ee4e82f93b26de0a7cf4ea5eb7893da637ed6bb0c9170c58065944c56e28a33?s=96&d=mm&r=g\",\"caption\":\"Gustavo Silva\"},\"url\":\"https:\\\/\\\/redenoticiaz.com.br\\\/litoralsp\\\/author\\\/gustavosilva\"}]}<\/script>\n<!-- \/ Yoast SEO plugin. -->","yoast_head_json":{"title":"V\u00cdDEO &#8211; Funcion\u00e1rio \u00e9 agredido por assessor de Vereador em S\u00e3o Vicente - Litoral SP","description":"Durante uma visita ao Pronto Socorro de S\u00e3o Vicente, o assessor do Vereador Tiago Peretto (Uni\u00e3o Brasil), agrediu um funcion\u00e1rio que fazia o controle de fluxo, ap\u00f3s ter o acesso bloqueado.","robots":{"index":"index","follow":"follow","max-snippet":"max-snippet:-1","max-image-preview":"max-image-preview:large","max-video-preview":"max-video-preview:-1"},"canonical":"https:\/\/redenoticiaz.com.br\/litoralsp\/2024\/05\/28\/video-funcionario-e-agredido-por-assessor-de-vereador-em-sao-vicente","og_locale":"pt_BR","og_type":"article","og_title":"V\u00cdDEO &#8211; Funcion\u00e1rio \u00e9 agredido por assessor de Vereador em S\u00e3o Vicente - Litoral SP","og_description":"Durante uma visita ao Pronto Socorro de S\u00e3o Vicente, o assessor do Vereador Tiago Peretto (Uni\u00e3o Brasil), agrediu um funcion\u00e1rio que fazia o controle de fluxo, ap\u00f3s ter o acesso bloqueado.","og_url":"https:\/\/redenoticiaz.com.br\/litoralsp\/2024\/05\/28\/video-funcionario-e-agredido-por-assessor-de-vereador-em-sao-vicente","og_site_name":"Litoral SP","article_published_time":"2024-05-28T21:00:21+00:00","og_image":[{"width":554,"height":377,"url":"https:\/\/redenoticiaz.com.br\/litoralsp\/wp-content\/uploads\/sites\/3\/2024\/05\/v-fvvf.jpg","type":"image\/jpeg"}],"author":"Gustavo Silva","twitter_card":"summary_large_image","twitter_misc":{"Escrito por":"Gustavo Silva","Est. tempo de leitura":"1 minuto"},"schema":{"@context":"https:\/\/schema.org","@graph":[{"@type":"Article","@id":"https:\/\/redenoticiaz.com.br\/litoralsp\/2024\/05\/28\/video-funcionario-e-agredido-por-assessor-de-vereador-em-sao-vicente#article","isPartOf":{"@id":"https:\/\/redenoticiaz.com.br\/litoralsp\/2024\/05\/28\/video-funcionario-e-agredido-por-assessor-de-vereador-em-sao-vicente"},"author":{"name":"Gustavo Silva","@id":"https:\/\/redenoticiaz.com.br\/litoralsp\/#\/schema\/person\/16057b37a3c0ee6b096d7f887c566e2e"},"headline":"V\u00cdDEO &#8211; Funcion\u00e1rio \u00e9 agredido por assessor de Vereador em S\u00e3o Vicente","datePublished":"2024-05-28T21:00:21+00:00","mainEntityOfPage":{"@id":"https:\/\/redenoticiaz.com.br\/litoralsp\/2024\/05\/28\/video-funcionario-e-agredido-por-assessor-de-vereador-em-sao-vicente"},"wordCount":185,"commentCount":0,"publisher":{"@id":"https:\/\/redenoticiaz.com.br\/litoralsp\/#organization"},"image":{"@id":"https:\/\/redenoticiaz.com.br\/litoralsp\/2024\/05\/28\/video-funcionario-e-agredido-por-assessor-de-vereador-em-sao-vicente#primaryimage"},"thumbnailUrl":"https:\/\/redenoticiaz.com.br\/litoralsp\/wp-content\/uploads\/sites\/3\/2024\/05\/v-fvvf.jpg","keywords":["AGRESS\u00c3O","S\u00e3o Vicente","tiago peretto"],"articleSection":["Pol\u00edcia","Pol\u00edtica","S\u00e3o Vicente"],"inLanguage":"pt-BR","potentialAction":[{"@type":"CommentAction","name":"Comment","target":["https:\/\/redenoticiaz.com.br\/litoralsp\/2024\/05\/28\/video-funcionario-e-agredido-por-assessor-de-vereador-em-sao-vicente#respond"]}]},{"@type":"WebPage","@id":"https:\/\/redenoticiaz.com.br\/litoralsp\/2024\/05\/28\/video-funcionario-e-agredido-por-assessor-de-vereador-em-sao-vicente","url":"https:\/\/redenoticiaz.com.br\/litoralsp\/2024\/05\/28\/video-funcionario-e-agredido-por-assessor-de-vereador-em-sao-vicente","name":"V\u00cdDEO &#8211; Funcion\u00e1rio \u00e9 agredido por assessor de Vereador em S\u00e3o Vicente - Litoral SP","isPartOf":{"@id":"https:\/\/redenoticiaz.com.br\/litoralsp\/#website"},"primaryImageOfPage":{"@id":"https:\/\/redenoticiaz.com.br\/litoralsp\/2024\/05\/28\/video-funcionario-e-agredido-por-assessor-de-vereador-em-sao-vicente#primaryimage"},"image":{"@id":"https:\/\/redenoticiaz.com.br\/litoralsp\/2024\/05\/28\/video-funcionario-e-agredido-por-assessor-de-vereador-em-sao-vicente#primaryimage"},"thumbnailUrl":"https:\/\/redenoticiaz.com.br\/litoralsp\/wp-content\/uploads\/sites\/3\/2024\/05\/v-fvvf.jpg","datePublished":"2024-05-28T21:00:21+00:00","description":"Durante uma visita ao Pronto Socorro de S\u00e3o Vicente, o assessor do Vereador Tiago Peretto (Uni\u00e3o Brasil), agrediu um funcion\u00e1rio que fazia o controle de fluxo, ap\u00f3s ter o acesso bloqueado.","inLanguage":"pt-BR","potentialAction":[{"@type":"ReadAction","target":["https:\/\/redenoticiaz.com.br\/litoralsp\/2024\/05\/28\/video-funcionario-e-agredido-por-assessor-de-vereador-em-sao-vicente"]}]},{"@type":"ImageObject","inLanguage":"pt-BR","@id":"https:\/\/redenoticiaz.com.br\/litoralsp\/2024\/05\/28\/video-funcionario-e-agredido-por-assessor-de-vereador-em-sao-vicente#primaryimage","url":"https:\/\/redenoticiaz.com.br\/litoralsp\/wp-content\/uploads\/sites\/3\/2024\/05\/v-fvvf.jpg","contentUrl":"https:\/\/redenoticiaz.com.br\/litoralsp\/wp-content\/uploads\/sites\/3\/2024\/05\/v-fvvf.jpg","width":554,"height":377},{"@type":"WebSite","@id":"https:\/\/redenoticiaz.com.br\/litoralsp\/#website","url":"https:\/\/redenoticiaz.com.br\/litoralsp\/","name":"Litoral SP","description":"Rede NoticiaZ","publisher":{"@id":"https:\/\/redenoticiaz.com.br\/litoralsp\/#organization"},"potentialAction":[{"@type":"SearchAction","target":{"@type":"EntryPoint","urlTemplate":"https:\/\/redenoticiaz.com.br\/litoralsp\/?s={search_term_string}"},"query-input":{"@type":"PropertyValueSpecification","valueRequired":true,"valueName":"search_term_string"}}],"inLanguage":"pt-BR"},{"@type":"Organization","@id":"https:\/\/redenoticiaz.com.br\/litoralsp\/#organization","name":"Litoral SP","url":"https:\/\/redenoticiaz.com.br\/litoralsp\/","logo":{"@type":"ImageObject","inLanguage":"pt-BR","@id":"https:\/\/redenoticiaz.com.br\/litoralsp\/#\/schema\/logo\/image\/","url":"https:\/\/redenoticiaz.com.br\/litoralsp\/wp-content\/uploads\/sites\/3\/2020\/11\/logo.jpg","contentUrl":"https:\/\/redenoticiaz.com.br\/litoralsp\/wp-content\/uploads\/sites\/3\/2020\/11\/logo.jpg","width":400,"height":250,"caption":"Litoral SP"},"image":{"@id":"https:\/\/redenoticiaz.com.br\/litoralsp\/#\/schema\/logo\/image\/"}},{"@type":"Person","@id":"https:\/\/redenoticiaz.com.br\/litoralsp\/#\/schema\/person\/16057b37a3c0ee6b096d7f887c566e2e","name":"Gustavo Silva","image":{"@type":"ImageObject","inLanguage":"pt-BR","@id":"https:\/\/secure.gravatar.com\/avatar\/3ee4e82f93b26de0a7cf4ea5eb7893da637ed6bb0c9170c58065944c56e28a33?s=96&d=mm&r=g","url":"https:\/\/secure.gravatar.com\/avatar\/3ee4e82f93b26de0a7cf4ea5eb7893da637ed6bb0c9170c58065944c56e28a33?s=96&d=mm&r=g","contentUrl":"https:\/\/secure.gravatar.com\/avatar\/3ee4e82f93b26de0a7cf4ea5eb7893da637ed6bb0c9170c58065944c56e28a33?s=96&d=mm&r=g","caption":"Gustavo Silva"},"url":"https:\/\/redenoticiaz.com.br\/litoralsp\/author\/gustavosilva"}]}},"_links":{"self":[{"href":"https:\/\/redenoticiaz.com.br\/litoralsp\/wp-json\/wp\/v2\/posts\/116438","targetHints":{"allow":["GET"]}}],"collection":[{"href":"https:\/\/redenoticiaz.com.br\/litoralsp\/wp-json\/wp\/v2\/posts"}],"about":[{"href":"https:\/\/redenoticiaz.com.br\/litoralsp\/wp-json\/wp\/v2\/types\/post"}],"author":[{"embeddable":true,"href":"https:\/\/redenoticiaz.com.br\/litoralsp\/wp-json\/wp\/v2\/users\/12"}],"replies":[{"embeddable":true,"href":"https:\/\/redenoticiaz.com.br\/litoralsp\/wp-json\/wp\/v2\/comments?post=116438"}],"version-history":[{"count":1,"href":"https:\/\/redenoticiaz.com.br\/litoralsp\/wp-json\/wp\/v2\/posts\/116438\/revisions"}],"predecessor-version":[{"id":116444,"href":"https:\/\/redenoticiaz.com.br\/litoralsp\/wp-json\/wp\/v2\/posts\/116438\/revisions\/116444"}],"wp:featuredmedia":[{"embeddable":true,"href":"https:\/\/redenoticiaz.com.br\/litoralsp\/wp-json\/wp\/v2\/media\/116442"}],"wp:attachment":[{"href":"https:\/\/redenoticiaz.com.br\/litoralsp\/wp-json\/wp\/v2\/media?parent=116438"}],"wp:term":[{"taxonomy":"category","embeddable":true,"href":"https:\/\/redenoticiaz.com.br\/litoralsp\/wp-json\/wp\/v2\/categories?post=116438"},{"taxonomy":"post_tag","embeddable":true,"href":"https:\/\/redenoticiaz.com.br\/litoralsp\/wp-json\/wp\/v2\/tags?post=116438"}],"curies":[{"name":"wp","href":"https:\/\/api.w.org\/{rel}","templated":true}]}}