{"id":11648,"date":"2021-07-20T17:53:41","date_gmt":"2021-07-20T20:53:41","guid":{"rendered":"https:\/\/redenoticiaz.com.br\/litoralsp\/?p=11648"},"modified":"2021-07-20T17:54:41","modified_gmt":"2021-07-20T20:54:41","slug":"escolas-municipais-dos-andradas-vao-ser-reformadas","status":"publish","type":"post","link":"https:\/\/redenoticiaz.com.br\/litoralsp\/2021\/07\/20\/escolas-municipais-dos-andradas-vao-ser-reformadas","title":{"rendered":"Escolas municipais dos Andradas v\u00e3o ser reformadas"},"content":{"rendered":"<p>A Prefeitura de Santos anunciou nesta ter\u00e7a-feira (20) que as <strong>escolas municipais Andradas I e II<\/strong> v\u00e3o passar por obras at\u00e9 o final deste semestre. Uma empresa ser\u00e1 escolhida por meio de licita\u00e7\u00e3o e quem vencer ter\u00e1 de cuidar da cobertura, os muros e as fachadas das duas unidades. A primeira fase das obras est\u00e1 avaliada em R$ 3 milh\u00f5es.<\/p>\n<div class=\"wall protected-content\">\n<div class=\"mc-column content-text active-extra-styles \" data-block-type=\"unstyled\" data-block-weight=\"48\" data-block-id=\"3\">\n<p class=\"content-text__container \" data-track-category=\"Link no Texto\" data-track-links=\"\">O pedido de reforma das unidades veio pelos pais de alunos e dos moradores da Aparecida. A escola Andradas II atende o p\u00fablico do 1\u00ba ao 5\u00ba ano. J\u00e1 a Andradas I atende ber\u00e7\u00e1rio, maternal, jardim e pr\u00e9. De acordo com a administra\u00e7\u00e3o, o pr\u00e9dio que abriga a Andradas II \u00e9 da d\u00e9cada de 60, apresenta problemas de vazamentos e infiltra\u00e7\u00f5es dentro das salas. As paredes est\u00e3o mofadas, j\u00e1 os m\u00f3veis e o piso de madeira foram danificados pela \u00e1gua da chuva.<\/p>\n<\/div>\n<div class=\"mc-column content-text active-extra-styles \" data-block-type=\"unstyled\" data-block-weight=\"31\" data-block-id=\"5\">\n<p class=\"content-text__container \" data-track-category=\"Link no Texto\" data-track-links=\"\">Um novo refeit\u00f3rio infantil ser\u00e1 constru\u00eddo na escola. Al\u00e9m disso, haver\u00e1 tamb\u00e9m a troca total dos alambrados e pintura dos muros, bem como a reforma geral das fachadas com nova textura acr\u00edlica.<\/p>\n<\/div>\n<div class=\"mc-column content-text active-extra-styles \" data-block-type=\"unstyled\" data-block-weight=\"43\" data-block-id=\"6\">\n<p class=\"content-text__container \" data-track-category=\"Link no Texto\" data-track-links=\"\">Segundo a Prefeitura de <a href=\"https:\/\/www.santos.sp.gov.br\/\">Santos<\/a>, na parte da cobertura das duas unidades ser\u00e3o realizados servi\u00e7os de repara\u00e7\u00e3o estrutural, com a troca de todo o telhado, novo sistema de prote\u00e7\u00e3o contra descargas atmosf\u00e9ricas (para-raios), reforma total do reservat\u00f3rio de \u00e1gua superior e drenagem de \u00e1guas pluviais.<\/p>\n<p data-track-category=\"Link no Texto\" data-track-links=\"\"><strong>LEIA TAMB\u00c9M<\/strong><\/p>\n<p data-track-category=\"Link no Texto\" data-track-links=\"\"><a href=\"https:\/\/redenoticiaz.com.br\/litoralsp\/2021\/07\/20\/obras-do-parque-roberto-mario-santini-comecam\">Obras do Parque Roberto M\u00e1rio Santini come\u00e7am<\/a><\/p>\n<\/div>\n<\/div>\n","protected":false},"excerpt":{"rendered":"<p>A Prefeitura de Santos anunciou nesta ter\u00e7a-feira (20) que as escolas municipais Andradas I e II v\u00e3o passar por obras at\u00e9 o final deste semestre. Uma empresa ser\u00e1 escolhida por meio de licita\u00e7\u00e3o e quem vencer ter\u00e1 de cuidar da cobertura, os muros e as fachadas das duas unidades. A primeira fase das obras est\u00e1 &hellip;<\/p>\n","protected":false},"author":6,"featured_media":11649,"comment_status":"open","ping_status":"closed","sticky":false,"template":"","format":"standard","meta":{"footnotes":""},"categories":[44,1579,180],"tags":[10717,28230,28231,1948,986],"class_list":["post-11648","post","type-post","status-publish","format-standard","has-post-thumbnail","hentry","category-educacao","category-obras","category-santos","tag-aparecida","tag-escola-municipal-andradas-i","tag-escola-municipal-andradas-ii","tag-obras","tag-santos"],"yoast_head":"<!-- This site is optimized with the Yoast SEO plugin v27.4 - https:\/\/yoast.com\/product\/yoast-seo-wordpress\/ -->\n<title>Escolas municipais dos Andradas v\u00e3o ser reformadas - Litoral SP<\/title>\n<meta name=\"description\" content=\"A Prefeitura de Santos anunciou nesta ter\u00e7a-feira (20) que as escolas municipais Andradas I e II v\u00e3o passar por obras at\u00e9 o final\" \/>\n<meta name=\"robots\" content=\"index, follow, max-snippet:-1, max-image-preview:large, max-video-preview:-1\" \/>\n<link rel=\"canonical\" href=\"https:\/\/redenoticiaz.com.br\/litoralsp\/2021\/07\/20\/escolas-municipais-dos-andradas-vao-ser-reformadas\" \/>\n<meta property=\"og:locale\" content=\"pt_BR\" \/>\n<meta property=\"og:type\" content=\"article\" \/>\n<meta property=\"og:title\" content=\"Escolas municipais dos Andradas v\u00e3o ser reformadas - Litoral SP\" \/>\n<meta property=\"og:description\" content=\"A Prefeitura de Santos anunciou nesta ter\u00e7a-feira (20) que as escolas municipais Andradas I e II v\u00e3o passar por obras at\u00e9 o final\" \/>\n<meta property=\"og:url\" content=\"https:\/\/redenoticiaz.com.br\/litoralsp\/2021\/07\/20\/escolas-municipais-dos-andradas-vao-ser-reformadas\" \/>\n<meta property=\"og:site_name\" content=\"Litoral SP\" \/>\n<meta property=\"article:published_time\" content=\"2021-07-20T20:53:41+00:00\" \/>\n<meta property=\"article:modified_time\" content=\"2021-07-20T20:54:41+00:00\" \/>\n<meta property=\"og:image\" content=\"https:\/\/redenoticiaz.com.br\/litoralsp\/wp-content\/uploads\/sites\/3\/2021\/07\/francisco-arrais-11.jpg\" \/>\n\t<meta property=\"og:image:width\" content=\"1000\" \/>\n\t<meta property=\"og:image:height\" content=\"667\" \/>\n\t<meta property=\"og:image:type\" content=\"image\/jpeg\" \/>\n<meta name=\"author\" content=\"Leonardo Francisco\" \/>\n<meta name=\"twitter:card\" content=\"summary_large_image\" \/>\n<meta name=\"twitter:label1\" content=\"Escrito por\" \/>\n\t<meta name=\"twitter:data1\" content=\"Leonardo Francisco\" \/>\n\t<meta name=\"twitter:label2\" content=\"Est. tempo de leitura\" \/>\n\t<meta name=\"twitter:data2\" content=\"1 minuto\" \/>\n<script type=\"application\/ld+json\" class=\"yoast-schema-graph\">{\"@context\":\"https:\\\/\\\/schema.org\",\"@graph\":[{\"@type\":\"Article\",\"@id\":\"https:\\\/\\\/redenoticiaz.com.br\\\/litoralsp\\\/2021\\\/07\\\/20\\\/escolas-municipais-dos-andradas-vao-ser-reformadas#article\",\"isPartOf\":{\"@id\":\"https:\\\/\\\/redenoticiaz.com.br\\\/litoralsp\\\/2021\\\/07\\\/20\\\/escolas-municipais-dos-andradas-vao-ser-reformadas\"},\"author\":{\"name\":\"Leonardo Francisco\",\"@id\":\"https:\\\/\\\/redenoticiaz.com.br\\\/litoralsp\\\/#\\\/schema\\\/person\\\/0f0b8a5bdafefe82841e07ae8d81ecb3\"},\"headline\":\"Escolas municipais dos Andradas v\u00e3o ser reformadas\",\"datePublished\":\"2021-07-20T20:53:41+00:00\",\"dateModified\":\"2021-07-20T20:54:41+00:00\",\"mainEntityOfPage\":{\"@id\":\"https:\\\/\\\/redenoticiaz.com.br\\\/litoralsp\\\/2021\\\/07\\\/20\\\/escolas-municipais-dos-andradas-vao-ser-reformadas\"},\"wordCount\":256,\"commentCount\":0,\"publisher\":{\"@id\":\"https:\\\/\\\/redenoticiaz.com.br\\\/litoralsp\\\/#organization\"},\"image\":{\"@id\":\"https:\\\/\\\/redenoticiaz.com.br\\\/litoralsp\\\/2021\\\/07\\\/20\\\/escolas-municipais-dos-andradas-vao-ser-reformadas#primaryimage\"},\"thumbnailUrl\":\"https:\\\/\\\/redenoticiaz.com.br\\\/litoralsp\\\/wp-content\\\/uploads\\\/sites\\\/3\\\/2021\\\/07\\\/francisco-arrais-11.jpg\",\"keywords\":[\"APARECIDA\",\"ESCOLA MUNICIPAL ANDRADAS I\",\"ESCOLA MUNICIPAL ANDRADAS II\",\"obras\",\"Santos\"],\"articleSection\":[\"Educa\u00e7\u00e3o\",\"Obras\",\"Santos\"],\"inLanguage\":\"pt-BR\",\"potentialAction\":[{\"@type\":\"CommentAction\",\"name\":\"Comment\",\"target\":[\"https:\\\/\\\/redenoticiaz.com.br\\\/litoralsp\\\/2021\\\/07\\\/20\\\/escolas-municipais-dos-andradas-vao-ser-reformadas#respond\"]}]},{\"@type\":\"WebPage\",\"@id\":\"https:\\\/\\\/redenoticiaz.com.br\\\/litoralsp\\\/2021\\\/07\\\/20\\\/escolas-municipais-dos-andradas-vao-ser-reformadas\",\"url\":\"https:\\\/\\\/redenoticiaz.com.br\\\/litoralsp\\\/2021\\\/07\\\/20\\\/escolas-municipais-dos-andradas-vao-ser-reformadas\",\"name\":\"Escolas municipais dos Andradas v\u00e3o ser reformadas - Litoral SP\",\"isPartOf\":{\"@id\":\"https:\\\/\\\/redenoticiaz.com.br\\\/litoralsp\\\/#website\"},\"primaryImageOfPage\":{\"@id\":\"https:\\\/\\\/redenoticiaz.com.br\\\/litoralsp\\\/2021\\\/07\\\/20\\\/escolas-municipais-dos-andradas-vao-ser-reformadas#primaryimage\"},\"image\":{\"@id\":\"https:\\\/\\\/redenoticiaz.com.br\\\/litoralsp\\\/2021\\\/07\\\/20\\\/escolas-municipais-dos-andradas-vao-ser-reformadas#primaryimage\"},\"thumbnailUrl\":\"https:\\\/\\\/redenoticiaz.com.br\\\/litoralsp\\\/wp-content\\\/uploads\\\/sites\\\/3\\\/2021\\\/07\\\/francisco-arrais-11.jpg\",\"datePublished\":\"2021-07-20T20:53:41+00:00\",\"dateModified\":\"2021-07-20T20:54:41+00:00\",\"description\":\"A Prefeitura de Santos anunciou nesta ter\u00e7a-feira (20) que as escolas municipais Andradas I e II v\u00e3o passar por obras at\u00e9 o final\",\"inLanguage\":\"pt-BR\",\"potentialAction\":[{\"@type\":\"ReadAction\",\"target\":[\"https:\\\/\\\/redenoticiaz.com.br\\\/litoralsp\\\/2021\\\/07\\\/20\\\/escolas-municipais-dos-andradas-vao-ser-reformadas\"]}]},{\"@type\":\"ImageObject\",\"inLanguage\":\"pt-BR\",\"@id\":\"https:\\\/\\\/redenoticiaz.com.br\\\/litoralsp\\\/2021\\\/07\\\/20\\\/escolas-municipais-dos-andradas-vao-ser-reformadas#primaryimage\",\"url\":\"https:\\\/\\\/redenoticiaz.com.br\\\/litoralsp\\\/wp-content\\\/uploads\\\/sites\\\/3\\\/2021\\\/07\\\/francisco-arrais-11.jpg\",\"contentUrl\":\"https:\\\/\\\/redenoticiaz.com.br\\\/litoralsp\\\/wp-content\\\/uploads\\\/sites\\\/3\\\/2021\\\/07\\\/francisco-arrais-11.jpg\",\"width\":1000,\"height\":667,\"caption\":\"Cr\u00e9ditos: Divulga\u00e7\u00e3o\\\/Prefeitura de Santos.\"},{\"@type\":\"WebSite\",\"@id\":\"https:\\\/\\\/redenoticiaz.com.br\\\/litoralsp\\\/#website\",\"url\":\"https:\\\/\\\/redenoticiaz.com.br\\\/litoralsp\\\/\",\"name\":\"Litoral SP\",\"description\":\"Rede NoticiaZ\",\"publisher\":{\"@id\":\"https:\\\/\\\/redenoticiaz.com.br\\\/litoralsp\\\/#organization\"},\"potentialAction\":[{\"@type\":\"SearchAction\",\"target\":{\"@type\":\"EntryPoint\",\"urlTemplate\":\"https:\\\/\\\/redenoticiaz.com.br\\\/litoralsp\\\/?s={search_term_string}\"},\"query-input\":{\"@type\":\"PropertyValueSpecification\",\"valueRequired\":true,\"valueName\":\"search_term_string\"}}],\"inLanguage\":\"pt-BR\"},{\"@type\":\"Organization\",\"@id\":\"https:\\\/\\\/redenoticiaz.com.br\\\/litoralsp\\\/#organization\",\"name\":\"Litoral SP\",\"url\":\"https:\\\/\\\/redenoticiaz.com.br\\\/litoralsp\\\/\",\"logo\":{\"@type\":\"ImageObject\",\"inLanguage\":\"pt-BR\",\"@id\":\"https:\\\/\\\/redenoticiaz.com.br\\\/litoralsp\\\/#\\\/schema\\\/logo\\\/image\\\/\",\"url\":\"https:\\\/\\\/redenoticiaz.com.br\\\/litoralsp\\\/wp-content\\\/uploads\\\/sites\\\/3\\\/2020\\\/11\\\/logo.jpg\",\"contentUrl\":\"https:\\\/\\\/redenoticiaz.com.br\\\/litoralsp\\\/wp-content\\\/uploads\\\/sites\\\/3\\\/2020\\\/11\\\/logo.jpg\",\"width\":400,\"height\":250,\"caption\":\"Litoral SP\"},\"image\":{\"@id\":\"https:\\\/\\\/redenoticiaz.com.br\\\/litoralsp\\\/#\\\/schema\\\/logo\\\/image\\\/\"}},{\"@type\":\"Person\",\"@id\":\"https:\\\/\\\/redenoticiaz.com.br\\\/litoralsp\\\/#\\\/schema\\\/person\\\/0f0b8a5bdafefe82841e07ae8d81ecb3\",\"name\":\"Leonardo Francisco\",\"image\":{\"@type\":\"ImageObject\",\"inLanguage\":\"pt-BR\",\"@id\":\"https:\\\/\\\/secure.gravatar.com\\\/avatar\\\/a7358cb406a99b682ec6df1e77e31ae82e63601f6784e8a3df411d72b37864da?s=96&d=mm&r=g\",\"url\":\"https:\\\/\\\/secure.gravatar.com\\\/avatar\\\/a7358cb406a99b682ec6df1e77e31ae82e63601f6784e8a3df411d72b37864da?s=96&d=mm&r=g\",\"contentUrl\":\"https:\\\/\\\/secure.gravatar.com\\\/avatar\\\/a7358cb406a99b682ec6df1e77e31ae82e63601f6784e8a3df411d72b37864da?s=96&d=mm&r=g\",\"caption\":\"Leonardo Francisco\"},\"url\":\"https:\\\/\\\/redenoticiaz.com.br\\\/litoralsp\\\/author\\\/leonardo-francisco\"}]}<\/script>\n<!-- \/ Yoast SEO plugin. -->","yoast_head_json":{"title":"Escolas municipais dos Andradas v\u00e3o ser reformadas - Litoral SP","description":"A Prefeitura de Santos anunciou nesta ter\u00e7a-feira (20) que as escolas municipais Andradas I e II v\u00e3o passar por obras at\u00e9 o final","robots":{"index":"index","follow":"follow","max-snippet":"max-snippet:-1","max-image-preview":"max-image-preview:large","max-video-preview":"max-video-preview:-1"},"canonical":"https:\/\/redenoticiaz.com.br\/litoralsp\/2021\/07\/20\/escolas-municipais-dos-andradas-vao-ser-reformadas","og_locale":"pt_BR","og_type":"article","og_title":"Escolas municipais dos Andradas v\u00e3o ser reformadas - Litoral SP","og_description":"A Prefeitura de Santos anunciou nesta ter\u00e7a-feira (20) que as escolas municipais Andradas I e II v\u00e3o passar por obras at\u00e9 o final","og_url":"https:\/\/redenoticiaz.com.br\/litoralsp\/2021\/07\/20\/escolas-municipais-dos-andradas-vao-ser-reformadas","og_site_name":"Litoral SP","article_published_time":"2021-07-20T20:53:41+00:00","article_modified_time":"2021-07-20T20:54:41+00:00","og_image":[{"width":1000,"height":667,"url":"https:\/\/redenoticiaz.com.br\/litoralsp\/wp-content\/uploads\/sites\/3\/2021\/07\/francisco-arrais-11.jpg","type":"image\/jpeg"}],"author":"Leonardo Francisco","twitter_card":"summary_large_image","twitter_misc":{"Escrito por":"Leonardo Francisco","Est. tempo de leitura":"1 minuto"},"schema":{"@context":"https:\/\/schema.org","@graph":[{"@type":"Article","@id":"https:\/\/redenoticiaz.com.br\/litoralsp\/2021\/07\/20\/escolas-municipais-dos-andradas-vao-ser-reformadas#article","isPartOf":{"@id":"https:\/\/redenoticiaz.com.br\/litoralsp\/2021\/07\/20\/escolas-municipais-dos-andradas-vao-ser-reformadas"},"author":{"name":"Leonardo Francisco","@id":"https:\/\/redenoticiaz.com.br\/litoralsp\/#\/schema\/person\/0f0b8a5bdafefe82841e07ae8d81ecb3"},"headline":"Escolas municipais dos Andradas v\u00e3o ser reformadas","datePublished":"2021-07-20T20:53:41+00:00","dateModified":"2021-07-20T20:54:41+00:00","mainEntityOfPage":{"@id":"https:\/\/redenoticiaz.com.br\/litoralsp\/2021\/07\/20\/escolas-municipais-dos-andradas-vao-ser-reformadas"},"wordCount":256,"commentCount":0,"publisher":{"@id":"https:\/\/redenoticiaz.com.br\/litoralsp\/#organization"},"image":{"@id":"https:\/\/redenoticiaz.com.br\/litoralsp\/2021\/07\/20\/escolas-municipais-dos-andradas-vao-ser-reformadas#primaryimage"},"thumbnailUrl":"https:\/\/redenoticiaz.com.br\/litoralsp\/wp-content\/uploads\/sites\/3\/2021\/07\/francisco-arrais-11.jpg","keywords":["APARECIDA","ESCOLA MUNICIPAL ANDRADAS I","ESCOLA MUNICIPAL ANDRADAS II","obras","Santos"],"articleSection":["Educa\u00e7\u00e3o","Obras","Santos"],"inLanguage":"pt-BR","potentialAction":[{"@type":"CommentAction","name":"Comment","target":["https:\/\/redenoticiaz.com.br\/litoralsp\/2021\/07\/20\/escolas-municipais-dos-andradas-vao-ser-reformadas#respond"]}]},{"@type":"WebPage","@id":"https:\/\/redenoticiaz.com.br\/litoralsp\/2021\/07\/20\/escolas-municipais-dos-andradas-vao-ser-reformadas","url":"https:\/\/redenoticiaz.com.br\/litoralsp\/2021\/07\/20\/escolas-municipais-dos-andradas-vao-ser-reformadas","name":"Escolas municipais dos Andradas v\u00e3o ser reformadas - Litoral SP","isPartOf":{"@id":"https:\/\/redenoticiaz.com.br\/litoralsp\/#website"},"primaryImageOfPage":{"@id":"https:\/\/redenoticiaz.com.br\/litoralsp\/2021\/07\/20\/escolas-municipais-dos-andradas-vao-ser-reformadas#primaryimage"},"image":{"@id":"https:\/\/redenoticiaz.com.br\/litoralsp\/2021\/07\/20\/escolas-municipais-dos-andradas-vao-ser-reformadas#primaryimage"},"thumbnailUrl":"https:\/\/redenoticiaz.com.br\/litoralsp\/wp-content\/uploads\/sites\/3\/2021\/07\/francisco-arrais-11.jpg","datePublished":"2021-07-20T20:53:41+00:00","dateModified":"2021-07-20T20:54:41+00:00","description":"A Prefeitura de Santos anunciou nesta ter\u00e7a-feira (20) que as escolas municipais Andradas I e II v\u00e3o passar por obras at\u00e9 o final","inLanguage":"pt-BR","potentialAction":[{"@type":"ReadAction","target":["https:\/\/redenoticiaz.com.br\/litoralsp\/2021\/07\/20\/escolas-municipais-dos-andradas-vao-ser-reformadas"]}]},{"@type":"ImageObject","inLanguage":"pt-BR","@id":"https:\/\/redenoticiaz.com.br\/litoralsp\/2021\/07\/20\/escolas-municipais-dos-andradas-vao-ser-reformadas#primaryimage","url":"https:\/\/redenoticiaz.com.br\/litoralsp\/wp-content\/uploads\/sites\/3\/2021\/07\/francisco-arrais-11.jpg","contentUrl":"https:\/\/redenoticiaz.com.br\/litoralsp\/wp-content\/uploads\/sites\/3\/2021\/07\/francisco-arrais-11.jpg","width":1000,"height":667,"caption":"Cr\u00e9ditos: Divulga\u00e7\u00e3o\/Prefeitura de Santos."},{"@type":"WebSite","@id":"https:\/\/redenoticiaz.com.br\/litoralsp\/#website","url":"https:\/\/redenoticiaz.com.br\/litoralsp\/","name":"Litoral SP","description":"Rede NoticiaZ","publisher":{"@id":"https:\/\/redenoticiaz.com.br\/litoralsp\/#organization"},"potentialAction":[{"@type":"SearchAction","target":{"@type":"EntryPoint","urlTemplate":"https:\/\/redenoticiaz.com.br\/litoralsp\/?s={search_term_string}"},"query-input":{"@type":"PropertyValueSpecification","valueRequired":true,"valueName":"search_term_string"}}],"inLanguage":"pt-BR"},{"@type":"Organization","@id":"https:\/\/redenoticiaz.com.br\/litoralsp\/#organization","name":"Litoral SP","url":"https:\/\/redenoticiaz.com.br\/litoralsp\/","logo":{"@type":"ImageObject","inLanguage":"pt-BR","@id":"https:\/\/redenoticiaz.com.br\/litoralsp\/#\/schema\/logo\/image\/","url":"https:\/\/redenoticiaz.com.br\/litoralsp\/wp-content\/uploads\/sites\/3\/2020\/11\/logo.jpg","contentUrl":"https:\/\/redenoticiaz.com.br\/litoralsp\/wp-content\/uploads\/sites\/3\/2020\/11\/logo.jpg","width":400,"height":250,"caption":"Litoral SP"},"image":{"@id":"https:\/\/redenoticiaz.com.br\/litoralsp\/#\/schema\/logo\/image\/"}},{"@type":"Person","@id":"https:\/\/redenoticiaz.com.br\/litoralsp\/#\/schema\/person\/0f0b8a5bdafefe82841e07ae8d81ecb3","name":"Leonardo Francisco","image":{"@type":"ImageObject","inLanguage":"pt-BR","@id":"https:\/\/secure.gravatar.com\/avatar\/a7358cb406a99b682ec6df1e77e31ae82e63601f6784e8a3df411d72b37864da?s=96&d=mm&r=g","url":"https:\/\/secure.gravatar.com\/avatar\/a7358cb406a99b682ec6df1e77e31ae82e63601f6784e8a3df411d72b37864da?s=96&d=mm&r=g","contentUrl":"https:\/\/secure.gravatar.com\/avatar\/a7358cb406a99b682ec6df1e77e31ae82e63601f6784e8a3df411d72b37864da?s=96&d=mm&r=g","caption":"Leonardo Francisco"},"url":"https:\/\/redenoticiaz.com.br\/litoralsp\/author\/leonardo-francisco"}]}},"_links":{"self":[{"href":"https:\/\/redenoticiaz.com.br\/litoralsp\/wp-json\/wp\/v2\/posts\/11648","targetHints":{"allow":["GET"]}}],"collection":[{"href":"https:\/\/redenoticiaz.com.br\/litoralsp\/wp-json\/wp\/v2\/posts"}],"about":[{"href":"https:\/\/redenoticiaz.com.br\/litoralsp\/wp-json\/wp\/v2\/types\/post"}],"author":[{"embeddable":true,"href":"https:\/\/redenoticiaz.com.br\/litoralsp\/wp-json\/wp\/v2\/users\/6"}],"replies":[{"embeddable":true,"href":"https:\/\/redenoticiaz.com.br\/litoralsp\/wp-json\/wp\/v2\/comments?post=11648"}],"version-history":[{"count":1,"href":"https:\/\/redenoticiaz.com.br\/litoralsp\/wp-json\/wp\/v2\/posts\/11648\/revisions"}],"predecessor-version":[{"id":11650,"href":"https:\/\/redenoticiaz.com.br\/litoralsp\/wp-json\/wp\/v2\/posts\/11648\/revisions\/11650"}],"wp:featuredmedia":[{"embeddable":true,"href":"https:\/\/redenoticiaz.com.br\/litoralsp\/wp-json\/wp\/v2\/media\/11649"}],"wp:attachment":[{"href":"https:\/\/redenoticiaz.com.br\/litoralsp\/wp-json\/wp\/v2\/media?parent=11648"}],"wp:term":[{"taxonomy":"category","embeddable":true,"href":"https:\/\/redenoticiaz.com.br\/litoralsp\/wp-json\/wp\/v2\/categories?post=11648"},{"taxonomy":"post_tag","embeddable":true,"href":"https:\/\/redenoticiaz.com.br\/litoralsp\/wp-json\/wp\/v2\/tags?post=11648"}],"curies":[{"name":"wp","href":"https:\/\/api.w.org\/{rel}","templated":true}]}}