{"id":116667,"date":"2024-06-11T18:00:54","date_gmt":"2024-06-11T21:00:54","guid":{"rendered":"https:\/\/redenoticiaz.com.br\/litoralsp\/?p=116667"},"modified":"2024-06-11T15:47:23","modified_gmt":"2024-06-11T18:47:23","slug":"gcm-captura-procurado-pela-justica-na-vila-valenca","status":"publish","type":"post","link":"https:\/\/redenoticiaz.com.br\/litoralsp\/2024\/06\/11\/gcm-captura-procurado-pela-justica-na-vila-valenca","title":{"rendered":"GCM captura procurado pela justi\u00e7a na Vila Valen\u00e7a"},"content":{"rendered":"<div>A Guarda Civil Municipal de S\u00e3o Vicente (GCM-SV) obteve \u00eaxito na captura de um procurado pela justi\u00e7a.<\/div>\n<div><\/div>\n<div>A equipe realizava patrulhamento pelo bairro Vila Valen\u00e7a na manh\u00e3 deste domingo (9), quando na Dom Lara identificou um indiv\u00edduo apresentando comportamento suspeito, demonstrando preocupa\u00e7\u00e3o e buscando desvencilhar-se dos agentes.<\/div>\n<div><\/div>\n<div>Imediatamente, os profissionais intervieram na a\u00e7\u00e3o e, em pesquisa efetuada via Sinesp\/Infoseg, constatou um mandado de pris\u00e3o em desfavor do indiv\u00edduo.<\/div>\n<div><\/div>\n<div>Diante dos fatos, o infrator foi detido e encaminhado ao 1\u00b0 Distrito Policial (DP), ficando \u00e0 disposi\u00e7\u00e3o das autoridades competentes.<\/div>\n<div><\/div>\n<div>Leia mais<\/div>\n<div><a href=\"https:\/\/redenoticiaz.com.br\/litoralsp\/2024\/06\/10\/policia-ambiental-recupera-200kg-de-camarao-adquiridos-de-forma-irregular\">Pol\u00edcia Ambiental recupera 200kg de Camar\u00e3o adquiridos de forma irregular<\/a><\/div>\n<div><a href=\"https:\/\/redenoticiaz.com.br\/litoralsp\/2024\/05\/20\/bombeiros-encontram-corpos-carbonizados-dentro-de-veiculo-em-sao-vicente\">Bombeiros encontram corpos carbonizados dentro de ve\u00edculo em S\u00e3o Vicente\u00a0<\/a><\/div>\n","protected":false},"excerpt":{"rendered":"<p>A Guarda Civil Municipal de S\u00e3o Vicente (GCM-SV) obteve \u00eaxito na captura de um procurado pela justi\u00e7a. A equipe realizava patrulhamento pelo bairro Vila Valen\u00e7a na manh\u00e3 deste domingo (9), quando na Dom Lara identificou um indiv\u00edduo apresentando comportamento suspeito, demonstrando preocupa\u00e7\u00e3o e buscando desvencilhar-se dos agentes. Imediatamente, os profissionais intervieram na a\u00e7\u00e3o e, em &hellip;<\/p>\n","protected":false},"author":12,"featured_media":116668,"comment_status":"open","ping_status":"closed","sticky":false,"template":"","format":"standard","meta":{"footnotes":""},"categories":[10,181],"tags":[4244,33,20560],"class_list":["post-116667","post","type-post","status-publish","format-standard","has-post-thumbnail","hentry","category-policia","category-sao-vicente","tag-gcm","tag-sao-vicente","tag-vila-valenca"],"yoast_head":"<!-- This site is optimized with the Yoast SEO plugin v27.4 - https:\/\/yoast.com\/product\/yoast-seo-wordpress\/ -->\n<title>GCM captura procurado pela justi\u00e7a na Vila Valen\u00e7a - Litoral SP<\/title>\n<meta name=\"description\" content=\"A Guarda Civil Municipal de S\u00e3o Vicente (GCM-SV) obteve \u00eaxito na captura de um procurado pela justi\u00e7a.\" \/>\n<meta name=\"robots\" content=\"index, follow, max-snippet:-1, max-image-preview:large, max-video-preview:-1\" \/>\n<link rel=\"canonical\" href=\"https:\/\/redenoticiaz.com.br\/litoralsp\/2024\/06\/11\/gcm-captura-procurado-pela-justica-na-vila-valenca\" \/>\n<meta property=\"og:locale\" content=\"pt_BR\" \/>\n<meta property=\"og:type\" content=\"article\" \/>\n<meta property=\"og:title\" content=\"GCM captura procurado pela justi\u00e7a na Vila Valen\u00e7a - Litoral SP\" \/>\n<meta property=\"og:description\" content=\"A Guarda Civil Municipal de S\u00e3o Vicente (GCM-SV) obteve \u00eaxito na captura de um procurado pela justi\u00e7a.\" \/>\n<meta property=\"og:url\" content=\"https:\/\/redenoticiaz.com.br\/litoralsp\/2024\/06\/11\/gcm-captura-procurado-pela-justica-na-vila-valenca\" \/>\n<meta property=\"og:site_name\" content=\"Litoral SP\" \/>\n<meta property=\"article:published_time\" content=\"2024-06-11T21:00:54+00:00\" \/>\n<meta property=\"og:image\" content=\"https:\/\/redenoticiaz.com.br\/litoralsp\/wp-content\/uploads\/sites\/3\/2024\/06\/22892.jpg\" \/>\n\t<meta property=\"og:image:width\" content=\"915\" \/>\n\t<meta property=\"og:image:height\" content=\"609\" \/>\n\t<meta property=\"og:image:type\" content=\"image\/jpeg\" \/>\n<meta name=\"author\" content=\"Gustavo Silva\" \/>\n<meta name=\"twitter:card\" content=\"summary_large_image\" \/>\n<meta name=\"twitter:label1\" content=\"Escrito por\" \/>\n\t<meta name=\"twitter:data1\" content=\"Gustavo Silva\" \/>\n\t<meta name=\"twitter:label2\" content=\"Est. tempo de leitura\" \/>\n\t<meta name=\"twitter:data2\" content=\"1 minuto\" \/>\n<script type=\"application\/ld+json\" class=\"yoast-schema-graph\">{\"@context\":\"https:\\\/\\\/schema.org\",\"@graph\":[{\"@type\":\"Article\",\"@id\":\"https:\\\/\\\/redenoticiaz.com.br\\\/litoralsp\\\/2024\\\/06\\\/11\\\/gcm-captura-procurado-pela-justica-na-vila-valenca#article\",\"isPartOf\":{\"@id\":\"https:\\\/\\\/redenoticiaz.com.br\\\/litoralsp\\\/2024\\\/06\\\/11\\\/gcm-captura-procurado-pela-justica-na-vila-valenca\"},\"author\":{\"name\":\"Gustavo Silva\",\"@id\":\"https:\\\/\\\/redenoticiaz.com.br\\\/litoralsp\\\/#\\\/schema\\\/person\\\/16057b37a3c0ee6b096d7f887c566e2e\"},\"headline\":\"GCM captura procurado pela justi\u00e7a na Vila Valen\u00e7a\",\"datePublished\":\"2024-06-11T21:00:54+00:00\",\"mainEntityOfPage\":{\"@id\":\"https:\\\/\\\/redenoticiaz.com.br\\\/litoralsp\\\/2024\\\/06\\\/11\\\/gcm-captura-procurado-pela-justica-na-vila-valenca\"},\"wordCount\":131,\"commentCount\":0,\"publisher\":{\"@id\":\"https:\\\/\\\/redenoticiaz.com.br\\\/litoralsp\\\/#organization\"},\"image\":{\"@id\":\"https:\\\/\\\/redenoticiaz.com.br\\\/litoralsp\\\/2024\\\/06\\\/11\\\/gcm-captura-procurado-pela-justica-na-vila-valenca#primaryimage\"},\"thumbnailUrl\":\"https:\\\/\\\/redenoticiaz.com.br\\\/litoralsp\\\/wp-content\\\/uploads\\\/sites\\\/3\\\/2024\\\/06\\\/22892.jpg\",\"keywords\":[\"GCM\",\"S\u00e3o Vicente\",\"VILA VALEN\u00c7A\"],\"articleSection\":[\"Pol\u00edcia\",\"S\u00e3o Vicente\"],\"inLanguage\":\"pt-BR\",\"potentialAction\":[{\"@type\":\"CommentAction\",\"name\":\"Comment\",\"target\":[\"https:\\\/\\\/redenoticiaz.com.br\\\/litoralsp\\\/2024\\\/06\\\/11\\\/gcm-captura-procurado-pela-justica-na-vila-valenca#respond\"]}]},{\"@type\":\"WebPage\",\"@id\":\"https:\\\/\\\/redenoticiaz.com.br\\\/litoralsp\\\/2024\\\/06\\\/11\\\/gcm-captura-procurado-pela-justica-na-vila-valenca\",\"url\":\"https:\\\/\\\/redenoticiaz.com.br\\\/litoralsp\\\/2024\\\/06\\\/11\\\/gcm-captura-procurado-pela-justica-na-vila-valenca\",\"name\":\"GCM captura procurado pela justi\u00e7a na Vila Valen\u00e7a - Litoral SP\",\"isPartOf\":{\"@id\":\"https:\\\/\\\/redenoticiaz.com.br\\\/litoralsp\\\/#website\"},\"primaryImageOfPage\":{\"@id\":\"https:\\\/\\\/redenoticiaz.com.br\\\/litoralsp\\\/2024\\\/06\\\/11\\\/gcm-captura-procurado-pela-justica-na-vila-valenca#primaryimage\"},\"image\":{\"@id\":\"https:\\\/\\\/redenoticiaz.com.br\\\/litoralsp\\\/2024\\\/06\\\/11\\\/gcm-captura-procurado-pela-justica-na-vila-valenca#primaryimage\"},\"thumbnailUrl\":\"https:\\\/\\\/redenoticiaz.com.br\\\/litoralsp\\\/wp-content\\\/uploads\\\/sites\\\/3\\\/2024\\\/06\\\/22892.jpg\",\"datePublished\":\"2024-06-11T21:00:54+00:00\",\"description\":\"A Guarda Civil Municipal de S\u00e3o Vicente (GCM-SV) obteve \u00eaxito na captura de um procurado pela justi\u00e7a.\",\"inLanguage\":\"pt-BR\",\"potentialAction\":[{\"@type\":\"ReadAction\",\"target\":[\"https:\\\/\\\/redenoticiaz.com.br\\\/litoralsp\\\/2024\\\/06\\\/11\\\/gcm-captura-procurado-pela-justica-na-vila-valenca\"]}]},{\"@type\":\"ImageObject\",\"inLanguage\":\"pt-BR\",\"@id\":\"https:\\\/\\\/redenoticiaz.com.br\\\/litoralsp\\\/2024\\\/06\\\/11\\\/gcm-captura-procurado-pela-justica-na-vila-valenca#primaryimage\",\"url\":\"https:\\\/\\\/redenoticiaz.com.br\\\/litoralsp\\\/wp-content\\\/uploads\\\/sites\\\/3\\\/2024\\\/06\\\/22892.jpg\",\"contentUrl\":\"https:\\\/\\\/redenoticiaz.com.br\\\/litoralsp\\\/wp-content\\\/uploads\\\/sites\\\/3\\\/2024\\\/06\\\/22892.jpg\",\"width\":915,\"height\":609},{\"@type\":\"WebSite\",\"@id\":\"https:\\\/\\\/redenoticiaz.com.br\\\/litoralsp\\\/#website\",\"url\":\"https:\\\/\\\/redenoticiaz.com.br\\\/litoralsp\\\/\",\"name\":\"Litoral SP\",\"description\":\"Rede NoticiaZ\",\"publisher\":{\"@id\":\"https:\\\/\\\/redenoticiaz.com.br\\\/litoralsp\\\/#organization\"},\"potentialAction\":[{\"@type\":\"SearchAction\",\"target\":{\"@type\":\"EntryPoint\",\"urlTemplate\":\"https:\\\/\\\/redenoticiaz.com.br\\\/litoralsp\\\/?s={search_term_string}\"},\"query-input\":{\"@type\":\"PropertyValueSpecification\",\"valueRequired\":true,\"valueName\":\"search_term_string\"}}],\"inLanguage\":\"pt-BR\"},{\"@type\":\"Organization\",\"@id\":\"https:\\\/\\\/redenoticiaz.com.br\\\/litoralsp\\\/#organization\",\"name\":\"Litoral SP\",\"url\":\"https:\\\/\\\/redenoticiaz.com.br\\\/litoralsp\\\/\",\"logo\":{\"@type\":\"ImageObject\",\"inLanguage\":\"pt-BR\",\"@id\":\"https:\\\/\\\/redenoticiaz.com.br\\\/litoralsp\\\/#\\\/schema\\\/logo\\\/image\\\/\",\"url\":\"https:\\\/\\\/redenoticiaz.com.br\\\/litoralsp\\\/wp-content\\\/uploads\\\/sites\\\/3\\\/2020\\\/11\\\/logo.jpg\",\"contentUrl\":\"https:\\\/\\\/redenoticiaz.com.br\\\/litoralsp\\\/wp-content\\\/uploads\\\/sites\\\/3\\\/2020\\\/11\\\/logo.jpg\",\"width\":400,\"height\":250,\"caption\":\"Litoral SP\"},\"image\":{\"@id\":\"https:\\\/\\\/redenoticiaz.com.br\\\/litoralsp\\\/#\\\/schema\\\/logo\\\/image\\\/\"}},{\"@type\":\"Person\",\"@id\":\"https:\\\/\\\/redenoticiaz.com.br\\\/litoralsp\\\/#\\\/schema\\\/person\\\/16057b37a3c0ee6b096d7f887c566e2e\",\"name\":\"Gustavo Silva\",\"image\":{\"@type\":\"ImageObject\",\"inLanguage\":\"pt-BR\",\"@id\":\"https:\\\/\\\/secure.gravatar.com\\\/avatar\\\/3ee4e82f93b26de0a7cf4ea5eb7893da637ed6bb0c9170c58065944c56e28a33?s=96&d=mm&r=g\",\"url\":\"https:\\\/\\\/secure.gravatar.com\\\/avatar\\\/3ee4e82f93b26de0a7cf4ea5eb7893da637ed6bb0c9170c58065944c56e28a33?s=96&d=mm&r=g\",\"contentUrl\":\"https:\\\/\\\/secure.gravatar.com\\\/avatar\\\/3ee4e82f93b26de0a7cf4ea5eb7893da637ed6bb0c9170c58065944c56e28a33?s=96&d=mm&r=g\",\"caption\":\"Gustavo Silva\"},\"url\":\"https:\\\/\\\/redenoticiaz.com.br\\\/litoralsp\\\/author\\\/gustavosilva\"}]}<\/script>\n<!-- \/ Yoast SEO plugin. -->","yoast_head_json":{"title":"GCM captura procurado pela justi\u00e7a na Vila Valen\u00e7a - Litoral SP","description":"A Guarda Civil Municipal de S\u00e3o Vicente (GCM-SV) obteve \u00eaxito na captura de um procurado pela justi\u00e7a.","robots":{"index":"index","follow":"follow","max-snippet":"max-snippet:-1","max-image-preview":"max-image-preview:large","max-video-preview":"max-video-preview:-1"},"canonical":"https:\/\/redenoticiaz.com.br\/litoralsp\/2024\/06\/11\/gcm-captura-procurado-pela-justica-na-vila-valenca","og_locale":"pt_BR","og_type":"article","og_title":"GCM captura procurado pela justi\u00e7a na Vila Valen\u00e7a - Litoral SP","og_description":"A Guarda Civil Municipal de S\u00e3o Vicente (GCM-SV) obteve \u00eaxito na captura de um procurado pela justi\u00e7a.","og_url":"https:\/\/redenoticiaz.com.br\/litoralsp\/2024\/06\/11\/gcm-captura-procurado-pela-justica-na-vila-valenca","og_site_name":"Litoral SP","article_published_time":"2024-06-11T21:00:54+00:00","og_image":[{"width":915,"height":609,"url":"https:\/\/redenoticiaz.com.br\/litoralsp\/wp-content\/uploads\/sites\/3\/2024\/06\/22892.jpg","type":"image\/jpeg"}],"author":"Gustavo Silva","twitter_card":"summary_large_image","twitter_misc":{"Escrito por":"Gustavo Silva","Est. tempo de leitura":"1 minuto"},"schema":{"@context":"https:\/\/schema.org","@graph":[{"@type":"Article","@id":"https:\/\/redenoticiaz.com.br\/litoralsp\/2024\/06\/11\/gcm-captura-procurado-pela-justica-na-vila-valenca#article","isPartOf":{"@id":"https:\/\/redenoticiaz.com.br\/litoralsp\/2024\/06\/11\/gcm-captura-procurado-pela-justica-na-vila-valenca"},"author":{"name":"Gustavo Silva","@id":"https:\/\/redenoticiaz.com.br\/litoralsp\/#\/schema\/person\/16057b37a3c0ee6b096d7f887c566e2e"},"headline":"GCM captura procurado pela justi\u00e7a na Vila Valen\u00e7a","datePublished":"2024-06-11T21:00:54+00:00","mainEntityOfPage":{"@id":"https:\/\/redenoticiaz.com.br\/litoralsp\/2024\/06\/11\/gcm-captura-procurado-pela-justica-na-vila-valenca"},"wordCount":131,"commentCount":0,"publisher":{"@id":"https:\/\/redenoticiaz.com.br\/litoralsp\/#organization"},"image":{"@id":"https:\/\/redenoticiaz.com.br\/litoralsp\/2024\/06\/11\/gcm-captura-procurado-pela-justica-na-vila-valenca#primaryimage"},"thumbnailUrl":"https:\/\/redenoticiaz.com.br\/litoralsp\/wp-content\/uploads\/sites\/3\/2024\/06\/22892.jpg","keywords":["GCM","S\u00e3o Vicente","VILA VALEN\u00c7A"],"articleSection":["Pol\u00edcia","S\u00e3o Vicente"],"inLanguage":"pt-BR","potentialAction":[{"@type":"CommentAction","name":"Comment","target":["https:\/\/redenoticiaz.com.br\/litoralsp\/2024\/06\/11\/gcm-captura-procurado-pela-justica-na-vila-valenca#respond"]}]},{"@type":"WebPage","@id":"https:\/\/redenoticiaz.com.br\/litoralsp\/2024\/06\/11\/gcm-captura-procurado-pela-justica-na-vila-valenca","url":"https:\/\/redenoticiaz.com.br\/litoralsp\/2024\/06\/11\/gcm-captura-procurado-pela-justica-na-vila-valenca","name":"GCM captura procurado pela justi\u00e7a na Vila Valen\u00e7a - Litoral SP","isPartOf":{"@id":"https:\/\/redenoticiaz.com.br\/litoralsp\/#website"},"primaryImageOfPage":{"@id":"https:\/\/redenoticiaz.com.br\/litoralsp\/2024\/06\/11\/gcm-captura-procurado-pela-justica-na-vila-valenca#primaryimage"},"image":{"@id":"https:\/\/redenoticiaz.com.br\/litoralsp\/2024\/06\/11\/gcm-captura-procurado-pela-justica-na-vila-valenca#primaryimage"},"thumbnailUrl":"https:\/\/redenoticiaz.com.br\/litoralsp\/wp-content\/uploads\/sites\/3\/2024\/06\/22892.jpg","datePublished":"2024-06-11T21:00:54+00:00","description":"A Guarda Civil Municipal de S\u00e3o Vicente (GCM-SV) obteve \u00eaxito na captura de um procurado pela justi\u00e7a.","inLanguage":"pt-BR","potentialAction":[{"@type":"ReadAction","target":["https:\/\/redenoticiaz.com.br\/litoralsp\/2024\/06\/11\/gcm-captura-procurado-pela-justica-na-vila-valenca"]}]},{"@type":"ImageObject","inLanguage":"pt-BR","@id":"https:\/\/redenoticiaz.com.br\/litoralsp\/2024\/06\/11\/gcm-captura-procurado-pela-justica-na-vila-valenca#primaryimage","url":"https:\/\/redenoticiaz.com.br\/litoralsp\/wp-content\/uploads\/sites\/3\/2024\/06\/22892.jpg","contentUrl":"https:\/\/redenoticiaz.com.br\/litoralsp\/wp-content\/uploads\/sites\/3\/2024\/06\/22892.jpg","width":915,"height":609},{"@type":"WebSite","@id":"https:\/\/redenoticiaz.com.br\/litoralsp\/#website","url":"https:\/\/redenoticiaz.com.br\/litoralsp\/","name":"Litoral SP","description":"Rede NoticiaZ","publisher":{"@id":"https:\/\/redenoticiaz.com.br\/litoralsp\/#organization"},"potentialAction":[{"@type":"SearchAction","target":{"@type":"EntryPoint","urlTemplate":"https:\/\/redenoticiaz.com.br\/litoralsp\/?s={search_term_string}"},"query-input":{"@type":"PropertyValueSpecification","valueRequired":true,"valueName":"search_term_string"}}],"inLanguage":"pt-BR"},{"@type":"Organization","@id":"https:\/\/redenoticiaz.com.br\/litoralsp\/#organization","name":"Litoral SP","url":"https:\/\/redenoticiaz.com.br\/litoralsp\/","logo":{"@type":"ImageObject","inLanguage":"pt-BR","@id":"https:\/\/redenoticiaz.com.br\/litoralsp\/#\/schema\/logo\/image\/","url":"https:\/\/redenoticiaz.com.br\/litoralsp\/wp-content\/uploads\/sites\/3\/2020\/11\/logo.jpg","contentUrl":"https:\/\/redenoticiaz.com.br\/litoralsp\/wp-content\/uploads\/sites\/3\/2020\/11\/logo.jpg","width":400,"height":250,"caption":"Litoral SP"},"image":{"@id":"https:\/\/redenoticiaz.com.br\/litoralsp\/#\/schema\/logo\/image\/"}},{"@type":"Person","@id":"https:\/\/redenoticiaz.com.br\/litoralsp\/#\/schema\/person\/16057b37a3c0ee6b096d7f887c566e2e","name":"Gustavo Silva","image":{"@type":"ImageObject","inLanguage":"pt-BR","@id":"https:\/\/secure.gravatar.com\/avatar\/3ee4e82f93b26de0a7cf4ea5eb7893da637ed6bb0c9170c58065944c56e28a33?s=96&d=mm&r=g","url":"https:\/\/secure.gravatar.com\/avatar\/3ee4e82f93b26de0a7cf4ea5eb7893da637ed6bb0c9170c58065944c56e28a33?s=96&d=mm&r=g","contentUrl":"https:\/\/secure.gravatar.com\/avatar\/3ee4e82f93b26de0a7cf4ea5eb7893da637ed6bb0c9170c58065944c56e28a33?s=96&d=mm&r=g","caption":"Gustavo Silva"},"url":"https:\/\/redenoticiaz.com.br\/litoralsp\/author\/gustavosilva"}]}},"_links":{"self":[{"href":"https:\/\/redenoticiaz.com.br\/litoralsp\/wp-json\/wp\/v2\/posts\/116667","targetHints":{"allow":["GET"]}}],"collection":[{"href":"https:\/\/redenoticiaz.com.br\/litoralsp\/wp-json\/wp\/v2\/posts"}],"about":[{"href":"https:\/\/redenoticiaz.com.br\/litoralsp\/wp-json\/wp\/v2\/types\/post"}],"author":[{"embeddable":true,"href":"https:\/\/redenoticiaz.com.br\/litoralsp\/wp-json\/wp\/v2\/users\/12"}],"replies":[{"embeddable":true,"href":"https:\/\/redenoticiaz.com.br\/litoralsp\/wp-json\/wp\/v2\/comments?post=116667"}],"version-history":[{"count":1,"href":"https:\/\/redenoticiaz.com.br\/litoralsp\/wp-json\/wp\/v2\/posts\/116667\/revisions"}],"predecessor-version":[{"id":116669,"href":"https:\/\/redenoticiaz.com.br\/litoralsp\/wp-json\/wp\/v2\/posts\/116667\/revisions\/116669"}],"wp:featuredmedia":[{"embeddable":true,"href":"https:\/\/redenoticiaz.com.br\/litoralsp\/wp-json\/wp\/v2\/media\/116668"}],"wp:attachment":[{"href":"https:\/\/redenoticiaz.com.br\/litoralsp\/wp-json\/wp\/v2\/media?parent=116667"}],"wp:term":[{"taxonomy":"category","embeddable":true,"href":"https:\/\/redenoticiaz.com.br\/litoralsp\/wp-json\/wp\/v2\/categories?post=116667"},{"taxonomy":"post_tag","embeddable":true,"href":"https:\/\/redenoticiaz.com.br\/litoralsp\/wp-json\/wp\/v2\/tags?post=116667"}],"curies":[{"name":"wp","href":"https:\/\/api.w.org\/{rel}","templated":true}]}}