{"id":116706,"date":"2024-06-15T16:00:26","date_gmt":"2024-06-15T19:00:26","guid":{"rendered":"https:\/\/redenoticiaz.com.br\/litoralsp\/?p=116706"},"modified":"2024-06-13T15:50:21","modified_gmt":"2024-06-13T18:50:21","slug":"brasil-tem-45-de-cobertura-em-saude-bucal-meta-e-chegar-a-70","status":"publish","type":"post","link":"https:\/\/redenoticiaz.com.br\/litoralsp\/2024\/06\/15\/brasil-tem-45-de-cobertura-em-saude-bucal-meta-e-chegar-a-70","title":{"rendered":"Brasil tem 45% de cobertura em sa\u00fade bucal; meta \u00e9 chegar a 70%"},"content":{"rendered":"<p>O Brasil registra atualmente cerca de 45% de cobertura em sa\u00fade bucal. A meta do governo federal \u00e9 alcan\u00e7ar pelo menos 70%.<\/p>\n<p>Os \u00edndices foram divulgados nesta quinta-feira (13) pela ministra da Sa\u00fade, N\u00edsia Trindade, durante evento em comemora\u00e7\u00e3o aos 20 anos da Pol\u00edtica Nacional de Sa\u00fade Bucal, em Bras\u00edlia.<\/p>\n<p>\u201cDesde o ano passado, a partir de um trabalho de recomposi\u00e7\u00e3o or\u00e7ament\u00e1ria, com o fim da PEC 95 e com a prioridade dada pelo governo federal a essa pol\u00edtica, conseguimos, de fato, uma amplia\u00e7\u00e3o \u2013 e isso passa, naturalmente, pela quest\u00e3o da prioriza\u00e7\u00e3o no or\u00e7amento\u201d, avaliou a ministra.<\/p>\n<div class=\"dnd-widget-wrapper context-grande_6colunas type-image atom-align-left\">\n<div class=\"dnd-atom-rendered\">\n<div class=\"shadow overflow-hidden rounded-lg d-block w-100\"><img decoding=\"async\" class=\"flex-fill img-cover\" title=\"Fabio Rodrigues-Pozzebom\/ Ag\u00eancia Brasil\" src=\"https:\/\/imagens.ebc.com.br\/6sNGrsv53qcrf4HGKeNv7bt9mz4=\/463x0\/smart\/https:\/\/agenciabrasil.ebc.com.br\/sites\/default\/files\/thumbnails\/image\/pzzb1406_0.jpg?itok=jmDkSX7o\" alt=\"Bras\u00edlia - DF 08\/05\/2023 O presidente da Rep\u00fablica, Luiz In\u00e1cio Lula da Silva, acompanhado da ministra da Sa\u00fade, N\u00edsia Trindade, sanciona o projeto de lei que inclui a Pol\u00edtica Nacional de Sa\u00fade Bucal - Brasil Sorridente, na Lei Org\u00e2nica da Sa\u00fade. Foto: Fabio Rodrigues-Pozzebom\/ Ag\u00eancia Brasil\" \/><\/div>\n<\/div>\n<div class=\"dnd-caption-wrapper\">\n<div class=\"meta\">Bras\u00edlia &#8211;\u00a0 Pol\u00edtica Nacional de Sa\u00fade Bucal Foto:\u00a0<strong>Fabio Rodrigues-Pozzebom\/ Ag\u00eancia Brasil<\/strong><\/div>\n<\/div>\n<\/div>\n<p>\u201cHoje, temos R$ 4,3 bilh\u00f5es de investimento, no ano de 2024, em sa\u00fade bucal, o que representa crescimento de 123% em rela\u00e7\u00e3o a 2023. Esse \u00e9 um indicador importante de prioridade\u201d, completou.<\/p>\n<p>Segundo o Minist\u00e9rio da Sa\u00fade, o montante possibilita, por exemplo, a implanta\u00e7\u00e3o de mais de 6\u00a0mil equipes de sa\u00fade bucal e 100 Centros de Especialidades Odontol\u00f3gicas, al\u00e9m da aquisi\u00e7\u00e3o de 300 Unidades Odontol\u00f3gicas M\u00f3veis.<\/p>\n<h2>C\u00e1ries<\/h2>\n<p>Dados da pesquisa Sa\u00fade Bucal Brasil 2020\/2023 divulgados nesta quinta-feira indicam que 53% das crian\u00e7as de 5 anos entrevistadas n\u00e3o tinham\u00a0c\u00e1rie. Mais de 40 mil pessoas foram ouvidas e examinadas nas 27 capitais e em 403 munic\u00edpios do interior do pa\u00eds \u2013 incluindo 7.198 crian\u00e7as.<\/p>\n<p>O \u00edndice \u00e9 14% maior do que o resultado da \u00faltima pesquisa, em 2010, quando 46,6% das crian\u00e7as entrevistadas estavam livres da doen\u00e7a.<\/p>\n<p>O estudo destaca importante aumento de crian\u00e7as de 5 anos livres de c\u00e1rie, entre 2010 e 2023, nas regi\u00f5es Sul (40,7%), Sudeste (21,9%), Nordeste (17,1%) e Norte (11,2%), tanto nas capitais como nas cidades do interior. O Centro-Oeste, por outro lado, apresentou pequena diminui\u00e7\u00e3o na propor\u00e7\u00e3o, passando de 38,8% para 37,9%.<\/p>\n<p>Leia mais<\/p>\n<p><a href=\"https:\/\/redenoticiaz.com.br\/blog\/2024\/01\/13\/dentista-explica-como-manter-rotina-de-saude-bucal-das-criancas-durante-o-periodo-de-ferias\">Dentista explica como manter rotina de sa\u00fade bucal das crian\u00e7as durante o per\u00edodo de f\u00e9rias<\/a><\/p>\n<p><a href=\"https:\/\/redenoticiaz.com.br\/blog\/2022\/09\/05\/acoes-preventivas-de-saude-bucal-atingem-mais-de-15-mil-estudantes\">1\u00ba Encontro Regional de Coordenadores de Sa\u00fade Bucal \u00e9 realizado em Itupeva<\/a><\/p>\n","protected":false},"excerpt":{"rendered":"<p>O Brasil registra atualmente cerca de 45% de cobertura em sa\u00fade bucal. A meta do governo federal \u00e9 alcan\u00e7ar pelo menos 70%. Os \u00edndices foram divulgados nesta quinta-feira (13) pela ministra da Sa\u00fade, N\u00edsia Trindade, durante evento em comemora\u00e7\u00e3o aos 20 anos da Pol\u00edtica Nacional de Sa\u00fade Bucal, em Bras\u00edlia. \u201cDesde o ano passado, a &hellip;<\/p>\n","protected":false},"author":12,"featured_media":0,"comment_status":"open","ping_status":"closed","sticky":false,"template":"","format":"standard","meta":{"footnotes":""},"categories":[23],"tags":[67505,68374,50515],"class_list":["post-116706","post","type-post","status-publish","format-standard","hentry","category-saude","tag-boca","tag-dentistas","tag-saude-bucal"],"yoast_head":"<!-- This site is optimized with the Yoast SEO plugin v27.4 - https:\/\/yoast.com\/product\/yoast-seo-wordpress\/ -->\n<title>Brasil tem 45% de cobertura em sa\u00fade bucal; meta \u00e9 chegar a 70% - Litoral SP<\/title>\n<meta name=\"description\" content=\"O Brasil registra atualmente cerca de 45% de cobertura em sa\u00fade bucal. A meta do governo federal \u00e9 alcan\u00e7ar pelo menos 70%.\" \/>\n<meta name=\"robots\" content=\"index, follow, max-snippet:-1, max-image-preview:large, max-video-preview:-1\" \/>\n<link rel=\"canonical\" href=\"https:\/\/redenoticiaz.com.br\/litoralsp\/2024\/06\/15\/brasil-tem-45-de-cobertura-em-saude-bucal-meta-e-chegar-a-70\" \/>\n<meta property=\"og:locale\" content=\"pt_BR\" \/>\n<meta property=\"og:type\" content=\"article\" \/>\n<meta property=\"og:title\" content=\"Brasil tem 45% de cobertura em sa\u00fade bucal; meta \u00e9 chegar a 70% - Litoral SP\" \/>\n<meta property=\"og:description\" content=\"O Brasil registra atualmente cerca de 45% de cobertura em sa\u00fade bucal. A meta do governo federal \u00e9 alcan\u00e7ar pelo menos 70%.\" \/>\n<meta property=\"og:url\" content=\"https:\/\/redenoticiaz.com.br\/litoralsp\/2024\/06\/15\/brasil-tem-45-de-cobertura-em-saude-bucal-meta-e-chegar-a-70\" \/>\n<meta property=\"og:site_name\" content=\"Litoral SP\" \/>\n<meta property=\"article:published_time\" content=\"2024-06-15T19:00:26+00:00\" \/>\n<meta property=\"og:image\" content=\"https:\/\/imagens.ebc.com.br\/6sNGrsv53qcrf4HGKeNv7bt9mz4=\/463x0\/smart\/https:\/\/agenciabrasil.ebc.com.br\/sites\/default\/files\/thumbnails\/image\/pzzb1406_0.jpg?itok=jmDkSX7o\" \/>\n<meta name=\"author\" content=\"Gustavo Silva\" \/>\n<meta name=\"twitter:card\" content=\"summary_large_image\" \/>\n<meta name=\"twitter:label1\" content=\"Escrito por\" \/>\n\t<meta name=\"twitter:data1\" content=\"Gustavo Silva\" \/>\n\t<meta name=\"twitter:label2\" content=\"Est. tempo de leitura\" \/>\n\t<meta name=\"twitter:data2\" content=\"2 minutos\" \/>\n<script type=\"application\/ld+json\" class=\"yoast-schema-graph\">{\"@context\":\"https:\\\/\\\/schema.org\",\"@graph\":[{\"@type\":\"Article\",\"@id\":\"https:\\\/\\\/redenoticiaz.com.br\\\/litoralsp\\\/2024\\\/06\\\/15\\\/brasil-tem-45-de-cobertura-em-saude-bucal-meta-e-chegar-a-70#article\",\"isPartOf\":{\"@id\":\"https:\\\/\\\/redenoticiaz.com.br\\\/litoralsp\\\/2024\\\/06\\\/15\\\/brasil-tem-45-de-cobertura-em-saude-bucal-meta-e-chegar-a-70\"},\"author\":{\"name\":\"Gustavo Silva\",\"@id\":\"https:\\\/\\\/redenoticiaz.com.br\\\/litoralsp\\\/#\\\/schema\\\/person\\\/16057b37a3c0ee6b096d7f887c566e2e\"},\"headline\":\"Brasil tem 45% de cobertura em sa\u00fade bucal; meta \u00e9 chegar a 70%\",\"datePublished\":\"2024-06-15T19:00:26+00:00\",\"mainEntityOfPage\":{\"@id\":\"https:\\\/\\\/redenoticiaz.com.br\\\/litoralsp\\\/2024\\\/06\\\/15\\\/brasil-tem-45-de-cobertura-em-saude-bucal-meta-e-chegar-a-70\"},\"wordCount\":352,\"commentCount\":0,\"publisher\":{\"@id\":\"https:\\\/\\\/redenoticiaz.com.br\\\/litoralsp\\\/#organization\"},\"image\":{\"@id\":\"https:\\\/\\\/redenoticiaz.com.br\\\/litoralsp\\\/2024\\\/06\\\/15\\\/brasil-tem-45-de-cobertura-em-saude-bucal-meta-e-chegar-a-70#primaryimage\"},\"thumbnailUrl\":\"https:\\\/\\\/imagens.ebc.com.br\\\/6sNGrsv53qcrf4HGKeNv7bt9mz4=\\\/463x0\\\/smart\\\/https:\\\/\\\/agenciabrasil.ebc.com.br\\\/sites\\\/default\\\/files\\\/thumbnails\\\/image\\\/pzzb1406_0.jpg?itok=jmDkSX7o\",\"keywords\":[\"Boca\",\"dentistas\",\"SA\u00daDE BUCAL\"],\"articleSection\":[\"Sa\u00fade\"],\"inLanguage\":\"pt-BR\",\"potentialAction\":[{\"@type\":\"CommentAction\",\"name\":\"Comment\",\"target\":[\"https:\\\/\\\/redenoticiaz.com.br\\\/litoralsp\\\/2024\\\/06\\\/15\\\/brasil-tem-45-de-cobertura-em-saude-bucal-meta-e-chegar-a-70#respond\"]}]},{\"@type\":\"WebPage\",\"@id\":\"https:\\\/\\\/redenoticiaz.com.br\\\/litoralsp\\\/2024\\\/06\\\/15\\\/brasil-tem-45-de-cobertura-em-saude-bucal-meta-e-chegar-a-70\",\"url\":\"https:\\\/\\\/redenoticiaz.com.br\\\/litoralsp\\\/2024\\\/06\\\/15\\\/brasil-tem-45-de-cobertura-em-saude-bucal-meta-e-chegar-a-70\",\"name\":\"Brasil tem 45% de cobertura em sa\u00fade bucal; meta \u00e9 chegar a 70% - Litoral SP\",\"isPartOf\":{\"@id\":\"https:\\\/\\\/redenoticiaz.com.br\\\/litoralsp\\\/#website\"},\"primaryImageOfPage\":{\"@id\":\"https:\\\/\\\/redenoticiaz.com.br\\\/litoralsp\\\/2024\\\/06\\\/15\\\/brasil-tem-45-de-cobertura-em-saude-bucal-meta-e-chegar-a-70#primaryimage\"},\"image\":{\"@id\":\"https:\\\/\\\/redenoticiaz.com.br\\\/litoralsp\\\/2024\\\/06\\\/15\\\/brasil-tem-45-de-cobertura-em-saude-bucal-meta-e-chegar-a-70#primaryimage\"},\"thumbnailUrl\":\"https:\\\/\\\/imagens.ebc.com.br\\\/6sNGrsv53qcrf4HGKeNv7bt9mz4=\\\/463x0\\\/smart\\\/https:\\\/\\\/agenciabrasil.ebc.com.br\\\/sites\\\/default\\\/files\\\/thumbnails\\\/image\\\/pzzb1406_0.jpg?itok=jmDkSX7o\",\"datePublished\":\"2024-06-15T19:00:26+00:00\",\"description\":\"O Brasil registra atualmente cerca de 45% de cobertura em sa\u00fade bucal. A meta do governo federal \u00e9 alcan\u00e7ar pelo menos 70%.\",\"inLanguage\":\"pt-BR\",\"potentialAction\":[{\"@type\":\"ReadAction\",\"target\":[\"https:\\\/\\\/redenoticiaz.com.br\\\/litoralsp\\\/2024\\\/06\\\/15\\\/brasil-tem-45-de-cobertura-em-saude-bucal-meta-e-chegar-a-70\"]}]},{\"@type\":\"ImageObject\",\"inLanguage\":\"pt-BR\",\"@id\":\"https:\\\/\\\/redenoticiaz.com.br\\\/litoralsp\\\/2024\\\/06\\\/15\\\/brasil-tem-45-de-cobertura-em-saude-bucal-meta-e-chegar-a-70#primaryimage\",\"url\":\"https:\\\/\\\/imagens.ebc.com.br\\\/6sNGrsv53qcrf4HGKeNv7bt9mz4=\\\/463x0\\\/smart\\\/https:\\\/\\\/agenciabrasil.ebc.com.br\\\/sites\\\/default\\\/files\\\/thumbnails\\\/image\\\/pzzb1406_0.jpg?itok=jmDkSX7o\",\"contentUrl\":\"https:\\\/\\\/imagens.ebc.com.br\\\/6sNGrsv53qcrf4HGKeNv7bt9mz4=\\\/463x0\\\/smart\\\/https:\\\/\\\/agenciabrasil.ebc.com.br\\\/sites\\\/default\\\/files\\\/thumbnails\\\/image\\\/pzzb1406_0.jpg?itok=jmDkSX7o\"},{\"@type\":\"WebSite\",\"@id\":\"https:\\\/\\\/redenoticiaz.com.br\\\/litoralsp\\\/#website\",\"url\":\"https:\\\/\\\/redenoticiaz.com.br\\\/litoralsp\\\/\",\"name\":\"Litoral SP\",\"description\":\"Rede NoticiaZ\",\"publisher\":{\"@id\":\"https:\\\/\\\/redenoticiaz.com.br\\\/litoralsp\\\/#organization\"},\"potentialAction\":[{\"@type\":\"SearchAction\",\"target\":{\"@type\":\"EntryPoint\",\"urlTemplate\":\"https:\\\/\\\/redenoticiaz.com.br\\\/litoralsp\\\/?s={search_term_string}\"},\"query-input\":{\"@type\":\"PropertyValueSpecification\",\"valueRequired\":true,\"valueName\":\"search_term_string\"}}],\"inLanguage\":\"pt-BR\"},{\"@type\":\"Organization\",\"@id\":\"https:\\\/\\\/redenoticiaz.com.br\\\/litoralsp\\\/#organization\",\"name\":\"Litoral SP\",\"url\":\"https:\\\/\\\/redenoticiaz.com.br\\\/litoralsp\\\/\",\"logo\":{\"@type\":\"ImageObject\",\"inLanguage\":\"pt-BR\",\"@id\":\"https:\\\/\\\/redenoticiaz.com.br\\\/litoralsp\\\/#\\\/schema\\\/logo\\\/image\\\/\",\"url\":\"https:\\\/\\\/redenoticiaz.com.br\\\/litoralsp\\\/wp-content\\\/uploads\\\/sites\\\/3\\\/2020\\\/11\\\/logo.jpg\",\"contentUrl\":\"https:\\\/\\\/redenoticiaz.com.br\\\/litoralsp\\\/wp-content\\\/uploads\\\/sites\\\/3\\\/2020\\\/11\\\/logo.jpg\",\"width\":400,\"height\":250,\"caption\":\"Litoral SP\"},\"image\":{\"@id\":\"https:\\\/\\\/redenoticiaz.com.br\\\/litoralsp\\\/#\\\/schema\\\/logo\\\/image\\\/\"}},{\"@type\":\"Person\",\"@id\":\"https:\\\/\\\/redenoticiaz.com.br\\\/litoralsp\\\/#\\\/schema\\\/person\\\/16057b37a3c0ee6b096d7f887c566e2e\",\"name\":\"Gustavo Silva\",\"image\":{\"@type\":\"ImageObject\",\"inLanguage\":\"pt-BR\",\"@id\":\"https:\\\/\\\/secure.gravatar.com\\\/avatar\\\/3ee4e82f93b26de0a7cf4ea5eb7893da637ed6bb0c9170c58065944c56e28a33?s=96&d=mm&r=g\",\"url\":\"https:\\\/\\\/secure.gravatar.com\\\/avatar\\\/3ee4e82f93b26de0a7cf4ea5eb7893da637ed6bb0c9170c58065944c56e28a33?s=96&d=mm&r=g\",\"contentUrl\":\"https:\\\/\\\/secure.gravatar.com\\\/avatar\\\/3ee4e82f93b26de0a7cf4ea5eb7893da637ed6bb0c9170c58065944c56e28a33?s=96&d=mm&r=g\",\"caption\":\"Gustavo Silva\"},\"url\":\"https:\\\/\\\/redenoticiaz.com.br\\\/litoralsp\\\/author\\\/gustavosilva\"}]}<\/script>\n<!-- \/ Yoast SEO plugin. -->","yoast_head_json":{"title":"Brasil tem 45% de cobertura em sa\u00fade bucal; meta \u00e9 chegar a 70% - Litoral SP","description":"O Brasil registra atualmente cerca de 45% de cobertura em sa\u00fade bucal. A meta do governo federal \u00e9 alcan\u00e7ar pelo menos 70%.","robots":{"index":"index","follow":"follow","max-snippet":"max-snippet:-1","max-image-preview":"max-image-preview:large","max-video-preview":"max-video-preview:-1"},"canonical":"https:\/\/redenoticiaz.com.br\/litoralsp\/2024\/06\/15\/brasil-tem-45-de-cobertura-em-saude-bucal-meta-e-chegar-a-70","og_locale":"pt_BR","og_type":"article","og_title":"Brasil tem 45% de cobertura em sa\u00fade bucal; meta \u00e9 chegar a 70% - Litoral SP","og_description":"O Brasil registra atualmente cerca de 45% de cobertura em sa\u00fade bucal. A meta do governo federal \u00e9 alcan\u00e7ar pelo menos 70%.","og_url":"https:\/\/redenoticiaz.com.br\/litoralsp\/2024\/06\/15\/brasil-tem-45-de-cobertura-em-saude-bucal-meta-e-chegar-a-70","og_site_name":"Litoral SP","article_published_time":"2024-06-15T19:00:26+00:00","og_image":[{"url":"https:\/\/imagens.ebc.com.br\/6sNGrsv53qcrf4HGKeNv7bt9mz4=\/463x0\/smart\/https:\/\/agenciabrasil.ebc.com.br\/sites\/default\/files\/thumbnails\/image\/pzzb1406_0.jpg?itok=jmDkSX7o","type":"","width":"","height":""}],"author":"Gustavo Silva","twitter_card":"summary_large_image","twitter_misc":{"Escrito por":"Gustavo Silva","Est. tempo de leitura":"2 minutos"},"schema":{"@context":"https:\/\/schema.org","@graph":[{"@type":"Article","@id":"https:\/\/redenoticiaz.com.br\/litoralsp\/2024\/06\/15\/brasil-tem-45-de-cobertura-em-saude-bucal-meta-e-chegar-a-70#article","isPartOf":{"@id":"https:\/\/redenoticiaz.com.br\/litoralsp\/2024\/06\/15\/brasil-tem-45-de-cobertura-em-saude-bucal-meta-e-chegar-a-70"},"author":{"name":"Gustavo Silva","@id":"https:\/\/redenoticiaz.com.br\/litoralsp\/#\/schema\/person\/16057b37a3c0ee6b096d7f887c566e2e"},"headline":"Brasil tem 45% de cobertura em sa\u00fade bucal; meta \u00e9 chegar a 70%","datePublished":"2024-06-15T19:00:26+00:00","mainEntityOfPage":{"@id":"https:\/\/redenoticiaz.com.br\/litoralsp\/2024\/06\/15\/brasil-tem-45-de-cobertura-em-saude-bucal-meta-e-chegar-a-70"},"wordCount":352,"commentCount":0,"publisher":{"@id":"https:\/\/redenoticiaz.com.br\/litoralsp\/#organization"},"image":{"@id":"https:\/\/redenoticiaz.com.br\/litoralsp\/2024\/06\/15\/brasil-tem-45-de-cobertura-em-saude-bucal-meta-e-chegar-a-70#primaryimage"},"thumbnailUrl":"https:\/\/imagens.ebc.com.br\/6sNGrsv53qcrf4HGKeNv7bt9mz4=\/463x0\/smart\/https:\/\/agenciabrasil.ebc.com.br\/sites\/default\/files\/thumbnails\/image\/pzzb1406_0.jpg?itok=jmDkSX7o","keywords":["Boca","dentistas","SA\u00daDE BUCAL"],"articleSection":["Sa\u00fade"],"inLanguage":"pt-BR","potentialAction":[{"@type":"CommentAction","name":"Comment","target":["https:\/\/redenoticiaz.com.br\/litoralsp\/2024\/06\/15\/brasil-tem-45-de-cobertura-em-saude-bucal-meta-e-chegar-a-70#respond"]}]},{"@type":"WebPage","@id":"https:\/\/redenoticiaz.com.br\/litoralsp\/2024\/06\/15\/brasil-tem-45-de-cobertura-em-saude-bucal-meta-e-chegar-a-70","url":"https:\/\/redenoticiaz.com.br\/litoralsp\/2024\/06\/15\/brasil-tem-45-de-cobertura-em-saude-bucal-meta-e-chegar-a-70","name":"Brasil tem 45% de cobertura em sa\u00fade bucal; meta \u00e9 chegar a 70% - Litoral SP","isPartOf":{"@id":"https:\/\/redenoticiaz.com.br\/litoralsp\/#website"},"primaryImageOfPage":{"@id":"https:\/\/redenoticiaz.com.br\/litoralsp\/2024\/06\/15\/brasil-tem-45-de-cobertura-em-saude-bucal-meta-e-chegar-a-70#primaryimage"},"image":{"@id":"https:\/\/redenoticiaz.com.br\/litoralsp\/2024\/06\/15\/brasil-tem-45-de-cobertura-em-saude-bucal-meta-e-chegar-a-70#primaryimage"},"thumbnailUrl":"https:\/\/imagens.ebc.com.br\/6sNGrsv53qcrf4HGKeNv7bt9mz4=\/463x0\/smart\/https:\/\/agenciabrasil.ebc.com.br\/sites\/default\/files\/thumbnails\/image\/pzzb1406_0.jpg?itok=jmDkSX7o","datePublished":"2024-06-15T19:00:26+00:00","description":"O Brasil registra atualmente cerca de 45% de cobertura em sa\u00fade bucal. A meta do governo federal \u00e9 alcan\u00e7ar pelo menos 70%.","inLanguage":"pt-BR","potentialAction":[{"@type":"ReadAction","target":["https:\/\/redenoticiaz.com.br\/litoralsp\/2024\/06\/15\/brasil-tem-45-de-cobertura-em-saude-bucal-meta-e-chegar-a-70"]}]},{"@type":"ImageObject","inLanguage":"pt-BR","@id":"https:\/\/redenoticiaz.com.br\/litoralsp\/2024\/06\/15\/brasil-tem-45-de-cobertura-em-saude-bucal-meta-e-chegar-a-70#primaryimage","url":"https:\/\/imagens.ebc.com.br\/6sNGrsv53qcrf4HGKeNv7bt9mz4=\/463x0\/smart\/https:\/\/agenciabrasil.ebc.com.br\/sites\/default\/files\/thumbnails\/image\/pzzb1406_0.jpg?itok=jmDkSX7o","contentUrl":"https:\/\/imagens.ebc.com.br\/6sNGrsv53qcrf4HGKeNv7bt9mz4=\/463x0\/smart\/https:\/\/agenciabrasil.ebc.com.br\/sites\/default\/files\/thumbnails\/image\/pzzb1406_0.jpg?itok=jmDkSX7o"},{"@type":"WebSite","@id":"https:\/\/redenoticiaz.com.br\/litoralsp\/#website","url":"https:\/\/redenoticiaz.com.br\/litoralsp\/","name":"Litoral SP","description":"Rede NoticiaZ","publisher":{"@id":"https:\/\/redenoticiaz.com.br\/litoralsp\/#organization"},"potentialAction":[{"@type":"SearchAction","target":{"@type":"EntryPoint","urlTemplate":"https:\/\/redenoticiaz.com.br\/litoralsp\/?s={search_term_string}"},"query-input":{"@type":"PropertyValueSpecification","valueRequired":true,"valueName":"search_term_string"}}],"inLanguage":"pt-BR"},{"@type":"Organization","@id":"https:\/\/redenoticiaz.com.br\/litoralsp\/#organization","name":"Litoral SP","url":"https:\/\/redenoticiaz.com.br\/litoralsp\/","logo":{"@type":"ImageObject","inLanguage":"pt-BR","@id":"https:\/\/redenoticiaz.com.br\/litoralsp\/#\/schema\/logo\/image\/","url":"https:\/\/redenoticiaz.com.br\/litoralsp\/wp-content\/uploads\/sites\/3\/2020\/11\/logo.jpg","contentUrl":"https:\/\/redenoticiaz.com.br\/litoralsp\/wp-content\/uploads\/sites\/3\/2020\/11\/logo.jpg","width":400,"height":250,"caption":"Litoral SP"},"image":{"@id":"https:\/\/redenoticiaz.com.br\/litoralsp\/#\/schema\/logo\/image\/"}},{"@type":"Person","@id":"https:\/\/redenoticiaz.com.br\/litoralsp\/#\/schema\/person\/16057b37a3c0ee6b096d7f887c566e2e","name":"Gustavo Silva","image":{"@type":"ImageObject","inLanguage":"pt-BR","@id":"https:\/\/secure.gravatar.com\/avatar\/3ee4e82f93b26de0a7cf4ea5eb7893da637ed6bb0c9170c58065944c56e28a33?s=96&d=mm&r=g","url":"https:\/\/secure.gravatar.com\/avatar\/3ee4e82f93b26de0a7cf4ea5eb7893da637ed6bb0c9170c58065944c56e28a33?s=96&d=mm&r=g","contentUrl":"https:\/\/secure.gravatar.com\/avatar\/3ee4e82f93b26de0a7cf4ea5eb7893da637ed6bb0c9170c58065944c56e28a33?s=96&d=mm&r=g","caption":"Gustavo Silva"},"url":"https:\/\/redenoticiaz.com.br\/litoralsp\/author\/gustavosilva"}]}},"_links":{"self":[{"href":"https:\/\/redenoticiaz.com.br\/litoralsp\/wp-json\/wp\/v2\/posts\/116706","targetHints":{"allow":["GET"]}}],"collection":[{"href":"https:\/\/redenoticiaz.com.br\/litoralsp\/wp-json\/wp\/v2\/posts"}],"about":[{"href":"https:\/\/redenoticiaz.com.br\/litoralsp\/wp-json\/wp\/v2\/types\/post"}],"author":[{"embeddable":true,"href":"https:\/\/redenoticiaz.com.br\/litoralsp\/wp-json\/wp\/v2\/users\/12"}],"replies":[{"embeddable":true,"href":"https:\/\/redenoticiaz.com.br\/litoralsp\/wp-json\/wp\/v2\/comments?post=116706"}],"version-history":[{"count":1,"href":"https:\/\/redenoticiaz.com.br\/litoralsp\/wp-json\/wp\/v2\/posts\/116706\/revisions"}],"predecessor-version":[{"id":116746,"href":"https:\/\/redenoticiaz.com.br\/litoralsp\/wp-json\/wp\/v2\/posts\/116706\/revisions\/116746"}],"wp:attachment":[{"href":"https:\/\/redenoticiaz.com.br\/litoralsp\/wp-json\/wp\/v2\/media?parent=116706"}],"wp:term":[{"taxonomy":"category","embeddable":true,"href":"https:\/\/redenoticiaz.com.br\/litoralsp\/wp-json\/wp\/v2\/categories?post=116706"},{"taxonomy":"post_tag","embeddable":true,"href":"https:\/\/redenoticiaz.com.br\/litoralsp\/wp-json\/wp\/v2\/tags?post=116706"}],"curies":[{"name":"wp","href":"https:\/\/api.w.org\/{rel}","templated":true}]}}