{"id":116713,"date":"2024-06-13T19:00:52","date_gmt":"2024-06-13T22:00:52","guid":{"rendered":"https:\/\/redenoticiaz.com.br\/litoralsp\/?p=116713"},"modified":"2024-06-13T16:28:58","modified_gmt":"2024-06-13T19:28:58","slug":"rosana-valle-supera-paulo-alexandre-na-disputa-pela-prefeitura-de-santos","status":"publish","type":"post","link":"https:\/\/redenoticiaz.com.br\/litoralsp\/2024\/06\/13\/rosana-valle-supera-paulo-alexandre-na-disputa-pela-prefeitura-de-santos","title":{"rendered":"Rosana Valle supera Paulo Alexandre na disputa pela Prefeitura de Santos"},"content":{"rendered":"<p>Em pesquisa divulgada pelo Instituto Paran\u00e1 nesta quinta-feira (13), deputada federal do PL desbanca numericamente todos os advers\u00e1rios, incluindo o atual prefeito, do Republicanos<\/p>\n<p>Levantamento divulgado h\u00e1 poucas horas pelo Instituto Paran\u00e1 Pesquisas mostra que a corrida eleitoral para a Prefeitura de Santos-SP j\u00e1 tem um cen\u00e1rio mais estabilizado, com a deputada federal Rosana Valle (PL-SP) \u00e0 frente do atual mandat\u00e1rio, Rog\u00e9rio Santos (Republicanos), e, tamb\u00e9m, numericamente \u00e0 frente do deputado federal e ex-prefeito Paulo Alexandre Barbosa (PSDB). No cen\u00e1rio estimulado, a bolsonarista abre 14,1 pontos percentuais de diferen\u00e7a sobre Rog\u00e9rio &#8211; 39,9% a 25,8% -, e 0,5 ponto sobre o tucano &#8211; 26% a 25,5%.<\/p>\n<p>No recorte espont\u00e2neo, quando os eleitores apontam suas prefer\u00eancias sem alternativa de resposta, Rosana lidera o cen\u00e1rio com 10,8% das inten\u00e7\u00f5es de voto, seguida do atual mandat\u00e1rio, com 7%, e de Paulo Alexandre, com 6,5%. A vereadora Telma de Souza (PT) aparece com 3,9% da prefer\u00eancia dos santistas.<\/p>\n<p>O estudo do Paran\u00e1 Pesquisas mostra, ainda, que, em pouco mais de um m\u00eas, Rosana abriu quase 2 pontos percentuais de vantagem sobre o atual prefeito. Rog\u00e9rio, por sua vez, recuou 1,3 ponto percentual, no per\u00edodo.<\/p>\n<p>J\u00e1 em compara\u00e7\u00e3o com Paulo Alexandre, a congressista avan\u00e7ou 3 pontos percentuais no recorte mensal, enquanto o tucano retrocedeu 4,3 pontos na prefer\u00eancia dos santistas.<\/p>\n<p>De acordo com Rosana, o levantamento do Paran\u00e1 Pesquisas consolida o desejo de mudan\u00e7a da popula\u00e7\u00e3o:<\/p>\n<p>\u201cO PL tem um projeto estruturado para o desenvolvimento de Santos, que inclui uma gest\u00e3o eficiente, o enfrentamento de problemas cr\u00f4nicos na Sa\u00fade, na Seguran\u00e7a P\u00fablica e na Mobilidade Urbana. Fico honrada pela lembran\u00e7a dos eleitores que acreditam em meu trabalho, que \u00e9 pautado por um mandato transparente, austero e de bra\u00e7os dados com a realidade e as necessidades dos santistas\u201d, argumenta a pr\u00e9-candidata a prefeita pelo PL.<\/p>\n<p><img loading=\"lazy\" decoding=\"async\" class=\"aligncenter wp-image-116714 size-large\" src=\"https:\/\/redenoticiaz.com.br\/litoralsp\/wp-content\/uploads\/sites\/3\/2024\/06\/WhatsApp-Image-2024-06-13-at-14.21.41-1024x1024.jpeg\" alt=\"\" width=\"1024\" height=\"1024\" srcset=\"https:\/\/redenoticiaz.com.br\/litoralsp\/wp-content\/uploads\/sites\/3\/2024\/06\/WhatsApp-Image-2024-06-13-at-14.21.41-1024x1024.jpeg 1024w, https:\/\/redenoticiaz.com.br\/litoralsp\/wp-content\/uploads\/sites\/3\/2024\/06\/WhatsApp-Image-2024-06-13-at-14.21.41-300x300.jpeg 300w, https:\/\/redenoticiaz.com.br\/litoralsp\/wp-content\/uploads\/sites\/3\/2024\/06\/WhatsApp-Image-2024-06-13-at-14.21.41-150x150.jpeg 150w, https:\/\/redenoticiaz.com.br\/litoralsp\/wp-content\/uploads\/sites\/3\/2024\/06\/WhatsApp-Image-2024-06-13-at-14.21.41-768x768.jpeg 768w, https:\/\/redenoticiaz.com.br\/litoralsp\/wp-content\/uploads\/sites\/3\/2024\/06\/WhatsApp-Image-2024-06-13-at-14.21.41.jpeg 1080w\" sizes=\"auto, (max-width: 1024px) 100vw, 1024px\" \/><\/p>\n<h2>Apoio<\/h2>\n<p>O Paran\u00e1 Pesquisas tamb\u00e9m questionou os santistas sobre o impacto dos apoios dos pr\u00e9-candidatos \u00e0 Prefeitura. Um total de 67,7% afirmou que votaria na indica\u00e7\u00e3o do governador de S\u00e3o Paulo, Tarc\u00edsio Gomes de Freitas (Republicanos), enquanto 50% dos entrevistados optaria pelo nome apoiado pelo ex-presidente da Rep\u00fablica Jair Bolsonaro (PL).<\/p>\n<p>Presidente da Executiva Estadual do PL Mulher de S\u00e3o Paulo, Rosana conta com o aval de Bolsonaro, que j\u00e1 sinalizou, inclusive, publicamente, que Tarc\u00edsio deve integrar o grupo pol\u00edtico de apoio \u00e0 pr\u00e9-candidatura de Rosana, em Santos:<\/p>\n<p>\u201cEstamos confiantes que o governador Tarc\u00edsio (Gomes de Freitas) venha somar ao nosso projeto. Com isso, daremos continuidade a uma parceria que j\u00e1 vem dando certo. Como deputada federal, consegui com o Estado milh\u00f5es em recursos para a Sa\u00fade, para a Infraestrutura e para o combate ao crime organizado em Santos e regi\u00e3o. Essa parceria tem de continuar\u201d, reitera a bolsonarista.<\/p>\n<h3>Metodologia<\/h3>\n<p>O levantamento do Instituto Paran\u00e1 foi realizado de forma presencial, entre os dias 7 e 12 de junho. O grau de confian\u00e7a da pesquisa \u00e9 de 95% e a margem de erro \u00e9 de 3,5 pontos para mais ou para menos. O estudo est\u00e1 registrado no Tribunal Superior Eleitoral (TSE) sob o n\u00b0 SP-07772\/2024.<\/p>\n<p>Leia mais<\/p>\n<p><a href=\"https:\/\/redenoticiaz.com.br\/litoralsp\/2024\/06\/13\/cantor-nahim-e-encontrado-morto-apos-cair-de-escada\">Cantor Nahim \u00e9 encontrado morto ap\u00f3s cair de escada<\/a><\/p>\n<p><a href=\"https:\/\/redenoticiaz.com.br\/litoralsp\/2024\/03\/14\/com-361-rosana-valle-abre-91-pontos-de-vantagem-sobre-atual-prefeito-de-santos\">Com 36,1%, Rosana Valle abre 9,1 pontos de vantagem sobre atual prefeito de Santos<\/a><\/p>\n","protected":false},"excerpt":{"rendered":"<p>Em pesquisa divulgada pelo Instituto Paran\u00e1 nesta quinta-feira (13), deputada federal do PL desbanca numericamente todos os advers\u00e1rios, incluindo o atual prefeito, do Republicanos Levantamento divulgado h\u00e1 poucas horas pelo Instituto Paran\u00e1 Pesquisas mostra que a corrida eleitoral para a Prefeitura de Santos-SP j\u00e1 tem um cen\u00e1rio mais estabilizado, com a deputada federal Rosana Valle &hellip;<\/p>\n","protected":false},"author":12,"featured_media":110968,"comment_status":"open","ping_status":"closed","sticky":false,"template":"","format":"standard","meta":{"footnotes":""},"categories":[1],"tags":[988,3631,986],"class_list":["post-116713","post","type-post","status-publish","format-standard","has-post-thumbnail","hentry","category-sem","tag-prefeitura","tag-rosana-valle","tag-santos"],"yoast_head":"<!-- This site is optimized with the Yoast SEO plugin v27.5 - https:\/\/yoast.com\/product\/yoast-seo-wordpress\/ -->\n<title>Rosana Valle supera Paulo Alexandre na disputa pela Prefeitura de Santos - Litoral SP<\/title>\n<meta name=\"description\" content=\"Em pesquisa divulgada pelo Instituto Paran\u00e1 nesta quinta-feira (13), deputada federal do PL desbanca numericamente todos os advers\u00e1rios, incluindo o atual prefeito, do Republicanos\" \/>\n<meta name=\"robots\" content=\"index, follow, max-snippet:-1, max-image-preview:large, max-video-preview:-1\" \/>\n<link rel=\"canonical\" href=\"https:\/\/redenoticiaz.com.br\/litoralsp\/2024\/06\/13\/rosana-valle-supera-paulo-alexandre-na-disputa-pela-prefeitura-de-santos\" \/>\n<meta property=\"og:locale\" content=\"pt_BR\" \/>\n<meta property=\"og:type\" content=\"article\" \/>\n<meta property=\"og:title\" content=\"Rosana Valle supera Paulo Alexandre na disputa pela Prefeitura de Santos - Litoral SP\" \/>\n<meta property=\"og:description\" content=\"Em pesquisa divulgada pelo Instituto Paran\u00e1 nesta quinta-feira (13), deputada federal do PL desbanca numericamente todos os advers\u00e1rios, incluindo o atual prefeito, do Republicanos\" \/>\n<meta property=\"og:url\" content=\"https:\/\/redenoticiaz.com.br\/litoralsp\/2024\/06\/13\/rosana-valle-supera-paulo-alexandre-na-disputa-pela-prefeitura-de-santos\" \/>\n<meta property=\"og:site_name\" content=\"Litoral SP\" \/>\n<meta property=\"article:published_time\" content=\"2024-06-13T22:00:52+00:00\" \/>\n<meta property=\"og:image\" content=\"https:\/\/redenoticiaz.com.br\/litoralsp\/wp-content\/uploads\/sites\/3\/2023\/09\/Imagem-do-WhatsApp-de-2023-09-27-as-15.35.47-e1695913594261.jpg\" \/>\n\t<meta property=\"og:image:width\" content=\"809\" \/>\n\t<meta property=\"og:image:height\" content=\"674\" \/>\n\t<meta property=\"og:image:type\" content=\"image\/jpeg\" \/>\n<meta name=\"author\" content=\"Gustavo Silva\" \/>\n<meta name=\"twitter:card\" content=\"summary_large_image\" \/>\n<meta name=\"twitter:label1\" content=\"Escrito por\" \/>\n\t<meta name=\"twitter:data1\" content=\"Gustavo Silva\" \/>\n\t<meta name=\"twitter:label2\" content=\"Est. tempo de leitura\" \/>\n\t<meta name=\"twitter:data2\" content=\"4 minutos\" \/>\n<script type=\"application\/ld+json\" class=\"yoast-schema-graph\">{\"@context\":\"https:\\\/\\\/schema.org\",\"@graph\":[{\"@type\":\"Article\",\"@id\":\"https:\\\/\\\/redenoticiaz.com.br\\\/litoralsp\\\/2024\\\/06\\\/13\\\/rosana-valle-supera-paulo-alexandre-na-disputa-pela-prefeitura-de-santos#article\",\"isPartOf\":{\"@id\":\"https:\\\/\\\/redenoticiaz.com.br\\\/litoralsp\\\/2024\\\/06\\\/13\\\/rosana-valle-supera-paulo-alexandre-na-disputa-pela-prefeitura-de-santos\"},\"author\":{\"name\":\"Gustavo Silva\",\"@id\":\"https:\\\/\\\/redenoticiaz.com.br\\\/litoralsp\\\/#\\\/schema\\\/person\\\/16057b37a3c0ee6b096d7f887c566e2e\"},\"headline\":\"Rosana Valle supera Paulo Alexandre na disputa pela Prefeitura de Santos\",\"datePublished\":\"2024-06-13T22:00:52+00:00\",\"mainEntityOfPage\":{\"@id\":\"https:\\\/\\\/redenoticiaz.com.br\\\/litoralsp\\\/2024\\\/06\\\/13\\\/rosana-valle-supera-paulo-alexandre-na-disputa-pela-prefeitura-de-santos\"},\"wordCount\":554,\"commentCount\":0,\"publisher\":{\"@id\":\"https:\\\/\\\/redenoticiaz.com.br\\\/litoralsp\\\/#organization\"},\"image\":{\"@id\":\"https:\\\/\\\/redenoticiaz.com.br\\\/litoralsp\\\/2024\\\/06\\\/13\\\/rosana-valle-supera-paulo-alexandre-na-disputa-pela-prefeitura-de-santos#primaryimage\"},\"thumbnailUrl\":\"https:\\\/\\\/redenoticiaz.com.br\\\/litoralsp\\\/wp-content\\\/uploads\\\/sites\\\/3\\\/2023\\\/09\\\/Imagem-do-WhatsApp-de-2023-09-27-as-15.35.47-e1695913594261.jpg\",\"keywords\":[\"PREFEITURA\",\"ROSANA VALLE\",\"Santos\"],\"articleSection\":[\"sem\"],\"inLanguage\":\"pt-BR\",\"potentialAction\":[{\"@type\":\"CommentAction\",\"name\":\"Comment\",\"target\":[\"https:\\\/\\\/redenoticiaz.com.br\\\/litoralsp\\\/2024\\\/06\\\/13\\\/rosana-valle-supera-paulo-alexandre-na-disputa-pela-prefeitura-de-santos#respond\"]}]},{\"@type\":\"WebPage\",\"@id\":\"https:\\\/\\\/redenoticiaz.com.br\\\/litoralsp\\\/2024\\\/06\\\/13\\\/rosana-valle-supera-paulo-alexandre-na-disputa-pela-prefeitura-de-santos\",\"url\":\"https:\\\/\\\/redenoticiaz.com.br\\\/litoralsp\\\/2024\\\/06\\\/13\\\/rosana-valle-supera-paulo-alexandre-na-disputa-pela-prefeitura-de-santos\",\"name\":\"Rosana Valle supera Paulo Alexandre na disputa pela Prefeitura de Santos - Litoral SP\",\"isPartOf\":{\"@id\":\"https:\\\/\\\/redenoticiaz.com.br\\\/litoralsp\\\/#website\"},\"primaryImageOfPage\":{\"@id\":\"https:\\\/\\\/redenoticiaz.com.br\\\/litoralsp\\\/2024\\\/06\\\/13\\\/rosana-valle-supera-paulo-alexandre-na-disputa-pela-prefeitura-de-santos#primaryimage\"},\"image\":{\"@id\":\"https:\\\/\\\/redenoticiaz.com.br\\\/litoralsp\\\/2024\\\/06\\\/13\\\/rosana-valle-supera-paulo-alexandre-na-disputa-pela-prefeitura-de-santos#primaryimage\"},\"thumbnailUrl\":\"https:\\\/\\\/redenoticiaz.com.br\\\/litoralsp\\\/wp-content\\\/uploads\\\/sites\\\/3\\\/2023\\\/09\\\/Imagem-do-WhatsApp-de-2023-09-27-as-15.35.47-e1695913594261.jpg\",\"datePublished\":\"2024-06-13T22:00:52+00:00\",\"description\":\"Em pesquisa divulgada pelo Instituto Paran\u00e1 nesta quinta-feira (13), deputada federal do PL desbanca numericamente todos os advers\u00e1rios, incluindo o atual prefeito, do Republicanos\",\"inLanguage\":\"pt-BR\",\"potentialAction\":[{\"@type\":\"ReadAction\",\"target\":[\"https:\\\/\\\/redenoticiaz.com.br\\\/litoralsp\\\/2024\\\/06\\\/13\\\/rosana-valle-supera-paulo-alexandre-na-disputa-pela-prefeitura-de-santos\"]}]},{\"@type\":\"ImageObject\",\"inLanguage\":\"pt-BR\",\"@id\":\"https:\\\/\\\/redenoticiaz.com.br\\\/litoralsp\\\/2024\\\/06\\\/13\\\/rosana-valle-supera-paulo-alexandre-na-disputa-pela-prefeitura-de-santos#primaryimage\",\"url\":\"https:\\\/\\\/redenoticiaz.com.br\\\/litoralsp\\\/wp-content\\\/uploads\\\/sites\\\/3\\\/2023\\\/09\\\/Imagem-do-WhatsApp-de-2023-09-27-as-15.35.47-e1695913594261.jpg\",\"contentUrl\":\"https:\\\/\\\/redenoticiaz.com.br\\\/litoralsp\\\/wp-content\\\/uploads\\\/sites\\\/3\\\/2023\\\/09\\\/Imagem-do-WhatsApp-de-2023-09-27-as-15.35.47-e1695913594261.jpg\",\"width\":809,\"height\":674,\"caption\":\"Rosana Valle lidera pesquisa eleitoral em Santos. Cr\u00e9dito: Divulga\u00e7\u00e3o\"},{\"@type\":\"WebSite\",\"@id\":\"https:\\\/\\\/redenoticiaz.com.br\\\/litoralsp\\\/#website\",\"url\":\"https:\\\/\\\/redenoticiaz.com.br\\\/litoralsp\\\/\",\"name\":\"Litoral SP\",\"description\":\"Rede NoticiaZ\",\"publisher\":{\"@id\":\"https:\\\/\\\/redenoticiaz.com.br\\\/litoralsp\\\/#organization\"},\"potentialAction\":[{\"@type\":\"SearchAction\",\"target\":{\"@type\":\"EntryPoint\",\"urlTemplate\":\"https:\\\/\\\/redenoticiaz.com.br\\\/litoralsp\\\/?s={search_term_string}\"},\"query-input\":{\"@type\":\"PropertyValueSpecification\",\"valueRequired\":true,\"valueName\":\"search_term_string\"}}],\"inLanguage\":\"pt-BR\"},{\"@type\":\"Organization\",\"@id\":\"https:\\\/\\\/redenoticiaz.com.br\\\/litoralsp\\\/#organization\",\"name\":\"Litoral SP\",\"url\":\"https:\\\/\\\/redenoticiaz.com.br\\\/litoralsp\\\/\",\"logo\":{\"@type\":\"ImageObject\",\"inLanguage\":\"pt-BR\",\"@id\":\"https:\\\/\\\/redenoticiaz.com.br\\\/litoralsp\\\/#\\\/schema\\\/logo\\\/image\\\/\",\"url\":\"https:\\\/\\\/redenoticiaz.com.br\\\/litoralsp\\\/wp-content\\\/uploads\\\/sites\\\/3\\\/2020\\\/11\\\/logo.jpg\",\"contentUrl\":\"https:\\\/\\\/redenoticiaz.com.br\\\/litoralsp\\\/wp-content\\\/uploads\\\/sites\\\/3\\\/2020\\\/11\\\/logo.jpg\",\"width\":400,\"height\":250,\"caption\":\"Litoral SP\"},\"image\":{\"@id\":\"https:\\\/\\\/redenoticiaz.com.br\\\/litoralsp\\\/#\\\/schema\\\/logo\\\/image\\\/\"}},{\"@type\":\"Person\",\"@id\":\"https:\\\/\\\/redenoticiaz.com.br\\\/litoralsp\\\/#\\\/schema\\\/person\\\/16057b37a3c0ee6b096d7f887c566e2e\",\"name\":\"Gustavo Silva\",\"image\":{\"@type\":\"ImageObject\",\"inLanguage\":\"pt-BR\",\"@id\":\"https:\\\/\\\/secure.gravatar.com\\\/avatar\\\/3ee4e82f93b26de0a7cf4ea5eb7893da637ed6bb0c9170c58065944c56e28a33?s=96&d=mm&r=g\",\"url\":\"https:\\\/\\\/secure.gravatar.com\\\/avatar\\\/3ee4e82f93b26de0a7cf4ea5eb7893da637ed6bb0c9170c58065944c56e28a33?s=96&d=mm&r=g\",\"contentUrl\":\"https:\\\/\\\/secure.gravatar.com\\\/avatar\\\/3ee4e82f93b26de0a7cf4ea5eb7893da637ed6bb0c9170c58065944c56e28a33?s=96&d=mm&r=g\",\"caption\":\"Gustavo Silva\"},\"url\":\"https:\\\/\\\/redenoticiaz.com.br\\\/litoralsp\\\/author\\\/gustavosilva\"}]}<\/script>\n<!-- \/ Yoast SEO plugin. -->","yoast_head_json":{"title":"Rosana Valle supera Paulo Alexandre na disputa pela Prefeitura de Santos - Litoral SP","description":"Em pesquisa divulgada pelo Instituto Paran\u00e1 nesta quinta-feira (13), deputada federal do PL desbanca numericamente todos os advers\u00e1rios, incluindo o atual prefeito, do Republicanos","robots":{"index":"index","follow":"follow","max-snippet":"max-snippet:-1","max-image-preview":"max-image-preview:large","max-video-preview":"max-video-preview:-1"},"canonical":"https:\/\/redenoticiaz.com.br\/litoralsp\/2024\/06\/13\/rosana-valle-supera-paulo-alexandre-na-disputa-pela-prefeitura-de-santos","og_locale":"pt_BR","og_type":"article","og_title":"Rosana Valle supera Paulo Alexandre na disputa pela Prefeitura de Santos - Litoral SP","og_description":"Em pesquisa divulgada pelo Instituto Paran\u00e1 nesta quinta-feira (13), deputada federal do PL desbanca numericamente todos os advers\u00e1rios, incluindo o atual prefeito, do Republicanos","og_url":"https:\/\/redenoticiaz.com.br\/litoralsp\/2024\/06\/13\/rosana-valle-supera-paulo-alexandre-na-disputa-pela-prefeitura-de-santos","og_site_name":"Litoral SP","article_published_time":"2024-06-13T22:00:52+00:00","og_image":[{"width":809,"height":674,"url":"https:\/\/redenoticiaz.com.br\/litoralsp\/wp-content\/uploads\/sites\/3\/2023\/09\/Imagem-do-WhatsApp-de-2023-09-27-as-15.35.47-e1695913594261.jpg","type":"image\/jpeg"}],"author":"Gustavo Silva","twitter_card":"summary_large_image","twitter_misc":{"Escrito por":"Gustavo Silva","Est. tempo de leitura":"4 minutos"},"schema":{"@context":"https:\/\/schema.org","@graph":[{"@type":"Article","@id":"https:\/\/redenoticiaz.com.br\/litoralsp\/2024\/06\/13\/rosana-valle-supera-paulo-alexandre-na-disputa-pela-prefeitura-de-santos#article","isPartOf":{"@id":"https:\/\/redenoticiaz.com.br\/litoralsp\/2024\/06\/13\/rosana-valle-supera-paulo-alexandre-na-disputa-pela-prefeitura-de-santos"},"author":{"name":"Gustavo Silva","@id":"https:\/\/redenoticiaz.com.br\/litoralsp\/#\/schema\/person\/16057b37a3c0ee6b096d7f887c566e2e"},"headline":"Rosana Valle supera Paulo Alexandre na disputa pela Prefeitura de Santos","datePublished":"2024-06-13T22:00:52+00:00","mainEntityOfPage":{"@id":"https:\/\/redenoticiaz.com.br\/litoralsp\/2024\/06\/13\/rosana-valle-supera-paulo-alexandre-na-disputa-pela-prefeitura-de-santos"},"wordCount":554,"commentCount":0,"publisher":{"@id":"https:\/\/redenoticiaz.com.br\/litoralsp\/#organization"},"image":{"@id":"https:\/\/redenoticiaz.com.br\/litoralsp\/2024\/06\/13\/rosana-valle-supera-paulo-alexandre-na-disputa-pela-prefeitura-de-santos#primaryimage"},"thumbnailUrl":"https:\/\/redenoticiaz.com.br\/litoralsp\/wp-content\/uploads\/sites\/3\/2023\/09\/Imagem-do-WhatsApp-de-2023-09-27-as-15.35.47-e1695913594261.jpg","keywords":["PREFEITURA","ROSANA VALLE","Santos"],"articleSection":["sem"],"inLanguage":"pt-BR","potentialAction":[{"@type":"CommentAction","name":"Comment","target":["https:\/\/redenoticiaz.com.br\/litoralsp\/2024\/06\/13\/rosana-valle-supera-paulo-alexandre-na-disputa-pela-prefeitura-de-santos#respond"]}]},{"@type":"WebPage","@id":"https:\/\/redenoticiaz.com.br\/litoralsp\/2024\/06\/13\/rosana-valle-supera-paulo-alexandre-na-disputa-pela-prefeitura-de-santos","url":"https:\/\/redenoticiaz.com.br\/litoralsp\/2024\/06\/13\/rosana-valle-supera-paulo-alexandre-na-disputa-pela-prefeitura-de-santos","name":"Rosana Valle supera Paulo Alexandre na disputa pela Prefeitura de Santos - Litoral SP","isPartOf":{"@id":"https:\/\/redenoticiaz.com.br\/litoralsp\/#website"},"primaryImageOfPage":{"@id":"https:\/\/redenoticiaz.com.br\/litoralsp\/2024\/06\/13\/rosana-valle-supera-paulo-alexandre-na-disputa-pela-prefeitura-de-santos#primaryimage"},"image":{"@id":"https:\/\/redenoticiaz.com.br\/litoralsp\/2024\/06\/13\/rosana-valle-supera-paulo-alexandre-na-disputa-pela-prefeitura-de-santos#primaryimage"},"thumbnailUrl":"https:\/\/redenoticiaz.com.br\/litoralsp\/wp-content\/uploads\/sites\/3\/2023\/09\/Imagem-do-WhatsApp-de-2023-09-27-as-15.35.47-e1695913594261.jpg","datePublished":"2024-06-13T22:00:52+00:00","description":"Em pesquisa divulgada pelo Instituto Paran\u00e1 nesta quinta-feira (13), deputada federal do PL desbanca numericamente todos os advers\u00e1rios, incluindo o atual prefeito, do Republicanos","inLanguage":"pt-BR","potentialAction":[{"@type":"ReadAction","target":["https:\/\/redenoticiaz.com.br\/litoralsp\/2024\/06\/13\/rosana-valle-supera-paulo-alexandre-na-disputa-pela-prefeitura-de-santos"]}]},{"@type":"ImageObject","inLanguage":"pt-BR","@id":"https:\/\/redenoticiaz.com.br\/litoralsp\/2024\/06\/13\/rosana-valle-supera-paulo-alexandre-na-disputa-pela-prefeitura-de-santos#primaryimage","url":"https:\/\/redenoticiaz.com.br\/litoralsp\/wp-content\/uploads\/sites\/3\/2023\/09\/Imagem-do-WhatsApp-de-2023-09-27-as-15.35.47-e1695913594261.jpg","contentUrl":"https:\/\/redenoticiaz.com.br\/litoralsp\/wp-content\/uploads\/sites\/3\/2023\/09\/Imagem-do-WhatsApp-de-2023-09-27-as-15.35.47-e1695913594261.jpg","width":809,"height":674,"caption":"Rosana Valle lidera pesquisa eleitoral em Santos. Cr\u00e9dito: Divulga\u00e7\u00e3o"},{"@type":"WebSite","@id":"https:\/\/redenoticiaz.com.br\/litoralsp\/#website","url":"https:\/\/redenoticiaz.com.br\/litoralsp\/","name":"Litoral SP","description":"Rede NoticiaZ","publisher":{"@id":"https:\/\/redenoticiaz.com.br\/litoralsp\/#organization"},"potentialAction":[{"@type":"SearchAction","target":{"@type":"EntryPoint","urlTemplate":"https:\/\/redenoticiaz.com.br\/litoralsp\/?s={search_term_string}"},"query-input":{"@type":"PropertyValueSpecification","valueRequired":true,"valueName":"search_term_string"}}],"inLanguage":"pt-BR"},{"@type":"Organization","@id":"https:\/\/redenoticiaz.com.br\/litoralsp\/#organization","name":"Litoral SP","url":"https:\/\/redenoticiaz.com.br\/litoralsp\/","logo":{"@type":"ImageObject","inLanguage":"pt-BR","@id":"https:\/\/redenoticiaz.com.br\/litoralsp\/#\/schema\/logo\/image\/","url":"https:\/\/redenoticiaz.com.br\/litoralsp\/wp-content\/uploads\/sites\/3\/2020\/11\/logo.jpg","contentUrl":"https:\/\/redenoticiaz.com.br\/litoralsp\/wp-content\/uploads\/sites\/3\/2020\/11\/logo.jpg","width":400,"height":250,"caption":"Litoral SP"},"image":{"@id":"https:\/\/redenoticiaz.com.br\/litoralsp\/#\/schema\/logo\/image\/"}},{"@type":"Person","@id":"https:\/\/redenoticiaz.com.br\/litoralsp\/#\/schema\/person\/16057b37a3c0ee6b096d7f887c566e2e","name":"Gustavo Silva","image":{"@type":"ImageObject","inLanguage":"pt-BR","@id":"https:\/\/secure.gravatar.com\/avatar\/3ee4e82f93b26de0a7cf4ea5eb7893da637ed6bb0c9170c58065944c56e28a33?s=96&d=mm&r=g","url":"https:\/\/secure.gravatar.com\/avatar\/3ee4e82f93b26de0a7cf4ea5eb7893da637ed6bb0c9170c58065944c56e28a33?s=96&d=mm&r=g","contentUrl":"https:\/\/secure.gravatar.com\/avatar\/3ee4e82f93b26de0a7cf4ea5eb7893da637ed6bb0c9170c58065944c56e28a33?s=96&d=mm&r=g","caption":"Gustavo Silva"},"url":"https:\/\/redenoticiaz.com.br\/litoralsp\/author\/gustavosilva"}]}},"_links":{"self":[{"href":"https:\/\/redenoticiaz.com.br\/litoralsp\/wp-json\/wp\/v2\/posts\/116713","targetHints":{"allow":["GET"]}}],"collection":[{"href":"https:\/\/redenoticiaz.com.br\/litoralsp\/wp-json\/wp\/v2\/posts"}],"about":[{"href":"https:\/\/redenoticiaz.com.br\/litoralsp\/wp-json\/wp\/v2\/types\/post"}],"author":[{"embeddable":true,"href":"https:\/\/redenoticiaz.com.br\/litoralsp\/wp-json\/wp\/v2\/users\/12"}],"replies":[{"embeddable":true,"href":"https:\/\/redenoticiaz.com.br\/litoralsp\/wp-json\/wp\/v2\/comments?post=116713"}],"version-history":[{"count":1,"href":"https:\/\/redenoticiaz.com.br\/litoralsp\/wp-json\/wp\/v2\/posts\/116713\/revisions"}],"predecessor-version":[{"id":116715,"href":"https:\/\/redenoticiaz.com.br\/litoralsp\/wp-json\/wp\/v2\/posts\/116713\/revisions\/116715"}],"wp:featuredmedia":[{"embeddable":true,"href":"https:\/\/redenoticiaz.com.br\/litoralsp\/wp-json\/wp\/v2\/media\/110968"}],"wp:attachment":[{"href":"https:\/\/redenoticiaz.com.br\/litoralsp\/wp-json\/wp\/v2\/media?parent=116713"}],"wp:term":[{"taxonomy":"category","embeddable":true,"href":"https:\/\/redenoticiaz.com.br\/litoralsp\/wp-json\/wp\/v2\/categories?post=116713"},{"taxonomy":"post_tag","embeddable":true,"href":"https:\/\/redenoticiaz.com.br\/litoralsp\/wp-json\/wp\/v2\/tags?post=116713"}],"curies":[{"name":"wp","href":"https:\/\/api.w.org\/{rel}","templated":true}]}}